{"id":74083,"date":"2021-09-10T09:01:08","date_gmt":"2021-09-10T12:01:08","guid":{"rendered":"http:\/\/patagoniambiental.com.ar\/info\/?p=74083"},"modified":"2021-09-10T09:01:12","modified_gmt":"2021-09-10T12:01:12","slug":"una-comunidad-mapuche-propuso-una-aduana-para-permitir-el-ingreso-a-un-territorio-en-disputa-en-neuquen","status":"publish","type":"post","link":"https:\/\/patagoniambiental.com.ar\/info\/una-comunidad-mapuche-propuso-una-aduana-para-permitir-el-ingreso-a-un-territorio-en-disputa-en-neuquen\/","title":{"rendered":"Una comunidad mapuche propuso una \u00abaduana\u00bb para permitir el ingreso a un territorio en disputa en Neuqu\u00e9n"},"content":{"rendered":"\n<!--more-->\n\n\n\n<p>Son los Kaxipayi\u00f1 que piden a Naci\u00f3n y a Provincia que termine con el relevamiento de tierras. A partir del lunes 13, los mapuches anotar\u00e1n a los socios que entren y salgan del lago.<\/p>\n\n\n\n<figure class=\"wp-block-image\"><img decoding=\"async\" src=\"https:\/\/cdn.bariloche2000.com\/uploads\/images\/2021\/09\/494f52ad-f1fd-5b4c-bd9f-6310b058f323_mid.jpg\" alt=\"image\"\/><figcaption>&nbsp;LM Neuqu\u00e9n<\/figcaption><\/figure>\n\n\n\n<p>El conflicto entre los mapuches Kaxipayi\u00f1 y el Club de Caza y Pesca del lago Mari Menuco lleg\u00f3 otra vez a un pico de tensi\u00f3n: integrantes de la comunidad estuvieron apostados en el portal de ingreso de la Ruta Provincial 51 y sostuvieron que a partir del pr\u00f3ximo lunes 13, dejar\u00e1n entrar a los socios \u00abanotando a cada uno\u00bb, en una franja de ingreso al \u00abterritorio ancestral\u00bb que reivindican como propio en el coraz\u00f3n de Vaca Muerta.<\/p>\n\n\n\n<p>\u00abEl d\u00eda 13 de septiembre (un d\u00eda despu\u00e9s de las elecciones PASO) se va poder pasar, pero las personas deben saber que tienen que atravesar unos 800 metros de tierra comunitaria que respetamos.&nbsp;<strong>Se va a poner una barrera para identificar a cada uno de los que ingresen<\/strong>\u00ab, expres\u00f3 a&nbsp;<em>LM Neuqu\u00e9n<\/em>&nbsp;<strong>Jorge Nahuel<\/strong>,&nbsp;<strong>coordinador de la Confederaci\u00f3n Mapuche del Neuqu\u00e9n<\/strong>.<\/p>\n\n\n\n<p>La manifestaci\u00f3n con panfletos gener\u00f3 una r\u00e1pida viralizaci\u00f3n en los grupos de socios del Mari Menuco que no saben con qu\u00e9 situaci\u00f3n se van a encontrar el pr\u00f3ximo lunes.<\/p>\n\n\n\n<p>Por lo pronto, el presidente del Club Mari Menuco,&nbsp;<strong>Roberto Rapaz<\/strong>&nbsp;ten\u00eda en agenda, seg\u00fan expres\u00f3 en su momento, una reuni\u00f3n con el jefe de fiscales de la provincia, Jos\u00e9 Gerez, para abordar el conflicto. Pero los t\u00e9rminos de la reuni\u00f3n para la mediaci\u00f3n a\u00fan no salieron a la luz en estos d\u00edas.<\/p>\n\n\n\n<p>La novedad se conoci\u00f3 por los panfletos que en la tarde de este mi\u00e9rcoles un grupo de personas de la&nbsp;<strong>comunidad Kaxipayi\u00f1<\/strong>&nbsp;reparti\u00f3 a quienes ingresaban y se retiraban de la villa tur\u00edstica<strong>&nbsp;ubicada a 70 kil\u00f3metros al noroeste de la capital neuquina<\/strong>.<\/p>\n\n\n\n<p>El relevamiento territorial, a trav\u00e9s de la Ley 26.160 que fue sancionado en 2006, vence en noviembre de este a\u00f1o. Y&nbsp;<strong>la comunidad teme que si el Gobierno no define qu\u00e9 territorio les corresponde a cada una de las partes, haya un conflicto mayor<\/strong>. Pero no todas las comunidades adoptaron la misma actitud. Los Paynemil (ubicados m\u00e1s al norte de Loma La Lata) ya tienen resuelto el relevamiento.<\/p>\n\n\n\n<p>El tema es pol\u00edtico y reviste mucha complejidad. El gobierno provincial, de acuerdo a la informado por Nahuel, a\u00fan no termina de completar las carpetas t\u00e9cnicas del revelamiento territorial del Instituto Nacional de Asuntos Ind\u00edgenas (INAI), cuya presidenta es la ex legisladora rionegrina Magdalena Odarda.&nbsp;<strong>Son 64 comunidades en Neuqu\u00e9n y el revelamiento completo lo tienen s\u00f3lo 22 comunidades<\/strong>. Los flancos m\u00e1s pol\u00e9micos est\u00e1n en las comunidades de la cordillera, con los desarrollos inmobiliarios, y la zona de A\u00f1elo y Loma La Lata, donde la discusi\u00f3n de las regal\u00edas hidrocarbriferas y la extracci\u00f3n de petr\u00f3leo y gas en Vaca Muerta generan un peso espec\u00edfico dif\u00edcil de resolver ente partes. En medio, est\u00e1 el reclamo mapuche que tiene en discusi\u00f3n unas 200 hect\u00e1reas en la zona Este del portal de ingreso a la villa del lago.<\/p>\n\n\n\n<p><strong>La discusi\u00f3n es sobre esas 200 hect\u00e1reas<\/strong>&nbsp;donde hay un proyecto para hacer una comisar\u00eda, una escuela primaria, un restaurante, una sala de enfermer\u00eda y hasta un puesto de Gendarmer\u00eda; adem\u00e1s de una zona fuelle de forestaci\u00f3n ambiental y una planta de cloacas, proyecto que tiene hace a\u00f1os el Ente Provincial de Agua y Saneamiento (EPAS).<\/p>\n\n\n\n<p>Lo que no est\u00e1 en discusi\u00f3n, de acuerdo a lo que explican los abogados de ambas partes a este \u00abes la urbanizaci\u00f3n de la villa\u00bb que, de acuerdo con lo que ha informado por el Club, hay una escritura de 69 hect\u00e1reas. Hay un consenso en no tocar lo privado existente, que son las mejoras y casas.<\/p>\n\n\n\n<p><em>\u00abEsta acci\u00f3n responde a un permanente ninguneo que viene planteando el conflicto desde hace d\u00e9cadas,<strong>&nbsp;las tierras inundadas eran tierras de pastoreo de gruesas familias mapuches<\/strong>, de la comunidad Kaxipayi\u00f1 y cuando fueron inundadas fueron reducidas. fue ah\u00ed donde empez\u00f3 la discusi\u00f3n de los limites\u00bb<\/em>, indic\u00f3 Nahuel.<\/p>\n\n\n\n<p>El referente de las comunidades expres\u00f3 adem\u00e1s que \u00abno hay voluntad pol\u00edtica de resolver el conflicto\u00bb.<em>&nbsp;\u00abNo se completa porque no hay voluntad pol\u00edtica, tuvo s\u00f3lo una aplicaci\u00f3n de dos a\u00f1os en 2013 y 2014 (pleno gobierno de Cristina Fern\u00e1ndez) y alcanzaron a relevar una tercera parte de las comunidades\u00bb<\/em>.<\/p>\n\n\n\n<p><em>\u00abLa provincia se hace la distra\u00edda. Estamos desilusionados con los dos gobiernos, nacional (de Alberto Fern\u00e1ndez) y provincial; y&nbsp;<strong>en noviembre de este a\u00f1o finaliza la ley y si el Congreso no renueva podr\u00eda haber conflicto<\/strong>\u00ab<\/em>, indic\u00f3 Nahuel.<\/p>\n\n\n\n<p><strong>La versi\u00f3n oficial<\/strong><\/p>\n\n\n\n<p>El secretario de Desarrollo Territorial y Ambiente de la provincia del Neuqu\u00e9n,&nbsp;<strong>Jorge Lara<\/strong>, se refiri\u00f3 este jueves a la decisi\u00f3n de la comunidad mapuche Kaxipayi\u00f1 de otorgar \u201cpermisos\u201d y \u201canotar\u201d a quienes circulen rumbo al Club de Caza y Pesca del lago Mari Menuco.<\/p>\n\n\n\n<p>\u201cHay comunicaci\u00f3n\u201d permanente (con dicha comunidad) y&nbsp;<strong><em>\u201cme llama la atenci\u00f3n una intimidaci\u00f3n de formar una aduana para ingresar a un club\u201d<\/em><\/strong>, dijo Lara a&nbsp;<em>LM Neuqu\u00e9n<\/em>&nbsp;y agreg\u00f3:<em>&nbsp;\u201cNo tengo ning\u00fan problema en dialogar, esto es nuevo y ellos saben que todav\u00eda Naci\u00f3n no firm\u00f3 el nuevo relevamiento\u201d<\/em>&nbsp;de tierras.<\/p>\n\n\n\n<p>Durante una entrevista con una radio de la ciudad de Neuqu\u00e9n, Lara dijo que desde la secretar\u00eda que conduce&nbsp;<em>\u201chablamos siempre con esta comunidad y con todas las comunidades<\/em>\u201d.<\/p>\n\n\n\n<p><em>\u201cHablamos por tel\u00e9fono cuando hace falta, cuando me requieren o cuando tenemos que buscar alguna soluci\u00f3n a los puntos de conflicto que plantean, dir\u00eda, en forma permanente\u201d<\/em>, sostuvo y dijo que los terrenos que pretende la comunidad, y que aislar\u00edan literalmente el ingreso al club, son \u201cuna pretensi\u00f3n\u201d.<\/p>\n\n\n\n<p><em>\u201c<strong>Ellos han marcado hasta dentro del lago mismo en la primera instancia que hubo del relevamiento<\/strong>&nbsp;y que se concluy\u00f3 en su momento por la finalizaci\u00f3n de los mandatos\u201d<\/em>, sostuvo el funcionario; y acot\u00f3 que ahora&nbsp;<em>\u201cest\u00e1 la discusi\u00f3n con Naci\u00f3n sobre un nuevo tratamiento de c\u00f3mo se va a financiar la continuidad de los relevamientos\u201d<\/em>.<\/p>\n\n\n\n<p>Lara explic\u00f3 que&nbsp;<em>\u201cuna cosa es que la comunidad marque lo que pretende\u201d<\/em>&nbsp;y otra cosa es acreditar la propiedad.&nbsp;<strong><em>\u201cTiene que probar que hab\u00eda, al 2006, ocupaci\u00f3n pac\u00edfica, y como en ese lugar no hay ocupaci\u00f3n pac\u00edfica no se termin\u00f3 ese relevamiento\u201d<\/em><\/strong>; es decir \u201cno hab\u00eda ocupaci\u00f3n efectiva\u201d. La comunidad esgrime que son territorios ancestrales, pero no est\u00e1 acreditado seg\u00fan lo exigen las leyes en vigencia.<\/p>\n\n\n\n<figure class=\"wp-block-image\"><a href=\"javascript:void(0)\"><img decoding=\"async\" src=\"https:\/\/cdn.bariloche2000.com\/uploads\/images\/2021\/09\/494f52ad-f1fd-5b4c-bd9f-6310b058f323_low.jpg\" alt=\"\"\/><\/a><\/figure>\n\n\n\n<figure class=\"wp-block-image\"><a href=\"javascript:void(0)\"><img decoding=\"async\" src=\"https:\/\/cdn.bariloche2000.com\/uploads\/images\/2021\/09\/6679861b-d747-5dd2-92db-c9f9f8054e84_low.jpg\" alt=\"\"\/><\/a><\/figure>\n\n\n\n<h5 class=\"wp-block-heading\">Fuente: https:\/\/www.bariloche2000.com\/noticias\/leer\/una-comunidad-mapuche-propuso-una-aduana-para-permitir-el-ingreso-a-un-territorio-en-disputa-en-neuquen\/135080<\/h5>\n","protected":false},"excerpt":{"rendered":"","protected":false},"author":6,"featured_media":74084,"comment_status":"open","ping_status":"open","sticky":false,"template":"","format":"standard","meta":{"site-sidebar-layout":"default","site-content-layout":"","ast-site-content-layout":"default","site-content-style":"default","site-sidebar-style":"default","ast-global-header-display":"","ast-banner-title-visibility":"","ast-main-header-display":"","ast-hfb-above-header-display":"","ast-hfb-below-header-display":"","ast-hfb-mobile-header-display":"","site-post-title":"","ast-breadcrumbs-content":"","ast-featured-img":"","footer-sml-layout":"","ast-disable-related-posts":"","theme-transparent-header-meta":"","adv-header-id-meta":"","stick-header-meta":"","header-above-stick-meta":"","header-main-stick-meta":"","header-below-stick-meta":"","astra-migrate-meta-layouts":"default","ast-page-background-enabled":"default","ast-page-background-meta":{"desktop":{"background-color":"var(--ast-global-color-5)","background-image":"","background-repeat":"repeat","background-position":"center center","background-size":"auto","background-attachment":"scroll","background-type":"","background-media":"","overlay-type":"","overlay-color":"","overlay-opacity":"","overlay-gradient":""},"tablet":{"background-color":"","background-image":"","background-repeat":"repeat","background-position":"center center","background-size":"auto","background-attachment":"scroll","background-type":"","background-media":"","overlay-type":"","overlay-color":"","overlay-opacity":"","overlay-gradient":""},"mobile":{"background-color":"","background-image":"","background-repeat":"repeat","background-position":"center center","background-size":"auto","background-attachment":"scroll","background-type":"","background-media":"","overlay-type":"","overlay-color":"","overlay-opacity":"","overlay-gradient":""}},"ast-content-background-meta":{"desktop":{"background-color":"var(--ast-global-color-4)","background-image":"","background-repeat":"repeat","background-position":"center center","background-size":"auto","background-attachment":"scroll","background-type":"","background-media":"","overlay-type":"","overlay-color":"","overlay-opacity":"","overlay-gradient":""},"tablet":{"background-color":"var(--ast-global-color-4)","background-image":"","background-repeat":"repeat","background-position":"center center","background-size":"auto","background-attachment":"scroll","background-type":"","background-media":"","overlay-type":"","overlay-color":"","overlay-opacity":"","overlay-gradient":""},"mobile":{"background-color":"var(--ast-global-color-4)","background-image":"","background-repeat":"repeat","background-position":"center center","background-size":"auto","background-attachment":"scroll","background-type":"","background-media":"","overlay-type":"","overlay-color":"","overlay-opacity":"","overlay-gradient":""}},"footnotes":""},"categories":[18,1,13],"tags":[],"class_list":["post-74083","post","type-post","status-publish","format-standard","has-post-thumbnail","hentry","category-neuquen","category-noticias","category-provinciales"],"yoast_head":"<!-- This site is optimized with the Yoast SEO Premium plugin v23.0 (Yoast SEO v27.5) - https:\/\/yoast.com\/product\/yoast-seo-premium-wordpress\/ -->\n<title>Una comunidad mapuche propuso una &quot;aduana&quot; para permitir el ingreso a un territorio en disputa en Neuqu\u00e9n<\/title>\n<meta name=\"robots\" content=\"index, follow, max-snippet:-1, max-image-preview:large, max-video-preview:-1\" \/>\n<link rel=\"canonical\" href=\"https:\/\/patagoniambiental.com.ar\/info\/una-comunidad-mapuche-propuso-una-aduana-para-permitir-el-ingreso-a-un-territorio-en-disputa-en-neuquen\/\" \/>\n<meta property=\"og:locale\" content=\"es_ES\" \/>\n<meta property=\"og:type\" content=\"article\" \/>\n<meta property=\"og:title\" content=\"Una comunidad mapuche propuso una &quot;aduana&quot; para permitir el ingreso a un territorio en disputa en Neuqu\u00e9n\" \/>\n<meta property=\"og:url\" content=\"https:\/\/patagoniambiental.com.ar\/info\/una-comunidad-mapuche-propuso-una-aduana-para-permitir-el-ingreso-a-un-territorio-en-disputa-en-neuquen\/\" \/>\n<meta property=\"og:site_name\" content=\"Patagonia Ambiental\" \/>\n<meta property=\"article:publisher\" content=\"https:\/\/www.facebook.com\/patagonia.ambiental\" \/>\n<meta property=\"article:published_time\" content=\"2021-09-10T12:01:08+00:00\" \/>\n<meta property=\"article:modified_time\" content=\"2021-09-10T12:01:12+00:00\" \/>\n<meta property=\"og:image\" content=\"https:\/\/patagoniambiental.com.ar\/info\/wp-content\/uploads\/2021\/09\/494f52ad-f1fd-5b4c-bd9f-6310b058f323_mid.jpg\" \/>\n\t<meta property=\"og:image:width\" content=\"770\" \/>\n\t<meta property=\"og:image:height\" content=\"542\" \/>\n\t<meta property=\"og:image:type\" content=\"image\/jpeg\" \/>\n<meta name=\"author\" content=\"BRAIAN ESTEVEZ\" \/>\n<meta name=\"twitter:card\" content=\"summary_large_image\" \/>\n<meta name=\"twitter:creator\" content=\"@PatAmb\" \/>\n<meta name=\"twitter:site\" content=\"@PatAmb\" \/>\n<script type=\"application\/ld+json\" class=\"yoast-schema-graph\">{\"@context\":\"https:\\\/\\\/schema.org\",\"@graph\":[{\"@type\":\"Article\",\"@id\":\"https:\\\/\\\/patagoniambiental.com.ar\\\/info\\\/una-comunidad-mapuche-propuso-una-aduana-para-permitir-el-ingreso-a-un-territorio-en-disputa-en-neuquen\\\/#article\",\"isPartOf\":{\"@id\":\"https:\\\/\\\/patagoniambiental.com.ar\\\/info\\\/una-comunidad-mapuche-propuso-una-aduana-para-permitir-el-ingreso-a-un-territorio-en-disputa-en-neuquen\\\/\"},\"author\":{\"name\":\"BRAIAN ESTEVEZ\",\"@id\":\"https:\\\/\\\/patagoniambiental.com.ar\\\/info\\\/#\\\/schema\\\/person\\\/e5af09d700b2e82cb10c6b8800e0c691\"},\"headline\":\"Una comunidad mapuche propuso una \u00abaduana\u00bb para permitir el ingreso a un territorio en disputa en Neuqu\u00e9n\",\"datePublished\":\"2021-09-10T12:01:08+00:00\",\"dateModified\":\"2021-09-10T12:01:12+00:00\",\"mainEntityOfPage\":{\"@id\":\"https:\\\/\\\/patagoniambiental.com.ar\\\/info\\\/una-comunidad-mapuche-propuso-una-aduana-para-permitir-el-ingreso-a-un-territorio-en-disputa-en-neuquen\\\/\"},\"wordCount\":1191,\"commentCount\":0,\"publisher\":{\"@id\":\"https:\\\/\\\/patagoniambiental.com.ar\\\/info\\\/#organization\"},\"image\":{\"@id\":\"https:\\\/\\\/patagoniambiental.com.ar\\\/info\\\/una-comunidad-mapuche-propuso-una-aduana-para-permitir-el-ingreso-a-un-territorio-en-disputa-en-neuquen\\\/#primaryimage\"},\"thumbnailUrl\":\"https:\\\/\\\/patagoniambiental.com.ar\\\/info\\\/wp-content\\\/uploads\\\/2021\\\/09\\\/494f52ad-f1fd-5b4c-bd9f-6310b058f323_mid.jpg\",\"articleSection\":[\"Neuqu\u00e9n\",\"Noticias\",\"Provinciales\"],\"inLanguage\":\"es\",\"potentialAction\":[{\"@type\":\"CommentAction\",\"name\":\"Comment\",\"target\":[\"https:\\\/\\\/patagoniambiental.com.ar\\\/info\\\/una-comunidad-mapuche-propuso-una-aduana-para-permitir-el-ingreso-a-un-territorio-en-disputa-en-neuquen\\\/#respond\"]}]},{\"@type\":\"WebPage\",\"@id\":\"https:\\\/\\\/patagoniambiental.com.ar\\\/info\\\/una-comunidad-mapuche-propuso-una-aduana-para-permitir-el-ingreso-a-un-territorio-en-disputa-en-neuquen\\\/\",\"url\":\"https:\\\/\\\/patagoniambiental.com.ar\\\/info\\\/una-comunidad-mapuche-propuso-una-aduana-para-permitir-el-ingreso-a-un-territorio-en-disputa-en-neuquen\\\/\",\"name\":\"Una comunidad mapuche propuso una \\\"aduana\\\" para permitir el ingreso a un territorio en disputa en Neuqu\u00e9n\",\"isPartOf\":{\"@id\":\"https:\\\/\\\/patagoniambiental.com.ar\\\/info\\\/#website\"},\"primaryImageOfPage\":{\"@id\":\"https:\\\/\\\/patagoniambiental.com.ar\\\/info\\\/una-comunidad-mapuche-propuso-una-aduana-para-permitir-el-ingreso-a-un-territorio-en-disputa-en-neuquen\\\/#primaryimage\"},\"image\":{\"@id\":\"https:\\\/\\\/patagoniambiental.com.ar\\\/info\\\/una-comunidad-mapuche-propuso-una-aduana-para-permitir-el-ingreso-a-un-territorio-en-disputa-en-neuquen\\\/#primaryimage\"},\"thumbnailUrl\":\"https:\\\/\\\/patagoniambiental.com.ar\\\/info\\\/wp-content\\\/uploads\\\/2021\\\/09\\\/494f52ad-f1fd-5b4c-bd9f-6310b058f323_mid.jpg\",\"datePublished\":\"2021-09-10T12:01:08+00:00\",\"dateModified\":\"2021-09-10T12:01:12+00:00\",\"breadcrumb\":{\"@id\":\"https:\\\/\\\/patagoniambiental.com.ar\\\/info\\\/una-comunidad-mapuche-propuso-una-aduana-para-permitir-el-ingreso-a-un-territorio-en-disputa-en-neuquen\\\/#breadcrumb\"},\"inLanguage\":\"es\",\"potentialAction\":[{\"@type\":\"ReadAction\",\"target\":[\"https:\\\/\\\/patagoniambiental.com.ar\\\/info\\\/una-comunidad-mapuche-propuso-una-aduana-para-permitir-el-ingreso-a-un-territorio-en-disputa-en-neuquen\\\/\"]}]},{\"@type\":\"ImageObject\",\"inLanguage\":\"es\",\"@id\":\"https:\\\/\\\/patagoniambiental.com.ar\\\/info\\\/una-comunidad-mapuche-propuso-una-aduana-para-permitir-el-ingreso-a-un-territorio-en-disputa-en-neuquen\\\/#primaryimage\",\"url\":\"https:\\\/\\\/patagoniambiental.com.ar\\\/info\\\/wp-content\\\/uploads\\\/2021\\\/09\\\/494f52ad-f1fd-5b4c-bd9f-6310b058f323_mid.jpg\",\"contentUrl\":\"https:\\\/\\\/patagoniambiental.com.ar\\\/info\\\/wp-content\\\/uploads\\\/2021\\\/09\\\/494f52ad-f1fd-5b4c-bd9f-6310b058f323_mid.jpg\",\"width\":770,\"height\":542},{\"@type\":\"BreadcrumbList\",\"@id\":\"https:\\\/\\\/patagoniambiental.com.ar\\\/info\\\/una-comunidad-mapuche-propuso-una-aduana-para-permitir-el-ingreso-a-un-territorio-en-disputa-en-neuquen\\\/#breadcrumb\",\"itemListElement\":[{\"@type\":\"ListItem\",\"position\":1,\"name\":\"Inicio\",\"item\":\"https:\\\/\\\/patagoniambiental.com.ar\\\/info\\\/\"},{\"@type\":\"ListItem\",\"position\":2,\"name\":\"Una comunidad mapuche propuso una \u00abaduana\u00bb para permitir el ingreso a un territorio en disputa en Neuqu\u00e9n\"}]},{\"@type\":\"WebSite\",\"@id\":\"https:\\\/\\\/patagoniambiental.com.ar\\\/info\\\/#website\",\"url\":\"https:\\\/\\\/patagoniambiental.com.ar\\\/info\\\/\",\"name\":\"Patagonia Ambiental\",\"description\":\"Monitoreo y an\u00e1lisis de la situaci\u00f3n geopol\u00edtica en el mundo y su implicancia en la Patagonia\",\"publisher\":{\"@id\":\"https:\\\/\\\/patagoniambiental.com.ar\\\/info\\\/#organization\"},\"potentialAction\":[{\"@type\":\"SearchAction\",\"target\":{\"@type\":\"EntryPoint\",\"urlTemplate\":\"https:\\\/\\\/patagoniambiental.com.ar\\\/info\\\/?s={search_term_string}\"},\"query-input\":{\"@type\":\"PropertyValueSpecification\",\"valueRequired\":true,\"valueName\":\"search_term_string\"}}],\"inLanguage\":\"es\"},{\"@type\":\"Organization\",\"@id\":\"https:\\\/\\\/patagoniambiental.com.ar\\\/info\\\/#organization\",\"name\":\"Patagonia Ambiental\",\"url\":\"https:\\\/\\\/patagoniambiental.com.ar\\\/info\\\/\",\"logo\":{\"@type\":\"ImageObject\",\"inLanguage\":\"es\",\"@id\":\"https:\\\/\\\/patagoniambiental.com.ar\\\/info\\\/#\\\/schema\\\/logo\\\/image\\\/\",\"url\":\"https:\\\/\\\/patagoniambiental.com.ar\\\/info\\\/wp-content\\\/uploads\\\/2025\\\/05\\\/LOGO-PATAGONIA-AMBIENTAL.png\",\"contentUrl\":\"https:\\\/\\\/patagoniambiental.com.ar\\\/info\\\/wp-content\\\/uploads\\\/2025\\\/05\\\/LOGO-PATAGONIA-AMBIENTAL.png\",\"width\":433,\"height\":250,\"caption\":\"Patagonia Ambiental\"},\"image\":{\"@id\":\"https:\\\/\\\/patagoniambiental.com.ar\\\/info\\\/#\\\/schema\\\/logo\\\/image\\\/\"},\"sameAs\":[\"https:\\\/\\\/www.facebook.com\\\/patagonia.ambiental\",\"https:\\\/\\\/x.com\\\/PatAmb\"]},{\"@type\":\"Person\",\"@id\":\"https:\\\/\\\/patagoniambiental.com.ar\\\/info\\\/#\\\/schema\\\/person\\\/e5af09d700b2e82cb10c6b8800e0c691\",\"name\":\"BRAIAN ESTEVEZ\",\"sameAs\":[\"http:\\\/\\\/www.patagoniambiental.com.ar\"]}]}<\/script>\n<!-- \/ Yoast SEO Premium plugin. -->","yoast_head_json":{"title":"Una comunidad mapuche propuso una \"aduana\" para permitir el ingreso a un territorio en disputa en Neuqu\u00e9n","robots":{"index":"index","follow":"follow","max-snippet":"max-snippet:-1","max-image-preview":"max-image-preview:large","max-video-preview":"max-video-preview:-1"},"canonical":"https:\/\/patagoniambiental.com.ar\/info\/una-comunidad-mapuche-propuso-una-aduana-para-permitir-el-ingreso-a-un-territorio-en-disputa-en-neuquen\/","og_locale":"es_ES","og_type":"article","og_title":"Una comunidad mapuche propuso una \"aduana\" para permitir el ingreso a un territorio en disputa en Neuqu\u00e9n","og_url":"https:\/\/patagoniambiental.com.ar\/info\/una-comunidad-mapuche-propuso-una-aduana-para-permitir-el-ingreso-a-un-territorio-en-disputa-en-neuquen\/","og_site_name":"Patagonia Ambiental","article_publisher":"https:\/\/www.facebook.com\/patagonia.ambiental","article_published_time":"2021-09-10T12:01:08+00:00","article_modified_time":"2021-09-10T12:01:12+00:00","og_image":[{"width":770,"height":542,"url":"https:\/\/patagoniambiental.com.ar\/info\/wp-content\/uploads\/2021\/09\/494f52ad-f1fd-5b4c-bd9f-6310b058f323_mid.jpg","type":"image\/jpeg"}],"author":"BRAIAN ESTEVEZ","twitter_card":"summary_large_image","twitter_creator":"@PatAmb","twitter_site":"@PatAmb","schema":{"@context":"https:\/\/schema.org","@graph":[{"@type":"Article","@id":"https:\/\/patagoniambiental.com.ar\/info\/una-comunidad-mapuche-propuso-una-aduana-para-permitir-el-ingreso-a-un-territorio-en-disputa-en-neuquen\/#article","isPartOf":{"@id":"https:\/\/patagoniambiental.com.ar\/info\/una-comunidad-mapuche-propuso-una-aduana-para-permitir-el-ingreso-a-un-territorio-en-disputa-en-neuquen\/"},"author":{"name":"BRAIAN ESTEVEZ","@id":"https:\/\/patagoniambiental.com.ar\/info\/#\/schema\/person\/e5af09d700b2e82cb10c6b8800e0c691"},"headline":"Una comunidad mapuche propuso una \u00abaduana\u00bb para permitir el ingreso a un territorio en disputa en Neuqu\u00e9n","datePublished":"2021-09-10T12:01:08+00:00","dateModified":"2021-09-10T12:01:12+00:00","mainEntityOfPage":{"@id":"https:\/\/patagoniambiental.com.ar\/info\/una-comunidad-mapuche-propuso-una-aduana-para-permitir-el-ingreso-a-un-territorio-en-disputa-en-neuquen\/"},"wordCount":1191,"commentCount":0,"publisher":{"@id":"https:\/\/patagoniambiental.com.ar\/info\/#organization"},"image":{"@id":"https:\/\/patagoniambiental.com.ar\/info\/una-comunidad-mapuche-propuso-una-aduana-para-permitir-el-ingreso-a-un-territorio-en-disputa-en-neuquen\/#primaryimage"},"thumbnailUrl":"https:\/\/patagoniambiental.com.ar\/info\/wp-content\/uploads\/2021\/09\/494f52ad-f1fd-5b4c-bd9f-6310b058f323_mid.jpg","articleSection":["Neuqu\u00e9n","Noticias","Provinciales"],"inLanguage":"es","potentialAction":[{"@type":"CommentAction","name":"Comment","target":["https:\/\/patagoniambiental.com.ar\/info\/una-comunidad-mapuche-propuso-una-aduana-para-permitir-el-ingreso-a-un-territorio-en-disputa-en-neuquen\/#respond"]}]},{"@type":"WebPage","@id":"https:\/\/patagoniambiental.com.ar\/info\/una-comunidad-mapuche-propuso-una-aduana-para-permitir-el-ingreso-a-un-territorio-en-disputa-en-neuquen\/","url":"https:\/\/patagoniambiental.com.ar\/info\/una-comunidad-mapuche-propuso-una-aduana-para-permitir-el-ingreso-a-un-territorio-en-disputa-en-neuquen\/","name":"Una comunidad mapuche propuso una \"aduana\" para permitir el ingreso a un territorio en disputa en Neuqu\u00e9n","isPartOf":{"@id":"https:\/\/patagoniambiental.com.ar\/info\/#website"},"primaryImageOfPage":{"@id":"https:\/\/patagoniambiental.com.ar\/info\/una-comunidad-mapuche-propuso-una-aduana-para-permitir-el-ingreso-a-un-territorio-en-disputa-en-neuquen\/#primaryimage"},"image":{"@id":"https:\/\/patagoniambiental.com.ar\/info\/una-comunidad-mapuche-propuso-una-aduana-para-permitir-el-ingreso-a-un-territorio-en-disputa-en-neuquen\/#primaryimage"},"thumbnailUrl":"https:\/\/patagoniambiental.com.ar\/info\/wp-content\/uploads\/2021\/09\/494f52ad-f1fd-5b4c-bd9f-6310b058f323_mid.jpg","datePublished":"2021-09-10T12:01:08+00:00","dateModified":"2021-09-10T12:01:12+00:00","breadcrumb":{"@id":"https:\/\/patagoniambiental.com.ar\/info\/una-comunidad-mapuche-propuso-una-aduana-para-permitir-el-ingreso-a-un-territorio-en-disputa-en-neuquen\/#breadcrumb"},"inLanguage":"es","potentialAction":[{"@type":"ReadAction","target":["https:\/\/patagoniambiental.com.ar\/info\/una-comunidad-mapuche-propuso-una-aduana-para-permitir-el-ingreso-a-un-territorio-en-disputa-en-neuquen\/"]}]},{"@type":"ImageObject","inLanguage":"es","@id":"https:\/\/patagoniambiental.com.ar\/info\/una-comunidad-mapuche-propuso-una-aduana-para-permitir-el-ingreso-a-un-territorio-en-disputa-en-neuquen\/#primaryimage","url":"https:\/\/patagoniambiental.com.ar\/info\/wp-content\/uploads\/2021\/09\/494f52ad-f1fd-5b4c-bd9f-6310b058f323_mid.jpg","contentUrl":"https:\/\/patagoniambiental.com.ar\/info\/wp-content\/uploads\/2021\/09\/494f52ad-f1fd-5b4c-bd9f-6310b058f323_mid.jpg","width":770,"height":542},{"@type":"BreadcrumbList","@id":"https:\/\/patagoniambiental.com.ar\/info\/una-comunidad-mapuche-propuso-una-aduana-para-permitir-el-ingreso-a-un-territorio-en-disputa-en-neuquen\/#breadcrumb","itemListElement":[{"@type":"ListItem","position":1,"name":"Inicio","item":"https:\/\/patagoniambiental.com.ar\/info\/"},{"@type":"ListItem","position":2,"name":"Una comunidad mapuche propuso una \u00abaduana\u00bb para permitir el ingreso a un territorio en disputa en Neuqu\u00e9n"}]},{"@type":"WebSite","@id":"https:\/\/patagoniambiental.com.ar\/info\/#website","url":"https:\/\/patagoniambiental.com.ar\/info\/","name":"Patagonia Ambiental","description":"Monitoreo y an\u00e1lisis de la situaci\u00f3n geopol\u00edtica en el mundo y su implicancia en la Patagonia","publisher":{"@id":"https:\/\/patagoniambiental.com.ar\/info\/#organization"},"potentialAction":[{"@type":"SearchAction","target":{"@type":"EntryPoint","urlTemplate":"https:\/\/patagoniambiental.com.ar\/info\/?s={search_term_string}"},"query-input":{"@type":"PropertyValueSpecification","valueRequired":true,"valueName":"search_term_string"}}],"inLanguage":"es"},{"@type":"Organization","@id":"https:\/\/patagoniambiental.com.ar\/info\/#organization","name":"Patagonia Ambiental","url":"https:\/\/patagoniambiental.com.ar\/info\/","logo":{"@type":"ImageObject","inLanguage":"es","@id":"https:\/\/patagoniambiental.com.ar\/info\/#\/schema\/logo\/image\/","url":"https:\/\/patagoniambiental.com.ar\/info\/wp-content\/uploads\/2025\/05\/LOGO-PATAGONIA-AMBIENTAL.png","contentUrl":"https:\/\/patagoniambiental.com.ar\/info\/wp-content\/uploads\/2025\/05\/LOGO-PATAGONIA-AMBIENTAL.png","width":433,"height":250,"caption":"Patagonia Ambiental"},"image":{"@id":"https:\/\/patagoniambiental.com.ar\/info\/#\/schema\/logo\/image\/"},"sameAs":["https:\/\/www.facebook.com\/patagonia.ambiental","https:\/\/x.com\/PatAmb"]},{"@type":"Person","@id":"https:\/\/patagoniambiental.com.ar\/info\/#\/schema\/person\/e5af09d700b2e82cb10c6b8800e0c691","name":"BRAIAN ESTEVEZ","sameAs":["http:\/\/www.patagoniambiental.com.ar"]}]}},"_links":{"self":[{"href":"https:\/\/patagoniambiental.com.ar\/info\/wp-json\/wp\/v2\/posts\/74083","targetHints":{"allow":["GET"]}}],"collection":[{"href":"https:\/\/patagoniambiental.com.ar\/info\/wp-json\/wp\/v2\/posts"}],"about":[{"href":"https:\/\/patagoniambiental.com.ar\/info\/wp-json\/wp\/v2\/types\/post"}],"author":[{"embeddable":true,"href":"https:\/\/patagoniambiental.com.ar\/info\/wp-json\/wp\/v2\/users\/6"}],"replies":[{"embeddable":true,"href":"https:\/\/patagoniambiental.com.ar\/info\/wp-json\/wp\/v2\/comments?post=74083"}],"version-history":[{"count":0,"href":"https:\/\/patagoniambiental.com.ar\/info\/wp-json\/wp\/v2\/posts\/74083\/revisions"}],"wp:featuredmedia":[{"embeddable":true,"href":"https:\/\/patagoniambiental.com.ar\/info\/wp-json\/wp\/v2\/media\/74084"}],"wp:attachment":[{"href":"https:\/\/patagoniambiental.com.ar\/info\/wp-json\/wp\/v2\/media?parent=74083"}],"wp:term":[{"taxonomy":"category","embeddable":true,"href":"https:\/\/patagoniambiental.com.ar\/info\/wp-json\/wp\/v2\/categories?post=74083"},{"taxonomy":"post_tag","embeddable":true,"href":"https:\/\/patagoniambiental.com.ar\/info\/wp-json\/wp\/v2\/tags?post=74083"}],"curies":[{"name":"wp","href":"https:\/\/api.w.org\/{rel}","templated":true}]}}