{"id":74086,"date":"2021-09-10T19:00:00","date_gmt":"2021-09-10T22:00:00","guid":{"rendered":"http:\/\/patagoniambiental.com.ar\/info\/?p=74086"},"modified":"2021-09-10T09:06:42","modified_gmt":"2021-09-10T12:06:42","slug":"el-secretario-de-energia-del-gobierno-argentino-espera-contratos-a-mediano-y-largo-plazo-para-construir-el-gasoducto-con-brasil","status":"publish","type":"post","link":"https:\/\/patagoniambiental.com.ar\/info\/el-secretario-de-energia-del-gobierno-argentino-espera-contratos-a-mediano-y-largo-plazo-para-construir-el-gasoducto-con-brasil\/","title":{"rendered":"El secretario de energ\u00eda del gobierno argentino espera contratos a mediano y largo plazo para construir el gasoducto con Brasil"},"content":{"rendered":"\n<!--more-->\n\n\n\n<p>El secretario de Energ\u00eda, Dar\u00edo Mart\u00ednez, asegur\u00f3 que para avanzar en la construcci\u00f3n de un gasoducto que comunique Vaca Muerta con Brasil, el Gobierno quiere \u00abtener clara la intenci\u00f3n de comprar gas argentino\u00bb por parte de las empresas del pa\u00eds vecino \u00aba trav\u00e9s de contratos a mediano y a largo plazo\u00bb.<\/p>\n\n\n\n<p>\u00abPara nosotros es prioritario eso: qu\u00e9 tipo de contratos se pueden hacer para justificar una inversi\u00f3n\u00bb de tal magnitud, asegur\u00f3 Mart\u00ednez en declaraciones al medio Plus Energ\u00e9tico.<\/p>\n\n\n\n<p>Al respecto, confi\u00f3 que mantiene conversaciones con el ministro de Minas y Energ\u00eda de Brasil, Bento Albuquerque y tambi\u00e9n revel\u00f3 negociaciones con su par de Chile para \u00abcambiar gas mol\u00e9cula por mol\u00e9cula\u00bb.<\/p>\n\n\n\n<p>\u00abDebemos ir a un esquema de mediano y largo plazo. Reglas claras que no se modifiquen y aseguren el abastecimiento para el pa\u00eds y permitan colocar gas y divisas, en un circulo virtuoso\u201d, agreg\u00f3 el funcionario.<\/p>\n\n\n\n<p><\/p>\n\n\n\n<p>Sobre el proyecto de ley de \u201cPromoci\u00f3n de Inversiones Hidrocarbur\u00edferas\u201d, Mart\u00ednez dijo que \u00abes para que todas las cuencas tengan actividad, con un esquema de valor agregado nacional, un cap\u00edtulo para entender que hay que tener perspectivas de g\u00e9nero y medioambiente, adem\u00e1s del r\u00e9gimen de gas y petr\u00f3leo\u00bb.<\/p>\n\n\n\n<p>\u00abEstamos muy conformes con el producido de esa norma, junto a la industria y los trabajadores, los gobernadores de la Ofephi, a quienes he dado detalles de cada cap\u00edtulo. Es una buena herramienta\u00bb, a\u00f1adi\u00f3 el exdiputado nacional.<\/p>\n\n\n\n<p>Asimismo, dijo que los contrapuntos con la provincia de Neuqu\u00e9n respecto a la ley, \u00abquiz\u00e1 hayan tenido que ver con que se da en medio de una campa\u00f1a\u00bb electoral.<\/p>\n\n\n\n<p>\u00abTodos los gobernadores de la Ofephi saben qu\u00e9 puntos est\u00e1n y cu\u00e1les no. En los proyectos especiales, las provincias van a tener participaci\u00f3n y nos parece positivo. No se toca nada de los tributos provinciales, hemos sido respetuosos y responsables\u00bb, subray\u00f3 Mart\u00ednez.<\/p>\n\n\n\n<p>MIR\u00c1 TAMBI\u00c9N<a href=\"https:\/\/www.grupolaprovincia.com\/economia\/manana-pagan-jubilaciones-que-no-superen-29135-con-dni-finalizado-en-2-791404\">Ma\u00f1ana pagan jubilaciones que no superen $ 29.135 con DNI finalizado en 2<\/a><\/p>\n\n\n\n<p>Adem\u00e1s, consider\u00f3 prioritario construir un gasoducto \u00abque permita transportar m\u00e1s gas producido por trabajadores argentinos con pymes que se sumen a la cadena de valor. Es importante hacer el trayecto Tratay\u00e9n (Neuqu\u00e9n)-Saliquello (Buenos Aires)-San Ger\u00f3nimo (Santa Fe)\u00bb.<\/p>\n\n\n\n<p>En tanto, sobre la actualidad del sector petrolero, el titular de Energ\u00eda se\u00f1al\u00f3 que \u00ablos indicadores se han recuperado por decisiones que han tomado el presidente y la vice para dar reglas claras. Se genera una circulo virtuoso dentro de un marco donde se aseguran las inversiones\u00bb.<\/p>\n\n\n\n<p>Por \u00faltimo, sobre las concesiones hidroel\u00e9ctricas asegur\u00f3 que hay que \u00abhacer un relevamiento exhaustivo de las condiciones t\u00e9cnicas y financieras de cada una de las represas y en qu\u00e9 situaci\u00f3n est\u00e1n. Sobre ese esquema se van a tomar decisiones\u00bb. <\/p>\n\n\n\n<p>Fuente: T\u00e9lam<\/p>\n","protected":false},"excerpt":{"rendered":"","protected":false},"author":6,"featured_media":74087,"comment_status":"open","ping_status":"open","sticky":false,"template":"","format":"standard","meta":{"site-sidebar-layout":"default","site-content-layout":"","ast-site-content-layout":"default","site-content-style":"default","site-sidebar-style":"default","ast-global-header-display":"","ast-banner-title-visibility":"","ast-main-header-display":"","ast-hfb-above-header-display":"","ast-hfb-below-header-display":"","ast-hfb-mobile-header-display":"","site-post-title":"","ast-breadcrumbs-content":"","ast-featured-img":"","footer-sml-layout":"","ast-disable-related-posts":"","theme-transparent-header-meta":"","adv-header-id-meta":"","stick-header-meta":"","header-above-stick-meta":"","header-main-stick-meta":"","header-below-stick-meta":"","astra-migrate-meta-layouts":"default","ast-page-background-enabled":"default","ast-page-background-meta":{"desktop":{"background-color":"var(--ast-global-color-5)","background-image":"","background-repeat":"repeat","background-position":"center center","background-size":"auto","background-attachment":"scroll","background-type":"","background-media":"","overlay-type":"","overlay-color":"","overlay-opacity":"","overlay-gradient":""},"tablet":{"background-color":"","background-image":"","background-repeat":"repeat","background-position":"center center","background-size":"auto","background-attachment":"scroll","background-type":"","background-media":"","overlay-type":"","overlay-color":"","overlay-opacity":"","overlay-gradient":""},"mobile":{"background-color":"","background-image":"","background-repeat":"repeat","background-position":"center center","background-size":"auto","background-attachment":"scroll","background-type":"","background-media":"","overlay-type":"","overlay-color":"","overlay-opacity":"","overlay-gradient":""}},"ast-content-background-meta":{"desktop":{"background-color":"var(--ast-global-color-4)","background-image":"","background-repeat":"repeat","background-position":"center center","background-size":"auto","background-attachment":"scroll","background-type":"","background-media":"","overlay-type":"","overlay-color":"","overlay-opacity":"","overlay-gradient":""},"tablet":{"background-color":"var(--ast-global-color-4)","background-image":"","background-repeat":"repeat","background-position":"center center","background-size":"auto","background-attachment":"scroll","background-type":"","background-media":"","overlay-type":"","overlay-color":"","overlay-opacity":"","overlay-gradient":""},"mobile":{"background-color":"var(--ast-global-color-4)","background-image":"","background-repeat":"repeat","background-position":"center center","background-size":"auto","background-attachment":"scroll","background-type":"","background-media":"","overlay-type":"","overlay-color":"","overlay-opacity":"","overlay-gradient":""}},"footnotes":""},"categories":[23,1],"tags":[],"class_list":["post-74086","post","type-post","status-publish","format-standard","has-post-thumbnail","hentry","category-internacionales","category-noticias"],"yoast_head":"<!-- This site is optimized with the Yoast SEO Premium plugin v23.0 (Yoast SEO v27.5) - https:\/\/yoast.com\/product\/yoast-seo-premium-wordpress\/ -->\n<title>El secretario de energ\u00eda del gobierno argentino espera contratos a mediano y largo plazo para construir el gasoducto con Brasil<\/title>\n<meta name=\"robots\" content=\"index, follow, max-snippet:-1, max-image-preview:large, max-video-preview:-1\" \/>\n<link rel=\"canonical\" href=\"https:\/\/patagoniambiental.com.ar\/info\/el-secretario-de-energia-del-gobierno-argentino-espera-contratos-a-mediano-y-largo-plazo-para-construir-el-gasoducto-con-brasil\/\" \/>\n<meta property=\"og:locale\" content=\"es_ES\" \/>\n<meta property=\"og:type\" content=\"article\" \/>\n<meta property=\"og:title\" content=\"El secretario de energ\u00eda del gobierno argentino espera contratos a mediano y largo plazo para construir el gasoducto con Brasil\" \/>\n<meta property=\"og:url\" content=\"https:\/\/patagoniambiental.com.ar\/info\/el-secretario-de-energia-del-gobierno-argentino-espera-contratos-a-mediano-y-largo-plazo-para-construir-el-gasoducto-con-brasil\/\" \/>\n<meta property=\"og:site_name\" content=\"Patagonia Ambiental\" \/>\n<meta property=\"article:publisher\" content=\"https:\/\/www.facebook.com\/patagonia.ambiental\" \/>\n<meta property=\"article:published_time\" content=\"2021-09-10T22:00:00+00:00\" \/>\n<meta property=\"og:image\" content=\"https:\/\/patagoniambiental.com.ar\/info\/wp-content\/uploads\/2021\/09\/f800x450-270848_322294_5050.jpg\" \/>\n\t<meta property=\"og:image:width\" content=\"800\" \/>\n\t<meta property=\"og:image:height\" content=\"450\" \/>\n\t<meta property=\"og:image:type\" content=\"image\/jpeg\" \/>\n<meta name=\"author\" content=\"BRAIAN ESTEVEZ\" \/>\n<meta name=\"twitter:card\" content=\"summary_large_image\" \/>\n<meta name=\"twitter:creator\" content=\"@PatAmb\" \/>\n<meta name=\"twitter:site\" content=\"@PatAmb\" \/>\n<script type=\"application\/ld+json\" class=\"yoast-schema-graph\">{\"@context\":\"https:\\\/\\\/schema.org\",\"@graph\":[{\"@type\":\"Article\",\"@id\":\"https:\\\/\\\/patagoniambiental.com.ar\\\/info\\\/el-secretario-de-energia-del-gobierno-argentino-espera-contratos-a-mediano-y-largo-plazo-para-construir-el-gasoducto-con-brasil\\\/#article\",\"isPartOf\":{\"@id\":\"https:\\\/\\\/patagoniambiental.com.ar\\\/info\\\/el-secretario-de-energia-del-gobierno-argentino-espera-contratos-a-mediano-y-largo-plazo-para-construir-el-gasoducto-con-brasil\\\/\"},\"author\":{\"name\":\"BRAIAN ESTEVEZ\",\"@id\":\"https:\\\/\\\/patagoniambiental.com.ar\\\/info\\\/#\\\/schema\\\/person\\\/e5af09d700b2e82cb10c6b8800e0c691\"},\"headline\":\"El secretario de energ\u00eda del gobierno argentino espera contratos a mediano y largo plazo para construir el gasoducto con Brasil\",\"datePublished\":\"2021-09-10T22:00:00+00:00\",\"mainEntityOfPage\":{\"@id\":\"https:\\\/\\\/patagoniambiental.com.ar\\\/info\\\/el-secretario-de-energia-del-gobierno-argentino-espera-contratos-a-mediano-y-largo-plazo-para-construir-el-gasoducto-con-brasil\\\/\"},\"wordCount\":506,\"commentCount\":0,\"publisher\":{\"@id\":\"https:\\\/\\\/patagoniambiental.com.ar\\\/info\\\/#organization\"},\"image\":{\"@id\":\"https:\\\/\\\/patagoniambiental.com.ar\\\/info\\\/el-secretario-de-energia-del-gobierno-argentino-espera-contratos-a-mediano-y-largo-plazo-para-construir-el-gasoducto-con-brasil\\\/#primaryimage\"},\"thumbnailUrl\":\"https:\\\/\\\/patagoniambiental.com.ar\\\/info\\\/wp-content\\\/uploads\\\/2021\\\/09\\\/f800x450-270848_322294_5050.jpg\",\"articleSection\":[\"Internacionales\",\"Noticias\"],\"inLanguage\":\"es\",\"potentialAction\":[{\"@type\":\"CommentAction\",\"name\":\"Comment\",\"target\":[\"https:\\\/\\\/patagoniambiental.com.ar\\\/info\\\/el-secretario-de-energia-del-gobierno-argentino-espera-contratos-a-mediano-y-largo-plazo-para-construir-el-gasoducto-con-brasil\\\/#respond\"]}]},{\"@type\":\"WebPage\",\"@id\":\"https:\\\/\\\/patagoniambiental.com.ar\\\/info\\\/el-secretario-de-energia-del-gobierno-argentino-espera-contratos-a-mediano-y-largo-plazo-para-construir-el-gasoducto-con-brasil\\\/\",\"url\":\"https:\\\/\\\/patagoniambiental.com.ar\\\/info\\\/el-secretario-de-energia-del-gobierno-argentino-espera-contratos-a-mediano-y-largo-plazo-para-construir-el-gasoducto-con-brasil\\\/\",\"name\":\"El secretario de energ\u00eda del gobierno argentino espera contratos a mediano y largo plazo para construir el gasoducto con Brasil\",\"isPartOf\":{\"@id\":\"https:\\\/\\\/patagoniambiental.com.ar\\\/info\\\/#website\"},\"primaryImageOfPage\":{\"@id\":\"https:\\\/\\\/patagoniambiental.com.ar\\\/info\\\/el-secretario-de-energia-del-gobierno-argentino-espera-contratos-a-mediano-y-largo-plazo-para-construir-el-gasoducto-con-brasil\\\/#primaryimage\"},\"image\":{\"@id\":\"https:\\\/\\\/patagoniambiental.com.ar\\\/info\\\/el-secretario-de-energia-del-gobierno-argentino-espera-contratos-a-mediano-y-largo-plazo-para-construir-el-gasoducto-con-brasil\\\/#primaryimage\"},\"thumbnailUrl\":\"https:\\\/\\\/patagoniambiental.com.ar\\\/info\\\/wp-content\\\/uploads\\\/2021\\\/09\\\/f800x450-270848_322294_5050.jpg\",\"datePublished\":\"2021-09-10T22:00:00+00:00\",\"breadcrumb\":{\"@id\":\"https:\\\/\\\/patagoniambiental.com.ar\\\/info\\\/el-secretario-de-energia-del-gobierno-argentino-espera-contratos-a-mediano-y-largo-plazo-para-construir-el-gasoducto-con-brasil\\\/#breadcrumb\"},\"inLanguage\":\"es\",\"potentialAction\":[{\"@type\":\"ReadAction\",\"target\":[\"https:\\\/\\\/patagoniambiental.com.ar\\\/info\\\/el-secretario-de-energia-del-gobierno-argentino-espera-contratos-a-mediano-y-largo-plazo-para-construir-el-gasoducto-con-brasil\\\/\"]}]},{\"@type\":\"ImageObject\",\"inLanguage\":\"es\",\"@id\":\"https:\\\/\\\/patagoniambiental.com.ar\\\/info\\\/el-secretario-de-energia-del-gobierno-argentino-espera-contratos-a-mediano-y-largo-plazo-para-construir-el-gasoducto-con-brasil\\\/#primaryimage\",\"url\":\"https:\\\/\\\/patagoniambiental.com.ar\\\/info\\\/wp-content\\\/uploads\\\/2021\\\/09\\\/f800x450-270848_322294_5050.jpg\",\"contentUrl\":\"https:\\\/\\\/patagoniambiental.com.ar\\\/info\\\/wp-content\\\/uploads\\\/2021\\\/09\\\/f800x450-270848_322294_5050.jpg\",\"width\":800,\"height\":450},{\"@type\":\"BreadcrumbList\",\"@id\":\"https:\\\/\\\/patagoniambiental.com.ar\\\/info\\\/el-secretario-de-energia-del-gobierno-argentino-espera-contratos-a-mediano-y-largo-plazo-para-construir-el-gasoducto-con-brasil\\\/#breadcrumb\",\"itemListElement\":[{\"@type\":\"ListItem\",\"position\":1,\"name\":\"Inicio\",\"item\":\"https:\\\/\\\/patagoniambiental.com.ar\\\/info\\\/\"},{\"@type\":\"ListItem\",\"position\":2,\"name\":\"El secretario de energ\u00eda del gobierno argentino espera contratos a mediano y largo plazo para construir el gasoducto con Brasil\"}]},{\"@type\":\"WebSite\",\"@id\":\"https:\\\/\\\/patagoniambiental.com.ar\\\/info\\\/#website\",\"url\":\"https:\\\/\\\/patagoniambiental.com.ar\\\/info\\\/\",\"name\":\"Patagonia Ambiental\",\"description\":\"Monitoreo y an\u00e1lisis de la situaci\u00f3n geopol\u00edtica en el mundo y su implicancia en la Patagonia\",\"publisher\":{\"@id\":\"https:\\\/\\\/patagoniambiental.com.ar\\\/info\\\/#organization\"},\"potentialAction\":[{\"@type\":\"SearchAction\",\"target\":{\"@type\":\"EntryPoint\",\"urlTemplate\":\"https:\\\/\\\/patagoniambiental.com.ar\\\/info\\\/?s={search_term_string}\"},\"query-input\":{\"@type\":\"PropertyValueSpecification\",\"valueRequired\":true,\"valueName\":\"search_term_string\"}}],\"inLanguage\":\"es\"},{\"@type\":\"Organization\",\"@id\":\"https:\\\/\\\/patagoniambiental.com.ar\\\/info\\\/#organization\",\"name\":\"Patagonia Ambiental\",\"url\":\"https:\\\/\\\/patagoniambiental.com.ar\\\/info\\\/\",\"logo\":{\"@type\":\"ImageObject\",\"inLanguage\":\"es\",\"@id\":\"https:\\\/\\\/patagoniambiental.com.ar\\\/info\\\/#\\\/schema\\\/logo\\\/image\\\/\",\"url\":\"https:\\\/\\\/patagoniambiental.com.ar\\\/info\\\/wp-content\\\/uploads\\\/2025\\\/05\\\/LOGO-PATAGONIA-AMBIENTAL.png\",\"contentUrl\":\"https:\\\/\\\/patagoniambiental.com.ar\\\/info\\\/wp-content\\\/uploads\\\/2025\\\/05\\\/LOGO-PATAGONIA-AMBIENTAL.png\",\"width\":433,\"height\":250,\"caption\":\"Patagonia Ambiental\"},\"image\":{\"@id\":\"https:\\\/\\\/patagoniambiental.com.ar\\\/info\\\/#\\\/schema\\\/logo\\\/image\\\/\"},\"sameAs\":[\"https:\\\/\\\/www.facebook.com\\\/patagonia.ambiental\",\"https:\\\/\\\/x.com\\\/PatAmb\"]},{\"@type\":\"Person\",\"@id\":\"https:\\\/\\\/patagoniambiental.com.ar\\\/info\\\/#\\\/schema\\\/person\\\/e5af09d700b2e82cb10c6b8800e0c691\",\"name\":\"BRAIAN ESTEVEZ\",\"sameAs\":[\"http:\\\/\\\/www.patagoniambiental.com.ar\"]}]}<\/script>\n<!-- \/ Yoast SEO Premium plugin. -->","yoast_head_json":{"title":"El secretario de energ\u00eda del gobierno argentino espera contratos a mediano y largo plazo para construir el gasoducto con Brasil","robots":{"index":"index","follow":"follow","max-snippet":"max-snippet:-1","max-image-preview":"max-image-preview:large","max-video-preview":"max-video-preview:-1"},"canonical":"https:\/\/patagoniambiental.com.ar\/info\/el-secretario-de-energia-del-gobierno-argentino-espera-contratos-a-mediano-y-largo-plazo-para-construir-el-gasoducto-con-brasil\/","og_locale":"es_ES","og_type":"article","og_title":"El secretario de energ\u00eda del gobierno argentino espera contratos a mediano y largo plazo para construir el gasoducto con Brasil","og_url":"https:\/\/patagoniambiental.com.ar\/info\/el-secretario-de-energia-del-gobierno-argentino-espera-contratos-a-mediano-y-largo-plazo-para-construir-el-gasoducto-con-brasil\/","og_site_name":"Patagonia Ambiental","article_publisher":"https:\/\/www.facebook.com\/patagonia.ambiental","article_published_time":"2021-09-10T22:00:00+00:00","og_image":[{"width":800,"height":450,"url":"https:\/\/patagoniambiental.com.ar\/info\/wp-content\/uploads\/2021\/09\/f800x450-270848_322294_5050.jpg","type":"image\/jpeg"}],"author":"BRAIAN ESTEVEZ","twitter_card":"summary_large_image","twitter_creator":"@PatAmb","twitter_site":"@PatAmb","schema":{"@context":"https:\/\/schema.org","@graph":[{"@type":"Article","@id":"https:\/\/patagoniambiental.com.ar\/info\/el-secretario-de-energia-del-gobierno-argentino-espera-contratos-a-mediano-y-largo-plazo-para-construir-el-gasoducto-con-brasil\/#article","isPartOf":{"@id":"https:\/\/patagoniambiental.com.ar\/info\/el-secretario-de-energia-del-gobierno-argentino-espera-contratos-a-mediano-y-largo-plazo-para-construir-el-gasoducto-con-brasil\/"},"author":{"name":"BRAIAN ESTEVEZ","@id":"https:\/\/patagoniambiental.com.ar\/info\/#\/schema\/person\/e5af09d700b2e82cb10c6b8800e0c691"},"headline":"El secretario de energ\u00eda del gobierno argentino espera contratos a mediano y largo plazo para construir el gasoducto con Brasil","datePublished":"2021-09-10T22:00:00+00:00","mainEntityOfPage":{"@id":"https:\/\/patagoniambiental.com.ar\/info\/el-secretario-de-energia-del-gobierno-argentino-espera-contratos-a-mediano-y-largo-plazo-para-construir-el-gasoducto-con-brasil\/"},"wordCount":506,"commentCount":0,"publisher":{"@id":"https:\/\/patagoniambiental.com.ar\/info\/#organization"},"image":{"@id":"https:\/\/patagoniambiental.com.ar\/info\/el-secretario-de-energia-del-gobierno-argentino-espera-contratos-a-mediano-y-largo-plazo-para-construir-el-gasoducto-con-brasil\/#primaryimage"},"thumbnailUrl":"https:\/\/patagoniambiental.com.ar\/info\/wp-content\/uploads\/2021\/09\/f800x450-270848_322294_5050.jpg","articleSection":["Internacionales","Noticias"],"inLanguage":"es","potentialAction":[{"@type":"CommentAction","name":"Comment","target":["https:\/\/patagoniambiental.com.ar\/info\/el-secretario-de-energia-del-gobierno-argentino-espera-contratos-a-mediano-y-largo-plazo-para-construir-el-gasoducto-con-brasil\/#respond"]}]},{"@type":"WebPage","@id":"https:\/\/patagoniambiental.com.ar\/info\/el-secretario-de-energia-del-gobierno-argentino-espera-contratos-a-mediano-y-largo-plazo-para-construir-el-gasoducto-con-brasil\/","url":"https:\/\/patagoniambiental.com.ar\/info\/el-secretario-de-energia-del-gobierno-argentino-espera-contratos-a-mediano-y-largo-plazo-para-construir-el-gasoducto-con-brasil\/","name":"El secretario de energ\u00eda del gobierno argentino espera contratos a mediano y largo plazo para construir el gasoducto con Brasil","isPartOf":{"@id":"https:\/\/patagoniambiental.com.ar\/info\/#website"},"primaryImageOfPage":{"@id":"https:\/\/patagoniambiental.com.ar\/info\/el-secretario-de-energia-del-gobierno-argentino-espera-contratos-a-mediano-y-largo-plazo-para-construir-el-gasoducto-con-brasil\/#primaryimage"},"image":{"@id":"https:\/\/patagoniambiental.com.ar\/info\/el-secretario-de-energia-del-gobierno-argentino-espera-contratos-a-mediano-y-largo-plazo-para-construir-el-gasoducto-con-brasil\/#primaryimage"},"thumbnailUrl":"https:\/\/patagoniambiental.com.ar\/info\/wp-content\/uploads\/2021\/09\/f800x450-270848_322294_5050.jpg","datePublished":"2021-09-10T22:00:00+00:00","breadcrumb":{"@id":"https:\/\/patagoniambiental.com.ar\/info\/el-secretario-de-energia-del-gobierno-argentino-espera-contratos-a-mediano-y-largo-plazo-para-construir-el-gasoducto-con-brasil\/#breadcrumb"},"inLanguage":"es","potentialAction":[{"@type":"ReadAction","target":["https:\/\/patagoniambiental.com.ar\/info\/el-secretario-de-energia-del-gobierno-argentino-espera-contratos-a-mediano-y-largo-plazo-para-construir-el-gasoducto-con-brasil\/"]}]},{"@type":"ImageObject","inLanguage":"es","@id":"https:\/\/patagoniambiental.com.ar\/info\/el-secretario-de-energia-del-gobierno-argentino-espera-contratos-a-mediano-y-largo-plazo-para-construir-el-gasoducto-con-brasil\/#primaryimage","url":"https:\/\/patagoniambiental.com.ar\/info\/wp-content\/uploads\/2021\/09\/f800x450-270848_322294_5050.jpg","contentUrl":"https:\/\/patagoniambiental.com.ar\/info\/wp-content\/uploads\/2021\/09\/f800x450-270848_322294_5050.jpg","width":800,"height":450},{"@type":"BreadcrumbList","@id":"https:\/\/patagoniambiental.com.ar\/info\/el-secretario-de-energia-del-gobierno-argentino-espera-contratos-a-mediano-y-largo-plazo-para-construir-el-gasoducto-con-brasil\/#breadcrumb","itemListElement":[{"@type":"ListItem","position":1,"name":"Inicio","item":"https:\/\/patagoniambiental.com.ar\/info\/"},{"@type":"ListItem","position":2,"name":"El secretario de energ\u00eda del gobierno argentino espera contratos a mediano y largo plazo para construir el gasoducto con Brasil"}]},{"@type":"WebSite","@id":"https:\/\/patagoniambiental.com.ar\/info\/#website","url":"https:\/\/patagoniambiental.com.ar\/info\/","name":"Patagonia Ambiental","description":"Monitoreo y an\u00e1lisis de la situaci\u00f3n geopol\u00edtica en el mundo y su implicancia en la Patagonia","publisher":{"@id":"https:\/\/patagoniambiental.com.ar\/info\/#organization"},"potentialAction":[{"@type":"SearchAction","target":{"@type":"EntryPoint","urlTemplate":"https:\/\/patagoniambiental.com.ar\/info\/?s={search_term_string}"},"query-input":{"@type":"PropertyValueSpecification","valueRequired":true,"valueName":"search_term_string"}}],"inLanguage":"es"},{"@type":"Organization","@id":"https:\/\/patagoniambiental.com.ar\/info\/#organization","name":"Patagonia Ambiental","url":"https:\/\/patagoniambiental.com.ar\/info\/","logo":{"@type":"ImageObject","inLanguage":"es","@id":"https:\/\/patagoniambiental.com.ar\/info\/#\/schema\/logo\/image\/","url":"https:\/\/patagoniambiental.com.ar\/info\/wp-content\/uploads\/2025\/05\/LOGO-PATAGONIA-AMBIENTAL.png","contentUrl":"https:\/\/patagoniambiental.com.ar\/info\/wp-content\/uploads\/2025\/05\/LOGO-PATAGONIA-AMBIENTAL.png","width":433,"height":250,"caption":"Patagonia Ambiental"},"image":{"@id":"https:\/\/patagoniambiental.com.ar\/info\/#\/schema\/logo\/image\/"},"sameAs":["https:\/\/www.facebook.com\/patagonia.ambiental","https:\/\/x.com\/PatAmb"]},{"@type":"Person","@id":"https:\/\/patagoniambiental.com.ar\/info\/#\/schema\/person\/e5af09d700b2e82cb10c6b8800e0c691","name":"BRAIAN ESTEVEZ","sameAs":["http:\/\/www.patagoniambiental.com.ar"]}]}},"_links":{"self":[{"href":"https:\/\/patagoniambiental.com.ar\/info\/wp-json\/wp\/v2\/posts\/74086","targetHints":{"allow":["GET"]}}],"collection":[{"href":"https:\/\/patagoniambiental.com.ar\/info\/wp-json\/wp\/v2\/posts"}],"about":[{"href":"https:\/\/patagoniambiental.com.ar\/info\/wp-json\/wp\/v2\/types\/post"}],"author":[{"embeddable":true,"href":"https:\/\/patagoniambiental.com.ar\/info\/wp-json\/wp\/v2\/users\/6"}],"replies":[{"embeddable":true,"href":"https:\/\/patagoniambiental.com.ar\/info\/wp-json\/wp\/v2\/comments?post=74086"}],"version-history":[{"count":0,"href":"https:\/\/patagoniambiental.com.ar\/info\/wp-json\/wp\/v2\/posts\/74086\/revisions"}],"wp:featuredmedia":[{"embeddable":true,"href":"https:\/\/patagoniambiental.com.ar\/info\/wp-json\/wp\/v2\/media\/74087"}],"wp:attachment":[{"href":"https:\/\/patagoniambiental.com.ar\/info\/wp-json\/wp\/v2\/media?parent=74086"}],"wp:term":[{"taxonomy":"category","embeddable":true,"href":"https:\/\/patagoniambiental.com.ar\/info\/wp-json\/wp\/v2\/categories?post=74086"},{"taxonomy":"post_tag","embeddable":true,"href":"https:\/\/patagoniambiental.com.ar\/info\/wp-json\/wp\/v2\/tags?post=74086"}],"curies":[{"name":"wp","href":"https:\/\/api.w.org\/{rel}","templated":true}]}}