{"id":74112,"date":"2021-09-15T08:44:39","date_gmt":"2021-09-15T11:44:39","guid":{"rendered":"http:\/\/patagoniambiental.com.ar\/info\/?p=74112"},"modified":"2021-09-15T08:45:30","modified_gmt":"2021-09-15T11:45:30","slug":"ya-comenzo-a-funcionar-el-nuevo-servicio-gastronomico-de-la-loberia","status":"publish","type":"post","link":"https:\/\/patagoniambiental.com.ar\/info\/ya-comenzo-a-funcionar-el-nuevo-servicio-gastronomico-de-la-loberia\/","title":{"rendered":"Ya comenz\u00f3 a funcionar el nuevo servicio gastron\u00f3mico de La Lober\u00eda"},"content":{"rendered":"\n<!--more-->\n\n\n\n<p><\/p>\n\n\n\n<p>La Loberia.-El intendente Pesatti junto a la gobernadora Arabela Carreras, inaugur\u00f3 el nuevo espacio gastron\u00f3mico en el balneario La Lober\u00eda.<\/p>\n\n\n\n<figure class=\"wp-block-image size-large\"><img decoding=\"async\" src=\"https:\/\/patagoniambiental.com.ar\/info\/wp-content\/uploads\/2021\/09\/b2c1009b-212b-490d-b819-68d74f641418-1024x534.jpeg\" alt=\"\" class=\"wp-image-74116\"\/><\/figure>\n\n\n\n<p>Este tradicional lugar, ubicado sobre el acantilado del balneario, a partir de ahora ser\u00e1 atendido por el nuevo concesionario, que por primera vez en la historia del lugar es otorgado por la v\u00eda de la licitaci\u00f3n p\u00fablica.<\/p>\n\n\n\n<p>Al respecto, el intendente Pesatti dijo: \u00abeste lugar est\u00e1 a cargo de un vecino que vive en la Loberia y que apost\u00f3 hace varios a\u00f1os al desarrollo de este lugar como un punto tur\u00edstico de nuestra zona\u00bb.<\/p>\n\n\n\n<p>\u00abEl restaurante y confiter\u00eda estar\u00e1 abierto para recibir al p\u00fablico desde esta semana, y ofrecer\u00e1 una nueva carta que ir\u00e1 ampliando hacia la temporada de verano\u00bb se\u00f1al\u00f3 Pesatti.<\/p>\n\n\n\n<p>Camping municipal<\/p>\n\n\n\n<p>Durante la visita al balneario, el intendente y la gobernadora recorrieron las obras de refacci\u00f3n y puesta en valor del camping municipal que pronto se pondr\u00e1 en pleno funcionamiento.<\/p>\n\n\n\n<p>Sobre esto, el intendente expres\u00f3 que \u00abeste camping tendr\u00e1 sanitarios totalmente nuevos, un lugar para estacionar casillas rodantes, un dormitorio, un mirador en altura y otro mirador sobre los acantilados, juegos infantiles, una casa para qui\u00e9n este a cargo, oficinas y proveedur\u00eda\u00bb.<\/p>\n\n\n\n<p>\u00abSer\u00e1 un espacio con nuevas instalaciones el\u00e9ctricas, individuales y seguras, que vienen de la mano del nuevo tendido trif\u00e1sico, que desde hace d\u00e9cadas se esperaba y que hoy ya constituye una realidad\u00bb remarc\u00f3 Pesatti.<\/p>\n\n\n\n<p>Fuente: Municipalidad de Viedma <\/p>\n","protected":false},"excerpt":{"rendered":"","protected":false},"author":6,"featured_media":74113,"comment_status":"open","ping_status":"open","sticky":false,"template":"","format":"standard","meta":{"site-sidebar-layout":"default","site-content-layout":"","ast-site-content-layout":"default","site-content-style":"default","site-sidebar-style":"default","ast-global-header-display":"","ast-banner-title-visibility":"","ast-main-header-display":"","ast-hfb-above-header-display":"","ast-hfb-below-header-display":"","ast-hfb-mobile-header-display":"","site-post-title":"","ast-breadcrumbs-content":"","ast-featured-img":"","footer-sml-layout":"","ast-disable-related-posts":"","theme-transparent-header-meta":"","adv-header-id-meta":"","stick-header-meta":"","header-above-stick-meta":"","header-main-stick-meta":"","header-below-stick-meta":"","astra-migrate-meta-layouts":"default","ast-page-background-enabled":"default","ast-page-background-meta":{"desktop":{"background-color":"var(--ast-global-color-5)","background-image":"","background-repeat":"repeat","background-position":"center center","background-size":"auto","background-attachment":"scroll","background-type":"","background-media":"","overlay-type":"","overlay-color":"","overlay-opacity":"","overlay-gradient":""},"tablet":{"background-color":"","background-image":"","background-repeat":"repeat","background-position":"center center","background-size":"auto","background-attachment":"scroll","background-type":"","background-media":"","overlay-type":"","overlay-color":"","overlay-opacity":"","overlay-gradient":""},"mobile":{"background-color":"","background-image":"","background-repeat":"repeat","background-position":"center center","background-size":"auto","background-attachment":"scroll","background-type":"","background-media":"","overlay-type":"","overlay-color":"","overlay-opacity":"","overlay-gradient":""}},"ast-content-background-meta":{"desktop":{"background-color":"var(--ast-global-color-4)","background-image":"","background-repeat":"repeat","background-position":"center center","background-size":"auto","background-attachment":"scroll","background-type":"","background-media":"","overlay-type":"","overlay-color":"","overlay-opacity":"","overlay-gradient":""},"tablet":{"background-color":"var(--ast-global-color-4)","background-image":"","background-repeat":"repeat","background-position":"center center","background-size":"auto","background-attachment":"scroll","background-type":"","background-media":"","overlay-type":"","overlay-color":"","overlay-opacity":"","overlay-gradient":""},"mobile":{"background-color":"var(--ast-global-color-4)","background-image":"","background-repeat":"repeat","background-position":"center center","background-size":"auto","background-attachment":"scroll","background-type":"","background-media":"","overlay-type":"","overlay-color":"","overlay-opacity":"","overlay-gradient":""}},"footnotes":""},"categories":[1],"tags":[],"class_list":["post-74112","post","type-post","status-publish","format-standard","has-post-thumbnail","hentry","category-noticias"],"yoast_head":"<!-- This site is optimized with the Yoast SEO Premium plugin v23.0 (Yoast SEO v27.5) - https:\/\/yoast.com\/product\/yoast-seo-premium-wordpress\/ -->\n<title>Ya comenz\u00f3 a funcionar el nuevo servicio gastron\u00f3mico de La Lober\u00eda<\/title>\n<meta name=\"robots\" content=\"index, follow, max-snippet:-1, max-image-preview:large, max-video-preview:-1\" \/>\n<link rel=\"canonical\" href=\"https:\/\/patagoniambiental.com.ar\/info\/ya-comenzo-a-funcionar-el-nuevo-servicio-gastronomico-de-la-loberia\/\" \/>\n<meta property=\"og:locale\" content=\"es_ES\" \/>\n<meta property=\"og:type\" content=\"article\" \/>\n<meta property=\"og:title\" content=\"Ya comenz\u00f3 a funcionar el nuevo servicio gastron\u00f3mico de La Lober\u00eda\" \/>\n<meta property=\"og:url\" content=\"https:\/\/patagoniambiental.com.ar\/info\/ya-comenzo-a-funcionar-el-nuevo-servicio-gastronomico-de-la-loberia\/\" \/>\n<meta property=\"og:site_name\" content=\"Patagonia Ambiental\" \/>\n<meta property=\"article:publisher\" content=\"https:\/\/www.facebook.com\/patagonia.ambiental\" \/>\n<meta property=\"article:published_time\" content=\"2021-09-15T11:44:39+00:00\" \/>\n<meta property=\"article:modified_time\" content=\"2021-09-15T11:45:30+00:00\" \/>\n<meta property=\"og:image\" content=\"https:\/\/patagoniambiental.com.ar\/info\/wp-content\/uploads\/2021\/09\/bc4f4a66-2bed-4b58-8892-cd7d0ce5b63d.jpeg\" \/>\n\t<meta property=\"og:image:width\" content=\"1159\" \/>\n\t<meta property=\"og:image:height\" content=\"720\" \/>\n\t<meta property=\"og:image:type\" content=\"image\/jpeg\" \/>\n<meta name=\"author\" content=\"BRAIAN ESTEVEZ\" \/>\n<meta name=\"twitter:card\" content=\"summary_large_image\" \/>\n<meta name=\"twitter:creator\" content=\"@PatAmb\" \/>\n<meta name=\"twitter:site\" content=\"@PatAmb\" \/>\n<script type=\"application\/ld+json\" class=\"yoast-schema-graph\">{\"@context\":\"https:\\\/\\\/schema.org\",\"@graph\":[{\"@type\":\"Article\",\"@id\":\"https:\\\/\\\/patagoniambiental.com.ar\\\/info\\\/ya-comenzo-a-funcionar-el-nuevo-servicio-gastronomico-de-la-loberia\\\/#article\",\"isPartOf\":{\"@id\":\"https:\\\/\\\/patagoniambiental.com.ar\\\/info\\\/ya-comenzo-a-funcionar-el-nuevo-servicio-gastronomico-de-la-loberia\\\/\"},\"author\":{\"name\":\"BRAIAN ESTEVEZ\",\"@id\":\"https:\\\/\\\/patagoniambiental.com.ar\\\/info\\\/#\\\/schema\\\/person\\\/e5af09d700b2e82cb10c6b8800e0c691\"},\"headline\":\"Ya comenz\u00f3 a funcionar el nuevo servicio gastron\u00f3mico de La Lober\u00eda\",\"datePublished\":\"2021-09-15T11:44:39+00:00\",\"dateModified\":\"2021-09-15T11:45:30+00:00\",\"mainEntityOfPage\":{\"@id\":\"https:\\\/\\\/patagoniambiental.com.ar\\\/info\\\/ya-comenzo-a-funcionar-el-nuevo-servicio-gastronomico-de-la-loberia\\\/\"},\"wordCount\":263,\"commentCount\":0,\"publisher\":{\"@id\":\"https:\\\/\\\/patagoniambiental.com.ar\\\/info\\\/#organization\"},\"image\":{\"@id\":\"https:\\\/\\\/patagoniambiental.com.ar\\\/info\\\/ya-comenzo-a-funcionar-el-nuevo-servicio-gastronomico-de-la-loberia\\\/#primaryimage\"},\"thumbnailUrl\":\"https:\\\/\\\/patagoniambiental.com.ar\\\/info\\\/wp-content\\\/uploads\\\/2021\\\/09\\\/bc4f4a66-2bed-4b58-8892-cd7d0ce5b63d.jpeg\",\"articleSection\":[\"Noticias\"],\"inLanguage\":\"es\",\"potentialAction\":[{\"@type\":\"CommentAction\",\"name\":\"Comment\",\"target\":[\"https:\\\/\\\/patagoniambiental.com.ar\\\/info\\\/ya-comenzo-a-funcionar-el-nuevo-servicio-gastronomico-de-la-loberia\\\/#respond\"]}]},{\"@type\":\"WebPage\",\"@id\":\"https:\\\/\\\/patagoniambiental.com.ar\\\/info\\\/ya-comenzo-a-funcionar-el-nuevo-servicio-gastronomico-de-la-loberia\\\/\",\"url\":\"https:\\\/\\\/patagoniambiental.com.ar\\\/info\\\/ya-comenzo-a-funcionar-el-nuevo-servicio-gastronomico-de-la-loberia\\\/\",\"name\":\"Ya comenz\u00f3 a funcionar el nuevo servicio gastron\u00f3mico de La Lober\u00eda\",\"isPartOf\":{\"@id\":\"https:\\\/\\\/patagoniambiental.com.ar\\\/info\\\/#website\"},\"primaryImageOfPage\":{\"@id\":\"https:\\\/\\\/patagoniambiental.com.ar\\\/info\\\/ya-comenzo-a-funcionar-el-nuevo-servicio-gastronomico-de-la-loberia\\\/#primaryimage\"},\"image\":{\"@id\":\"https:\\\/\\\/patagoniambiental.com.ar\\\/info\\\/ya-comenzo-a-funcionar-el-nuevo-servicio-gastronomico-de-la-loberia\\\/#primaryimage\"},\"thumbnailUrl\":\"https:\\\/\\\/patagoniambiental.com.ar\\\/info\\\/wp-content\\\/uploads\\\/2021\\\/09\\\/bc4f4a66-2bed-4b58-8892-cd7d0ce5b63d.jpeg\",\"datePublished\":\"2021-09-15T11:44:39+00:00\",\"dateModified\":\"2021-09-15T11:45:30+00:00\",\"breadcrumb\":{\"@id\":\"https:\\\/\\\/patagoniambiental.com.ar\\\/info\\\/ya-comenzo-a-funcionar-el-nuevo-servicio-gastronomico-de-la-loberia\\\/#breadcrumb\"},\"inLanguage\":\"es\",\"potentialAction\":[{\"@type\":\"ReadAction\",\"target\":[\"https:\\\/\\\/patagoniambiental.com.ar\\\/info\\\/ya-comenzo-a-funcionar-el-nuevo-servicio-gastronomico-de-la-loberia\\\/\"]}]},{\"@type\":\"ImageObject\",\"inLanguage\":\"es\",\"@id\":\"https:\\\/\\\/patagoniambiental.com.ar\\\/info\\\/ya-comenzo-a-funcionar-el-nuevo-servicio-gastronomico-de-la-loberia\\\/#primaryimage\",\"url\":\"https:\\\/\\\/patagoniambiental.com.ar\\\/info\\\/wp-content\\\/uploads\\\/2021\\\/09\\\/bc4f4a66-2bed-4b58-8892-cd7d0ce5b63d.jpeg\",\"contentUrl\":\"https:\\\/\\\/patagoniambiental.com.ar\\\/info\\\/wp-content\\\/uploads\\\/2021\\\/09\\\/bc4f4a66-2bed-4b58-8892-cd7d0ce5b63d.jpeg\",\"width\":966,\"height\":600},{\"@type\":\"BreadcrumbList\",\"@id\":\"https:\\\/\\\/patagoniambiental.com.ar\\\/info\\\/ya-comenzo-a-funcionar-el-nuevo-servicio-gastronomico-de-la-loberia\\\/#breadcrumb\",\"itemListElement\":[{\"@type\":\"ListItem\",\"position\":1,\"name\":\"Inicio\",\"item\":\"https:\\\/\\\/patagoniambiental.com.ar\\\/info\\\/\"},{\"@type\":\"ListItem\",\"position\":2,\"name\":\"Ya comenz\u00f3 a funcionar el nuevo servicio gastron\u00f3mico de La Lober\u00eda\"}]},{\"@type\":\"WebSite\",\"@id\":\"https:\\\/\\\/patagoniambiental.com.ar\\\/info\\\/#website\",\"url\":\"https:\\\/\\\/patagoniambiental.com.ar\\\/info\\\/\",\"name\":\"Patagonia Ambiental\",\"description\":\"Monitoreo y an\u00e1lisis de la situaci\u00f3n geopol\u00edtica en el mundo y su implicancia en la Patagonia\",\"publisher\":{\"@id\":\"https:\\\/\\\/patagoniambiental.com.ar\\\/info\\\/#organization\"},\"potentialAction\":[{\"@type\":\"SearchAction\",\"target\":{\"@type\":\"EntryPoint\",\"urlTemplate\":\"https:\\\/\\\/patagoniambiental.com.ar\\\/info\\\/?s={search_term_string}\"},\"query-input\":{\"@type\":\"PropertyValueSpecification\",\"valueRequired\":true,\"valueName\":\"search_term_string\"}}],\"inLanguage\":\"es\"},{\"@type\":\"Organization\",\"@id\":\"https:\\\/\\\/patagoniambiental.com.ar\\\/info\\\/#organization\",\"name\":\"Patagonia Ambiental\",\"url\":\"https:\\\/\\\/patagoniambiental.com.ar\\\/info\\\/\",\"logo\":{\"@type\":\"ImageObject\",\"inLanguage\":\"es\",\"@id\":\"https:\\\/\\\/patagoniambiental.com.ar\\\/info\\\/#\\\/schema\\\/logo\\\/image\\\/\",\"url\":\"https:\\\/\\\/patagoniambiental.com.ar\\\/info\\\/wp-content\\\/uploads\\\/2025\\\/05\\\/LOGO-PATAGONIA-AMBIENTAL.png\",\"contentUrl\":\"https:\\\/\\\/patagoniambiental.com.ar\\\/info\\\/wp-content\\\/uploads\\\/2025\\\/05\\\/LOGO-PATAGONIA-AMBIENTAL.png\",\"width\":433,\"height\":250,\"caption\":\"Patagonia Ambiental\"},\"image\":{\"@id\":\"https:\\\/\\\/patagoniambiental.com.ar\\\/info\\\/#\\\/schema\\\/logo\\\/image\\\/\"},\"sameAs\":[\"https:\\\/\\\/www.facebook.com\\\/patagonia.ambiental\",\"https:\\\/\\\/x.com\\\/PatAmb\"]},{\"@type\":\"Person\",\"@id\":\"https:\\\/\\\/patagoniambiental.com.ar\\\/info\\\/#\\\/schema\\\/person\\\/e5af09d700b2e82cb10c6b8800e0c691\",\"name\":\"BRAIAN ESTEVEZ\",\"sameAs\":[\"http:\\\/\\\/www.patagoniambiental.com.ar\"]}]}<\/script>\n<!-- \/ Yoast SEO Premium plugin. -->","yoast_head_json":{"title":"Ya comenz\u00f3 a funcionar el nuevo servicio gastron\u00f3mico de La Lober\u00eda","robots":{"index":"index","follow":"follow","max-snippet":"max-snippet:-1","max-image-preview":"max-image-preview:large","max-video-preview":"max-video-preview:-1"},"canonical":"https:\/\/patagoniambiental.com.ar\/info\/ya-comenzo-a-funcionar-el-nuevo-servicio-gastronomico-de-la-loberia\/","og_locale":"es_ES","og_type":"article","og_title":"Ya comenz\u00f3 a funcionar el nuevo servicio gastron\u00f3mico de La Lober\u00eda","og_url":"https:\/\/patagoniambiental.com.ar\/info\/ya-comenzo-a-funcionar-el-nuevo-servicio-gastronomico-de-la-loberia\/","og_site_name":"Patagonia Ambiental","article_publisher":"https:\/\/www.facebook.com\/patagonia.ambiental","article_published_time":"2021-09-15T11:44:39+00:00","article_modified_time":"2021-09-15T11:45:30+00:00","og_image":[{"width":1159,"height":720,"url":"https:\/\/patagoniambiental.com.ar\/info\/wp-content\/uploads\/2021\/09\/bc4f4a66-2bed-4b58-8892-cd7d0ce5b63d.jpeg","type":"image\/jpeg"}],"author":"BRAIAN ESTEVEZ","twitter_card":"summary_large_image","twitter_creator":"@PatAmb","twitter_site":"@PatAmb","schema":{"@context":"https:\/\/schema.org","@graph":[{"@type":"Article","@id":"https:\/\/patagoniambiental.com.ar\/info\/ya-comenzo-a-funcionar-el-nuevo-servicio-gastronomico-de-la-loberia\/#article","isPartOf":{"@id":"https:\/\/patagoniambiental.com.ar\/info\/ya-comenzo-a-funcionar-el-nuevo-servicio-gastronomico-de-la-loberia\/"},"author":{"name":"BRAIAN ESTEVEZ","@id":"https:\/\/patagoniambiental.com.ar\/info\/#\/schema\/person\/e5af09d700b2e82cb10c6b8800e0c691"},"headline":"Ya comenz\u00f3 a funcionar el nuevo servicio gastron\u00f3mico de La Lober\u00eda","datePublished":"2021-09-15T11:44:39+00:00","dateModified":"2021-09-15T11:45:30+00:00","mainEntityOfPage":{"@id":"https:\/\/patagoniambiental.com.ar\/info\/ya-comenzo-a-funcionar-el-nuevo-servicio-gastronomico-de-la-loberia\/"},"wordCount":263,"commentCount":0,"publisher":{"@id":"https:\/\/patagoniambiental.com.ar\/info\/#organization"},"image":{"@id":"https:\/\/patagoniambiental.com.ar\/info\/ya-comenzo-a-funcionar-el-nuevo-servicio-gastronomico-de-la-loberia\/#primaryimage"},"thumbnailUrl":"https:\/\/patagoniambiental.com.ar\/info\/wp-content\/uploads\/2021\/09\/bc4f4a66-2bed-4b58-8892-cd7d0ce5b63d.jpeg","articleSection":["Noticias"],"inLanguage":"es","potentialAction":[{"@type":"CommentAction","name":"Comment","target":["https:\/\/patagoniambiental.com.ar\/info\/ya-comenzo-a-funcionar-el-nuevo-servicio-gastronomico-de-la-loberia\/#respond"]}]},{"@type":"WebPage","@id":"https:\/\/patagoniambiental.com.ar\/info\/ya-comenzo-a-funcionar-el-nuevo-servicio-gastronomico-de-la-loberia\/","url":"https:\/\/patagoniambiental.com.ar\/info\/ya-comenzo-a-funcionar-el-nuevo-servicio-gastronomico-de-la-loberia\/","name":"Ya comenz\u00f3 a funcionar el nuevo servicio gastron\u00f3mico de La Lober\u00eda","isPartOf":{"@id":"https:\/\/patagoniambiental.com.ar\/info\/#website"},"primaryImageOfPage":{"@id":"https:\/\/patagoniambiental.com.ar\/info\/ya-comenzo-a-funcionar-el-nuevo-servicio-gastronomico-de-la-loberia\/#primaryimage"},"image":{"@id":"https:\/\/patagoniambiental.com.ar\/info\/ya-comenzo-a-funcionar-el-nuevo-servicio-gastronomico-de-la-loberia\/#primaryimage"},"thumbnailUrl":"https:\/\/patagoniambiental.com.ar\/info\/wp-content\/uploads\/2021\/09\/bc4f4a66-2bed-4b58-8892-cd7d0ce5b63d.jpeg","datePublished":"2021-09-15T11:44:39+00:00","dateModified":"2021-09-15T11:45:30+00:00","breadcrumb":{"@id":"https:\/\/patagoniambiental.com.ar\/info\/ya-comenzo-a-funcionar-el-nuevo-servicio-gastronomico-de-la-loberia\/#breadcrumb"},"inLanguage":"es","potentialAction":[{"@type":"ReadAction","target":["https:\/\/patagoniambiental.com.ar\/info\/ya-comenzo-a-funcionar-el-nuevo-servicio-gastronomico-de-la-loberia\/"]}]},{"@type":"ImageObject","inLanguage":"es","@id":"https:\/\/patagoniambiental.com.ar\/info\/ya-comenzo-a-funcionar-el-nuevo-servicio-gastronomico-de-la-loberia\/#primaryimage","url":"https:\/\/patagoniambiental.com.ar\/info\/wp-content\/uploads\/2021\/09\/bc4f4a66-2bed-4b58-8892-cd7d0ce5b63d.jpeg","contentUrl":"https:\/\/patagoniambiental.com.ar\/info\/wp-content\/uploads\/2021\/09\/bc4f4a66-2bed-4b58-8892-cd7d0ce5b63d.jpeg","width":966,"height":600},{"@type":"BreadcrumbList","@id":"https:\/\/patagoniambiental.com.ar\/info\/ya-comenzo-a-funcionar-el-nuevo-servicio-gastronomico-de-la-loberia\/#breadcrumb","itemListElement":[{"@type":"ListItem","position":1,"name":"Inicio","item":"https:\/\/patagoniambiental.com.ar\/info\/"},{"@type":"ListItem","position":2,"name":"Ya comenz\u00f3 a funcionar el nuevo servicio gastron\u00f3mico de La Lober\u00eda"}]},{"@type":"WebSite","@id":"https:\/\/patagoniambiental.com.ar\/info\/#website","url":"https:\/\/patagoniambiental.com.ar\/info\/","name":"Patagonia Ambiental","description":"Monitoreo y an\u00e1lisis de la situaci\u00f3n geopol\u00edtica en el mundo y su implicancia en la Patagonia","publisher":{"@id":"https:\/\/patagoniambiental.com.ar\/info\/#organization"},"potentialAction":[{"@type":"SearchAction","target":{"@type":"EntryPoint","urlTemplate":"https:\/\/patagoniambiental.com.ar\/info\/?s={search_term_string}"},"query-input":{"@type":"PropertyValueSpecification","valueRequired":true,"valueName":"search_term_string"}}],"inLanguage":"es"},{"@type":"Organization","@id":"https:\/\/patagoniambiental.com.ar\/info\/#organization","name":"Patagonia Ambiental","url":"https:\/\/patagoniambiental.com.ar\/info\/","logo":{"@type":"ImageObject","inLanguage":"es","@id":"https:\/\/patagoniambiental.com.ar\/info\/#\/schema\/logo\/image\/","url":"https:\/\/patagoniambiental.com.ar\/info\/wp-content\/uploads\/2025\/05\/LOGO-PATAGONIA-AMBIENTAL.png","contentUrl":"https:\/\/patagoniambiental.com.ar\/info\/wp-content\/uploads\/2025\/05\/LOGO-PATAGONIA-AMBIENTAL.png","width":433,"height":250,"caption":"Patagonia Ambiental"},"image":{"@id":"https:\/\/patagoniambiental.com.ar\/info\/#\/schema\/logo\/image\/"},"sameAs":["https:\/\/www.facebook.com\/patagonia.ambiental","https:\/\/x.com\/PatAmb"]},{"@type":"Person","@id":"https:\/\/patagoniambiental.com.ar\/info\/#\/schema\/person\/e5af09d700b2e82cb10c6b8800e0c691","name":"BRAIAN ESTEVEZ","sameAs":["http:\/\/www.patagoniambiental.com.ar"]}]}},"_links":{"self":[{"href":"https:\/\/patagoniambiental.com.ar\/info\/wp-json\/wp\/v2\/posts\/74112","targetHints":{"allow":["GET"]}}],"collection":[{"href":"https:\/\/patagoniambiental.com.ar\/info\/wp-json\/wp\/v2\/posts"}],"about":[{"href":"https:\/\/patagoniambiental.com.ar\/info\/wp-json\/wp\/v2\/types\/post"}],"author":[{"embeddable":true,"href":"https:\/\/patagoniambiental.com.ar\/info\/wp-json\/wp\/v2\/users\/6"}],"replies":[{"embeddable":true,"href":"https:\/\/patagoniambiental.com.ar\/info\/wp-json\/wp\/v2\/comments?post=74112"}],"version-history":[{"count":0,"href":"https:\/\/patagoniambiental.com.ar\/info\/wp-json\/wp\/v2\/posts\/74112\/revisions"}],"wp:featuredmedia":[{"embeddable":true,"href":"https:\/\/patagoniambiental.com.ar\/info\/wp-json\/wp\/v2\/media\/74113"}],"wp:attachment":[{"href":"https:\/\/patagoniambiental.com.ar\/info\/wp-json\/wp\/v2\/media?parent=74112"}],"wp:term":[{"taxonomy":"category","embeddable":true,"href":"https:\/\/patagoniambiental.com.ar\/info\/wp-json\/wp\/v2\/categories?post=74112"},{"taxonomy":"post_tag","embeddable":true,"href":"https:\/\/patagoniambiental.com.ar\/info\/wp-json\/wp\/v2\/tags?post=74112"}],"curies":[{"name":"wp","href":"https:\/\/api.w.org\/{rel}","templated":true}]}}