{"id":74118,"date":"2021-09-16T07:00:00","date_gmt":"2021-09-16T10:00:00","guid":{"rendered":"http:\/\/patagoniambiental.com.ar\/info\/?p=74118"},"modified":"2021-09-16T11:43:16","modified_gmt":"2021-09-16T14:43:16","slug":"el-viernes-comienza-la-semana-de-movilidad-sustentable-en-madryn","status":"publish","type":"post","link":"https:\/\/patagoniambiental.com.ar\/info\/el-viernes-comienza-la-semana-de-movilidad-sustentable-en-madryn\/","title":{"rendered":"El viernes comienza la semana de movilidad sustentable en Madryn"},"content":{"rendered":"\n<!--more-->\n\n\n\n<p>Puerto Madryn.-Ser\u00e1 del viernes 17 de septiembre al lunes 20. El cronograma contempla actividades con los ejes de salud, seguridad e infraestructura<\/p>\n\n\n\n<p><\/p>\n\n\n\n<figure class=\"wp-block-image\"><img decoding=\"async\" src=\"https:\/\/pxb.cdn.elchubut.com.ar\/chubut\/092021\/1631730723451.webp?cw=1315&amp;ch=749&amp;extw=jpg\" alt=\"El viernes comienza la semana de movilidad sustentable en Madryn\" title=\"El viernes comienza la semana de movilidad sustentable en Madryn\"\/><\/figure>\n\n\n\n<p>Organizada por la Subsecretar\u00eda de Deportes de la Municipalidad de Puerto Madryn y acompa\u00f1ada por la CAMAD y propietarios de bicicleter\u00edas de la ciudad, entre el viernes 17 y lunes 20 de septiembre, se realizar\u00e1 la Semana de la Movilidad Sustentable.<br><br>El evento, que tendr\u00e1 su lanzamiento en el club de Aeromodelismo el viernes a las 12 horas, contar\u00e1 con actividades vinculadas a la salud, seguridad e infraestructura, que se desarrollar\u00e1n en el marco del programa mundial \u201cObjetivos de Movilidad Sustentable\u201d.<br><br>Entre los objetivos planteados para esta edici\u00f3n, se busca fomentar y promover la sostenibilidad; mejorar la salud f\u00edsica luchando contra el sedentarismo; reducir el tr\u00e1fico, lo que mejora la circulaci\u00f3n; lograr una ciudad m\u00e1s limpia y una mejor calidad de vida y promover un estilo de vida saludable, entre otras acciones que se llevar\u00e1n a cabo.<br><br><br>\u00bfQU\u00c9 ES LA MOVILIDAD SUSTENTABLE?<br><br>Es un concepto cada vez m\u00e1s escuchado entre quienes promueven una movilidad m\u00e1s segura y eficiente en las ciudades, menos contaminante y equitativa.<br>La movilidad sustentable es una alternativa y tendencia mundial que desaf\u00eda al modelo actual de movilidad centrado en el autom\u00f3vil particular.<br>Es importante porque implica un compromiso con el medioambiente, a trav\u00e9s de la reducci\u00f3n de la contaminaci\u00f3n y la mitigaci\u00f3n de la congesti\u00f3n vehicular.<br><br><br>CRONOGRAMA<br><br>Viernes 17<br>12 horas: Apertura en Club de Aeromodelismo<br>14 a 17 horas: Circuito vial plaza Euskadi<br>Acreditaci\u00f3n: \u201cDesaf\u00edo Punta Este-Playa Paran\u00e1\u201d<br><br>S\u00e1bado 18<br>14 a 17 horas: Circuito vial Euskadi<br>Desaf\u00edo: \u201cPunta Este-Playa Paran\u00e1\u201d<br><br>Domingo 19<br>15 a 19 horas: Ciclov\u00eda en calle Hansen<br>Desaf\u00edo: \u201cPunta Este-Playa Paran\u00e1\u201d (Adultos)<br><br>Lunes 20<br>11 horas: Reuni\u00f3n en la CAMAD para conformar calendario de carreras 2022.<br>Charla: \u201cLa bici en la clase de Educaci\u00f3n F\u00edsica\u201d<br>Lanzamiento: carrera \u201cVuelta Ballenas\u201d<br><br>Acciones\/charlas sustentables (Durante la semana)<br>&#8211; Lanzamiento 2do Taller Ciclomec\u00e1nica<br>&#8211; Bicicleteros en edificios p\u00fablicos<br>&#8211; Registro de bicicletas (implementaci\u00f3n de ordenanza)<br>&#8211; Registro conductor (incluye normas de circulaci\u00f3n en bicicleta)<br>&#8211; Mapeo servicios para usuarios de bici<br>&#8211; Proyecto de bicisendas en toda la ciudad<br>&#8211; Reconocimiento a prestadores de servicios de bici<br>&#8211; Capacitaci\u00f3n de inspectores de tr\u00e1nsito<br>&#8211; Monumento a la bici<br>&#8211; Ciclov\u00edas (mejoramiento Playa Paran\u00e1 y Doradillo)<br>&#8211; Descuentos comerciales en bicicleter\u00edas por servicios de taller y de seguridad<\/p>\n","protected":false},"excerpt":{"rendered":"","protected":false},"author":6,"featured_media":74119,"comment_status":"open","ping_status":"open","sticky":false,"template":"","format":"standard","meta":{"site-sidebar-layout":"default","site-content-layout":"","ast-site-content-layout":"default","site-content-style":"default","site-sidebar-style":"default","ast-global-header-display":"","ast-banner-title-visibility":"","ast-main-header-display":"","ast-hfb-above-header-display":"","ast-hfb-below-header-display":"","ast-hfb-mobile-header-display":"","site-post-title":"","ast-breadcrumbs-content":"","ast-featured-img":"","footer-sml-layout":"","ast-disable-related-posts":"","theme-transparent-header-meta":"","adv-header-id-meta":"","stick-header-meta":"","header-above-stick-meta":"","header-main-stick-meta":"","header-below-stick-meta":"","astra-migrate-meta-layouts":"default","ast-page-background-enabled":"default","ast-page-background-meta":{"desktop":{"background-color":"var(--ast-global-color-5)","background-image":"","background-repeat":"repeat","background-position":"center center","background-size":"auto","background-attachment":"scroll","background-type":"","background-media":"","overlay-type":"","overlay-color":"","overlay-opacity":"","overlay-gradient":""},"tablet":{"background-color":"","background-image":"","background-repeat":"repeat","background-position":"center center","background-size":"auto","background-attachment":"scroll","background-type":"","background-media":"","overlay-type":"","overlay-color":"","overlay-opacity":"","overlay-gradient":""},"mobile":{"background-color":"","background-image":"","background-repeat":"repeat","background-position":"center center","background-size":"auto","background-attachment":"scroll","background-type":"","background-media":"","overlay-type":"","overlay-color":"","overlay-opacity":"","overlay-gradient":""}},"ast-content-background-meta":{"desktop":{"background-color":"var(--ast-global-color-4)","background-image":"","background-repeat":"repeat","background-position":"center center","background-size":"auto","background-attachment":"scroll","background-type":"","background-media":"","overlay-type":"","overlay-color":"","overlay-opacity":"","overlay-gradient":""},"tablet":{"background-color":"var(--ast-global-color-4)","background-image":"","background-repeat":"repeat","background-position":"center center","background-size":"auto","background-attachment":"scroll","background-type":"","background-media":"","overlay-type":"","overlay-color":"","overlay-opacity":"","overlay-gradient":""},"mobile":{"background-color":"var(--ast-global-color-4)","background-image":"","background-repeat":"repeat","background-position":"center center","background-size":"auto","background-attachment":"scroll","background-type":"","background-media":"","overlay-type":"","overlay-color":"","overlay-opacity":"","overlay-gradient":""}},"footnotes":""},"categories":[12,11,1,10],"tags":[],"class_list":["post-74118","post","type-post","status-publish","format-standard","has-post-thumbnail","hentry","category-agenda-ambiental","category-boletin","category-noticias","category-rotador"],"yoast_head":"<!-- This site is optimized with the Yoast SEO Premium plugin v23.0 (Yoast SEO v27.5) - https:\/\/yoast.com\/product\/yoast-seo-premium-wordpress\/ -->\n<title>El viernes comienza la semana de movilidad sustentable en Madryn<\/title>\n<meta name=\"robots\" content=\"index, follow, max-snippet:-1, max-image-preview:large, max-video-preview:-1\" \/>\n<link rel=\"canonical\" href=\"https:\/\/patagoniambiental.com.ar\/info\/el-viernes-comienza-la-semana-de-movilidad-sustentable-en-madryn\/\" \/>\n<meta property=\"og:locale\" content=\"es_ES\" \/>\n<meta property=\"og:type\" content=\"article\" \/>\n<meta property=\"og:title\" content=\"El viernes comienza la semana de movilidad sustentable en Madryn\" \/>\n<meta property=\"og:url\" content=\"https:\/\/patagoniambiental.com.ar\/info\/el-viernes-comienza-la-semana-de-movilidad-sustentable-en-madryn\/\" \/>\n<meta property=\"og:site_name\" content=\"Patagonia Ambiental\" \/>\n<meta property=\"article:publisher\" content=\"https:\/\/www.facebook.com\/patagonia.ambiental\" \/>\n<meta property=\"article:published_time\" content=\"2021-09-16T10:00:00+00:00\" \/>\n<meta property=\"article:modified_time\" content=\"2021-09-16T14:43:16+00:00\" \/>\n<meta property=\"og:image\" content=\"https:\/\/patagoniambiental.com.ar\/info\/wp-content\/uploads\/2021\/09\/Sin-titulo-4.jpg\" \/>\n\t<meta property=\"og:image:width\" content=\"828\" \/>\n\t<meta property=\"og:image:height\" content=\"446\" \/>\n\t<meta property=\"og:image:type\" content=\"image\/jpeg\" \/>\n<meta name=\"author\" content=\"BRAIAN ESTEVEZ\" \/>\n<meta name=\"twitter:card\" content=\"summary_large_image\" \/>\n<meta name=\"twitter:creator\" content=\"@PatAmb\" \/>\n<meta name=\"twitter:site\" content=\"@PatAmb\" \/>\n<script type=\"application\/ld+json\" class=\"yoast-schema-graph\">{\"@context\":\"https:\\\/\\\/schema.org\",\"@graph\":[{\"@type\":\"Article\",\"@id\":\"https:\\\/\\\/patagoniambiental.com.ar\\\/info\\\/el-viernes-comienza-la-semana-de-movilidad-sustentable-en-madryn\\\/#article\",\"isPartOf\":{\"@id\":\"https:\\\/\\\/patagoniambiental.com.ar\\\/info\\\/el-viernes-comienza-la-semana-de-movilidad-sustentable-en-madryn\\\/\"},\"author\":{\"name\":\"BRAIAN ESTEVEZ\",\"@id\":\"https:\\\/\\\/patagoniambiental.com.ar\\\/info\\\/#\\\/schema\\\/person\\\/e5af09d700b2e82cb10c6b8800e0c691\"},\"headline\":\"El viernes comienza la semana de movilidad sustentable en Madryn\",\"datePublished\":\"2021-09-16T10:00:00+00:00\",\"dateModified\":\"2021-09-16T14:43:16+00:00\",\"mainEntityOfPage\":{\"@id\":\"https:\\\/\\\/patagoniambiental.com.ar\\\/info\\\/el-viernes-comienza-la-semana-de-movilidad-sustentable-en-madryn\\\/\"},\"wordCount\":414,\"commentCount\":0,\"publisher\":{\"@id\":\"https:\\\/\\\/patagoniambiental.com.ar\\\/info\\\/#organization\"},\"image\":{\"@id\":\"https:\\\/\\\/patagoniambiental.com.ar\\\/info\\\/el-viernes-comienza-la-semana-de-movilidad-sustentable-en-madryn\\\/#primaryimage\"},\"thumbnailUrl\":\"https:\\\/\\\/patagoniambiental.com.ar\\\/info\\\/wp-content\\\/uploads\\\/2021\\\/09\\\/Sin-titulo-4.jpg\",\"articleSection\":[\"Agenda Ambiental\",\"Bolet\u00edn\",\"Noticias\",\"Rotador\"],\"inLanguage\":\"es\",\"potentialAction\":[{\"@type\":\"CommentAction\",\"name\":\"Comment\",\"target\":[\"https:\\\/\\\/patagoniambiental.com.ar\\\/info\\\/el-viernes-comienza-la-semana-de-movilidad-sustentable-en-madryn\\\/#respond\"]}]},{\"@type\":\"WebPage\",\"@id\":\"https:\\\/\\\/patagoniambiental.com.ar\\\/info\\\/el-viernes-comienza-la-semana-de-movilidad-sustentable-en-madryn\\\/\",\"url\":\"https:\\\/\\\/patagoniambiental.com.ar\\\/info\\\/el-viernes-comienza-la-semana-de-movilidad-sustentable-en-madryn\\\/\",\"name\":\"El viernes comienza la semana de movilidad sustentable en Madryn\",\"isPartOf\":{\"@id\":\"https:\\\/\\\/patagoniambiental.com.ar\\\/info\\\/#website\"},\"primaryImageOfPage\":{\"@id\":\"https:\\\/\\\/patagoniambiental.com.ar\\\/info\\\/el-viernes-comienza-la-semana-de-movilidad-sustentable-en-madryn\\\/#primaryimage\"},\"image\":{\"@id\":\"https:\\\/\\\/patagoniambiental.com.ar\\\/info\\\/el-viernes-comienza-la-semana-de-movilidad-sustentable-en-madryn\\\/#primaryimage\"},\"thumbnailUrl\":\"https:\\\/\\\/patagoniambiental.com.ar\\\/info\\\/wp-content\\\/uploads\\\/2021\\\/09\\\/Sin-titulo-4.jpg\",\"datePublished\":\"2021-09-16T10:00:00+00:00\",\"dateModified\":\"2021-09-16T14:43:16+00:00\",\"breadcrumb\":{\"@id\":\"https:\\\/\\\/patagoniambiental.com.ar\\\/info\\\/el-viernes-comienza-la-semana-de-movilidad-sustentable-en-madryn\\\/#breadcrumb\"},\"inLanguage\":\"es\",\"potentialAction\":[{\"@type\":\"ReadAction\",\"target\":[\"https:\\\/\\\/patagoniambiental.com.ar\\\/info\\\/el-viernes-comienza-la-semana-de-movilidad-sustentable-en-madryn\\\/\"]}]},{\"@type\":\"ImageObject\",\"inLanguage\":\"es\",\"@id\":\"https:\\\/\\\/patagoniambiental.com.ar\\\/info\\\/el-viernes-comienza-la-semana-de-movilidad-sustentable-en-madryn\\\/#primaryimage\",\"url\":\"https:\\\/\\\/patagoniambiental.com.ar\\\/info\\\/wp-content\\\/uploads\\\/2021\\\/09\\\/Sin-titulo-4.jpg\",\"contentUrl\":\"https:\\\/\\\/patagoniambiental.com.ar\\\/info\\\/wp-content\\\/uploads\\\/2021\\\/09\\\/Sin-titulo-4.jpg\",\"width\":828,\"height\":446},{\"@type\":\"BreadcrumbList\",\"@id\":\"https:\\\/\\\/patagoniambiental.com.ar\\\/info\\\/el-viernes-comienza-la-semana-de-movilidad-sustentable-en-madryn\\\/#breadcrumb\",\"itemListElement\":[{\"@type\":\"ListItem\",\"position\":1,\"name\":\"Inicio\",\"item\":\"https:\\\/\\\/patagoniambiental.com.ar\\\/info\\\/\"},{\"@type\":\"ListItem\",\"position\":2,\"name\":\"El viernes comienza la semana de movilidad sustentable en Madryn\"}]},{\"@type\":\"WebSite\",\"@id\":\"https:\\\/\\\/patagoniambiental.com.ar\\\/info\\\/#website\",\"url\":\"https:\\\/\\\/patagoniambiental.com.ar\\\/info\\\/\",\"name\":\"Patagonia Ambiental\",\"description\":\"Monitoreo y an\u00e1lisis de la situaci\u00f3n geopol\u00edtica en el mundo y su implicancia en la Patagonia\",\"publisher\":{\"@id\":\"https:\\\/\\\/patagoniambiental.com.ar\\\/info\\\/#organization\"},\"potentialAction\":[{\"@type\":\"SearchAction\",\"target\":{\"@type\":\"EntryPoint\",\"urlTemplate\":\"https:\\\/\\\/patagoniambiental.com.ar\\\/info\\\/?s={search_term_string}\"},\"query-input\":{\"@type\":\"PropertyValueSpecification\",\"valueRequired\":true,\"valueName\":\"search_term_string\"}}],\"inLanguage\":\"es\"},{\"@type\":\"Organization\",\"@id\":\"https:\\\/\\\/patagoniambiental.com.ar\\\/info\\\/#organization\",\"name\":\"Patagonia Ambiental\",\"url\":\"https:\\\/\\\/patagoniambiental.com.ar\\\/info\\\/\",\"logo\":{\"@type\":\"ImageObject\",\"inLanguage\":\"es\",\"@id\":\"https:\\\/\\\/patagoniambiental.com.ar\\\/info\\\/#\\\/schema\\\/logo\\\/image\\\/\",\"url\":\"https:\\\/\\\/patagoniambiental.com.ar\\\/info\\\/wp-content\\\/uploads\\\/2025\\\/05\\\/LOGO-PATAGONIA-AMBIENTAL.png\",\"contentUrl\":\"https:\\\/\\\/patagoniambiental.com.ar\\\/info\\\/wp-content\\\/uploads\\\/2025\\\/05\\\/LOGO-PATAGONIA-AMBIENTAL.png\",\"width\":433,\"height\":250,\"caption\":\"Patagonia Ambiental\"},\"image\":{\"@id\":\"https:\\\/\\\/patagoniambiental.com.ar\\\/info\\\/#\\\/schema\\\/logo\\\/image\\\/\"},\"sameAs\":[\"https:\\\/\\\/www.facebook.com\\\/patagonia.ambiental\",\"https:\\\/\\\/x.com\\\/PatAmb\"]},{\"@type\":\"Person\",\"@id\":\"https:\\\/\\\/patagoniambiental.com.ar\\\/info\\\/#\\\/schema\\\/person\\\/e5af09d700b2e82cb10c6b8800e0c691\",\"name\":\"BRAIAN ESTEVEZ\",\"sameAs\":[\"http:\\\/\\\/www.patagoniambiental.com.ar\"]}]}<\/script>\n<!-- \/ Yoast SEO Premium plugin. -->","yoast_head_json":{"title":"El viernes comienza la semana de movilidad sustentable en Madryn","robots":{"index":"index","follow":"follow","max-snippet":"max-snippet:-1","max-image-preview":"max-image-preview:large","max-video-preview":"max-video-preview:-1"},"canonical":"https:\/\/patagoniambiental.com.ar\/info\/el-viernes-comienza-la-semana-de-movilidad-sustentable-en-madryn\/","og_locale":"es_ES","og_type":"article","og_title":"El viernes comienza la semana de movilidad sustentable en Madryn","og_url":"https:\/\/patagoniambiental.com.ar\/info\/el-viernes-comienza-la-semana-de-movilidad-sustentable-en-madryn\/","og_site_name":"Patagonia Ambiental","article_publisher":"https:\/\/www.facebook.com\/patagonia.ambiental","article_published_time":"2021-09-16T10:00:00+00:00","article_modified_time":"2021-09-16T14:43:16+00:00","og_image":[{"width":828,"height":446,"url":"https:\/\/patagoniambiental.com.ar\/info\/wp-content\/uploads\/2021\/09\/Sin-titulo-4.jpg","type":"image\/jpeg"}],"author":"BRAIAN ESTEVEZ","twitter_card":"summary_large_image","twitter_creator":"@PatAmb","twitter_site":"@PatAmb","schema":{"@context":"https:\/\/schema.org","@graph":[{"@type":"Article","@id":"https:\/\/patagoniambiental.com.ar\/info\/el-viernes-comienza-la-semana-de-movilidad-sustentable-en-madryn\/#article","isPartOf":{"@id":"https:\/\/patagoniambiental.com.ar\/info\/el-viernes-comienza-la-semana-de-movilidad-sustentable-en-madryn\/"},"author":{"name":"BRAIAN ESTEVEZ","@id":"https:\/\/patagoniambiental.com.ar\/info\/#\/schema\/person\/e5af09d700b2e82cb10c6b8800e0c691"},"headline":"El viernes comienza la semana de movilidad sustentable en Madryn","datePublished":"2021-09-16T10:00:00+00:00","dateModified":"2021-09-16T14:43:16+00:00","mainEntityOfPage":{"@id":"https:\/\/patagoniambiental.com.ar\/info\/el-viernes-comienza-la-semana-de-movilidad-sustentable-en-madryn\/"},"wordCount":414,"commentCount":0,"publisher":{"@id":"https:\/\/patagoniambiental.com.ar\/info\/#organization"},"image":{"@id":"https:\/\/patagoniambiental.com.ar\/info\/el-viernes-comienza-la-semana-de-movilidad-sustentable-en-madryn\/#primaryimage"},"thumbnailUrl":"https:\/\/patagoniambiental.com.ar\/info\/wp-content\/uploads\/2021\/09\/Sin-titulo-4.jpg","articleSection":["Agenda Ambiental","Bolet\u00edn","Noticias","Rotador"],"inLanguage":"es","potentialAction":[{"@type":"CommentAction","name":"Comment","target":["https:\/\/patagoniambiental.com.ar\/info\/el-viernes-comienza-la-semana-de-movilidad-sustentable-en-madryn\/#respond"]}]},{"@type":"WebPage","@id":"https:\/\/patagoniambiental.com.ar\/info\/el-viernes-comienza-la-semana-de-movilidad-sustentable-en-madryn\/","url":"https:\/\/patagoniambiental.com.ar\/info\/el-viernes-comienza-la-semana-de-movilidad-sustentable-en-madryn\/","name":"El viernes comienza la semana de movilidad sustentable en Madryn","isPartOf":{"@id":"https:\/\/patagoniambiental.com.ar\/info\/#website"},"primaryImageOfPage":{"@id":"https:\/\/patagoniambiental.com.ar\/info\/el-viernes-comienza-la-semana-de-movilidad-sustentable-en-madryn\/#primaryimage"},"image":{"@id":"https:\/\/patagoniambiental.com.ar\/info\/el-viernes-comienza-la-semana-de-movilidad-sustentable-en-madryn\/#primaryimage"},"thumbnailUrl":"https:\/\/patagoniambiental.com.ar\/info\/wp-content\/uploads\/2021\/09\/Sin-titulo-4.jpg","datePublished":"2021-09-16T10:00:00+00:00","dateModified":"2021-09-16T14:43:16+00:00","breadcrumb":{"@id":"https:\/\/patagoniambiental.com.ar\/info\/el-viernes-comienza-la-semana-de-movilidad-sustentable-en-madryn\/#breadcrumb"},"inLanguage":"es","potentialAction":[{"@type":"ReadAction","target":["https:\/\/patagoniambiental.com.ar\/info\/el-viernes-comienza-la-semana-de-movilidad-sustentable-en-madryn\/"]}]},{"@type":"ImageObject","inLanguage":"es","@id":"https:\/\/patagoniambiental.com.ar\/info\/el-viernes-comienza-la-semana-de-movilidad-sustentable-en-madryn\/#primaryimage","url":"https:\/\/patagoniambiental.com.ar\/info\/wp-content\/uploads\/2021\/09\/Sin-titulo-4.jpg","contentUrl":"https:\/\/patagoniambiental.com.ar\/info\/wp-content\/uploads\/2021\/09\/Sin-titulo-4.jpg","width":828,"height":446},{"@type":"BreadcrumbList","@id":"https:\/\/patagoniambiental.com.ar\/info\/el-viernes-comienza-la-semana-de-movilidad-sustentable-en-madryn\/#breadcrumb","itemListElement":[{"@type":"ListItem","position":1,"name":"Inicio","item":"https:\/\/patagoniambiental.com.ar\/info\/"},{"@type":"ListItem","position":2,"name":"El viernes comienza la semana de movilidad sustentable en Madryn"}]},{"@type":"WebSite","@id":"https:\/\/patagoniambiental.com.ar\/info\/#website","url":"https:\/\/patagoniambiental.com.ar\/info\/","name":"Patagonia Ambiental","description":"Monitoreo y an\u00e1lisis de la situaci\u00f3n geopol\u00edtica en el mundo y su implicancia en la Patagonia","publisher":{"@id":"https:\/\/patagoniambiental.com.ar\/info\/#organization"},"potentialAction":[{"@type":"SearchAction","target":{"@type":"EntryPoint","urlTemplate":"https:\/\/patagoniambiental.com.ar\/info\/?s={search_term_string}"},"query-input":{"@type":"PropertyValueSpecification","valueRequired":true,"valueName":"search_term_string"}}],"inLanguage":"es"},{"@type":"Organization","@id":"https:\/\/patagoniambiental.com.ar\/info\/#organization","name":"Patagonia Ambiental","url":"https:\/\/patagoniambiental.com.ar\/info\/","logo":{"@type":"ImageObject","inLanguage":"es","@id":"https:\/\/patagoniambiental.com.ar\/info\/#\/schema\/logo\/image\/","url":"https:\/\/patagoniambiental.com.ar\/info\/wp-content\/uploads\/2025\/05\/LOGO-PATAGONIA-AMBIENTAL.png","contentUrl":"https:\/\/patagoniambiental.com.ar\/info\/wp-content\/uploads\/2025\/05\/LOGO-PATAGONIA-AMBIENTAL.png","width":433,"height":250,"caption":"Patagonia Ambiental"},"image":{"@id":"https:\/\/patagoniambiental.com.ar\/info\/#\/schema\/logo\/image\/"},"sameAs":["https:\/\/www.facebook.com\/patagonia.ambiental","https:\/\/x.com\/PatAmb"]},{"@type":"Person","@id":"https:\/\/patagoniambiental.com.ar\/info\/#\/schema\/person\/e5af09d700b2e82cb10c6b8800e0c691","name":"BRAIAN ESTEVEZ","sameAs":["http:\/\/www.patagoniambiental.com.ar"]}]}},"_links":{"self":[{"href":"https:\/\/patagoniambiental.com.ar\/info\/wp-json\/wp\/v2\/posts\/74118","targetHints":{"allow":["GET"]}}],"collection":[{"href":"https:\/\/patagoniambiental.com.ar\/info\/wp-json\/wp\/v2\/posts"}],"about":[{"href":"https:\/\/patagoniambiental.com.ar\/info\/wp-json\/wp\/v2\/types\/post"}],"author":[{"embeddable":true,"href":"https:\/\/patagoniambiental.com.ar\/info\/wp-json\/wp\/v2\/users\/6"}],"replies":[{"embeddable":true,"href":"https:\/\/patagoniambiental.com.ar\/info\/wp-json\/wp\/v2\/comments?post=74118"}],"version-history":[{"count":0,"href":"https:\/\/patagoniambiental.com.ar\/info\/wp-json\/wp\/v2\/posts\/74118\/revisions"}],"wp:featuredmedia":[{"embeddable":true,"href":"https:\/\/patagoniambiental.com.ar\/info\/wp-json\/wp\/v2\/media\/74119"}],"wp:attachment":[{"href":"https:\/\/patagoniambiental.com.ar\/info\/wp-json\/wp\/v2\/media?parent=74118"}],"wp:term":[{"taxonomy":"category","embeddable":true,"href":"https:\/\/patagoniambiental.com.ar\/info\/wp-json\/wp\/v2\/categories?post=74118"},{"taxonomy":"post_tag","embeddable":true,"href":"https:\/\/patagoniambiental.com.ar\/info\/wp-json\/wp\/v2\/tags?post=74118"}],"curies":[{"name":"wp","href":"https:\/\/api.w.org\/{rel}","templated":true}]}}