{"id":74130,"date":"2021-09-15T19:00:00","date_gmt":"2021-09-15T22:00:00","guid":{"rendered":"http:\/\/patagoniambiental.com.ar\/info\/?p=74130"},"modified":"2021-09-16T12:13:47","modified_gmt":"2021-09-16T15:13:47","slug":"garantizan-los-fondos-para-la-remediacion-de-plomo-en-san-antonio-oeste","status":"publish","type":"post","link":"https:\/\/patagoniambiental.com.ar\/info\/garantizan-los-fondos-para-la-remediacion-de-plomo-en-san-antonio-oeste\/","title":{"rendered":"Garantizan los fondos para la remediaci\u00f3n de plomo en San Antonio Oeste"},"content":{"rendered":"\n<!--more-->\n\n\n\n<h4 class=\"wp-block-heading\">La Gobernadora, Arabela Carreras; el secretario de Miner\u00eda de la Naci\u00f3n, Alberto Valent\u00edn Hensel y el intendente de San Antonio Oeste, Adri\u00e1n Casadei, firmaron hoy el acuerdo que dispone la transferencia de los fondos para la remediaci\u00f3n integral y definitiva de plomo en esa ciudad, producto de la actividad de la ex fundici\u00f3n Geot\u00e9cnica.<\/h4>\n\n\n\n<h6 class=\"wp-block-heading\">Fecha:&nbsp;<strong>15 de septiembre de 2021<\/strong><\/h6>\n\n\n\n<figure class=\"wp-block-image\"><img decoding=\"async\" src=\"https:\/\/rionegro.gov.ar\/_next\/image?url=https%3A%2F%2Fsilvercoder.rionegro.gov.ar%2Ffiles%2F1631719183_8f4166563c0b303cc508.jpg&amp;w=3840&amp;q=75\" alt=\"\"\/><\/figure>\n\n\n\n<p>El convenio se firm\u00f3 hoy en Buenos Aires.Cr\u00e9dito:&nbsp;Jorge Badillo \/ Gobierno de R\u00edo Negro<\/p>\n\n\n\n<p>El acta complementa el convenio marco firmado en marzo de este a\u00f1o, buscando establecer las bases definitivas que permitan avanzar en la remediaci\u00f3n en calles y veredas de las Manzanas 383 y 384 del \u00e1rea identificada como \u201cPila Ex-Fundici\u00f3n\u201d, adem\u00e1s de trabajar en un informe de estado de la situaci\u00f3n ambiental y el cierre definitivo de la celda de seguridad en Mancha Blanca.https:\/\/platform.twitter.com\/embed\/Tweet.html?dnt=false&amp;embedId=twitter-widget-0&amp;features=eyJ0ZndfZXhwZXJpbWVudHNfY29va2llX2V4cGlyYXRpb24iOnsiYnVja2V0IjoxMjA5NjAwLCJ2ZXJzaW9uIjpudWxsfSwidGZ3X2hvcml6b25fdHdlZXRfZW1iZWRfOTU1NSI6eyJidWNrZXQiOiJodGUiLCJ2ZXJzaW9uIjpudWxsfSwidGZ3X3NwYWNlX2NhcmQiOnsiYnVja2V0Ijoib2ZmIiwidmVyc2lvbiI6bnVsbH19&amp;frame=false&amp;hideCard=false&amp;hideThread=false&amp;id=1438159929685204998&amp;lang=es&amp;origin=https%3A%2F%2Frionegro.gov.ar%2Farticulo%2F38555%2Fgarantizan-los-fondos-para-la-remediacion-de-plomo-en-san-antonio-oeste&amp;sessionId=0db29b818d2b5ef20030ec78012800546ab0363c&amp;theme=light&amp;widgetsVersion=1890d59c%3A1627936082797&amp;width=550px<\/p>\n\n\n\n<p>De acuerdo al convenio firmado hoy en Buenos Aires, el Gobierno de la Naci\u00f3n transferir\u00e1 a la Municipalidad los fondos destinados a la obra que contempla la remoci\u00f3n, transporte y disposici\u00f3n final del suelo contaminado y la urbanizaci\u00f3n de la zona.<\/p>\n\n\n\n<p>Acompa\u00f1aron a la Gobernadora el secretario General de la Gobernaci\u00f3n, Daniel&nbsp;Sanguinetti;&nbsp;la secretaria de Estado de Energ\u00eda, Andrea Confini; la secretaria de Ambiente y Cambio Clim\u00e1tico, Dina Migani; y el secretario de Miner\u00eda, Joaqu\u00edn Aberastain Oro.<\/p>\n\n\n\n<p>Por Naci\u00f3n participaron la subsecretaria de Pol\u00edtica Minera, Sylvia Gimbernat; y el director Nacional de Producci\u00f3n Minera Sustentable, Alberto Santos Capra.\u00a0<\/p>\n\n\n\n<p>Fuente: https:\/\/rionegro.gov.ar\/articulo\/38555\/garantizan-los-fondos-para-la-remediacion-de-plomo-en-san-antonio-oeste<\/p>\n","protected":false},"excerpt":{"rendered":"","protected":false},"author":6,"featured_media":74131,"comment_status":"open","ping_status":"open","sticky":false,"template":"","format":"standard","meta":{"site-sidebar-layout":"default","site-content-layout":"","ast-site-content-layout":"default","site-content-style":"default","site-sidebar-style":"default","ast-global-header-display":"","ast-banner-title-visibility":"","ast-main-header-display":"","ast-hfb-above-header-display":"","ast-hfb-below-header-display":"","ast-hfb-mobile-header-display":"","site-post-title":"","ast-breadcrumbs-content":"","ast-featured-img":"","footer-sml-layout":"","ast-disable-related-posts":"","theme-transparent-header-meta":"","adv-header-id-meta":"","stick-header-meta":"","header-above-stick-meta":"","header-main-stick-meta":"","header-below-stick-meta":"","astra-migrate-meta-layouts":"default","ast-page-background-enabled":"default","ast-page-background-meta":{"desktop":{"background-color":"var(--ast-global-color-5)","background-image":"","background-repeat":"repeat","background-position":"center center","background-size":"auto","background-attachment":"scroll","background-type":"","background-media":"","overlay-type":"","overlay-color":"","overlay-opacity":"","overlay-gradient":""},"tablet":{"background-color":"","background-image":"","background-repeat":"repeat","background-position":"center center","background-size":"auto","background-attachment":"scroll","background-type":"","background-media":"","overlay-type":"","overlay-color":"","overlay-opacity":"","overlay-gradient":""},"mobile":{"background-color":"","background-image":"","background-repeat":"repeat","background-position":"center center","background-size":"auto","background-attachment":"scroll","background-type":"","background-media":"","overlay-type":"","overlay-color":"","overlay-opacity":"","overlay-gradient":""}},"ast-content-background-meta":{"desktop":{"background-color":"var(--ast-global-color-4)","background-image":"","background-repeat":"repeat","background-position":"center center","background-size":"auto","background-attachment":"scroll","background-type":"","background-media":"","overlay-type":"","overlay-color":"","overlay-opacity":"","overlay-gradient":""},"tablet":{"background-color":"var(--ast-global-color-4)","background-image":"","background-repeat":"repeat","background-position":"center center","background-size":"auto","background-attachment":"scroll","background-type":"","background-media":"","overlay-type":"","overlay-color":"","overlay-opacity":"","overlay-gradient":""},"mobile":{"background-color":"var(--ast-global-color-4)","background-image":"","background-repeat":"repeat","background-position":"center center","background-size":"auto","background-attachment":"scroll","background-type":"","background-media":"","overlay-type":"","overlay-color":"","overlay-opacity":"","overlay-gradient":""}},"footnotes":""},"categories":[1,13,14],"tags":[],"class_list":["post-74130","post","type-post","status-publish","format-standard","has-post-thumbnail","hentry","category-noticias","category-provinciales","category-rio-negro"],"yoast_head":"<!-- This site is optimized with the Yoast SEO Premium plugin v23.0 (Yoast SEO v27.5) - https:\/\/yoast.com\/product\/yoast-seo-premium-wordpress\/ -->\n<title>Garantizan los fondos para la remediaci\u00f3n de plomo en San Antonio Oeste<\/title>\n<meta name=\"robots\" content=\"index, follow, max-snippet:-1, max-image-preview:large, max-video-preview:-1\" \/>\n<link rel=\"canonical\" href=\"https:\/\/patagoniambiental.com.ar\/info\/garantizan-los-fondos-para-la-remediacion-de-plomo-en-san-antonio-oeste\/\" \/>\n<meta property=\"og:locale\" content=\"es_ES\" \/>\n<meta property=\"og:type\" content=\"article\" \/>\n<meta property=\"og:title\" content=\"Garantizan los fondos para la remediaci\u00f3n de plomo en San Antonio Oeste\" \/>\n<meta property=\"og:url\" content=\"https:\/\/patagoniambiental.com.ar\/info\/garantizan-los-fondos-para-la-remediacion-de-plomo-en-san-antonio-oeste\/\" \/>\n<meta property=\"og:site_name\" content=\"Patagonia Ambiental\" \/>\n<meta property=\"article:publisher\" content=\"https:\/\/www.facebook.com\/patagonia.ambiental\" \/>\n<meta property=\"article:published_time\" content=\"2021-09-15T22:00:00+00:00\" \/>\n<meta property=\"article:modified_time\" content=\"2021-09-16T15:13:47+00:00\" \/>\n<meta property=\"og:image\" content=\"https:\/\/patagoniambiental.com.ar\/info\/wp-content\/uploads\/2021\/09\/456-2.jpg\" \/>\n\t<meta property=\"og:image:width\" content=\"979\" \/>\n\t<meta property=\"og:image:height\" content=\"477\" \/>\n\t<meta property=\"og:image:type\" content=\"image\/jpeg\" \/>\n<meta name=\"author\" content=\"BRAIAN ESTEVEZ\" \/>\n<meta name=\"twitter:card\" content=\"summary_large_image\" \/>\n<meta name=\"twitter:creator\" content=\"@PatAmb\" \/>\n<meta name=\"twitter:site\" content=\"@PatAmb\" \/>\n<script type=\"application\/ld+json\" class=\"yoast-schema-graph\">{\"@context\":\"https:\\\/\\\/schema.org\",\"@graph\":[{\"@type\":\"Article\",\"@id\":\"https:\\\/\\\/patagoniambiental.com.ar\\\/info\\\/garantizan-los-fondos-para-la-remediacion-de-plomo-en-san-antonio-oeste\\\/#article\",\"isPartOf\":{\"@id\":\"https:\\\/\\\/patagoniambiental.com.ar\\\/info\\\/garantizan-los-fondos-para-la-remediacion-de-plomo-en-san-antonio-oeste\\\/\"},\"author\":{\"name\":\"BRAIAN ESTEVEZ\",\"@id\":\"https:\\\/\\\/patagoniambiental.com.ar\\\/info\\\/#\\\/schema\\\/person\\\/e5af09d700b2e82cb10c6b8800e0c691\"},\"headline\":\"Garantizan los fondos para la remediaci\u00f3n de plomo en San Antonio Oeste\",\"datePublished\":\"2021-09-15T22:00:00+00:00\",\"dateModified\":\"2021-09-16T15:13:47+00:00\",\"mainEntityOfPage\":{\"@id\":\"https:\\\/\\\/patagoniambiental.com.ar\\\/info\\\/garantizan-los-fondos-para-la-remediacion-de-plomo-en-san-antonio-oeste\\\/\"},\"wordCount\":373,\"commentCount\":0,\"publisher\":{\"@id\":\"https:\\\/\\\/patagoniambiental.com.ar\\\/info\\\/#organization\"},\"image\":{\"@id\":\"https:\\\/\\\/patagoniambiental.com.ar\\\/info\\\/garantizan-los-fondos-para-la-remediacion-de-plomo-en-san-antonio-oeste\\\/#primaryimage\"},\"thumbnailUrl\":\"https:\\\/\\\/patagoniambiental.com.ar\\\/info\\\/wp-content\\\/uploads\\\/2021\\\/09\\\/456-2.jpg\",\"articleSection\":[\"Noticias\",\"Provinciales\",\"R\u00edo Negro\"],\"inLanguage\":\"es\",\"potentialAction\":[{\"@type\":\"CommentAction\",\"name\":\"Comment\",\"target\":[\"https:\\\/\\\/patagoniambiental.com.ar\\\/info\\\/garantizan-los-fondos-para-la-remediacion-de-plomo-en-san-antonio-oeste\\\/#respond\"]}]},{\"@type\":\"WebPage\",\"@id\":\"https:\\\/\\\/patagoniambiental.com.ar\\\/info\\\/garantizan-los-fondos-para-la-remediacion-de-plomo-en-san-antonio-oeste\\\/\",\"url\":\"https:\\\/\\\/patagoniambiental.com.ar\\\/info\\\/garantizan-los-fondos-para-la-remediacion-de-plomo-en-san-antonio-oeste\\\/\",\"name\":\"Garantizan los fondos para la remediaci\u00f3n de plomo en San Antonio Oeste\",\"isPartOf\":{\"@id\":\"https:\\\/\\\/patagoniambiental.com.ar\\\/info\\\/#website\"},\"primaryImageOfPage\":{\"@id\":\"https:\\\/\\\/patagoniambiental.com.ar\\\/info\\\/garantizan-los-fondos-para-la-remediacion-de-plomo-en-san-antonio-oeste\\\/#primaryimage\"},\"image\":{\"@id\":\"https:\\\/\\\/patagoniambiental.com.ar\\\/info\\\/garantizan-los-fondos-para-la-remediacion-de-plomo-en-san-antonio-oeste\\\/#primaryimage\"},\"thumbnailUrl\":\"https:\\\/\\\/patagoniambiental.com.ar\\\/info\\\/wp-content\\\/uploads\\\/2021\\\/09\\\/456-2.jpg\",\"datePublished\":\"2021-09-15T22:00:00+00:00\",\"dateModified\":\"2021-09-16T15:13:47+00:00\",\"breadcrumb\":{\"@id\":\"https:\\\/\\\/patagoniambiental.com.ar\\\/info\\\/garantizan-los-fondos-para-la-remediacion-de-plomo-en-san-antonio-oeste\\\/#breadcrumb\"},\"inLanguage\":\"es\",\"potentialAction\":[{\"@type\":\"ReadAction\",\"target\":[\"https:\\\/\\\/patagoniambiental.com.ar\\\/info\\\/garantizan-los-fondos-para-la-remediacion-de-plomo-en-san-antonio-oeste\\\/\"]}]},{\"@type\":\"ImageObject\",\"inLanguage\":\"es\",\"@id\":\"https:\\\/\\\/patagoniambiental.com.ar\\\/info\\\/garantizan-los-fondos-para-la-remediacion-de-plomo-en-san-antonio-oeste\\\/#primaryimage\",\"url\":\"https:\\\/\\\/patagoniambiental.com.ar\\\/info\\\/wp-content\\\/uploads\\\/2021\\\/09\\\/456-2.jpg\",\"contentUrl\":\"https:\\\/\\\/patagoniambiental.com.ar\\\/info\\\/wp-content\\\/uploads\\\/2021\\\/09\\\/456-2.jpg\",\"width\":979,\"height\":477},{\"@type\":\"BreadcrumbList\",\"@id\":\"https:\\\/\\\/patagoniambiental.com.ar\\\/info\\\/garantizan-los-fondos-para-la-remediacion-de-plomo-en-san-antonio-oeste\\\/#breadcrumb\",\"itemListElement\":[{\"@type\":\"ListItem\",\"position\":1,\"name\":\"Inicio\",\"item\":\"https:\\\/\\\/patagoniambiental.com.ar\\\/info\\\/\"},{\"@type\":\"ListItem\",\"position\":2,\"name\":\"Garantizan los fondos para la remediaci\u00f3n de plomo en San Antonio Oeste\"}]},{\"@type\":\"WebSite\",\"@id\":\"https:\\\/\\\/patagoniambiental.com.ar\\\/info\\\/#website\",\"url\":\"https:\\\/\\\/patagoniambiental.com.ar\\\/info\\\/\",\"name\":\"Patagonia Ambiental\",\"description\":\"Monitoreo y an\u00e1lisis de la situaci\u00f3n geopol\u00edtica en el mundo y su implicancia en la Patagonia\",\"publisher\":{\"@id\":\"https:\\\/\\\/patagoniambiental.com.ar\\\/info\\\/#organization\"},\"potentialAction\":[{\"@type\":\"SearchAction\",\"target\":{\"@type\":\"EntryPoint\",\"urlTemplate\":\"https:\\\/\\\/patagoniambiental.com.ar\\\/info\\\/?s={search_term_string}\"},\"query-input\":{\"@type\":\"PropertyValueSpecification\",\"valueRequired\":true,\"valueName\":\"search_term_string\"}}],\"inLanguage\":\"es\"},{\"@type\":\"Organization\",\"@id\":\"https:\\\/\\\/patagoniambiental.com.ar\\\/info\\\/#organization\",\"name\":\"Patagonia Ambiental\",\"url\":\"https:\\\/\\\/patagoniambiental.com.ar\\\/info\\\/\",\"logo\":{\"@type\":\"ImageObject\",\"inLanguage\":\"es\",\"@id\":\"https:\\\/\\\/patagoniambiental.com.ar\\\/info\\\/#\\\/schema\\\/logo\\\/image\\\/\",\"url\":\"https:\\\/\\\/patagoniambiental.com.ar\\\/info\\\/wp-content\\\/uploads\\\/2025\\\/05\\\/LOGO-PATAGONIA-AMBIENTAL.png\",\"contentUrl\":\"https:\\\/\\\/patagoniambiental.com.ar\\\/info\\\/wp-content\\\/uploads\\\/2025\\\/05\\\/LOGO-PATAGONIA-AMBIENTAL.png\",\"width\":433,\"height\":250,\"caption\":\"Patagonia Ambiental\"},\"image\":{\"@id\":\"https:\\\/\\\/patagoniambiental.com.ar\\\/info\\\/#\\\/schema\\\/logo\\\/image\\\/\"},\"sameAs\":[\"https:\\\/\\\/www.facebook.com\\\/patagonia.ambiental\",\"https:\\\/\\\/x.com\\\/PatAmb\"]},{\"@type\":\"Person\",\"@id\":\"https:\\\/\\\/patagoniambiental.com.ar\\\/info\\\/#\\\/schema\\\/person\\\/e5af09d700b2e82cb10c6b8800e0c691\",\"name\":\"BRAIAN ESTEVEZ\",\"sameAs\":[\"http:\\\/\\\/www.patagoniambiental.com.ar\"]}]}<\/script>\n<!-- \/ Yoast SEO Premium plugin. -->","yoast_head_json":{"title":"Garantizan los fondos para la remediaci\u00f3n de plomo en San Antonio Oeste","robots":{"index":"index","follow":"follow","max-snippet":"max-snippet:-1","max-image-preview":"max-image-preview:large","max-video-preview":"max-video-preview:-1"},"canonical":"https:\/\/patagoniambiental.com.ar\/info\/garantizan-los-fondos-para-la-remediacion-de-plomo-en-san-antonio-oeste\/","og_locale":"es_ES","og_type":"article","og_title":"Garantizan los fondos para la remediaci\u00f3n de plomo en San Antonio Oeste","og_url":"https:\/\/patagoniambiental.com.ar\/info\/garantizan-los-fondos-para-la-remediacion-de-plomo-en-san-antonio-oeste\/","og_site_name":"Patagonia Ambiental","article_publisher":"https:\/\/www.facebook.com\/patagonia.ambiental","article_published_time":"2021-09-15T22:00:00+00:00","article_modified_time":"2021-09-16T15:13:47+00:00","og_image":[{"width":979,"height":477,"url":"https:\/\/patagoniambiental.com.ar\/info\/wp-content\/uploads\/2021\/09\/456-2.jpg","type":"image\/jpeg"}],"author":"BRAIAN ESTEVEZ","twitter_card":"summary_large_image","twitter_creator":"@PatAmb","twitter_site":"@PatAmb","schema":{"@context":"https:\/\/schema.org","@graph":[{"@type":"Article","@id":"https:\/\/patagoniambiental.com.ar\/info\/garantizan-los-fondos-para-la-remediacion-de-plomo-en-san-antonio-oeste\/#article","isPartOf":{"@id":"https:\/\/patagoniambiental.com.ar\/info\/garantizan-los-fondos-para-la-remediacion-de-plomo-en-san-antonio-oeste\/"},"author":{"name":"BRAIAN ESTEVEZ","@id":"https:\/\/patagoniambiental.com.ar\/info\/#\/schema\/person\/e5af09d700b2e82cb10c6b8800e0c691"},"headline":"Garantizan los fondos para la remediaci\u00f3n de plomo en San Antonio Oeste","datePublished":"2021-09-15T22:00:00+00:00","dateModified":"2021-09-16T15:13:47+00:00","mainEntityOfPage":{"@id":"https:\/\/patagoniambiental.com.ar\/info\/garantizan-los-fondos-para-la-remediacion-de-plomo-en-san-antonio-oeste\/"},"wordCount":373,"commentCount":0,"publisher":{"@id":"https:\/\/patagoniambiental.com.ar\/info\/#organization"},"image":{"@id":"https:\/\/patagoniambiental.com.ar\/info\/garantizan-los-fondos-para-la-remediacion-de-plomo-en-san-antonio-oeste\/#primaryimage"},"thumbnailUrl":"https:\/\/patagoniambiental.com.ar\/info\/wp-content\/uploads\/2021\/09\/456-2.jpg","articleSection":["Noticias","Provinciales","R\u00edo Negro"],"inLanguage":"es","potentialAction":[{"@type":"CommentAction","name":"Comment","target":["https:\/\/patagoniambiental.com.ar\/info\/garantizan-los-fondos-para-la-remediacion-de-plomo-en-san-antonio-oeste\/#respond"]}]},{"@type":"WebPage","@id":"https:\/\/patagoniambiental.com.ar\/info\/garantizan-los-fondos-para-la-remediacion-de-plomo-en-san-antonio-oeste\/","url":"https:\/\/patagoniambiental.com.ar\/info\/garantizan-los-fondos-para-la-remediacion-de-plomo-en-san-antonio-oeste\/","name":"Garantizan los fondos para la remediaci\u00f3n de plomo en San Antonio Oeste","isPartOf":{"@id":"https:\/\/patagoniambiental.com.ar\/info\/#website"},"primaryImageOfPage":{"@id":"https:\/\/patagoniambiental.com.ar\/info\/garantizan-los-fondos-para-la-remediacion-de-plomo-en-san-antonio-oeste\/#primaryimage"},"image":{"@id":"https:\/\/patagoniambiental.com.ar\/info\/garantizan-los-fondos-para-la-remediacion-de-plomo-en-san-antonio-oeste\/#primaryimage"},"thumbnailUrl":"https:\/\/patagoniambiental.com.ar\/info\/wp-content\/uploads\/2021\/09\/456-2.jpg","datePublished":"2021-09-15T22:00:00+00:00","dateModified":"2021-09-16T15:13:47+00:00","breadcrumb":{"@id":"https:\/\/patagoniambiental.com.ar\/info\/garantizan-los-fondos-para-la-remediacion-de-plomo-en-san-antonio-oeste\/#breadcrumb"},"inLanguage":"es","potentialAction":[{"@type":"ReadAction","target":["https:\/\/patagoniambiental.com.ar\/info\/garantizan-los-fondos-para-la-remediacion-de-plomo-en-san-antonio-oeste\/"]}]},{"@type":"ImageObject","inLanguage":"es","@id":"https:\/\/patagoniambiental.com.ar\/info\/garantizan-los-fondos-para-la-remediacion-de-plomo-en-san-antonio-oeste\/#primaryimage","url":"https:\/\/patagoniambiental.com.ar\/info\/wp-content\/uploads\/2021\/09\/456-2.jpg","contentUrl":"https:\/\/patagoniambiental.com.ar\/info\/wp-content\/uploads\/2021\/09\/456-2.jpg","width":979,"height":477},{"@type":"BreadcrumbList","@id":"https:\/\/patagoniambiental.com.ar\/info\/garantizan-los-fondos-para-la-remediacion-de-plomo-en-san-antonio-oeste\/#breadcrumb","itemListElement":[{"@type":"ListItem","position":1,"name":"Inicio","item":"https:\/\/patagoniambiental.com.ar\/info\/"},{"@type":"ListItem","position":2,"name":"Garantizan los fondos para la remediaci\u00f3n de plomo en San Antonio Oeste"}]},{"@type":"WebSite","@id":"https:\/\/patagoniambiental.com.ar\/info\/#website","url":"https:\/\/patagoniambiental.com.ar\/info\/","name":"Patagonia Ambiental","description":"Monitoreo y an\u00e1lisis de la situaci\u00f3n geopol\u00edtica en el mundo y su implicancia en la Patagonia","publisher":{"@id":"https:\/\/patagoniambiental.com.ar\/info\/#organization"},"potentialAction":[{"@type":"SearchAction","target":{"@type":"EntryPoint","urlTemplate":"https:\/\/patagoniambiental.com.ar\/info\/?s={search_term_string}"},"query-input":{"@type":"PropertyValueSpecification","valueRequired":true,"valueName":"search_term_string"}}],"inLanguage":"es"},{"@type":"Organization","@id":"https:\/\/patagoniambiental.com.ar\/info\/#organization","name":"Patagonia Ambiental","url":"https:\/\/patagoniambiental.com.ar\/info\/","logo":{"@type":"ImageObject","inLanguage":"es","@id":"https:\/\/patagoniambiental.com.ar\/info\/#\/schema\/logo\/image\/","url":"https:\/\/patagoniambiental.com.ar\/info\/wp-content\/uploads\/2025\/05\/LOGO-PATAGONIA-AMBIENTAL.png","contentUrl":"https:\/\/patagoniambiental.com.ar\/info\/wp-content\/uploads\/2025\/05\/LOGO-PATAGONIA-AMBIENTAL.png","width":433,"height":250,"caption":"Patagonia Ambiental"},"image":{"@id":"https:\/\/patagoniambiental.com.ar\/info\/#\/schema\/logo\/image\/"},"sameAs":["https:\/\/www.facebook.com\/patagonia.ambiental","https:\/\/x.com\/PatAmb"]},{"@type":"Person","@id":"https:\/\/patagoniambiental.com.ar\/info\/#\/schema\/person\/e5af09d700b2e82cb10c6b8800e0c691","name":"BRAIAN ESTEVEZ","sameAs":["http:\/\/www.patagoniambiental.com.ar"]}]}},"_links":{"self":[{"href":"https:\/\/patagoniambiental.com.ar\/info\/wp-json\/wp\/v2\/posts\/74130","targetHints":{"allow":["GET"]}}],"collection":[{"href":"https:\/\/patagoniambiental.com.ar\/info\/wp-json\/wp\/v2\/posts"}],"about":[{"href":"https:\/\/patagoniambiental.com.ar\/info\/wp-json\/wp\/v2\/types\/post"}],"author":[{"embeddable":true,"href":"https:\/\/patagoniambiental.com.ar\/info\/wp-json\/wp\/v2\/users\/6"}],"replies":[{"embeddable":true,"href":"https:\/\/patagoniambiental.com.ar\/info\/wp-json\/wp\/v2\/comments?post=74130"}],"version-history":[{"count":0,"href":"https:\/\/patagoniambiental.com.ar\/info\/wp-json\/wp\/v2\/posts\/74130\/revisions"}],"wp:featuredmedia":[{"embeddable":true,"href":"https:\/\/patagoniambiental.com.ar\/info\/wp-json\/wp\/v2\/media\/74131"}],"wp:attachment":[{"href":"https:\/\/patagoniambiental.com.ar\/info\/wp-json\/wp\/v2\/media?parent=74130"}],"wp:term":[{"taxonomy":"category","embeddable":true,"href":"https:\/\/patagoniambiental.com.ar\/info\/wp-json\/wp\/v2\/categories?post=74130"},{"taxonomy":"post_tag","embeddable":true,"href":"https:\/\/patagoniambiental.com.ar\/info\/wp-json\/wp\/v2\/tags?post=74130"}],"curies":[{"name":"wp","href":"https:\/\/api.w.org\/{rel}","templated":true}]}}