{"id":74145,"date":"2021-09-20T07:00:00","date_gmt":"2021-09-20T10:00:00","guid":{"rendered":"http:\/\/patagoniambiental.com.ar\/info\/?p=74145"},"modified":"2021-09-16T13:48:33","modified_gmt":"2021-09-16T16:48:33","slug":"de-eindhoven-a-tarifa-un-viaje-de-3-000-km-por-carretera-en-una-casa-solar-autonoma-sobre-ruedas","status":"publish","type":"post","link":"https:\/\/patagoniambiental.com.ar\/info\/de-eindhoven-a-tarifa-un-viaje-de-3-000-km-por-carretera-en-una-casa-solar-autonoma-sobre-ruedas\/","title":{"rendered":"De Eindhoven a Tarifa, un viaje de 3.000 km por carretera en una \u201ccasa solar aut\u00f3noma sobre ruedas\u201d"},"content":{"rendered":"\n<!--more-->\n\n\n\n<p>El Equipo Solar de la Universidad T\u00e9cnica de Eindhoven ha dise\u00f1ado a lo largo de los a\u00f1os varios veh\u00edculos supereficientes con energ\u00eda solar para competir en los Desaf\u00edos Solares Mundiales, y ahora todo ese conocimiento se aplica a veh\u00edculos funcionales. La caravana Stella Vita saldr\u00e1 a la carretera a finales de este mes para recorrer 3.000 kil\u00f3metros por Europa.<\/p>\n\n\n\n<figure class=\"wp-block-image\"><img decoding=\"async\" src=\"https:\/\/ecoinventos.com\/wp-content\/uploads\/2021\/09\/stella-vita-1.jpg\" alt=\"\" class=\"wp-image-143555\"\/><\/figure>\n\n\n\n<p>El concepto curvil\u00edneo construido por el equipo de 22 estudiantes se describe como una especie de casa solar sobre ruedas, y tiene un panel solar de 8,8 m2 en el techo que recoge energ\u00eda para el banco de bater\u00edas de iones de litio de 60 kWh mientras rueda a una velocidad de hasta 120 km\/h, pero los paneles deslizantes pueden desplegarse para obtener una superficie total de 17,5 m2 cuando se aparca.<\/p>\n\n\n\n<figure class=\"wp-block-image\"><img decoding=\"async\" src=\"https:\/\/ecoinventos.com\/wp-content\/uploads\/2021\/09\/stella-vita-2.jpg\" alt=\"\" class=\"wp-image-143556\"\/><\/figure>\n\n\n\n<p>Y no s\u00f3lo eso, el veh\u00edculo tiene un techo desplegable para que el conductor y el pasajero puedan estar c\u00f3modamente de pie y moverse en el interior, cocinar en la cocina o ducharse.<\/p>\n\n\n\n<figure class=\"wp-block-image\"><img decoding=\"async\" src=\"https:\/\/ecoinventos.com\/wp-content\/uploads\/2021\/09\/stella-vita-3.jpg\" alt=\"\" class=\"wp-image-143557\"\/><\/figure>\n\n\n\n<p>Se espera que todas las necesidades de energ\u00eda del Stella Vita, incluido el sistema de propulsi\u00f3n el\u00e9ctrica, se cubran s\u00f3lo con el sistema solar, por lo que no deber\u00eda haber necesidad de depender de la infraestructura de carga a lo largo de la ruta de viaje.<\/p>\n\n\n\n<figure class=\"wp-block-image\"><img decoding=\"async\" src=\"https:\/\/ecoinventos.com\/wp-content\/uploads\/2021\/09\/stella-vita-4.jpg\" alt=\"\" class=\"wp-image-143558\"\/><\/figure>\n\n\n\n<p>En el habit\u00e1culo, el conductor puede controlar las estad\u00edsticas de energ\u00eda a trav\u00e9s de la pantalla central, y en la consola central hay espacio para un altavoz Bluetooth port\u00e1til.<ins>https:\/\/googleads.g.doubleclick.net\/pagead\/ads?client=ca-pub-9986597541366279&amp;output=html&amp;h=280&amp;slotname=3540106032&amp;adk=1326521266&amp;adf=1342780980&amp;pi=t.ma~as.3540106032&amp;w=700&amp;fwrn=4&amp;fwrnh=100&amp;lmt=1631806241&amp;rafmt=1&amp;psa=1&amp;format=700&#215;280&amp;url=https%3A%2F%2Fecoinventos.com%2Fstella-vita%2F&amp;flash=0&amp;fwr=0&amp;fwrattr=true&amp;rpe=1&amp;resp_fmts=3&amp;wgl=1&amp;adsid=ChAI8NaLigYQ_ICJpoWFoZNMEjwAZfvgq4khgkKCh3EhNCNmmZg31JjelqJFgtdnzq4edkfaSYmRBqtNyodgPA8-w7ZLG0DhOQn30U8m_0k&amp;uach=WyJXaW5kb3dzIiwiMTAuMC4wIiwieDg2IiwiIiwiOTMuMC40NTc3LjgyIixbXSxudWxsLG51bGwsIjY0Il0.&amp;tt_state=W3siaXNzdWVyT3JpZ2luIjoiaHR0cHM6Ly9hdHRlc3RhdGlvbi5hbmRyb2lkLmNvbSIsInN0YXRlIjo3fV0.&amp;dt=1631806179979&amp;bpp=1&amp;bdt=14312&amp;idt=1&amp;shv=r20210914&amp;mjsv=m202109150101&amp;ptt=9&amp;saldr=aa&amp;abxe=1&amp;cookie=ID%3Dc6fa5b1e411cf452-22dd5609f97a008c%3AT%3D1631805835%3ART%3D1631805835%3AS%3DALNI_MZogYw4hQ1NrftB1CG4Gp0-jDPfLA&amp;prev_fmts=0x0%2C1343x568%2C700x280%2C332x250&amp;nras=2&amp;correlator=6757649892614&amp;frm=20&amp;pv=1&amp;ga_vid=612625706.1631805812&amp;ga_sid=1631806167&amp;ga_hid=1361487961&amp;ga_fc=0&amp;u_tz=-180&amp;u_his=1&amp;u_java=0&amp;u_h=768&amp;u_w=1360&amp;u_ah=728&amp;u_aw=1360&amp;u_cd=24&amp;u_nplug=6&amp;u_nmime=4&amp;adx=138&amp;ady=4692&amp;biw=1343&amp;bih=568&amp;scr_x=0&amp;scr_y=2433&amp;eid=44747620%2C31062525%2C44748552%2C21067496&amp;oid=3&amp;psts=AGkb-H8eb7THyPGkVtryPsxlL_QDxqeukXT1xxuuIHojBe46I18JnuV2LPixM4KirDsXGLFVaGyttu_CSvUAAA%2CAGkb-H8qeCh9AvKqd73Kc1WMtPjFhi3dBOczF3cM2RA3XQpq7FBKafw8ofeMAMzi21IU4DH0q-BHvjHhqLOBdQ&amp;pvsid=3458128211805333&amp;pem=313&amp;eae=0&amp;fc=1920&amp;brdim=0%2C0%2C0%2C0%2C1360%2C0%2C1360%2C728%2C1360%2C568&amp;vis=1&amp;rsz=%7Co%7CoeEbr%7C&amp;abl=NS&amp;pfx=0&amp;fu=128&amp;bc=31&amp;jar=2021-09-16-14&amp;ifi=6&amp;uci=a!6&amp;btvi=2&amp;fsb=1&amp;xpc=EpK2qm04k8&amp;p=https%3A\/\/ecoinventos.com&amp;dtd=61417<\/ins><\/p>\n\n\n\n<figure class=\"wp-block-image\"><img decoding=\"async\" src=\"https:\/\/ecoinventos.com\/wp-content\/uploads\/2021\/09\/stella-vita-5.jpg\" alt=\"\" class=\"wp-image-143559\"\/><\/figure>\n\n\n\n<p>Adem\u00e1s de las puertas del conductor y del pasajero, el veh\u00edculo tiene dos grandes puertas opuestas detr\u00e1s de la cabina que abren el interior a la luz y al aire, mientras que esos paneles desplegados tambi\u00e9n pueden proporcionar un poco de sombra cuando los campistas est\u00e1n sentados fuera.<\/p>\n\n\n\n<figure class=\"wp-block-image\"><img decoding=\"async\" src=\"https:\/\/ecoinventos.com\/wp-content\/uploads\/2021\/09\/stella-vita-6.jpg\" alt=\"\" class=\"wp-image-143560\"\/><\/figure>\n\n\n\n<p>Adem\u00e1s de un bloque de cocina compacto, el interior del Stella Vita tiene asientos en forma de L con almacenamiento integrado, una peque\u00f1a mesa de comedor, estanter\u00edas y armarios y una zona para dormir. Tambi\u00e9n se menciona un televisor y una cafetera, pero nada sobre un aseo incorporado.<\/p>\n\n\n\n<figure class=\"wp-block-image\"><img decoding=\"async\" src=\"https:\/\/ecoinventos.com\/wp-content\/uploads\/2021\/09\/stella-vita-7.jpg\" alt=\"\" class=\"wp-image-143561\"\/><\/figure>\n\n\n\n<p>A plena luz del sol, Solar Team Eindhoven afirma que el veh\u00edculo podr\u00eda recorrer hasta 730 km en un d\u00eda, y que la autonom\u00eda con una bater\u00eda totalmente cargada podr\u00eda llegar a 600 km de noche.<\/p>\n\n\n\n<figure class=\"wp-block-image\"><img decoding=\"async\" src=\"https:\/\/ecoinventos.com\/wp-content\/uploads\/2021\/09\/stella-vita-8.jpg\" alt=\"\" class=\"wp-image-143563\"\/><\/figure>\n\n\n\n<p>Para demostrar la capacidad del prototipo, los miembros del equipo se embarcar\u00e1n en una gira solar europea. Partiendo de Eindhoven (Pa\u00edses Bajos), los aventureros se dirigir\u00e1n al sur, a trav\u00e9s de Zolder, hacia Bruselas, donde est\u00e1 prevista una parada. Est\u00e1n previstas m\u00e1s paradas en Par\u00eds, Le Mans, \u00cele de R\u00e9, Burdeos, Biarritz, Zaragoza, Madrid, Toledo y C\u00f3rdoba, y el viaje de 3.000 km finalizar\u00e1 en la ciudad m\u00e1s meridional de Espa\u00f1a, Tarifa, el 15 de octubre.<\/p>\n\n\n\n<figure class=\"wp-block-image\"><img decoding=\"async\" src=\"https:\/\/ecoinventos.com\/wp-content\/uploads\/2021\/09\/stella-vita-9.jpg\" alt=\"\" class=\"wp-image-143564\"\/><\/figure>\n\n\n\n<p>Puedes seguir las aventuras en la\u00a0<a rel=\"noreferrer noopener\" href=\"https:\/\/solarteameindhoven.nl\/\" target=\"_blank\">web del proyecto<\/a>.<\/p>\n\n\n\n<p>Fuente: https:\/\/ecoinventos.com\/stella-vita\/<\/p>\n","protected":false},"excerpt":{"rendered":"","protected":false},"author":6,"featured_media":0,"comment_status":"open","ping_status":"open","sticky":false,"template":"","format":"standard","meta":{"site-sidebar-layout":"default","site-content-layout":"","ast-site-content-layout":"default","site-content-style":"default","site-sidebar-style":"default","ast-global-header-display":"","ast-banner-title-visibility":"","ast-main-header-display":"","ast-hfb-above-header-display":"","ast-hfb-below-header-display":"","ast-hfb-mobile-header-display":"","site-post-title":"","ast-breadcrumbs-content":"","ast-featured-img":"","footer-sml-layout":"","ast-disable-related-posts":"","theme-transparent-header-meta":"","adv-header-id-meta":"","stick-header-meta":"","header-above-stick-meta":"","header-main-stick-meta":"","header-below-stick-meta":"","astra-migrate-meta-layouts":"default","ast-page-background-enabled":"default","ast-page-background-meta":{"desktop":{"background-color":"var(--ast-global-color-5)","background-image":"","background-repeat":"repeat","background-position":"center center","background-size":"auto","background-attachment":"scroll","background-type":"","background-media":"","overlay-type":"","overlay-color":"","overlay-opacity":"","overlay-gradient":""},"tablet":{"background-color":"","background-image":"","background-repeat":"repeat","background-position":"center center","background-size":"auto","background-attachment":"scroll","background-type":"","background-media":"","overlay-type":"","overlay-color":"","overlay-opacity":"","overlay-gradient":""},"mobile":{"background-color":"","background-image":"","background-repeat":"repeat","background-position":"center center","background-size":"auto","background-attachment":"scroll","background-type":"","background-media":"","overlay-type":"","overlay-color":"","overlay-opacity":"","overlay-gradient":""}},"ast-content-background-meta":{"desktop":{"background-color":"var(--ast-global-color-4)","background-image":"","background-repeat":"repeat","background-position":"center center","background-size":"auto","background-attachment":"scroll","background-type":"","background-media":"","overlay-type":"","overlay-color":"","overlay-opacity":"","overlay-gradient":""},"tablet":{"background-color":"var(--ast-global-color-4)","background-image":"","background-repeat":"repeat","background-position":"center center","background-size":"auto","background-attachment":"scroll","background-type":"","background-media":"","overlay-type":"","overlay-color":"","overlay-opacity":"","overlay-gradient":""},"mobile":{"background-color":"var(--ast-global-color-4)","background-image":"","background-repeat":"repeat","background-position":"center center","background-size":"auto","background-attachment":"scroll","background-type":"","background-media":"","overlay-type":"","overlay-color":"","overlay-opacity":"","overlay-gradient":""}},"footnotes":""},"categories":[23,1],"tags":[],"class_list":["post-74145","post","type-post","status-publish","format-standard","hentry","category-internacionales","category-noticias"],"yoast_head":"<!-- This site is optimized with the Yoast SEO Premium plugin v23.0 (Yoast SEO v27.5) - https:\/\/yoast.com\/product\/yoast-seo-premium-wordpress\/ -->\n<title>De Eindhoven a Tarifa, un viaje de 3.000 km por carretera en una \u201ccasa solar aut\u00f3noma sobre ruedas\u201d<\/title>\n<meta name=\"robots\" content=\"index, follow, max-snippet:-1, max-image-preview:large, max-video-preview:-1\" \/>\n<link rel=\"canonical\" href=\"https:\/\/patagoniambiental.com.ar\/info\/de-eindhoven-a-tarifa-un-viaje-de-3-000-km-por-carretera-en-una-casa-solar-autonoma-sobre-ruedas\/\" \/>\n<meta property=\"og:locale\" content=\"es_ES\" \/>\n<meta property=\"og:type\" content=\"article\" \/>\n<meta property=\"og:title\" content=\"De Eindhoven a Tarifa, un viaje de 3.000 km por carretera en una \u201ccasa solar aut\u00f3noma sobre ruedas\u201d\" \/>\n<meta property=\"og:url\" content=\"https:\/\/patagoniambiental.com.ar\/info\/de-eindhoven-a-tarifa-un-viaje-de-3-000-km-por-carretera-en-una-casa-solar-autonoma-sobre-ruedas\/\" \/>\n<meta property=\"og:site_name\" content=\"Patagonia Ambiental\" \/>\n<meta property=\"article:publisher\" content=\"https:\/\/www.facebook.com\/patagonia.ambiental\" \/>\n<meta property=\"article:published_time\" content=\"2021-09-20T10:00:00+00:00\" \/>\n<meta property=\"og:image\" content=\"https:\/\/ecoinventos.com\/wp-content\/uploads\/2021\/09\/stella-vita-1.jpg\" \/>\n<meta name=\"author\" content=\"BRAIAN ESTEVEZ\" \/>\n<meta name=\"twitter:card\" content=\"summary_large_image\" \/>\n<meta name=\"twitter:creator\" content=\"@PatAmb\" \/>\n<meta name=\"twitter:site\" content=\"@PatAmb\" \/>\n<script type=\"application\/ld+json\" class=\"yoast-schema-graph\">{\"@context\":\"https:\\\/\\\/schema.org\",\"@graph\":[{\"@type\":\"Article\",\"@id\":\"https:\\\/\\\/patagoniambiental.com.ar\\\/info\\\/de-eindhoven-a-tarifa-un-viaje-de-3-000-km-por-carretera-en-una-casa-solar-autonoma-sobre-ruedas\\\/#article\",\"isPartOf\":{\"@id\":\"https:\\\/\\\/patagoniambiental.com.ar\\\/info\\\/de-eindhoven-a-tarifa-un-viaje-de-3-000-km-por-carretera-en-una-casa-solar-autonoma-sobre-ruedas\\\/\"},\"author\":{\"name\":\"BRAIAN ESTEVEZ\",\"@id\":\"https:\\\/\\\/patagoniambiental.com.ar\\\/info\\\/#\\\/schema\\\/person\\\/e5af09d700b2e82cb10c6b8800e0c691\"},\"headline\":\"De Eindhoven a Tarifa, un viaje de 3.000 km por carretera en una \u201ccasa solar aut\u00f3noma sobre ruedas\u201d\",\"datePublished\":\"2021-09-20T10:00:00+00:00\",\"mainEntityOfPage\":{\"@id\":\"https:\\\/\\\/patagoniambiental.com.ar\\\/info\\\/de-eindhoven-a-tarifa-un-viaje-de-3-000-km-por-carretera-en-una-casa-solar-autonoma-sobre-ruedas\\\/\"},\"wordCount\":839,\"commentCount\":0,\"publisher\":{\"@id\":\"https:\\\/\\\/patagoniambiental.com.ar\\\/info\\\/#organization\"},\"image\":{\"@id\":\"https:\\\/\\\/patagoniambiental.com.ar\\\/info\\\/de-eindhoven-a-tarifa-un-viaje-de-3-000-km-por-carretera-en-una-casa-solar-autonoma-sobre-ruedas\\\/#primaryimage\"},\"thumbnailUrl\":\"https:\\\/\\\/ecoinventos.com\\\/wp-content\\\/uploads\\\/2021\\\/09\\\/stella-vita-1.jpg\",\"articleSection\":[\"Internacionales\",\"Noticias\"],\"inLanguage\":\"es\",\"potentialAction\":[{\"@type\":\"CommentAction\",\"name\":\"Comment\",\"target\":[\"https:\\\/\\\/patagoniambiental.com.ar\\\/info\\\/de-eindhoven-a-tarifa-un-viaje-de-3-000-km-por-carretera-en-una-casa-solar-autonoma-sobre-ruedas\\\/#respond\"]}]},{\"@type\":\"WebPage\",\"@id\":\"https:\\\/\\\/patagoniambiental.com.ar\\\/info\\\/de-eindhoven-a-tarifa-un-viaje-de-3-000-km-por-carretera-en-una-casa-solar-autonoma-sobre-ruedas\\\/\",\"url\":\"https:\\\/\\\/patagoniambiental.com.ar\\\/info\\\/de-eindhoven-a-tarifa-un-viaje-de-3-000-km-por-carretera-en-una-casa-solar-autonoma-sobre-ruedas\\\/\",\"name\":\"De Eindhoven a Tarifa, un viaje de 3.000 km por carretera en una \u201ccasa solar aut\u00f3noma sobre ruedas\u201d\",\"isPartOf\":{\"@id\":\"https:\\\/\\\/patagoniambiental.com.ar\\\/info\\\/#website\"},\"primaryImageOfPage\":{\"@id\":\"https:\\\/\\\/patagoniambiental.com.ar\\\/info\\\/de-eindhoven-a-tarifa-un-viaje-de-3-000-km-por-carretera-en-una-casa-solar-autonoma-sobre-ruedas\\\/#primaryimage\"},\"image\":{\"@id\":\"https:\\\/\\\/patagoniambiental.com.ar\\\/info\\\/de-eindhoven-a-tarifa-un-viaje-de-3-000-km-por-carretera-en-una-casa-solar-autonoma-sobre-ruedas\\\/#primaryimage\"},\"thumbnailUrl\":\"https:\\\/\\\/ecoinventos.com\\\/wp-content\\\/uploads\\\/2021\\\/09\\\/stella-vita-1.jpg\",\"datePublished\":\"2021-09-20T10:00:00+00:00\",\"breadcrumb\":{\"@id\":\"https:\\\/\\\/patagoniambiental.com.ar\\\/info\\\/de-eindhoven-a-tarifa-un-viaje-de-3-000-km-por-carretera-en-una-casa-solar-autonoma-sobre-ruedas\\\/#breadcrumb\"},\"inLanguage\":\"es\",\"potentialAction\":[{\"@type\":\"ReadAction\",\"target\":[\"https:\\\/\\\/patagoniambiental.com.ar\\\/info\\\/de-eindhoven-a-tarifa-un-viaje-de-3-000-km-por-carretera-en-una-casa-solar-autonoma-sobre-ruedas\\\/\"]}]},{\"@type\":\"ImageObject\",\"inLanguage\":\"es\",\"@id\":\"https:\\\/\\\/patagoniambiental.com.ar\\\/info\\\/de-eindhoven-a-tarifa-un-viaje-de-3-000-km-por-carretera-en-una-casa-solar-autonoma-sobre-ruedas\\\/#primaryimage\",\"url\":\"https:\\\/\\\/ecoinventos.com\\\/wp-content\\\/uploads\\\/2021\\\/09\\\/stella-vita-1.jpg\",\"contentUrl\":\"https:\\\/\\\/ecoinventos.com\\\/wp-content\\\/uploads\\\/2021\\\/09\\\/stella-vita-1.jpg\"},{\"@type\":\"BreadcrumbList\",\"@id\":\"https:\\\/\\\/patagoniambiental.com.ar\\\/info\\\/de-eindhoven-a-tarifa-un-viaje-de-3-000-km-por-carretera-en-una-casa-solar-autonoma-sobre-ruedas\\\/#breadcrumb\",\"itemListElement\":[{\"@type\":\"ListItem\",\"position\":1,\"name\":\"Inicio\",\"item\":\"https:\\\/\\\/patagoniambiental.com.ar\\\/info\\\/\"},{\"@type\":\"ListItem\",\"position\":2,\"name\":\"De Eindhoven a Tarifa, un viaje de 3.000 km por carretera en una \u201ccasa solar aut\u00f3noma sobre ruedas\u201d\"}]},{\"@type\":\"WebSite\",\"@id\":\"https:\\\/\\\/patagoniambiental.com.ar\\\/info\\\/#website\",\"url\":\"https:\\\/\\\/patagoniambiental.com.ar\\\/info\\\/\",\"name\":\"Patagonia Ambiental\",\"description\":\"Monitoreo y an\u00e1lisis de la situaci\u00f3n geopol\u00edtica en el mundo y su implicancia en la Patagonia\",\"publisher\":{\"@id\":\"https:\\\/\\\/patagoniambiental.com.ar\\\/info\\\/#organization\"},\"potentialAction\":[{\"@type\":\"SearchAction\",\"target\":{\"@type\":\"EntryPoint\",\"urlTemplate\":\"https:\\\/\\\/patagoniambiental.com.ar\\\/info\\\/?s={search_term_string}\"},\"query-input\":{\"@type\":\"PropertyValueSpecification\",\"valueRequired\":true,\"valueName\":\"search_term_string\"}}],\"inLanguage\":\"es\"},{\"@type\":\"Organization\",\"@id\":\"https:\\\/\\\/patagoniambiental.com.ar\\\/info\\\/#organization\",\"name\":\"Patagonia Ambiental\",\"url\":\"https:\\\/\\\/patagoniambiental.com.ar\\\/info\\\/\",\"logo\":{\"@type\":\"ImageObject\",\"inLanguage\":\"es\",\"@id\":\"https:\\\/\\\/patagoniambiental.com.ar\\\/info\\\/#\\\/schema\\\/logo\\\/image\\\/\",\"url\":\"https:\\\/\\\/patagoniambiental.com.ar\\\/info\\\/wp-content\\\/uploads\\\/2025\\\/05\\\/LOGO-PATAGONIA-AMBIENTAL.png\",\"contentUrl\":\"https:\\\/\\\/patagoniambiental.com.ar\\\/info\\\/wp-content\\\/uploads\\\/2025\\\/05\\\/LOGO-PATAGONIA-AMBIENTAL.png\",\"width\":433,\"height\":250,\"caption\":\"Patagonia Ambiental\"},\"image\":{\"@id\":\"https:\\\/\\\/patagoniambiental.com.ar\\\/info\\\/#\\\/schema\\\/logo\\\/image\\\/\"},\"sameAs\":[\"https:\\\/\\\/www.facebook.com\\\/patagonia.ambiental\",\"https:\\\/\\\/x.com\\\/PatAmb\"]},{\"@type\":\"Person\",\"@id\":\"https:\\\/\\\/patagoniambiental.com.ar\\\/info\\\/#\\\/schema\\\/person\\\/e5af09d700b2e82cb10c6b8800e0c691\",\"name\":\"BRAIAN ESTEVEZ\",\"sameAs\":[\"http:\\\/\\\/www.patagoniambiental.com.ar\"]}]}<\/script>\n<!-- \/ Yoast SEO Premium plugin. -->","yoast_head_json":{"title":"De Eindhoven a Tarifa, un viaje de 3.000 km por carretera en una \u201ccasa solar aut\u00f3noma sobre ruedas\u201d","robots":{"index":"index","follow":"follow","max-snippet":"max-snippet:-1","max-image-preview":"max-image-preview:large","max-video-preview":"max-video-preview:-1"},"canonical":"https:\/\/patagoniambiental.com.ar\/info\/de-eindhoven-a-tarifa-un-viaje-de-3-000-km-por-carretera-en-una-casa-solar-autonoma-sobre-ruedas\/","og_locale":"es_ES","og_type":"article","og_title":"De Eindhoven a Tarifa, un viaje de 3.000 km por carretera en una \u201ccasa solar aut\u00f3noma sobre ruedas\u201d","og_url":"https:\/\/patagoniambiental.com.ar\/info\/de-eindhoven-a-tarifa-un-viaje-de-3-000-km-por-carretera-en-una-casa-solar-autonoma-sobre-ruedas\/","og_site_name":"Patagonia Ambiental","article_publisher":"https:\/\/www.facebook.com\/patagonia.ambiental","article_published_time":"2021-09-20T10:00:00+00:00","og_image":[{"url":"https:\/\/ecoinventos.com\/wp-content\/uploads\/2021\/09\/stella-vita-1.jpg","type":"","width":"","height":""}],"author":"BRAIAN ESTEVEZ","twitter_card":"summary_large_image","twitter_creator":"@PatAmb","twitter_site":"@PatAmb","schema":{"@context":"https:\/\/schema.org","@graph":[{"@type":"Article","@id":"https:\/\/patagoniambiental.com.ar\/info\/de-eindhoven-a-tarifa-un-viaje-de-3-000-km-por-carretera-en-una-casa-solar-autonoma-sobre-ruedas\/#article","isPartOf":{"@id":"https:\/\/patagoniambiental.com.ar\/info\/de-eindhoven-a-tarifa-un-viaje-de-3-000-km-por-carretera-en-una-casa-solar-autonoma-sobre-ruedas\/"},"author":{"name":"BRAIAN ESTEVEZ","@id":"https:\/\/patagoniambiental.com.ar\/info\/#\/schema\/person\/e5af09d700b2e82cb10c6b8800e0c691"},"headline":"De Eindhoven a Tarifa, un viaje de 3.000 km por carretera en una \u201ccasa solar aut\u00f3noma sobre ruedas\u201d","datePublished":"2021-09-20T10:00:00+00:00","mainEntityOfPage":{"@id":"https:\/\/patagoniambiental.com.ar\/info\/de-eindhoven-a-tarifa-un-viaje-de-3-000-km-por-carretera-en-una-casa-solar-autonoma-sobre-ruedas\/"},"wordCount":839,"commentCount":0,"publisher":{"@id":"https:\/\/patagoniambiental.com.ar\/info\/#organization"},"image":{"@id":"https:\/\/patagoniambiental.com.ar\/info\/de-eindhoven-a-tarifa-un-viaje-de-3-000-km-por-carretera-en-una-casa-solar-autonoma-sobre-ruedas\/#primaryimage"},"thumbnailUrl":"https:\/\/ecoinventos.com\/wp-content\/uploads\/2021\/09\/stella-vita-1.jpg","articleSection":["Internacionales","Noticias"],"inLanguage":"es","potentialAction":[{"@type":"CommentAction","name":"Comment","target":["https:\/\/patagoniambiental.com.ar\/info\/de-eindhoven-a-tarifa-un-viaje-de-3-000-km-por-carretera-en-una-casa-solar-autonoma-sobre-ruedas\/#respond"]}]},{"@type":"WebPage","@id":"https:\/\/patagoniambiental.com.ar\/info\/de-eindhoven-a-tarifa-un-viaje-de-3-000-km-por-carretera-en-una-casa-solar-autonoma-sobre-ruedas\/","url":"https:\/\/patagoniambiental.com.ar\/info\/de-eindhoven-a-tarifa-un-viaje-de-3-000-km-por-carretera-en-una-casa-solar-autonoma-sobre-ruedas\/","name":"De Eindhoven a Tarifa, un viaje de 3.000 km por carretera en una \u201ccasa solar aut\u00f3noma sobre ruedas\u201d","isPartOf":{"@id":"https:\/\/patagoniambiental.com.ar\/info\/#website"},"primaryImageOfPage":{"@id":"https:\/\/patagoniambiental.com.ar\/info\/de-eindhoven-a-tarifa-un-viaje-de-3-000-km-por-carretera-en-una-casa-solar-autonoma-sobre-ruedas\/#primaryimage"},"image":{"@id":"https:\/\/patagoniambiental.com.ar\/info\/de-eindhoven-a-tarifa-un-viaje-de-3-000-km-por-carretera-en-una-casa-solar-autonoma-sobre-ruedas\/#primaryimage"},"thumbnailUrl":"https:\/\/ecoinventos.com\/wp-content\/uploads\/2021\/09\/stella-vita-1.jpg","datePublished":"2021-09-20T10:00:00+00:00","breadcrumb":{"@id":"https:\/\/patagoniambiental.com.ar\/info\/de-eindhoven-a-tarifa-un-viaje-de-3-000-km-por-carretera-en-una-casa-solar-autonoma-sobre-ruedas\/#breadcrumb"},"inLanguage":"es","potentialAction":[{"@type":"ReadAction","target":["https:\/\/patagoniambiental.com.ar\/info\/de-eindhoven-a-tarifa-un-viaje-de-3-000-km-por-carretera-en-una-casa-solar-autonoma-sobre-ruedas\/"]}]},{"@type":"ImageObject","inLanguage":"es","@id":"https:\/\/patagoniambiental.com.ar\/info\/de-eindhoven-a-tarifa-un-viaje-de-3-000-km-por-carretera-en-una-casa-solar-autonoma-sobre-ruedas\/#primaryimage","url":"https:\/\/ecoinventos.com\/wp-content\/uploads\/2021\/09\/stella-vita-1.jpg","contentUrl":"https:\/\/ecoinventos.com\/wp-content\/uploads\/2021\/09\/stella-vita-1.jpg"},{"@type":"BreadcrumbList","@id":"https:\/\/patagoniambiental.com.ar\/info\/de-eindhoven-a-tarifa-un-viaje-de-3-000-km-por-carretera-en-una-casa-solar-autonoma-sobre-ruedas\/#breadcrumb","itemListElement":[{"@type":"ListItem","position":1,"name":"Inicio","item":"https:\/\/patagoniambiental.com.ar\/info\/"},{"@type":"ListItem","position":2,"name":"De Eindhoven a Tarifa, un viaje de 3.000 km por carretera en una \u201ccasa solar aut\u00f3noma sobre ruedas\u201d"}]},{"@type":"WebSite","@id":"https:\/\/patagoniambiental.com.ar\/info\/#website","url":"https:\/\/patagoniambiental.com.ar\/info\/","name":"Patagonia Ambiental","description":"Monitoreo y an\u00e1lisis de la situaci\u00f3n geopol\u00edtica en el mundo y su implicancia en la Patagonia","publisher":{"@id":"https:\/\/patagoniambiental.com.ar\/info\/#organization"},"potentialAction":[{"@type":"SearchAction","target":{"@type":"EntryPoint","urlTemplate":"https:\/\/patagoniambiental.com.ar\/info\/?s={search_term_string}"},"query-input":{"@type":"PropertyValueSpecification","valueRequired":true,"valueName":"search_term_string"}}],"inLanguage":"es"},{"@type":"Organization","@id":"https:\/\/patagoniambiental.com.ar\/info\/#organization","name":"Patagonia Ambiental","url":"https:\/\/patagoniambiental.com.ar\/info\/","logo":{"@type":"ImageObject","inLanguage":"es","@id":"https:\/\/patagoniambiental.com.ar\/info\/#\/schema\/logo\/image\/","url":"https:\/\/patagoniambiental.com.ar\/info\/wp-content\/uploads\/2025\/05\/LOGO-PATAGONIA-AMBIENTAL.png","contentUrl":"https:\/\/patagoniambiental.com.ar\/info\/wp-content\/uploads\/2025\/05\/LOGO-PATAGONIA-AMBIENTAL.png","width":433,"height":250,"caption":"Patagonia Ambiental"},"image":{"@id":"https:\/\/patagoniambiental.com.ar\/info\/#\/schema\/logo\/image\/"},"sameAs":["https:\/\/www.facebook.com\/patagonia.ambiental","https:\/\/x.com\/PatAmb"]},{"@type":"Person","@id":"https:\/\/patagoniambiental.com.ar\/info\/#\/schema\/person\/e5af09d700b2e82cb10c6b8800e0c691","name":"BRAIAN ESTEVEZ","sameAs":["http:\/\/www.patagoniambiental.com.ar"]}]}},"_links":{"self":[{"href":"https:\/\/patagoniambiental.com.ar\/info\/wp-json\/wp\/v2\/posts\/74145","targetHints":{"allow":["GET"]}}],"collection":[{"href":"https:\/\/patagoniambiental.com.ar\/info\/wp-json\/wp\/v2\/posts"}],"about":[{"href":"https:\/\/patagoniambiental.com.ar\/info\/wp-json\/wp\/v2\/types\/post"}],"author":[{"embeddable":true,"href":"https:\/\/patagoniambiental.com.ar\/info\/wp-json\/wp\/v2\/users\/6"}],"replies":[{"embeddable":true,"href":"https:\/\/patagoniambiental.com.ar\/info\/wp-json\/wp\/v2\/comments?post=74145"}],"version-history":[{"count":0,"href":"https:\/\/patagoniambiental.com.ar\/info\/wp-json\/wp\/v2\/posts\/74145\/revisions"}],"wp:attachment":[{"href":"https:\/\/patagoniambiental.com.ar\/info\/wp-json\/wp\/v2\/media?parent=74145"}],"wp:term":[{"taxonomy":"category","embeddable":true,"href":"https:\/\/patagoniambiental.com.ar\/info\/wp-json\/wp\/v2\/categories?post=74145"},{"taxonomy":"post_tag","embeddable":true,"href":"https:\/\/patagoniambiental.com.ar\/info\/wp-json\/wp\/v2\/tags?post=74145"}],"curies":[{"name":"wp","href":"https:\/\/api.w.org\/{rel}","templated":true}]}}