{"id":74188,"date":"2021-09-23T13:44:55","date_gmt":"2021-09-23T16:44:55","guid":{"rendered":"http:\/\/patagoniambiental.com.ar\/info\/?p=74188"},"modified":"2021-09-23T13:44:58","modified_gmt":"2021-09-23T16:44:58","slug":"plantaran-especies-nativas-en-el-parque-autoctono-del-centro-civico-de-la-pampa","status":"publish","type":"post","link":"https:\/\/patagoniambiental.com.ar\/info\/plantaran-especies-nativas-en-el-parque-autoctono-del-centro-civico-de-la-pampa\/","title":{"rendered":"Plantar\u00e1n especies nativas en el \u00abParque Aut\u00f3ctono\u00bb del Centro C\u00edvico de La Pampa"},"content":{"rendered":"\n<ul class=\"wp-block-list\"><li><a href=\"https:\/\/radiodon.com.ar\/2021\/09\/22\/\"><\/a><\/li><\/ul>\n\n\n\n<!--more-->\n\n\n\n<p><strong>La Subsecretar\u00eda de Ambiente de La Pampa realizar\u00e1, el viernes 24 a las 10 horas, la primera jornada de plantaci\u00f3n a realizarse en el marco del proyecto \u201cParque Aut\u00f3ctono del Centro C\u00edvico\u201d.<\/strong><\/p>\n\n\n\n<p>El Centro C\u00edvico, sede administrativa del Gobierno de La Pampa en Santa Rosa, ocupa 11 hect\u00e1reas en un punto neur\u00e1lgico de la ciudad capital.<\/p>\n\n\n\n<figure class=\"wp-block-image\"><a href=\"https:\/\/radiodon.com.ar\/2021\/09\/22\/plantaran-especies-nativas-en-el-parque-autoctono-del-centro-civico-de-la-pampa\/#\"><img decoding=\"async\" src=\"https:\/\/radiodon.com.ar\/wp-content\/uploads\/2020\/11\/radiodon.jpg\" alt=\"\"\/><\/a><\/figure>\n\n\n\n<p>El objetivo de la Subsecretar\u00eda de Ambiente es sumar a este espacio biodiversidad aut\u00f3ctona que impacte de manera positiva a la salud y el bienestar de los pampeanos y pampeanas, como as\u00ed tambi\u00e9n de quienes visiten la Provincia.<ins>https:\/\/googleads.g.doubleclick.net\/pagead\/ads?client=ca-pub-5687724411061918&amp;output=html&amp;h=280&amp;slotname=6161082461&amp;adk=3127692644&amp;adf=3234686732&amp;pi=t.ma~as.6161082461&amp;w=798&amp;fwrn=4&amp;fwrnh=100&amp;lmt=1632415404&amp;rafmt=1&amp;tp=site_kit&amp;psa=0&amp;format=798&#215;280&amp;url=https%3A%2F%2Fradiodon.com.ar%2F2021%2F09%2F22%2Fplantaran-especies-nativas-en-el-parque-autoctono-del-centro-civico-de-la-pampa%2F&amp;flash=0&amp;fwr=0&amp;fwrattr=true&amp;rpe=1&amp;resp_fmts=3&amp;wgl=1&amp;uach=WyJXaW5kb3dzIiwiMTAuMC4wIiwieDg2IiwiIiwiOTMuMC40NTc3LjgyIixbXSxudWxsLG51bGwsIjY0Il0.&amp;tt_state=W3siaXNzdWVyT3JpZ2luIjoiaHR0cHM6Ly9hdHRlc3RhdGlvbi5hbmRyb2lkLmNvbSIsInN0YXRlIjo3fV0.&amp;dt=1632415394326&amp;bpp=7&amp;bdt=10357&amp;idt=3487&amp;shv=r20210921&amp;mjsv=m202109200101&amp;ptt=9&amp;saldr=aa&amp;abxe=1&amp;cookie=ID%3Da5be3d4544d69295-2246cb5bcdcb0028%3AT%3D1632415404%3ART%3D1632415404%3AS%3DALNI_MaTy_5zc0Yhd68FRR23BMrOP81bIg&amp;prev_fmts=0x0%2C1343x568%2C301x250&amp;nras=2&amp;correlator=8224946691808&amp;frm=20&amp;pv=1&amp;ga_vid=234323628.1632415398&amp;ga_sid=1632415398&amp;ga_hid=173215022&amp;ga_fc=0&amp;u_tz=-180&amp;u_his=1&amp;u_java=0&amp;u_h=768&amp;u_w=1360&amp;u_ah=728&amp;u_aw=1360&amp;u_cd=24&amp;u_nplug=5&amp;u_nmime=4&amp;adx=112&amp;ady=2463&amp;biw=1343&amp;bih=568&amp;scr_x=0&amp;scr_y=264&amp;eid=44747620%2C21066428%2C31062857%2C21067496&amp;oid=3&amp;pvsid=1998031895832278&amp;pem=869&amp;ref=https%3A%2F%2Fwww.google.com%2F&amp;eae=0&amp;fc=1920&amp;brdim=0%2C0%2C0%2C0%2C1360%2C0%2C1360%2C728%2C1360%2C568&amp;vis=1&amp;rsz=%7C%7CoeEbr%7C&amp;abl=CS&amp;pfx=0&amp;fu=128&amp;bc=31&amp;ifi=2&amp;uci=a!2&amp;btvi=2&amp;fsb=1&amp;xpc=FOgXkOvIo5&amp;p=https%3A\/\/radiodon.com.ar&amp;dtd=10654<\/ins><\/p>\n\n\n\n<p>La plantaci\u00f3n de \u00e1rboles y arbustos nativos, adem\u00e1s de contribuir a los servicios ambientales tradicionales del arbolado urbano, servir\u00e1 de alimento y refugio de la fauna local y fuente de semillas. Constituir\u00e1 un componente clave de la identidad del predio, un recurso did\u00e1ctico y un muestrario de su valor ornamental.<\/p>\n\n\n\n<p>La propuesta contempla crear un parque educativo e interconectado, donde a partir de la carteler\u00eda informativa se pueda escanear un c\u00f3digo QR que vincule al sitio web dise\u00f1ado para este proyecto.<\/p>\n\n\n\n<h3 class=\"wp-block-heading\">Fuente: https:\/\/radiodon.com.ar\/2021\/09\/22\/plantaran-especies-nativas-en-el-parque-autoctono-del-centro-civico-de-la-pampa\/<\/h3>\n","protected":false},"excerpt":{"rendered":"","protected":false},"author":6,"featured_media":74189,"comment_status":"open","ping_status":"open","sticky":false,"template":"","format":"standard","meta":{"site-sidebar-layout":"default","site-content-layout":"","ast-site-content-layout":"default","site-content-style":"default","site-sidebar-style":"default","ast-global-header-display":"","ast-banner-title-visibility":"","ast-main-header-display":"","ast-hfb-above-header-display":"","ast-hfb-below-header-display":"","ast-hfb-mobile-header-display":"","site-post-title":"","ast-breadcrumbs-content":"","ast-featured-img":"","footer-sml-layout":"","ast-disable-related-posts":"","theme-transparent-header-meta":"","adv-header-id-meta":"","stick-header-meta":"","header-above-stick-meta":"","header-main-stick-meta":"","header-below-stick-meta":"","astra-migrate-meta-layouts":"default","ast-page-background-enabled":"default","ast-page-background-meta":{"desktop":{"background-color":"var(--ast-global-color-5)","background-image":"","background-repeat":"repeat","background-position":"center center","background-size":"auto","background-attachment":"scroll","background-type":"","background-media":"","overlay-type":"","overlay-color":"","overlay-opacity":"","overlay-gradient":""},"tablet":{"background-color":"","background-image":"","background-repeat":"repeat","background-position":"center center","background-size":"auto","background-attachment":"scroll","background-type":"","background-media":"","overlay-type":"","overlay-color":"","overlay-opacity":"","overlay-gradient":""},"mobile":{"background-color":"","background-image":"","background-repeat":"repeat","background-position":"center center","background-size":"auto","background-attachment":"scroll","background-type":"","background-media":"","overlay-type":"","overlay-color":"","overlay-opacity":"","overlay-gradient":""}},"ast-content-background-meta":{"desktop":{"background-color":"var(--ast-global-color-4)","background-image":"","background-repeat":"repeat","background-position":"center center","background-size":"auto","background-attachment":"scroll","background-type":"","background-media":"","overlay-type":"","overlay-color":"","overlay-opacity":"","overlay-gradient":""},"tablet":{"background-color":"var(--ast-global-color-4)","background-image":"","background-repeat":"repeat","background-position":"center center","background-size":"auto","background-attachment":"scroll","background-type":"","background-media":"","overlay-type":"","overlay-color":"","overlay-opacity":"","overlay-gradient":""},"mobile":{"background-color":"var(--ast-global-color-4)","background-image":"","background-repeat":"repeat","background-position":"center center","background-size":"auto","background-attachment":"scroll","background-type":"","background-media":"","overlay-type":"","overlay-color":"","overlay-opacity":"","overlay-gradient":""}},"footnotes":""},"categories":[59,1],"tags":[],"class_list":["post-74188","post","type-post","status-publish","format-standard","has-post-thumbnail","hentry","category-la-pampa","category-noticias"],"yoast_head":"<!-- This site is optimized with the Yoast SEO Premium plugin v23.0 (Yoast SEO v27.5) - https:\/\/yoast.com\/product\/yoast-seo-premium-wordpress\/ -->\n<title>Plantar\u00e1n especies nativas en el \u00abParque Aut\u00f3ctono\u00bb del Centro C\u00edvico de La Pampa<\/title>\n<meta name=\"robots\" content=\"index, follow, max-snippet:-1, max-image-preview:large, max-video-preview:-1\" \/>\n<link rel=\"canonical\" href=\"https:\/\/patagoniambiental.com.ar\/info\/plantaran-especies-nativas-en-el-parque-autoctono-del-centro-civico-de-la-pampa\/\" \/>\n<meta property=\"og:locale\" content=\"es_ES\" \/>\n<meta property=\"og:type\" content=\"article\" \/>\n<meta property=\"og:title\" content=\"Plantar\u00e1n especies nativas en el \u00abParque Aut\u00f3ctono\u00bb del Centro C\u00edvico de La Pampa\" \/>\n<meta property=\"og:url\" content=\"https:\/\/patagoniambiental.com.ar\/info\/plantaran-especies-nativas-en-el-parque-autoctono-del-centro-civico-de-la-pampa\/\" \/>\n<meta property=\"og:site_name\" content=\"Patagonia Ambiental\" \/>\n<meta property=\"article:publisher\" content=\"https:\/\/www.facebook.com\/patagonia.ambiental\" \/>\n<meta property=\"article:published_time\" content=\"2021-09-23T16:44:55+00:00\" \/>\n<meta property=\"article:modified_time\" content=\"2021-09-23T16:44:58+00:00\" \/>\n<meta property=\"og:image\" content=\"https:\/\/patagoniambiental.com.ar\/info\/wp-content\/uploads\/2021\/09\/parqueautoctono-23desep.jpg\" \/>\n\t<meta property=\"og:image:width\" content=\"800\" \/>\n\t<meta property=\"og:image:height\" content=\"456\" \/>\n\t<meta property=\"og:image:type\" content=\"image\/jpeg\" \/>\n<meta name=\"author\" content=\"BRAIAN ESTEVEZ\" \/>\n<meta name=\"twitter:card\" content=\"summary_large_image\" \/>\n<meta name=\"twitter:creator\" content=\"@PatAmb\" \/>\n<meta name=\"twitter:site\" content=\"@PatAmb\" \/>\n<script type=\"application\/ld+json\" class=\"yoast-schema-graph\">{\"@context\":\"https:\\\/\\\/schema.org\",\"@graph\":[{\"@type\":\"Article\",\"@id\":\"https:\\\/\\\/patagoniambiental.com.ar\\\/info\\\/plantaran-especies-nativas-en-el-parque-autoctono-del-centro-civico-de-la-pampa\\\/#article\",\"isPartOf\":{\"@id\":\"https:\\\/\\\/patagoniambiental.com.ar\\\/info\\\/plantaran-especies-nativas-en-el-parque-autoctono-del-centro-civico-de-la-pampa\\\/\"},\"author\":{\"name\":\"BRAIAN ESTEVEZ\",\"@id\":\"https:\\\/\\\/patagoniambiental.com.ar\\\/info\\\/#\\\/schema\\\/person\\\/e5af09d700b2e82cb10c6b8800e0c691\"},\"headline\":\"Plantar\u00e1n especies nativas en el \u00abParque Aut\u00f3ctono\u00bb del Centro C\u00edvico de La Pampa\",\"datePublished\":\"2021-09-23T16:44:55+00:00\",\"dateModified\":\"2021-09-23T16:44:58+00:00\",\"mainEntityOfPage\":{\"@id\":\"https:\\\/\\\/patagoniambiental.com.ar\\\/info\\\/plantaran-especies-nativas-en-el-parque-autoctono-del-centro-civico-de-la-pampa\\\/\"},\"wordCount\":495,\"commentCount\":0,\"publisher\":{\"@id\":\"https:\\\/\\\/patagoniambiental.com.ar\\\/info\\\/#organization\"},\"image\":{\"@id\":\"https:\\\/\\\/patagoniambiental.com.ar\\\/info\\\/plantaran-especies-nativas-en-el-parque-autoctono-del-centro-civico-de-la-pampa\\\/#primaryimage\"},\"thumbnailUrl\":\"https:\\\/\\\/patagoniambiental.com.ar\\\/info\\\/wp-content\\\/uploads\\\/2021\\\/09\\\/parqueautoctono-23desep.jpg\",\"articleSection\":[\"La Pampa\",\"Noticias\"],\"inLanguage\":\"es\",\"potentialAction\":[{\"@type\":\"CommentAction\",\"name\":\"Comment\",\"target\":[\"https:\\\/\\\/patagoniambiental.com.ar\\\/info\\\/plantaran-especies-nativas-en-el-parque-autoctono-del-centro-civico-de-la-pampa\\\/#respond\"]}]},{\"@type\":\"WebPage\",\"@id\":\"https:\\\/\\\/patagoniambiental.com.ar\\\/info\\\/plantaran-especies-nativas-en-el-parque-autoctono-del-centro-civico-de-la-pampa\\\/\",\"url\":\"https:\\\/\\\/patagoniambiental.com.ar\\\/info\\\/plantaran-especies-nativas-en-el-parque-autoctono-del-centro-civico-de-la-pampa\\\/\",\"name\":\"Plantar\u00e1n especies nativas en el \u00abParque Aut\u00f3ctono\u00bb del Centro C\u00edvico de La Pampa\",\"isPartOf\":{\"@id\":\"https:\\\/\\\/patagoniambiental.com.ar\\\/info\\\/#website\"},\"primaryImageOfPage\":{\"@id\":\"https:\\\/\\\/patagoniambiental.com.ar\\\/info\\\/plantaran-especies-nativas-en-el-parque-autoctono-del-centro-civico-de-la-pampa\\\/#primaryimage\"},\"image\":{\"@id\":\"https:\\\/\\\/patagoniambiental.com.ar\\\/info\\\/plantaran-especies-nativas-en-el-parque-autoctono-del-centro-civico-de-la-pampa\\\/#primaryimage\"},\"thumbnailUrl\":\"https:\\\/\\\/patagoniambiental.com.ar\\\/info\\\/wp-content\\\/uploads\\\/2021\\\/09\\\/parqueautoctono-23desep.jpg\",\"datePublished\":\"2021-09-23T16:44:55+00:00\",\"dateModified\":\"2021-09-23T16:44:58+00:00\",\"breadcrumb\":{\"@id\":\"https:\\\/\\\/patagoniambiental.com.ar\\\/info\\\/plantaran-especies-nativas-en-el-parque-autoctono-del-centro-civico-de-la-pampa\\\/#breadcrumb\"},\"inLanguage\":\"es\",\"potentialAction\":[{\"@type\":\"ReadAction\",\"target\":[\"https:\\\/\\\/patagoniambiental.com.ar\\\/info\\\/plantaran-especies-nativas-en-el-parque-autoctono-del-centro-civico-de-la-pampa\\\/\"]}]},{\"@type\":\"ImageObject\",\"inLanguage\":\"es\",\"@id\":\"https:\\\/\\\/patagoniambiental.com.ar\\\/info\\\/plantaran-especies-nativas-en-el-parque-autoctono-del-centro-civico-de-la-pampa\\\/#primaryimage\",\"url\":\"https:\\\/\\\/patagoniambiental.com.ar\\\/info\\\/wp-content\\\/uploads\\\/2021\\\/09\\\/parqueautoctono-23desep.jpg\",\"contentUrl\":\"https:\\\/\\\/patagoniambiental.com.ar\\\/info\\\/wp-content\\\/uploads\\\/2021\\\/09\\\/parqueautoctono-23desep.jpg\",\"width\":800,\"height\":456},{\"@type\":\"BreadcrumbList\",\"@id\":\"https:\\\/\\\/patagoniambiental.com.ar\\\/info\\\/plantaran-especies-nativas-en-el-parque-autoctono-del-centro-civico-de-la-pampa\\\/#breadcrumb\",\"itemListElement\":[{\"@type\":\"ListItem\",\"position\":1,\"name\":\"Inicio\",\"item\":\"https:\\\/\\\/patagoniambiental.com.ar\\\/info\\\/\"},{\"@type\":\"ListItem\",\"position\":2,\"name\":\"Plantar\u00e1n especies nativas en el \u00abParque Aut\u00f3ctono\u00bb del Centro C\u00edvico de La Pampa\"}]},{\"@type\":\"WebSite\",\"@id\":\"https:\\\/\\\/patagoniambiental.com.ar\\\/info\\\/#website\",\"url\":\"https:\\\/\\\/patagoniambiental.com.ar\\\/info\\\/\",\"name\":\"Patagonia Ambiental\",\"description\":\"Monitoreo y an\u00e1lisis de la situaci\u00f3n geopol\u00edtica en el mundo y su implicancia en la Patagonia\",\"publisher\":{\"@id\":\"https:\\\/\\\/patagoniambiental.com.ar\\\/info\\\/#organization\"},\"potentialAction\":[{\"@type\":\"SearchAction\",\"target\":{\"@type\":\"EntryPoint\",\"urlTemplate\":\"https:\\\/\\\/patagoniambiental.com.ar\\\/info\\\/?s={search_term_string}\"},\"query-input\":{\"@type\":\"PropertyValueSpecification\",\"valueRequired\":true,\"valueName\":\"search_term_string\"}}],\"inLanguage\":\"es\"},{\"@type\":\"Organization\",\"@id\":\"https:\\\/\\\/patagoniambiental.com.ar\\\/info\\\/#organization\",\"name\":\"Patagonia Ambiental\",\"url\":\"https:\\\/\\\/patagoniambiental.com.ar\\\/info\\\/\",\"logo\":{\"@type\":\"ImageObject\",\"inLanguage\":\"es\",\"@id\":\"https:\\\/\\\/patagoniambiental.com.ar\\\/info\\\/#\\\/schema\\\/logo\\\/image\\\/\",\"url\":\"https:\\\/\\\/patagoniambiental.com.ar\\\/info\\\/wp-content\\\/uploads\\\/2025\\\/05\\\/LOGO-PATAGONIA-AMBIENTAL.png\",\"contentUrl\":\"https:\\\/\\\/patagoniambiental.com.ar\\\/info\\\/wp-content\\\/uploads\\\/2025\\\/05\\\/LOGO-PATAGONIA-AMBIENTAL.png\",\"width\":433,\"height\":250,\"caption\":\"Patagonia Ambiental\"},\"image\":{\"@id\":\"https:\\\/\\\/patagoniambiental.com.ar\\\/info\\\/#\\\/schema\\\/logo\\\/image\\\/\"},\"sameAs\":[\"https:\\\/\\\/www.facebook.com\\\/patagonia.ambiental\",\"https:\\\/\\\/x.com\\\/PatAmb\"]},{\"@type\":\"Person\",\"@id\":\"https:\\\/\\\/patagoniambiental.com.ar\\\/info\\\/#\\\/schema\\\/person\\\/e5af09d700b2e82cb10c6b8800e0c691\",\"name\":\"BRAIAN ESTEVEZ\",\"sameAs\":[\"http:\\\/\\\/www.patagoniambiental.com.ar\"]}]}<\/script>\n<!-- \/ Yoast SEO Premium plugin. -->","yoast_head_json":{"title":"Plantar\u00e1n especies nativas en el \u00abParque Aut\u00f3ctono\u00bb del Centro C\u00edvico de La Pampa","robots":{"index":"index","follow":"follow","max-snippet":"max-snippet:-1","max-image-preview":"max-image-preview:large","max-video-preview":"max-video-preview:-1"},"canonical":"https:\/\/patagoniambiental.com.ar\/info\/plantaran-especies-nativas-en-el-parque-autoctono-del-centro-civico-de-la-pampa\/","og_locale":"es_ES","og_type":"article","og_title":"Plantar\u00e1n especies nativas en el \u00abParque Aut\u00f3ctono\u00bb del Centro C\u00edvico de La Pampa","og_url":"https:\/\/patagoniambiental.com.ar\/info\/plantaran-especies-nativas-en-el-parque-autoctono-del-centro-civico-de-la-pampa\/","og_site_name":"Patagonia Ambiental","article_publisher":"https:\/\/www.facebook.com\/patagonia.ambiental","article_published_time":"2021-09-23T16:44:55+00:00","article_modified_time":"2021-09-23T16:44:58+00:00","og_image":[{"width":800,"height":456,"url":"https:\/\/patagoniambiental.com.ar\/info\/wp-content\/uploads\/2021\/09\/parqueautoctono-23desep.jpg","type":"image\/jpeg"}],"author":"BRAIAN ESTEVEZ","twitter_card":"summary_large_image","twitter_creator":"@PatAmb","twitter_site":"@PatAmb","schema":{"@context":"https:\/\/schema.org","@graph":[{"@type":"Article","@id":"https:\/\/patagoniambiental.com.ar\/info\/plantaran-especies-nativas-en-el-parque-autoctono-del-centro-civico-de-la-pampa\/#article","isPartOf":{"@id":"https:\/\/patagoniambiental.com.ar\/info\/plantaran-especies-nativas-en-el-parque-autoctono-del-centro-civico-de-la-pampa\/"},"author":{"name":"BRAIAN ESTEVEZ","@id":"https:\/\/patagoniambiental.com.ar\/info\/#\/schema\/person\/e5af09d700b2e82cb10c6b8800e0c691"},"headline":"Plantar\u00e1n especies nativas en el \u00abParque Aut\u00f3ctono\u00bb del Centro C\u00edvico de La Pampa","datePublished":"2021-09-23T16:44:55+00:00","dateModified":"2021-09-23T16:44:58+00:00","mainEntityOfPage":{"@id":"https:\/\/patagoniambiental.com.ar\/info\/plantaran-especies-nativas-en-el-parque-autoctono-del-centro-civico-de-la-pampa\/"},"wordCount":495,"commentCount":0,"publisher":{"@id":"https:\/\/patagoniambiental.com.ar\/info\/#organization"},"image":{"@id":"https:\/\/patagoniambiental.com.ar\/info\/plantaran-especies-nativas-en-el-parque-autoctono-del-centro-civico-de-la-pampa\/#primaryimage"},"thumbnailUrl":"https:\/\/patagoniambiental.com.ar\/info\/wp-content\/uploads\/2021\/09\/parqueautoctono-23desep.jpg","articleSection":["La Pampa","Noticias"],"inLanguage":"es","potentialAction":[{"@type":"CommentAction","name":"Comment","target":["https:\/\/patagoniambiental.com.ar\/info\/plantaran-especies-nativas-en-el-parque-autoctono-del-centro-civico-de-la-pampa\/#respond"]}]},{"@type":"WebPage","@id":"https:\/\/patagoniambiental.com.ar\/info\/plantaran-especies-nativas-en-el-parque-autoctono-del-centro-civico-de-la-pampa\/","url":"https:\/\/patagoniambiental.com.ar\/info\/plantaran-especies-nativas-en-el-parque-autoctono-del-centro-civico-de-la-pampa\/","name":"Plantar\u00e1n especies nativas en el \u00abParque Aut\u00f3ctono\u00bb del Centro C\u00edvico de La Pampa","isPartOf":{"@id":"https:\/\/patagoniambiental.com.ar\/info\/#website"},"primaryImageOfPage":{"@id":"https:\/\/patagoniambiental.com.ar\/info\/plantaran-especies-nativas-en-el-parque-autoctono-del-centro-civico-de-la-pampa\/#primaryimage"},"image":{"@id":"https:\/\/patagoniambiental.com.ar\/info\/plantaran-especies-nativas-en-el-parque-autoctono-del-centro-civico-de-la-pampa\/#primaryimage"},"thumbnailUrl":"https:\/\/patagoniambiental.com.ar\/info\/wp-content\/uploads\/2021\/09\/parqueautoctono-23desep.jpg","datePublished":"2021-09-23T16:44:55+00:00","dateModified":"2021-09-23T16:44:58+00:00","breadcrumb":{"@id":"https:\/\/patagoniambiental.com.ar\/info\/plantaran-especies-nativas-en-el-parque-autoctono-del-centro-civico-de-la-pampa\/#breadcrumb"},"inLanguage":"es","potentialAction":[{"@type":"ReadAction","target":["https:\/\/patagoniambiental.com.ar\/info\/plantaran-especies-nativas-en-el-parque-autoctono-del-centro-civico-de-la-pampa\/"]}]},{"@type":"ImageObject","inLanguage":"es","@id":"https:\/\/patagoniambiental.com.ar\/info\/plantaran-especies-nativas-en-el-parque-autoctono-del-centro-civico-de-la-pampa\/#primaryimage","url":"https:\/\/patagoniambiental.com.ar\/info\/wp-content\/uploads\/2021\/09\/parqueautoctono-23desep.jpg","contentUrl":"https:\/\/patagoniambiental.com.ar\/info\/wp-content\/uploads\/2021\/09\/parqueautoctono-23desep.jpg","width":800,"height":456},{"@type":"BreadcrumbList","@id":"https:\/\/patagoniambiental.com.ar\/info\/plantaran-especies-nativas-en-el-parque-autoctono-del-centro-civico-de-la-pampa\/#breadcrumb","itemListElement":[{"@type":"ListItem","position":1,"name":"Inicio","item":"https:\/\/patagoniambiental.com.ar\/info\/"},{"@type":"ListItem","position":2,"name":"Plantar\u00e1n especies nativas en el \u00abParque Aut\u00f3ctono\u00bb del Centro C\u00edvico de La Pampa"}]},{"@type":"WebSite","@id":"https:\/\/patagoniambiental.com.ar\/info\/#website","url":"https:\/\/patagoniambiental.com.ar\/info\/","name":"Patagonia Ambiental","description":"Monitoreo y an\u00e1lisis de la situaci\u00f3n geopol\u00edtica en el mundo y su implicancia en la Patagonia","publisher":{"@id":"https:\/\/patagoniambiental.com.ar\/info\/#organization"},"potentialAction":[{"@type":"SearchAction","target":{"@type":"EntryPoint","urlTemplate":"https:\/\/patagoniambiental.com.ar\/info\/?s={search_term_string}"},"query-input":{"@type":"PropertyValueSpecification","valueRequired":true,"valueName":"search_term_string"}}],"inLanguage":"es"},{"@type":"Organization","@id":"https:\/\/patagoniambiental.com.ar\/info\/#organization","name":"Patagonia Ambiental","url":"https:\/\/patagoniambiental.com.ar\/info\/","logo":{"@type":"ImageObject","inLanguage":"es","@id":"https:\/\/patagoniambiental.com.ar\/info\/#\/schema\/logo\/image\/","url":"https:\/\/patagoniambiental.com.ar\/info\/wp-content\/uploads\/2025\/05\/LOGO-PATAGONIA-AMBIENTAL.png","contentUrl":"https:\/\/patagoniambiental.com.ar\/info\/wp-content\/uploads\/2025\/05\/LOGO-PATAGONIA-AMBIENTAL.png","width":433,"height":250,"caption":"Patagonia Ambiental"},"image":{"@id":"https:\/\/patagoniambiental.com.ar\/info\/#\/schema\/logo\/image\/"},"sameAs":["https:\/\/www.facebook.com\/patagonia.ambiental","https:\/\/x.com\/PatAmb"]},{"@type":"Person","@id":"https:\/\/patagoniambiental.com.ar\/info\/#\/schema\/person\/e5af09d700b2e82cb10c6b8800e0c691","name":"BRAIAN ESTEVEZ","sameAs":["http:\/\/www.patagoniambiental.com.ar"]}]}},"_links":{"self":[{"href":"https:\/\/patagoniambiental.com.ar\/info\/wp-json\/wp\/v2\/posts\/74188","targetHints":{"allow":["GET"]}}],"collection":[{"href":"https:\/\/patagoniambiental.com.ar\/info\/wp-json\/wp\/v2\/posts"}],"about":[{"href":"https:\/\/patagoniambiental.com.ar\/info\/wp-json\/wp\/v2\/types\/post"}],"author":[{"embeddable":true,"href":"https:\/\/patagoniambiental.com.ar\/info\/wp-json\/wp\/v2\/users\/6"}],"replies":[{"embeddable":true,"href":"https:\/\/patagoniambiental.com.ar\/info\/wp-json\/wp\/v2\/comments?post=74188"}],"version-history":[{"count":0,"href":"https:\/\/patagoniambiental.com.ar\/info\/wp-json\/wp\/v2\/posts\/74188\/revisions"}],"wp:featuredmedia":[{"embeddable":true,"href":"https:\/\/patagoniambiental.com.ar\/info\/wp-json\/wp\/v2\/media\/74189"}],"wp:attachment":[{"href":"https:\/\/patagoniambiental.com.ar\/info\/wp-json\/wp\/v2\/media?parent=74188"}],"wp:term":[{"taxonomy":"category","embeddable":true,"href":"https:\/\/patagoniambiental.com.ar\/info\/wp-json\/wp\/v2\/categories?post=74188"},{"taxonomy":"post_tag","embeddable":true,"href":"https:\/\/patagoniambiental.com.ar\/info\/wp-json\/wp\/v2\/tags?post=74188"}],"curies":[{"name":"wp","href":"https:\/\/api.w.org\/{rel}","templated":true}]}}