{"id":74194,"date":"2021-09-23T21:08:15","date_gmt":"2021-09-24T00:08:15","guid":{"rendered":"http:\/\/patagoniambiental.com.ar\/info\/?p=74194"},"modified":"2021-09-23T21:08:18","modified_gmt":"2021-09-24T00:08:18","slug":"de-arboles-exoticos-semillas-y-plantaciones","status":"publish","type":"post","link":"https:\/\/patagoniambiental.com.ar\/info\/de-arboles-exoticos-semillas-y-plantaciones\/","title":{"rendered":"De \u00e1rboles ex\u00f3ticos, semillas y plantaciones"},"content":{"rendered":"\n<!--more-->\n\n\n\n<p><em>Bariloche, 23 de septiembre de 2021<\/em>.- Un equipo de la Sede Andina de la Universidad Nacional de R\u00edo Negro (UNRN) realiz\u00f3 un trabajo de gran importancia social y ecol\u00f3gica: extrajeron \u00e1rboles ex\u00f3ticos del Parque Municipal Llao Llao que luego fueron llevados a diferentes localidades de la L\u00ednea Sur.<\/p>\n\n\n\n<p>Luz Verde para la Regi\u00f3n Sur es un programa de Extensi\u00f3n de la Sede Andina de la Universidad Nacional de R\u00edo Negro (UNRN) que realiza acciones sociales de inter\u00e9s formativo con instituciones y actores del territorio. Luego de m\u00e1s de un a\u00f1o de inactividad debido a las restricciones impuestas por la pandemia, volvieron al ruedo. Adem\u00e1s del trasplante de \u00e1rboles, tuvieron contacto con las comunidades, compartieron saberes y nuevos proyectos.<\/p>\n\n\n\n<p>Aqu\u00ed, compartimos una cr\u00f3nica de viaje escrita por Santiago Na\u00f3n, director del proyecto.<\/p>\n\n\n\n<p><strong>Parque Municipal Llao Llao &#8211; Extracci\u00f3n de plantas ex\u00f3ticas<\/strong><\/p>\n\n\n\n<p>Un equipo de veinte personas se reuni\u00f3 el pasado jueves 9 de septiembre en el Parque Municipal de Llao Llao para la extracci\u00f3n de \u00e1rboles ex\u00f3ticos.<\/p>\n\n\n\n<p>Con el doble prop\u00f3sito de aliviar la carga de especies invasoras en un \u00e1rea protegida de bosque nativo, para viverizaci\u00f3n y cultivo en viveros de la Regi\u00f3n Sur de la provincia de R\u00edo Negro, extrajeron 661 \u00e1rboles de entre 40 cent\u00edmetros y 3 metros de altura con destino de plantaci\u00f3n en el arbolado urbano de diferentes localidades. La mayor\u00eda de las plantas extra\u00eddas fueron serbales, aunque tambi\u00e9n se trasplantaron cerezos, guindos, ciruelos, laureles cerezos, espinos blancos, retamas, lluvias de oro y pinos, todas especies introducidas con diversos grados de dispersi\u00f3n. Las plantas fueron removidas con el cuidado necesario para no da\u00f1ar el ambiente natural y acondicionadas para su traslado a ra\u00edz desnuda, con poda de ra\u00edces y de formaci\u00f3n, en atados de cantidades variables seg\u00fan tama\u00f1os dentro de bolsas de arpillera.<\/p>\n\n\n\n<p>El grupo estuvo conformado por estudiantes de la Tecnicatura en Viveros y la Licenciatura en Agroecolog\u00eda de la UNRN; docentes, investigadoras e investigadores del IRNAD (UNRN-CONICET); Luc\u00eda Faini, Alexander Hern\u00e1ndez Nieves y voluntarios de la Fundaci\u00f3n Anthena Arcturus; &nbsp;y colaboradores del Programa como Natalia Kerz, del Centro de Salud de Virgen Misionera; el bi\u00f3logo Daniel G\u00f3mez, referente ambiental de las Reservas Naturales Urbanas y las Juntas Vecinales del Oeste de Bariloche; entre otros.<\/p>\n\n\n\n<p><strong>Ing. Jacobacci<\/strong><\/p>\n\n\n\n<p>A primera hora de la ma\u00f1ana del d\u00eda siguiente, un grupo de 16 personas (conformado por estudiantes y docentes y colaboradores como Silvana Grill, de la Direcci\u00f3n Nacional de Formaci\u00f3n Cultural del Ministerio de Cultura de la Naci\u00f3n y Sebasti\u00e1n Lanzi Sarrot, realizador audiovisual) se traslad\u00f3 a Ingeniero Jacobacci, al Vivero Provincial, donde, despu\u00e9s de embarbechar las plantas en una aguada para su hidrataci\u00f3n, compartieron un almuerzo con los viveristas de la casa: Miguel Andrade, Marcos Huenul, Flavio Carballo y el t\u00e9cnico responsable del Programa Forestal del Ente para el Desarrollo de la Regi\u00f3n Sur y gran amigo del equipo extensionista, Abdel Nasif.<\/p>\n\n\n\n<p>La jornada continu\u00f3 con la plantaci\u00f3n a campo de 324 de esas plantas; el lote restante quedar\u00eda para su distribuci\u00f3n en otros viveros del Programa Forestal. A la tarde, el equipo recibi\u00f3 la visita del intendente de Jacobacci, Carlos Toro, con quien intercambiaron reflexiones y pensamientos respecto de las acciones realizadas y por hacer, en el complejo escenario social y ambiental del territorio de la Regi\u00f3n Sur.<\/p>\n\n\n\n<p><strong>Paraje Yuquiche<\/strong><\/p>\n\n\n\n<p>El s\u00e1bado, despu\u00e9s de compartir una cena y un descanso reparador en habitaciones del Gimnasio Municipal de Jacobacci, el grupo se dirigi\u00f3 al campo de la Familia Calfunao, en el Paraje Yuquiche, para retomar el v\u00ednculo interrumpido en 2020. Fueron recibidos por Don El\u00edas Huinca, Do\u00f1a Elena Calfunao y su hijo Daniel Calfunao, Lonco de la comunidad mapuche denominada&nbsp;<em>Luis y Juli\u00e1n Santos<\/em>, que agrupa a doce familias del Paraje. Luego de una ronda de presentaciones, el Lonco Daniel expuso las condiciones en las que se desarrollan las actividades productivas de la comunidad, las necesidades de infraestructura imprescindible como alambrados y sistemas de riego para el establecimiento de plantaciones y el conflicto territorial que mantienen con las mineras de \u201ctiza\u201d, la tierra de diatomeas con la que se producen las piedras para gatos y el polvo para control org\u00e1nico de plagas en cultivos.<\/p>\n\n\n\n<p>Acto seguido, bien munido de abundantes tortas fritas producto de las manos generosas de Do\u00f1a Elena, el equipo realiz\u00f3 un relevamiento del estado de las plantaciones y el invernadero construido de manera conjunta con Abdel a\u00f1os antes, para apuntalar la producci\u00f3n hort\u00edcola de la familia. Se entregaron y plantaron arbustos y plantas arom\u00e1ticas y semillas de hortalizas, donadas por extensionistas de Luz Verde y por Juan Patricio Zavaleta, integrante de la Huerta comunitaria interkultural Puwen de Villa Los Coihues, en territorio de la Comunidad Mapuche Lof Ranquehue en Bariloche.<\/p>\n\n\n\n<p>Con una despedida afectuosa y el compromiso de volver pronto, a mediod\u00eda se hicieron a los caminos para arrimarse al campo de la Familia Ferm\u00edn, a pocos kil\u00f3metros rumbo al sur, donde se produjo el reencuentro con Don Remigio Ferm\u00edn, Do\u00f1a Emilia Llancaleo y su hijo y buen amigo del grupo Julio Ferm\u00edn. Los encontraron acompa\u00f1ados de dos hermanos vecinos de un campo lindero, Tom\u00e1s y Mart\u00edn Santos, invitados de la familia e interesados en conocer a la inusual comitiva y sus pr\u00e1cticas, de las que hab\u00edan tenido buenas noticias por parte de Julio.<\/p>\n\n\n\n<p>Despu\u00e9s de los saludos de rigor, se relevaron plantaciones realizadas a\u00f1os anteriores, encontrando las plantas en inmejorables condiciones de desarrollo producto del esfuerzo y el cuidado de la familia. Admirando el muy buen estado de cosas, una parte del grupo se aplic\u00f3 al acondicionamiento de la huerta y plantaci\u00f3n de hortalizas y arom\u00e1ticas y otra a la noble tarea de preparar el fuego y cocinar un asado, acompa\u00f1ado de verduras al disco. Se plantaron \u00e1rboles y arbustos donados por el Programa e integrantes y por el Vivero Terra de Villa Los Coihues y, una vez almorzados, se retomaron las actividades, improvisando un taller de poda de frutales para la buena formaci\u00f3n de los \u00e1rboles establecidos. Ah\u00edtos de las excelentes tortas fritas hechura de Do\u00f1a Emilia, y para intentar emparejar su generosidad, se le entregaron las semillas de hortalizas para que dispusiera su siembra cuando la temporada de heladas hubiera pasado. Con palabras de agradecimiento y cari\u00f1o, y la promesa de un pr\u00f3ximo encuentro, se despidieron de la familia, de los vecinos y de Abdel Nasif, pivot imprescindible para el buen desarrollo de los acontecimientos. El equipo extensionista destac\u00f3 la calidad humana de los pobladores, el buen estado de las plantaciones y la alegr\u00eda de haber participado de actividades tan significativas.<em>Adjuntamos gacetilla<br><\/em><em>Fotos: Luz Verde para la Regi\u00f3n Sur &#8211; UNRN Sede Andina<u><br><\/u><\/em><em>Agradecemos difusi\u00f3n<\/em>&#8212;<br>Departamento de Comunicaci\u00f3nUniversidad Nacional de R\u00edo Negro &#8211; Sede Andina&nbsp;Mitre 630 1\u00ba \u00abB\u00bb &#8211; San Carlos de Bariloche(0294) 474 6118<a href=\"mailto:comunicacion.andina@unrn.edu.ar\" target=\"_blank\" rel=\"noreferrer noopener\">comunicacion.andina@unrn.edu.ar<\/a><a href=\"http:\/\/www.unrn.edu.ar\/\" target=\"_blank\" rel=\"noreferrer noopener\">www.unrn.edu.ar<\/a>Facebook: @<a href=\"https:\/\/www.facebook.com\/unrnsedeandina\" target=\"_blank\" rel=\"noreferrer noopener\">unrnsedeandina<\/a><br>Twitter: @unrnsedeandina<br>Instagram: Instagram\/@unrionegro<a href=\"http:\/\/www.unrn.tv\/\" target=\"_blank\" rel=\"noreferrer noopener\">www.unrn.tv<\/a><br>www.raund.media<\/p>\n","protected":false},"excerpt":{"rendered":"","protected":false},"author":6,"featured_media":74195,"comment_status":"open","ping_status":"open","sticky":false,"template":"","format":"standard","meta":{"site-sidebar-layout":"default","site-content-layout":"","ast-site-content-layout":"default","site-content-style":"default","site-sidebar-style":"default","ast-global-header-display":"","ast-banner-title-visibility":"","ast-main-header-display":"","ast-hfb-above-header-display":"","ast-hfb-below-header-display":"","ast-hfb-mobile-header-display":"","site-post-title":"","ast-breadcrumbs-content":"","ast-featured-img":"","footer-sml-layout":"","ast-disable-related-posts":"","theme-transparent-header-meta":"","adv-header-id-meta":"","stick-header-meta":"","header-above-stick-meta":"","header-main-stick-meta":"","header-below-stick-meta":"","astra-migrate-meta-layouts":"default","ast-page-background-enabled":"default","ast-page-background-meta":{"desktop":{"background-color":"var(--ast-global-color-5)","background-image":"","background-repeat":"repeat","background-position":"center center","background-size":"auto","background-attachment":"scroll","background-type":"","background-media":"","overlay-type":"","overlay-color":"","overlay-opacity":"","overlay-gradient":""},"tablet":{"background-color":"","background-image":"","background-repeat":"repeat","background-position":"center center","background-size":"auto","background-attachment":"scroll","background-type":"","background-media":"","overlay-type":"","overlay-color":"","overlay-opacity":"","overlay-gradient":""},"mobile":{"background-color":"","background-image":"","background-repeat":"repeat","background-position":"center center","background-size":"auto","background-attachment":"scroll","background-type":"","background-media":"","overlay-type":"","overlay-color":"","overlay-opacity":"","overlay-gradient":""}},"ast-content-background-meta":{"desktop":{"background-color":"var(--ast-global-color-4)","background-image":"","background-repeat":"repeat","background-position":"center center","background-size":"auto","background-attachment":"scroll","background-type":"","background-media":"","overlay-type":"","overlay-color":"","overlay-opacity":"","overlay-gradient":""},"tablet":{"background-color":"var(--ast-global-color-4)","background-image":"","background-repeat":"repeat","background-position":"center center","background-size":"auto","background-attachment":"scroll","background-type":"","background-media":"","overlay-type":"","overlay-color":"","overlay-opacity":"","overlay-gradient":""},"mobile":{"background-color":"var(--ast-global-color-4)","background-image":"","background-repeat":"repeat","background-position":"center center","background-size":"auto","background-attachment":"scroll","background-type":"","background-media":"","overlay-type":"","overlay-color":"","overlay-opacity":"","overlay-gradient":""}},"footnotes":""},"categories":[1],"tags":[],"class_list":["post-74194","post","type-post","status-publish","format-standard","has-post-thumbnail","hentry","category-noticias"],"yoast_head":"<!-- This site is optimized with the Yoast SEO Premium plugin v23.0 (Yoast SEO v27.5) - https:\/\/yoast.com\/product\/yoast-seo-premium-wordpress\/ -->\n<title>De \u00e1rboles ex\u00f3ticos, semillas y plantaciones<\/title>\n<meta name=\"robots\" content=\"index, follow, max-snippet:-1, max-image-preview:large, max-video-preview:-1\" \/>\n<link rel=\"canonical\" href=\"https:\/\/patagoniambiental.com.ar\/info\/de-arboles-exoticos-semillas-y-plantaciones\/\" \/>\n<meta property=\"og:locale\" content=\"es_ES\" \/>\n<meta property=\"og:type\" content=\"article\" \/>\n<meta property=\"og:title\" content=\"De \u00e1rboles ex\u00f3ticos, semillas y plantaciones\" \/>\n<meta property=\"og:url\" content=\"https:\/\/patagoniambiental.com.ar\/info\/de-arboles-exoticos-semillas-y-plantaciones\/\" \/>\n<meta property=\"og:site_name\" content=\"Patagonia Ambiental\" \/>\n<meta property=\"article:publisher\" content=\"https:\/\/www.facebook.com\/patagonia.ambiental\" \/>\n<meta property=\"article:published_time\" content=\"2021-09-24T00:08:15+00:00\" \/>\n<meta property=\"article:modified_time\" content=\"2021-09-24T00:08:18+00:00\" \/>\n<meta property=\"og:image\" content=\"https:\/\/patagoniambiental.com.ar\/info\/wp-content\/uploads\/2021\/09\/thumbnail_Vivero-Jacobacci-10-9-21.jpg\" \/>\n\t<meta property=\"og:image:width\" content=\"1280\" \/>\n\t<meta property=\"og:image:height\" content=\"720\" \/>\n\t<meta property=\"og:image:type\" content=\"image\/jpeg\" \/>\n<meta name=\"author\" content=\"BRAIAN ESTEVEZ\" \/>\n<meta name=\"twitter:card\" content=\"summary_large_image\" \/>\n<meta name=\"twitter:creator\" content=\"@PatAmb\" \/>\n<meta name=\"twitter:site\" content=\"@PatAmb\" \/>\n<script type=\"application\/ld+json\" class=\"yoast-schema-graph\">{\"@context\":\"https:\\\/\\\/schema.org\",\"@graph\":[{\"@type\":\"Article\",\"@id\":\"https:\\\/\\\/patagoniambiental.com.ar\\\/info\\\/de-arboles-exoticos-semillas-y-plantaciones\\\/#article\",\"isPartOf\":{\"@id\":\"https:\\\/\\\/patagoniambiental.com.ar\\\/info\\\/de-arboles-exoticos-semillas-y-plantaciones\\\/\"},\"author\":{\"name\":\"BRAIAN ESTEVEZ\",\"@id\":\"https:\\\/\\\/patagoniambiental.com.ar\\\/info\\\/#\\\/schema\\\/person\\\/e5af09d700b2e82cb10c6b8800e0c691\"},\"headline\":\"De \u00e1rboles ex\u00f3ticos, semillas y plantaciones\",\"datePublished\":\"2021-09-24T00:08:15+00:00\",\"dateModified\":\"2021-09-24T00:08:18+00:00\",\"mainEntityOfPage\":{\"@id\":\"https:\\\/\\\/patagoniambiental.com.ar\\\/info\\\/de-arboles-exoticos-semillas-y-plantaciones\\\/\"},\"wordCount\":1223,\"commentCount\":0,\"publisher\":{\"@id\":\"https:\\\/\\\/patagoniambiental.com.ar\\\/info\\\/#organization\"},\"image\":{\"@id\":\"https:\\\/\\\/patagoniambiental.com.ar\\\/info\\\/de-arboles-exoticos-semillas-y-plantaciones\\\/#primaryimage\"},\"thumbnailUrl\":\"https:\\\/\\\/patagoniambiental.com.ar\\\/info\\\/wp-content\\\/uploads\\\/2021\\\/09\\\/thumbnail_Vivero-Jacobacci-10-9-21.jpg\",\"articleSection\":[\"Noticias\"],\"inLanguage\":\"es\",\"potentialAction\":[{\"@type\":\"CommentAction\",\"name\":\"Comment\",\"target\":[\"https:\\\/\\\/patagoniambiental.com.ar\\\/info\\\/de-arboles-exoticos-semillas-y-plantaciones\\\/#respond\"]}]},{\"@type\":\"WebPage\",\"@id\":\"https:\\\/\\\/patagoniambiental.com.ar\\\/info\\\/de-arboles-exoticos-semillas-y-plantaciones\\\/\",\"url\":\"https:\\\/\\\/patagoniambiental.com.ar\\\/info\\\/de-arboles-exoticos-semillas-y-plantaciones\\\/\",\"name\":\"De \u00e1rboles ex\u00f3ticos, semillas y plantaciones\",\"isPartOf\":{\"@id\":\"https:\\\/\\\/patagoniambiental.com.ar\\\/info\\\/#website\"},\"primaryImageOfPage\":{\"@id\":\"https:\\\/\\\/patagoniambiental.com.ar\\\/info\\\/de-arboles-exoticos-semillas-y-plantaciones\\\/#primaryimage\"},\"image\":{\"@id\":\"https:\\\/\\\/patagoniambiental.com.ar\\\/info\\\/de-arboles-exoticos-semillas-y-plantaciones\\\/#primaryimage\"},\"thumbnailUrl\":\"https:\\\/\\\/patagoniambiental.com.ar\\\/info\\\/wp-content\\\/uploads\\\/2021\\\/09\\\/thumbnail_Vivero-Jacobacci-10-9-21.jpg\",\"datePublished\":\"2021-09-24T00:08:15+00:00\",\"dateModified\":\"2021-09-24T00:08:18+00:00\",\"breadcrumb\":{\"@id\":\"https:\\\/\\\/patagoniambiental.com.ar\\\/info\\\/de-arboles-exoticos-semillas-y-plantaciones\\\/#breadcrumb\"},\"inLanguage\":\"es\",\"potentialAction\":[{\"@type\":\"ReadAction\",\"target\":[\"https:\\\/\\\/patagoniambiental.com.ar\\\/info\\\/de-arboles-exoticos-semillas-y-plantaciones\\\/\"]}]},{\"@type\":\"ImageObject\",\"inLanguage\":\"es\",\"@id\":\"https:\\\/\\\/patagoniambiental.com.ar\\\/info\\\/de-arboles-exoticos-semillas-y-plantaciones\\\/#primaryimage\",\"url\":\"https:\\\/\\\/patagoniambiental.com.ar\\\/info\\\/wp-content\\\/uploads\\\/2021\\\/09\\\/thumbnail_Vivero-Jacobacci-10-9-21.jpg\",\"contentUrl\":\"https:\\\/\\\/patagoniambiental.com.ar\\\/info\\\/wp-content\\\/uploads\\\/2021\\\/09\\\/thumbnail_Vivero-Jacobacci-10-9-21.jpg\",\"width\":1067,\"height\":600},{\"@type\":\"BreadcrumbList\",\"@id\":\"https:\\\/\\\/patagoniambiental.com.ar\\\/info\\\/de-arboles-exoticos-semillas-y-plantaciones\\\/#breadcrumb\",\"itemListElement\":[{\"@type\":\"ListItem\",\"position\":1,\"name\":\"Inicio\",\"item\":\"https:\\\/\\\/patagoniambiental.com.ar\\\/info\\\/\"},{\"@type\":\"ListItem\",\"position\":2,\"name\":\"De \u00e1rboles ex\u00f3ticos, semillas y plantaciones\"}]},{\"@type\":\"WebSite\",\"@id\":\"https:\\\/\\\/patagoniambiental.com.ar\\\/info\\\/#website\",\"url\":\"https:\\\/\\\/patagoniambiental.com.ar\\\/info\\\/\",\"name\":\"Patagonia Ambiental\",\"description\":\"Monitoreo y an\u00e1lisis de la situaci\u00f3n geopol\u00edtica en el mundo y su implicancia en la Patagonia\",\"publisher\":{\"@id\":\"https:\\\/\\\/patagoniambiental.com.ar\\\/info\\\/#organization\"},\"potentialAction\":[{\"@type\":\"SearchAction\",\"target\":{\"@type\":\"EntryPoint\",\"urlTemplate\":\"https:\\\/\\\/patagoniambiental.com.ar\\\/info\\\/?s={search_term_string}\"},\"query-input\":{\"@type\":\"PropertyValueSpecification\",\"valueRequired\":true,\"valueName\":\"search_term_string\"}}],\"inLanguage\":\"es\"},{\"@type\":\"Organization\",\"@id\":\"https:\\\/\\\/patagoniambiental.com.ar\\\/info\\\/#organization\",\"name\":\"Patagonia Ambiental\",\"url\":\"https:\\\/\\\/patagoniambiental.com.ar\\\/info\\\/\",\"logo\":{\"@type\":\"ImageObject\",\"inLanguage\":\"es\",\"@id\":\"https:\\\/\\\/patagoniambiental.com.ar\\\/info\\\/#\\\/schema\\\/logo\\\/image\\\/\",\"url\":\"https:\\\/\\\/patagoniambiental.com.ar\\\/info\\\/wp-content\\\/uploads\\\/2025\\\/05\\\/LOGO-PATAGONIA-AMBIENTAL.png\",\"contentUrl\":\"https:\\\/\\\/patagoniambiental.com.ar\\\/info\\\/wp-content\\\/uploads\\\/2025\\\/05\\\/LOGO-PATAGONIA-AMBIENTAL.png\",\"width\":433,\"height\":250,\"caption\":\"Patagonia Ambiental\"},\"image\":{\"@id\":\"https:\\\/\\\/patagoniambiental.com.ar\\\/info\\\/#\\\/schema\\\/logo\\\/image\\\/\"},\"sameAs\":[\"https:\\\/\\\/www.facebook.com\\\/patagonia.ambiental\",\"https:\\\/\\\/x.com\\\/PatAmb\"]},{\"@type\":\"Person\",\"@id\":\"https:\\\/\\\/patagoniambiental.com.ar\\\/info\\\/#\\\/schema\\\/person\\\/e5af09d700b2e82cb10c6b8800e0c691\",\"name\":\"BRAIAN ESTEVEZ\",\"sameAs\":[\"http:\\\/\\\/www.patagoniambiental.com.ar\"]}]}<\/script>\n<!-- \/ Yoast SEO Premium plugin. -->","yoast_head_json":{"title":"De \u00e1rboles ex\u00f3ticos, semillas y plantaciones","robots":{"index":"index","follow":"follow","max-snippet":"max-snippet:-1","max-image-preview":"max-image-preview:large","max-video-preview":"max-video-preview:-1"},"canonical":"https:\/\/patagoniambiental.com.ar\/info\/de-arboles-exoticos-semillas-y-plantaciones\/","og_locale":"es_ES","og_type":"article","og_title":"De \u00e1rboles ex\u00f3ticos, semillas y plantaciones","og_url":"https:\/\/patagoniambiental.com.ar\/info\/de-arboles-exoticos-semillas-y-plantaciones\/","og_site_name":"Patagonia Ambiental","article_publisher":"https:\/\/www.facebook.com\/patagonia.ambiental","article_published_time":"2021-09-24T00:08:15+00:00","article_modified_time":"2021-09-24T00:08:18+00:00","og_image":[{"width":1280,"height":720,"url":"https:\/\/patagoniambiental.com.ar\/info\/wp-content\/uploads\/2021\/09\/thumbnail_Vivero-Jacobacci-10-9-21.jpg","type":"image\/jpeg"}],"author":"BRAIAN ESTEVEZ","twitter_card":"summary_large_image","twitter_creator":"@PatAmb","twitter_site":"@PatAmb","schema":{"@context":"https:\/\/schema.org","@graph":[{"@type":"Article","@id":"https:\/\/patagoniambiental.com.ar\/info\/de-arboles-exoticos-semillas-y-plantaciones\/#article","isPartOf":{"@id":"https:\/\/patagoniambiental.com.ar\/info\/de-arboles-exoticos-semillas-y-plantaciones\/"},"author":{"name":"BRAIAN ESTEVEZ","@id":"https:\/\/patagoniambiental.com.ar\/info\/#\/schema\/person\/e5af09d700b2e82cb10c6b8800e0c691"},"headline":"De \u00e1rboles ex\u00f3ticos, semillas y plantaciones","datePublished":"2021-09-24T00:08:15+00:00","dateModified":"2021-09-24T00:08:18+00:00","mainEntityOfPage":{"@id":"https:\/\/patagoniambiental.com.ar\/info\/de-arboles-exoticos-semillas-y-plantaciones\/"},"wordCount":1223,"commentCount":0,"publisher":{"@id":"https:\/\/patagoniambiental.com.ar\/info\/#organization"},"image":{"@id":"https:\/\/patagoniambiental.com.ar\/info\/de-arboles-exoticos-semillas-y-plantaciones\/#primaryimage"},"thumbnailUrl":"https:\/\/patagoniambiental.com.ar\/info\/wp-content\/uploads\/2021\/09\/thumbnail_Vivero-Jacobacci-10-9-21.jpg","articleSection":["Noticias"],"inLanguage":"es","potentialAction":[{"@type":"CommentAction","name":"Comment","target":["https:\/\/patagoniambiental.com.ar\/info\/de-arboles-exoticos-semillas-y-plantaciones\/#respond"]}]},{"@type":"WebPage","@id":"https:\/\/patagoniambiental.com.ar\/info\/de-arboles-exoticos-semillas-y-plantaciones\/","url":"https:\/\/patagoniambiental.com.ar\/info\/de-arboles-exoticos-semillas-y-plantaciones\/","name":"De \u00e1rboles ex\u00f3ticos, semillas y plantaciones","isPartOf":{"@id":"https:\/\/patagoniambiental.com.ar\/info\/#website"},"primaryImageOfPage":{"@id":"https:\/\/patagoniambiental.com.ar\/info\/de-arboles-exoticos-semillas-y-plantaciones\/#primaryimage"},"image":{"@id":"https:\/\/patagoniambiental.com.ar\/info\/de-arboles-exoticos-semillas-y-plantaciones\/#primaryimage"},"thumbnailUrl":"https:\/\/patagoniambiental.com.ar\/info\/wp-content\/uploads\/2021\/09\/thumbnail_Vivero-Jacobacci-10-9-21.jpg","datePublished":"2021-09-24T00:08:15+00:00","dateModified":"2021-09-24T00:08:18+00:00","breadcrumb":{"@id":"https:\/\/patagoniambiental.com.ar\/info\/de-arboles-exoticos-semillas-y-plantaciones\/#breadcrumb"},"inLanguage":"es","potentialAction":[{"@type":"ReadAction","target":["https:\/\/patagoniambiental.com.ar\/info\/de-arboles-exoticos-semillas-y-plantaciones\/"]}]},{"@type":"ImageObject","inLanguage":"es","@id":"https:\/\/patagoniambiental.com.ar\/info\/de-arboles-exoticos-semillas-y-plantaciones\/#primaryimage","url":"https:\/\/patagoniambiental.com.ar\/info\/wp-content\/uploads\/2021\/09\/thumbnail_Vivero-Jacobacci-10-9-21.jpg","contentUrl":"https:\/\/patagoniambiental.com.ar\/info\/wp-content\/uploads\/2021\/09\/thumbnail_Vivero-Jacobacci-10-9-21.jpg","width":1067,"height":600},{"@type":"BreadcrumbList","@id":"https:\/\/patagoniambiental.com.ar\/info\/de-arboles-exoticos-semillas-y-plantaciones\/#breadcrumb","itemListElement":[{"@type":"ListItem","position":1,"name":"Inicio","item":"https:\/\/patagoniambiental.com.ar\/info\/"},{"@type":"ListItem","position":2,"name":"De \u00e1rboles ex\u00f3ticos, semillas y plantaciones"}]},{"@type":"WebSite","@id":"https:\/\/patagoniambiental.com.ar\/info\/#website","url":"https:\/\/patagoniambiental.com.ar\/info\/","name":"Patagonia Ambiental","description":"Monitoreo y an\u00e1lisis de la situaci\u00f3n geopol\u00edtica en el mundo y su implicancia en la Patagonia","publisher":{"@id":"https:\/\/patagoniambiental.com.ar\/info\/#organization"},"potentialAction":[{"@type":"SearchAction","target":{"@type":"EntryPoint","urlTemplate":"https:\/\/patagoniambiental.com.ar\/info\/?s={search_term_string}"},"query-input":{"@type":"PropertyValueSpecification","valueRequired":true,"valueName":"search_term_string"}}],"inLanguage":"es"},{"@type":"Organization","@id":"https:\/\/patagoniambiental.com.ar\/info\/#organization","name":"Patagonia Ambiental","url":"https:\/\/patagoniambiental.com.ar\/info\/","logo":{"@type":"ImageObject","inLanguage":"es","@id":"https:\/\/patagoniambiental.com.ar\/info\/#\/schema\/logo\/image\/","url":"https:\/\/patagoniambiental.com.ar\/info\/wp-content\/uploads\/2025\/05\/LOGO-PATAGONIA-AMBIENTAL.png","contentUrl":"https:\/\/patagoniambiental.com.ar\/info\/wp-content\/uploads\/2025\/05\/LOGO-PATAGONIA-AMBIENTAL.png","width":433,"height":250,"caption":"Patagonia Ambiental"},"image":{"@id":"https:\/\/patagoniambiental.com.ar\/info\/#\/schema\/logo\/image\/"},"sameAs":["https:\/\/www.facebook.com\/patagonia.ambiental","https:\/\/x.com\/PatAmb"]},{"@type":"Person","@id":"https:\/\/patagoniambiental.com.ar\/info\/#\/schema\/person\/e5af09d700b2e82cb10c6b8800e0c691","name":"BRAIAN ESTEVEZ","sameAs":["http:\/\/www.patagoniambiental.com.ar"]}]}},"_links":{"self":[{"href":"https:\/\/patagoniambiental.com.ar\/info\/wp-json\/wp\/v2\/posts\/74194","targetHints":{"allow":["GET"]}}],"collection":[{"href":"https:\/\/patagoniambiental.com.ar\/info\/wp-json\/wp\/v2\/posts"}],"about":[{"href":"https:\/\/patagoniambiental.com.ar\/info\/wp-json\/wp\/v2\/types\/post"}],"author":[{"embeddable":true,"href":"https:\/\/patagoniambiental.com.ar\/info\/wp-json\/wp\/v2\/users\/6"}],"replies":[{"embeddable":true,"href":"https:\/\/patagoniambiental.com.ar\/info\/wp-json\/wp\/v2\/comments?post=74194"}],"version-history":[{"count":0,"href":"https:\/\/patagoniambiental.com.ar\/info\/wp-json\/wp\/v2\/posts\/74194\/revisions"}],"wp:featuredmedia":[{"embeddable":true,"href":"https:\/\/patagoniambiental.com.ar\/info\/wp-json\/wp\/v2\/media\/74195"}],"wp:attachment":[{"href":"https:\/\/patagoniambiental.com.ar\/info\/wp-json\/wp\/v2\/media?parent=74194"}],"wp:term":[{"taxonomy":"category","embeddable":true,"href":"https:\/\/patagoniambiental.com.ar\/info\/wp-json\/wp\/v2\/categories?post=74194"},{"taxonomy":"post_tag","embeddable":true,"href":"https:\/\/patagoniambiental.com.ar\/info\/wp-json\/wp\/v2\/tags?post=74194"}],"curies":[{"name":"wp","href":"https:\/\/api.w.org\/{rel}","templated":true}]}}