{"id":74197,"date":"2021-09-25T07:00:00","date_gmt":"2021-09-25T10:00:00","guid":{"rendered":"http:\/\/patagoniambiental.com.ar\/info\/?p=74197"},"modified":"2021-09-24T17:15:16","modified_gmt":"2021-09-24T20:15:16","slug":"mediran-las-emisiones-de-gases-de-efecto-invernadero-de-la-industria-petrolera-en-neuquen","status":"publish","type":"post","link":"https:\/\/patagoniambiental.com.ar\/info\/mediran-las-emisiones-de-gases-de-efecto-invernadero-de-la-industria-petrolera-en-neuquen\/","title":{"rendered":"Medir\u00e1n las emisiones de gases de efecto invernadero de la industria petrolera en Neuquen"},"content":{"rendered":"\n<!--more-->\n\n\n\n<h2 class=\"wp-block-heading\">Desde la Secretar\u00eda de Energ\u00eda de la Naci\u00f3n adelantaron que se crear\u00e1 un Programa Nacional de Medici\u00f3n de Emisi\u00f3n Difusas en toda la cadena de la industria petrolera.<\/h2>\n\n\n\n<p>Por&nbsp;<a href=\"https:\/\/mase.lmneuquen.com\/perfil\/1605-cristian-navazo\">Cristian Navazo<\/a><a href=\"mailto:Especial\">especial<\/a><\/p>\n\n\n\n<p>La Secretar\u00eda de la Energ\u00eda de la Naci\u00f3n avanzar\u00e1 en iniciativas para&nbsp;<strong>evaluar el impacto de la&nbsp;<a href=\"https:\/\/mase.lmneuquen.com\/industria-a3763\">industria<\/a>&nbsp;<a href=\"https:\/\/mase.lmneuquen.com\/petrolera-a13875\">petrolera<\/a>&nbsp;en el ambiente<\/strong>&nbsp;y dise\u00f1ar pol\u00edticas que permitan reducir las emisiones de gases de efecto invernadero.<\/p>\n\n\n\n<p>La subsecretaria de Hidrocarburos,&nbsp;<strong>Maggie Videla<\/strong>, adelant\u00f3 ayer que su \u00e1rea propuso al secretario de Energ\u00eda, Dar\u00edo Mart\u00ednez, la&nbsp;<strong>creaci\u00f3n de una Direcci\u00f3n&nbsp;<a href=\"https:\/\/mase.lmneuquen.com\/nacional-a12059\">Nacional<\/a>&nbsp;de Evaluaci\u00f3n y Gesti\u00f3n Ambiental de los Hidrocarburos.<\/strong><\/p>\n\n\n\n<p>\u201cEntendemos que en exploraci\u00f3n, explotaci\u00f3n, transporte, en el \u00e1rea de GNL, tenemos que evaluar d\u00eda a d\u00eda una serie de proyectos que tienen un componente ambiental y social\u201d, indic\u00f3 la funcionaria al exponer durante el&nbsp;<strong>plenario de comisiones del Senado<\/strong>, durante la presentaci\u00f3n de la Ley de Promoci\u00f3n a las Inversiones Hidrocabur\u00edferas.<\/p>\n\n\n\n<p>Adem\u00e1s, inform\u00f3 que en los pr\u00f3ximos d\u00edas se sancionar\u00e1 una resoluci\u00f3n que&nbsp;<strong>crear\u00e1 un Programa Nacional de Medici\u00f3n de Emisi\u00f3n Difusas en toda la cadena de la industria petrolera.<\/strong><\/p>\n\n\n\n<figure class=\"wp-block-image\"><img decoding=\"async\" src=\"https:\/\/media.lmneuquen.com\/p\/19a2a614a42864db0130064c654defa1\/adjuntos\/242\/imagenes\/006\/822\/0006822830\/whatsapp-image-2021-09-22-at-183717jpeg.jpeg?0000-00-00-00-00-00\" alt=\"\"\/><\/figure>\n\n\n\n<p>Indic\u00f3 que Naci\u00f3n no se encargar\u00e1 de controlar esas emisiones porque la potestad en materia ambiental la tienen las provincias. \u201cPero nosotros&nbsp;<strong>tenemos la obligaci\u00f3n de saber qu\u00e9 pasa en nuestro pa\u00eds con las emisiones difusas de gases<\/strong>&nbsp;que se generan en los yacimientos, en refiner\u00edas, en transporte\u201d, explic\u00f3 Videla.<\/p>\n\n\n\n<p>\u201cEmpezamos a hablar de medici\u00f3n para saber qu\u00e9 pasa en nuestras cuencas, con las empresas, y despu\u00e9s<strong>\u00a0cuando tengamos esta l\u00ednea de base, podamos establecer alg\u00fan objetivo de disminuci\u00f3n de gases de efecto invernadero del sector hidrocarbur\u00edfero<\/strong>\u00a0que va a ir directo a contribuir la matriz energ\u00e9tica nacional\u201d, agreg\u00f3 la subsecretaria ante los senadores de las comisiones de de Energ\u00eda, Miner\u00eda y Combustibles y Presupuesto y Hacienda.<\/p>\n\n\n\n<p>Fuente: https:\/\/mase.lmneuquen.com\/petrolera\/mediran-las-emisiones-gases-efecto-invernadero-la-industria-petrolera-n846193<\/p>\n","protected":false},"excerpt":{"rendered":"","protected":false},"author":6,"featured_media":74198,"comment_status":"open","ping_status":"open","sticky":false,"template":"","format":"standard","meta":{"site-sidebar-layout":"default","site-content-layout":"","ast-site-content-layout":"default","site-content-style":"default","site-sidebar-style":"default","ast-global-header-display":"","ast-banner-title-visibility":"","ast-main-header-display":"","ast-hfb-above-header-display":"","ast-hfb-below-header-display":"","ast-hfb-mobile-header-display":"","site-post-title":"","ast-breadcrumbs-content":"","ast-featured-img":"","footer-sml-layout":"","ast-disable-related-posts":"","theme-transparent-header-meta":"","adv-header-id-meta":"","stick-header-meta":"","header-above-stick-meta":"","header-main-stick-meta":"","header-below-stick-meta":"","astra-migrate-meta-layouts":"default","ast-page-background-enabled":"default","ast-page-background-meta":{"desktop":{"background-color":"var(--ast-global-color-5)","background-image":"","background-repeat":"repeat","background-position":"center center","background-size":"auto","background-attachment":"scroll","background-type":"","background-media":"","overlay-type":"","overlay-color":"","overlay-opacity":"","overlay-gradient":""},"tablet":{"background-color":"","background-image":"","background-repeat":"repeat","background-position":"center center","background-size":"auto","background-attachment":"scroll","background-type":"","background-media":"","overlay-type":"","overlay-color":"","overlay-opacity":"","overlay-gradient":""},"mobile":{"background-color":"","background-image":"","background-repeat":"repeat","background-position":"center center","background-size":"auto","background-attachment":"scroll","background-type":"","background-media":"","overlay-type":"","overlay-color":"","overlay-opacity":"","overlay-gradient":""}},"ast-content-background-meta":{"desktop":{"background-color":"var(--ast-global-color-4)","background-image":"","background-repeat":"repeat","background-position":"center center","background-size":"auto","background-attachment":"scroll","background-type":"","background-media":"","overlay-type":"","overlay-color":"","overlay-opacity":"","overlay-gradient":""},"tablet":{"background-color":"var(--ast-global-color-4)","background-image":"","background-repeat":"repeat","background-position":"center center","background-size":"auto","background-attachment":"scroll","background-type":"","background-media":"","overlay-type":"","overlay-color":"","overlay-opacity":"","overlay-gradient":""},"mobile":{"background-color":"var(--ast-global-color-4)","background-image":"","background-repeat":"repeat","background-position":"center center","background-size":"auto","background-attachment":"scroll","background-type":"","background-media":"","overlay-type":"","overlay-color":"","overlay-opacity":"","overlay-gradient":""}},"footnotes":""},"categories":[1],"tags":[],"class_list":["post-74197","post","type-post","status-publish","format-standard","has-post-thumbnail","hentry","category-noticias"],"yoast_head":"<!-- This site is optimized with the Yoast SEO Premium plugin v23.0 (Yoast SEO v27.5) - https:\/\/yoast.com\/product\/yoast-seo-premium-wordpress\/ -->\n<title>Medir\u00e1n las emisiones de gases de efecto invernadero de la industria petrolera en Neuquen<\/title>\n<meta name=\"robots\" content=\"index, follow, max-snippet:-1, max-image-preview:large, max-video-preview:-1\" \/>\n<link rel=\"canonical\" href=\"https:\/\/patagoniambiental.com.ar\/info\/mediran-las-emisiones-de-gases-de-efecto-invernadero-de-la-industria-petrolera-en-neuquen\/\" \/>\n<meta property=\"og:locale\" content=\"es_ES\" \/>\n<meta property=\"og:type\" content=\"article\" \/>\n<meta property=\"og:title\" content=\"Medir\u00e1n las emisiones de gases de efecto invernadero de la industria petrolera en Neuquen\" \/>\n<meta property=\"og:url\" content=\"https:\/\/patagoniambiental.com.ar\/info\/mediran-las-emisiones-de-gases-de-efecto-invernadero-de-la-industria-petrolera-en-neuquen\/\" \/>\n<meta property=\"og:site_name\" content=\"Patagonia Ambiental\" \/>\n<meta property=\"article:publisher\" content=\"https:\/\/www.facebook.com\/patagonia.ambiental\" \/>\n<meta property=\"article:published_time\" content=\"2021-09-25T10:00:00+00:00\" \/>\n<meta property=\"og:image\" content=\"https:\/\/patagoniambiental.com.ar\/info\/wp-content\/uploads\/2021\/09\/nacion-quiere-saber-cuantos-gases-efecto-invernadero-emite-la-industria-petrolera.jpg\" \/>\n\t<meta property=\"og:image:width\" content=\"730\" \/>\n\t<meta property=\"og:image:height\" content=\"410\" \/>\n\t<meta property=\"og:image:type\" content=\"image\/jpeg\" \/>\n<meta name=\"author\" content=\"BRAIAN ESTEVEZ\" \/>\n<meta name=\"twitter:card\" content=\"summary_large_image\" \/>\n<meta name=\"twitter:creator\" content=\"@PatAmb\" \/>\n<meta name=\"twitter:site\" content=\"@PatAmb\" \/>\n<script type=\"application\/ld+json\" class=\"yoast-schema-graph\">{\"@context\":\"https:\\\/\\\/schema.org\",\"@graph\":[{\"@type\":\"Article\",\"@id\":\"https:\\\/\\\/patagoniambiental.com.ar\\\/info\\\/mediran-las-emisiones-de-gases-de-efecto-invernadero-de-la-industria-petrolera-en-neuquen\\\/#article\",\"isPartOf\":{\"@id\":\"https:\\\/\\\/patagoniambiental.com.ar\\\/info\\\/mediran-las-emisiones-de-gases-de-efecto-invernadero-de-la-industria-petrolera-en-neuquen\\\/\"},\"author\":{\"name\":\"BRAIAN ESTEVEZ\",\"@id\":\"https:\\\/\\\/patagoniambiental.com.ar\\\/info\\\/#\\\/schema\\\/person\\\/e5af09d700b2e82cb10c6b8800e0c691\"},\"headline\":\"Medir\u00e1n las emisiones de gases de efecto invernadero de la industria petrolera en Neuquen\",\"datePublished\":\"2021-09-25T10:00:00+00:00\",\"mainEntityOfPage\":{\"@id\":\"https:\\\/\\\/patagoniambiental.com.ar\\\/info\\\/mediran-las-emisiones-de-gases-de-efecto-invernadero-de-la-industria-petrolera-en-neuquen\\\/\"},\"wordCount\":376,\"commentCount\":0,\"publisher\":{\"@id\":\"https:\\\/\\\/patagoniambiental.com.ar\\\/info\\\/#organization\"},\"image\":{\"@id\":\"https:\\\/\\\/patagoniambiental.com.ar\\\/info\\\/mediran-las-emisiones-de-gases-de-efecto-invernadero-de-la-industria-petrolera-en-neuquen\\\/#primaryimage\"},\"thumbnailUrl\":\"https:\\\/\\\/patagoniambiental.com.ar\\\/info\\\/wp-content\\\/uploads\\\/2021\\\/09\\\/nacion-quiere-saber-cuantos-gases-efecto-invernadero-emite-la-industria-petrolera.jpg\",\"articleSection\":[\"Noticias\"],\"inLanguage\":\"es\",\"potentialAction\":[{\"@type\":\"CommentAction\",\"name\":\"Comment\",\"target\":[\"https:\\\/\\\/patagoniambiental.com.ar\\\/info\\\/mediran-las-emisiones-de-gases-de-efecto-invernadero-de-la-industria-petrolera-en-neuquen\\\/#respond\"]}]},{\"@type\":\"WebPage\",\"@id\":\"https:\\\/\\\/patagoniambiental.com.ar\\\/info\\\/mediran-las-emisiones-de-gases-de-efecto-invernadero-de-la-industria-petrolera-en-neuquen\\\/\",\"url\":\"https:\\\/\\\/patagoniambiental.com.ar\\\/info\\\/mediran-las-emisiones-de-gases-de-efecto-invernadero-de-la-industria-petrolera-en-neuquen\\\/\",\"name\":\"Medir\u00e1n las emisiones de gases de efecto invernadero de la industria petrolera en Neuquen\",\"isPartOf\":{\"@id\":\"https:\\\/\\\/patagoniambiental.com.ar\\\/info\\\/#website\"},\"primaryImageOfPage\":{\"@id\":\"https:\\\/\\\/patagoniambiental.com.ar\\\/info\\\/mediran-las-emisiones-de-gases-de-efecto-invernadero-de-la-industria-petrolera-en-neuquen\\\/#primaryimage\"},\"image\":{\"@id\":\"https:\\\/\\\/patagoniambiental.com.ar\\\/info\\\/mediran-las-emisiones-de-gases-de-efecto-invernadero-de-la-industria-petrolera-en-neuquen\\\/#primaryimage\"},\"thumbnailUrl\":\"https:\\\/\\\/patagoniambiental.com.ar\\\/info\\\/wp-content\\\/uploads\\\/2021\\\/09\\\/nacion-quiere-saber-cuantos-gases-efecto-invernadero-emite-la-industria-petrolera.jpg\",\"datePublished\":\"2021-09-25T10:00:00+00:00\",\"breadcrumb\":{\"@id\":\"https:\\\/\\\/patagoniambiental.com.ar\\\/info\\\/mediran-las-emisiones-de-gases-de-efecto-invernadero-de-la-industria-petrolera-en-neuquen\\\/#breadcrumb\"},\"inLanguage\":\"es\",\"potentialAction\":[{\"@type\":\"ReadAction\",\"target\":[\"https:\\\/\\\/patagoniambiental.com.ar\\\/info\\\/mediran-las-emisiones-de-gases-de-efecto-invernadero-de-la-industria-petrolera-en-neuquen\\\/\"]}]},{\"@type\":\"ImageObject\",\"inLanguage\":\"es\",\"@id\":\"https:\\\/\\\/patagoniambiental.com.ar\\\/info\\\/mediran-las-emisiones-de-gases-de-efecto-invernadero-de-la-industria-petrolera-en-neuquen\\\/#primaryimage\",\"url\":\"https:\\\/\\\/patagoniambiental.com.ar\\\/info\\\/wp-content\\\/uploads\\\/2021\\\/09\\\/nacion-quiere-saber-cuantos-gases-efecto-invernadero-emite-la-industria-petrolera.jpg\",\"contentUrl\":\"https:\\\/\\\/patagoniambiental.com.ar\\\/info\\\/wp-content\\\/uploads\\\/2021\\\/09\\\/nacion-quiere-saber-cuantos-gases-efecto-invernadero-emite-la-industria-petrolera.jpg\",\"width\":730,\"height\":410},{\"@type\":\"BreadcrumbList\",\"@id\":\"https:\\\/\\\/patagoniambiental.com.ar\\\/info\\\/mediran-las-emisiones-de-gases-de-efecto-invernadero-de-la-industria-petrolera-en-neuquen\\\/#breadcrumb\",\"itemListElement\":[{\"@type\":\"ListItem\",\"position\":1,\"name\":\"Inicio\",\"item\":\"https:\\\/\\\/patagoniambiental.com.ar\\\/info\\\/\"},{\"@type\":\"ListItem\",\"position\":2,\"name\":\"Medir\u00e1n las emisiones de gases de efecto invernadero de la industria petrolera en Neuquen\"}]},{\"@type\":\"WebSite\",\"@id\":\"https:\\\/\\\/patagoniambiental.com.ar\\\/info\\\/#website\",\"url\":\"https:\\\/\\\/patagoniambiental.com.ar\\\/info\\\/\",\"name\":\"Patagonia Ambiental\",\"description\":\"Monitoreo y an\u00e1lisis de la situaci\u00f3n geopol\u00edtica en el mundo y su implicancia en la Patagonia\",\"publisher\":{\"@id\":\"https:\\\/\\\/patagoniambiental.com.ar\\\/info\\\/#organization\"},\"potentialAction\":[{\"@type\":\"SearchAction\",\"target\":{\"@type\":\"EntryPoint\",\"urlTemplate\":\"https:\\\/\\\/patagoniambiental.com.ar\\\/info\\\/?s={search_term_string}\"},\"query-input\":{\"@type\":\"PropertyValueSpecification\",\"valueRequired\":true,\"valueName\":\"search_term_string\"}}],\"inLanguage\":\"es\"},{\"@type\":\"Organization\",\"@id\":\"https:\\\/\\\/patagoniambiental.com.ar\\\/info\\\/#organization\",\"name\":\"Patagonia Ambiental\",\"url\":\"https:\\\/\\\/patagoniambiental.com.ar\\\/info\\\/\",\"logo\":{\"@type\":\"ImageObject\",\"inLanguage\":\"es\",\"@id\":\"https:\\\/\\\/patagoniambiental.com.ar\\\/info\\\/#\\\/schema\\\/logo\\\/image\\\/\",\"url\":\"https:\\\/\\\/patagoniambiental.com.ar\\\/info\\\/wp-content\\\/uploads\\\/2025\\\/05\\\/LOGO-PATAGONIA-AMBIENTAL.png\",\"contentUrl\":\"https:\\\/\\\/patagoniambiental.com.ar\\\/info\\\/wp-content\\\/uploads\\\/2025\\\/05\\\/LOGO-PATAGONIA-AMBIENTAL.png\",\"width\":433,\"height\":250,\"caption\":\"Patagonia Ambiental\"},\"image\":{\"@id\":\"https:\\\/\\\/patagoniambiental.com.ar\\\/info\\\/#\\\/schema\\\/logo\\\/image\\\/\"},\"sameAs\":[\"https:\\\/\\\/www.facebook.com\\\/patagonia.ambiental\",\"https:\\\/\\\/x.com\\\/PatAmb\"]},{\"@type\":\"Person\",\"@id\":\"https:\\\/\\\/patagoniambiental.com.ar\\\/info\\\/#\\\/schema\\\/person\\\/e5af09d700b2e82cb10c6b8800e0c691\",\"name\":\"BRAIAN ESTEVEZ\",\"sameAs\":[\"http:\\\/\\\/www.patagoniambiental.com.ar\"]}]}<\/script>\n<!-- \/ Yoast SEO Premium plugin. -->","yoast_head_json":{"title":"Medir\u00e1n las emisiones de gases de efecto invernadero de la industria petrolera en Neuquen","robots":{"index":"index","follow":"follow","max-snippet":"max-snippet:-1","max-image-preview":"max-image-preview:large","max-video-preview":"max-video-preview:-1"},"canonical":"https:\/\/patagoniambiental.com.ar\/info\/mediran-las-emisiones-de-gases-de-efecto-invernadero-de-la-industria-petrolera-en-neuquen\/","og_locale":"es_ES","og_type":"article","og_title":"Medir\u00e1n las emisiones de gases de efecto invernadero de la industria petrolera en Neuquen","og_url":"https:\/\/patagoniambiental.com.ar\/info\/mediran-las-emisiones-de-gases-de-efecto-invernadero-de-la-industria-petrolera-en-neuquen\/","og_site_name":"Patagonia Ambiental","article_publisher":"https:\/\/www.facebook.com\/patagonia.ambiental","article_published_time":"2021-09-25T10:00:00+00:00","og_image":[{"width":730,"height":410,"url":"https:\/\/patagoniambiental.com.ar\/info\/wp-content\/uploads\/2021\/09\/nacion-quiere-saber-cuantos-gases-efecto-invernadero-emite-la-industria-petrolera.jpg","type":"image\/jpeg"}],"author":"BRAIAN ESTEVEZ","twitter_card":"summary_large_image","twitter_creator":"@PatAmb","twitter_site":"@PatAmb","schema":{"@context":"https:\/\/schema.org","@graph":[{"@type":"Article","@id":"https:\/\/patagoniambiental.com.ar\/info\/mediran-las-emisiones-de-gases-de-efecto-invernadero-de-la-industria-petrolera-en-neuquen\/#article","isPartOf":{"@id":"https:\/\/patagoniambiental.com.ar\/info\/mediran-las-emisiones-de-gases-de-efecto-invernadero-de-la-industria-petrolera-en-neuquen\/"},"author":{"name":"BRAIAN ESTEVEZ","@id":"https:\/\/patagoniambiental.com.ar\/info\/#\/schema\/person\/e5af09d700b2e82cb10c6b8800e0c691"},"headline":"Medir\u00e1n las emisiones de gases de efecto invernadero de la industria petrolera en Neuquen","datePublished":"2021-09-25T10:00:00+00:00","mainEntityOfPage":{"@id":"https:\/\/patagoniambiental.com.ar\/info\/mediran-las-emisiones-de-gases-de-efecto-invernadero-de-la-industria-petrolera-en-neuquen\/"},"wordCount":376,"commentCount":0,"publisher":{"@id":"https:\/\/patagoniambiental.com.ar\/info\/#organization"},"image":{"@id":"https:\/\/patagoniambiental.com.ar\/info\/mediran-las-emisiones-de-gases-de-efecto-invernadero-de-la-industria-petrolera-en-neuquen\/#primaryimage"},"thumbnailUrl":"https:\/\/patagoniambiental.com.ar\/info\/wp-content\/uploads\/2021\/09\/nacion-quiere-saber-cuantos-gases-efecto-invernadero-emite-la-industria-petrolera.jpg","articleSection":["Noticias"],"inLanguage":"es","potentialAction":[{"@type":"CommentAction","name":"Comment","target":["https:\/\/patagoniambiental.com.ar\/info\/mediran-las-emisiones-de-gases-de-efecto-invernadero-de-la-industria-petrolera-en-neuquen\/#respond"]}]},{"@type":"WebPage","@id":"https:\/\/patagoniambiental.com.ar\/info\/mediran-las-emisiones-de-gases-de-efecto-invernadero-de-la-industria-petrolera-en-neuquen\/","url":"https:\/\/patagoniambiental.com.ar\/info\/mediran-las-emisiones-de-gases-de-efecto-invernadero-de-la-industria-petrolera-en-neuquen\/","name":"Medir\u00e1n las emisiones de gases de efecto invernadero de la industria petrolera en Neuquen","isPartOf":{"@id":"https:\/\/patagoniambiental.com.ar\/info\/#website"},"primaryImageOfPage":{"@id":"https:\/\/patagoniambiental.com.ar\/info\/mediran-las-emisiones-de-gases-de-efecto-invernadero-de-la-industria-petrolera-en-neuquen\/#primaryimage"},"image":{"@id":"https:\/\/patagoniambiental.com.ar\/info\/mediran-las-emisiones-de-gases-de-efecto-invernadero-de-la-industria-petrolera-en-neuquen\/#primaryimage"},"thumbnailUrl":"https:\/\/patagoniambiental.com.ar\/info\/wp-content\/uploads\/2021\/09\/nacion-quiere-saber-cuantos-gases-efecto-invernadero-emite-la-industria-petrolera.jpg","datePublished":"2021-09-25T10:00:00+00:00","breadcrumb":{"@id":"https:\/\/patagoniambiental.com.ar\/info\/mediran-las-emisiones-de-gases-de-efecto-invernadero-de-la-industria-petrolera-en-neuquen\/#breadcrumb"},"inLanguage":"es","potentialAction":[{"@type":"ReadAction","target":["https:\/\/patagoniambiental.com.ar\/info\/mediran-las-emisiones-de-gases-de-efecto-invernadero-de-la-industria-petrolera-en-neuquen\/"]}]},{"@type":"ImageObject","inLanguage":"es","@id":"https:\/\/patagoniambiental.com.ar\/info\/mediran-las-emisiones-de-gases-de-efecto-invernadero-de-la-industria-petrolera-en-neuquen\/#primaryimage","url":"https:\/\/patagoniambiental.com.ar\/info\/wp-content\/uploads\/2021\/09\/nacion-quiere-saber-cuantos-gases-efecto-invernadero-emite-la-industria-petrolera.jpg","contentUrl":"https:\/\/patagoniambiental.com.ar\/info\/wp-content\/uploads\/2021\/09\/nacion-quiere-saber-cuantos-gases-efecto-invernadero-emite-la-industria-petrolera.jpg","width":730,"height":410},{"@type":"BreadcrumbList","@id":"https:\/\/patagoniambiental.com.ar\/info\/mediran-las-emisiones-de-gases-de-efecto-invernadero-de-la-industria-petrolera-en-neuquen\/#breadcrumb","itemListElement":[{"@type":"ListItem","position":1,"name":"Inicio","item":"https:\/\/patagoniambiental.com.ar\/info\/"},{"@type":"ListItem","position":2,"name":"Medir\u00e1n las emisiones de gases de efecto invernadero de la industria petrolera en Neuquen"}]},{"@type":"WebSite","@id":"https:\/\/patagoniambiental.com.ar\/info\/#website","url":"https:\/\/patagoniambiental.com.ar\/info\/","name":"Patagonia Ambiental","description":"Monitoreo y an\u00e1lisis de la situaci\u00f3n geopol\u00edtica en el mundo y su implicancia en la Patagonia","publisher":{"@id":"https:\/\/patagoniambiental.com.ar\/info\/#organization"},"potentialAction":[{"@type":"SearchAction","target":{"@type":"EntryPoint","urlTemplate":"https:\/\/patagoniambiental.com.ar\/info\/?s={search_term_string}"},"query-input":{"@type":"PropertyValueSpecification","valueRequired":true,"valueName":"search_term_string"}}],"inLanguage":"es"},{"@type":"Organization","@id":"https:\/\/patagoniambiental.com.ar\/info\/#organization","name":"Patagonia Ambiental","url":"https:\/\/patagoniambiental.com.ar\/info\/","logo":{"@type":"ImageObject","inLanguage":"es","@id":"https:\/\/patagoniambiental.com.ar\/info\/#\/schema\/logo\/image\/","url":"https:\/\/patagoniambiental.com.ar\/info\/wp-content\/uploads\/2025\/05\/LOGO-PATAGONIA-AMBIENTAL.png","contentUrl":"https:\/\/patagoniambiental.com.ar\/info\/wp-content\/uploads\/2025\/05\/LOGO-PATAGONIA-AMBIENTAL.png","width":433,"height":250,"caption":"Patagonia Ambiental"},"image":{"@id":"https:\/\/patagoniambiental.com.ar\/info\/#\/schema\/logo\/image\/"},"sameAs":["https:\/\/www.facebook.com\/patagonia.ambiental","https:\/\/x.com\/PatAmb"]},{"@type":"Person","@id":"https:\/\/patagoniambiental.com.ar\/info\/#\/schema\/person\/e5af09d700b2e82cb10c6b8800e0c691","name":"BRAIAN ESTEVEZ","sameAs":["http:\/\/www.patagoniambiental.com.ar"]}]}},"_links":{"self":[{"href":"https:\/\/patagoniambiental.com.ar\/info\/wp-json\/wp\/v2\/posts\/74197","targetHints":{"allow":["GET"]}}],"collection":[{"href":"https:\/\/patagoniambiental.com.ar\/info\/wp-json\/wp\/v2\/posts"}],"about":[{"href":"https:\/\/patagoniambiental.com.ar\/info\/wp-json\/wp\/v2\/types\/post"}],"author":[{"embeddable":true,"href":"https:\/\/patagoniambiental.com.ar\/info\/wp-json\/wp\/v2\/users\/6"}],"replies":[{"embeddable":true,"href":"https:\/\/patagoniambiental.com.ar\/info\/wp-json\/wp\/v2\/comments?post=74197"}],"version-history":[{"count":0,"href":"https:\/\/patagoniambiental.com.ar\/info\/wp-json\/wp\/v2\/posts\/74197\/revisions"}],"wp:featuredmedia":[{"embeddable":true,"href":"https:\/\/patagoniambiental.com.ar\/info\/wp-json\/wp\/v2\/media\/74198"}],"wp:attachment":[{"href":"https:\/\/patagoniambiental.com.ar\/info\/wp-json\/wp\/v2\/media?parent=74197"}],"wp:term":[{"taxonomy":"category","embeddable":true,"href":"https:\/\/patagoniambiental.com.ar\/info\/wp-json\/wp\/v2\/categories?post=74197"},{"taxonomy":"post_tag","embeddable":true,"href":"https:\/\/patagoniambiental.com.ar\/info\/wp-json\/wp\/v2\/tags?post=74197"}],"curies":[{"name":"wp","href":"https:\/\/api.w.org\/{rel}","templated":true}]}}