{"id":74200,"date":"2021-09-24T19:00:00","date_gmt":"2021-09-24T22:00:00","guid":{"rendered":"http:\/\/patagoniambiental.com.ar\/info\/?p=74200"},"modified":"2021-09-24T17:17:49","modified_gmt":"2021-09-24T20:17:49","slug":"mas-de-300-inscriptos-en-charlas-sobre-los-pueblos-originarios-y-las-huelgas-patagonicas","status":"publish","type":"post","link":"https:\/\/patagoniambiental.com.ar\/info\/mas-de-300-inscriptos-en-charlas-sobre-los-pueblos-originarios-y-las-huelgas-patagonicas\/","title":{"rendered":"M\u00e1s de 300 inscriptos en charlas sobre los pueblos originarios y las huelgas patag\u00f3nicas"},"content":{"rendered":"\n<!--more-->\n\n\n\n<h2 class=\"wp-block-heading\">\u201cLos fusilados no fueron s\u00f3lo obreros, sino tambi\u00e9n muchos de ellos ind\u00edgenas\u201d, manifest\u00f3 la docente Silvia Saldivia a La Opini\u00f3n Austral, apuntando al principal eje del ciclo de charlas.<\/h2>\n\n\n\n<p>Por&nbsp;<strong>La Opini\u00f3n Austral&nbsp;| 22-09-2021 23:33hs<\/strong><a><\/a><a><\/a><a href=\"whatsapp:\/\/send?text=Mir%C3%A1 esto: https:\/\/laopinionaustral.com.ar\/edicion-impresa\/mas-de-300-inscriptos-en-charlas-sobre-las-huelgas-411814.html M%C3%A1s de 300 inscriptos en charlas sobre los pueblos originarios y las huelgas patag%C3%B3nicasLa propuesta es organizada por comunidades de pueblos originarios | La Opini%C3%B3n Austral\"><\/a><a><\/a><a href=\"mailto:?subject=Te%20recomiendo%20esta%20nota%20de%20La%20Opini%C3%B3n%20Austral&amp;body=Lee%20esta%20nota%20de%20La%20Opini%C3%B3n%20Austral:%20https:\/\/laopinionaustral.com.ar\/edicion-impresa\/mas-de-300-inscriptos-en-charlas-sobre-las-huelgas-411814.html\"><\/a><img decoding=\"async\" src=\"https:\/\/d35gjdqhyew8r0.cloudfront.net\/wp-content\/uploads\/2021\/09\/LOA230921-010F02.JPG\"><\/p>\n\n\n\n<p>El ciclo de charlas<strong>&nbsp;\u201cPueblo originarios: los silenciados e invisibilizados de las huelgas de la d\u00e9cada del 20\u201d<\/strong>, se inici\u00f3 este mi\u00e9rcoles y se extender\u00e1 durante septiembre y octubre en modalidad virtual.https:\/\/680a8e3a628e4d04d48d7d22b8799e59.safeframe.googlesyndication.com\/safeframe\/1-0-38\/html\/container.html<\/p>\n\n\n\n<p id=\"sc_ending_message\">Thank you for watching<\/p>\n\n\n\n<p>Al respecto, la docente e integrante de la&nbsp;<strong>Agrupaci\u00f3n Originantes hacia el Sendero Ancestral de R\u00edo Gallegos<\/strong>,&nbsp;<strong>Silvia Saldivia<\/strong>, explic\u00f3 a&nbsp;<strong>La Opini\u00f3n Austral<\/strong>&nbsp;cu\u00e1les fueron las motivaciones para llevar adelante la propuesta, organizada por comunidades de&nbsp;<strong>pueblos originarios de Santa Cruz<\/strong>&nbsp;y auspiciada por la&nbsp;<strong>UNPA-UARG<\/strong>.<\/p>\n\n\n\n<p>\u201cAl conmemorarse los 100 a\u00f1os de las huelgas patag\u00f3nicas en Santa Cruz, comenzaron a realizarse conferencias repitiendo lo que ya dec\u00edan los discursos hace m\u00e1s de 50 a\u00f1os atr\u00e1s.&nbsp;<strong>Los discursos oficiales y euroc\u00e9ntricos que se toman como fuente no mencionan la presencia de pueblos originarios<\/strong>. Lo mismo ocurre con la&nbsp;<strong>guerra de Malvinas<\/strong>, por ejemplo, y otros hechos hist\u00f3ricos donde ni siquiera aparecen los nombres de las personas involucradas, que finalmente son las que terminan masacradas. En este caso sucede lo mismo\u201d, expuso y a\u00f1adi\u00f3 que \u201csolamente aparece la denominaci\u00f3n de&nbsp;<strong>pe\u00f3n rural<\/strong>, pero \u00bfqui\u00e9nes eran? Los fusilados no fueron s\u00f3lo obreros, sino tambi\u00e9n muchos de ellos ind\u00edgenas. Es necesario entender que este es un factor importante, teniendo en cuenta el proyecto de repoblaci\u00f3n que se esperaba para el territorio y los fusilamientos como una continuaci\u00f3n de lo que se hizo durante la nefasta&nbsp;<strong>Conquista del Desierto<\/strong>\u201d.<a href=\"https:\/\/www.laopinionaustral.com.ar\/edicion-impresa\/inesperado-cual-es-el-sabor-de-helado-preferido-en-rio-gallegos-411811.html\">MIR\u00c1 TAMBI\u00c9NInesperado: \u00bfcu\u00e1l es el sabor de helado preferido en R\u00edo Gallegos?<\/a><\/p>\n\n\n\n<h1 class=\"wp-block-heading\">La propuesta es organizada por comunidades de pueblos originarios<\/h1>\n\n\n\n<p>El ciclo comenz\u00f3 con \u201cLa conjura contra los mapuches. Trayectorias mapuche-tehuelches en Santa Cruz\u201d, en la que disert\u00f3 la doctora&nbsp;<strong>Celina San Mart\u00edn<\/strong>. \u201cSan Mart\u00edn desarroll\u00f3 las trayectorias de dos caciques, Calacho (tehuelche) y Pailan (mapuche) y sus familias, establecidos desde 1885 en las inmediaciones de Puerto Santa Cruz, porque el gobierno nacional intentaba delimitar su ubicaci\u00f3n territorial\u201d.<\/p>\n\n\n\n<p>\u201cSe expuso c\u00f3mo hubo resistencia conjunta de las familias tehuelches y mapuches frente a la imposici\u00f3n de discursos nacionalistas de extranjer\u00eda de los mapuches y apropiaci\u00f3n de los tehuelches -en estos contextos de violencia y persecuci\u00f3n-, quienes recrearon nuevas alianzas y modos de habitar el territorio santacruce\u00f1o hasta la actualidad\u201d, detall\u00f3 Saldivia.<a href=\"https:\/\/www.laopinionaustral.com.ar\/edicion-impresa\/el-municipio-busca-familia-solidaria-para-una-adolescente-de-14-anos-411244.html\">MIR\u00c1 TAMBI\u00c9NBuscan familia solidaria para una adolescente de 14 a\u00f1os<\/a><\/p>\n\n\n\n<p>Sobre la repercusi\u00f3n, la docente dio a conocer que&nbsp;<strong>el evento tiene alrededor de 300 inscriptos<\/strong>&nbsp;y va \u201cen ascenso, con muy buena respuesta de las personas que participaron\u201d. Destac\u00f3 adem\u00e1s que&nbsp;<strong>el objetivo es \u201clograr la visibilidad y la memoria de nuestros hermanos v\u00edctimas de un Estado racista\u201d<\/strong>.<\/p>\n\n\n\n<p>Cabe se\u00f1alar que el ciclo tendr\u00e1 su continuidad el pr\u00f3ximo 29 de septiembre y para participar, las personas interesadas pueden contactarse por correo electr\u00f3nico a: pueblosoriginariosenlashuelgas@gmail.com.https:\/\/680a8e3a628e4d04d48d7d22b8799e59.safeframe.googlesyndication.com\/safeframe\/1-0-38\/html\/container.html<\/p>\n\n\n\n<p>Las comunidades que organizan el ciclo son:\u00a0Comunidad mapuche tehuelche LOF FEM MAPU; Comunidad Mapuche Tehuelche Newen Mapu; Comunidad Tehuelche Camusu Aike; Comunidad Mapuche Tehuelche Nehuen Mullfu\u00f1; Agrupaci\u00f3n Originantes hacia el Sendero Ancestral de R\u00edo Gallegos<\/p>\n\n\n\n<p>Fuente: https:\/\/laopinionaustral.com.ar\/edicion-impresa\/mas-de-300-inscriptos-en-charlas-sobre-las-huelgas-411814.html<\/p>\n","protected":false},"excerpt":{"rendered":"","protected":false},"author":6,"featured_media":74201,"comment_status":"open","ping_status":"open","sticky":false,"template":"","format":"standard","meta":{"site-sidebar-layout":"default","site-content-layout":"","ast-site-content-layout":"default","site-content-style":"default","site-sidebar-style":"default","ast-global-header-display":"","ast-banner-title-visibility":"","ast-main-header-display":"","ast-hfb-above-header-display":"","ast-hfb-below-header-display":"","ast-hfb-mobile-header-display":"","site-post-title":"","ast-breadcrumbs-content":"","ast-featured-img":"","footer-sml-layout":"","ast-disable-related-posts":"","theme-transparent-header-meta":"","adv-header-id-meta":"","stick-header-meta":"","header-above-stick-meta":"","header-main-stick-meta":"","header-below-stick-meta":"","astra-migrate-meta-layouts":"default","ast-page-background-enabled":"default","ast-page-background-meta":{"desktop":{"background-color":"var(--ast-global-color-5)","background-image":"","background-repeat":"repeat","background-position":"center center","background-size":"auto","background-attachment":"scroll","background-type":"","background-media":"","overlay-type":"","overlay-color":"","overlay-opacity":"","overlay-gradient":""},"tablet":{"background-color":"","background-image":"","background-repeat":"repeat","background-position":"center center","background-size":"auto","background-attachment":"scroll","background-type":"","background-media":"","overlay-type":"","overlay-color":"","overlay-opacity":"","overlay-gradient":""},"mobile":{"background-color":"","background-image":"","background-repeat":"repeat","background-position":"center center","background-size":"auto","background-attachment":"scroll","background-type":"","background-media":"","overlay-type":"","overlay-color":"","overlay-opacity":"","overlay-gradient":""}},"ast-content-background-meta":{"desktop":{"background-color":"var(--ast-global-color-4)","background-image":"","background-repeat":"repeat","background-position":"center center","background-size":"auto","background-attachment":"scroll","background-type":"","background-media":"","overlay-type":"","overlay-color":"","overlay-opacity":"","overlay-gradient":""},"tablet":{"background-color":"var(--ast-global-color-4)","background-image":"","background-repeat":"repeat","background-position":"center center","background-size":"auto","background-attachment":"scroll","background-type":"","background-media":"","overlay-type":"","overlay-color":"","overlay-opacity":"","overlay-gradient":""},"mobile":{"background-color":"var(--ast-global-color-4)","background-image":"","background-repeat":"repeat","background-position":"center center","background-size":"auto","background-attachment":"scroll","background-type":"","background-media":"","overlay-type":"","overlay-color":"","overlay-opacity":"","overlay-gradient":""}},"footnotes":""},"categories":[1],"tags":[],"class_list":["post-74200","post","type-post","status-publish","format-standard","has-post-thumbnail","hentry","category-noticias"],"yoast_head":"<!-- This site is optimized with the Yoast SEO Premium plugin v23.0 (Yoast SEO v27.5) - https:\/\/yoast.com\/product\/yoast-seo-premium-wordpress\/ -->\n<title>M\u00e1s de 300 inscriptos en charlas sobre los pueblos originarios y las huelgas patag\u00f3nicas<\/title>\n<meta name=\"robots\" content=\"index, follow, max-snippet:-1, max-image-preview:large, max-video-preview:-1\" \/>\n<link rel=\"canonical\" href=\"https:\/\/patagoniambiental.com.ar\/info\/mas-de-300-inscriptos-en-charlas-sobre-los-pueblos-originarios-y-las-huelgas-patagonicas\/\" \/>\n<meta property=\"og:locale\" content=\"es_ES\" \/>\n<meta property=\"og:type\" content=\"article\" \/>\n<meta property=\"og:title\" content=\"M\u00e1s de 300 inscriptos en charlas sobre los pueblos originarios y las huelgas patag\u00f3nicas\" \/>\n<meta property=\"og:url\" content=\"https:\/\/patagoniambiental.com.ar\/info\/mas-de-300-inscriptos-en-charlas-sobre-los-pueblos-originarios-y-las-huelgas-patagonicas\/\" \/>\n<meta property=\"og:site_name\" content=\"Patagonia Ambiental\" \/>\n<meta property=\"article:publisher\" content=\"https:\/\/www.facebook.com\/patagonia.ambiental\" \/>\n<meta property=\"article:published_time\" content=\"2021-09-24T22:00:00+00:00\" \/>\n<meta property=\"og:image\" content=\"https:\/\/patagoniambiental.com.ar\/info\/wp-content\/uploads\/2021\/09\/LOA230921-010F02.jpg\" \/>\n\t<meta property=\"og:image:width\" content=\"1103\" \/>\n\t<meta property=\"og:image:height\" content=\"551\" \/>\n\t<meta property=\"og:image:type\" content=\"image\/jpeg\" \/>\n<meta name=\"author\" content=\"BRAIAN ESTEVEZ\" \/>\n<meta name=\"twitter:card\" content=\"summary_large_image\" \/>\n<meta name=\"twitter:creator\" content=\"@PatAmb\" \/>\n<meta name=\"twitter:site\" content=\"@PatAmb\" \/>\n<script type=\"application\/ld+json\" class=\"yoast-schema-graph\">{\"@context\":\"https:\\\/\\\/schema.org\",\"@graph\":[{\"@type\":\"Article\",\"@id\":\"https:\\\/\\\/patagoniambiental.com.ar\\\/info\\\/mas-de-300-inscriptos-en-charlas-sobre-los-pueblos-originarios-y-las-huelgas-patagonicas\\\/#article\",\"isPartOf\":{\"@id\":\"https:\\\/\\\/patagoniambiental.com.ar\\\/info\\\/mas-de-300-inscriptos-en-charlas-sobre-los-pueblos-originarios-y-las-huelgas-patagonicas\\\/\"},\"author\":{\"name\":\"BRAIAN ESTEVEZ\",\"@id\":\"https:\\\/\\\/patagoniambiental.com.ar\\\/info\\\/#\\\/schema\\\/person\\\/e5af09d700b2e82cb10c6b8800e0c691\"},\"headline\":\"M\u00e1s de 300 inscriptos en charlas sobre los pueblos originarios y las huelgas patag\u00f3nicas\",\"datePublished\":\"2021-09-24T22:00:00+00:00\",\"mainEntityOfPage\":{\"@id\":\"https:\\\/\\\/patagoniambiental.com.ar\\\/info\\\/mas-de-300-inscriptos-en-charlas-sobre-los-pueblos-originarios-y-las-huelgas-patagonicas\\\/\"},\"wordCount\":646,\"commentCount\":0,\"publisher\":{\"@id\":\"https:\\\/\\\/patagoniambiental.com.ar\\\/info\\\/#organization\"},\"image\":{\"@id\":\"https:\\\/\\\/patagoniambiental.com.ar\\\/info\\\/mas-de-300-inscriptos-en-charlas-sobre-los-pueblos-originarios-y-las-huelgas-patagonicas\\\/#primaryimage\"},\"thumbnailUrl\":\"https:\\\/\\\/patagoniambiental.com.ar\\\/info\\\/wp-content\\\/uploads\\\/2021\\\/09\\\/LOA230921-010F02.jpg\",\"articleSection\":[\"Noticias\"],\"inLanguage\":\"es\",\"potentialAction\":[{\"@type\":\"CommentAction\",\"name\":\"Comment\",\"target\":[\"https:\\\/\\\/patagoniambiental.com.ar\\\/info\\\/mas-de-300-inscriptos-en-charlas-sobre-los-pueblos-originarios-y-las-huelgas-patagonicas\\\/#respond\"]}]},{\"@type\":\"WebPage\",\"@id\":\"https:\\\/\\\/patagoniambiental.com.ar\\\/info\\\/mas-de-300-inscriptos-en-charlas-sobre-los-pueblos-originarios-y-las-huelgas-patagonicas\\\/\",\"url\":\"https:\\\/\\\/patagoniambiental.com.ar\\\/info\\\/mas-de-300-inscriptos-en-charlas-sobre-los-pueblos-originarios-y-las-huelgas-patagonicas\\\/\",\"name\":\"M\u00e1s de 300 inscriptos en charlas sobre los pueblos originarios y las huelgas patag\u00f3nicas\",\"isPartOf\":{\"@id\":\"https:\\\/\\\/patagoniambiental.com.ar\\\/info\\\/#website\"},\"primaryImageOfPage\":{\"@id\":\"https:\\\/\\\/patagoniambiental.com.ar\\\/info\\\/mas-de-300-inscriptos-en-charlas-sobre-los-pueblos-originarios-y-las-huelgas-patagonicas\\\/#primaryimage\"},\"image\":{\"@id\":\"https:\\\/\\\/patagoniambiental.com.ar\\\/info\\\/mas-de-300-inscriptos-en-charlas-sobre-los-pueblos-originarios-y-las-huelgas-patagonicas\\\/#primaryimage\"},\"thumbnailUrl\":\"https:\\\/\\\/patagoniambiental.com.ar\\\/info\\\/wp-content\\\/uploads\\\/2021\\\/09\\\/LOA230921-010F02.jpg\",\"datePublished\":\"2021-09-24T22:00:00+00:00\",\"breadcrumb\":{\"@id\":\"https:\\\/\\\/patagoniambiental.com.ar\\\/info\\\/mas-de-300-inscriptos-en-charlas-sobre-los-pueblos-originarios-y-las-huelgas-patagonicas\\\/#breadcrumb\"},\"inLanguage\":\"es\",\"potentialAction\":[{\"@type\":\"ReadAction\",\"target\":[\"https:\\\/\\\/patagoniambiental.com.ar\\\/info\\\/mas-de-300-inscriptos-en-charlas-sobre-los-pueblos-originarios-y-las-huelgas-patagonicas\\\/\"]}]},{\"@type\":\"ImageObject\",\"inLanguage\":\"es\",\"@id\":\"https:\\\/\\\/patagoniambiental.com.ar\\\/info\\\/mas-de-300-inscriptos-en-charlas-sobre-los-pueblos-originarios-y-las-huelgas-patagonicas\\\/#primaryimage\",\"url\":\"https:\\\/\\\/patagoniambiental.com.ar\\\/info\\\/wp-content\\\/uploads\\\/2021\\\/09\\\/LOA230921-010F02.jpg\",\"contentUrl\":\"https:\\\/\\\/patagoniambiental.com.ar\\\/info\\\/wp-content\\\/uploads\\\/2021\\\/09\\\/LOA230921-010F02.jpg\",\"width\":1103,\"height\":551},{\"@type\":\"BreadcrumbList\",\"@id\":\"https:\\\/\\\/patagoniambiental.com.ar\\\/info\\\/mas-de-300-inscriptos-en-charlas-sobre-los-pueblos-originarios-y-las-huelgas-patagonicas\\\/#breadcrumb\",\"itemListElement\":[{\"@type\":\"ListItem\",\"position\":1,\"name\":\"Inicio\",\"item\":\"https:\\\/\\\/patagoniambiental.com.ar\\\/info\\\/\"},{\"@type\":\"ListItem\",\"position\":2,\"name\":\"M\u00e1s de 300 inscriptos en charlas sobre los pueblos originarios y las huelgas patag\u00f3nicas\"}]},{\"@type\":\"WebSite\",\"@id\":\"https:\\\/\\\/patagoniambiental.com.ar\\\/info\\\/#website\",\"url\":\"https:\\\/\\\/patagoniambiental.com.ar\\\/info\\\/\",\"name\":\"Patagonia Ambiental\",\"description\":\"Monitoreo y an\u00e1lisis de la situaci\u00f3n geopol\u00edtica en el mundo y su implicancia en la Patagonia\",\"publisher\":{\"@id\":\"https:\\\/\\\/patagoniambiental.com.ar\\\/info\\\/#organization\"},\"potentialAction\":[{\"@type\":\"SearchAction\",\"target\":{\"@type\":\"EntryPoint\",\"urlTemplate\":\"https:\\\/\\\/patagoniambiental.com.ar\\\/info\\\/?s={search_term_string}\"},\"query-input\":{\"@type\":\"PropertyValueSpecification\",\"valueRequired\":true,\"valueName\":\"search_term_string\"}}],\"inLanguage\":\"es\"},{\"@type\":\"Organization\",\"@id\":\"https:\\\/\\\/patagoniambiental.com.ar\\\/info\\\/#organization\",\"name\":\"Patagonia Ambiental\",\"url\":\"https:\\\/\\\/patagoniambiental.com.ar\\\/info\\\/\",\"logo\":{\"@type\":\"ImageObject\",\"inLanguage\":\"es\",\"@id\":\"https:\\\/\\\/patagoniambiental.com.ar\\\/info\\\/#\\\/schema\\\/logo\\\/image\\\/\",\"url\":\"https:\\\/\\\/patagoniambiental.com.ar\\\/info\\\/wp-content\\\/uploads\\\/2025\\\/05\\\/LOGO-PATAGONIA-AMBIENTAL.png\",\"contentUrl\":\"https:\\\/\\\/patagoniambiental.com.ar\\\/info\\\/wp-content\\\/uploads\\\/2025\\\/05\\\/LOGO-PATAGONIA-AMBIENTAL.png\",\"width\":433,\"height\":250,\"caption\":\"Patagonia Ambiental\"},\"image\":{\"@id\":\"https:\\\/\\\/patagoniambiental.com.ar\\\/info\\\/#\\\/schema\\\/logo\\\/image\\\/\"},\"sameAs\":[\"https:\\\/\\\/www.facebook.com\\\/patagonia.ambiental\",\"https:\\\/\\\/x.com\\\/PatAmb\"]},{\"@type\":\"Person\",\"@id\":\"https:\\\/\\\/patagoniambiental.com.ar\\\/info\\\/#\\\/schema\\\/person\\\/e5af09d700b2e82cb10c6b8800e0c691\",\"name\":\"BRAIAN ESTEVEZ\",\"sameAs\":[\"http:\\\/\\\/www.patagoniambiental.com.ar\"]}]}<\/script>\n<!-- \/ Yoast SEO Premium plugin. -->","yoast_head_json":{"title":"M\u00e1s de 300 inscriptos en charlas sobre los pueblos originarios y las huelgas patag\u00f3nicas","robots":{"index":"index","follow":"follow","max-snippet":"max-snippet:-1","max-image-preview":"max-image-preview:large","max-video-preview":"max-video-preview:-1"},"canonical":"https:\/\/patagoniambiental.com.ar\/info\/mas-de-300-inscriptos-en-charlas-sobre-los-pueblos-originarios-y-las-huelgas-patagonicas\/","og_locale":"es_ES","og_type":"article","og_title":"M\u00e1s de 300 inscriptos en charlas sobre los pueblos originarios y las huelgas patag\u00f3nicas","og_url":"https:\/\/patagoniambiental.com.ar\/info\/mas-de-300-inscriptos-en-charlas-sobre-los-pueblos-originarios-y-las-huelgas-patagonicas\/","og_site_name":"Patagonia Ambiental","article_publisher":"https:\/\/www.facebook.com\/patagonia.ambiental","article_published_time":"2021-09-24T22:00:00+00:00","og_image":[{"width":1103,"height":551,"url":"https:\/\/patagoniambiental.com.ar\/info\/wp-content\/uploads\/2021\/09\/LOA230921-010F02.jpg","type":"image\/jpeg"}],"author":"BRAIAN ESTEVEZ","twitter_card":"summary_large_image","twitter_creator":"@PatAmb","twitter_site":"@PatAmb","schema":{"@context":"https:\/\/schema.org","@graph":[{"@type":"Article","@id":"https:\/\/patagoniambiental.com.ar\/info\/mas-de-300-inscriptos-en-charlas-sobre-los-pueblos-originarios-y-las-huelgas-patagonicas\/#article","isPartOf":{"@id":"https:\/\/patagoniambiental.com.ar\/info\/mas-de-300-inscriptos-en-charlas-sobre-los-pueblos-originarios-y-las-huelgas-patagonicas\/"},"author":{"name":"BRAIAN ESTEVEZ","@id":"https:\/\/patagoniambiental.com.ar\/info\/#\/schema\/person\/e5af09d700b2e82cb10c6b8800e0c691"},"headline":"M\u00e1s de 300 inscriptos en charlas sobre los pueblos originarios y las huelgas patag\u00f3nicas","datePublished":"2021-09-24T22:00:00+00:00","mainEntityOfPage":{"@id":"https:\/\/patagoniambiental.com.ar\/info\/mas-de-300-inscriptos-en-charlas-sobre-los-pueblos-originarios-y-las-huelgas-patagonicas\/"},"wordCount":646,"commentCount":0,"publisher":{"@id":"https:\/\/patagoniambiental.com.ar\/info\/#organization"},"image":{"@id":"https:\/\/patagoniambiental.com.ar\/info\/mas-de-300-inscriptos-en-charlas-sobre-los-pueblos-originarios-y-las-huelgas-patagonicas\/#primaryimage"},"thumbnailUrl":"https:\/\/patagoniambiental.com.ar\/info\/wp-content\/uploads\/2021\/09\/LOA230921-010F02.jpg","articleSection":["Noticias"],"inLanguage":"es","potentialAction":[{"@type":"CommentAction","name":"Comment","target":["https:\/\/patagoniambiental.com.ar\/info\/mas-de-300-inscriptos-en-charlas-sobre-los-pueblos-originarios-y-las-huelgas-patagonicas\/#respond"]}]},{"@type":"WebPage","@id":"https:\/\/patagoniambiental.com.ar\/info\/mas-de-300-inscriptos-en-charlas-sobre-los-pueblos-originarios-y-las-huelgas-patagonicas\/","url":"https:\/\/patagoniambiental.com.ar\/info\/mas-de-300-inscriptos-en-charlas-sobre-los-pueblos-originarios-y-las-huelgas-patagonicas\/","name":"M\u00e1s de 300 inscriptos en charlas sobre los pueblos originarios y las huelgas patag\u00f3nicas","isPartOf":{"@id":"https:\/\/patagoniambiental.com.ar\/info\/#website"},"primaryImageOfPage":{"@id":"https:\/\/patagoniambiental.com.ar\/info\/mas-de-300-inscriptos-en-charlas-sobre-los-pueblos-originarios-y-las-huelgas-patagonicas\/#primaryimage"},"image":{"@id":"https:\/\/patagoniambiental.com.ar\/info\/mas-de-300-inscriptos-en-charlas-sobre-los-pueblos-originarios-y-las-huelgas-patagonicas\/#primaryimage"},"thumbnailUrl":"https:\/\/patagoniambiental.com.ar\/info\/wp-content\/uploads\/2021\/09\/LOA230921-010F02.jpg","datePublished":"2021-09-24T22:00:00+00:00","breadcrumb":{"@id":"https:\/\/patagoniambiental.com.ar\/info\/mas-de-300-inscriptos-en-charlas-sobre-los-pueblos-originarios-y-las-huelgas-patagonicas\/#breadcrumb"},"inLanguage":"es","potentialAction":[{"@type":"ReadAction","target":["https:\/\/patagoniambiental.com.ar\/info\/mas-de-300-inscriptos-en-charlas-sobre-los-pueblos-originarios-y-las-huelgas-patagonicas\/"]}]},{"@type":"ImageObject","inLanguage":"es","@id":"https:\/\/patagoniambiental.com.ar\/info\/mas-de-300-inscriptos-en-charlas-sobre-los-pueblos-originarios-y-las-huelgas-patagonicas\/#primaryimage","url":"https:\/\/patagoniambiental.com.ar\/info\/wp-content\/uploads\/2021\/09\/LOA230921-010F02.jpg","contentUrl":"https:\/\/patagoniambiental.com.ar\/info\/wp-content\/uploads\/2021\/09\/LOA230921-010F02.jpg","width":1103,"height":551},{"@type":"BreadcrumbList","@id":"https:\/\/patagoniambiental.com.ar\/info\/mas-de-300-inscriptos-en-charlas-sobre-los-pueblos-originarios-y-las-huelgas-patagonicas\/#breadcrumb","itemListElement":[{"@type":"ListItem","position":1,"name":"Inicio","item":"https:\/\/patagoniambiental.com.ar\/info\/"},{"@type":"ListItem","position":2,"name":"M\u00e1s de 300 inscriptos en charlas sobre los pueblos originarios y las huelgas patag\u00f3nicas"}]},{"@type":"WebSite","@id":"https:\/\/patagoniambiental.com.ar\/info\/#website","url":"https:\/\/patagoniambiental.com.ar\/info\/","name":"Patagonia Ambiental","description":"Monitoreo y an\u00e1lisis de la situaci\u00f3n geopol\u00edtica en el mundo y su implicancia en la Patagonia","publisher":{"@id":"https:\/\/patagoniambiental.com.ar\/info\/#organization"},"potentialAction":[{"@type":"SearchAction","target":{"@type":"EntryPoint","urlTemplate":"https:\/\/patagoniambiental.com.ar\/info\/?s={search_term_string}"},"query-input":{"@type":"PropertyValueSpecification","valueRequired":true,"valueName":"search_term_string"}}],"inLanguage":"es"},{"@type":"Organization","@id":"https:\/\/patagoniambiental.com.ar\/info\/#organization","name":"Patagonia Ambiental","url":"https:\/\/patagoniambiental.com.ar\/info\/","logo":{"@type":"ImageObject","inLanguage":"es","@id":"https:\/\/patagoniambiental.com.ar\/info\/#\/schema\/logo\/image\/","url":"https:\/\/patagoniambiental.com.ar\/info\/wp-content\/uploads\/2025\/05\/LOGO-PATAGONIA-AMBIENTAL.png","contentUrl":"https:\/\/patagoniambiental.com.ar\/info\/wp-content\/uploads\/2025\/05\/LOGO-PATAGONIA-AMBIENTAL.png","width":433,"height":250,"caption":"Patagonia Ambiental"},"image":{"@id":"https:\/\/patagoniambiental.com.ar\/info\/#\/schema\/logo\/image\/"},"sameAs":["https:\/\/www.facebook.com\/patagonia.ambiental","https:\/\/x.com\/PatAmb"]},{"@type":"Person","@id":"https:\/\/patagoniambiental.com.ar\/info\/#\/schema\/person\/e5af09d700b2e82cb10c6b8800e0c691","name":"BRAIAN ESTEVEZ","sameAs":["http:\/\/www.patagoniambiental.com.ar"]}]}},"_links":{"self":[{"href":"https:\/\/patagoniambiental.com.ar\/info\/wp-json\/wp\/v2\/posts\/74200","targetHints":{"allow":["GET"]}}],"collection":[{"href":"https:\/\/patagoniambiental.com.ar\/info\/wp-json\/wp\/v2\/posts"}],"about":[{"href":"https:\/\/patagoniambiental.com.ar\/info\/wp-json\/wp\/v2\/types\/post"}],"author":[{"embeddable":true,"href":"https:\/\/patagoniambiental.com.ar\/info\/wp-json\/wp\/v2\/users\/6"}],"replies":[{"embeddable":true,"href":"https:\/\/patagoniambiental.com.ar\/info\/wp-json\/wp\/v2\/comments?post=74200"}],"version-history":[{"count":0,"href":"https:\/\/patagoniambiental.com.ar\/info\/wp-json\/wp\/v2\/posts\/74200\/revisions"}],"wp:featuredmedia":[{"embeddable":true,"href":"https:\/\/patagoniambiental.com.ar\/info\/wp-json\/wp\/v2\/media\/74201"}],"wp:attachment":[{"href":"https:\/\/patagoniambiental.com.ar\/info\/wp-json\/wp\/v2\/media?parent=74200"}],"wp:term":[{"taxonomy":"category","embeddable":true,"href":"https:\/\/patagoniambiental.com.ar\/info\/wp-json\/wp\/v2\/categories?post=74200"},{"taxonomy":"post_tag","embeddable":true,"href":"https:\/\/patagoniambiental.com.ar\/info\/wp-json\/wp\/v2\/tags?post=74200"}],"curies":[{"name":"wp","href":"https:\/\/api.w.org\/{rel}","templated":true}]}}