{"id":74214,"date":"2021-09-24T19:29:29","date_gmt":"2021-09-24T22:29:29","guid":{"rendered":"http:\/\/patagoniambiental.com.ar\/info\/?p=74214"},"modified":"2021-09-24T19:29:31","modified_gmt":"2021-09-24T22:29:31","slug":"tenemos-que-exigirle-a-los-paises-mas-contaminantes-que-accionen","status":"publish","type":"post","link":"https:\/\/patagoniambiental.com.ar\/info\/tenemos-que-exigirle-a-los-paises-mas-contaminantes-que-accionen\/","title":{"rendered":"\u00abTenemos que exigirle a los pa\u00edses m\u00e1s contaminantes que accionen\u00bb"},"content":{"rendered":"\n<!--more-->\n\n\n\n<p><strong>Ciudad Aut\u00f3noma de Buenos Aires, 24 de septiembre de 2021.-<\/strong><em>As\u00ed lo afirm\u00f3 el titular de la cartera ambiental nacional en el marco de su participaci\u00f3n en un encuentro de municipios unidos para enfrentar el cambio clim\u00e1tico, que se realiz\u00f3 hoy en Bariloche, R\u00edo Negro.<\/em><\/p>\n\n\n\n<p> El ministro de Ambiente y Desarrollo Sostenible, Juan Cabandi\u00e9, junto al secretario de Cambio Clim\u00e1tico, Desarrollo Sostenible e Innovaci\u00f3n, Rodrigo Rodr\u00edguez Tornquist, participaron esta ma\u00f1ana de la Tercera Asamblea Nacional de Intendentes de la Red Argentina de Municipios frente al Cambio Clim\u00e1tico (RAMCC), que se llev\u00f3 a cabo en la ciudad de San Carlos de Bariloche, provincia de R\u00edo Negro y reuni\u00f3 a intendentes e intendentas de todo el pa\u00eds.<br>En el acto de apertura, Cabandi\u00e9 se refiri\u00f3 a la problem\u00e1tica del cambio clim\u00e1tico y expres\u00f3: \u201cHace 12 a\u00f1os que los pa\u00edses desarrollados se comprometieron a financiar la transici\u00f3n ecol\u00f3gica de los pa\u00edses de renta media y baja con 100 mil millones de d\u00f3lares anuales, y eso a\u00fan no sucedi\u00f3\u201d. \u201cTenemos que exigirle a los pa\u00edses m\u00e1s contaminantes que accionen; ellos han subido la escalera del desarrollo sin pensar en las generaciones futuras\u201d, agreg\u00f3 el funcionario.<br>En este sentido, Cabandi\u00e9 explic\u00f3 la posici\u00f3n de Argentina: \u201cNuestras 53 millones de hect\u00e1reas de bosques benefician al mundo. En 2004, en la COP que se realiz\u00f3 en la ciudad de Buenos Aires, el expresidente N\u00e9stor Kirchner dijo \u2018nosotros somos acreedores ambientales ante el mundo\u2019, porque nuestros sistemas naturales benefician a toda la humanidad. Es por eso que el presidente de la Naci\u00f3n, ante el G20 este a\u00f1o, plante\u00f3 el \u2018canje de deuda por acci\u00f3n clim\u00e1tica\u2019. \u201cNuestro planteo ante el mundo es poder canjear esa deuda con la construcci\u00f3n de parques e\u00f3licos, inversi\u00f3n en energ\u00eda solar, entre otros\u201d, argument\u00f3.<br>Asimismo, el titular de la cartera ambiental nacional hizo referencia la importancia de implementar pol\u00edticas de adaptaci\u00f3n y mitigaci\u00f3n, uno de los ejes tratados en la Asamblea mencionada y detall\u00f3: \u201cTenemos que preguntarnos qu\u00e9 acciones podemos realizar para la adaptaci\u00f3n frente a eventos clim\u00e1ticos extremos que modifican la calidad de vida y ponen en riesgo a las personas\u201d.<br>\u201cEs necesario preservar los bosques nativos que son una fuente de biodiversidad y que permiten la captaci\u00f3n de gases de efecto invernadero emitidos por la actividad antr\u00f3pica, industrial y agropecuaria\u201d, agreg\u00f3. \u201cLa agenda ambiental no es una agenda antiproductivista. Por el contrario, es productivista en el marco de la sostenibilidad. El \u00fanico camino es el marco de la sostenibilidad, es el de la producci\u00f3n sostenible\u201d, puntualiz\u00f3 el funcionario.<br>Junto al ministro, participaron de la Asamblea la gobernadora de la provincia de R\u00edo Negro, Anabela Carreras; el coordinador residente del Sistema de las Naciones Unidas en la Argentina, Roberto Valent; el embajador de la Uni\u00f3n Europea en el pa\u00eds; Amador S\u00e1nchez Rico; y el intendente de la ciudad de Bariloche, Gustavo Gennuso.<br>Luego, Cabandi\u00e9 mantuvo un encuentro con el embajador de la Uni\u00f3n Europea, S\u00e1nchez Rico, en la sala de reuniones de la intendencia del Parque Nacional Nahuel Huapi. All\u00ed firmaron el convenio espec\u00edfico para la realizaci\u00f3n del inventario de humedales de la provincia de R\u00edo Negro. Tambi\u00e9n particip\u00f3 de la firma la secretaria de Ambiente y Cambio Clim\u00e1tico de la provincia y vicepresidenta del Consejo Federal de Medio Ambiente (COFEMA) COFEMA, Dina Migani.<br>Para acceder al material audiovisual, cliquear\u00a0<a rel=\"noreferrer noopener\" class=\"\" href=\"https:\/\/ambiente.tr.pemsv30.net\/c\/eyJhIjoiYW1iaWVudGUiLCJtIjoibWFpbF9ja3R5d3J2dDcyNGxiMDcwMnZid3gxeWR0IiwibCI6ImxpbmtfYzQ2ZjcyMjJmMDk2MDJlYjA0Nzk1MjI4Y2FkZWU3ZTQzMmY4MDMyNyIsImkiOltdLCJ1IjoiaHR0cHM6Ly9kcml2ZS5nb29nbGUuY29tL2RyaXZlL2ZvbGRlcnMvMUJaMG9vOHZfUFpLcGRrLWotSGc5b0l0RzZoS2FBM3NTP3VzcD1zaGFyaW5nIiwiYyI6IiIsImgiOiIyMzIwMGEifQ\" target=\"_blank\">ac\u00e1<\/a>\u00a0.<\/p>\n\n\n\n<p>Fuente: Ministerio de Ambiente y Desarrollo Sustentable de la Naci\u00f2n<\/p>\n","protected":false},"excerpt":{"rendered":"","protected":false},"author":6,"featured_media":74215,"comment_status":"open","ping_status":"open","sticky":false,"template":"","format":"standard","meta":{"site-sidebar-layout":"default","site-content-layout":"","ast-site-content-layout":"default","site-content-style":"default","site-sidebar-style":"default","ast-global-header-display":"","ast-banner-title-visibility":"","ast-main-header-display":"","ast-hfb-above-header-display":"","ast-hfb-below-header-display":"","ast-hfb-mobile-header-display":"","site-post-title":"","ast-breadcrumbs-content":"","ast-featured-img":"","footer-sml-layout":"","ast-disable-related-posts":"","theme-transparent-header-meta":"","adv-header-id-meta":"","stick-header-meta":"","header-above-stick-meta":"","header-main-stick-meta":"","header-below-stick-meta":"","astra-migrate-meta-layouts":"default","ast-page-background-enabled":"default","ast-page-background-meta":{"desktop":{"background-color":"var(--ast-global-color-5)","background-image":"","background-repeat":"repeat","background-position":"center center","background-size":"auto","background-attachment":"scroll","background-type":"","background-media":"","overlay-type":"","overlay-color":"","overlay-opacity":"","overlay-gradient":""},"tablet":{"background-color":"","background-image":"","background-repeat":"repeat","background-position":"center center","background-size":"auto","background-attachment":"scroll","background-type":"","background-media":"","overlay-type":"","overlay-color":"","overlay-opacity":"","overlay-gradient":""},"mobile":{"background-color":"","background-image":"","background-repeat":"repeat","background-position":"center center","background-size":"auto","background-attachment":"scroll","background-type":"","background-media":"","overlay-type":"","overlay-color":"","overlay-opacity":"","overlay-gradient":""}},"ast-content-background-meta":{"desktop":{"background-color":"var(--ast-global-color-4)","background-image":"","background-repeat":"repeat","background-position":"center center","background-size":"auto","background-attachment":"scroll","background-type":"","background-media":"","overlay-type":"","overlay-color":"","overlay-opacity":"","overlay-gradient":""},"tablet":{"background-color":"var(--ast-global-color-4)","background-image":"","background-repeat":"repeat","background-position":"center center","background-size":"auto","background-attachment":"scroll","background-type":"","background-media":"","overlay-type":"","overlay-color":"","overlay-opacity":"","overlay-gradient":""},"mobile":{"background-color":"var(--ast-global-color-4)","background-image":"","background-repeat":"repeat","background-position":"center center","background-size":"auto","background-attachment":"scroll","background-type":"","background-media":"","overlay-type":"","overlay-color":"","overlay-opacity":"","overlay-gradient":""}},"footnotes":""},"categories":[1],"tags":[],"class_list":["post-74214","post","type-post","status-publish","format-standard","has-post-thumbnail","hentry","category-noticias"],"yoast_head":"<!-- This site is optimized with the Yoast SEO Premium plugin v23.0 (Yoast SEO v27.5) - https:\/\/yoast.com\/product\/yoast-seo-premium-wordpress\/ -->\n<title>&quot;Tenemos que exigirle a los pa\u00edses m\u00e1s contaminantes que accionen&quot;<\/title>\n<meta name=\"robots\" content=\"index, follow, max-snippet:-1, max-image-preview:large, max-video-preview:-1\" \/>\n<link rel=\"canonical\" href=\"https:\/\/patagoniambiental.com.ar\/info\/tenemos-que-exigirle-a-los-paises-mas-contaminantes-que-accionen\/\" \/>\n<meta property=\"og:locale\" content=\"es_ES\" \/>\n<meta property=\"og:type\" content=\"article\" \/>\n<meta property=\"og:title\" content=\"&quot;Tenemos que exigirle a los pa\u00edses m\u00e1s contaminantes que accionen&quot;\" \/>\n<meta property=\"og:url\" content=\"https:\/\/patagoniambiental.com.ar\/info\/tenemos-que-exigirle-a-los-paises-mas-contaminantes-que-accionen\/\" \/>\n<meta property=\"og:site_name\" content=\"Patagonia Ambiental\" \/>\n<meta property=\"article:publisher\" content=\"https:\/\/www.facebook.com\/patagonia.ambiental\" \/>\n<meta property=\"article:published_time\" content=\"2021-09-24T22:29:29+00:00\" \/>\n<meta property=\"article:modified_time\" content=\"2021-09-24T22:29:31+00:00\" \/>\n<meta property=\"og:image\" content=\"https:\/\/patagoniambiental.com.ar\/info\/wp-content\/uploads\/2021\/09\/whatsapp-image-2021-09-24-at-18.20.58.jpeg\" \/>\n\t<meta property=\"og:image:width\" content=\"600\" \/>\n\t<meta property=\"og:image:height\" content=\"400\" \/>\n\t<meta property=\"og:image:type\" content=\"image\/jpeg\" \/>\n<meta name=\"author\" content=\"BRAIAN ESTEVEZ\" \/>\n<meta name=\"twitter:card\" content=\"summary_large_image\" \/>\n<meta name=\"twitter:creator\" content=\"@PatAmb\" \/>\n<meta name=\"twitter:site\" content=\"@PatAmb\" \/>\n<script type=\"application\/ld+json\" class=\"yoast-schema-graph\">{\"@context\":\"https:\\\/\\\/schema.org\",\"@graph\":[{\"@type\":\"Article\",\"@id\":\"https:\\\/\\\/patagoniambiental.com.ar\\\/info\\\/tenemos-que-exigirle-a-los-paises-mas-contaminantes-que-accionen\\\/#article\",\"isPartOf\":{\"@id\":\"https:\\\/\\\/patagoniambiental.com.ar\\\/info\\\/tenemos-que-exigirle-a-los-paises-mas-contaminantes-que-accionen\\\/\"},\"author\":{\"name\":\"BRAIAN ESTEVEZ\",\"@id\":\"https:\\\/\\\/patagoniambiental.com.ar\\\/info\\\/#\\\/schema\\\/person\\\/e5af09d700b2e82cb10c6b8800e0c691\"},\"headline\":\"\u00abTenemos que exigirle a los pa\u00edses m\u00e1s contaminantes que accionen\u00bb\",\"datePublished\":\"2021-09-24T22:29:29+00:00\",\"dateModified\":\"2021-09-24T22:29:31+00:00\",\"mainEntityOfPage\":{\"@id\":\"https:\\\/\\\/patagoniambiental.com.ar\\\/info\\\/tenemos-que-exigirle-a-los-paises-mas-contaminantes-que-accionen\\\/\"},\"wordCount\":618,\"commentCount\":0,\"publisher\":{\"@id\":\"https:\\\/\\\/patagoniambiental.com.ar\\\/info\\\/#organization\"},\"image\":{\"@id\":\"https:\\\/\\\/patagoniambiental.com.ar\\\/info\\\/tenemos-que-exigirle-a-los-paises-mas-contaminantes-que-accionen\\\/#primaryimage\"},\"thumbnailUrl\":\"https:\\\/\\\/patagoniambiental.com.ar\\\/info\\\/wp-content\\\/uploads\\\/2021\\\/09\\\/whatsapp-image-2021-09-24-at-18.20.58.jpeg\",\"articleSection\":[\"Noticias\"],\"inLanguage\":\"es\",\"potentialAction\":[{\"@type\":\"CommentAction\",\"name\":\"Comment\",\"target\":[\"https:\\\/\\\/patagoniambiental.com.ar\\\/info\\\/tenemos-que-exigirle-a-los-paises-mas-contaminantes-que-accionen\\\/#respond\"]}]},{\"@type\":\"WebPage\",\"@id\":\"https:\\\/\\\/patagoniambiental.com.ar\\\/info\\\/tenemos-que-exigirle-a-los-paises-mas-contaminantes-que-accionen\\\/\",\"url\":\"https:\\\/\\\/patagoniambiental.com.ar\\\/info\\\/tenemos-que-exigirle-a-los-paises-mas-contaminantes-que-accionen\\\/\",\"name\":\"\\\"Tenemos que exigirle a los pa\u00edses m\u00e1s contaminantes que accionen\\\"\",\"isPartOf\":{\"@id\":\"https:\\\/\\\/patagoniambiental.com.ar\\\/info\\\/#website\"},\"primaryImageOfPage\":{\"@id\":\"https:\\\/\\\/patagoniambiental.com.ar\\\/info\\\/tenemos-que-exigirle-a-los-paises-mas-contaminantes-que-accionen\\\/#primaryimage\"},\"image\":{\"@id\":\"https:\\\/\\\/patagoniambiental.com.ar\\\/info\\\/tenemos-que-exigirle-a-los-paises-mas-contaminantes-que-accionen\\\/#primaryimage\"},\"thumbnailUrl\":\"https:\\\/\\\/patagoniambiental.com.ar\\\/info\\\/wp-content\\\/uploads\\\/2021\\\/09\\\/whatsapp-image-2021-09-24-at-18.20.58.jpeg\",\"datePublished\":\"2021-09-24T22:29:29+00:00\",\"dateModified\":\"2021-09-24T22:29:31+00:00\",\"breadcrumb\":{\"@id\":\"https:\\\/\\\/patagoniambiental.com.ar\\\/info\\\/tenemos-que-exigirle-a-los-paises-mas-contaminantes-que-accionen\\\/#breadcrumb\"},\"inLanguage\":\"es\",\"potentialAction\":[{\"@type\":\"ReadAction\",\"target\":[\"https:\\\/\\\/patagoniambiental.com.ar\\\/info\\\/tenemos-que-exigirle-a-los-paises-mas-contaminantes-que-accionen\\\/\"]}]},{\"@type\":\"ImageObject\",\"inLanguage\":\"es\",\"@id\":\"https:\\\/\\\/patagoniambiental.com.ar\\\/info\\\/tenemos-que-exigirle-a-los-paises-mas-contaminantes-que-accionen\\\/#primaryimage\",\"url\":\"https:\\\/\\\/patagoniambiental.com.ar\\\/info\\\/wp-content\\\/uploads\\\/2021\\\/09\\\/whatsapp-image-2021-09-24-at-18.20.58.jpeg\",\"contentUrl\":\"https:\\\/\\\/patagoniambiental.com.ar\\\/info\\\/wp-content\\\/uploads\\\/2021\\\/09\\\/whatsapp-image-2021-09-24-at-18.20.58.jpeg\",\"width\":600,\"height\":400},{\"@type\":\"BreadcrumbList\",\"@id\":\"https:\\\/\\\/patagoniambiental.com.ar\\\/info\\\/tenemos-que-exigirle-a-los-paises-mas-contaminantes-que-accionen\\\/#breadcrumb\",\"itemListElement\":[{\"@type\":\"ListItem\",\"position\":1,\"name\":\"Inicio\",\"item\":\"https:\\\/\\\/patagoniambiental.com.ar\\\/info\\\/\"},{\"@type\":\"ListItem\",\"position\":2,\"name\":\"\u00abTenemos que exigirle a los pa\u00edses m\u00e1s contaminantes que accionen\u00bb\"}]},{\"@type\":\"WebSite\",\"@id\":\"https:\\\/\\\/patagoniambiental.com.ar\\\/info\\\/#website\",\"url\":\"https:\\\/\\\/patagoniambiental.com.ar\\\/info\\\/\",\"name\":\"Patagonia Ambiental\",\"description\":\"Monitoreo y an\u00e1lisis de la situaci\u00f3n geopol\u00edtica en el mundo y su implicancia en la Patagonia\",\"publisher\":{\"@id\":\"https:\\\/\\\/patagoniambiental.com.ar\\\/info\\\/#organization\"},\"potentialAction\":[{\"@type\":\"SearchAction\",\"target\":{\"@type\":\"EntryPoint\",\"urlTemplate\":\"https:\\\/\\\/patagoniambiental.com.ar\\\/info\\\/?s={search_term_string}\"},\"query-input\":{\"@type\":\"PropertyValueSpecification\",\"valueRequired\":true,\"valueName\":\"search_term_string\"}}],\"inLanguage\":\"es\"},{\"@type\":\"Organization\",\"@id\":\"https:\\\/\\\/patagoniambiental.com.ar\\\/info\\\/#organization\",\"name\":\"Patagonia Ambiental\",\"url\":\"https:\\\/\\\/patagoniambiental.com.ar\\\/info\\\/\",\"logo\":{\"@type\":\"ImageObject\",\"inLanguage\":\"es\",\"@id\":\"https:\\\/\\\/patagoniambiental.com.ar\\\/info\\\/#\\\/schema\\\/logo\\\/image\\\/\",\"url\":\"https:\\\/\\\/patagoniambiental.com.ar\\\/info\\\/wp-content\\\/uploads\\\/2025\\\/05\\\/LOGO-PATAGONIA-AMBIENTAL.png\",\"contentUrl\":\"https:\\\/\\\/patagoniambiental.com.ar\\\/info\\\/wp-content\\\/uploads\\\/2025\\\/05\\\/LOGO-PATAGONIA-AMBIENTAL.png\",\"width\":433,\"height\":250,\"caption\":\"Patagonia Ambiental\"},\"image\":{\"@id\":\"https:\\\/\\\/patagoniambiental.com.ar\\\/info\\\/#\\\/schema\\\/logo\\\/image\\\/\"},\"sameAs\":[\"https:\\\/\\\/www.facebook.com\\\/patagonia.ambiental\",\"https:\\\/\\\/x.com\\\/PatAmb\"]},{\"@type\":\"Person\",\"@id\":\"https:\\\/\\\/patagoniambiental.com.ar\\\/info\\\/#\\\/schema\\\/person\\\/e5af09d700b2e82cb10c6b8800e0c691\",\"name\":\"BRAIAN ESTEVEZ\",\"sameAs\":[\"http:\\\/\\\/www.patagoniambiental.com.ar\"]}]}<\/script>\n<!-- \/ Yoast SEO Premium plugin. -->","yoast_head_json":{"title":"\"Tenemos que exigirle a los pa\u00edses m\u00e1s contaminantes que accionen\"","robots":{"index":"index","follow":"follow","max-snippet":"max-snippet:-1","max-image-preview":"max-image-preview:large","max-video-preview":"max-video-preview:-1"},"canonical":"https:\/\/patagoniambiental.com.ar\/info\/tenemos-que-exigirle-a-los-paises-mas-contaminantes-que-accionen\/","og_locale":"es_ES","og_type":"article","og_title":"\"Tenemos que exigirle a los pa\u00edses m\u00e1s contaminantes que accionen\"","og_url":"https:\/\/patagoniambiental.com.ar\/info\/tenemos-que-exigirle-a-los-paises-mas-contaminantes-que-accionen\/","og_site_name":"Patagonia Ambiental","article_publisher":"https:\/\/www.facebook.com\/patagonia.ambiental","article_published_time":"2021-09-24T22:29:29+00:00","article_modified_time":"2021-09-24T22:29:31+00:00","og_image":[{"width":600,"height":400,"url":"https:\/\/patagoniambiental.com.ar\/info\/wp-content\/uploads\/2021\/09\/whatsapp-image-2021-09-24-at-18.20.58.jpeg","type":"image\/jpeg"}],"author":"BRAIAN ESTEVEZ","twitter_card":"summary_large_image","twitter_creator":"@PatAmb","twitter_site":"@PatAmb","schema":{"@context":"https:\/\/schema.org","@graph":[{"@type":"Article","@id":"https:\/\/patagoniambiental.com.ar\/info\/tenemos-que-exigirle-a-los-paises-mas-contaminantes-que-accionen\/#article","isPartOf":{"@id":"https:\/\/patagoniambiental.com.ar\/info\/tenemos-que-exigirle-a-los-paises-mas-contaminantes-que-accionen\/"},"author":{"name":"BRAIAN ESTEVEZ","@id":"https:\/\/patagoniambiental.com.ar\/info\/#\/schema\/person\/e5af09d700b2e82cb10c6b8800e0c691"},"headline":"\u00abTenemos que exigirle a los pa\u00edses m\u00e1s contaminantes que accionen\u00bb","datePublished":"2021-09-24T22:29:29+00:00","dateModified":"2021-09-24T22:29:31+00:00","mainEntityOfPage":{"@id":"https:\/\/patagoniambiental.com.ar\/info\/tenemos-que-exigirle-a-los-paises-mas-contaminantes-que-accionen\/"},"wordCount":618,"commentCount":0,"publisher":{"@id":"https:\/\/patagoniambiental.com.ar\/info\/#organization"},"image":{"@id":"https:\/\/patagoniambiental.com.ar\/info\/tenemos-que-exigirle-a-los-paises-mas-contaminantes-que-accionen\/#primaryimage"},"thumbnailUrl":"https:\/\/patagoniambiental.com.ar\/info\/wp-content\/uploads\/2021\/09\/whatsapp-image-2021-09-24-at-18.20.58.jpeg","articleSection":["Noticias"],"inLanguage":"es","potentialAction":[{"@type":"CommentAction","name":"Comment","target":["https:\/\/patagoniambiental.com.ar\/info\/tenemos-que-exigirle-a-los-paises-mas-contaminantes-que-accionen\/#respond"]}]},{"@type":"WebPage","@id":"https:\/\/patagoniambiental.com.ar\/info\/tenemos-que-exigirle-a-los-paises-mas-contaminantes-que-accionen\/","url":"https:\/\/patagoniambiental.com.ar\/info\/tenemos-que-exigirle-a-los-paises-mas-contaminantes-que-accionen\/","name":"\"Tenemos que exigirle a los pa\u00edses m\u00e1s contaminantes que accionen\"","isPartOf":{"@id":"https:\/\/patagoniambiental.com.ar\/info\/#website"},"primaryImageOfPage":{"@id":"https:\/\/patagoniambiental.com.ar\/info\/tenemos-que-exigirle-a-los-paises-mas-contaminantes-que-accionen\/#primaryimage"},"image":{"@id":"https:\/\/patagoniambiental.com.ar\/info\/tenemos-que-exigirle-a-los-paises-mas-contaminantes-que-accionen\/#primaryimage"},"thumbnailUrl":"https:\/\/patagoniambiental.com.ar\/info\/wp-content\/uploads\/2021\/09\/whatsapp-image-2021-09-24-at-18.20.58.jpeg","datePublished":"2021-09-24T22:29:29+00:00","dateModified":"2021-09-24T22:29:31+00:00","breadcrumb":{"@id":"https:\/\/patagoniambiental.com.ar\/info\/tenemos-que-exigirle-a-los-paises-mas-contaminantes-que-accionen\/#breadcrumb"},"inLanguage":"es","potentialAction":[{"@type":"ReadAction","target":["https:\/\/patagoniambiental.com.ar\/info\/tenemos-que-exigirle-a-los-paises-mas-contaminantes-que-accionen\/"]}]},{"@type":"ImageObject","inLanguage":"es","@id":"https:\/\/patagoniambiental.com.ar\/info\/tenemos-que-exigirle-a-los-paises-mas-contaminantes-que-accionen\/#primaryimage","url":"https:\/\/patagoniambiental.com.ar\/info\/wp-content\/uploads\/2021\/09\/whatsapp-image-2021-09-24-at-18.20.58.jpeg","contentUrl":"https:\/\/patagoniambiental.com.ar\/info\/wp-content\/uploads\/2021\/09\/whatsapp-image-2021-09-24-at-18.20.58.jpeg","width":600,"height":400},{"@type":"BreadcrumbList","@id":"https:\/\/patagoniambiental.com.ar\/info\/tenemos-que-exigirle-a-los-paises-mas-contaminantes-que-accionen\/#breadcrumb","itemListElement":[{"@type":"ListItem","position":1,"name":"Inicio","item":"https:\/\/patagoniambiental.com.ar\/info\/"},{"@type":"ListItem","position":2,"name":"\u00abTenemos que exigirle a los pa\u00edses m\u00e1s contaminantes que accionen\u00bb"}]},{"@type":"WebSite","@id":"https:\/\/patagoniambiental.com.ar\/info\/#website","url":"https:\/\/patagoniambiental.com.ar\/info\/","name":"Patagonia Ambiental","description":"Monitoreo y an\u00e1lisis de la situaci\u00f3n geopol\u00edtica en el mundo y su implicancia en la Patagonia","publisher":{"@id":"https:\/\/patagoniambiental.com.ar\/info\/#organization"},"potentialAction":[{"@type":"SearchAction","target":{"@type":"EntryPoint","urlTemplate":"https:\/\/patagoniambiental.com.ar\/info\/?s={search_term_string}"},"query-input":{"@type":"PropertyValueSpecification","valueRequired":true,"valueName":"search_term_string"}}],"inLanguage":"es"},{"@type":"Organization","@id":"https:\/\/patagoniambiental.com.ar\/info\/#organization","name":"Patagonia Ambiental","url":"https:\/\/patagoniambiental.com.ar\/info\/","logo":{"@type":"ImageObject","inLanguage":"es","@id":"https:\/\/patagoniambiental.com.ar\/info\/#\/schema\/logo\/image\/","url":"https:\/\/patagoniambiental.com.ar\/info\/wp-content\/uploads\/2025\/05\/LOGO-PATAGONIA-AMBIENTAL.png","contentUrl":"https:\/\/patagoniambiental.com.ar\/info\/wp-content\/uploads\/2025\/05\/LOGO-PATAGONIA-AMBIENTAL.png","width":433,"height":250,"caption":"Patagonia Ambiental"},"image":{"@id":"https:\/\/patagoniambiental.com.ar\/info\/#\/schema\/logo\/image\/"},"sameAs":["https:\/\/www.facebook.com\/patagonia.ambiental","https:\/\/x.com\/PatAmb"]},{"@type":"Person","@id":"https:\/\/patagoniambiental.com.ar\/info\/#\/schema\/person\/e5af09d700b2e82cb10c6b8800e0c691","name":"BRAIAN ESTEVEZ","sameAs":["http:\/\/www.patagoniambiental.com.ar"]}]}},"_links":{"self":[{"href":"https:\/\/patagoniambiental.com.ar\/info\/wp-json\/wp\/v2\/posts\/74214","targetHints":{"allow":["GET"]}}],"collection":[{"href":"https:\/\/patagoniambiental.com.ar\/info\/wp-json\/wp\/v2\/posts"}],"about":[{"href":"https:\/\/patagoniambiental.com.ar\/info\/wp-json\/wp\/v2\/types\/post"}],"author":[{"embeddable":true,"href":"https:\/\/patagoniambiental.com.ar\/info\/wp-json\/wp\/v2\/users\/6"}],"replies":[{"embeddable":true,"href":"https:\/\/patagoniambiental.com.ar\/info\/wp-json\/wp\/v2\/comments?post=74214"}],"version-history":[{"count":0,"href":"https:\/\/patagoniambiental.com.ar\/info\/wp-json\/wp\/v2\/posts\/74214\/revisions"}],"wp:featuredmedia":[{"embeddable":true,"href":"https:\/\/patagoniambiental.com.ar\/info\/wp-json\/wp\/v2\/media\/74215"}],"wp:attachment":[{"href":"https:\/\/patagoniambiental.com.ar\/info\/wp-json\/wp\/v2\/media?parent=74214"}],"wp:term":[{"taxonomy":"category","embeddable":true,"href":"https:\/\/patagoniambiental.com.ar\/info\/wp-json\/wp\/v2\/categories?post=74214"},{"taxonomy":"post_tag","embeddable":true,"href":"https:\/\/patagoniambiental.com.ar\/info\/wp-json\/wp\/v2\/tags?post=74214"}],"curies":[{"name":"wp","href":"https:\/\/api.w.org\/{rel}","templated":true}]}}