{"id":74245,"date":"2021-09-29T20:24:39","date_gmt":"2021-09-29T23:24:39","guid":{"rendered":"http:\/\/patagoniambiental.com.ar\/info\/?p=74245"},"modified":"2021-09-29T20:24:42","modified_gmt":"2021-09-29T23:24:42","slug":"rechazo-al-comanejo-del-pn-nahuel-huapi-por-parte-del-grupo-autodenominado-lafken-winkul-mapu","status":"publish","type":"post","link":"https:\/\/patagoniambiental.com.ar\/info\/rechazo-al-comanejo-del-pn-nahuel-huapi-por-parte-del-grupo-autodenominado-lafken-winkul-mapu\/","title":{"rendered":"Rechazo al comanejo del PN Nahuel Huapi por parte del grupo autodenominado Lafken Winkul Mapu"},"content":{"rendered":"\n<!--more-->\n\n\n\n<p>El legislador rionegrino Juan martin (JxC) expreso su rechazo  a la propuesta de comanejo del Parque Nacional Nahuel Huapi con el grupo delictivo autodenominado Lof Lafken Winkul Mapu, hecha p\u00fablica por el ministro de Ambiente y Desarrollo de la Naci\u00f3n, Juan Cabandi\u00e9.<\/p>\n\n\n\n<p>Desde hace varios a\u00f1os, en la zona de Villa Mascardi opera un grupo autodenominado Lof Lafken Winkul Mapu que bajo una supuesta reivindicaci\u00f3n de derechos ancestrales usurpa tierras p\u00fablicas y privadas, adem\u00e1s de desarrollar una actividad delictiva que incluye el corte de rutas nacionales, da\u00f1os sobre la propiedad, amenazas y lesiones a vecinos.<\/p>\n\n\n\n<p>Pese a que dicho grupo se autodefine perteneciente a la etnia mapuche, no existe constancia alguna de su existencia comunitaria en el Registro Nacional de Comunidades Ind\u00edgenas que lleva el Instituto Nacional de Asuntos Ind\u00edgenas (INAI), no obstante el procrastinado relevamiento dispuesto por la ley 26160. De esta manera, sus pretensiones territoriales no se encuadran en el marco legal vigente y constituyen una clara actitud delictiva.<\/p>\n\n\n\n<p>M\u00e1s a\u00fan, en diversas declaraciones p\u00fablicas dicho grupo manifest\u00f3 desconocer la autoridad del Estado Argentino e incluso algunos de sus integrantes llegaron a increpar p\u00fablicamente a la gobernadora de R\u00edo Negro, Arabela Carreras, expres\u00e1ndole dicha actitud.<\/p>\n\n\n\n<p>Pese a ello, desde el Gobierno Nacional se insiste en darle entidad a la Lof Lafken Winkul Mapu, provey\u00e9ndole apoyo log\u00edstico a trav\u00e9s del INAI \u2013como qued\u00f3 constatado en una causa que deriv\u00f3 en el procesamiento del vicepresidente del organismo, Luis Pilquiman, quien utiliz\u00f3 un veh\u00edculo oficial para trasladar personas a las usurpaciones de Villa Mascardi, desistiendo de querellarla por la ocupaci\u00f3n de terrenos pertenecientes al Parque Nacional Nahuel Huapi, o convoc\u00e1ndola a pretendidas mesas de di\u00e1logo viciadas de parcialidad, colocando a la soberan\u00eda del Estado Nacional en una posici\u00f3n anodina e irrelevante que puede interpretarse como claudicar frente a actos cuasi sediciosos.<\/p>\n\n\n\n<p>El 24 de septiembre de 2021 el ministro de Ambiente y Desarrollo de la Naci\u00f3n, Juan Cabandi\u00e9, volvi\u00f3 a poner de manifiesto la actitud displicente del Gobierno Nacional. En declaraciones formuladas en Bariloche anunci\u00f3 que la estrategia de Parques Nacionales al retirarse de la querella por la&nbsp;usurpaci\u00f3n de tierras en Villa Mascardi, es generar un comanejo con la Lof Lafken Winkul Mapu.<\/p>\n\n\n\n<p>\u201cParques no renuncia (a las tierras), Parques lo que hace es introducirse en el di\u00e1logo y hacer tareas de comanejo\u201d, afirm\u00f3 Cabandi\u00e9 y remarc\u00f3 que los parques Nahuel Huapi y Lan\u00edn tiene amplia experiencia en la regi\u00f3n en tareas de comanejo con comunidades mapuches. Casualmente&nbsp;en la zona de Mascardi&nbsp;hay comanejo con la comunidad Wiritray,&nbsp;que intenta ser querellante en la causa penal&nbsp;que se tramita en el Juzgado Federal de Bariloche, patrocinada por el abogado Ernesto Saavedra.<\/p>\n\n\n\n<p>El ministro remarc\u00f3 que el objetivo es avanzar en esta instancia de di\u00e1logo para incluir a la comunidad Lafken Winkul Mapu en \u201cla gesti\u00f3n de comanejo\u201d.<\/p>\n\n\n\n<p>Seg\u00fan define el parque Nahuel Haupi,&nbsp;el comanejo \u201cimplica compartir responsabilidades de administraci\u00f3n, manejo y control de un territorio o&nbsp;recurso buscando integrar todas las formas de conocimiento, respetando la diversidad cultural y promoviendo el desarrollo de pr\u00e1cticas sustentables\u201d.<\/p>\n\n\n\n<p>Las intenciones expresadas por Cabandi\u00e9 resultan inaceptables en tanto pone en pie de igualdad a comunidades debidamente reconocidas que gestionan sus reclamos por las v\u00edas legales con un grupo que opt\u00f3 por la v\u00eda de la ilegalidad. Peor todav\u00eda, propone una asociaci\u00f3n entre el Estado y una banda de delincuentes.<\/p>\n\n\n\n<p>A trav\u00e9s de diversos proyectos \u00e9sta Legislatura expres\u00f3 su posici\u00f3n de desagrado por las acciones y omisiones del Gobierno Nacional respecto a Villa Mascardi. Las declaraciones del ministro Cabandi\u00e9 obligan a ratificar esta postura de la representaci\u00f3n constitucional del pueblo rionegrino, que no acepta sociedades del Estado con delincuentes y busca vivir en paz a trav\u00e9s del imperio de la ley y el orden.<\/p>\n\n\n\n<p>Cabe entonces manifestar el rechazo frente a la intenci\u00f3n de establecer un esquema de comanejo de un Parque Nacional situado en territorio de la provincia que incorpore a quienes optaron por vivir al margen de la ley.<\/p>\n\n\n\n<p>En virtud de lo expuesto, solicito a mis pares su acompa\u00f1amiento al presente proyecto.<\/p>\n\n\n\n<p>Por ello:<\/p>\n\n\n\n<p><strong>Autor:<\/strong> Juan Martin<\/p>\n\n\n\n<p><strong>LA LEGISLATURA DE LA PROVINCIA DE R\u00cdO NEGRO<\/strong><\/p>\n\n\n\n<p><strong>D E C L A R A<\/strong><\/p>\n\n\n\n<p><\/p>\n\n\n\n<p><\/p>\n","protected":false},"excerpt":{"rendered":"","protected":false},"author":6,"featured_media":74246,"comment_status":"open","ping_status":"open","sticky":false,"template":"","format":"standard","meta":{"site-sidebar-layout":"default","site-content-layout":"","ast-site-content-layout":"default","site-content-style":"default","site-sidebar-style":"default","ast-global-header-display":"","ast-banner-title-visibility":"","ast-main-header-display":"","ast-hfb-above-header-display":"","ast-hfb-below-header-display":"","ast-hfb-mobile-header-display":"","site-post-title":"","ast-breadcrumbs-content":"","ast-featured-img":"","footer-sml-layout":"","ast-disable-related-posts":"","theme-transparent-header-meta":"","adv-header-id-meta":"","stick-header-meta":"","header-above-stick-meta":"","header-main-stick-meta":"","header-below-stick-meta":"","astra-migrate-meta-layouts":"default","ast-page-background-enabled":"default","ast-page-background-meta":{"desktop":{"background-color":"var(--ast-global-color-5)","background-image":"","background-repeat":"repeat","background-position":"center center","background-size":"auto","background-attachment":"scroll","background-type":"","background-media":"","overlay-type":"","overlay-color":"","overlay-opacity":"","overlay-gradient":""},"tablet":{"background-color":"","background-image":"","background-repeat":"repeat","background-position":"center center","background-size":"auto","background-attachment":"scroll","background-type":"","background-media":"","overlay-type":"","overlay-color":"","overlay-opacity":"","overlay-gradient":""},"mobile":{"background-color":"","background-image":"","background-repeat":"repeat","background-position":"center center","background-size":"auto","background-attachment":"scroll","background-type":"","background-media":"","overlay-type":"","overlay-color":"","overlay-opacity":"","overlay-gradient":""}},"ast-content-background-meta":{"desktop":{"background-color":"var(--ast-global-color-4)","background-image":"","background-repeat":"repeat","background-position":"center center","background-size":"auto","background-attachment":"scroll","background-type":"","background-media":"","overlay-type":"","overlay-color":"","overlay-opacity":"","overlay-gradient":""},"tablet":{"background-color":"var(--ast-global-color-4)","background-image":"","background-repeat":"repeat","background-position":"center center","background-size":"auto","background-attachment":"scroll","background-type":"","background-media":"","overlay-type":"","overlay-color":"","overlay-opacity":"","overlay-gradient":""},"mobile":{"background-color":"var(--ast-global-color-4)","background-image":"","background-repeat":"repeat","background-position":"center center","background-size":"auto","background-attachment":"scroll","background-type":"","background-media":"","overlay-type":"","overlay-color":"","overlay-opacity":"","overlay-gradient":""}},"footnotes":""},"categories":[1],"tags":[],"class_list":["post-74245","post","type-post","status-publish","format-standard","has-post-thumbnail","hentry","category-noticias"],"yoast_head":"<!-- This site is optimized with the Yoast SEO Premium plugin v23.0 (Yoast SEO v27.5) - https:\/\/yoast.com\/product\/yoast-seo-premium-wordpress\/ -->\n<title>Rechazo al comanejo del PN Nahuel Huapi por parte del grupo autodenominado Lafken Winkul Mapu<\/title>\n<meta name=\"robots\" content=\"index, follow, max-snippet:-1, max-image-preview:large, max-video-preview:-1\" \/>\n<link rel=\"canonical\" href=\"https:\/\/patagoniambiental.com.ar\/info\/rechazo-al-comanejo-del-pn-nahuel-huapi-por-parte-del-grupo-autodenominado-lafken-winkul-mapu\/\" \/>\n<meta property=\"og:locale\" content=\"es_ES\" \/>\n<meta property=\"og:type\" content=\"article\" \/>\n<meta property=\"og:title\" content=\"Rechazo al comanejo del PN Nahuel Huapi por parte del grupo autodenominado Lafken Winkul Mapu\" \/>\n<meta property=\"og:url\" content=\"https:\/\/patagoniambiental.com.ar\/info\/rechazo-al-comanejo-del-pn-nahuel-huapi-por-parte-del-grupo-autodenominado-lafken-winkul-mapu\/\" \/>\n<meta property=\"og:site_name\" content=\"Patagonia Ambiental\" \/>\n<meta property=\"article:publisher\" content=\"https:\/\/www.facebook.com\/patagonia.ambiental\" \/>\n<meta property=\"article:published_time\" content=\"2021-09-29T23:24:39+00:00\" \/>\n<meta property=\"article:modified_time\" content=\"2021-09-29T23:24:42+00:00\" \/>\n<meta property=\"og:image\" content=\"https:\/\/patagoniambiental.com.ar\/info\/wp-content\/uploads\/2021\/09\/descarga.jpg\" \/>\n\t<meta property=\"og:image:width\" content=\"259\" \/>\n\t<meta property=\"og:image:height\" content=\"194\" \/>\n\t<meta property=\"og:image:type\" content=\"image\/jpeg\" \/>\n<meta name=\"author\" content=\"BRAIAN ESTEVEZ\" \/>\n<meta name=\"twitter:card\" content=\"summary_large_image\" \/>\n<meta name=\"twitter:creator\" content=\"@PatAmb\" \/>\n<meta name=\"twitter:site\" content=\"@PatAmb\" \/>\n<script type=\"application\/ld+json\" class=\"yoast-schema-graph\">{\"@context\":\"https:\\\/\\\/schema.org\",\"@graph\":[{\"@type\":\"Article\",\"@id\":\"https:\\\/\\\/patagoniambiental.com.ar\\\/info\\\/rechazo-al-comanejo-del-pn-nahuel-huapi-por-parte-del-grupo-autodenominado-lafken-winkul-mapu\\\/#article\",\"isPartOf\":{\"@id\":\"https:\\\/\\\/patagoniambiental.com.ar\\\/info\\\/rechazo-al-comanejo-del-pn-nahuel-huapi-por-parte-del-grupo-autodenominado-lafken-winkul-mapu\\\/\"},\"author\":{\"name\":\"BRAIAN ESTEVEZ\",\"@id\":\"https:\\\/\\\/patagoniambiental.com.ar\\\/info\\\/#\\\/schema\\\/person\\\/e5af09d700b2e82cb10c6b8800e0c691\"},\"headline\":\"Rechazo al comanejo del PN Nahuel Huapi por parte del grupo autodenominado Lafken Winkul Mapu\",\"datePublished\":\"2021-09-29T23:24:39+00:00\",\"dateModified\":\"2021-09-29T23:24:42+00:00\",\"mainEntityOfPage\":{\"@id\":\"https:\\\/\\\/patagoniambiental.com.ar\\\/info\\\/rechazo-al-comanejo-del-pn-nahuel-huapi-por-parte-del-grupo-autodenominado-lafken-winkul-mapu\\\/\"},\"wordCount\":756,\"commentCount\":0,\"publisher\":{\"@id\":\"https:\\\/\\\/patagoniambiental.com.ar\\\/info\\\/#organization\"},\"image\":{\"@id\":\"https:\\\/\\\/patagoniambiental.com.ar\\\/info\\\/rechazo-al-comanejo-del-pn-nahuel-huapi-por-parte-del-grupo-autodenominado-lafken-winkul-mapu\\\/#primaryimage\"},\"thumbnailUrl\":\"https:\\\/\\\/patagoniambiental.com.ar\\\/info\\\/wp-content\\\/uploads\\\/2021\\\/09\\\/descarga.jpg\",\"articleSection\":[\"Noticias\"],\"inLanguage\":\"es\",\"potentialAction\":[{\"@type\":\"CommentAction\",\"name\":\"Comment\",\"target\":[\"https:\\\/\\\/patagoniambiental.com.ar\\\/info\\\/rechazo-al-comanejo-del-pn-nahuel-huapi-por-parte-del-grupo-autodenominado-lafken-winkul-mapu\\\/#respond\"]}]},{\"@type\":\"WebPage\",\"@id\":\"https:\\\/\\\/patagoniambiental.com.ar\\\/info\\\/rechazo-al-comanejo-del-pn-nahuel-huapi-por-parte-del-grupo-autodenominado-lafken-winkul-mapu\\\/\",\"url\":\"https:\\\/\\\/patagoniambiental.com.ar\\\/info\\\/rechazo-al-comanejo-del-pn-nahuel-huapi-por-parte-del-grupo-autodenominado-lafken-winkul-mapu\\\/\",\"name\":\"Rechazo al comanejo del PN Nahuel Huapi por parte del grupo autodenominado Lafken Winkul Mapu\",\"isPartOf\":{\"@id\":\"https:\\\/\\\/patagoniambiental.com.ar\\\/info\\\/#website\"},\"primaryImageOfPage\":{\"@id\":\"https:\\\/\\\/patagoniambiental.com.ar\\\/info\\\/rechazo-al-comanejo-del-pn-nahuel-huapi-por-parte-del-grupo-autodenominado-lafken-winkul-mapu\\\/#primaryimage\"},\"image\":{\"@id\":\"https:\\\/\\\/patagoniambiental.com.ar\\\/info\\\/rechazo-al-comanejo-del-pn-nahuel-huapi-por-parte-del-grupo-autodenominado-lafken-winkul-mapu\\\/#primaryimage\"},\"thumbnailUrl\":\"https:\\\/\\\/patagoniambiental.com.ar\\\/info\\\/wp-content\\\/uploads\\\/2021\\\/09\\\/descarga.jpg\",\"datePublished\":\"2021-09-29T23:24:39+00:00\",\"dateModified\":\"2021-09-29T23:24:42+00:00\",\"breadcrumb\":{\"@id\":\"https:\\\/\\\/patagoniambiental.com.ar\\\/info\\\/rechazo-al-comanejo-del-pn-nahuel-huapi-por-parte-del-grupo-autodenominado-lafken-winkul-mapu\\\/#breadcrumb\"},\"inLanguage\":\"es\",\"potentialAction\":[{\"@type\":\"ReadAction\",\"target\":[\"https:\\\/\\\/patagoniambiental.com.ar\\\/info\\\/rechazo-al-comanejo-del-pn-nahuel-huapi-por-parte-del-grupo-autodenominado-lafken-winkul-mapu\\\/\"]}]},{\"@type\":\"ImageObject\",\"inLanguage\":\"es\",\"@id\":\"https:\\\/\\\/patagoniambiental.com.ar\\\/info\\\/rechazo-al-comanejo-del-pn-nahuel-huapi-por-parte-del-grupo-autodenominado-lafken-winkul-mapu\\\/#primaryimage\",\"url\":\"https:\\\/\\\/patagoniambiental.com.ar\\\/info\\\/wp-content\\\/uploads\\\/2021\\\/09\\\/descarga.jpg\",\"contentUrl\":\"https:\\\/\\\/patagoniambiental.com.ar\\\/info\\\/wp-content\\\/uploads\\\/2021\\\/09\\\/descarga.jpg\",\"width\":259,\"height\":194},{\"@type\":\"BreadcrumbList\",\"@id\":\"https:\\\/\\\/patagoniambiental.com.ar\\\/info\\\/rechazo-al-comanejo-del-pn-nahuel-huapi-por-parte-del-grupo-autodenominado-lafken-winkul-mapu\\\/#breadcrumb\",\"itemListElement\":[{\"@type\":\"ListItem\",\"position\":1,\"name\":\"Inicio\",\"item\":\"https:\\\/\\\/patagoniambiental.com.ar\\\/info\\\/\"},{\"@type\":\"ListItem\",\"position\":2,\"name\":\"Rechazo al comanejo del PN Nahuel Huapi por parte del grupo autodenominado Lafken Winkul Mapu\"}]},{\"@type\":\"WebSite\",\"@id\":\"https:\\\/\\\/patagoniambiental.com.ar\\\/info\\\/#website\",\"url\":\"https:\\\/\\\/patagoniambiental.com.ar\\\/info\\\/\",\"name\":\"Patagonia Ambiental\",\"description\":\"Monitoreo y an\u00e1lisis de la situaci\u00f3n geopol\u00edtica en el mundo y su implicancia en la Patagonia\",\"publisher\":{\"@id\":\"https:\\\/\\\/patagoniambiental.com.ar\\\/info\\\/#organization\"},\"potentialAction\":[{\"@type\":\"SearchAction\",\"target\":{\"@type\":\"EntryPoint\",\"urlTemplate\":\"https:\\\/\\\/patagoniambiental.com.ar\\\/info\\\/?s={search_term_string}\"},\"query-input\":{\"@type\":\"PropertyValueSpecification\",\"valueRequired\":true,\"valueName\":\"search_term_string\"}}],\"inLanguage\":\"es\"},{\"@type\":\"Organization\",\"@id\":\"https:\\\/\\\/patagoniambiental.com.ar\\\/info\\\/#organization\",\"name\":\"Patagonia Ambiental\",\"url\":\"https:\\\/\\\/patagoniambiental.com.ar\\\/info\\\/\",\"logo\":{\"@type\":\"ImageObject\",\"inLanguage\":\"es\",\"@id\":\"https:\\\/\\\/patagoniambiental.com.ar\\\/info\\\/#\\\/schema\\\/logo\\\/image\\\/\",\"url\":\"https:\\\/\\\/patagoniambiental.com.ar\\\/info\\\/wp-content\\\/uploads\\\/2025\\\/05\\\/LOGO-PATAGONIA-AMBIENTAL.png\",\"contentUrl\":\"https:\\\/\\\/patagoniambiental.com.ar\\\/info\\\/wp-content\\\/uploads\\\/2025\\\/05\\\/LOGO-PATAGONIA-AMBIENTAL.png\",\"width\":433,\"height\":250,\"caption\":\"Patagonia Ambiental\"},\"image\":{\"@id\":\"https:\\\/\\\/patagoniambiental.com.ar\\\/info\\\/#\\\/schema\\\/logo\\\/image\\\/\"},\"sameAs\":[\"https:\\\/\\\/www.facebook.com\\\/patagonia.ambiental\",\"https:\\\/\\\/x.com\\\/PatAmb\"]},{\"@type\":\"Person\",\"@id\":\"https:\\\/\\\/patagoniambiental.com.ar\\\/info\\\/#\\\/schema\\\/person\\\/e5af09d700b2e82cb10c6b8800e0c691\",\"name\":\"BRAIAN ESTEVEZ\",\"sameAs\":[\"http:\\\/\\\/www.patagoniambiental.com.ar\"]}]}<\/script>\n<!-- \/ Yoast SEO Premium plugin. -->","yoast_head_json":{"title":"Rechazo al comanejo del PN Nahuel Huapi por parte del grupo autodenominado Lafken Winkul Mapu","robots":{"index":"index","follow":"follow","max-snippet":"max-snippet:-1","max-image-preview":"max-image-preview:large","max-video-preview":"max-video-preview:-1"},"canonical":"https:\/\/patagoniambiental.com.ar\/info\/rechazo-al-comanejo-del-pn-nahuel-huapi-por-parte-del-grupo-autodenominado-lafken-winkul-mapu\/","og_locale":"es_ES","og_type":"article","og_title":"Rechazo al comanejo del PN Nahuel Huapi por parte del grupo autodenominado Lafken Winkul Mapu","og_url":"https:\/\/patagoniambiental.com.ar\/info\/rechazo-al-comanejo-del-pn-nahuel-huapi-por-parte-del-grupo-autodenominado-lafken-winkul-mapu\/","og_site_name":"Patagonia Ambiental","article_publisher":"https:\/\/www.facebook.com\/patagonia.ambiental","article_published_time":"2021-09-29T23:24:39+00:00","article_modified_time":"2021-09-29T23:24:42+00:00","og_image":[{"width":259,"height":194,"url":"https:\/\/patagoniambiental.com.ar\/info\/wp-content\/uploads\/2021\/09\/descarga.jpg","type":"image\/jpeg"}],"author":"BRAIAN ESTEVEZ","twitter_card":"summary_large_image","twitter_creator":"@PatAmb","twitter_site":"@PatAmb","schema":{"@context":"https:\/\/schema.org","@graph":[{"@type":"Article","@id":"https:\/\/patagoniambiental.com.ar\/info\/rechazo-al-comanejo-del-pn-nahuel-huapi-por-parte-del-grupo-autodenominado-lafken-winkul-mapu\/#article","isPartOf":{"@id":"https:\/\/patagoniambiental.com.ar\/info\/rechazo-al-comanejo-del-pn-nahuel-huapi-por-parte-del-grupo-autodenominado-lafken-winkul-mapu\/"},"author":{"name":"BRAIAN ESTEVEZ","@id":"https:\/\/patagoniambiental.com.ar\/info\/#\/schema\/person\/e5af09d700b2e82cb10c6b8800e0c691"},"headline":"Rechazo al comanejo del PN Nahuel Huapi por parte del grupo autodenominado Lafken Winkul Mapu","datePublished":"2021-09-29T23:24:39+00:00","dateModified":"2021-09-29T23:24:42+00:00","mainEntityOfPage":{"@id":"https:\/\/patagoniambiental.com.ar\/info\/rechazo-al-comanejo-del-pn-nahuel-huapi-por-parte-del-grupo-autodenominado-lafken-winkul-mapu\/"},"wordCount":756,"commentCount":0,"publisher":{"@id":"https:\/\/patagoniambiental.com.ar\/info\/#organization"},"image":{"@id":"https:\/\/patagoniambiental.com.ar\/info\/rechazo-al-comanejo-del-pn-nahuel-huapi-por-parte-del-grupo-autodenominado-lafken-winkul-mapu\/#primaryimage"},"thumbnailUrl":"https:\/\/patagoniambiental.com.ar\/info\/wp-content\/uploads\/2021\/09\/descarga.jpg","articleSection":["Noticias"],"inLanguage":"es","potentialAction":[{"@type":"CommentAction","name":"Comment","target":["https:\/\/patagoniambiental.com.ar\/info\/rechazo-al-comanejo-del-pn-nahuel-huapi-por-parte-del-grupo-autodenominado-lafken-winkul-mapu\/#respond"]}]},{"@type":"WebPage","@id":"https:\/\/patagoniambiental.com.ar\/info\/rechazo-al-comanejo-del-pn-nahuel-huapi-por-parte-del-grupo-autodenominado-lafken-winkul-mapu\/","url":"https:\/\/patagoniambiental.com.ar\/info\/rechazo-al-comanejo-del-pn-nahuel-huapi-por-parte-del-grupo-autodenominado-lafken-winkul-mapu\/","name":"Rechazo al comanejo del PN Nahuel Huapi por parte del grupo autodenominado Lafken Winkul Mapu","isPartOf":{"@id":"https:\/\/patagoniambiental.com.ar\/info\/#website"},"primaryImageOfPage":{"@id":"https:\/\/patagoniambiental.com.ar\/info\/rechazo-al-comanejo-del-pn-nahuel-huapi-por-parte-del-grupo-autodenominado-lafken-winkul-mapu\/#primaryimage"},"image":{"@id":"https:\/\/patagoniambiental.com.ar\/info\/rechazo-al-comanejo-del-pn-nahuel-huapi-por-parte-del-grupo-autodenominado-lafken-winkul-mapu\/#primaryimage"},"thumbnailUrl":"https:\/\/patagoniambiental.com.ar\/info\/wp-content\/uploads\/2021\/09\/descarga.jpg","datePublished":"2021-09-29T23:24:39+00:00","dateModified":"2021-09-29T23:24:42+00:00","breadcrumb":{"@id":"https:\/\/patagoniambiental.com.ar\/info\/rechazo-al-comanejo-del-pn-nahuel-huapi-por-parte-del-grupo-autodenominado-lafken-winkul-mapu\/#breadcrumb"},"inLanguage":"es","potentialAction":[{"@type":"ReadAction","target":["https:\/\/patagoniambiental.com.ar\/info\/rechazo-al-comanejo-del-pn-nahuel-huapi-por-parte-del-grupo-autodenominado-lafken-winkul-mapu\/"]}]},{"@type":"ImageObject","inLanguage":"es","@id":"https:\/\/patagoniambiental.com.ar\/info\/rechazo-al-comanejo-del-pn-nahuel-huapi-por-parte-del-grupo-autodenominado-lafken-winkul-mapu\/#primaryimage","url":"https:\/\/patagoniambiental.com.ar\/info\/wp-content\/uploads\/2021\/09\/descarga.jpg","contentUrl":"https:\/\/patagoniambiental.com.ar\/info\/wp-content\/uploads\/2021\/09\/descarga.jpg","width":259,"height":194},{"@type":"BreadcrumbList","@id":"https:\/\/patagoniambiental.com.ar\/info\/rechazo-al-comanejo-del-pn-nahuel-huapi-por-parte-del-grupo-autodenominado-lafken-winkul-mapu\/#breadcrumb","itemListElement":[{"@type":"ListItem","position":1,"name":"Inicio","item":"https:\/\/patagoniambiental.com.ar\/info\/"},{"@type":"ListItem","position":2,"name":"Rechazo al comanejo del PN Nahuel Huapi por parte del grupo autodenominado Lafken Winkul Mapu"}]},{"@type":"WebSite","@id":"https:\/\/patagoniambiental.com.ar\/info\/#website","url":"https:\/\/patagoniambiental.com.ar\/info\/","name":"Patagonia Ambiental","description":"Monitoreo y an\u00e1lisis de la situaci\u00f3n geopol\u00edtica en el mundo y su implicancia en la Patagonia","publisher":{"@id":"https:\/\/patagoniambiental.com.ar\/info\/#organization"},"potentialAction":[{"@type":"SearchAction","target":{"@type":"EntryPoint","urlTemplate":"https:\/\/patagoniambiental.com.ar\/info\/?s={search_term_string}"},"query-input":{"@type":"PropertyValueSpecification","valueRequired":true,"valueName":"search_term_string"}}],"inLanguage":"es"},{"@type":"Organization","@id":"https:\/\/patagoniambiental.com.ar\/info\/#organization","name":"Patagonia Ambiental","url":"https:\/\/patagoniambiental.com.ar\/info\/","logo":{"@type":"ImageObject","inLanguage":"es","@id":"https:\/\/patagoniambiental.com.ar\/info\/#\/schema\/logo\/image\/","url":"https:\/\/patagoniambiental.com.ar\/info\/wp-content\/uploads\/2025\/05\/LOGO-PATAGONIA-AMBIENTAL.png","contentUrl":"https:\/\/patagoniambiental.com.ar\/info\/wp-content\/uploads\/2025\/05\/LOGO-PATAGONIA-AMBIENTAL.png","width":433,"height":250,"caption":"Patagonia Ambiental"},"image":{"@id":"https:\/\/patagoniambiental.com.ar\/info\/#\/schema\/logo\/image\/"},"sameAs":["https:\/\/www.facebook.com\/patagonia.ambiental","https:\/\/x.com\/PatAmb"]},{"@type":"Person","@id":"https:\/\/patagoniambiental.com.ar\/info\/#\/schema\/person\/e5af09d700b2e82cb10c6b8800e0c691","name":"BRAIAN ESTEVEZ","sameAs":["http:\/\/www.patagoniambiental.com.ar"]}]}},"_links":{"self":[{"href":"https:\/\/patagoniambiental.com.ar\/info\/wp-json\/wp\/v2\/posts\/74245","targetHints":{"allow":["GET"]}}],"collection":[{"href":"https:\/\/patagoniambiental.com.ar\/info\/wp-json\/wp\/v2\/posts"}],"about":[{"href":"https:\/\/patagoniambiental.com.ar\/info\/wp-json\/wp\/v2\/types\/post"}],"author":[{"embeddable":true,"href":"https:\/\/patagoniambiental.com.ar\/info\/wp-json\/wp\/v2\/users\/6"}],"replies":[{"embeddable":true,"href":"https:\/\/patagoniambiental.com.ar\/info\/wp-json\/wp\/v2\/comments?post=74245"}],"version-history":[{"count":0,"href":"https:\/\/patagoniambiental.com.ar\/info\/wp-json\/wp\/v2\/posts\/74245\/revisions"}],"wp:featuredmedia":[{"embeddable":true,"href":"https:\/\/patagoniambiental.com.ar\/info\/wp-json\/wp\/v2\/media\/74246"}],"wp:attachment":[{"href":"https:\/\/patagoniambiental.com.ar\/info\/wp-json\/wp\/v2\/media?parent=74245"}],"wp:term":[{"taxonomy":"category","embeddable":true,"href":"https:\/\/patagoniambiental.com.ar\/info\/wp-json\/wp\/v2\/categories?post=74245"},{"taxonomy":"post_tag","embeddable":true,"href":"https:\/\/patagoniambiental.com.ar\/info\/wp-json\/wp\/v2\/tags?post=74245"}],"curies":[{"name":"wp","href":"https:\/\/api.w.org\/{rel}","templated":true}]}}