{"id":74251,"date":"2021-09-29T20:33:58","date_gmt":"2021-09-29T23:33:58","guid":{"rendered":"http:\/\/patagoniambiental.com.ar\/info\/?p=74251"},"modified":"2021-09-29T20:34:01","modified_gmt":"2021-09-29T23:34:01","slug":"el-puma-pancho-encontro-un-lugar-que-le-cambio-la-vida","status":"publish","type":"post","link":"https:\/\/patagoniambiental.com.ar\/info\/el-puma-pancho-encontro-un-lugar-que-le-cambio-la-vida\/","title":{"rendered":"El puma Pancho encontr\u00f3 un lugar que \u00able cambi\u00f3 la vida\u00bb"},"content":{"rendered":"\n<!--more-->\n\n\n\n<h2 class=\"wp-block-heading\">Pasaron tres a\u00f1os de b\u00fasqueda de un refugio que lo quisiera recibir. Una vez que fue acondicionado y autorizado su traslado, pas\u00f3 de Luan al Complejo Recreativo La Chacra de Cipolletti.<\/h2>\n\n\n\n<ul class=\"wp-block-list\"><li><\/li><li><\/li><li><\/li><li><\/li><\/ul>\n\n\n\n<figure class=\"wp-block-image\"><img decoding=\"async\" src=\"https:\/\/media.lmneuquen.com\/p\/ad12a4650af088d9da0fbcb081be48c4\/adjuntos\/195\/imagenes\/006\/841\/0006841863\/pancho-la-chacra-pumajpg.jpg\" alt=\"El puma Pancho encontr\u00f3 un lugar que le cambi\u00f3 la vida\" title=\"El puma Pancho encontr\u00f3 un lugar que le cambi\u00f3 la vida | LM Neuquen\"\/><figcaption>Gentileza Complejo Recreativo La Chacra<\/figcaption><\/figure>\n\n\n\n<p>Despu\u00e9s de tres a\u00f1os de b\u00fasqueda en todo el pa\u00eds, finalmente el&nbsp;<strong><a href=\"https:\/\/www.lmneuquen.com\/puma-a6336\">puma<\/a>&nbsp;<a href=\"https:\/\/www.lmneuquen.com\/pancho-a22937\">Pancho<\/a><\/strong>&nbsp;encontr\u00f3 el lugar donde podr\u00e1 pasar sus \u00faltimos a\u00f1os de vida. Permaneci\u00f3 13 de sus 16 a\u00f1os con la familia Zupanovich en el refugio Luan, que cerr\u00f3 tras la muerte de uno de los propietarios. Desde hace un poco m\u00e1s de dos semanas lo recibi\u00f3 la familia Akerbladh del&nbsp;<strong>Complejo Recreativo<\/strong>&nbsp;<strong><a href=\"https:\/\/www.lmneuquen.com\/la-chacra-a7074\">La Chacra<\/a><\/strong>&nbsp;de Cipolletti.about:blank<\/p>\n\n\n\n<p>\u201cLos tres a\u00f1os de laburo fueron para encontrar un lugar, que no estuvimos s\u00f3lo nosotros, intervinieron un mont\u00f3n de personas y organizaciones que estuvieron intentando hacerlo hasta que pudimos conseguirlo\u201d, aclar\u00f3 el veterinario y tesorero del Colegio M\u00e9dico Veterinario de la Provincia de Neuqu\u00e9n, Santiago Akrich, a&nbsp;<strong>LM Neuqu\u00e9n<\/strong>.<\/p>\n\n\n\n<p>Te puede interesar&#8230;<\/p>\n\n\n\n<figure class=\"wp-block-image\"><a href=\"https:\/\/www.lmneuquen.com\/el-adios-la-voz-la-manana-lu5-luego-35-anos-n847206\"><img decoding=\"async\" src=\"https:\/\/media.lmneuquen.com\/p\/2d3b80591f75f07d53f4967910e5664f\/adjuntos\/195\/imagenes\/006\/837\/0006837299\/pancho-casado-lu511jpg.jpg\" alt=\"el adios de la voz de la manana de lu5 luego de 35 anos\" title=\"el adios de la voz de la manana de lu5 luego de 35 anos\"\/><\/a><\/figure>\n\n\n\n<p><a href=\"https:\/\/www.lmneuquen.com\/el-adios-la-voz-la-manana-lu5-luego-35-anos-n847206\">El adi\u00f3s de la voz de la ma\u00f1ana de LU5 luego de 35 a\u00f1os<\/a><\/p>\n\n\n\n<figure class=\"wp-block-image\"><a href=\"https:\/\/www.lmneuquen.com\/el-gigante-del-este-ya-tiene-su-rampa-mejorar-el-acceso-los-deportes-y-la-vacunacion-n848010\"><img decoding=\"async\" src=\"https:\/\/media.lmneuquen.com\/p\/1f819758a4924d196671dafed798b6de\/adjuntos\/195\/imagenes\/006\/847\/0006847472\/gigante-del-este-rampajpg.jpg\" alt=\"el gigante del este ya tiene su rampa para mejorar el acceso\" title=\"el gigante del este ya tiene su rampa para mejorar el acceso\"\/><\/a><\/figure>\n\n\n\n<p><a href=\"https:\/\/www.lmneuquen.com\/el-gigante-del-este-ya-tiene-su-rampa-mejorar-el-acceso-los-deportes-y-la-vacunacion-n848010\">El Gigante del Este ya tiene su rampa para mejorar el acceso<\/a><\/p>\n\n\n\n<p>Record\u00f3 que desde hace tiempo el municipio capitalino comenz\u00f3 a hacer las gestiones para desarmar el refugio Luan, incluso estando Esteban en vida. Cuando en febrero de 2020 falleci\u00f3 Esteban Zupanovich, su mujer Marta opt\u00f3 por cerrar el refugio y comenzaron los traslados de los animales.<\/p>\n\n\n\n<figure class=\"wp-block-image\"><img decoding=\"async\" src=\"https:\/\/media.lmneuquen.com\/p\/275dabbd1f6cb4f5440ef675a8433934\/adjuntos\/195\/imagenes\/006\/842\/0006842165\/pancho-la-chacra-puma-3jpg.jpg?0000-00-00-00-00-00\" alt=\"\"\/><\/figure>\n\n\n\n<p>Gentileza Complejo Recreativo La Chacra<\/p>\n\n\n\n<p>Algunos ejemplares fueron a Bubalc\u00f3, otros a reservas en C\u00f3rdoba y los animales de granja fueron distribuidos en chacras de la zona. Se ubicaron todos los animales y qued\u00f3 Pancho. \u201cPor la situaci\u00f3n del puma en Argentina, que en muchas provincias est\u00e1 autorizada la caza, en otras est\u00e1 considerado una plaga o una molestia, no hab\u00eda un lugar donde ubicarlo. Los zool\u00f3gicos tienen y no les interesaba tener otro m\u00e1s a quien alimentar\u201d, explic\u00f3.<\/p>\n\n\n\n<p>El veterinario dijo que se empez\u00f3 a buscar un lugar para Pancho con la Fiscal\u00eda Ambiental de Neuqu\u00e9n; con la Asociaci\u00f3n de Funcionarios y Abogados por los Derechos de los Animales (AFADA); y con Fauna de la provincia. Dijo que nadie lo aceptaba y que Neuqu\u00e9n no cuenta con un lugar, que es lo que se intenta organizar, para no depender de otras jurisdicciones.<\/p>\n\n\n\n<p>\u201c<strong>El problema fue que aceptaran al animal,<\/strong>&nbsp;se habl\u00f3 incluso de ubicarlo en Uruguay, pero era una complicaci\u00f3n, sumado a la cuarentena. El Colegio M\u00e9dico de Veterinario tuvo una reuni\u00f3n con Fauna de R\u00edo Negro y lo terminaron aceptando\u201d, aclar\u00f3.<\/p>\n\n\n\n<p>Una vez que \u00e9l, como integrante del Colegio, termin\u00f3 de poner en condiciones la jaula del Complejo Recreativo La Chacra, contaron con las gu\u00edas de tr\u00e1nsito para pasarlo de una jurisdicci\u00f3n a otra. Desde Fauna Naci\u00f3n indicaron que requer\u00eda su autorizaci\u00f3n, firma que retras\u00f3 solo dos semanas el traslado.<\/p>\n\n\n\n<p><strong>Traslado<\/strong><\/p>\n\n\n\n<p>Akrich cont\u00f3 que dise\u00f1aron una jaula trampa, que se coloc\u00f3 en el refugio. El animal se met\u00eda en una similar cuando entraban a limpiar el lugar. Dijo que, con paciencia, se esper\u00f3 a que el animal se metiera, se cerr\u00f3 la jaula y se lo sed\u00f3 para que est\u00e9 tranquilo durante el traslado a Cipolletti. Sin embargo, por una cuesti\u00f3n de edad, no se lo pod\u00eda anestesiar completamente.<\/p>\n\n\n\n<p>\u201c<strong>Marta qued\u00f3 triste y tranquila porque sabe que estar\u00e1 en un lugar mejor<\/strong>. Est\u00e1 liberada de estar a cargo durante tantos a\u00f1os de tantos animales. La gente que lo recibi\u00f3 es como Marta y Esteban, movilizada por el amor por los animales\u201d, agreg\u00f3.<\/p>\n\n\n\n<p>El veterinario, quien lo visita todos los fines de semana, lo encontr\u00f3 en una jaula que es m\u00e1s amplia y que est\u00e1 en un lugar m\u00e1s visible. \u201cEst\u00e1 atento con el medio, ve los animales a su alrededor, es otra vida. En Luan hab\u00eda quedado solo en una esquina que ten\u00eda vista al frente, pero ya no hab\u00eda movimiento porque no hab\u00eda m\u00e1s animales.&nbsp;<strong>Ahora se lo ve distinto, mucho m\u00e1s feliz, le cambi\u00f3 la vida,&nbsp;<\/strong>lo que le quede de vida\u201d, observ\u00f3.<\/p>\n\n\n\n<figure class=\"wp-block-image\"><img decoding=\"async\" src=\"https:\/\/media.lmneuquen.com\/p\/306ba81d463916d4b827acb77fe4e874\/adjuntos\/195\/imagenes\/006\/842\/0006842151\/pancho-la-chacra-puma-2jpg.jpg?0000-00-00-00-00-00\" alt=\"\"\/><\/figure>\n\n\n\n<p>Gentileza Complejo Recreativo La Chacrahttps:\/\/www.facebook.com\/plugins\/post.php?href=https%3A%2F%2Fwww.facebook.com%2FLaChacraCR%2Fposts%2F10157902316476396&amp;show_text=true&amp;width=500<\/p>\n\n\n\n<p><strong>Destino en La Chacra<\/strong><\/p>\n\n\n\n<p>El Complejo Recreativo La Chacra de Cipolletti recibi\u00f3 al puma con los brazos abiertos. \u201cPancho se adapt\u00f3 re bien. Estuvo los primeros d\u00edas expectante, no sali\u00f3 mucho. Ahora recorre toda la jaula. Se pone panza arriba para tomar sol. Para nosotros es una felicidad que est\u00e9 Pancho ac\u00e1 porque est\u00e1 muy bien\u201d, sostuvo Heather Akerbladh, propietaria del Complejo Recreativo La Chacra y guardafauna ad honoren de la provincia de R\u00edo Negro.<\/p>\n\n\n\n<p>Cont\u00f3 que parte de la adaptaci\u00f3n de Pancho es porque encuentra muchos sonidos de otros animales que le resultan familiares. \u201cEn febrero de 2020 Luan cerr\u00f3 y qued\u00f3 el pobre Pancho solo. Esto de escuchar a las aves y al resto de los animales le hace recordar su antigua casa cuando era feliz. Convengamos que mientras estuvo Esteban lo mimaba. Todos sentimos la muerte de Esteban, Pancho tambi\u00e9n ha sentido su ausencia\u201d, agreg\u00f3 Akerbladh.<\/p>\n\n\n\n<p>Dijo que de a poco se ir\u00e1n ganando su confianza. E indic\u00f3 que \u201clo que sea que le quede de vida, un mes o dos a\u00f1os, queremos que est\u00e9 bien\u201d.<\/p>\n\n\n\n<p>Un puma en la naturaleza podr\u00eda vivir unos 12, 14 o 15 a\u00f1os, en cautiverio algunos a\u00f1os m\u00e1s. Se trata de un animal que super\u00f3 la expectativa de vida con sus al menos 16 a\u00f1os. Pas\u00f3 gran parte de su vida en cautiverio y ahora es grande para ense\u00f1arle a cazar y que sobreviva en otro ambiente.<\/p>\n\n\n\n<figure class=\"wp-block-image\"><img decoding=\"async\" src=\"https:\/\/media.lmneuquen.com\/p\/3cb3dc25d187f50e166def1ffbd4e4e2\/adjuntos\/195\/imagenes\/006\/842\/0006842179\/pancho-la-chacra-puma-4jpg.jpg?0000-00-00-00-00-00\" alt=\"\"\/><\/figure>\n\n\n\n<p>Gentileza Complejo Recreativo La Chacra<\/p>\n\n\n\n<p>Akerbladh destac\u00f3 que el operativo llev\u00f3 bastante tiempo y que fue fundamental la actuaci\u00f3n de Santigao Akrich. \u201cYo ya hab\u00eda obtenido el no rotundo de la provincia de R\u00edo Negro y la provincia de Neuqu\u00e9n hab\u00eda intentado ubicarlo en otro lado y no hab\u00eda podido. Gracias a la intervenci\u00f3n de Santiago se logr\u00f3 esta triangulaci\u00f3n de Marta Zupanovich, Colegio Veterinario, de Fauna de Neuqu\u00e9n y de la buena predisposici\u00f3n de Fauna de R\u00edo Negro. Todos movilizados para que Pancho pueda vivir en un lugar m\u00e1s acorde\u201d, a\u00f1adi\u00f3.<\/p>\n\n\n\n<p>La guadafauna se\u00f1al\u00f3 que \u201cno es el lugar ideal, ideal ser\u00eda que est\u00e9 en una gran reserva y que no lo molesten, pero eso no existe. Est\u00e1 en el mejor lugar posible y se lo ve muy muy bien. Estamos felices\u201d.<\/p>\n\n\n\n<p>Fuente: https:\/\/www.lmneuquen.com\/el-puma-pancho-encontro-un-lugar-que-le-cambio-la-vida-n847541<\/p>\n","protected":false},"excerpt":{"rendered":"","protected":false},"author":6,"featured_media":74252,"comment_status":"open","ping_status":"open","sticky":false,"template":"","format":"standard","meta":{"site-sidebar-layout":"default","site-content-layout":"","ast-site-content-layout":"default","site-content-style":"default","site-sidebar-style":"default","ast-global-header-display":"","ast-banner-title-visibility":"","ast-main-header-display":"","ast-hfb-above-header-display":"","ast-hfb-below-header-display":"","ast-hfb-mobile-header-display":"","site-post-title":"","ast-breadcrumbs-content":"","ast-featured-img":"","footer-sml-layout":"","ast-disable-related-posts":"","theme-transparent-header-meta":"","adv-header-id-meta":"","stick-header-meta":"","header-above-stick-meta":"","header-main-stick-meta":"","header-below-stick-meta":"","astra-migrate-meta-layouts":"default","ast-page-background-enabled":"default","ast-page-background-meta":{"desktop":{"background-color":"var(--ast-global-color-5)","background-image":"","background-repeat":"repeat","background-position":"center center","background-size":"auto","background-attachment":"scroll","background-type":"","background-media":"","overlay-type":"","overlay-color":"","overlay-opacity":"","overlay-gradient":""},"tablet":{"background-color":"","background-image":"","background-repeat":"repeat","background-position":"center center","background-size":"auto","background-attachment":"scroll","background-type":"","background-media":"","overlay-type":"","overlay-color":"","overlay-opacity":"","overlay-gradient":""},"mobile":{"background-color":"","background-image":"","background-repeat":"repeat","background-position":"center center","background-size":"auto","background-attachment":"scroll","background-type":"","background-media":"","overlay-type":"","overlay-color":"","overlay-opacity":"","overlay-gradient":""}},"ast-content-background-meta":{"desktop":{"background-color":"var(--ast-global-color-4)","background-image":"","background-repeat":"repeat","background-position":"center center","background-size":"auto","background-attachment":"scroll","background-type":"","background-media":"","overlay-type":"","overlay-color":"","overlay-opacity":"","overlay-gradient":""},"tablet":{"background-color":"var(--ast-global-color-4)","background-image":"","background-repeat":"repeat","background-position":"center center","background-size":"auto","background-attachment":"scroll","background-type":"","background-media":"","overlay-type":"","overlay-color":"","overlay-opacity":"","overlay-gradient":""},"mobile":{"background-color":"var(--ast-global-color-4)","background-image":"","background-repeat":"repeat","background-position":"center center","background-size":"auto","background-attachment":"scroll","background-type":"","background-media":"","overlay-type":"","overlay-color":"","overlay-opacity":"","overlay-gradient":""}},"footnotes":""},"categories":[1],"tags":[],"class_list":["post-74251","post","type-post","status-publish","format-standard","has-post-thumbnail","hentry","category-noticias"],"yoast_head":"<!-- This site is optimized with the Yoast SEO Premium plugin v23.0 (Yoast SEO v27.5) - https:\/\/yoast.com\/product\/yoast-seo-premium-wordpress\/ -->\n<title>El puma Pancho encontr\u00f3 un lugar que &quot;le cambi\u00f3 la vida&quot;<\/title>\n<meta name=\"robots\" content=\"index, follow, max-snippet:-1, max-image-preview:large, max-video-preview:-1\" \/>\n<link rel=\"canonical\" href=\"https:\/\/patagoniambiental.com.ar\/info\/el-puma-pancho-encontro-un-lugar-que-le-cambio-la-vida\/\" \/>\n<meta property=\"og:locale\" content=\"es_ES\" \/>\n<meta property=\"og:type\" content=\"article\" \/>\n<meta property=\"og:title\" content=\"El puma Pancho encontr\u00f3 un lugar que &quot;le cambi\u00f3 la vida&quot;\" \/>\n<meta property=\"og:url\" content=\"https:\/\/patagoniambiental.com.ar\/info\/el-puma-pancho-encontro-un-lugar-que-le-cambio-la-vida\/\" \/>\n<meta property=\"og:site_name\" content=\"Patagonia Ambiental\" \/>\n<meta property=\"article:publisher\" content=\"https:\/\/www.facebook.com\/patagonia.ambiental\" \/>\n<meta property=\"article:published_time\" content=\"2021-09-29T23:33:58+00:00\" \/>\n<meta property=\"article:modified_time\" content=\"2021-09-29T23:34:01+00:00\" \/>\n<meta property=\"og:image\" content=\"https:\/\/patagoniambiental.com.ar\/info\/wp-content\/uploads\/2021\/09\/pancho-la-chacra-pumajpg.jpg\" \/>\n\t<meta property=\"og:image:width\" content=\"770\" \/>\n\t<meta property=\"og:image:height\" content=\"435\" \/>\n\t<meta property=\"og:image:type\" content=\"image\/jpeg\" \/>\n<meta name=\"author\" content=\"BRAIAN ESTEVEZ\" \/>\n<meta name=\"twitter:card\" content=\"summary_large_image\" \/>\n<meta name=\"twitter:creator\" content=\"@PatAmb\" \/>\n<meta name=\"twitter:site\" content=\"@PatAmb\" \/>\n<script type=\"application\/ld+json\" class=\"yoast-schema-graph\">{\"@context\":\"https:\\\/\\\/schema.org\",\"@graph\":[{\"@type\":\"Article\",\"@id\":\"https:\\\/\\\/patagoniambiental.com.ar\\\/info\\\/el-puma-pancho-encontro-un-lugar-que-le-cambio-la-vida\\\/#article\",\"isPartOf\":{\"@id\":\"https:\\\/\\\/patagoniambiental.com.ar\\\/info\\\/el-puma-pancho-encontro-un-lugar-que-le-cambio-la-vida\\\/\"},\"author\":{\"name\":\"BRAIAN ESTEVEZ\",\"@id\":\"https:\\\/\\\/patagoniambiental.com.ar\\\/info\\\/#\\\/schema\\\/person\\\/e5af09d700b2e82cb10c6b8800e0c691\"},\"headline\":\"El puma Pancho encontr\u00f3 un lugar que \u00able cambi\u00f3 la vida\u00bb\",\"datePublished\":\"2021-09-29T23:33:58+00:00\",\"dateModified\":\"2021-09-29T23:34:01+00:00\",\"mainEntityOfPage\":{\"@id\":\"https:\\\/\\\/patagoniambiental.com.ar\\\/info\\\/el-puma-pancho-encontro-un-lugar-que-le-cambio-la-vida\\\/\"},\"wordCount\":1149,\"commentCount\":0,\"publisher\":{\"@id\":\"https:\\\/\\\/patagoniambiental.com.ar\\\/info\\\/#organization\"},\"image\":{\"@id\":\"https:\\\/\\\/patagoniambiental.com.ar\\\/info\\\/el-puma-pancho-encontro-un-lugar-que-le-cambio-la-vida\\\/#primaryimage\"},\"thumbnailUrl\":\"https:\\\/\\\/patagoniambiental.com.ar\\\/info\\\/wp-content\\\/uploads\\\/2021\\\/09\\\/pancho-la-chacra-pumajpg.jpg\",\"articleSection\":[\"Noticias\"],\"inLanguage\":\"es\",\"potentialAction\":[{\"@type\":\"CommentAction\",\"name\":\"Comment\",\"target\":[\"https:\\\/\\\/patagoniambiental.com.ar\\\/info\\\/el-puma-pancho-encontro-un-lugar-que-le-cambio-la-vida\\\/#respond\"]}]},{\"@type\":\"WebPage\",\"@id\":\"https:\\\/\\\/patagoniambiental.com.ar\\\/info\\\/el-puma-pancho-encontro-un-lugar-que-le-cambio-la-vida\\\/\",\"url\":\"https:\\\/\\\/patagoniambiental.com.ar\\\/info\\\/el-puma-pancho-encontro-un-lugar-que-le-cambio-la-vida\\\/\",\"name\":\"El puma Pancho encontr\u00f3 un lugar que \\\"le cambi\u00f3 la vida\\\"\",\"isPartOf\":{\"@id\":\"https:\\\/\\\/patagoniambiental.com.ar\\\/info\\\/#website\"},\"primaryImageOfPage\":{\"@id\":\"https:\\\/\\\/patagoniambiental.com.ar\\\/info\\\/el-puma-pancho-encontro-un-lugar-que-le-cambio-la-vida\\\/#primaryimage\"},\"image\":{\"@id\":\"https:\\\/\\\/patagoniambiental.com.ar\\\/info\\\/el-puma-pancho-encontro-un-lugar-que-le-cambio-la-vida\\\/#primaryimage\"},\"thumbnailUrl\":\"https:\\\/\\\/patagoniambiental.com.ar\\\/info\\\/wp-content\\\/uploads\\\/2021\\\/09\\\/pancho-la-chacra-pumajpg.jpg\",\"datePublished\":\"2021-09-29T23:33:58+00:00\",\"dateModified\":\"2021-09-29T23:34:01+00:00\",\"breadcrumb\":{\"@id\":\"https:\\\/\\\/patagoniambiental.com.ar\\\/info\\\/el-puma-pancho-encontro-un-lugar-que-le-cambio-la-vida\\\/#breadcrumb\"},\"inLanguage\":\"es\",\"potentialAction\":[{\"@type\":\"ReadAction\",\"target\":[\"https:\\\/\\\/patagoniambiental.com.ar\\\/info\\\/el-puma-pancho-encontro-un-lugar-que-le-cambio-la-vida\\\/\"]}]},{\"@type\":\"ImageObject\",\"inLanguage\":\"es\",\"@id\":\"https:\\\/\\\/patagoniambiental.com.ar\\\/info\\\/el-puma-pancho-encontro-un-lugar-que-le-cambio-la-vida\\\/#primaryimage\",\"url\":\"https:\\\/\\\/patagoniambiental.com.ar\\\/info\\\/wp-content\\\/uploads\\\/2021\\\/09\\\/pancho-la-chacra-pumajpg.jpg\",\"contentUrl\":\"https:\\\/\\\/patagoniambiental.com.ar\\\/info\\\/wp-content\\\/uploads\\\/2021\\\/09\\\/pancho-la-chacra-pumajpg.jpg\",\"width\":770,\"height\":435},{\"@type\":\"BreadcrumbList\",\"@id\":\"https:\\\/\\\/patagoniambiental.com.ar\\\/info\\\/el-puma-pancho-encontro-un-lugar-que-le-cambio-la-vida\\\/#breadcrumb\",\"itemListElement\":[{\"@type\":\"ListItem\",\"position\":1,\"name\":\"Inicio\",\"item\":\"https:\\\/\\\/patagoniambiental.com.ar\\\/info\\\/\"},{\"@type\":\"ListItem\",\"position\":2,\"name\":\"El puma Pancho encontr\u00f3 un lugar que \u00able cambi\u00f3 la vida\u00bb\"}]},{\"@type\":\"WebSite\",\"@id\":\"https:\\\/\\\/patagoniambiental.com.ar\\\/info\\\/#website\",\"url\":\"https:\\\/\\\/patagoniambiental.com.ar\\\/info\\\/\",\"name\":\"Patagonia Ambiental\",\"description\":\"Monitoreo y an\u00e1lisis de la situaci\u00f3n geopol\u00edtica en el mundo y su implicancia en la Patagonia\",\"publisher\":{\"@id\":\"https:\\\/\\\/patagoniambiental.com.ar\\\/info\\\/#organization\"},\"potentialAction\":[{\"@type\":\"SearchAction\",\"target\":{\"@type\":\"EntryPoint\",\"urlTemplate\":\"https:\\\/\\\/patagoniambiental.com.ar\\\/info\\\/?s={search_term_string}\"},\"query-input\":{\"@type\":\"PropertyValueSpecification\",\"valueRequired\":true,\"valueName\":\"search_term_string\"}}],\"inLanguage\":\"es\"},{\"@type\":\"Organization\",\"@id\":\"https:\\\/\\\/patagoniambiental.com.ar\\\/info\\\/#organization\",\"name\":\"Patagonia Ambiental\",\"url\":\"https:\\\/\\\/patagoniambiental.com.ar\\\/info\\\/\",\"logo\":{\"@type\":\"ImageObject\",\"inLanguage\":\"es\",\"@id\":\"https:\\\/\\\/patagoniambiental.com.ar\\\/info\\\/#\\\/schema\\\/logo\\\/image\\\/\",\"url\":\"https:\\\/\\\/patagoniambiental.com.ar\\\/info\\\/wp-content\\\/uploads\\\/2025\\\/05\\\/LOGO-PATAGONIA-AMBIENTAL.png\",\"contentUrl\":\"https:\\\/\\\/patagoniambiental.com.ar\\\/info\\\/wp-content\\\/uploads\\\/2025\\\/05\\\/LOGO-PATAGONIA-AMBIENTAL.png\",\"width\":433,\"height\":250,\"caption\":\"Patagonia Ambiental\"},\"image\":{\"@id\":\"https:\\\/\\\/patagoniambiental.com.ar\\\/info\\\/#\\\/schema\\\/logo\\\/image\\\/\"},\"sameAs\":[\"https:\\\/\\\/www.facebook.com\\\/patagonia.ambiental\",\"https:\\\/\\\/x.com\\\/PatAmb\"]},{\"@type\":\"Person\",\"@id\":\"https:\\\/\\\/patagoniambiental.com.ar\\\/info\\\/#\\\/schema\\\/person\\\/e5af09d700b2e82cb10c6b8800e0c691\",\"name\":\"BRAIAN ESTEVEZ\",\"sameAs\":[\"http:\\\/\\\/www.patagoniambiental.com.ar\"]}]}<\/script>\n<!-- \/ Yoast SEO Premium plugin. -->","yoast_head_json":{"title":"El puma Pancho encontr\u00f3 un lugar que \"le cambi\u00f3 la vida\"","robots":{"index":"index","follow":"follow","max-snippet":"max-snippet:-1","max-image-preview":"max-image-preview:large","max-video-preview":"max-video-preview:-1"},"canonical":"https:\/\/patagoniambiental.com.ar\/info\/el-puma-pancho-encontro-un-lugar-que-le-cambio-la-vida\/","og_locale":"es_ES","og_type":"article","og_title":"El puma Pancho encontr\u00f3 un lugar que \"le cambi\u00f3 la vida\"","og_url":"https:\/\/patagoniambiental.com.ar\/info\/el-puma-pancho-encontro-un-lugar-que-le-cambio-la-vida\/","og_site_name":"Patagonia Ambiental","article_publisher":"https:\/\/www.facebook.com\/patagonia.ambiental","article_published_time":"2021-09-29T23:33:58+00:00","article_modified_time":"2021-09-29T23:34:01+00:00","og_image":[{"width":770,"height":435,"url":"https:\/\/patagoniambiental.com.ar\/info\/wp-content\/uploads\/2021\/09\/pancho-la-chacra-pumajpg.jpg","type":"image\/jpeg"}],"author":"BRAIAN ESTEVEZ","twitter_card":"summary_large_image","twitter_creator":"@PatAmb","twitter_site":"@PatAmb","schema":{"@context":"https:\/\/schema.org","@graph":[{"@type":"Article","@id":"https:\/\/patagoniambiental.com.ar\/info\/el-puma-pancho-encontro-un-lugar-que-le-cambio-la-vida\/#article","isPartOf":{"@id":"https:\/\/patagoniambiental.com.ar\/info\/el-puma-pancho-encontro-un-lugar-que-le-cambio-la-vida\/"},"author":{"name":"BRAIAN ESTEVEZ","@id":"https:\/\/patagoniambiental.com.ar\/info\/#\/schema\/person\/e5af09d700b2e82cb10c6b8800e0c691"},"headline":"El puma Pancho encontr\u00f3 un lugar que \u00able cambi\u00f3 la vida\u00bb","datePublished":"2021-09-29T23:33:58+00:00","dateModified":"2021-09-29T23:34:01+00:00","mainEntityOfPage":{"@id":"https:\/\/patagoniambiental.com.ar\/info\/el-puma-pancho-encontro-un-lugar-que-le-cambio-la-vida\/"},"wordCount":1149,"commentCount":0,"publisher":{"@id":"https:\/\/patagoniambiental.com.ar\/info\/#organization"},"image":{"@id":"https:\/\/patagoniambiental.com.ar\/info\/el-puma-pancho-encontro-un-lugar-que-le-cambio-la-vida\/#primaryimage"},"thumbnailUrl":"https:\/\/patagoniambiental.com.ar\/info\/wp-content\/uploads\/2021\/09\/pancho-la-chacra-pumajpg.jpg","articleSection":["Noticias"],"inLanguage":"es","potentialAction":[{"@type":"CommentAction","name":"Comment","target":["https:\/\/patagoniambiental.com.ar\/info\/el-puma-pancho-encontro-un-lugar-que-le-cambio-la-vida\/#respond"]}]},{"@type":"WebPage","@id":"https:\/\/patagoniambiental.com.ar\/info\/el-puma-pancho-encontro-un-lugar-que-le-cambio-la-vida\/","url":"https:\/\/patagoniambiental.com.ar\/info\/el-puma-pancho-encontro-un-lugar-que-le-cambio-la-vida\/","name":"El puma Pancho encontr\u00f3 un lugar que \"le cambi\u00f3 la vida\"","isPartOf":{"@id":"https:\/\/patagoniambiental.com.ar\/info\/#website"},"primaryImageOfPage":{"@id":"https:\/\/patagoniambiental.com.ar\/info\/el-puma-pancho-encontro-un-lugar-que-le-cambio-la-vida\/#primaryimage"},"image":{"@id":"https:\/\/patagoniambiental.com.ar\/info\/el-puma-pancho-encontro-un-lugar-que-le-cambio-la-vida\/#primaryimage"},"thumbnailUrl":"https:\/\/patagoniambiental.com.ar\/info\/wp-content\/uploads\/2021\/09\/pancho-la-chacra-pumajpg.jpg","datePublished":"2021-09-29T23:33:58+00:00","dateModified":"2021-09-29T23:34:01+00:00","breadcrumb":{"@id":"https:\/\/patagoniambiental.com.ar\/info\/el-puma-pancho-encontro-un-lugar-que-le-cambio-la-vida\/#breadcrumb"},"inLanguage":"es","potentialAction":[{"@type":"ReadAction","target":["https:\/\/patagoniambiental.com.ar\/info\/el-puma-pancho-encontro-un-lugar-que-le-cambio-la-vida\/"]}]},{"@type":"ImageObject","inLanguage":"es","@id":"https:\/\/patagoniambiental.com.ar\/info\/el-puma-pancho-encontro-un-lugar-que-le-cambio-la-vida\/#primaryimage","url":"https:\/\/patagoniambiental.com.ar\/info\/wp-content\/uploads\/2021\/09\/pancho-la-chacra-pumajpg.jpg","contentUrl":"https:\/\/patagoniambiental.com.ar\/info\/wp-content\/uploads\/2021\/09\/pancho-la-chacra-pumajpg.jpg","width":770,"height":435},{"@type":"BreadcrumbList","@id":"https:\/\/patagoniambiental.com.ar\/info\/el-puma-pancho-encontro-un-lugar-que-le-cambio-la-vida\/#breadcrumb","itemListElement":[{"@type":"ListItem","position":1,"name":"Inicio","item":"https:\/\/patagoniambiental.com.ar\/info\/"},{"@type":"ListItem","position":2,"name":"El puma Pancho encontr\u00f3 un lugar que \u00able cambi\u00f3 la vida\u00bb"}]},{"@type":"WebSite","@id":"https:\/\/patagoniambiental.com.ar\/info\/#website","url":"https:\/\/patagoniambiental.com.ar\/info\/","name":"Patagonia Ambiental","description":"Monitoreo y an\u00e1lisis de la situaci\u00f3n geopol\u00edtica en el mundo y su implicancia en la Patagonia","publisher":{"@id":"https:\/\/patagoniambiental.com.ar\/info\/#organization"},"potentialAction":[{"@type":"SearchAction","target":{"@type":"EntryPoint","urlTemplate":"https:\/\/patagoniambiental.com.ar\/info\/?s={search_term_string}"},"query-input":{"@type":"PropertyValueSpecification","valueRequired":true,"valueName":"search_term_string"}}],"inLanguage":"es"},{"@type":"Organization","@id":"https:\/\/patagoniambiental.com.ar\/info\/#organization","name":"Patagonia Ambiental","url":"https:\/\/patagoniambiental.com.ar\/info\/","logo":{"@type":"ImageObject","inLanguage":"es","@id":"https:\/\/patagoniambiental.com.ar\/info\/#\/schema\/logo\/image\/","url":"https:\/\/patagoniambiental.com.ar\/info\/wp-content\/uploads\/2025\/05\/LOGO-PATAGONIA-AMBIENTAL.png","contentUrl":"https:\/\/patagoniambiental.com.ar\/info\/wp-content\/uploads\/2025\/05\/LOGO-PATAGONIA-AMBIENTAL.png","width":433,"height":250,"caption":"Patagonia Ambiental"},"image":{"@id":"https:\/\/patagoniambiental.com.ar\/info\/#\/schema\/logo\/image\/"},"sameAs":["https:\/\/www.facebook.com\/patagonia.ambiental","https:\/\/x.com\/PatAmb"]},{"@type":"Person","@id":"https:\/\/patagoniambiental.com.ar\/info\/#\/schema\/person\/e5af09d700b2e82cb10c6b8800e0c691","name":"BRAIAN ESTEVEZ","sameAs":["http:\/\/www.patagoniambiental.com.ar"]}]}},"_links":{"self":[{"href":"https:\/\/patagoniambiental.com.ar\/info\/wp-json\/wp\/v2\/posts\/74251","targetHints":{"allow":["GET"]}}],"collection":[{"href":"https:\/\/patagoniambiental.com.ar\/info\/wp-json\/wp\/v2\/posts"}],"about":[{"href":"https:\/\/patagoniambiental.com.ar\/info\/wp-json\/wp\/v2\/types\/post"}],"author":[{"embeddable":true,"href":"https:\/\/patagoniambiental.com.ar\/info\/wp-json\/wp\/v2\/users\/6"}],"replies":[{"embeddable":true,"href":"https:\/\/patagoniambiental.com.ar\/info\/wp-json\/wp\/v2\/comments?post=74251"}],"version-history":[{"count":0,"href":"https:\/\/patagoniambiental.com.ar\/info\/wp-json\/wp\/v2\/posts\/74251\/revisions"}],"wp:featuredmedia":[{"embeddable":true,"href":"https:\/\/patagoniambiental.com.ar\/info\/wp-json\/wp\/v2\/media\/74252"}],"wp:attachment":[{"href":"https:\/\/patagoniambiental.com.ar\/info\/wp-json\/wp\/v2\/media?parent=74251"}],"wp:term":[{"taxonomy":"category","embeddable":true,"href":"https:\/\/patagoniambiental.com.ar\/info\/wp-json\/wp\/v2\/categories?post=74251"},{"taxonomy":"post_tag","embeddable":true,"href":"https:\/\/patagoniambiental.com.ar\/info\/wp-json\/wp\/v2\/tags?post=74251"}],"curies":[{"name":"wp","href":"https:\/\/api.w.org\/{rel}","templated":true}]}}