{"id":74262,"date":"2021-10-02T07:00:00","date_gmt":"2021-10-02T10:00:00","guid":{"rendered":"http:\/\/patagoniambiental.com.ar\/info\/?p=74262"},"modified":"2021-10-01T13:14:07","modified_gmt":"2021-10-01T16:14:07","slug":"organizan-evento-para-fortalecer-oferta-turistica-de-la-ruta-de-los-parques-de-la-patagonia","status":"publish","type":"post","link":"https:\/\/patagoniambiental.com.ar\/info\/organizan-evento-para-fortalecer-oferta-turistica-de-la-ruta-de-los-parques-de-la-patagonia\/","title":{"rendered":"Organizan evento para fortalecer oferta tur\u00edstica de la Ruta de los Parques de la Patagonia"},"content":{"rendered":"\n<!--more-->\n\n\n\n<figure class=\"wp-block-table\"><table><tbody><tr><td>En este segundo evento virtual, organizado por el comit\u00e9 conformado por Sernatur Los Lagos, Ays\u00e9n y Magallanes, Rewilding Chile (ex Tompkins Conservation), Per Turismo y PTI Ruta de los Parques de Corfo Los Lagos, en conjunto con la Adventure Travel Trade Association (ATTA), el foco estar\u00e1 puesto en los prestadores de servicios locales.<img decoding=\"async\" src=\"https:\/\/mcusercontent.com\/b3fc4740a166af6a45472e761\/images\/64bef513-62a1-9ea7-7b6e-783c2abf6d5e.jpg\" alt=\"\" width=\"570\"><\/td><\/tr><tr><td>Con el fin de potenciar la oferta tur\u00edstica local y poder generar v\u00ednculos comerciales con agencias de viajes y tour operadores nacionales, el comit\u00e9 Ruta de los Parques se ha aliado con la Asociaci\u00f3n de Turismo Aventura (ATTA) para realizar el evento virtual \u201cRuta de los Parques de la Patagonia: Preparando el destino desde una mirada local\u201d.&nbsp; El primer evento se desarroll\u00f3 en septiembre y su foco estuvo puesto en posicionar a la Ruta de los Parques en el mercado internacional. En esta oportunidad, se busca convocar a la industria tur\u00edstica nacional el d\u00eda jueves 14 de octubre con diferentes actividades.Adem\u00e1s de las charlas y capacitaciones, se desarrollar\u00e1 una rueda de negocios para facilitar el contacto de los oferentes tur\u00edsticos de la Ruta de los Parques de la Patagonia con los agentes de viajes nacionales, y as\u00ed potenciar los v\u00ednculos comerciales con la industria en miras de la reactivaci\u00f3n del turismo interno post covid.&nbsp;Participar\u00e1n Rodrigo Carrasco, Director Regional de Corfo Los Lagos; Jorge Moller, Director de Programa para GSTC Latinoam\u00e9rica; Carolina Morgado, Directora Ejecutiva de Fundaci\u00f3n Rewilding Chile, antes Tompkins Conservation; Gabriela Stowell, Directora Regional de ATTA para Am\u00e9rica Latina y el Caribe; Andr\u00e9s D\u00edaz, Manager Regional ATTA Latinoam\u00e9rica; y Joaqu\u00edn Cueto y Alejandra Freund, fundadores de Let\u00b4s Go Experience. Tambi\u00e9n, se contar\u00e1 con la presencia de la orquesta de adolescentes de la Escuela de M\u00fasica de Coyhaique.El evento, que cuenta con el apoyo de los respectivos Gobiernos Regionales,&nbsp; abordar\u00e1 los desaf\u00edos del turismo en pandemia y tendr\u00e1 como principales objetivos, generar una instancia de trabajo colaborativo y favorecer la asociatividad. Las inscripciones ser\u00e1n gratuitas a trav\u00e9s de la web&nbsp;<a href=\"https:\/\/rutadelosparques.us19.list-manage.com\/track\/click?u=b3fc4740a166af6a45472e761&amp;id=68c1a66702&amp;e=5927127054\" target=\"_blank\" rel=\"noreferrer noopener\">https:\/\/atta.rutadelosparques.org\/<\/a>, en donde tambi\u00e9n se podr\u00e1 encontrar informaci\u00f3n detallada del programa.<img decoding=\"async\" src=\"https:\/\/mcusercontent.com\/b3fc4740a166af6a45472e761\/images\/2d4a3a91-cc9e-c764-8357-92866b957b50.jpg\" alt=\"\" width=\"564\">Evento Nacional: \u00abRuta de los Parques de la Patagonia: Preparando el destino desde una mirada local\u00bb<strong>Cu\u00e1ndo:<\/strong>&nbsp;Jueves 14 de octubre de 09:00 a 17:35 hrs&nbsp;<strong>Relatores:<\/strong>&nbsp;Rodrigo Carrasco, Director Regional de Corfo Los Lagos; Jorge Moller, Director de Programa para GSTC Latinoam\u00e9rica; Carolina Morgado, Directora Ejecutiva de Fundaci\u00f3n Rewilding Chile, antes Tompkins Conservation; Gabriela Stowell, Directora Regional de ATTA para Am\u00e9rica Latina y el Caribe; Andr\u00e9s D\u00edaz, Manager Regional ATTA Latinoam\u00e9rica; y Joaqu\u00edn Cueto y Alejandra Freund, fundadores de Let\u00b4s Go Experience.&nbsp;<strong>Inscripciones gratuitas:&nbsp;<a href=\"https:\/\/rutadelosparques.us19.list-manage.com\/track\/click?u=b3fc4740a166af6a45472e761&amp;id=c02f7e0133&amp;e=5927127054\" target=\"_blank\" rel=\"noreferrer noopener\">https:\/\/atta.rutadelosparques.org\/<\/a><\/strong><\/td><\/tr><tr><td><img decoding=\"async\" src=\"https:\/\/mcusercontent.com\/b3fc4740a166af6a45472e761\/images\/c1a96a7e-d3ab-9e90-b9a8-c32153c7f063.png\" alt=\"\" width=\"564\"><\/td><\/tr><\/tbody><\/table><\/figure>\n","protected":false},"excerpt":{"rendered":"","protected":false},"author":6,"featured_media":74263,"comment_status":"open","ping_status":"open","sticky":false,"template":"","format":"standard","meta":{"site-sidebar-layout":"default","site-content-layout":"","ast-site-content-layout":"default","site-content-style":"default","site-sidebar-style":"default","ast-global-header-display":"","ast-banner-title-visibility":"","ast-main-header-display":"","ast-hfb-above-header-display":"","ast-hfb-below-header-display":"","ast-hfb-mobile-header-display":"","site-post-title":"","ast-breadcrumbs-content":"","ast-featured-img":"","footer-sml-layout":"","ast-disable-related-posts":"","theme-transparent-header-meta":"","adv-header-id-meta":"","stick-header-meta":"","header-above-stick-meta":"","header-main-stick-meta":"","header-below-stick-meta":"","astra-migrate-meta-layouts":"default","ast-page-background-enabled":"default","ast-page-background-meta":{"desktop":{"background-color":"var(--ast-global-color-5)","background-image":"","background-repeat":"repeat","background-position":"center center","background-size":"auto","background-attachment":"scroll","background-type":"","background-media":"","overlay-type":"","overlay-color":"","overlay-opacity":"","overlay-gradient":""},"tablet":{"background-color":"","background-image":"","background-repeat":"repeat","background-position":"center center","background-size":"auto","background-attachment":"scroll","background-type":"","background-media":"","overlay-type":"","overlay-color":"","overlay-opacity":"","overlay-gradient":""},"mobile":{"background-color":"","background-image":"","background-repeat":"repeat","background-position":"center center","background-size":"auto","background-attachment":"scroll","background-type":"","background-media":"","overlay-type":"","overlay-color":"","overlay-opacity":"","overlay-gradient":""}},"ast-content-background-meta":{"desktop":{"background-color":"var(--ast-global-color-4)","background-image":"","background-repeat":"repeat","background-position":"center center","background-size":"auto","background-attachment":"scroll","background-type":"","background-media":"","overlay-type":"","overlay-color":"","overlay-opacity":"","overlay-gradient":""},"tablet":{"background-color":"var(--ast-global-color-4)","background-image":"","background-repeat":"repeat","background-position":"center center","background-size":"auto","background-attachment":"scroll","background-type":"","background-media":"","overlay-type":"","overlay-color":"","overlay-opacity":"","overlay-gradient":""},"mobile":{"background-color":"var(--ast-global-color-4)","background-image":"","background-repeat":"repeat","background-position":"center center","background-size":"auto","background-attachment":"scroll","background-type":"","background-media":"","overlay-type":"","overlay-color":"","overlay-opacity":"","overlay-gradient":""}},"footnotes":""},"categories":[1],"tags":[],"class_list":["post-74262","post","type-post","status-publish","format-standard","has-post-thumbnail","hentry","category-noticias"],"yoast_head":"<!-- This site is optimized with the Yoast SEO Premium plugin v23.0 (Yoast SEO v27.5) - https:\/\/yoast.com\/product\/yoast-seo-premium-wordpress\/ -->\n<title>Organizan evento para fortalecer oferta tur\u00edstica de la Ruta de los Parques de la Patagonia<\/title>\n<meta name=\"robots\" content=\"index, follow, max-snippet:-1, max-image-preview:large, max-video-preview:-1\" \/>\n<link rel=\"canonical\" href=\"https:\/\/patagoniambiental.com.ar\/info\/organizan-evento-para-fortalecer-oferta-turistica-de-la-ruta-de-los-parques-de-la-patagonia\/\" \/>\n<meta property=\"og:locale\" content=\"es_ES\" \/>\n<meta property=\"og:type\" content=\"article\" \/>\n<meta property=\"og:title\" content=\"Organizan evento para fortalecer oferta tur\u00edstica de la Ruta de los Parques de la Patagonia\" \/>\n<meta property=\"og:url\" content=\"https:\/\/patagoniambiental.com.ar\/info\/organizan-evento-para-fortalecer-oferta-turistica-de-la-ruta-de-los-parques-de-la-patagonia\/\" \/>\n<meta property=\"og:site_name\" content=\"Patagonia Ambiental\" \/>\n<meta property=\"article:publisher\" content=\"https:\/\/www.facebook.com\/patagonia.ambiental\" \/>\n<meta property=\"article:published_time\" content=\"2021-10-02T10:00:00+00:00\" \/>\n<meta property=\"og:image\" content=\"https:\/\/patagoniambiental.com.ar\/info\/wp-content\/uploads\/2021\/10\/070cbdda-220c-5b23-9bb4-03352f91c9bb.jpg\" \/>\n\t<meta property=\"og:image:width\" content=\"650\" \/>\n\t<meta property=\"og:image:height\" content=\"336\" \/>\n\t<meta property=\"og:image:type\" content=\"image\/jpeg\" \/>\n<meta name=\"author\" content=\"BRAIAN ESTEVEZ\" \/>\n<meta name=\"twitter:card\" content=\"summary_large_image\" \/>\n<meta name=\"twitter:creator\" content=\"@PatAmb\" \/>\n<meta name=\"twitter:site\" content=\"@PatAmb\" \/>\n<script type=\"application\/ld+json\" class=\"yoast-schema-graph\">{\"@context\":\"https:\\\/\\\/schema.org\",\"@graph\":[{\"@type\":\"Article\",\"@id\":\"https:\\\/\\\/patagoniambiental.com.ar\\\/info\\\/organizan-evento-para-fortalecer-oferta-turistica-de-la-ruta-de-los-parques-de-la-patagonia\\\/#article\",\"isPartOf\":{\"@id\":\"https:\\\/\\\/patagoniambiental.com.ar\\\/info\\\/organizan-evento-para-fortalecer-oferta-turistica-de-la-ruta-de-los-parques-de-la-patagonia\\\/\"},\"author\":{\"name\":\"BRAIAN ESTEVEZ\",\"@id\":\"https:\\\/\\\/patagoniambiental.com.ar\\\/info\\\/#\\\/schema\\\/person\\\/e5af09d700b2e82cb10c6b8800e0c691\"},\"headline\":\"Organizan evento para fortalecer oferta tur\u00edstica de la Ruta de los Parques de la Patagonia\",\"datePublished\":\"2021-10-02T10:00:00+00:00\",\"mainEntityOfPage\":{\"@id\":\"https:\\\/\\\/patagoniambiental.com.ar\\\/info\\\/organizan-evento-para-fortalecer-oferta-turistica-de-la-ruta-de-los-parques-de-la-patagonia\\\/\"},\"wordCount\":485,\"commentCount\":0,\"publisher\":{\"@id\":\"https:\\\/\\\/patagoniambiental.com.ar\\\/info\\\/#organization\"},\"image\":{\"@id\":\"https:\\\/\\\/patagoniambiental.com.ar\\\/info\\\/organizan-evento-para-fortalecer-oferta-turistica-de-la-ruta-de-los-parques-de-la-patagonia\\\/#primaryimage\"},\"thumbnailUrl\":\"https:\\\/\\\/patagoniambiental.com.ar\\\/info\\\/wp-content\\\/uploads\\\/2021\\\/10\\\/070cbdda-220c-5b23-9bb4-03352f91c9bb.jpg\",\"articleSection\":[\"Noticias\"],\"inLanguage\":\"es\",\"potentialAction\":[{\"@type\":\"CommentAction\",\"name\":\"Comment\",\"target\":[\"https:\\\/\\\/patagoniambiental.com.ar\\\/info\\\/organizan-evento-para-fortalecer-oferta-turistica-de-la-ruta-de-los-parques-de-la-patagonia\\\/#respond\"]}]},{\"@type\":\"WebPage\",\"@id\":\"https:\\\/\\\/patagoniambiental.com.ar\\\/info\\\/organizan-evento-para-fortalecer-oferta-turistica-de-la-ruta-de-los-parques-de-la-patagonia\\\/\",\"url\":\"https:\\\/\\\/patagoniambiental.com.ar\\\/info\\\/organizan-evento-para-fortalecer-oferta-turistica-de-la-ruta-de-los-parques-de-la-patagonia\\\/\",\"name\":\"Organizan evento para fortalecer oferta tur\u00edstica de la Ruta de los Parques de la Patagonia\",\"isPartOf\":{\"@id\":\"https:\\\/\\\/patagoniambiental.com.ar\\\/info\\\/#website\"},\"primaryImageOfPage\":{\"@id\":\"https:\\\/\\\/patagoniambiental.com.ar\\\/info\\\/organizan-evento-para-fortalecer-oferta-turistica-de-la-ruta-de-los-parques-de-la-patagonia\\\/#primaryimage\"},\"image\":{\"@id\":\"https:\\\/\\\/patagoniambiental.com.ar\\\/info\\\/organizan-evento-para-fortalecer-oferta-turistica-de-la-ruta-de-los-parques-de-la-patagonia\\\/#primaryimage\"},\"thumbnailUrl\":\"https:\\\/\\\/patagoniambiental.com.ar\\\/info\\\/wp-content\\\/uploads\\\/2021\\\/10\\\/070cbdda-220c-5b23-9bb4-03352f91c9bb.jpg\",\"datePublished\":\"2021-10-02T10:00:00+00:00\",\"breadcrumb\":{\"@id\":\"https:\\\/\\\/patagoniambiental.com.ar\\\/info\\\/organizan-evento-para-fortalecer-oferta-turistica-de-la-ruta-de-los-parques-de-la-patagonia\\\/#breadcrumb\"},\"inLanguage\":\"es\",\"potentialAction\":[{\"@type\":\"ReadAction\",\"target\":[\"https:\\\/\\\/patagoniambiental.com.ar\\\/info\\\/organizan-evento-para-fortalecer-oferta-turistica-de-la-ruta-de-los-parques-de-la-patagonia\\\/\"]}]},{\"@type\":\"ImageObject\",\"inLanguage\":\"es\",\"@id\":\"https:\\\/\\\/patagoniambiental.com.ar\\\/info\\\/organizan-evento-para-fortalecer-oferta-turistica-de-la-ruta-de-los-parques-de-la-patagonia\\\/#primaryimage\",\"url\":\"https:\\\/\\\/patagoniambiental.com.ar\\\/info\\\/wp-content\\\/uploads\\\/2021\\\/10\\\/070cbdda-220c-5b23-9bb4-03352f91c9bb.jpg\",\"contentUrl\":\"https:\\\/\\\/patagoniambiental.com.ar\\\/info\\\/wp-content\\\/uploads\\\/2021\\\/10\\\/070cbdda-220c-5b23-9bb4-03352f91c9bb.jpg\",\"width\":650,\"height\":336},{\"@type\":\"BreadcrumbList\",\"@id\":\"https:\\\/\\\/patagoniambiental.com.ar\\\/info\\\/organizan-evento-para-fortalecer-oferta-turistica-de-la-ruta-de-los-parques-de-la-patagonia\\\/#breadcrumb\",\"itemListElement\":[{\"@type\":\"ListItem\",\"position\":1,\"name\":\"Inicio\",\"item\":\"https:\\\/\\\/patagoniambiental.com.ar\\\/info\\\/\"},{\"@type\":\"ListItem\",\"position\":2,\"name\":\"Organizan evento para fortalecer oferta tur\u00edstica de la Ruta de los Parques de la Patagonia\"}]},{\"@type\":\"WebSite\",\"@id\":\"https:\\\/\\\/patagoniambiental.com.ar\\\/info\\\/#website\",\"url\":\"https:\\\/\\\/patagoniambiental.com.ar\\\/info\\\/\",\"name\":\"Patagonia Ambiental\",\"description\":\"Monitoreo y an\u00e1lisis de la situaci\u00f3n geopol\u00edtica en el mundo y su implicancia en la Patagonia\",\"publisher\":{\"@id\":\"https:\\\/\\\/patagoniambiental.com.ar\\\/info\\\/#organization\"},\"potentialAction\":[{\"@type\":\"SearchAction\",\"target\":{\"@type\":\"EntryPoint\",\"urlTemplate\":\"https:\\\/\\\/patagoniambiental.com.ar\\\/info\\\/?s={search_term_string}\"},\"query-input\":{\"@type\":\"PropertyValueSpecification\",\"valueRequired\":true,\"valueName\":\"search_term_string\"}}],\"inLanguage\":\"es\"},{\"@type\":\"Organization\",\"@id\":\"https:\\\/\\\/patagoniambiental.com.ar\\\/info\\\/#organization\",\"name\":\"Patagonia Ambiental\",\"url\":\"https:\\\/\\\/patagoniambiental.com.ar\\\/info\\\/\",\"logo\":{\"@type\":\"ImageObject\",\"inLanguage\":\"es\",\"@id\":\"https:\\\/\\\/patagoniambiental.com.ar\\\/info\\\/#\\\/schema\\\/logo\\\/image\\\/\",\"url\":\"https:\\\/\\\/patagoniambiental.com.ar\\\/info\\\/wp-content\\\/uploads\\\/2025\\\/05\\\/LOGO-PATAGONIA-AMBIENTAL.png\",\"contentUrl\":\"https:\\\/\\\/patagoniambiental.com.ar\\\/info\\\/wp-content\\\/uploads\\\/2025\\\/05\\\/LOGO-PATAGONIA-AMBIENTAL.png\",\"width\":433,\"height\":250,\"caption\":\"Patagonia Ambiental\"},\"image\":{\"@id\":\"https:\\\/\\\/patagoniambiental.com.ar\\\/info\\\/#\\\/schema\\\/logo\\\/image\\\/\"},\"sameAs\":[\"https:\\\/\\\/www.facebook.com\\\/patagonia.ambiental\",\"https:\\\/\\\/x.com\\\/PatAmb\"]},{\"@type\":\"Person\",\"@id\":\"https:\\\/\\\/patagoniambiental.com.ar\\\/info\\\/#\\\/schema\\\/person\\\/e5af09d700b2e82cb10c6b8800e0c691\",\"name\":\"BRAIAN ESTEVEZ\",\"sameAs\":[\"http:\\\/\\\/www.patagoniambiental.com.ar\"]}]}<\/script>\n<!-- \/ Yoast SEO Premium plugin. -->","yoast_head_json":{"title":"Organizan evento para fortalecer oferta tur\u00edstica de la Ruta de los Parques de la Patagonia","robots":{"index":"index","follow":"follow","max-snippet":"max-snippet:-1","max-image-preview":"max-image-preview:large","max-video-preview":"max-video-preview:-1"},"canonical":"https:\/\/patagoniambiental.com.ar\/info\/organizan-evento-para-fortalecer-oferta-turistica-de-la-ruta-de-los-parques-de-la-patagonia\/","og_locale":"es_ES","og_type":"article","og_title":"Organizan evento para fortalecer oferta tur\u00edstica de la Ruta de los Parques de la Patagonia","og_url":"https:\/\/patagoniambiental.com.ar\/info\/organizan-evento-para-fortalecer-oferta-turistica-de-la-ruta-de-los-parques-de-la-patagonia\/","og_site_name":"Patagonia Ambiental","article_publisher":"https:\/\/www.facebook.com\/patagonia.ambiental","article_published_time":"2021-10-02T10:00:00+00:00","og_image":[{"width":650,"height":336,"url":"https:\/\/patagoniambiental.com.ar\/info\/wp-content\/uploads\/2021\/10\/070cbdda-220c-5b23-9bb4-03352f91c9bb.jpg","type":"image\/jpeg"}],"author":"BRAIAN ESTEVEZ","twitter_card":"summary_large_image","twitter_creator":"@PatAmb","twitter_site":"@PatAmb","schema":{"@context":"https:\/\/schema.org","@graph":[{"@type":"Article","@id":"https:\/\/patagoniambiental.com.ar\/info\/organizan-evento-para-fortalecer-oferta-turistica-de-la-ruta-de-los-parques-de-la-patagonia\/#article","isPartOf":{"@id":"https:\/\/patagoniambiental.com.ar\/info\/organizan-evento-para-fortalecer-oferta-turistica-de-la-ruta-de-los-parques-de-la-patagonia\/"},"author":{"name":"BRAIAN ESTEVEZ","@id":"https:\/\/patagoniambiental.com.ar\/info\/#\/schema\/person\/e5af09d700b2e82cb10c6b8800e0c691"},"headline":"Organizan evento para fortalecer oferta tur\u00edstica de la Ruta de los Parques de la Patagonia","datePublished":"2021-10-02T10:00:00+00:00","mainEntityOfPage":{"@id":"https:\/\/patagoniambiental.com.ar\/info\/organizan-evento-para-fortalecer-oferta-turistica-de-la-ruta-de-los-parques-de-la-patagonia\/"},"wordCount":485,"commentCount":0,"publisher":{"@id":"https:\/\/patagoniambiental.com.ar\/info\/#organization"},"image":{"@id":"https:\/\/patagoniambiental.com.ar\/info\/organizan-evento-para-fortalecer-oferta-turistica-de-la-ruta-de-los-parques-de-la-patagonia\/#primaryimage"},"thumbnailUrl":"https:\/\/patagoniambiental.com.ar\/info\/wp-content\/uploads\/2021\/10\/070cbdda-220c-5b23-9bb4-03352f91c9bb.jpg","articleSection":["Noticias"],"inLanguage":"es","potentialAction":[{"@type":"CommentAction","name":"Comment","target":["https:\/\/patagoniambiental.com.ar\/info\/organizan-evento-para-fortalecer-oferta-turistica-de-la-ruta-de-los-parques-de-la-patagonia\/#respond"]}]},{"@type":"WebPage","@id":"https:\/\/patagoniambiental.com.ar\/info\/organizan-evento-para-fortalecer-oferta-turistica-de-la-ruta-de-los-parques-de-la-patagonia\/","url":"https:\/\/patagoniambiental.com.ar\/info\/organizan-evento-para-fortalecer-oferta-turistica-de-la-ruta-de-los-parques-de-la-patagonia\/","name":"Organizan evento para fortalecer oferta tur\u00edstica de la Ruta de los Parques de la Patagonia","isPartOf":{"@id":"https:\/\/patagoniambiental.com.ar\/info\/#website"},"primaryImageOfPage":{"@id":"https:\/\/patagoniambiental.com.ar\/info\/organizan-evento-para-fortalecer-oferta-turistica-de-la-ruta-de-los-parques-de-la-patagonia\/#primaryimage"},"image":{"@id":"https:\/\/patagoniambiental.com.ar\/info\/organizan-evento-para-fortalecer-oferta-turistica-de-la-ruta-de-los-parques-de-la-patagonia\/#primaryimage"},"thumbnailUrl":"https:\/\/patagoniambiental.com.ar\/info\/wp-content\/uploads\/2021\/10\/070cbdda-220c-5b23-9bb4-03352f91c9bb.jpg","datePublished":"2021-10-02T10:00:00+00:00","breadcrumb":{"@id":"https:\/\/patagoniambiental.com.ar\/info\/organizan-evento-para-fortalecer-oferta-turistica-de-la-ruta-de-los-parques-de-la-patagonia\/#breadcrumb"},"inLanguage":"es","potentialAction":[{"@type":"ReadAction","target":["https:\/\/patagoniambiental.com.ar\/info\/organizan-evento-para-fortalecer-oferta-turistica-de-la-ruta-de-los-parques-de-la-patagonia\/"]}]},{"@type":"ImageObject","inLanguage":"es","@id":"https:\/\/patagoniambiental.com.ar\/info\/organizan-evento-para-fortalecer-oferta-turistica-de-la-ruta-de-los-parques-de-la-patagonia\/#primaryimage","url":"https:\/\/patagoniambiental.com.ar\/info\/wp-content\/uploads\/2021\/10\/070cbdda-220c-5b23-9bb4-03352f91c9bb.jpg","contentUrl":"https:\/\/patagoniambiental.com.ar\/info\/wp-content\/uploads\/2021\/10\/070cbdda-220c-5b23-9bb4-03352f91c9bb.jpg","width":650,"height":336},{"@type":"BreadcrumbList","@id":"https:\/\/patagoniambiental.com.ar\/info\/organizan-evento-para-fortalecer-oferta-turistica-de-la-ruta-de-los-parques-de-la-patagonia\/#breadcrumb","itemListElement":[{"@type":"ListItem","position":1,"name":"Inicio","item":"https:\/\/patagoniambiental.com.ar\/info\/"},{"@type":"ListItem","position":2,"name":"Organizan evento para fortalecer oferta tur\u00edstica de la Ruta de los Parques de la Patagonia"}]},{"@type":"WebSite","@id":"https:\/\/patagoniambiental.com.ar\/info\/#website","url":"https:\/\/patagoniambiental.com.ar\/info\/","name":"Patagonia Ambiental","description":"Monitoreo y an\u00e1lisis de la situaci\u00f3n geopol\u00edtica en el mundo y su implicancia en la Patagonia","publisher":{"@id":"https:\/\/patagoniambiental.com.ar\/info\/#organization"},"potentialAction":[{"@type":"SearchAction","target":{"@type":"EntryPoint","urlTemplate":"https:\/\/patagoniambiental.com.ar\/info\/?s={search_term_string}"},"query-input":{"@type":"PropertyValueSpecification","valueRequired":true,"valueName":"search_term_string"}}],"inLanguage":"es"},{"@type":"Organization","@id":"https:\/\/patagoniambiental.com.ar\/info\/#organization","name":"Patagonia Ambiental","url":"https:\/\/patagoniambiental.com.ar\/info\/","logo":{"@type":"ImageObject","inLanguage":"es","@id":"https:\/\/patagoniambiental.com.ar\/info\/#\/schema\/logo\/image\/","url":"https:\/\/patagoniambiental.com.ar\/info\/wp-content\/uploads\/2025\/05\/LOGO-PATAGONIA-AMBIENTAL.png","contentUrl":"https:\/\/patagoniambiental.com.ar\/info\/wp-content\/uploads\/2025\/05\/LOGO-PATAGONIA-AMBIENTAL.png","width":433,"height":250,"caption":"Patagonia Ambiental"},"image":{"@id":"https:\/\/patagoniambiental.com.ar\/info\/#\/schema\/logo\/image\/"},"sameAs":["https:\/\/www.facebook.com\/patagonia.ambiental","https:\/\/x.com\/PatAmb"]},{"@type":"Person","@id":"https:\/\/patagoniambiental.com.ar\/info\/#\/schema\/person\/e5af09d700b2e82cb10c6b8800e0c691","name":"BRAIAN ESTEVEZ","sameAs":["http:\/\/www.patagoniambiental.com.ar"]}]}},"_links":{"self":[{"href":"https:\/\/patagoniambiental.com.ar\/info\/wp-json\/wp\/v2\/posts\/74262","targetHints":{"allow":["GET"]}}],"collection":[{"href":"https:\/\/patagoniambiental.com.ar\/info\/wp-json\/wp\/v2\/posts"}],"about":[{"href":"https:\/\/patagoniambiental.com.ar\/info\/wp-json\/wp\/v2\/types\/post"}],"author":[{"embeddable":true,"href":"https:\/\/patagoniambiental.com.ar\/info\/wp-json\/wp\/v2\/users\/6"}],"replies":[{"embeddable":true,"href":"https:\/\/patagoniambiental.com.ar\/info\/wp-json\/wp\/v2\/comments?post=74262"}],"version-history":[{"count":0,"href":"https:\/\/patagoniambiental.com.ar\/info\/wp-json\/wp\/v2\/posts\/74262\/revisions"}],"wp:featuredmedia":[{"embeddable":true,"href":"https:\/\/patagoniambiental.com.ar\/info\/wp-json\/wp\/v2\/media\/74263"}],"wp:attachment":[{"href":"https:\/\/patagoniambiental.com.ar\/info\/wp-json\/wp\/v2\/media?parent=74262"}],"wp:term":[{"taxonomy":"category","embeddable":true,"href":"https:\/\/patagoniambiental.com.ar\/info\/wp-json\/wp\/v2\/categories?post=74262"},{"taxonomy":"post_tag","embeddable":true,"href":"https:\/\/patagoniambiental.com.ar\/info\/wp-json\/wp\/v2\/tags?post=74262"}],"curies":[{"name":"wp","href":"https:\/\/api.w.org\/{rel}","templated":true}]}}