{"id":74271,"date":"2021-10-03T19:00:00","date_gmt":"2021-10-03T22:00:00","guid":{"rendered":"http:\/\/patagoniambiental.com.ar\/info\/?p=74271"},"modified":"2021-10-04T09:54:28","modified_gmt":"2021-10-04T12:54:28","slug":"buteler-y-minor-trabajan-en-el-bolson-tras-el-incendio-al-nuevo-centro-de-informes-turisticos","status":"publish","type":"post","link":"https:\/\/patagoniambiental.com.ar\/info\/buteler-y-minor-trabajan-en-el-bolson-tras-el-incendio-al-nuevo-centro-de-informes-turisticos\/","title":{"rendered":"Buteler y Minor trabajan en El Bols\u00f3n tras el incendio al nuevo Centro de Informes Tur\u00edsticos"},"content":{"rendered":"\n<!--more-->\n\n\n\n<h4 class=\"wp-block-heading\">El ministro de Gobierno y Comunidad de R\u00edo Negro, Rodrigo Buteler, y la secretaria de Estado de Seguridad y Justicia, Betiana Minor, llegaron a El Bols\u00f3n para acompa\u00f1ar al Intendente, Bruno Pogliano y toda la comunidad tras el incendio que afect\u00f3 al nuevo Centro de Informes Tur\u00edsticos de la localidad.<\/h4>\n\n\n\n<h6 class=\"wp-block-heading\">Fecha:&nbsp;<strong>3 de octubre de 2021<\/strong><\/h6>\n\n\n\n<figure class=\"wp-block-image\"><img decoding=\"async\" src=\"https:\/\/rionegro.gov.ar\/_next\/image?url=https%3A%2F%2Fsilvercoder.rionegro.gov.ar%2Ffiles%2F1633306844_61fb52e67216cef1f91a.jpg&amp;w=3840&amp;q=75\" alt=\"\"\/><\/figure>\n\n\n\n<p>Autoridades provinciales y municipales trabajan en el esclarecimiento del casoCr\u00e9dito:&nbsp;Gobierno de R\u00edo Negro<\/p>\n\n\n\n<p>Por pedido expreso de la Gobernadora, Arabela Carreras, ambos funcionarios se pusieron a disposici\u00f3n de la Justicia para el esclarecimiento de este hecho vand\u00e1lico, que perjudic\u00f3 una obra muy significativa para el Gobierno Provincial, la Municipalidad y todo el sector tur\u00edstico.<\/p>\n\n\n\n<p>En ese sentido, Buteler se\u00f1al\u00f3 que el impacto no solamente refiere a las p\u00e9rdidas materiales -que alcanzan los $10.000.000- sino tambi\u00e9n porque se trata de una obra muy simb\u00f3lica despu\u00e9s de lo vivido en pandemia por el sector tur\u00edstico.<\/p>\n\n\n\n<figure class=\"wp-block-embed\"><div class=\"wp-block-embed__wrapper\">\nhttps:\/\/w.soundcloud.com\/player\/?url=https:\/\/soundcloud.com\/comunicacionrn\/rodrigo-buteler-trabajan-en-el-bolson-tras-el-incendio-al-nuevo-centro-de-informes-turisticos\n<\/div><\/figure>\n\n\n\n<p>\u201cApenas se esclarezcan los hechos y la justicia nos lo permita, vamos a ponernos r\u00e1pidamente a trabajar para que esa obra se vuelva a poner en condiciones y podamos inaugurarla, porque era una obra que estaba terminada y ten\u00edamos fecha de inauguraci\u00f3n en los pr\u00f3ximos d\u00edas junto con la Gobernadora\u201d, manifest\u00f3 el Ministro.<\/p>\n\n\n\n<p>Por su parte, Minor afirm\u00f3 que seguramente desde la Fiscal\u00eda se convoque al personal calificado que sea necesaria \u201cpara realizar todas las pericias correspondientes e intentar dar con los responsables de este hecho vand\u00e1lico\u201d.<\/p>\n\n\n\n<figure class=\"wp-block-embed\"><div class=\"wp-block-embed__wrapper\">\nhttps:\/\/w.soundcloud.com\/player\/?url=https:\/\/soundcloud.com\/comunicacionrn\/betiana-minor-trabajan-en-el-bolson-tras-el-incendio-al-nuevo-centro-de-informes-turisticos\n<\/div><\/figure>\n\n\n\n<p>El Intendente Pogliano destac\u00f3 el apoyo recibido por parte del Gobierno de R\u00edo Negro y del senador nacional Alberto Weretilneck; adem\u00e1s de la presencia de ambos funcionarios provinciales \u201cpara estudiar y analizar esta situaci\u00f3n que nos golpea en lo m\u00e1s profundo a todos los vecinos de El Bols\u00f3n\u201d.<\/p>\n\n\n\n<figure class=\"wp-block-embed\"><div class=\"wp-block-embed__wrapper\">\nhttps:\/\/w.soundcloud.com\/player\/?url=https:\/\/soundcloud.com\/comunicacionrn\/bruno-pogliano-trabajan-en-el-bolson-tras-el-incendio-al-nuevo-centro-de-informes-turisticos\n<\/div><\/figure>\n\n\n\n<p>Remarc\u00f3 que es \u201cun d\u00eda muy triste para El Bols\u00f3n por este hecho de una intencionalidad marcada, se trata de una obra que nos cost\u00f3 mucho esfuerzo ejecutar\u201d.<\/p>\n\n\n\n<p>Fuente: https:\/\/rionegro.gov.ar\/articulo\/38889\/buteler-y-minor-trabajan-en-el-bolson-tras-el-incendio-al-nuevo-centro-de-informes-turisticos<\/p>\n","protected":false},"excerpt":{"rendered":"","protected":false},"author":6,"featured_media":74272,"comment_status":"open","ping_status":"open","sticky":false,"template":"","format":"standard","meta":{"site-sidebar-layout":"default","site-content-layout":"","ast-site-content-layout":"default","site-content-style":"default","site-sidebar-style":"default","ast-global-header-display":"","ast-banner-title-visibility":"","ast-main-header-display":"","ast-hfb-above-header-display":"","ast-hfb-below-header-display":"","ast-hfb-mobile-header-display":"","site-post-title":"","ast-breadcrumbs-content":"","ast-featured-img":"","footer-sml-layout":"","ast-disable-related-posts":"","theme-transparent-header-meta":"","adv-header-id-meta":"","stick-header-meta":"","header-above-stick-meta":"","header-main-stick-meta":"","header-below-stick-meta":"","astra-migrate-meta-layouts":"default","ast-page-background-enabled":"default","ast-page-background-meta":{"desktop":{"background-color":"var(--ast-global-color-5)","background-image":"","background-repeat":"repeat","background-position":"center center","background-size":"auto","background-attachment":"scroll","background-type":"","background-media":"","overlay-type":"","overlay-color":"","overlay-opacity":"","overlay-gradient":""},"tablet":{"background-color":"","background-image":"","background-repeat":"repeat","background-position":"center center","background-size":"auto","background-attachment":"scroll","background-type":"","background-media":"","overlay-type":"","overlay-color":"","overlay-opacity":"","overlay-gradient":""},"mobile":{"background-color":"","background-image":"","background-repeat":"repeat","background-position":"center center","background-size":"auto","background-attachment":"scroll","background-type":"","background-media":"","overlay-type":"","overlay-color":"","overlay-opacity":"","overlay-gradient":""}},"ast-content-background-meta":{"desktop":{"background-color":"var(--ast-global-color-4)","background-image":"","background-repeat":"repeat","background-position":"center center","background-size":"auto","background-attachment":"scroll","background-type":"","background-media":"","overlay-type":"","overlay-color":"","overlay-opacity":"","overlay-gradient":""},"tablet":{"background-color":"var(--ast-global-color-4)","background-image":"","background-repeat":"repeat","background-position":"center center","background-size":"auto","background-attachment":"scroll","background-type":"","background-media":"","overlay-type":"","overlay-color":"","overlay-opacity":"","overlay-gradient":""},"mobile":{"background-color":"var(--ast-global-color-4)","background-image":"","background-repeat":"repeat","background-position":"center center","background-size":"auto","background-attachment":"scroll","background-type":"","background-media":"","overlay-type":"","overlay-color":"","overlay-opacity":"","overlay-gradient":""}},"footnotes":""},"categories":[1,13,14],"tags":[],"class_list":["post-74271","post","type-post","status-publish","format-standard","has-post-thumbnail","hentry","category-noticias","category-provinciales","category-rio-negro"],"yoast_head":"<!-- This site is optimized with the Yoast SEO Premium plugin v23.0 (Yoast SEO v27.5) - https:\/\/yoast.com\/product\/yoast-seo-premium-wordpress\/ -->\n<title>Buteler y Minor trabajan en El Bols\u00f3n tras el incendio al nuevo Centro de Informes Tur\u00edsticos<\/title>\n<meta name=\"robots\" content=\"index, follow, max-snippet:-1, max-image-preview:large, max-video-preview:-1\" \/>\n<link rel=\"canonical\" href=\"https:\/\/patagoniambiental.com.ar\/info\/buteler-y-minor-trabajan-en-el-bolson-tras-el-incendio-al-nuevo-centro-de-informes-turisticos\/\" \/>\n<meta property=\"og:locale\" content=\"es_ES\" \/>\n<meta property=\"og:type\" content=\"article\" \/>\n<meta property=\"og:title\" content=\"Buteler y Minor trabajan en El Bols\u00f3n tras el incendio al nuevo Centro de Informes Tur\u00edsticos\" \/>\n<meta property=\"og:url\" content=\"https:\/\/patagoniambiental.com.ar\/info\/buteler-y-minor-trabajan-en-el-bolson-tras-el-incendio-al-nuevo-centro-de-informes-turisticos\/\" \/>\n<meta property=\"og:site_name\" content=\"Patagonia Ambiental\" \/>\n<meta property=\"article:publisher\" content=\"https:\/\/www.facebook.com\/patagonia.ambiental\" \/>\n<meta property=\"article:published_time\" content=\"2021-10-03T22:00:00+00:00\" \/>\n<meta property=\"article:modified_time\" content=\"2021-10-04T12:54:28+00:00\" \/>\n<meta property=\"og:image\" content=\"https:\/\/patagoniambiental.com.ar\/info\/wp-content\/uploads\/2021\/10\/Sin-titulo-1.jpg\" \/>\n\t<meta property=\"og:image:width\" content=\"988\" \/>\n\t<meta property=\"og:image:height\" content=\"557\" \/>\n\t<meta property=\"og:image:type\" content=\"image\/jpeg\" \/>\n<meta name=\"author\" content=\"BRAIAN ESTEVEZ\" \/>\n<meta name=\"twitter:card\" content=\"summary_large_image\" \/>\n<meta name=\"twitter:creator\" content=\"@PatAmb\" \/>\n<meta name=\"twitter:site\" content=\"@PatAmb\" \/>\n<script type=\"application\/ld+json\" class=\"yoast-schema-graph\">{\"@context\":\"https:\\\/\\\/schema.org\",\"@graph\":[{\"@type\":\"Article\",\"@id\":\"https:\\\/\\\/patagoniambiental.com.ar\\\/info\\\/buteler-y-minor-trabajan-en-el-bolson-tras-el-incendio-al-nuevo-centro-de-informes-turisticos\\\/#article\",\"isPartOf\":{\"@id\":\"https:\\\/\\\/patagoniambiental.com.ar\\\/info\\\/buteler-y-minor-trabajan-en-el-bolson-tras-el-incendio-al-nuevo-centro-de-informes-turisticos\\\/\"},\"author\":{\"name\":\"BRAIAN ESTEVEZ\",\"@id\":\"https:\\\/\\\/patagoniambiental.com.ar\\\/info\\\/#\\\/schema\\\/person\\\/e5af09d700b2e82cb10c6b8800e0c691\"},\"headline\":\"Buteler y Minor trabajan en El Bols\u00f3n tras el incendio al nuevo Centro de Informes Tur\u00edsticos\",\"datePublished\":\"2021-10-03T22:00:00+00:00\",\"dateModified\":\"2021-10-04T12:54:28+00:00\",\"mainEntityOfPage\":{\"@id\":\"https:\\\/\\\/patagoniambiental.com.ar\\\/info\\\/buteler-y-minor-trabajan-en-el-bolson-tras-el-incendio-al-nuevo-centro-de-informes-turisticos\\\/\"},\"wordCount\":400,\"commentCount\":0,\"publisher\":{\"@id\":\"https:\\\/\\\/patagoniambiental.com.ar\\\/info\\\/#organization\"},\"image\":{\"@id\":\"https:\\\/\\\/patagoniambiental.com.ar\\\/info\\\/buteler-y-minor-trabajan-en-el-bolson-tras-el-incendio-al-nuevo-centro-de-informes-turisticos\\\/#primaryimage\"},\"thumbnailUrl\":\"https:\\\/\\\/patagoniambiental.com.ar\\\/info\\\/wp-content\\\/uploads\\\/2021\\\/10\\\/Sin-titulo-1.jpg\",\"articleSection\":[\"Noticias\",\"Provinciales\",\"R\u00edo Negro\"],\"inLanguage\":\"es\",\"potentialAction\":[{\"@type\":\"CommentAction\",\"name\":\"Comment\",\"target\":[\"https:\\\/\\\/patagoniambiental.com.ar\\\/info\\\/buteler-y-minor-trabajan-en-el-bolson-tras-el-incendio-al-nuevo-centro-de-informes-turisticos\\\/#respond\"]}]},{\"@type\":\"WebPage\",\"@id\":\"https:\\\/\\\/patagoniambiental.com.ar\\\/info\\\/buteler-y-minor-trabajan-en-el-bolson-tras-el-incendio-al-nuevo-centro-de-informes-turisticos\\\/\",\"url\":\"https:\\\/\\\/patagoniambiental.com.ar\\\/info\\\/buteler-y-minor-trabajan-en-el-bolson-tras-el-incendio-al-nuevo-centro-de-informes-turisticos\\\/\",\"name\":\"Buteler y Minor trabajan en El Bols\u00f3n tras el incendio al nuevo Centro de Informes Tur\u00edsticos\",\"isPartOf\":{\"@id\":\"https:\\\/\\\/patagoniambiental.com.ar\\\/info\\\/#website\"},\"primaryImageOfPage\":{\"@id\":\"https:\\\/\\\/patagoniambiental.com.ar\\\/info\\\/buteler-y-minor-trabajan-en-el-bolson-tras-el-incendio-al-nuevo-centro-de-informes-turisticos\\\/#primaryimage\"},\"image\":{\"@id\":\"https:\\\/\\\/patagoniambiental.com.ar\\\/info\\\/buteler-y-minor-trabajan-en-el-bolson-tras-el-incendio-al-nuevo-centro-de-informes-turisticos\\\/#primaryimage\"},\"thumbnailUrl\":\"https:\\\/\\\/patagoniambiental.com.ar\\\/info\\\/wp-content\\\/uploads\\\/2021\\\/10\\\/Sin-titulo-1.jpg\",\"datePublished\":\"2021-10-03T22:00:00+00:00\",\"dateModified\":\"2021-10-04T12:54:28+00:00\",\"breadcrumb\":{\"@id\":\"https:\\\/\\\/patagoniambiental.com.ar\\\/info\\\/buteler-y-minor-trabajan-en-el-bolson-tras-el-incendio-al-nuevo-centro-de-informes-turisticos\\\/#breadcrumb\"},\"inLanguage\":\"es\",\"potentialAction\":[{\"@type\":\"ReadAction\",\"target\":[\"https:\\\/\\\/patagoniambiental.com.ar\\\/info\\\/buteler-y-minor-trabajan-en-el-bolson-tras-el-incendio-al-nuevo-centro-de-informes-turisticos\\\/\"]}]},{\"@type\":\"ImageObject\",\"inLanguage\":\"es\",\"@id\":\"https:\\\/\\\/patagoniambiental.com.ar\\\/info\\\/buteler-y-minor-trabajan-en-el-bolson-tras-el-incendio-al-nuevo-centro-de-informes-turisticos\\\/#primaryimage\",\"url\":\"https:\\\/\\\/patagoniambiental.com.ar\\\/info\\\/wp-content\\\/uploads\\\/2021\\\/10\\\/Sin-titulo-1.jpg\",\"contentUrl\":\"https:\\\/\\\/patagoniambiental.com.ar\\\/info\\\/wp-content\\\/uploads\\\/2021\\\/10\\\/Sin-titulo-1.jpg\",\"width\":988,\"height\":557},{\"@type\":\"BreadcrumbList\",\"@id\":\"https:\\\/\\\/patagoniambiental.com.ar\\\/info\\\/buteler-y-minor-trabajan-en-el-bolson-tras-el-incendio-al-nuevo-centro-de-informes-turisticos\\\/#breadcrumb\",\"itemListElement\":[{\"@type\":\"ListItem\",\"position\":1,\"name\":\"Inicio\",\"item\":\"https:\\\/\\\/patagoniambiental.com.ar\\\/info\\\/\"},{\"@type\":\"ListItem\",\"position\":2,\"name\":\"Buteler y Minor trabajan en El Bols\u00f3n tras el incendio al nuevo Centro de Informes Tur\u00edsticos\"}]},{\"@type\":\"WebSite\",\"@id\":\"https:\\\/\\\/patagoniambiental.com.ar\\\/info\\\/#website\",\"url\":\"https:\\\/\\\/patagoniambiental.com.ar\\\/info\\\/\",\"name\":\"Patagonia Ambiental\",\"description\":\"Monitoreo y an\u00e1lisis de la situaci\u00f3n geopol\u00edtica en el mundo y su implicancia en la Patagonia\",\"publisher\":{\"@id\":\"https:\\\/\\\/patagoniambiental.com.ar\\\/info\\\/#organization\"},\"potentialAction\":[{\"@type\":\"SearchAction\",\"target\":{\"@type\":\"EntryPoint\",\"urlTemplate\":\"https:\\\/\\\/patagoniambiental.com.ar\\\/info\\\/?s={search_term_string}\"},\"query-input\":{\"@type\":\"PropertyValueSpecification\",\"valueRequired\":true,\"valueName\":\"search_term_string\"}}],\"inLanguage\":\"es\"},{\"@type\":\"Organization\",\"@id\":\"https:\\\/\\\/patagoniambiental.com.ar\\\/info\\\/#organization\",\"name\":\"Patagonia Ambiental\",\"url\":\"https:\\\/\\\/patagoniambiental.com.ar\\\/info\\\/\",\"logo\":{\"@type\":\"ImageObject\",\"inLanguage\":\"es\",\"@id\":\"https:\\\/\\\/patagoniambiental.com.ar\\\/info\\\/#\\\/schema\\\/logo\\\/image\\\/\",\"url\":\"https:\\\/\\\/patagoniambiental.com.ar\\\/info\\\/wp-content\\\/uploads\\\/2025\\\/05\\\/LOGO-PATAGONIA-AMBIENTAL.png\",\"contentUrl\":\"https:\\\/\\\/patagoniambiental.com.ar\\\/info\\\/wp-content\\\/uploads\\\/2025\\\/05\\\/LOGO-PATAGONIA-AMBIENTAL.png\",\"width\":433,\"height\":250,\"caption\":\"Patagonia Ambiental\"},\"image\":{\"@id\":\"https:\\\/\\\/patagoniambiental.com.ar\\\/info\\\/#\\\/schema\\\/logo\\\/image\\\/\"},\"sameAs\":[\"https:\\\/\\\/www.facebook.com\\\/patagonia.ambiental\",\"https:\\\/\\\/x.com\\\/PatAmb\"]},{\"@type\":\"Person\",\"@id\":\"https:\\\/\\\/patagoniambiental.com.ar\\\/info\\\/#\\\/schema\\\/person\\\/e5af09d700b2e82cb10c6b8800e0c691\",\"name\":\"BRAIAN ESTEVEZ\",\"sameAs\":[\"http:\\\/\\\/www.patagoniambiental.com.ar\"]}]}<\/script>\n<!-- \/ Yoast SEO Premium plugin. -->","yoast_head_json":{"title":"Buteler y Minor trabajan en El Bols\u00f3n tras el incendio al nuevo Centro de Informes Tur\u00edsticos","robots":{"index":"index","follow":"follow","max-snippet":"max-snippet:-1","max-image-preview":"max-image-preview:large","max-video-preview":"max-video-preview:-1"},"canonical":"https:\/\/patagoniambiental.com.ar\/info\/buteler-y-minor-trabajan-en-el-bolson-tras-el-incendio-al-nuevo-centro-de-informes-turisticos\/","og_locale":"es_ES","og_type":"article","og_title":"Buteler y Minor trabajan en El Bols\u00f3n tras el incendio al nuevo Centro de Informes Tur\u00edsticos","og_url":"https:\/\/patagoniambiental.com.ar\/info\/buteler-y-minor-trabajan-en-el-bolson-tras-el-incendio-al-nuevo-centro-de-informes-turisticos\/","og_site_name":"Patagonia Ambiental","article_publisher":"https:\/\/www.facebook.com\/patagonia.ambiental","article_published_time":"2021-10-03T22:00:00+00:00","article_modified_time":"2021-10-04T12:54:28+00:00","og_image":[{"width":988,"height":557,"url":"https:\/\/patagoniambiental.com.ar\/info\/wp-content\/uploads\/2021\/10\/Sin-titulo-1.jpg","type":"image\/jpeg"}],"author":"BRAIAN ESTEVEZ","twitter_card":"summary_large_image","twitter_creator":"@PatAmb","twitter_site":"@PatAmb","schema":{"@context":"https:\/\/schema.org","@graph":[{"@type":"Article","@id":"https:\/\/patagoniambiental.com.ar\/info\/buteler-y-minor-trabajan-en-el-bolson-tras-el-incendio-al-nuevo-centro-de-informes-turisticos\/#article","isPartOf":{"@id":"https:\/\/patagoniambiental.com.ar\/info\/buteler-y-minor-trabajan-en-el-bolson-tras-el-incendio-al-nuevo-centro-de-informes-turisticos\/"},"author":{"name":"BRAIAN ESTEVEZ","@id":"https:\/\/patagoniambiental.com.ar\/info\/#\/schema\/person\/e5af09d700b2e82cb10c6b8800e0c691"},"headline":"Buteler y Minor trabajan en El Bols\u00f3n tras el incendio al nuevo Centro de Informes Tur\u00edsticos","datePublished":"2021-10-03T22:00:00+00:00","dateModified":"2021-10-04T12:54:28+00:00","mainEntityOfPage":{"@id":"https:\/\/patagoniambiental.com.ar\/info\/buteler-y-minor-trabajan-en-el-bolson-tras-el-incendio-al-nuevo-centro-de-informes-turisticos\/"},"wordCount":400,"commentCount":0,"publisher":{"@id":"https:\/\/patagoniambiental.com.ar\/info\/#organization"},"image":{"@id":"https:\/\/patagoniambiental.com.ar\/info\/buteler-y-minor-trabajan-en-el-bolson-tras-el-incendio-al-nuevo-centro-de-informes-turisticos\/#primaryimage"},"thumbnailUrl":"https:\/\/patagoniambiental.com.ar\/info\/wp-content\/uploads\/2021\/10\/Sin-titulo-1.jpg","articleSection":["Noticias","Provinciales","R\u00edo Negro"],"inLanguage":"es","potentialAction":[{"@type":"CommentAction","name":"Comment","target":["https:\/\/patagoniambiental.com.ar\/info\/buteler-y-minor-trabajan-en-el-bolson-tras-el-incendio-al-nuevo-centro-de-informes-turisticos\/#respond"]}]},{"@type":"WebPage","@id":"https:\/\/patagoniambiental.com.ar\/info\/buteler-y-minor-trabajan-en-el-bolson-tras-el-incendio-al-nuevo-centro-de-informes-turisticos\/","url":"https:\/\/patagoniambiental.com.ar\/info\/buteler-y-minor-trabajan-en-el-bolson-tras-el-incendio-al-nuevo-centro-de-informes-turisticos\/","name":"Buteler y Minor trabajan en El Bols\u00f3n tras el incendio al nuevo Centro de Informes Tur\u00edsticos","isPartOf":{"@id":"https:\/\/patagoniambiental.com.ar\/info\/#website"},"primaryImageOfPage":{"@id":"https:\/\/patagoniambiental.com.ar\/info\/buteler-y-minor-trabajan-en-el-bolson-tras-el-incendio-al-nuevo-centro-de-informes-turisticos\/#primaryimage"},"image":{"@id":"https:\/\/patagoniambiental.com.ar\/info\/buteler-y-minor-trabajan-en-el-bolson-tras-el-incendio-al-nuevo-centro-de-informes-turisticos\/#primaryimage"},"thumbnailUrl":"https:\/\/patagoniambiental.com.ar\/info\/wp-content\/uploads\/2021\/10\/Sin-titulo-1.jpg","datePublished":"2021-10-03T22:00:00+00:00","dateModified":"2021-10-04T12:54:28+00:00","breadcrumb":{"@id":"https:\/\/patagoniambiental.com.ar\/info\/buteler-y-minor-trabajan-en-el-bolson-tras-el-incendio-al-nuevo-centro-de-informes-turisticos\/#breadcrumb"},"inLanguage":"es","potentialAction":[{"@type":"ReadAction","target":["https:\/\/patagoniambiental.com.ar\/info\/buteler-y-minor-trabajan-en-el-bolson-tras-el-incendio-al-nuevo-centro-de-informes-turisticos\/"]}]},{"@type":"ImageObject","inLanguage":"es","@id":"https:\/\/patagoniambiental.com.ar\/info\/buteler-y-minor-trabajan-en-el-bolson-tras-el-incendio-al-nuevo-centro-de-informes-turisticos\/#primaryimage","url":"https:\/\/patagoniambiental.com.ar\/info\/wp-content\/uploads\/2021\/10\/Sin-titulo-1.jpg","contentUrl":"https:\/\/patagoniambiental.com.ar\/info\/wp-content\/uploads\/2021\/10\/Sin-titulo-1.jpg","width":988,"height":557},{"@type":"BreadcrumbList","@id":"https:\/\/patagoniambiental.com.ar\/info\/buteler-y-minor-trabajan-en-el-bolson-tras-el-incendio-al-nuevo-centro-de-informes-turisticos\/#breadcrumb","itemListElement":[{"@type":"ListItem","position":1,"name":"Inicio","item":"https:\/\/patagoniambiental.com.ar\/info\/"},{"@type":"ListItem","position":2,"name":"Buteler y Minor trabajan en El Bols\u00f3n tras el incendio al nuevo Centro de Informes Tur\u00edsticos"}]},{"@type":"WebSite","@id":"https:\/\/patagoniambiental.com.ar\/info\/#website","url":"https:\/\/patagoniambiental.com.ar\/info\/","name":"Patagonia Ambiental","description":"Monitoreo y an\u00e1lisis de la situaci\u00f3n geopol\u00edtica en el mundo y su implicancia en la Patagonia","publisher":{"@id":"https:\/\/patagoniambiental.com.ar\/info\/#organization"},"potentialAction":[{"@type":"SearchAction","target":{"@type":"EntryPoint","urlTemplate":"https:\/\/patagoniambiental.com.ar\/info\/?s={search_term_string}"},"query-input":{"@type":"PropertyValueSpecification","valueRequired":true,"valueName":"search_term_string"}}],"inLanguage":"es"},{"@type":"Organization","@id":"https:\/\/patagoniambiental.com.ar\/info\/#organization","name":"Patagonia Ambiental","url":"https:\/\/patagoniambiental.com.ar\/info\/","logo":{"@type":"ImageObject","inLanguage":"es","@id":"https:\/\/patagoniambiental.com.ar\/info\/#\/schema\/logo\/image\/","url":"https:\/\/patagoniambiental.com.ar\/info\/wp-content\/uploads\/2025\/05\/LOGO-PATAGONIA-AMBIENTAL.png","contentUrl":"https:\/\/patagoniambiental.com.ar\/info\/wp-content\/uploads\/2025\/05\/LOGO-PATAGONIA-AMBIENTAL.png","width":433,"height":250,"caption":"Patagonia Ambiental"},"image":{"@id":"https:\/\/patagoniambiental.com.ar\/info\/#\/schema\/logo\/image\/"},"sameAs":["https:\/\/www.facebook.com\/patagonia.ambiental","https:\/\/x.com\/PatAmb"]},{"@type":"Person","@id":"https:\/\/patagoniambiental.com.ar\/info\/#\/schema\/person\/e5af09d700b2e82cb10c6b8800e0c691","name":"BRAIAN ESTEVEZ","sameAs":["http:\/\/www.patagoniambiental.com.ar"]}]}},"_links":{"self":[{"href":"https:\/\/patagoniambiental.com.ar\/info\/wp-json\/wp\/v2\/posts\/74271","targetHints":{"allow":["GET"]}}],"collection":[{"href":"https:\/\/patagoniambiental.com.ar\/info\/wp-json\/wp\/v2\/posts"}],"about":[{"href":"https:\/\/patagoniambiental.com.ar\/info\/wp-json\/wp\/v2\/types\/post"}],"author":[{"embeddable":true,"href":"https:\/\/patagoniambiental.com.ar\/info\/wp-json\/wp\/v2\/users\/6"}],"replies":[{"embeddable":true,"href":"https:\/\/patagoniambiental.com.ar\/info\/wp-json\/wp\/v2\/comments?post=74271"}],"version-history":[{"count":0,"href":"https:\/\/patagoniambiental.com.ar\/info\/wp-json\/wp\/v2\/posts\/74271\/revisions"}],"wp:featuredmedia":[{"embeddable":true,"href":"https:\/\/patagoniambiental.com.ar\/info\/wp-json\/wp\/v2\/media\/74272"}],"wp:attachment":[{"href":"https:\/\/patagoniambiental.com.ar\/info\/wp-json\/wp\/v2\/media?parent=74271"}],"wp:term":[{"taxonomy":"category","embeddable":true,"href":"https:\/\/patagoniambiental.com.ar\/info\/wp-json\/wp\/v2\/categories?post=74271"},{"taxonomy":"post_tag","embeddable":true,"href":"https:\/\/patagoniambiental.com.ar\/info\/wp-json\/wp\/v2\/tags?post=74271"}],"curies":[{"name":"wp","href":"https:\/\/api.w.org\/{rel}","templated":true}]}}