{"id":74286,"date":"2021-10-05T18:21:24","date_gmt":"2021-10-05T21:21:24","guid":{"rendered":"http:\/\/patagoniambiental.com.ar\/info\/?p=74286"},"modified":"2021-10-05T18:21:27","modified_gmt":"2021-10-05T21:21:27","slug":"se-aprobo-por-mayoria-el-proyecto-de-eficiencia-energetica-en-inmuebles-de-la-provincia-de-rio-negro","status":"publish","type":"post","link":"https:\/\/patagoniambiental.com.ar\/info\/se-aprobo-por-mayoria-el-proyecto-de-eficiencia-energetica-en-inmuebles-de-la-provincia-de-rio-negro\/","title":{"rendered":"Se aprob\u00f3 por mayor\u00eda el Proyecto de Eficiencia energ\u00e9tica en inmuebles de la Provincia de Rio Negro"},"content":{"rendered":"\n<!--more-->\n\n\n\n<p>Viedma.-El legislador Dar\u00edo Ib\u00e1\u00f1ez Huayquian se refiri\u00f3 al Proyecto de Ley\u00a0 del Poder Ejecutivo que establece el marco para la evaluaci\u00f3n, caracterizaci\u00f3n e identificaci\u00f3n del nivel de eficiencia energ\u00e9tica de inmuebles existentes o en proyectos de construcci\u00f3n en base a un etiquetado y que en ese sentido obtendr\u00e1n a cambio del uso eficiente de la energ\u00eda, un descuento impositivo.\u00a0Con acompa\u00f1amiento de colegios profesionales, el proyecto contempla adem\u00e1s la progresi\u00f3n en materia de mejoras que podr\u00edan introducirse, argument\u00f3 el legislador Ib\u00e1\u00f1ez Huayquian.<\/p>\n\n\n\n<hr class=\"wp-block-separator\"\/>\n\n\n\n<p><strong>\u00c1rea de Comunicaci\u00f3n y Prensa<\/strong><strong>Bloque de Legisladores<br>Juntos&nbsp;Somos R\u00edo Negro<\/strong><a href=\"https:\/\/bloquejsrn.com.ar\/portal\/\" target=\"_blank\" rel=\"noreferrer noopener\">https:\/\/bloquejsrn.com.ar\/portal\/<\/a><\/p>\n","protected":false},"excerpt":{"rendered":"","protected":false},"author":6,"featured_media":74287,"comment_status":"open","ping_status":"open","sticky":false,"template":"","format":"standard","meta":{"site-sidebar-layout":"default","site-content-layout":"","ast-site-content-layout":"default","site-content-style":"default","site-sidebar-style":"default","ast-global-header-display":"","ast-banner-title-visibility":"","ast-main-header-display":"","ast-hfb-above-header-display":"","ast-hfb-below-header-display":"","ast-hfb-mobile-header-display":"","site-post-title":"","ast-breadcrumbs-content":"","ast-featured-img":"","footer-sml-layout":"","ast-disable-related-posts":"","theme-transparent-header-meta":"","adv-header-id-meta":"","stick-header-meta":"","header-above-stick-meta":"","header-main-stick-meta":"","header-below-stick-meta":"","astra-migrate-meta-layouts":"default","ast-page-background-enabled":"default","ast-page-background-meta":{"desktop":{"background-color":"var(--ast-global-color-5)","background-image":"","background-repeat":"repeat","background-position":"center center","background-size":"auto","background-attachment":"scroll","background-type":"","background-media":"","overlay-type":"","overlay-color":"","overlay-opacity":"","overlay-gradient":""},"tablet":{"background-color":"","background-image":"","background-repeat":"repeat","background-position":"center center","background-size":"auto","background-attachment":"scroll","background-type":"","background-media":"","overlay-type":"","overlay-color":"","overlay-opacity":"","overlay-gradient":""},"mobile":{"background-color":"","background-image":"","background-repeat":"repeat","background-position":"center center","background-size":"auto","background-attachment":"scroll","background-type":"","background-media":"","overlay-type":"","overlay-color":"","overlay-opacity":"","overlay-gradient":""}},"ast-content-background-meta":{"desktop":{"background-color":"var(--ast-global-color-4)","background-image":"","background-repeat":"repeat","background-position":"center center","background-size":"auto","background-attachment":"scroll","background-type":"","background-media":"","overlay-type":"","overlay-color":"","overlay-opacity":"","overlay-gradient":""},"tablet":{"background-color":"var(--ast-global-color-4)","background-image":"","background-repeat":"repeat","background-position":"center center","background-size":"auto","background-attachment":"scroll","background-type":"","background-media":"","overlay-type":"","overlay-color":"","overlay-opacity":"","overlay-gradient":""},"mobile":{"background-color":"var(--ast-global-color-4)","background-image":"","background-repeat":"repeat","background-position":"center center","background-size":"auto","background-attachment":"scroll","background-type":"","background-media":"","overlay-type":"","overlay-color":"","overlay-opacity":"","overlay-gradient":""}},"footnotes":""},"categories":[1,13,14],"tags":[],"class_list":["post-74286","post","type-post","status-publish","format-standard","has-post-thumbnail","hentry","category-noticias","category-provinciales","category-rio-negro"],"yoast_head":"<!-- This site is optimized with the Yoast SEO Premium plugin v23.0 (Yoast SEO v27.5) - https:\/\/yoast.com\/product\/yoast-seo-premium-wordpress\/ -->\n<title>Se aprob\u00f3 por mayor\u00eda el Proyecto de Eficiencia energ\u00e9tica en inmuebles de la Provincia de Rio Negro<\/title>\n<meta name=\"robots\" content=\"index, follow, max-snippet:-1, max-image-preview:large, max-video-preview:-1\" \/>\n<link rel=\"canonical\" href=\"https:\/\/patagoniambiental.com.ar\/info\/se-aprobo-por-mayoria-el-proyecto-de-eficiencia-energetica-en-inmuebles-de-la-provincia-de-rio-negro\/\" \/>\n<meta property=\"og:locale\" content=\"es_ES\" \/>\n<meta property=\"og:type\" content=\"article\" \/>\n<meta property=\"og:title\" content=\"Se aprob\u00f3 por mayor\u00eda el Proyecto de Eficiencia energ\u00e9tica en inmuebles de la Provincia de Rio Negro\" \/>\n<meta property=\"og:url\" content=\"https:\/\/patagoniambiental.com.ar\/info\/se-aprobo-por-mayoria-el-proyecto-de-eficiencia-energetica-en-inmuebles-de-la-provincia-de-rio-negro\/\" \/>\n<meta property=\"og:site_name\" content=\"Patagonia Ambiental\" \/>\n<meta property=\"article:publisher\" content=\"https:\/\/www.facebook.com\/patagonia.ambiental\" \/>\n<meta property=\"article:published_time\" content=\"2021-10-05T21:21:24+00:00\" \/>\n<meta property=\"article:modified_time\" content=\"2021-10-05T21:21:27+00:00\" \/>\n<meta property=\"og:image\" content=\"https:\/\/patagoniambiental.com.ar\/info\/wp-content\/uploads\/2021\/10\/thumbnail_Ibanez-Huayquian5-11.jpg\" \/>\n\t<meta property=\"og:image:width\" content=\"1280\" \/>\n\t<meta property=\"og:image:height\" content=\"719\" \/>\n\t<meta property=\"og:image:type\" content=\"image\/jpeg\" \/>\n<meta name=\"author\" content=\"BRAIAN ESTEVEZ\" \/>\n<meta name=\"twitter:card\" content=\"summary_large_image\" \/>\n<meta name=\"twitter:creator\" content=\"@PatAmb\" \/>\n<meta name=\"twitter:site\" content=\"@PatAmb\" \/>\n<script type=\"application\/ld+json\" class=\"yoast-schema-graph\">{\"@context\":\"https:\\\/\\\/schema.org\",\"@graph\":[{\"@type\":\"Article\",\"@id\":\"https:\\\/\\\/patagoniambiental.com.ar\\\/info\\\/se-aprobo-por-mayoria-el-proyecto-de-eficiencia-energetica-en-inmuebles-de-la-provincia-de-rio-negro\\\/#article\",\"isPartOf\":{\"@id\":\"https:\\\/\\\/patagoniambiental.com.ar\\\/info\\\/se-aprobo-por-mayoria-el-proyecto-de-eficiencia-energetica-en-inmuebles-de-la-provincia-de-rio-negro\\\/\"},\"author\":{\"name\":\"BRAIAN ESTEVEZ\",\"@id\":\"https:\\\/\\\/patagoniambiental.com.ar\\\/info\\\/#\\\/schema\\\/person\\\/e5af09d700b2e82cb10c6b8800e0c691\"},\"headline\":\"Se aprob\u00f3 por mayor\u00eda el Proyecto de Eficiencia energ\u00e9tica en inmuebles de la Provincia de Rio Negro\",\"datePublished\":\"2021-10-05T21:21:24+00:00\",\"dateModified\":\"2021-10-05T21:21:27+00:00\",\"mainEntityOfPage\":{\"@id\":\"https:\\\/\\\/patagoniambiental.com.ar\\\/info\\\/se-aprobo-por-mayoria-el-proyecto-de-eficiencia-energetica-en-inmuebles-de-la-provincia-de-rio-negro\\\/\"},\"wordCount\":135,\"commentCount\":0,\"publisher\":{\"@id\":\"https:\\\/\\\/patagoniambiental.com.ar\\\/info\\\/#organization\"},\"image\":{\"@id\":\"https:\\\/\\\/patagoniambiental.com.ar\\\/info\\\/se-aprobo-por-mayoria-el-proyecto-de-eficiencia-energetica-en-inmuebles-de-la-provincia-de-rio-negro\\\/#primaryimage\"},\"thumbnailUrl\":\"https:\\\/\\\/patagoniambiental.com.ar\\\/info\\\/wp-content\\\/uploads\\\/2021\\\/10\\\/thumbnail_Ibanez-Huayquian5-11.jpg\",\"articleSection\":[\"Noticias\",\"Provinciales\",\"R\u00edo Negro\"],\"inLanguage\":\"es\",\"potentialAction\":[{\"@type\":\"CommentAction\",\"name\":\"Comment\",\"target\":[\"https:\\\/\\\/patagoniambiental.com.ar\\\/info\\\/se-aprobo-por-mayoria-el-proyecto-de-eficiencia-energetica-en-inmuebles-de-la-provincia-de-rio-negro\\\/#respond\"]}]},{\"@type\":\"WebPage\",\"@id\":\"https:\\\/\\\/patagoniambiental.com.ar\\\/info\\\/se-aprobo-por-mayoria-el-proyecto-de-eficiencia-energetica-en-inmuebles-de-la-provincia-de-rio-negro\\\/\",\"url\":\"https:\\\/\\\/patagoniambiental.com.ar\\\/info\\\/se-aprobo-por-mayoria-el-proyecto-de-eficiencia-energetica-en-inmuebles-de-la-provincia-de-rio-negro\\\/\",\"name\":\"Se aprob\u00f3 por mayor\u00eda el Proyecto de Eficiencia energ\u00e9tica en inmuebles de la Provincia de Rio Negro\",\"isPartOf\":{\"@id\":\"https:\\\/\\\/patagoniambiental.com.ar\\\/info\\\/#website\"},\"primaryImageOfPage\":{\"@id\":\"https:\\\/\\\/patagoniambiental.com.ar\\\/info\\\/se-aprobo-por-mayoria-el-proyecto-de-eficiencia-energetica-en-inmuebles-de-la-provincia-de-rio-negro\\\/#primaryimage\"},\"image\":{\"@id\":\"https:\\\/\\\/patagoniambiental.com.ar\\\/info\\\/se-aprobo-por-mayoria-el-proyecto-de-eficiencia-energetica-en-inmuebles-de-la-provincia-de-rio-negro\\\/#primaryimage\"},\"thumbnailUrl\":\"https:\\\/\\\/patagoniambiental.com.ar\\\/info\\\/wp-content\\\/uploads\\\/2021\\\/10\\\/thumbnail_Ibanez-Huayquian5-11.jpg\",\"datePublished\":\"2021-10-05T21:21:24+00:00\",\"dateModified\":\"2021-10-05T21:21:27+00:00\",\"breadcrumb\":{\"@id\":\"https:\\\/\\\/patagoniambiental.com.ar\\\/info\\\/se-aprobo-por-mayoria-el-proyecto-de-eficiencia-energetica-en-inmuebles-de-la-provincia-de-rio-negro\\\/#breadcrumb\"},\"inLanguage\":\"es\",\"potentialAction\":[{\"@type\":\"ReadAction\",\"target\":[\"https:\\\/\\\/patagoniambiental.com.ar\\\/info\\\/se-aprobo-por-mayoria-el-proyecto-de-eficiencia-energetica-en-inmuebles-de-la-provincia-de-rio-negro\\\/\"]}]},{\"@type\":\"ImageObject\",\"inLanguage\":\"es\",\"@id\":\"https:\\\/\\\/patagoniambiental.com.ar\\\/info\\\/se-aprobo-por-mayoria-el-proyecto-de-eficiencia-energetica-en-inmuebles-de-la-provincia-de-rio-negro\\\/#primaryimage\",\"url\":\"https:\\\/\\\/patagoniambiental.com.ar\\\/info\\\/wp-content\\\/uploads\\\/2021\\\/10\\\/thumbnail_Ibanez-Huayquian5-11.jpg\",\"contentUrl\":\"https:\\\/\\\/patagoniambiental.com.ar\\\/info\\\/wp-content\\\/uploads\\\/2021\\\/10\\\/thumbnail_Ibanez-Huayquian5-11.jpg\",\"width\":1068,\"height\":600},{\"@type\":\"BreadcrumbList\",\"@id\":\"https:\\\/\\\/patagoniambiental.com.ar\\\/info\\\/se-aprobo-por-mayoria-el-proyecto-de-eficiencia-energetica-en-inmuebles-de-la-provincia-de-rio-negro\\\/#breadcrumb\",\"itemListElement\":[{\"@type\":\"ListItem\",\"position\":1,\"name\":\"Inicio\",\"item\":\"https:\\\/\\\/patagoniambiental.com.ar\\\/info\\\/\"},{\"@type\":\"ListItem\",\"position\":2,\"name\":\"Se aprob\u00f3 por mayor\u00eda el Proyecto de Eficiencia energ\u00e9tica en inmuebles de la Provincia de Rio Negro\"}]},{\"@type\":\"WebSite\",\"@id\":\"https:\\\/\\\/patagoniambiental.com.ar\\\/info\\\/#website\",\"url\":\"https:\\\/\\\/patagoniambiental.com.ar\\\/info\\\/\",\"name\":\"Patagonia Ambiental\",\"description\":\"Monitoreo y an\u00e1lisis de la situaci\u00f3n geopol\u00edtica en el mundo y su implicancia en la Patagonia\",\"publisher\":{\"@id\":\"https:\\\/\\\/patagoniambiental.com.ar\\\/info\\\/#organization\"},\"potentialAction\":[{\"@type\":\"SearchAction\",\"target\":{\"@type\":\"EntryPoint\",\"urlTemplate\":\"https:\\\/\\\/patagoniambiental.com.ar\\\/info\\\/?s={search_term_string}\"},\"query-input\":{\"@type\":\"PropertyValueSpecification\",\"valueRequired\":true,\"valueName\":\"search_term_string\"}}],\"inLanguage\":\"es\"},{\"@type\":\"Organization\",\"@id\":\"https:\\\/\\\/patagoniambiental.com.ar\\\/info\\\/#organization\",\"name\":\"Patagonia Ambiental\",\"url\":\"https:\\\/\\\/patagoniambiental.com.ar\\\/info\\\/\",\"logo\":{\"@type\":\"ImageObject\",\"inLanguage\":\"es\",\"@id\":\"https:\\\/\\\/patagoniambiental.com.ar\\\/info\\\/#\\\/schema\\\/logo\\\/image\\\/\",\"url\":\"https:\\\/\\\/patagoniambiental.com.ar\\\/info\\\/wp-content\\\/uploads\\\/2025\\\/05\\\/LOGO-PATAGONIA-AMBIENTAL.png\",\"contentUrl\":\"https:\\\/\\\/patagoniambiental.com.ar\\\/info\\\/wp-content\\\/uploads\\\/2025\\\/05\\\/LOGO-PATAGONIA-AMBIENTAL.png\",\"width\":433,\"height\":250,\"caption\":\"Patagonia Ambiental\"},\"image\":{\"@id\":\"https:\\\/\\\/patagoniambiental.com.ar\\\/info\\\/#\\\/schema\\\/logo\\\/image\\\/\"},\"sameAs\":[\"https:\\\/\\\/www.facebook.com\\\/patagonia.ambiental\",\"https:\\\/\\\/x.com\\\/PatAmb\"]},{\"@type\":\"Person\",\"@id\":\"https:\\\/\\\/patagoniambiental.com.ar\\\/info\\\/#\\\/schema\\\/person\\\/e5af09d700b2e82cb10c6b8800e0c691\",\"name\":\"BRAIAN ESTEVEZ\",\"sameAs\":[\"http:\\\/\\\/www.patagoniambiental.com.ar\"]}]}<\/script>\n<!-- \/ Yoast SEO Premium plugin. -->","yoast_head_json":{"title":"Se aprob\u00f3 por mayor\u00eda el Proyecto de Eficiencia energ\u00e9tica en inmuebles de la Provincia de Rio Negro","robots":{"index":"index","follow":"follow","max-snippet":"max-snippet:-1","max-image-preview":"max-image-preview:large","max-video-preview":"max-video-preview:-1"},"canonical":"https:\/\/patagoniambiental.com.ar\/info\/se-aprobo-por-mayoria-el-proyecto-de-eficiencia-energetica-en-inmuebles-de-la-provincia-de-rio-negro\/","og_locale":"es_ES","og_type":"article","og_title":"Se aprob\u00f3 por mayor\u00eda el Proyecto de Eficiencia energ\u00e9tica en inmuebles de la Provincia de Rio Negro","og_url":"https:\/\/patagoniambiental.com.ar\/info\/se-aprobo-por-mayoria-el-proyecto-de-eficiencia-energetica-en-inmuebles-de-la-provincia-de-rio-negro\/","og_site_name":"Patagonia Ambiental","article_publisher":"https:\/\/www.facebook.com\/patagonia.ambiental","article_published_time":"2021-10-05T21:21:24+00:00","article_modified_time":"2021-10-05T21:21:27+00:00","og_image":[{"width":1280,"height":719,"url":"https:\/\/patagoniambiental.com.ar\/info\/wp-content\/uploads\/2021\/10\/thumbnail_Ibanez-Huayquian5-11.jpg","type":"image\/jpeg"}],"author":"BRAIAN ESTEVEZ","twitter_card":"summary_large_image","twitter_creator":"@PatAmb","twitter_site":"@PatAmb","schema":{"@context":"https:\/\/schema.org","@graph":[{"@type":"Article","@id":"https:\/\/patagoniambiental.com.ar\/info\/se-aprobo-por-mayoria-el-proyecto-de-eficiencia-energetica-en-inmuebles-de-la-provincia-de-rio-negro\/#article","isPartOf":{"@id":"https:\/\/patagoniambiental.com.ar\/info\/se-aprobo-por-mayoria-el-proyecto-de-eficiencia-energetica-en-inmuebles-de-la-provincia-de-rio-negro\/"},"author":{"name":"BRAIAN ESTEVEZ","@id":"https:\/\/patagoniambiental.com.ar\/info\/#\/schema\/person\/e5af09d700b2e82cb10c6b8800e0c691"},"headline":"Se aprob\u00f3 por mayor\u00eda el Proyecto de Eficiencia energ\u00e9tica en inmuebles de la Provincia de Rio Negro","datePublished":"2021-10-05T21:21:24+00:00","dateModified":"2021-10-05T21:21:27+00:00","mainEntityOfPage":{"@id":"https:\/\/patagoniambiental.com.ar\/info\/se-aprobo-por-mayoria-el-proyecto-de-eficiencia-energetica-en-inmuebles-de-la-provincia-de-rio-negro\/"},"wordCount":135,"commentCount":0,"publisher":{"@id":"https:\/\/patagoniambiental.com.ar\/info\/#organization"},"image":{"@id":"https:\/\/patagoniambiental.com.ar\/info\/se-aprobo-por-mayoria-el-proyecto-de-eficiencia-energetica-en-inmuebles-de-la-provincia-de-rio-negro\/#primaryimage"},"thumbnailUrl":"https:\/\/patagoniambiental.com.ar\/info\/wp-content\/uploads\/2021\/10\/thumbnail_Ibanez-Huayquian5-11.jpg","articleSection":["Noticias","Provinciales","R\u00edo Negro"],"inLanguage":"es","potentialAction":[{"@type":"CommentAction","name":"Comment","target":["https:\/\/patagoniambiental.com.ar\/info\/se-aprobo-por-mayoria-el-proyecto-de-eficiencia-energetica-en-inmuebles-de-la-provincia-de-rio-negro\/#respond"]}]},{"@type":"WebPage","@id":"https:\/\/patagoniambiental.com.ar\/info\/se-aprobo-por-mayoria-el-proyecto-de-eficiencia-energetica-en-inmuebles-de-la-provincia-de-rio-negro\/","url":"https:\/\/patagoniambiental.com.ar\/info\/se-aprobo-por-mayoria-el-proyecto-de-eficiencia-energetica-en-inmuebles-de-la-provincia-de-rio-negro\/","name":"Se aprob\u00f3 por mayor\u00eda el Proyecto de Eficiencia energ\u00e9tica en inmuebles de la Provincia de Rio Negro","isPartOf":{"@id":"https:\/\/patagoniambiental.com.ar\/info\/#website"},"primaryImageOfPage":{"@id":"https:\/\/patagoniambiental.com.ar\/info\/se-aprobo-por-mayoria-el-proyecto-de-eficiencia-energetica-en-inmuebles-de-la-provincia-de-rio-negro\/#primaryimage"},"image":{"@id":"https:\/\/patagoniambiental.com.ar\/info\/se-aprobo-por-mayoria-el-proyecto-de-eficiencia-energetica-en-inmuebles-de-la-provincia-de-rio-negro\/#primaryimage"},"thumbnailUrl":"https:\/\/patagoniambiental.com.ar\/info\/wp-content\/uploads\/2021\/10\/thumbnail_Ibanez-Huayquian5-11.jpg","datePublished":"2021-10-05T21:21:24+00:00","dateModified":"2021-10-05T21:21:27+00:00","breadcrumb":{"@id":"https:\/\/patagoniambiental.com.ar\/info\/se-aprobo-por-mayoria-el-proyecto-de-eficiencia-energetica-en-inmuebles-de-la-provincia-de-rio-negro\/#breadcrumb"},"inLanguage":"es","potentialAction":[{"@type":"ReadAction","target":["https:\/\/patagoniambiental.com.ar\/info\/se-aprobo-por-mayoria-el-proyecto-de-eficiencia-energetica-en-inmuebles-de-la-provincia-de-rio-negro\/"]}]},{"@type":"ImageObject","inLanguage":"es","@id":"https:\/\/patagoniambiental.com.ar\/info\/se-aprobo-por-mayoria-el-proyecto-de-eficiencia-energetica-en-inmuebles-de-la-provincia-de-rio-negro\/#primaryimage","url":"https:\/\/patagoniambiental.com.ar\/info\/wp-content\/uploads\/2021\/10\/thumbnail_Ibanez-Huayquian5-11.jpg","contentUrl":"https:\/\/patagoniambiental.com.ar\/info\/wp-content\/uploads\/2021\/10\/thumbnail_Ibanez-Huayquian5-11.jpg","width":1068,"height":600},{"@type":"BreadcrumbList","@id":"https:\/\/patagoniambiental.com.ar\/info\/se-aprobo-por-mayoria-el-proyecto-de-eficiencia-energetica-en-inmuebles-de-la-provincia-de-rio-negro\/#breadcrumb","itemListElement":[{"@type":"ListItem","position":1,"name":"Inicio","item":"https:\/\/patagoniambiental.com.ar\/info\/"},{"@type":"ListItem","position":2,"name":"Se aprob\u00f3 por mayor\u00eda el Proyecto de Eficiencia energ\u00e9tica en inmuebles de la Provincia de Rio Negro"}]},{"@type":"WebSite","@id":"https:\/\/patagoniambiental.com.ar\/info\/#website","url":"https:\/\/patagoniambiental.com.ar\/info\/","name":"Patagonia Ambiental","description":"Monitoreo y an\u00e1lisis de la situaci\u00f3n geopol\u00edtica en el mundo y su implicancia en la Patagonia","publisher":{"@id":"https:\/\/patagoniambiental.com.ar\/info\/#organization"},"potentialAction":[{"@type":"SearchAction","target":{"@type":"EntryPoint","urlTemplate":"https:\/\/patagoniambiental.com.ar\/info\/?s={search_term_string}"},"query-input":{"@type":"PropertyValueSpecification","valueRequired":true,"valueName":"search_term_string"}}],"inLanguage":"es"},{"@type":"Organization","@id":"https:\/\/patagoniambiental.com.ar\/info\/#organization","name":"Patagonia Ambiental","url":"https:\/\/patagoniambiental.com.ar\/info\/","logo":{"@type":"ImageObject","inLanguage":"es","@id":"https:\/\/patagoniambiental.com.ar\/info\/#\/schema\/logo\/image\/","url":"https:\/\/patagoniambiental.com.ar\/info\/wp-content\/uploads\/2025\/05\/LOGO-PATAGONIA-AMBIENTAL.png","contentUrl":"https:\/\/patagoniambiental.com.ar\/info\/wp-content\/uploads\/2025\/05\/LOGO-PATAGONIA-AMBIENTAL.png","width":433,"height":250,"caption":"Patagonia Ambiental"},"image":{"@id":"https:\/\/patagoniambiental.com.ar\/info\/#\/schema\/logo\/image\/"},"sameAs":["https:\/\/www.facebook.com\/patagonia.ambiental","https:\/\/x.com\/PatAmb"]},{"@type":"Person","@id":"https:\/\/patagoniambiental.com.ar\/info\/#\/schema\/person\/e5af09d700b2e82cb10c6b8800e0c691","name":"BRAIAN ESTEVEZ","sameAs":["http:\/\/www.patagoniambiental.com.ar"]}]}},"_links":{"self":[{"href":"https:\/\/patagoniambiental.com.ar\/info\/wp-json\/wp\/v2\/posts\/74286","targetHints":{"allow":["GET"]}}],"collection":[{"href":"https:\/\/patagoniambiental.com.ar\/info\/wp-json\/wp\/v2\/posts"}],"about":[{"href":"https:\/\/patagoniambiental.com.ar\/info\/wp-json\/wp\/v2\/types\/post"}],"author":[{"embeddable":true,"href":"https:\/\/patagoniambiental.com.ar\/info\/wp-json\/wp\/v2\/users\/6"}],"replies":[{"embeddable":true,"href":"https:\/\/patagoniambiental.com.ar\/info\/wp-json\/wp\/v2\/comments?post=74286"}],"version-history":[{"count":0,"href":"https:\/\/patagoniambiental.com.ar\/info\/wp-json\/wp\/v2\/posts\/74286\/revisions"}],"wp:featuredmedia":[{"embeddable":true,"href":"https:\/\/patagoniambiental.com.ar\/info\/wp-json\/wp\/v2\/media\/74287"}],"wp:attachment":[{"href":"https:\/\/patagoniambiental.com.ar\/info\/wp-json\/wp\/v2\/media?parent=74286"}],"wp:term":[{"taxonomy":"category","embeddable":true,"href":"https:\/\/patagoniambiental.com.ar\/info\/wp-json\/wp\/v2\/categories?post=74286"},{"taxonomy":"post_tag","embeddable":true,"href":"https:\/\/patagoniambiental.com.ar\/info\/wp-json\/wp\/v2\/tags?post=74286"}],"curies":[{"name":"wp","href":"https:\/\/api.w.org\/{rel}","templated":true}]}}