{"id":74308,"date":"2021-10-06T19:00:00","date_gmt":"2021-10-06T22:00:00","guid":{"rendered":"http:\/\/patagoniambiental.com.ar\/info\/?p=74308"},"modified":"2021-10-06T20:32:11","modified_gmt":"2021-10-06T23:32:11","slug":"llega-una-nueva-edicion-de-jueves-de-hidrogeno-organizado-por-el-gobierno-de-rio-negro","status":"publish","type":"post","link":"https:\/\/patagoniambiental.com.ar\/info\/llega-una-nueva-edicion-de-jueves-de-hidrogeno-organizado-por-el-gobierno-de-rio-negro\/","title":{"rendered":"Llega una nueva edici\u00f3n de \u201cJueves de Hidr\u00f3geno\u201d organizado por el Gobierno de Rio Negro"},"content":{"rendered":"\n<!--more-->\n\n\n\n<p>Ma\u00f1ana 7 de octubre se realizar\u00e1 una nueva edici\u00f3n de \u201cJueves de Hidr\u00f3geno\u201d, en donde participar\u00e1n nuevos referentes para seguir abordando la tem\u00e1tica.<\/p>\n\n\n\n<p>En esta nueva oportunidad, el licenciado en F\u00edsica y Matem\u00e1tica, Juan Ricardo Lauretta, expondr\u00e1 sobre \u201cElectrolizadores de Alta Presi\u00f3n\u201d.<\/p>\n\n\n\n<p>Asimismo, el Ingeniero Mec\u00e1nico, Daniel Baril\u00e1, disertar\u00e1 sobre \u201cHidr\u00f3geno en Motores de Combusti\u00f3n Interna. Una de las herramientas para la descarbonizaci\u00f3n atmosf\u00e9rica\u201d.<\/p>\n\n\n\n<p>Por su parte, la directora de Coordinaci\u00f3n, Mar\u00eda Eugenia Opolski, ser\u00e1 la mediadora del encuentro.<\/p>\n\n\n\n<p>Como en todas las ediciones de este foro virtual coordinado por el Gobierno de R\u00edo Negro, la participaci\u00f3n ser\u00e1 abierta a toda la comunidad para que puedan seguir inform\u00e1ndose sobre el Hidr\u00f3geno Verde.<\/p>\n\n\n\n<p>Para m\u00e1s informaci\u00f3n, ingresar al siguiente link:&nbsp;https:\/\/bit.ly\/2XYvP3L<\/p>\n\n\n\n<figure class=\"wp-block-image\"><img decoding=\"async\" src=\"https:\/\/nyc3.digitaloceanspaces.com\/noticiasrionegro\/images\/696b7cccb7f471d0120c68536b873058.jpg\" alt=\"\"\/><\/figure>\n\n\n\n<h5 class=\"wp-block-heading\">TAMBI\u00c9N LE PUEDE INTERESAR<\/h5>\n\n\n\n<figure class=\"wp-block-embed\"><div class=\"wp-block-embed__wrapper\">\nhttps:\/\/googleads.g.doubleclick.net\/pagead\/ads?gdpr=0&#038;us_privacy=1&#8212;&#038;client=ca-pub-1635663288215050&#038;output=html&#038;h=448&#038;slotname=7236421304&#038;adk=3550100528&#038;adf=2158959491&#038;pi=t.ma~as.7236421304&#038;w=747&#038;cr_col=4&#038;cr_row=2&#038;fwrn=2&#038;lmt=1633562929&#038;rafmt=9&#038;psa=0&#038;format=747&#215;448&#038;url=https%3A%2F%2Fwww.noticiasrionegro.com.ar%2Fnoticia%2F54627%2Fllega-una-nueva-edicion-de-jueves-de-hidrogeno&#038;flash=0&#038;crui=image_stacked&#038;fwr=0&#038;wgl=1&#038;uach=WyJXaW5kb3dzIiwiNi4xLjAiLCJ4ODYiLCIiLCI5NC4wLjQ2MDYuNjEiLFtdLG51bGwsbnVsbCwiNjQiXQ..&#038;tt_state=W3siaXNzdWVyT3JpZ2luIjoiaHR0cHM6Ly9hdHRlc3RhdGlvbi5hbmRyb2lkLmNvbSIsInN0YXRlIjo3fV0.&#038;dt=1633562491992&#038;bpp=57&#038;bdt=14472&#038;idt=7682&#038;shv=r20211004&#038;mjsv=m202109290101&#038;ptt=9&#038;saldr=aa&#038;abxe=1&#038;cookie=ID%3D119ab9d557a4fa24-22133af6e4b300a8%3AT%3D1633562504%3ART%3D1633562504%3AS%3DALNI_MbVhOCV6GBUyMoF9LeqCOYofdrCSw&#038;prev_fmts=728&#215;90%2C0x0%2C747x280&#038;nras=1&#038;correlator=7934265233873&#038;frm=20&#038;pv=1&#038;ga_vid=37204763.1633562487&#038;ga_sid=1633562500&#038;ga_hid=1049883701&#038;ga_fc=0&#038;u_tz=-180&#038;u_his=1&#038;u_h=768&#038;u_w=1366&#038;u_ah=728&#038;u_aw=1366&#038;u_cd=24&#038;u_java=0&#038;u_nplug=5&#038;u_nmime=2&#038;adx=90&#038;ady=1837&#038;biw=1349&#038;bih=625&#038;scr_x=0&#038;scr_y=0&#038;eid=31063014%2C44748553%2C21067496&#038;oid=2&#038;pvsid=3645189434363359&#038;pem=178&#038;ref=https%3A%2F%2Fwww.google.com%2F&#038;eae=0&#038;fc=896&#038;brdim=0%2C0%2C0%2C0%2C1366%2C0%2C1366%2C728%2C1366%2C625&#038;vis=1&#038;rsz=%7C%7CaoeEbr%7C&#038;abl=CA&#038;pfx=0&#038;fu=128&#038;bc=31&#038;ifi=3&#038;uci=a!3&#038;btvi=2&#038;fsb=1&#038;xpc=I74PlK9yUT&#038;p=https%3A\/\/www.noticiasrionegro.com.ar&#038;dtd=M\n<\/div><\/figure>\n\n\n\n<figure class=\"wp-block-embed\"><div class=\"wp-block-embed__wrapper\">\nhttps:\/\/www.noticiasrionegro.com.ar\/noticia\/54627\/llega-una-nueva-edicion-de-jueves-de-hidrogeno\n<\/div><\/figure>\n","protected":false},"excerpt":{"rendered":"","protected":false},"author":6,"featured_media":74309,"comment_status":"open","ping_status":"open","sticky":false,"template":"","format":"standard","meta":{"site-sidebar-layout":"default","site-content-layout":"","ast-site-content-layout":"default","site-content-style":"default","site-sidebar-style":"default","ast-global-header-display":"","ast-banner-title-visibility":"","ast-main-header-display":"","ast-hfb-above-header-display":"","ast-hfb-below-header-display":"","ast-hfb-mobile-header-display":"","site-post-title":"","ast-breadcrumbs-content":"","ast-featured-img":"","footer-sml-layout":"","ast-disable-related-posts":"","theme-transparent-header-meta":"","adv-header-id-meta":"","stick-header-meta":"","header-above-stick-meta":"","header-main-stick-meta":"","header-below-stick-meta":"","astra-migrate-meta-layouts":"default","ast-page-background-enabled":"default","ast-page-background-meta":{"desktop":{"background-color":"var(--ast-global-color-5)","background-image":"","background-repeat":"repeat","background-position":"center center","background-size":"auto","background-attachment":"scroll","background-type":"","background-media":"","overlay-type":"","overlay-color":"","overlay-opacity":"","overlay-gradient":""},"tablet":{"background-color":"","background-image":"","background-repeat":"repeat","background-position":"center center","background-size":"auto","background-attachment":"scroll","background-type":"","background-media":"","overlay-type":"","overlay-color":"","overlay-opacity":"","overlay-gradient":""},"mobile":{"background-color":"","background-image":"","background-repeat":"repeat","background-position":"center center","background-size":"auto","background-attachment":"scroll","background-type":"","background-media":"","overlay-type":"","overlay-color":"","overlay-opacity":"","overlay-gradient":""}},"ast-content-background-meta":{"desktop":{"background-color":"var(--ast-global-color-4)","background-image":"","background-repeat":"repeat","background-position":"center center","background-size":"auto","background-attachment":"scroll","background-type":"","background-media":"","overlay-type":"","overlay-color":"","overlay-opacity":"","overlay-gradient":""},"tablet":{"background-color":"var(--ast-global-color-4)","background-image":"","background-repeat":"repeat","background-position":"center center","background-size":"auto","background-attachment":"scroll","background-type":"","background-media":"","overlay-type":"","overlay-color":"","overlay-opacity":"","overlay-gradient":""},"mobile":{"background-color":"var(--ast-global-color-4)","background-image":"","background-repeat":"repeat","background-position":"center center","background-size":"auto","background-attachment":"scroll","background-type":"","background-media":"","overlay-type":"","overlay-color":"","overlay-opacity":"","overlay-gradient":""}},"footnotes":""},"categories":[12,1],"tags":[],"class_list":["post-74308","post","type-post","status-publish","format-standard","has-post-thumbnail","hentry","category-agenda-ambiental","category-noticias"],"yoast_head":"<!-- This site is optimized with the Yoast SEO Premium plugin v23.0 (Yoast SEO v27.5) - https:\/\/yoast.com\/product\/yoast-seo-premium-wordpress\/ -->\n<title>Llega una nueva edici\u00f3n de \u201cJueves de Hidr\u00f3geno\u201d organizado por el Gobierno de Rio Negro<\/title>\n<meta name=\"robots\" content=\"index, follow, max-snippet:-1, max-image-preview:large, max-video-preview:-1\" \/>\n<link rel=\"canonical\" href=\"https:\/\/patagoniambiental.com.ar\/info\/llega-una-nueva-edicion-de-jueves-de-hidrogeno-organizado-por-el-gobierno-de-rio-negro\/\" \/>\n<meta property=\"og:locale\" content=\"es_ES\" \/>\n<meta property=\"og:type\" content=\"article\" \/>\n<meta property=\"og:title\" content=\"Llega una nueva edici\u00f3n de \u201cJueves de Hidr\u00f3geno\u201d organizado por el Gobierno de Rio Negro\" \/>\n<meta property=\"og:url\" content=\"https:\/\/patagoniambiental.com.ar\/info\/llega-una-nueva-edicion-de-jueves-de-hidrogeno-organizado-por-el-gobierno-de-rio-negro\/\" \/>\n<meta property=\"og:site_name\" content=\"Patagonia Ambiental\" \/>\n<meta property=\"article:publisher\" content=\"https:\/\/www.facebook.com\/patagonia.ambiental\" \/>\n<meta property=\"article:published_time\" content=\"2021-10-06T22:00:00+00:00\" \/>\n<meta property=\"article:modified_time\" content=\"2021-10-06T23:32:11+00:00\" \/>\n<meta property=\"og:image\" content=\"https:\/\/patagoniambiental.com.ar\/info\/wp-content\/uploads\/2021\/10\/198771bf1687c75bd72b0aa22ea5fbea.jpg\" \/>\n\t<meta property=\"og:image:width\" content=\"800\" \/>\n\t<meta property=\"og:image:height\" content=\"450\" \/>\n\t<meta property=\"og:image:type\" content=\"image\/jpeg\" \/>\n<meta name=\"author\" content=\"BRAIAN ESTEVEZ\" \/>\n<meta name=\"twitter:card\" content=\"summary_large_image\" \/>\n<meta name=\"twitter:creator\" content=\"@PatAmb\" \/>\n<meta name=\"twitter:site\" content=\"@PatAmb\" \/>\n<script type=\"application\/ld+json\" class=\"yoast-schema-graph\">{\"@context\":\"https:\\\/\\\/schema.org\",\"@graph\":[{\"@type\":\"Article\",\"@id\":\"https:\\\/\\\/patagoniambiental.com.ar\\\/info\\\/llega-una-nueva-edicion-de-jueves-de-hidrogeno-organizado-por-el-gobierno-de-rio-negro\\\/#article\",\"isPartOf\":{\"@id\":\"https:\\\/\\\/patagoniambiental.com.ar\\\/info\\\/llega-una-nueva-edicion-de-jueves-de-hidrogeno-organizado-por-el-gobierno-de-rio-negro\\\/\"},\"author\":{\"name\":\"BRAIAN ESTEVEZ\",\"@id\":\"https:\\\/\\\/patagoniambiental.com.ar\\\/info\\\/#\\\/schema\\\/person\\\/e5af09d700b2e82cb10c6b8800e0c691\"},\"headline\":\"Llega una nueva edici\u00f3n de \u201cJueves de Hidr\u00f3geno\u201d organizado por el Gobierno de Rio Negro\",\"datePublished\":\"2021-10-06T22:00:00+00:00\",\"dateModified\":\"2021-10-06T23:32:11+00:00\",\"mainEntityOfPage\":{\"@id\":\"https:\\\/\\\/patagoniambiental.com.ar\\\/info\\\/llega-una-nueva-edicion-de-jueves-de-hidrogeno-organizado-por-el-gobierno-de-rio-negro\\\/\"},\"wordCount\":463,\"commentCount\":0,\"publisher\":{\"@id\":\"https:\\\/\\\/patagoniambiental.com.ar\\\/info\\\/#organization\"},\"image\":{\"@id\":\"https:\\\/\\\/patagoniambiental.com.ar\\\/info\\\/llega-una-nueva-edicion-de-jueves-de-hidrogeno-organizado-por-el-gobierno-de-rio-negro\\\/#primaryimage\"},\"thumbnailUrl\":\"https:\\\/\\\/patagoniambiental.com.ar\\\/info\\\/wp-content\\\/uploads\\\/2021\\\/10\\\/198771bf1687c75bd72b0aa22ea5fbea.jpg\",\"articleSection\":[\"Agenda Ambiental\",\"Noticias\"],\"inLanguage\":\"es\",\"potentialAction\":[{\"@type\":\"CommentAction\",\"name\":\"Comment\",\"target\":[\"https:\\\/\\\/patagoniambiental.com.ar\\\/info\\\/llega-una-nueva-edicion-de-jueves-de-hidrogeno-organizado-por-el-gobierno-de-rio-negro\\\/#respond\"]}]},{\"@type\":\"WebPage\",\"@id\":\"https:\\\/\\\/patagoniambiental.com.ar\\\/info\\\/llega-una-nueva-edicion-de-jueves-de-hidrogeno-organizado-por-el-gobierno-de-rio-negro\\\/\",\"url\":\"https:\\\/\\\/patagoniambiental.com.ar\\\/info\\\/llega-una-nueva-edicion-de-jueves-de-hidrogeno-organizado-por-el-gobierno-de-rio-negro\\\/\",\"name\":\"Llega una nueva edici\u00f3n de \u201cJueves de Hidr\u00f3geno\u201d organizado por el Gobierno de Rio Negro\",\"isPartOf\":{\"@id\":\"https:\\\/\\\/patagoniambiental.com.ar\\\/info\\\/#website\"},\"primaryImageOfPage\":{\"@id\":\"https:\\\/\\\/patagoniambiental.com.ar\\\/info\\\/llega-una-nueva-edicion-de-jueves-de-hidrogeno-organizado-por-el-gobierno-de-rio-negro\\\/#primaryimage\"},\"image\":{\"@id\":\"https:\\\/\\\/patagoniambiental.com.ar\\\/info\\\/llega-una-nueva-edicion-de-jueves-de-hidrogeno-organizado-por-el-gobierno-de-rio-negro\\\/#primaryimage\"},\"thumbnailUrl\":\"https:\\\/\\\/patagoniambiental.com.ar\\\/info\\\/wp-content\\\/uploads\\\/2021\\\/10\\\/198771bf1687c75bd72b0aa22ea5fbea.jpg\",\"datePublished\":\"2021-10-06T22:00:00+00:00\",\"dateModified\":\"2021-10-06T23:32:11+00:00\",\"breadcrumb\":{\"@id\":\"https:\\\/\\\/patagoniambiental.com.ar\\\/info\\\/llega-una-nueva-edicion-de-jueves-de-hidrogeno-organizado-por-el-gobierno-de-rio-negro\\\/#breadcrumb\"},\"inLanguage\":\"es\",\"potentialAction\":[{\"@type\":\"ReadAction\",\"target\":[\"https:\\\/\\\/patagoniambiental.com.ar\\\/info\\\/llega-una-nueva-edicion-de-jueves-de-hidrogeno-organizado-por-el-gobierno-de-rio-negro\\\/\"]}]},{\"@type\":\"ImageObject\",\"inLanguage\":\"es\",\"@id\":\"https:\\\/\\\/patagoniambiental.com.ar\\\/info\\\/llega-una-nueva-edicion-de-jueves-de-hidrogeno-organizado-por-el-gobierno-de-rio-negro\\\/#primaryimage\",\"url\":\"https:\\\/\\\/patagoniambiental.com.ar\\\/info\\\/wp-content\\\/uploads\\\/2021\\\/10\\\/198771bf1687c75bd72b0aa22ea5fbea.jpg\",\"contentUrl\":\"https:\\\/\\\/patagoniambiental.com.ar\\\/info\\\/wp-content\\\/uploads\\\/2021\\\/10\\\/198771bf1687c75bd72b0aa22ea5fbea.jpg\",\"width\":800,\"height\":450},{\"@type\":\"BreadcrumbList\",\"@id\":\"https:\\\/\\\/patagoniambiental.com.ar\\\/info\\\/llega-una-nueva-edicion-de-jueves-de-hidrogeno-organizado-por-el-gobierno-de-rio-negro\\\/#breadcrumb\",\"itemListElement\":[{\"@type\":\"ListItem\",\"position\":1,\"name\":\"Inicio\",\"item\":\"https:\\\/\\\/patagoniambiental.com.ar\\\/info\\\/\"},{\"@type\":\"ListItem\",\"position\":2,\"name\":\"Llega una nueva edici\u00f3n de \u201cJueves de Hidr\u00f3geno\u201d organizado por el Gobierno de Rio Negro\"}]},{\"@type\":\"WebSite\",\"@id\":\"https:\\\/\\\/patagoniambiental.com.ar\\\/info\\\/#website\",\"url\":\"https:\\\/\\\/patagoniambiental.com.ar\\\/info\\\/\",\"name\":\"Patagonia Ambiental\",\"description\":\"Monitoreo y an\u00e1lisis de la situaci\u00f3n geopol\u00edtica en el mundo y su implicancia en la Patagonia\",\"publisher\":{\"@id\":\"https:\\\/\\\/patagoniambiental.com.ar\\\/info\\\/#organization\"},\"potentialAction\":[{\"@type\":\"SearchAction\",\"target\":{\"@type\":\"EntryPoint\",\"urlTemplate\":\"https:\\\/\\\/patagoniambiental.com.ar\\\/info\\\/?s={search_term_string}\"},\"query-input\":{\"@type\":\"PropertyValueSpecification\",\"valueRequired\":true,\"valueName\":\"search_term_string\"}}],\"inLanguage\":\"es\"},{\"@type\":\"Organization\",\"@id\":\"https:\\\/\\\/patagoniambiental.com.ar\\\/info\\\/#organization\",\"name\":\"Patagonia Ambiental\",\"url\":\"https:\\\/\\\/patagoniambiental.com.ar\\\/info\\\/\",\"logo\":{\"@type\":\"ImageObject\",\"inLanguage\":\"es\",\"@id\":\"https:\\\/\\\/patagoniambiental.com.ar\\\/info\\\/#\\\/schema\\\/logo\\\/image\\\/\",\"url\":\"https:\\\/\\\/patagoniambiental.com.ar\\\/info\\\/wp-content\\\/uploads\\\/2025\\\/05\\\/LOGO-PATAGONIA-AMBIENTAL.png\",\"contentUrl\":\"https:\\\/\\\/patagoniambiental.com.ar\\\/info\\\/wp-content\\\/uploads\\\/2025\\\/05\\\/LOGO-PATAGONIA-AMBIENTAL.png\",\"width\":433,\"height\":250,\"caption\":\"Patagonia Ambiental\"},\"image\":{\"@id\":\"https:\\\/\\\/patagoniambiental.com.ar\\\/info\\\/#\\\/schema\\\/logo\\\/image\\\/\"},\"sameAs\":[\"https:\\\/\\\/www.facebook.com\\\/patagonia.ambiental\",\"https:\\\/\\\/x.com\\\/PatAmb\"]},{\"@type\":\"Person\",\"@id\":\"https:\\\/\\\/patagoniambiental.com.ar\\\/info\\\/#\\\/schema\\\/person\\\/e5af09d700b2e82cb10c6b8800e0c691\",\"name\":\"BRAIAN ESTEVEZ\",\"sameAs\":[\"http:\\\/\\\/www.patagoniambiental.com.ar\"]}]}<\/script>\n<!-- \/ Yoast SEO Premium plugin. -->","yoast_head_json":{"title":"Llega una nueva edici\u00f3n de \u201cJueves de Hidr\u00f3geno\u201d organizado por el Gobierno de Rio Negro","robots":{"index":"index","follow":"follow","max-snippet":"max-snippet:-1","max-image-preview":"max-image-preview:large","max-video-preview":"max-video-preview:-1"},"canonical":"https:\/\/patagoniambiental.com.ar\/info\/llega-una-nueva-edicion-de-jueves-de-hidrogeno-organizado-por-el-gobierno-de-rio-negro\/","og_locale":"es_ES","og_type":"article","og_title":"Llega una nueva edici\u00f3n de \u201cJueves de Hidr\u00f3geno\u201d organizado por el Gobierno de Rio Negro","og_url":"https:\/\/patagoniambiental.com.ar\/info\/llega-una-nueva-edicion-de-jueves-de-hidrogeno-organizado-por-el-gobierno-de-rio-negro\/","og_site_name":"Patagonia Ambiental","article_publisher":"https:\/\/www.facebook.com\/patagonia.ambiental","article_published_time":"2021-10-06T22:00:00+00:00","article_modified_time":"2021-10-06T23:32:11+00:00","og_image":[{"width":800,"height":450,"url":"https:\/\/patagoniambiental.com.ar\/info\/wp-content\/uploads\/2021\/10\/198771bf1687c75bd72b0aa22ea5fbea.jpg","type":"image\/jpeg"}],"author":"BRAIAN ESTEVEZ","twitter_card":"summary_large_image","twitter_creator":"@PatAmb","twitter_site":"@PatAmb","schema":{"@context":"https:\/\/schema.org","@graph":[{"@type":"Article","@id":"https:\/\/patagoniambiental.com.ar\/info\/llega-una-nueva-edicion-de-jueves-de-hidrogeno-organizado-por-el-gobierno-de-rio-negro\/#article","isPartOf":{"@id":"https:\/\/patagoniambiental.com.ar\/info\/llega-una-nueva-edicion-de-jueves-de-hidrogeno-organizado-por-el-gobierno-de-rio-negro\/"},"author":{"name":"BRAIAN ESTEVEZ","@id":"https:\/\/patagoniambiental.com.ar\/info\/#\/schema\/person\/e5af09d700b2e82cb10c6b8800e0c691"},"headline":"Llega una nueva edici\u00f3n de \u201cJueves de Hidr\u00f3geno\u201d organizado por el Gobierno de Rio Negro","datePublished":"2021-10-06T22:00:00+00:00","dateModified":"2021-10-06T23:32:11+00:00","mainEntityOfPage":{"@id":"https:\/\/patagoniambiental.com.ar\/info\/llega-una-nueva-edicion-de-jueves-de-hidrogeno-organizado-por-el-gobierno-de-rio-negro\/"},"wordCount":463,"commentCount":0,"publisher":{"@id":"https:\/\/patagoniambiental.com.ar\/info\/#organization"},"image":{"@id":"https:\/\/patagoniambiental.com.ar\/info\/llega-una-nueva-edicion-de-jueves-de-hidrogeno-organizado-por-el-gobierno-de-rio-negro\/#primaryimage"},"thumbnailUrl":"https:\/\/patagoniambiental.com.ar\/info\/wp-content\/uploads\/2021\/10\/198771bf1687c75bd72b0aa22ea5fbea.jpg","articleSection":["Agenda Ambiental","Noticias"],"inLanguage":"es","potentialAction":[{"@type":"CommentAction","name":"Comment","target":["https:\/\/patagoniambiental.com.ar\/info\/llega-una-nueva-edicion-de-jueves-de-hidrogeno-organizado-por-el-gobierno-de-rio-negro\/#respond"]}]},{"@type":"WebPage","@id":"https:\/\/patagoniambiental.com.ar\/info\/llega-una-nueva-edicion-de-jueves-de-hidrogeno-organizado-por-el-gobierno-de-rio-negro\/","url":"https:\/\/patagoniambiental.com.ar\/info\/llega-una-nueva-edicion-de-jueves-de-hidrogeno-organizado-por-el-gobierno-de-rio-negro\/","name":"Llega una nueva edici\u00f3n de \u201cJueves de Hidr\u00f3geno\u201d organizado por el Gobierno de Rio Negro","isPartOf":{"@id":"https:\/\/patagoniambiental.com.ar\/info\/#website"},"primaryImageOfPage":{"@id":"https:\/\/patagoniambiental.com.ar\/info\/llega-una-nueva-edicion-de-jueves-de-hidrogeno-organizado-por-el-gobierno-de-rio-negro\/#primaryimage"},"image":{"@id":"https:\/\/patagoniambiental.com.ar\/info\/llega-una-nueva-edicion-de-jueves-de-hidrogeno-organizado-por-el-gobierno-de-rio-negro\/#primaryimage"},"thumbnailUrl":"https:\/\/patagoniambiental.com.ar\/info\/wp-content\/uploads\/2021\/10\/198771bf1687c75bd72b0aa22ea5fbea.jpg","datePublished":"2021-10-06T22:00:00+00:00","dateModified":"2021-10-06T23:32:11+00:00","breadcrumb":{"@id":"https:\/\/patagoniambiental.com.ar\/info\/llega-una-nueva-edicion-de-jueves-de-hidrogeno-organizado-por-el-gobierno-de-rio-negro\/#breadcrumb"},"inLanguage":"es","potentialAction":[{"@type":"ReadAction","target":["https:\/\/patagoniambiental.com.ar\/info\/llega-una-nueva-edicion-de-jueves-de-hidrogeno-organizado-por-el-gobierno-de-rio-negro\/"]}]},{"@type":"ImageObject","inLanguage":"es","@id":"https:\/\/patagoniambiental.com.ar\/info\/llega-una-nueva-edicion-de-jueves-de-hidrogeno-organizado-por-el-gobierno-de-rio-negro\/#primaryimage","url":"https:\/\/patagoniambiental.com.ar\/info\/wp-content\/uploads\/2021\/10\/198771bf1687c75bd72b0aa22ea5fbea.jpg","contentUrl":"https:\/\/patagoniambiental.com.ar\/info\/wp-content\/uploads\/2021\/10\/198771bf1687c75bd72b0aa22ea5fbea.jpg","width":800,"height":450},{"@type":"BreadcrumbList","@id":"https:\/\/patagoniambiental.com.ar\/info\/llega-una-nueva-edicion-de-jueves-de-hidrogeno-organizado-por-el-gobierno-de-rio-negro\/#breadcrumb","itemListElement":[{"@type":"ListItem","position":1,"name":"Inicio","item":"https:\/\/patagoniambiental.com.ar\/info\/"},{"@type":"ListItem","position":2,"name":"Llega una nueva edici\u00f3n de \u201cJueves de Hidr\u00f3geno\u201d organizado por el Gobierno de Rio Negro"}]},{"@type":"WebSite","@id":"https:\/\/patagoniambiental.com.ar\/info\/#website","url":"https:\/\/patagoniambiental.com.ar\/info\/","name":"Patagonia Ambiental","description":"Monitoreo y an\u00e1lisis de la situaci\u00f3n geopol\u00edtica en el mundo y su implicancia en la Patagonia","publisher":{"@id":"https:\/\/patagoniambiental.com.ar\/info\/#organization"},"potentialAction":[{"@type":"SearchAction","target":{"@type":"EntryPoint","urlTemplate":"https:\/\/patagoniambiental.com.ar\/info\/?s={search_term_string}"},"query-input":{"@type":"PropertyValueSpecification","valueRequired":true,"valueName":"search_term_string"}}],"inLanguage":"es"},{"@type":"Organization","@id":"https:\/\/patagoniambiental.com.ar\/info\/#organization","name":"Patagonia Ambiental","url":"https:\/\/patagoniambiental.com.ar\/info\/","logo":{"@type":"ImageObject","inLanguage":"es","@id":"https:\/\/patagoniambiental.com.ar\/info\/#\/schema\/logo\/image\/","url":"https:\/\/patagoniambiental.com.ar\/info\/wp-content\/uploads\/2025\/05\/LOGO-PATAGONIA-AMBIENTAL.png","contentUrl":"https:\/\/patagoniambiental.com.ar\/info\/wp-content\/uploads\/2025\/05\/LOGO-PATAGONIA-AMBIENTAL.png","width":433,"height":250,"caption":"Patagonia Ambiental"},"image":{"@id":"https:\/\/patagoniambiental.com.ar\/info\/#\/schema\/logo\/image\/"},"sameAs":["https:\/\/www.facebook.com\/patagonia.ambiental","https:\/\/x.com\/PatAmb"]},{"@type":"Person","@id":"https:\/\/patagoniambiental.com.ar\/info\/#\/schema\/person\/e5af09d700b2e82cb10c6b8800e0c691","name":"BRAIAN ESTEVEZ","sameAs":["http:\/\/www.patagoniambiental.com.ar"]}]}},"_links":{"self":[{"href":"https:\/\/patagoniambiental.com.ar\/info\/wp-json\/wp\/v2\/posts\/74308","targetHints":{"allow":["GET"]}}],"collection":[{"href":"https:\/\/patagoniambiental.com.ar\/info\/wp-json\/wp\/v2\/posts"}],"about":[{"href":"https:\/\/patagoniambiental.com.ar\/info\/wp-json\/wp\/v2\/types\/post"}],"author":[{"embeddable":true,"href":"https:\/\/patagoniambiental.com.ar\/info\/wp-json\/wp\/v2\/users\/6"}],"replies":[{"embeddable":true,"href":"https:\/\/patagoniambiental.com.ar\/info\/wp-json\/wp\/v2\/comments?post=74308"}],"version-history":[{"count":0,"href":"https:\/\/patagoniambiental.com.ar\/info\/wp-json\/wp\/v2\/posts\/74308\/revisions"}],"wp:featuredmedia":[{"embeddable":true,"href":"https:\/\/patagoniambiental.com.ar\/info\/wp-json\/wp\/v2\/media\/74309"}],"wp:attachment":[{"href":"https:\/\/patagoniambiental.com.ar\/info\/wp-json\/wp\/v2\/media?parent=74308"}],"wp:term":[{"taxonomy":"category","embeddable":true,"href":"https:\/\/patagoniambiental.com.ar\/info\/wp-json\/wp\/v2\/categories?post=74308"},{"taxonomy":"post_tag","embeddable":true,"href":"https:\/\/patagoniambiental.com.ar\/info\/wp-json\/wp\/v2\/tags?post=74308"}],"curies":[{"name":"wp","href":"https:\/\/api.w.org\/{rel}","templated":true}]}}