{"id":74317,"date":"2021-10-07T19:00:00","date_gmt":"2021-10-07T22:00:00","guid":{"rendered":"http:\/\/patagoniambiental.com.ar\/info\/?p=74317"},"modified":"2021-10-06T20:48:54","modified_gmt":"2021-10-06T23:48:54","slug":"reserva-provincial-parque-luro-los-nuevos-horarios-y-pautas-para-reservas-de-visitas","status":"publish","type":"post","link":"https:\/\/patagoniambiental.com.ar\/info\/reserva-provincial-parque-luro-los-nuevos-horarios-y-pautas-para-reservas-de-visitas\/","title":{"rendered":"Reserva provincial Parque Luro: Los nuevos horarios y pautas para reservas de visitas"},"content":{"rendered":"\n<!--more-->\n\n\n\n<figure class=\"wp-block-image\"><img decoding=\"async\" src=\"https:\/\/i2.wp.com\/radiodon.com.ar\/wp-content\/uploads\/2021\/10\/Parque_Luro_turistas_ninios_5octubre2021.jpg?fit=800%2C456&amp;ssl=1\" alt=\"\"\/><\/figure>\n\n\n\n<p><strong>La Secretar\u00eda de Turismo de La Pampa inform\u00f3 los cambios en la solicitud de permisos y en la ampliaci\u00f3n horaria para las visitas a la Reserva provincial Parque Luro.<\/strong><\/p>\n\n\n\n<p>La Reserva Provincial Parque Luro mantendr\u00e1 abiertas sus puertas de martes a domingos en el horario de 10 a 19 horas, aunque el ingreso de los visitantes estar\u00e1 permitido hasta las 16 horas, con un cupo m\u00e1ximo de 500 personas por d\u00eda.<\/p>\n\n\n\n<p>Este n\u00famero se debe a la capacidad de carga del lugar que determina el l\u00edmite aceptable de uso, para no degradar el ambiente y garantizar una estad\u00eda confortable.<\/p>\n\n\n\n<p>Para ingresar es necesario tramitar un permiso previo en la web de la Secretar\u00eda de Turismo https:\/\/turismo.lapampa.gob.ar, en el que deber\u00e1 consignarse nombre, apellido, D.N.I. y procedencia.<\/p>\n\n\n\n<p>Los visitantes pueden disfrutar del sector de parrillas, sanitarios, Sala de Carruajes y senderos naturales, sin ning\u00fan costo extra.<ins>https:\/\/googleads.g.doubleclick.net\/pagead\/ads?client=ca-pub-5687724411061918&amp;output=html&amp;h=280&amp;slotname=6161082461&amp;adk=3127692644&amp;adf=3234686732&amp;pi=t.ma~as.6161082461&amp;w=798&amp;fwrn=4&amp;fwrnh=100&amp;lmt=1633563758&amp;rafmt=1&amp;tp=site_kit&amp;psa=0&amp;format=798&#215;280&amp;url=https%3A%2F%2Fradiodon.com.ar%2F2021%2F10%2F06%2Freserva-provincial-parque-luro-los-nuevos-horarios-y-pautas-para-reservas-de-visitas%2F&amp;flash=0&amp;fwr=0&amp;fwrattr=true&amp;rpe=1&amp;resp_fmts=3&amp;wgl=1&amp;adsid=ChEI8JL1igYQwNGEu4_aue73ARI8APbiMy5FvfZ6BLqsJEOc20U8fx6MKokKMyjbyEQo2lh1iHXrRWgY7p-GmjbKNXxlVR4rbWvU09MuHbpf&amp;uach=WyJXaW5kb3dzIiwiNi4xLjAiLCJ4ODYiLCIiLCI5NC4wLjQ2MDYuNjEiLFtdLG51bGwsbnVsbCwiNjQiXQ..&amp;tt_state=W3siaXNzdWVyT3JpZ2luIjoiaHR0cHM6Ly9hdHRlc3RhdGlvbi5hbmRyb2lkLmNvbSIsInN0YXRlIjo3fV0.&amp;dt=1633563293909&amp;bpp=175&amp;bdt=5993&amp;idt=13526&amp;shv=r20211004&amp;mjsv=m202109290101&amp;ptt=9&amp;saldr=aa&amp;abxe=1&amp;cookie=ID%3D965781e606803ae1-22f7c099137b0008%3AT%3D1633563300%3ART%3D1633563300%3AS%3DALNI_Mag-Nj6tUg-STbziKR9Y1UwqsiNjQ&amp;prev_fmts=0x0%2C1349x568%2C301x250&amp;nras=2&amp;correlator=8623844919124&amp;frm=20&amp;pv=1&amp;ga_vid=997182349.1633563307&amp;ga_sid=1633563307&amp;ga_hid=2060086114&amp;ga_fc=0&amp;u_tz=-180&amp;u_his=1&amp;u_h=768&amp;u_w=1366&amp;u_ah=728&amp;u_aw=1366&amp;u_cd=24&amp;u_java=0&amp;u_nplug=5&amp;u_nmime=2&amp;adx=115&amp;ady=2923&amp;biw=1349&amp;bih=568&amp;scr_x=0&amp;scr_y=700&amp;eid=31062580%2C182982100%2C182982300%2C21067496&amp;oid=2&amp;pvsid=2876797134309415&amp;pem=205&amp;ref=https%3A%2F%2Fwww.google.com%2F&amp;eae=0&amp;fc=1920&amp;brdim=0%2C0%2C0%2C0%2C1366%2C0%2C1366%2C728%2C1366%2C568&amp;vis=1&amp;rsz=%7C%7CoeEbr%7C&amp;abl=CS&amp;pfx=0&amp;fu=128&amp;bc=31&amp;jar=2021-10-06-23&amp;ifi=2&amp;uci=a!2&amp;btvi=2&amp;fsb=1&amp;xpc=tqBlsvZHiD&amp;p=https%3A\/\/radiodon.com.ar&amp;dtd=M<\/ins><\/p>\n\n\n\n<p>Las visitas guiadas a la Sala de Carruajes y al Castillo se realizar\u00e1n entre las 11 y las 16 horas. Para esta \u00faltima es preciso reservar con anticipaci\u00f3n, ya que el cupo m\u00e1ximo es de 15 personas por visita guiada.&nbsp;<\/p>\n\n\n\n<p>El costo de la entrada a la Reserva es de $ 50 para residentes de la provincia, y $ 100 para no residentes. Las visitas guiadas al Castillo tienen un costo extra de $100.<\/p>\n\n\n\n<p>Se solicit\u00f3 a los visitantes observar estrictamente los protocolos sanitarios vigentes, as\u00ed como regresar con sus residuos. Cabe destacar que no se permite el ingreso a la reserva con mascotas.<\/p>\n\n\n\n<h3 class=\"wp-block-heading\">Fuente: https:\/\/radiodon.com.ar\/2021\/10\/06\/reserva-provincial-parque-luro-los-nuevos-horarios-y-pautas-para-reservas-de-visitas\/<\/h3>\n","protected":false},"excerpt":{"rendered":"","protected":false},"author":6,"featured_media":74318,"comment_status":"open","ping_status":"open","sticky":false,"template":"","format":"standard","meta":{"site-sidebar-layout":"default","site-content-layout":"","ast-site-content-layout":"default","site-content-style":"default","site-sidebar-style":"default","ast-global-header-display":"","ast-banner-title-visibility":"","ast-main-header-display":"","ast-hfb-above-header-display":"","ast-hfb-below-header-display":"","ast-hfb-mobile-header-display":"","site-post-title":"","ast-breadcrumbs-content":"","ast-featured-img":"","footer-sml-layout":"","ast-disable-related-posts":"","theme-transparent-header-meta":"","adv-header-id-meta":"","stick-header-meta":"","header-above-stick-meta":"","header-main-stick-meta":"","header-below-stick-meta":"","astra-migrate-meta-layouts":"default","ast-page-background-enabled":"default","ast-page-background-meta":{"desktop":{"background-color":"var(--ast-global-color-5)","background-image":"","background-repeat":"repeat","background-position":"center center","background-size":"auto","background-attachment":"scroll","background-type":"","background-media":"","overlay-type":"","overlay-color":"","overlay-opacity":"","overlay-gradient":""},"tablet":{"background-color":"","background-image":"","background-repeat":"repeat","background-position":"center center","background-size":"auto","background-attachment":"scroll","background-type":"","background-media":"","overlay-type":"","overlay-color":"","overlay-opacity":"","overlay-gradient":""},"mobile":{"background-color":"","background-image":"","background-repeat":"repeat","background-position":"center center","background-size":"auto","background-attachment":"scroll","background-type":"","background-media":"","overlay-type":"","overlay-color":"","overlay-opacity":"","overlay-gradient":""}},"ast-content-background-meta":{"desktop":{"background-color":"var(--ast-global-color-4)","background-image":"","background-repeat":"repeat","background-position":"center center","background-size":"auto","background-attachment":"scroll","background-type":"","background-media":"","overlay-type":"","overlay-color":"","overlay-opacity":"","overlay-gradient":""},"tablet":{"background-color":"var(--ast-global-color-4)","background-image":"","background-repeat":"repeat","background-position":"center center","background-size":"auto","background-attachment":"scroll","background-type":"","background-media":"","overlay-type":"","overlay-color":"","overlay-opacity":"","overlay-gradient":""},"mobile":{"background-color":"var(--ast-global-color-4)","background-image":"","background-repeat":"repeat","background-position":"center center","background-size":"auto","background-attachment":"scroll","background-type":"","background-media":"","overlay-type":"","overlay-color":"","overlay-opacity":"","overlay-gradient":""}},"footnotes":""},"categories":[59,1,13],"tags":[],"class_list":["post-74317","post","type-post","status-publish","format-standard","has-post-thumbnail","hentry","category-la-pampa","category-noticias","category-provinciales"],"yoast_head":"<!-- This site is optimized with the Yoast SEO Premium plugin v23.0 (Yoast SEO v27.5) - https:\/\/yoast.com\/product\/yoast-seo-premium-wordpress\/ -->\n<title>Reserva provincial Parque Luro: Los nuevos horarios y pautas para reservas de visitas<\/title>\n<meta name=\"robots\" content=\"index, follow, max-snippet:-1, max-image-preview:large, max-video-preview:-1\" \/>\n<link rel=\"canonical\" href=\"https:\/\/patagoniambiental.com.ar\/info\/reserva-provincial-parque-luro-los-nuevos-horarios-y-pautas-para-reservas-de-visitas\/\" \/>\n<meta property=\"og:locale\" content=\"es_ES\" \/>\n<meta property=\"og:type\" content=\"article\" \/>\n<meta property=\"og:title\" content=\"Reserva provincial Parque Luro: Los nuevos horarios y pautas para reservas de visitas\" \/>\n<meta property=\"og:url\" content=\"https:\/\/patagoniambiental.com.ar\/info\/reserva-provincial-parque-luro-los-nuevos-horarios-y-pautas-para-reservas-de-visitas\/\" \/>\n<meta property=\"og:site_name\" content=\"Patagonia Ambiental\" \/>\n<meta property=\"article:publisher\" content=\"https:\/\/www.facebook.com\/patagonia.ambiental\" \/>\n<meta property=\"article:published_time\" content=\"2021-10-07T22:00:00+00:00\" \/>\n<meta property=\"og:image\" content=\"https:\/\/patagoniambiental.com.ar\/info\/wp-content\/uploads\/2021\/10\/Parque_Luro_turistas_ninios_5octubre2021-1.jpg\" \/>\n\t<meta property=\"og:image:width\" content=\"800\" \/>\n\t<meta property=\"og:image:height\" content=\"456\" \/>\n\t<meta property=\"og:image:type\" content=\"image\/jpeg\" \/>\n<meta name=\"author\" content=\"BRAIAN ESTEVEZ\" \/>\n<meta name=\"twitter:card\" content=\"summary_large_image\" \/>\n<meta name=\"twitter:creator\" content=\"@PatAmb\" \/>\n<meta name=\"twitter:site\" content=\"@PatAmb\" \/>\n<script type=\"application\/ld+json\" class=\"yoast-schema-graph\">{\"@context\":\"https:\\\/\\\/schema.org\",\"@graph\":[{\"@type\":\"Article\",\"@id\":\"https:\\\/\\\/patagoniambiental.com.ar\\\/info\\\/reserva-provincial-parque-luro-los-nuevos-horarios-y-pautas-para-reservas-de-visitas\\\/#article\",\"isPartOf\":{\"@id\":\"https:\\\/\\\/patagoniambiental.com.ar\\\/info\\\/reserva-provincial-parque-luro-los-nuevos-horarios-y-pautas-para-reservas-de-visitas\\\/\"},\"author\":{\"name\":\"BRAIAN ESTEVEZ\",\"@id\":\"https:\\\/\\\/patagoniambiental.com.ar\\\/info\\\/#\\\/schema\\\/person\\\/e5af09d700b2e82cb10c6b8800e0c691\"},\"headline\":\"Reserva provincial Parque Luro: Los nuevos horarios y pautas para reservas de visitas\",\"datePublished\":\"2021-10-07T22:00:00+00:00\",\"mainEntityOfPage\":{\"@id\":\"https:\\\/\\\/patagoniambiental.com.ar\\\/info\\\/reserva-provincial-parque-luro-los-nuevos-horarios-y-pautas-para-reservas-de-visitas\\\/\"},\"wordCount\":582,\"commentCount\":0,\"publisher\":{\"@id\":\"https:\\\/\\\/patagoniambiental.com.ar\\\/info\\\/#organization\"},\"image\":{\"@id\":\"https:\\\/\\\/patagoniambiental.com.ar\\\/info\\\/reserva-provincial-parque-luro-los-nuevos-horarios-y-pautas-para-reservas-de-visitas\\\/#primaryimage\"},\"thumbnailUrl\":\"https:\\\/\\\/patagoniambiental.com.ar\\\/info\\\/wp-content\\\/uploads\\\/2021\\\/10\\\/Parque_Luro_turistas_ninios_5octubre2021-1.jpg\",\"articleSection\":[\"La Pampa\",\"Noticias\",\"Provinciales\"],\"inLanguage\":\"es\",\"potentialAction\":[{\"@type\":\"CommentAction\",\"name\":\"Comment\",\"target\":[\"https:\\\/\\\/patagoniambiental.com.ar\\\/info\\\/reserva-provincial-parque-luro-los-nuevos-horarios-y-pautas-para-reservas-de-visitas\\\/#respond\"]}]},{\"@type\":\"WebPage\",\"@id\":\"https:\\\/\\\/patagoniambiental.com.ar\\\/info\\\/reserva-provincial-parque-luro-los-nuevos-horarios-y-pautas-para-reservas-de-visitas\\\/\",\"url\":\"https:\\\/\\\/patagoniambiental.com.ar\\\/info\\\/reserva-provincial-parque-luro-los-nuevos-horarios-y-pautas-para-reservas-de-visitas\\\/\",\"name\":\"Reserva provincial Parque Luro: Los nuevos horarios y pautas para reservas de visitas\",\"isPartOf\":{\"@id\":\"https:\\\/\\\/patagoniambiental.com.ar\\\/info\\\/#website\"},\"primaryImageOfPage\":{\"@id\":\"https:\\\/\\\/patagoniambiental.com.ar\\\/info\\\/reserva-provincial-parque-luro-los-nuevos-horarios-y-pautas-para-reservas-de-visitas\\\/#primaryimage\"},\"image\":{\"@id\":\"https:\\\/\\\/patagoniambiental.com.ar\\\/info\\\/reserva-provincial-parque-luro-los-nuevos-horarios-y-pautas-para-reservas-de-visitas\\\/#primaryimage\"},\"thumbnailUrl\":\"https:\\\/\\\/patagoniambiental.com.ar\\\/info\\\/wp-content\\\/uploads\\\/2021\\\/10\\\/Parque_Luro_turistas_ninios_5octubre2021-1.jpg\",\"datePublished\":\"2021-10-07T22:00:00+00:00\",\"breadcrumb\":{\"@id\":\"https:\\\/\\\/patagoniambiental.com.ar\\\/info\\\/reserva-provincial-parque-luro-los-nuevos-horarios-y-pautas-para-reservas-de-visitas\\\/#breadcrumb\"},\"inLanguage\":\"es\",\"potentialAction\":[{\"@type\":\"ReadAction\",\"target\":[\"https:\\\/\\\/patagoniambiental.com.ar\\\/info\\\/reserva-provincial-parque-luro-los-nuevos-horarios-y-pautas-para-reservas-de-visitas\\\/\"]}]},{\"@type\":\"ImageObject\",\"inLanguage\":\"es\",\"@id\":\"https:\\\/\\\/patagoniambiental.com.ar\\\/info\\\/reserva-provincial-parque-luro-los-nuevos-horarios-y-pautas-para-reservas-de-visitas\\\/#primaryimage\",\"url\":\"https:\\\/\\\/patagoniambiental.com.ar\\\/info\\\/wp-content\\\/uploads\\\/2021\\\/10\\\/Parque_Luro_turistas_ninios_5octubre2021-1.jpg\",\"contentUrl\":\"https:\\\/\\\/patagoniambiental.com.ar\\\/info\\\/wp-content\\\/uploads\\\/2021\\\/10\\\/Parque_Luro_turistas_ninios_5octubre2021-1.jpg\",\"width\":800,\"height\":456},{\"@type\":\"BreadcrumbList\",\"@id\":\"https:\\\/\\\/patagoniambiental.com.ar\\\/info\\\/reserva-provincial-parque-luro-los-nuevos-horarios-y-pautas-para-reservas-de-visitas\\\/#breadcrumb\",\"itemListElement\":[{\"@type\":\"ListItem\",\"position\":1,\"name\":\"Inicio\",\"item\":\"https:\\\/\\\/patagoniambiental.com.ar\\\/info\\\/\"},{\"@type\":\"ListItem\",\"position\":2,\"name\":\"Reserva provincial Parque Luro: Los nuevos horarios y pautas para reservas de visitas\"}]},{\"@type\":\"WebSite\",\"@id\":\"https:\\\/\\\/patagoniambiental.com.ar\\\/info\\\/#website\",\"url\":\"https:\\\/\\\/patagoniambiental.com.ar\\\/info\\\/\",\"name\":\"Patagonia Ambiental\",\"description\":\"Monitoreo y an\u00e1lisis de la situaci\u00f3n geopol\u00edtica en el mundo y su implicancia en la Patagonia\",\"publisher\":{\"@id\":\"https:\\\/\\\/patagoniambiental.com.ar\\\/info\\\/#organization\"},\"potentialAction\":[{\"@type\":\"SearchAction\",\"target\":{\"@type\":\"EntryPoint\",\"urlTemplate\":\"https:\\\/\\\/patagoniambiental.com.ar\\\/info\\\/?s={search_term_string}\"},\"query-input\":{\"@type\":\"PropertyValueSpecification\",\"valueRequired\":true,\"valueName\":\"search_term_string\"}}],\"inLanguage\":\"es\"},{\"@type\":\"Organization\",\"@id\":\"https:\\\/\\\/patagoniambiental.com.ar\\\/info\\\/#organization\",\"name\":\"Patagonia Ambiental\",\"url\":\"https:\\\/\\\/patagoniambiental.com.ar\\\/info\\\/\",\"logo\":{\"@type\":\"ImageObject\",\"inLanguage\":\"es\",\"@id\":\"https:\\\/\\\/patagoniambiental.com.ar\\\/info\\\/#\\\/schema\\\/logo\\\/image\\\/\",\"url\":\"https:\\\/\\\/patagoniambiental.com.ar\\\/info\\\/wp-content\\\/uploads\\\/2025\\\/05\\\/LOGO-PATAGONIA-AMBIENTAL.png\",\"contentUrl\":\"https:\\\/\\\/patagoniambiental.com.ar\\\/info\\\/wp-content\\\/uploads\\\/2025\\\/05\\\/LOGO-PATAGONIA-AMBIENTAL.png\",\"width\":433,\"height\":250,\"caption\":\"Patagonia Ambiental\"},\"image\":{\"@id\":\"https:\\\/\\\/patagoniambiental.com.ar\\\/info\\\/#\\\/schema\\\/logo\\\/image\\\/\"},\"sameAs\":[\"https:\\\/\\\/www.facebook.com\\\/patagonia.ambiental\",\"https:\\\/\\\/x.com\\\/PatAmb\"]},{\"@type\":\"Person\",\"@id\":\"https:\\\/\\\/patagoniambiental.com.ar\\\/info\\\/#\\\/schema\\\/person\\\/e5af09d700b2e82cb10c6b8800e0c691\",\"name\":\"BRAIAN ESTEVEZ\",\"sameAs\":[\"http:\\\/\\\/www.patagoniambiental.com.ar\"]}]}<\/script>\n<!-- \/ Yoast SEO Premium plugin. -->","yoast_head_json":{"title":"Reserva provincial Parque Luro: Los nuevos horarios y pautas para reservas de visitas","robots":{"index":"index","follow":"follow","max-snippet":"max-snippet:-1","max-image-preview":"max-image-preview:large","max-video-preview":"max-video-preview:-1"},"canonical":"https:\/\/patagoniambiental.com.ar\/info\/reserva-provincial-parque-luro-los-nuevos-horarios-y-pautas-para-reservas-de-visitas\/","og_locale":"es_ES","og_type":"article","og_title":"Reserva provincial Parque Luro: Los nuevos horarios y pautas para reservas de visitas","og_url":"https:\/\/patagoniambiental.com.ar\/info\/reserva-provincial-parque-luro-los-nuevos-horarios-y-pautas-para-reservas-de-visitas\/","og_site_name":"Patagonia Ambiental","article_publisher":"https:\/\/www.facebook.com\/patagonia.ambiental","article_published_time":"2021-10-07T22:00:00+00:00","og_image":[{"width":800,"height":456,"url":"https:\/\/patagoniambiental.com.ar\/info\/wp-content\/uploads\/2021\/10\/Parque_Luro_turistas_ninios_5octubre2021-1.jpg","type":"image\/jpeg"}],"author":"BRAIAN ESTEVEZ","twitter_card":"summary_large_image","twitter_creator":"@PatAmb","twitter_site":"@PatAmb","schema":{"@context":"https:\/\/schema.org","@graph":[{"@type":"Article","@id":"https:\/\/patagoniambiental.com.ar\/info\/reserva-provincial-parque-luro-los-nuevos-horarios-y-pautas-para-reservas-de-visitas\/#article","isPartOf":{"@id":"https:\/\/patagoniambiental.com.ar\/info\/reserva-provincial-parque-luro-los-nuevos-horarios-y-pautas-para-reservas-de-visitas\/"},"author":{"name":"BRAIAN ESTEVEZ","@id":"https:\/\/patagoniambiental.com.ar\/info\/#\/schema\/person\/e5af09d700b2e82cb10c6b8800e0c691"},"headline":"Reserva provincial Parque Luro: Los nuevos horarios y pautas para reservas de visitas","datePublished":"2021-10-07T22:00:00+00:00","mainEntityOfPage":{"@id":"https:\/\/patagoniambiental.com.ar\/info\/reserva-provincial-parque-luro-los-nuevos-horarios-y-pautas-para-reservas-de-visitas\/"},"wordCount":582,"commentCount":0,"publisher":{"@id":"https:\/\/patagoniambiental.com.ar\/info\/#organization"},"image":{"@id":"https:\/\/patagoniambiental.com.ar\/info\/reserva-provincial-parque-luro-los-nuevos-horarios-y-pautas-para-reservas-de-visitas\/#primaryimage"},"thumbnailUrl":"https:\/\/patagoniambiental.com.ar\/info\/wp-content\/uploads\/2021\/10\/Parque_Luro_turistas_ninios_5octubre2021-1.jpg","articleSection":["La Pampa","Noticias","Provinciales"],"inLanguage":"es","potentialAction":[{"@type":"CommentAction","name":"Comment","target":["https:\/\/patagoniambiental.com.ar\/info\/reserva-provincial-parque-luro-los-nuevos-horarios-y-pautas-para-reservas-de-visitas\/#respond"]}]},{"@type":"WebPage","@id":"https:\/\/patagoniambiental.com.ar\/info\/reserva-provincial-parque-luro-los-nuevos-horarios-y-pautas-para-reservas-de-visitas\/","url":"https:\/\/patagoniambiental.com.ar\/info\/reserva-provincial-parque-luro-los-nuevos-horarios-y-pautas-para-reservas-de-visitas\/","name":"Reserva provincial Parque Luro: Los nuevos horarios y pautas para reservas de visitas","isPartOf":{"@id":"https:\/\/patagoniambiental.com.ar\/info\/#website"},"primaryImageOfPage":{"@id":"https:\/\/patagoniambiental.com.ar\/info\/reserva-provincial-parque-luro-los-nuevos-horarios-y-pautas-para-reservas-de-visitas\/#primaryimage"},"image":{"@id":"https:\/\/patagoniambiental.com.ar\/info\/reserva-provincial-parque-luro-los-nuevos-horarios-y-pautas-para-reservas-de-visitas\/#primaryimage"},"thumbnailUrl":"https:\/\/patagoniambiental.com.ar\/info\/wp-content\/uploads\/2021\/10\/Parque_Luro_turistas_ninios_5octubre2021-1.jpg","datePublished":"2021-10-07T22:00:00+00:00","breadcrumb":{"@id":"https:\/\/patagoniambiental.com.ar\/info\/reserva-provincial-parque-luro-los-nuevos-horarios-y-pautas-para-reservas-de-visitas\/#breadcrumb"},"inLanguage":"es","potentialAction":[{"@type":"ReadAction","target":["https:\/\/patagoniambiental.com.ar\/info\/reserva-provincial-parque-luro-los-nuevos-horarios-y-pautas-para-reservas-de-visitas\/"]}]},{"@type":"ImageObject","inLanguage":"es","@id":"https:\/\/patagoniambiental.com.ar\/info\/reserva-provincial-parque-luro-los-nuevos-horarios-y-pautas-para-reservas-de-visitas\/#primaryimage","url":"https:\/\/patagoniambiental.com.ar\/info\/wp-content\/uploads\/2021\/10\/Parque_Luro_turistas_ninios_5octubre2021-1.jpg","contentUrl":"https:\/\/patagoniambiental.com.ar\/info\/wp-content\/uploads\/2021\/10\/Parque_Luro_turistas_ninios_5octubre2021-1.jpg","width":800,"height":456},{"@type":"BreadcrumbList","@id":"https:\/\/patagoniambiental.com.ar\/info\/reserva-provincial-parque-luro-los-nuevos-horarios-y-pautas-para-reservas-de-visitas\/#breadcrumb","itemListElement":[{"@type":"ListItem","position":1,"name":"Inicio","item":"https:\/\/patagoniambiental.com.ar\/info\/"},{"@type":"ListItem","position":2,"name":"Reserva provincial Parque Luro: Los nuevos horarios y pautas para reservas de visitas"}]},{"@type":"WebSite","@id":"https:\/\/patagoniambiental.com.ar\/info\/#website","url":"https:\/\/patagoniambiental.com.ar\/info\/","name":"Patagonia Ambiental","description":"Monitoreo y an\u00e1lisis de la situaci\u00f3n geopol\u00edtica en el mundo y su implicancia en la Patagonia","publisher":{"@id":"https:\/\/patagoniambiental.com.ar\/info\/#organization"},"potentialAction":[{"@type":"SearchAction","target":{"@type":"EntryPoint","urlTemplate":"https:\/\/patagoniambiental.com.ar\/info\/?s={search_term_string}"},"query-input":{"@type":"PropertyValueSpecification","valueRequired":true,"valueName":"search_term_string"}}],"inLanguage":"es"},{"@type":"Organization","@id":"https:\/\/patagoniambiental.com.ar\/info\/#organization","name":"Patagonia Ambiental","url":"https:\/\/patagoniambiental.com.ar\/info\/","logo":{"@type":"ImageObject","inLanguage":"es","@id":"https:\/\/patagoniambiental.com.ar\/info\/#\/schema\/logo\/image\/","url":"https:\/\/patagoniambiental.com.ar\/info\/wp-content\/uploads\/2025\/05\/LOGO-PATAGONIA-AMBIENTAL.png","contentUrl":"https:\/\/patagoniambiental.com.ar\/info\/wp-content\/uploads\/2025\/05\/LOGO-PATAGONIA-AMBIENTAL.png","width":433,"height":250,"caption":"Patagonia Ambiental"},"image":{"@id":"https:\/\/patagoniambiental.com.ar\/info\/#\/schema\/logo\/image\/"},"sameAs":["https:\/\/www.facebook.com\/patagonia.ambiental","https:\/\/x.com\/PatAmb"]},{"@type":"Person","@id":"https:\/\/patagoniambiental.com.ar\/info\/#\/schema\/person\/e5af09d700b2e82cb10c6b8800e0c691","name":"BRAIAN ESTEVEZ","sameAs":["http:\/\/www.patagoniambiental.com.ar"]}]}},"_links":{"self":[{"href":"https:\/\/patagoniambiental.com.ar\/info\/wp-json\/wp\/v2\/posts\/74317","targetHints":{"allow":["GET"]}}],"collection":[{"href":"https:\/\/patagoniambiental.com.ar\/info\/wp-json\/wp\/v2\/posts"}],"about":[{"href":"https:\/\/patagoniambiental.com.ar\/info\/wp-json\/wp\/v2\/types\/post"}],"author":[{"embeddable":true,"href":"https:\/\/patagoniambiental.com.ar\/info\/wp-json\/wp\/v2\/users\/6"}],"replies":[{"embeddable":true,"href":"https:\/\/patagoniambiental.com.ar\/info\/wp-json\/wp\/v2\/comments?post=74317"}],"version-history":[{"count":0,"href":"https:\/\/patagoniambiental.com.ar\/info\/wp-json\/wp\/v2\/posts\/74317\/revisions"}],"wp:featuredmedia":[{"embeddable":true,"href":"https:\/\/patagoniambiental.com.ar\/info\/wp-json\/wp\/v2\/media\/74318"}],"wp:attachment":[{"href":"https:\/\/patagoniambiental.com.ar\/info\/wp-json\/wp\/v2\/media?parent=74317"}],"wp:term":[{"taxonomy":"category","embeddable":true,"href":"https:\/\/patagoniambiental.com.ar\/info\/wp-json\/wp\/v2\/categories?post=74317"},{"taxonomy":"post_tag","embeddable":true,"href":"https:\/\/patagoniambiental.com.ar\/info\/wp-json\/wp\/v2\/tags?post=74317"}],"curies":[{"name":"wp","href":"https:\/\/api.w.org\/{rel}","templated":true}]}}