{"id":74326,"date":"2021-10-09T07:00:00","date_gmt":"2021-10-09T10:00:00","guid":{"rendered":"http:\/\/patagoniambiental.com.ar\/info\/?p=74326"},"modified":"2021-10-08T21:44:59","modified_gmt":"2021-10-09T00:44:59","slug":"aptera-el-nombre-del-vehiculo-solar-mas-eficiente-del-mundo","status":"publish","type":"post","link":"https:\/\/patagoniambiental.com.ar\/info\/aptera-el-nombre-del-vehiculo-solar-mas-eficiente-del-mundo\/","title":{"rendered":"Aptera, el nombre del veh\u00edculo solar m\u00e1s eficiente del mundo"},"content":{"rendered":"\n<!--more-->\n\n\n\n<p>Los autos solares han revivido gracias a las bater\u00edas de los autos el\u00e9ctricos. Por su dise\u00f1o y tecnolog\u00eda, este proyecto norteamericano ha logrado una autonom\u00eda in\u00e9dita que le permitir\u00eda no tener que enchufarse jam\u00e1s.<\/p>\n\n\n\n<p>Cada tanto, la industria y los creadores, rompen el molde con una soluci\u00f3n que, al verla, genera en muchos una pregunta autom\u00e1tica: \u201c\u00bfC\u00f3mo no se nos ocurri\u00f3?\u201d. Muchas de esas ideas cambian paradigmas, usos, costumbres y funcionamientos en cualquier campo.<\/p>\n\n\n\n<p>La llegada de los autos el\u00e9ctricos a la movilidad del mundo, est\u00e1 destinada a marcar un hito, aunque finalmente despu\u00e9s haya o se desarrollen otros modos de locomoci\u00f3n que sean amigables con el medio ambiente, y por qu\u00e9 no, incluso puedan terminar con ellos.<\/p>\n\n\n\n<p>Porque as\u00ed como un d\u00eda los motores a explosi\u00f3n cambiaron el transporte de tracci\u00f3n a sangre por la de la tracci\u00f3n mec\u00e1nica, alg\u00fan d\u00eda quiz\u00e1s se hable de los autos el\u00e9ctricos como esa forma vetusta que ten\u00eda la civilizaci\u00f3n del siglo XXI para trasladarse. No hay modo de saberlo.<\/p>\n\n\n\n<figure class=\"wp-block-image\"><img decoding=\"async\" src=\"https:\/\/www.eldiariodelapampa.com.ar\/images\/2021\/octubre-2021\/08-10-2021\/aptera_a.jpg\" alt=\"aptera a\"\/><\/figure>\n\n\n\n<p>Como se ha explicado varias veces, el cambio de estos nuevos autos que se enchufan a la pared de los hogares, oficinas o estaciones de carga p\u00fablicas, no radica solo dejar de lado los trenes motrices endot\u00e9rmicos, sino en redefinir la forma de los veh\u00edculos. Ahora hay m\u00e1s espacio para los ocupantes, los habit\u00e1culos son m\u00e1s grandes y las aplicaciones entonces, generan nuevas oportunidades.<\/p>\n\n\n\n<p>Una de las utilidades que est\u00e1 empezando a hacerse m\u00e1s popular, es la de transformar el auto en un departamento sobre ruedas al que solo le faltan una cocina y un ba\u00f1o, pero que es capaz de tener asientos que se hacen camas o sillones, y pantallas LED que se transforman en computadoras monitores de TV para ver pel\u00edculas o jugar juegos de consola. Incluso las ventanas empiezan a tener forma de pantalla para dar informaci\u00f3n o brindar entretenimiento.<\/p>\n\n\n\n<figure class=\"wp-block-image\"><img decoding=\"async\" src=\"https:\/\/www.eldiariodelapampa.com.ar\/images\/2021\/octubre-2021\/08-10-2021\/aptera_b.jpg\" alt=\"aptera b\"\/><\/figure>\n\n\n\n<p>Es aqu\u00ed donde aparece la creatividad. Porque si al no existir el motor, la caja de cambios y la transmisi\u00f3n de ese motor hasta las ruedas motrices, ese espacio queda vac\u00edo, se puede tomar el camino mencionado, o bien, otro, que es hacer el auto de otra forma, que no tenga ese espacio que sobra y eso genere un beneficio.<\/p>\n\n\n\n<p>Con esa idea naci\u00f3 el proyecto Aptera en 2019, como un concepto de auto solar a bater\u00edas, con una particularidad que lo hace \u00fanico. Tiene tres ruedas en lugar de cuatro, dos adelante y una atr\u00e1s, pero lo verdaderamente novedoso, es que los tres motores el\u00e9ctricos est\u00e1n dentro de la cavidad de la rueda, donde naturalmente se encuentra la masa y el sistema de frenos.<\/p>\n\n\n\n<figure class=\"wp-block-image\"><img decoding=\"async\" src=\"https:\/\/www.eldiariodelapampa.com.ar\/images\/2021\/octubre-2021\/08-10-2021\/aptera_c.jpg\" alt=\"aptera c\"\/><\/figure>\n\n\n\n<p>El Aptera est\u00e1 dise\u00f1ado para varias capacidades de paquetes de bater\u00edas, y aunque es solar, todas las opciones se pueden cargar a trav\u00e9s de la red el\u00e9ctrica. Las bater\u00edas pueden ir desde 25 kWh hasta 100 kWh, pasando por 40 y 60. El m\u00e1s grande ofrece 1600 kil\u00f3metros de alcance seg\u00fan el fabricante. Pero lo m\u00e1s importante es que el veh\u00edculo entra se anuncia como \u201cel primer veh\u00edculo el\u00e9ctrico \u2018Never Charge\u2019 del mundo\u201d.<\/p>\n\n\n\n<p>Los motores que van en cada rueda son los Elaphe de 50 kW (unos 67 CV), que permiten por su disposici\u00f3n, no cargar la suspensi\u00f3n con peso, ya que pasan a ser masa no suspendida. Se podr\u00e1 usar solo con tracci\u00f3n delantera y tendr\u00e1 la opci\u00f3n de adicionar la tracci\u00f3n de la rueda posterior, para mejorar sus prestaciones y lograr una aceleraci\u00f3n de 0 a 100 km\/h en 3.5 segundos.<\/p>\n\n\n\n<figure class=\"wp-block-image\"><img decoding=\"async\" src=\"https:\/\/www.eldiariodelapampa.com.ar\/images\/2021\/octubre-2021\/08-10-2021\/aptera_d.jpg\" alt=\"aptera d\"\/><\/figure>\n\n\n\n<p>Una parte del secreto de su eficiencia est\u00e1 precisamente en el peso. La carrocer\u00eda, al no tener los motores colgados de la suspensi\u00f3n como un auto convencional, solo pesa 360 kg, a los que hay que sumar el peso de los ocupantes y las bater\u00edas, lo que permite que el consumo sea menor. El peso total, si bien no fue declarado, es inferior a los 1000 kg con dos pasajeros.<\/p>\n\n\n\n<p>La otra parte fundamental est\u00e1 en su tratamiento aerodin\u00e1mico. En principio, que sean tres ruedas y no cuatro, reduce la fricci\u00f3n, pero adem\u00e1s, las ruedas son angostas y est\u00e1n completamente carenadas, evitando el efecto de girar en contra del aire y sus remolinos. La forma de la cabina representa una gota de agua logrando un coeficiente de penetraci\u00f3n en el aire de apenas 0,13 cx, algo que solo consiguen los prototipos solares que nunca han llegado a ser autos para la calle.<\/p>\n\n\n\n<figure class=\"wp-block-image\"><img decoding=\"async\" src=\"https:\/\/www.eldiariodelapampa.com.ar\/images\/2021\/octubre-2021\/08-10-2021\/aptera_e.jpg\" alt=\"aptera e\"\/><\/figure>\n\n\n\n<p>El panel solar del techo ser\u00e1 est\u00e1ndar en todos los modelos y por especificaciones del fabricante, es capaz de proporcionar 32 km de autonom\u00eda solo de carga solar, algo que para un uso urbano ser\u00eda suficiente para un recorrido cotidiano. Esa superficie solar se puede ampliar con el capot y la tapa trasera, llevando el \u00e1rea total de paneles a un 24% m\u00e1s, por lo tanto a una autonom\u00eda solar de 68 km. Por esta raz\u00f3n, salvo que el due\u00f1o de un Aptera quiera hacer un viaje fuera de las ciudades, los usuarios podr\u00edan tener un auto que nunca hay que enchufar.https:\/\/www.youtube.com\/embed\/HNjUdTJjiNk?rel=0&amp;fs=1&amp;wmode=transparent&nbsp;&nbsp;&nbsp;<\/p>\n\n\n\n<ul class=\"wp-block-list\"><li><a href=\"https:\/\/www.eldiariodelapampa.com.ar\/component\/tags\/tag\/automovil\">Autom\u00f3vil<\/a><\/li><li><a href=\"https:\/\/www.eldiariodelapampa.com.ar\/component\/tags\/tag\/aptera\">Aptera<\/a><\/li><li><a href=\"https:\/\/www.eldiariodelapampa.com.ar\/component\/tags\/tag\/vehiculo-solar\">Veh\u00edculo solar<\/a><\/li><li>Fuente: https:\/\/www.eldiariodelapampa.com.ar\/tecnologia\/21802-aptera-el-nombre-del-vehiculo-solar-mas-eficiente-del-mundo<\/li><\/ul>\n","protected":false},"excerpt":{"rendered":"","protected":false},"author":6,"featured_media":74327,"comment_status":"open","ping_status":"open","sticky":false,"template":"","format":"standard","meta":{"site-sidebar-layout":"default","site-content-layout":"","ast-site-content-layout":"default","site-content-style":"default","site-sidebar-style":"default","ast-global-header-display":"","ast-banner-title-visibility":"","ast-main-header-display":"","ast-hfb-above-header-display":"","ast-hfb-below-header-display":"","ast-hfb-mobile-header-display":"","site-post-title":"","ast-breadcrumbs-content":"","ast-featured-img":"","footer-sml-layout":"","ast-disable-related-posts":"","theme-transparent-header-meta":"","adv-header-id-meta":"","stick-header-meta":"","header-above-stick-meta":"","header-main-stick-meta":"","header-below-stick-meta":"","astra-migrate-meta-layouts":"default","ast-page-background-enabled":"default","ast-page-background-meta":{"desktop":{"background-color":"var(--ast-global-color-5)","background-image":"","background-repeat":"repeat","background-position":"center center","background-size":"auto","background-attachment":"scroll","background-type":"","background-media":"","overlay-type":"","overlay-color":"","overlay-opacity":"","overlay-gradient":""},"tablet":{"background-color":"","background-image":"","background-repeat":"repeat","background-position":"center center","background-size":"auto","background-attachment":"scroll","background-type":"","background-media":"","overlay-type":"","overlay-color":"","overlay-opacity":"","overlay-gradient":""},"mobile":{"background-color":"","background-image":"","background-repeat":"repeat","background-position":"center center","background-size":"auto","background-attachment":"scroll","background-type":"","background-media":"","overlay-type":"","overlay-color":"","overlay-opacity":"","overlay-gradient":""}},"ast-content-background-meta":{"desktop":{"background-color":"var(--ast-global-color-4)","background-image":"","background-repeat":"repeat","background-position":"center center","background-size":"auto","background-attachment":"scroll","background-type":"","background-media":"","overlay-type":"","overlay-color":"","overlay-opacity":"","overlay-gradient":""},"tablet":{"background-color":"var(--ast-global-color-4)","background-image":"","background-repeat":"repeat","background-position":"center center","background-size":"auto","background-attachment":"scroll","background-type":"","background-media":"","overlay-type":"","overlay-color":"","overlay-opacity":"","overlay-gradient":""},"mobile":{"background-color":"var(--ast-global-color-4)","background-image":"","background-repeat":"repeat","background-position":"center center","background-size":"auto","background-attachment":"scroll","background-type":"","background-media":"","overlay-type":"","overlay-color":"","overlay-opacity":"","overlay-gradient":""}},"footnotes":""},"categories":[11,53,1,10],"tags":[],"class_list":["post-74326","post","type-post","status-publish","format-standard","has-post-thumbnail","hentry","category-boletin","category-general","category-noticias","category-rotador"],"yoast_head":"<!-- This site is optimized with the Yoast SEO Premium plugin v23.0 (Yoast SEO v27.5) - https:\/\/yoast.com\/product\/yoast-seo-premium-wordpress\/ -->\n<title>Aptera, el nombre del veh\u00edculo solar m\u00e1s eficiente del mundo<\/title>\n<meta name=\"robots\" content=\"index, follow, max-snippet:-1, max-image-preview:large, max-video-preview:-1\" \/>\n<link rel=\"canonical\" href=\"https:\/\/patagoniambiental.com.ar\/info\/aptera-el-nombre-del-vehiculo-solar-mas-eficiente-del-mundo\/\" \/>\n<meta property=\"og:locale\" content=\"es_ES\" \/>\n<meta property=\"og:type\" content=\"article\" \/>\n<meta property=\"og:title\" content=\"Aptera, el nombre del veh\u00edculo solar m\u00e1s eficiente del mundo\" \/>\n<meta property=\"og:url\" content=\"https:\/\/patagoniambiental.com.ar\/info\/aptera-el-nombre-del-vehiculo-solar-mas-eficiente-del-mundo\/\" \/>\n<meta property=\"og:site_name\" content=\"Patagonia Ambiental\" \/>\n<meta property=\"article:publisher\" content=\"https:\/\/www.facebook.com\/patagonia.ambiental\" \/>\n<meta property=\"article:published_time\" content=\"2021-10-09T10:00:00+00:00\" \/>\n<meta property=\"og:image\" content=\"https:\/\/patagoniambiental.com.ar\/info\/wp-content\/uploads\/2021\/10\/aptera.jpg\" \/>\n\t<meta property=\"og:image:width\" content=\"787\" \/>\n\t<meta property=\"og:image:height\" content=\"443\" \/>\n\t<meta property=\"og:image:type\" content=\"image\/jpeg\" \/>\n<meta name=\"author\" content=\"BRAIAN ESTEVEZ\" \/>\n<meta name=\"twitter:card\" content=\"summary_large_image\" \/>\n<meta name=\"twitter:creator\" content=\"@PatAmb\" \/>\n<meta name=\"twitter:site\" content=\"@PatAmb\" \/>\n<script type=\"application\/ld+json\" class=\"yoast-schema-graph\">{\"@context\":\"https:\\\/\\\/schema.org\",\"@graph\":[{\"@type\":\"Article\",\"@id\":\"https:\\\/\\\/patagoniambiental.com.ar\\\/info\\\/aptera-el-nombre-del-vehiculo-solar-mas-eficiente-del-mundo\\\/#article\",\"isPartOf\":{\"@id\":\"https:\\\/\\\/patagoniambiental.com.ar\\\/info\\\/aptera-el-nombre-del-vehiculo-solar-mas-eficiente-del-mundo\\\/\"},\"author\":{\"name\":\"BRAIAN ESTEVEZ\",\"@id\":\"https:\\\/\\\/patagoniambiental.com.ar\\\/info\\\/#\\\/schema\\\/person\\\/e5af09d700b2e82cb10c6b8800e0c691\"},\"headline\":\"Aptera, el nombre del veh\u00edculo solar m\u00e1s eficiente del mundo\",\"datePublished\":\"2021-10-09T10:00:00+00:00\",\"mainEntityOfPage\":{\"@id\":\"https:\\\/\\\/patagoniambiental.com.ar\\\/info\\\/aptera-el-nombre-del-vehiculo-solar-mas-eficiente-del-mundo\\\/\"},\"wordCount\":932,\"commentCount\":0,\"publisher\":{\"@id\":\"https:\\\/\\\/patagoniambiental.com.ar\\\/info\\\/#organization\"},\"image\":{\"@id\":\"https:\\\/\\\/patagoniambiental.com.ar\\\/info\\\/aptera-el-nombre-del-vehiculo-solar-mas-eficiente-del-mundo\\\/#primaryimage\"},\"thumbnailUrl\":\"https:\\\/\\\/patagoniambiental.com.ar\\\/info\\\/wp-content\\\/uploads\\\/2021\\\/10\\\/aptera.jpg\",\"articleSection\":[\"Bolet\u00edn\",\"General\",\"Noticias\",\"Rotador\"],\"inLanguage\":\"es\",\"potentialAction\":[{\"@type\":\"CommentAction\",\"name\":\"Comment\",\"target\":[\"https:\\\/\\\/patagoniambiental.com.ar\\\/info\\\/aptera-el-nombre-del-vehiculo-solar-mas-eficiente-del-mundo\\\/#respond\"]}]},{\"@type\":\"WebPage\",\"@id\":\"https:\\\/\\\/patagoniambiental.com.ar\\\/info\\\/aptera-el-nombre-del-vehiculo-solar-mas-eficiente-del-mundo\\\/\",\"url\":\"https:\\\/\\\/patagoniambiental.com.ar\\\/info\\\/aptera-el-nombre-del-vehiculo-solar-mas-eficiente-del-mundo\\\/\",\"name\":\"Aptera, el nombre del veh\u00edculo solar m\u00e1s eficiente del mundo\",\"isPartOf\":{\"@id\":\"https:\\\/\\\/patagoniambiental.com.ar\\\/info\\\/#website\"},\"primaryImageOfPage\":{\"@id\":\"https:\\\/\\\/patagoniambiental.com.ar\\\/info\\\/aptera-el-nombre-del-vehiculo-solar-mas-eficiente-del-mundo\\\/#primaryimage\"},\"image\":{\"@id\":\"https:\\\/\\\/patagoniambiental.com.ar\\\/info\\\/aptera-el-nombre-del-vehiculo-solar-mas-eficiente-del-mundo\\\/#primaryimage\"},\"thumbnailUrl\":\"https:\\\/\\\/patagoniambiental.com.ar\\\/info\\\/wp-content\\\/uploads\\\/2021\\\/10\\\/aptera.jpg\",\"datePublished\":\"2021-10-09T10:00:00+00:00\",\"breadcrumb\":{\"@id\":\"https:\\\/\\\/patagoniambiental.com.ar\\\/info\\\/aptera-el-nombre-del-vehiculo-solar-mas-eficiente-del-mundo\\\/#breadcrumb\"},\"inLanguage\":\"es\",\"potentialAction\":[{\"@type\":\"ReadAction\",\"target\":[\"https:\\\/\\\/patagoniambiental.com.ar\\\/info\\\/aptera-el-nombre-del-vehiculo-solar-mas-eficiente-del-mundo\\\/\"]}]},{\"@type\":\"ImageObject\",\"inLanguage\":\"es\",\"@id\":\"https:\\\/\\\/patagoniambiental.com.ar\\\/info\\\/aptera-el-nombre-del-vehiculo-solar-mas-eficiente-del-mundo\\\/#primaryimage\",\"url\":\"https:\\\/\\\/patagoniambiental.com.ar\\\/info\\\/wp-content\\\/uploads\\\/2021\\\/10\\\/aptera.jpg\",\"contentUrl\":\"https:\\\/\\\/patagoniambiental.com.ar\\\/info\\\/wp-content\\\/uploads\\\/2021\\\/10\\\/aptera.jpg\",\"width\":787,\"height\":443},{\"@type\":\"BreadcrumbList\",\"@id\":\"https:\\\/\\\/patagoniambiental.com.ar\\\/info\\\/aptera-el-nombre-del-vehiculo-solar-mas-eficiente-del-mundo\\\/#breadcrumb\",\"itemListElement\":[{\"@type\":\"ListItem\",\"position\":1,\"name\":\"Inicio\",\"item\":\"https:\\\/\\\/patagoniambiental.com.ar\\\/info\\\/\"},{\"@type\":\"ListItem\",\"position\":2,\"name\":\"Aptera, el nombre del veh\u00edculo solar m\u00e1s eficiente del mundo\"}]},{\"@type\":\"WebSite\",\"@id\":\"https:\\\/\\\/patagoniambiental.com.ar\\\/info\\\/#website\",\"url\":\"https:\\\/\\\/patagoniambiental.com.ar\\\/info\\\/\",\"name\":\"Patagonia Ambiental\",\"description\":\"Monitoreo y an\u00e1lisis de la situaci\u00f3n geopol\u00edtica en el mundo y su implicancia en la Patagonia\",\"publisher\":{\"@id\":\"https:\\\/\\\/patagoniambiental.com.ar\\\/info\\\/#organization\"},\"potentialAction\":[{\"@type\":\"SearchAction\",\"target\":{\"@type\":\"EntryPoint\",\"urlTemplate\":\"https:\\\/\\\/patagoniambiental.com.ar\\\/info\\\/?s={search_term_string}\"},\"query-input\":{\"@type\":\"PropertyValueSpecification\",\"valueRequired\":true,\"valueName\":\"search_term_string\"}}],\"inLanguage\":\"es\"},{\"@type\":\"Organization\",\"@id\":\"https:\\\/\\\/patagoniambiental.com.ar\\\/info\\\/#organization\",\"name\":\"Patagonia Ambiental\",\"url\":\"https:\\\/\\\/patagoniambiental.com.ar\\\/info\\\/\",\"logo\":{\"@type\":\"ImageObject\",\"inLanguage\":\"es\",\"@id\":\"https:\\\/\\\/patagoniambiental.com.ar\\\/info\\\/#\\\/schema\\\/logo\\\/image\\\/\",\"url\":\"https:\\\/\\\/patagoniambiental.com.ar\\\/info\\\/wp-content\\\/uploads\\\/2025\\\/05\\\/LOGO-PATAGONIA-AMBIENTAL.png\",\"contentUrl\":\"https:\\\/\\\/patagoniambiental.com.ar\\\/info\\\/wp-content\\\/uploads\\\/2025\\\/05\\\/LOGO-PATAGONIA-AMBIENTAL.png\",\"width\":433,\"height\":250,\"caption\":\"Patagonia Ambiental\"},\"image\":{\"@id\":\"https:\\\/\\\/patagoniambiental.com.ar\\\/info\\\/#\\\/schema\\\/logo\\\/image\\\/\"},\"sameAs\":[\"https:\\\/\\\/www.facebook.com\\\/patagonia.ambiental\",\"https:\\\/\\\/x.com\\\/PatAmb\"]},{\"@type\":\"Person\",\"@id\":\"https:\\\/\\\/patagoniambiental.com.ar\\\/info\\\/#\\\/schema\\\/person\\\/e5af09d700b2e82cb10c6b8800e0c691\",\"name\":\"BRAIAN ESTEVEZ\",\"sameAs\":[\"http:\\\/\\\/www.patagoniambiental.com.ar\"]}]}<\/script>\n<!-- \/ Yoast SEO Premium plugin. -->","yoast_head_json":{"title":"Aptera, el nombre del veh\u00edculo solar m\u00e1s eficiente del mundo","robots":{"index":"index","follow":"follow","max-snippet":"max-snippet:-1","max-image-preview":"max-image-preview:large","max-video-preview":"max-video-preview:-1"},"canonical":"https:\/\/patagoniambiental.com.ar\/info\/aptera-el-nombre-del-vehiculo-solar-mas-eficiente-del-mundo\/","og_locale":"es_ES","og_type":"article","og_title":"Aptera, el nombre del veh\u00edculo solar m\u00e1s eficiente del mundo","og_url":"https:\/\/patagoniambiental.com.ar\/info\/aptera-el-nombre-del-vehiculo-solar-mas-eficiente-del-mundo\/","og_site_name":"Patagonia Ambiental","article_publisher":"https:\/\/www.facebook.com\/patagonia.ambiental","article_published_time":"2021-10-09T10:00:00+00:00","og_image":[{"width":787,"height":443,"url":"https:\/\/patagoniambiental.com.ar\/info\/wp-content\/uploads\/2021\/10\/aptera.jpg","type":"image\/jpeg"}],"author":"BRAIAN ESTEVEZ","twitter_card":"summary_large_image","twitter_creator":"@PatAmb","twitter_site":"@PatAmb","schema":{"@context":"https:\/\/schema.org","@graph":[{"@type":"Article","@id":"https:\/\/patagoniambiental.com.ar\/info\/aptera-el-nombre-del-vehiculo-solar-mas-eficiente-del-mundo\/#article","isPartOf":{"@id":"https:\/\/patagoniambiental.com.ar\/info\/aptera-el-nombre-del-vehiculo-solar-mas-eficiente-del-mundo\/"},"author":{"name":"BRAIAN ESTEVEZ","@id":"https:\/\/patagoniambiental.com.ar\/info\/#\/schema\/person\/e5af09d700b2e82cb10c6b8800e0c691"},"headline":"Aptera, el nombre del veh\u00edculo solar m\u00e1s eficiente del mundo","datePublished":"2021-10-09T10:00:00+00:00","mainEntityOfPage":{"@id":"https:\/\/patagoniambiental.com.ar\/info\/aptera-el-nombre-del-vehiculo-solar-mas-eficiente-del-mundo\/"},"wordCount":932,"commentCount":0,"publisher":{"@id":"https:\/\/patagoniambiental.com.ar\/info\/#organization"},"image":{"@id":"https:\/\/patagoniambiental.com.ar\/info\/aptera-el-nombre-del-vehiculo-solar-mas-eficiente-del-mundo\/#primaryimage"},"thumbnailUrl":"https:\/\/patagoniambiental.com.ar\/info\/wp-content\/uploads\/2021\/10\/aptera.jpg","articleSection":["Bolet\u00edn","General","Noticias","Rotador"],"inLanguage":"es","potentialAction":[{"@type":"CommentAction","name":"Comment","target":["https:\/\/patagoniambiental.com.ar\/info\/aptera-el-nombre-del-vehiculo-solar-mas-eficiente-del-mundo\/#respond"]}]},{"@type":"WebPage","@id":"https:\/\/patagoniambiental.com.ar\/info\/aptera-el-nombre-del-vehiculo-solar-mas-eficiente-del-mundo\/","url":"https:\/\/patagoniambiental.com.ar\/info\/aptera-el-nombre-del-vehiculo-solar-mas-eficiente-del-mundo\/","name":"Aptera, el nombre del veh\u00edculo solar m\u00e1s eficiente del mundo","isPartOf":{"@id":"https:\/\/patagoniambiental.com.ar\/info\/#website"},"primaryImageOfPage":{"@id":"https:\/\/patagoniambiental.com.ar\/info\/aptera-el-nombre-del-vehiculo-solar-mas-eficiente-del-mundo\/#primaryimage"},"image":{"@id":"https:\/\/patagoniambiental.com.ar\/info\/aptera-el-nombre-del-vehiculo-solar-mas-eficiente-del-mundo\/#primaryimage"},"thumbnailUrl":"https:\/\/patagoniambiental.com.ar\/info\/wp-content\/uploads\/2021\/10\/aptera.jpg","datePublished":"2021-10-09T10:00:00+00:00","breadcrumb":{"@id":"https:\/\/patagoniambiental.com.ar\/info\/aptera-el-nombre-del-vehiculo-solar-mas-eficiente-del-mundo\/#breadcrumb"},"inLanguage":"es","potentialAction":[{"@type":"ReadAction","target":["https:\/\/patagoniambiental.com.ar\/info\/aptera-el-nombre-del-vehiculo-solar-mas-eficiente-del-mundo\/"]}]},{"@type":"ImageObject","inLanguage":"es","@id":"https:\/\/patagoniambiental.com.ar\/info\/aptera-el-nombre-del-vehiculo-solar-mas-eficiente-del-mundo\/#primaryimage","url":"https:\/\/patagoniambiental.com.ar\/info\/wp-content\/uploads\/2021\/10\/aptera.jpg","contentUrl":"https:\/\/patagoniambiental.com.ar\/info\/wp-content\/uploads\/2021\/10\/aptera.jpg","width":787,"height":443},{"@type":"BreadcrumbList","@id":"https:\/\/patagoniambiental.com.ar\/info\/aptera-el-nombre-del-vehiculo-solar-mas-eficiente-del-mundo\/#breadcrumb","itemListElement":[{"@type":"ListItem","position":1,"name":"Inicio","item":"https:\/\/patagoniambiental.com.ar\/info\/"},{"@type":"ListItem","position":2,"name":"Aptera, el nombre del veh\u00edculo solar m\u00e1s eficiente del mundo"}]},{"@type":"WebSite","@id":"https:\/\/patagoniambiental.com.ar\/info\/#website","url":"https:\/\/patagoniambiental.com.ar\/info\/","name":"Patagonia Ambiental","description":"Monitoreo y an\u00e1lisis de la situaci\u00f3n geopol\u00edtica en el mundo y su implicancia en la Patagonia","publisher":{"@id":"https:\/\/patagoniambiental.com.ar\/info\/#organization"},"potentialAction":[{"@type":"SearchAction","target":{"@type":"EntryPoint","urlTemplate":"https:\/\/patagoniambiental.com.ar\/info\/?s={search_term_string}"},"query-input":{"@type":"PropertyValueSpecification","valueRequired":true,"valueName":"search_term_string"}}],"inLanguage":"es"},{"@type":"Organization","@id":"https:\/\/patagoniambiental.com.ar\/info\/#organization","name":"Patagonia Ambiental","url":"https:\/\/patagoniambiental.com.ar\/info\/","logo":{"@type":"ImageObject","inLanguage":"es","@id":"https:\/\/patagoniambiental.com.ar\/info\/#\/schema\/logo\/image\/","url":"https:\/\/patagoniambiental.com.ar\/info\/wp-content\/uploads\/2025\/05\/LOGO-PATAGONIA-AMBIENTAL.png","contentUrl":"https:\/\/patagoniambiental.com.ar\/info\/wp-content\/uploads\/2025\/05\/LOGO-PATAGONIA-AMBIENTAL.png","width":433,"height":250,"caption":"Patagonia Ambiental"},"image":{"@id":"https:\/\/patagoniambiental.com.ar\/info\/#\/schema\/logo\/image\/"},"sameAs":["https:\/\/www.facebook.com\/patagonia.ambiental","https:\/\/x.com\/PatAmb"]},{"@type":"Person","@id":"https:\/\/patagoniambiental.com.ar\/info\/#\/schema\/person\/e5af09d700b2e82cb10c6b8800e0c691","name":"BRAIAN ESTEVEZ","sameAs":["http:\/\/www.patagoniambiental.com.ar"]}]}},"_links":{"self":[{"href":"https:\/\/patagoniambiental.com.ar\/info\/wp-json\/wp\/v2\/posts\/74326","targetHints":{"allow":["GET"]}}],"collection":[{"href":"https:\/\/patagoniambiental.com.ar\/info\/wp-json\/wp\/v2\/posts"}],"about":[{"href":"https:\/\/patagoniambiental.com.ar\/info\/wp-json\/wp\/v2\/types\/post"}],"author":[{"embeddable":true,"href":"https:\/\/patagoniambiental.com.ar\/info\/wp-json\/wp\/v2\/users\/6"}],"replies":[{"embeddable":true,"href":"https:\/\/patagoniambiental.com.ar\/info\/wp-json\/wp\/v2\/comments?post=74326"}],"version-history":[{"count":0,"href":"https:\/\/patagoniambiental.com.ar\/info\/wp-json\/wp\/v2\/posts\/74326\/revisions"}],"wp:featuredmedia":[{"embeddable":true,"href":"https:\/\/patagoniambiental.com.ar\/info\/wp-json\/wp\/v2\/media\/74327"}],"wp:attachment":[{"href":"https:\/\/patagoniambiental.com.ar\/info\/wp-json\/wp\/v2\/media?parent=74326"}],"wp:term":[{"taxonomy":"category","embeddable":true,"href":"https:\/\/patagoniambiental.com.ar\/info\/wp-json\/wp\/v2\/categories?post=74326"},{"taxonomy":"post_tag","embeddable":true,"href":"https:\/\/patagoniambiental.com.ar\/info\/wp-json\/wp\/v2\/tags?post=74326"}],"curies":[{"name":"wp","href":"https:\/\/api.w.org\/{rel}","templated":true}]}}