{"id":7433,"date":"2015-01-26T12:16:12","date_gmt":"2015-01-26T15:16:12","guid":{"rendered":"http:\/\/patagoniambiental.com.ar\/?p=7433"},"modified":"2015-01-26T12:16:12","modified_gmt":"2015-01-26T15:16:12","slug":"ensenar-a-cuidar-el-agua","status":"publish","type":"post","link":"https:\/\/patagoniambiental.com.ar\/info\/ensenar-a-cuidar-el-agua\/","title":{"rendered":"Ense\u00f1ar a cuidar el agua"},"content":{"rendered":"<p style=\"text-align: justify;\">San Juan &#8211; Son cada vez m\u00e1s frecuentes las noticias en los medios de comunicaci\u00f3n sobre el problema que ocasiona la escasez de agua en zonas como San Juan o Mendoza, donde las principales cuencas h\u00eddricas dependen del grado de escurrimiento que se produce en la alta la cordillera. En las \u00faltimas temporadas las precipitaciones n\u00edveas han sido escasas, por lo que no se ha producido acumulaci\u00f3n ocasionando ahora el escaso derrame hacia los valles.<!--more--><\/p>\n<p style=\"text-align: justify;\">\n<p style=\"text-align: justify;\">La situaci\u00f3n es muy delicada y las estad\u00edsticas arrojan datos negativos en cuanto al consumo eficiente del agua debido a que si bien se han incrementado los controles por parte de OSSE, la mayor\u00eda de las situaciones de derroche se producen dentro de los hogares ya sea por malos h\u00e1bitos de consumo, surtidores rotos, ca\u00f1er\u00edas rotas (se hace imposible realizar controles dentro de los hogares). Por otro lado, una parte importante de situaciones de derroche se produce en lugares p\u00fablicos, en donde es com\u00fan observar la existencia de surtidores y ca\u00f1er\u00edas rotas que derraman varios metros c\u00fabicos hasta que son reparadas.<\/p>\n<p style=\"text-align: justify;\">\n<p style=\"text-align: justify;\">Resulta necesario concientizar a la poblaci\u00f3n sobre la importancia que tiene el agua para el desarrollo de la vida y de otras actividades como el turismo, la producci\u00f3n de energ\u00eda y el desarrollo de actividades econ\u00f3micas, entre ellas la agricultura, vitivinicultura y ganader\u00eda. Pero tambi\u00e9n es necesario reflejar la real dimensi\u00f3n que tiene el drama de la sequ\u00eda, ya que si bien la naturaleza y sus fen\u00f3menos no pueden modificarse, se puede generar un cambio de actitud en beneficio del buen uso del recurso. Por otra parte tambi\u00e9n ser\u00eda conveniente que los organismos gubernamentales pertinentes den muestra de una buena administraci\u00f3n y planeamiento en el manejo del agua bas\u00e1ndose en lo dispuesto por la Ley 4.392 del C\u00f3digo de Aguas de la Provincia de San Juan, espec\u00edficamente en los art\u00edculos 8\u00a6 y 10\u00a6 del cap\u00edtulo I, en las Disposiciones Generales.<\/p>\n<p style=\"text-align: justify;\">\n<p style=\"text-align: justify;\">En este marco es donde observamos la importancia que la educaci\u00f3n tiene en la tarea de ir creando conciencia sobre la forma de cuidar el agua, tanto para riego como para consumo humano.<\/p>\n<p style=\"text-align: justify;\">\n<p style=\"text-align: justify;\">Desde el marco educativo, podr\u00eda realizarse la adecuaci\u00f3n e implementaci\u00f3n de contenidos a nivel curricular sobre el cuidado del agua. Si bien en la actualidad se trabajan estos temas mediante proyectos escolares y concursos, ser\u00eda necesario hacerlo en forma general y permanente, tomando como tem\u00e1tica o eje central e integrador de \u00e1reas y contenidos: \u00abEl agua como recurso indispensable para la vida\u00bb.<\/p>\n<p style=\"text-align: justify;\">\n<p style=\"text-align: justify;\">Se podr\u00edan organizar talleres semanales, mensuales o trimestrales sobre el cuidado del medio ambiente y, en forma particular, el agua. Tambi\u00e9n se podr\u00eda motivar a los alumnos y sus familias, afianzando el v\u00ednculo \u00abescuela, familia y comunidad\u00bb; apuntando directamente a una concientizaci\u00f3n profunda sobre el cuidado del agua como recurso natural e indispensable, a fin de promover un cambio generado desde la familia y los hogares.<\/p>\n<p style=\"text-align: justify;\">\n<p style=\"text-align: justify;\">Otra actividad enriquecedora de este plan es la de promover que los chicos localicen situaciones de derroche de agua (en plazas, parques o simplemente en la v\u00eda p\u00fablica), los registren y los denuncien, verificando luego si los organismos responsables acuden a repararlos.<\/p>\n<p style=\"text-align: justify;\">\n<p style=\"text-align: justify;\">En s\u00edntesis, hay otras tantas iniciativas o ideas que se pueden llevar a cabo en las escuelas y que pueden contribuir a concientizar a peque\u00f1os y grandes, en forma permanente, sobre la importancia de cuidar un tesoro tan valioso como es el agua en una provincia des\u00e9rtica y con problemas graves de disminuci\u00f3n h\u00eddrica; pero ense\u00f1ando a tomar cartas en el asunto y participar activamente desde el lugar que nos toca.<\/p>\n<p style=\"text-align: justify;\">\n<p style=\"text-align: justify;\">Debemos contribuir a querer, respetar y cuidar el agua como uno de los m\u00e1s valiosos recursos que la naturaleza nos brinda.<\/p>\n<p style=\"text-align: justify;\">FUENTE: DIARIODECUYO.com.ar<\/p>\n<p style=\"text-align: justify;\">Por: Karina Mar\u00eda Blanco (Profesora de Ense\u00f1anza B\u00e1sica)<\/p>\n","protected":false},"excerpt":{"rendered":"<p>San Juan &#8211; Son cada vez m\u00e1s frecuentes las noticias en los medios de comunicaci\u00f3n sobre el problema que ocasiona [&hellip;]<\/p>\n","protected":false},"author":2,"featured_media":7241,"comment_status":"closed","ping_status":"closed","sticky":false,"template":"","format":"standard","meta":{"site-sidebar-layout":"default","site-content-layout":"","ast-site-content-layout":"default","site-content-style":"default","site-sidebar-style":"default","ast-global-header-display":"","ast-banner-title-visibility":"","ast-main-header-display":"","ast-hfb-above-header-display":"","ast-hfb-below-header-display":"","ast-hfb-mobile-header-display":"","site-post-title":"","ast-breadcrumbs-content":"","ast-featured-img":"","footer-sml-layout":"","ast-disable-related-posts":"","theme-transparent-header-meta":"","adv-header-id-meta":"","stick-header-meta":"","header-above-stick-meta":"","header-main-stick-meta":"","header-below-stick-meta":"","astra-migrate-meta-layouts":"default","ast-page-background-enabled":"default","ast-page-background-meta":{"desktop":{"background-color":"var(--ast-global-color-5)","background-image":"","background-repeat":"repeat","background-position":"center center","background-size":"auto","background-attachment":"scroll","background-type":"","background-media":"","overlay-type":"","overlay-color":"","overlay-opacity":"","overlay-gradient":""},"tablet":{"background-color":"","background-image":"","background-repeat":"repeat","background-position":"center center","background-size":"auto","background-attachment":"scroll","background-type":"","background-media":"","overlay-type":"","overlay-color":"","overlay-opacity":"","overlay-gradient":""},"mobile":{"background-color":"","background-image":"","background-repeat":"repeat","background-position":"center center","background-size":"auto","background-attachment":"scroll","background-type":"","background-media":"","overlay-type":"","overlay-color":"","overlay-opacity":"","overlay-gradient":""}},"ast-content-background-meta":{"desktop":{"background-color":"var(--ast-global-color-4)","background-image":"","background-repeat":"repeat","background-position":"center center","background-size":"auto","background-attachment":"scroll","background-type":"","background-media":"","overlay-type":"","overlay-color":"","overlay-opacity":"","overlay-gradient":""},"tablet":{"background-color":"var(--ast-global-color-4)","background-image":"","background-repeat":"repeat","background-position":"center center","background-size":"auto","background-attachment":"scroll","background-type":"","background-media":"","overlay-type":"","overlay-color":"","overlay-opacity":"","overlay-gradient":""},"mobile":{"background-color":"var(--ast-global-color-4)","background-image":"","background-repeat":"repeat","background-position":"center center","background-size":"auto","background-attachment":"scroll","background-type":"","background-media":"","overlay-type":"","overlay-color":"","overlay-opacity":"","overlay-gradient":""}},"footnotes":""},"categories":[53,1],"tags":[87,2299,1417,2300,2301],"class_list":["post-7433","post","type-post","status-publish","format-standard","has-post-thumbnail","hentry","category-general","category-noticias","tag-agua","tag-cuencas-hidricas","tag-mendoza","tag-osse","tag-san-juan"],"yoast_head":"<!-- This site is optimized with the Yoast SEO Premium plugin v23.0 (Yoast SEO v27.5) - https:\/\/yoast.com\/product\/yoast-seo-premium-wordpress\/ -->\n<title>Ense\u00f1ar a cuidar el agua<\/title>\n<meta name=\"robots\" content=\"index, follow, max-snippet:-1, max-image-preview:large, max-video-preview:-1\" \/>\n<link rel=\"canonical\" href=\"https:\/\/patagoniambiental.com.ar\/info\/ensenar-a-cuidar-el-agua\/\" \/>\n<meta property=\"og:locale\" content=\"es_ES\" \/>\n<meta property=\"og:type\" content=\"article\" \/>\n<meta property=\"og:title\" content=\"Ense\u00f1ar a cuidar el agua\" \/>\n<meta property=\"og:description\" content=\"San Juan &#8211; Son cada vez m\u00e1s frecuentes las noticias en los medios de comunicaci\u00f3n sobre el problema que ocasiona [&hellip;]\" \/>\n<meta property=\"og:url\" content=\"https:\/\/patagoniambiental.com.ar\/info\/ensenar-a-cuidar-el-agua\/\" \/>\n<meta property=\"og:site_name\" content=\"Patagonia Ambiental\" \/>\n<meta property=\"article:publisher\" content=\"https:\/\/www.facebook.com\/patagonia.ambiental\" \/>\n<meta property=\"article:author\" content=\"https:\/\/www.facebook.com\/share\/1C1V8Gv9BX\/?mibextid=qi2Omg\" \/>\n<meta property=\"article:published_time\" content=\"2015-01-26T15:16:12+00:00\" \/>\n<meta name=\"author\" content=\"Patagonia Ambiental\" \/>\n<meta name=\"twitter:card\" content=\"summary_large_image\" \/>\n<meta name=\"twitter:creator\" content=\"@PatAmb\" \/>\n<meta name=\"twitter:site\" content=\"@PatAmb\" \/>\n<script type=\"application\/ld+json\" class=\"yoast-schema-graph\">{\"@context\":\"https:\\\/\\\/schema.org\",\"@graph\":[{\"@type\":\"Article\",\"@id\":\"https:\\\/\\\/patagoniambiental.com.ar\\\/info\\\/ensenar-a-cuidar-el-agua\\\/#article\",\"isPartOf\":{\"@id\":\"https:\\\/\\\/patagoniambiental.com.ar\\\/info\\\/ensenar-a-cuidar-el-agua\\\/\"},\"author\":{\"name\":\"Patagonia Ambiental\",\"@id\":\"https:\\\/\\\/patagoniambiental.com.ar\\\/info\\\/#\\\/schema\\\/person\\\/db12bff64bbcbf6a253710bf0ea37b5d\"},\"headline\":\"Ense\u00f1ar a cuidar el agua\",\"datePublished\":\"2015-01-26T15:16:12+00:00\",\"mainEntityOfPage\":{\"@id\":\"https:\\\/\\\/patagoniambiental.com.ar\\\/info\\\/ensenar-a-cuidar-el-agua\\\/\"},\"wordCount\":682,\"publisher\":{\"@id\":\"https:\\\/\\\/patagoniambiental.com.ar\\\/info\\\/#organization\"},\"image\":{\"@id\":\"https:\\\/\\\/patagoniambiental.com.ar\\\/info\\\/ensenar-a-cuidar-el-agua\\\/#primaryimage\"},\"thumbnailUrl\":\"\",\"keywords\":[\"Agua\",\"cuencas h\u00eddricas\",\"mendoza\",\"osse\",\"san juan\"],\"articleSection\":[\"General\",\"Noticias\"],\"inLanguage\":\"es\"},{\"@type\":\"WebPage\",\"@id\":\"https:\\\/\\\/patagoniambiental.com.ar\\\/info\\\/ensenar-a-cuidar-el-agua\\\/\",\"url\":\"https:\\\/\\\/patagoniambiental.com.ar\\\/info\\\/ensenar-a-cuidar-el-agua\\\/\",\"name\":\"Ense\u00f1ar a cuidar el agua\",\"isPartOf\":{\"@id\":\"https:\\\/\\\/patagoniambiental.com.ar\\\/info\\\/#website\"},\"primaryImageOfPage\":{\"@id\":\"https:\\\/\\\/patagoniambiental.com.ar\\\/info\\\/ensenar-a-cuidar-el-agua\\\/#primaryimage\"},\"image\":{\"@id\":\"https:\\\/\\\/patagoniambiental.com.ar\\\/info\\\/ensenar-a-cuidar-el-agua\\\/#primaryimage\"},\"thumbnailUrl\":\"\",\"datePublished\":\"2015-01-26T15:16:12+00:00\",\"breadcrumb\":{\"@id\":\"https:\\\/\\\/patagoniambiental.com.ar\\\/info\\\/ensenar-a-cuidar-el-agua\\\/#breadcrumb\"},\"inLanguage\":\"es\",\"potentialAction\":[{\"@type\":\"ReadAction\",\"target\":[\"https:\\\/\\\/patagoniambiental.com.ar\\\/info\\\/ensenar-a-cuidar-el-agua\\\/\"]}]},{\"@type\":\"ImageObject\",\"inLanguage\":\"es\",\"@id\":\"https:\\\/\\\/patagoniambiental.com.ar\\\/info\\\/ensenar-a-cuidar-el-agua\\\/#primaryimage\",\"url\":\"\",\"contentUrl\":\"\"},{\"@type\":\"BreadcrumbList\",\"@id\":\"https:\\\/\\\/patagoniambiental.com.ar\\\/info\\\/ensenar-a-cuidar-el-agua\\\/#breadcrumb\",\"itemListElement\":[{\"@type\":\"ListItem\",\"position\":1,\"name\":\"Inicio\",\"item\":\"https:\\\/\\\/patagoniambiental.com.ar\\\/info\\\/\"},{\"@type\":\"ListItem\",\"position\":2,\"name\":\"Ense\u00f1ar a cuidar el agua\"}]},{\"@type\":\"WebSite\",\"@id\":\"https:\\\/\\\/patagoniambiental.com.ar\\\/info\\\/#website\",\"url\":\"https:\\\/\\\/patagoniambiental.com.ar\\\/info\\\/\",\"name\":\"Patagonia Ambiental\",\"description\":\"Monitoreo y an\u00e1lisis de la situaci\u00f3n geopol\u00edtica en el mundo y su implicancia en la Patagonia\",\"publisher\":{\"@id\":\"https:\\\/\\\/patagoniambiental.com.ar\\\/info\\\/#organization\"},\"potentialAction\":[{\"@type\":\"SearchAction\",\"target\":{\"@type\":\"EntryPoint\",\"urlTemplate\":\"https:\\\/\\\/patagoniambiental.com.ar\\\/info\\\/?s={search_term_string}\"},\"query-input\":{\"@type\":\"PropertyValueSpecification\",\"valueRequired\":true,\"valueName\":\"search_term_string\"}}],\"inLanguage\":\"es\"},{\"@type\":\"Organization\",\"@id\":\"https:\\\/\\\/patagoniambiental.com.ar\\\/info\\\/#organization\",\"name\":\"Patagonia Ambiental\",\"url\":\"https:\\\/\\\/patagoniambiental.com.ar\\\/info\\\/\",\"logo\":{\"@type\":\"ImageObject\",\"inLanguage\":\"es\",\"@id\":\"https:\\\/\\\/patagoniambiental.com.ar\\\/info\\\/#\\\/schema\\\/logo\\\/image\\\/\",\"url\":\"https:\\\/\\\/patagoniambiental.com.ar\\\/info\\\/wp-content\\\/uploads\\\/2025\\\/05\\\/LOGO-PATAGONIA-AMBIENTAL.png\",\"contentUrl\":\"https:\\\/\\\/patagoniambiental.com.ar\\\/info\\\/wp-content\\\/uploads\\\/2025\\\/05\\\/LOGO-PATAGONIA-AMBIENTAL.png\",\"width\":433,\"height\":250,\"caption\":\"Patagonia Ambiental\"},\"image\":{\"@id\":\"https:\\\/\\\/patagoniambiental.com.ar\\\/info\\\/#\\\/schema\\\/logo\\\/image\\\/\"},\"sameAs\":[\"https:\\\/\\\/www.facebook.com\\\/patagonia.ambiental\",\"https:\\\/\\\/x.com\\\/PatAmb\"]},{\"@type\":\"Person\",\"@id\":\"https:\\\/\\\/patagoniambiental.com.ar\\\/info\\\/#\\\/schema\\\/person\\\/db12bff64bbcbf6a253710bf0ea37b5d\",\"name\":\"Patagonia Ambiental\",\"description\":\"Andr\u00e9s Nievas T\u00e9cnico en manejo ambiental, consultor Ambiental y escritor para medios locales e internacionales sobre temas de geopolitica y medio ambiente.\",\"sameAs\":[\"http:\\\/\\\/www.patagoniambiental.com.ar\",\"https:\\\/\\\/www.facebook.com\\\/share\\\/1C1V8Gv9BX\\\/?mibextid=qi2Omg\",\"@patagoniambiental\",\"https:\\\/\\\/youtube.com\\\/@patagoniaambiental2023?si=BLt58t0wuXquxlYZ\"]}]}<\/script>\n<!-- \/ Yoast SEO Premium plugin. -->","yoast_head_json":{"title":"Ense\u00f1ar a cuidar el agua","robots":{"index":"index","follow":"follow","max-snippet":"max-snippet:-1","max-image-preview":"max-image-preview:large","max-video-preview":"max-video-preview:-1"},"canonical":"https:\/\/patagoniambiental.com.ar\/info\/ensenar-a-cuidar-el-agua\/","og_locale":"es_ES","og_type":"article","og_title":"Ense\u00f1ar a cuidar el agua","og_description":"San Juan &#8211; Son cada vez m\u00e1s frecuentes las noticias en los medios de comunicaci\u00f3n sobre el problema que ocasiona [&hellip;]","og_url":"https:\/\/patagoniambiental.com.ar\/info\/ensenar-a-cuidar-el-agua\/","og_site_name":"Patagonia Ambiental","article_publisher":"https:\/\/www.facebook.com\/patagonia.ambiental","article_author":"https:\/\/www.facebook.com\/share\/1C1V8Gv9BX\/?mibextid=qi2Omg","article_published_time":"2015-01-26T15:16:12+00:00","author":"Patagonia Ambiental","twitter_card":"summary_large_image","twitter_creator":"@PatAmb","twitter_site":"@PatAmb","schema":{"@context":"https:\/\/schema.org","@graph":[{"@type":"Article","@id":"https:\/\/patagoniambiental.com.ar\/info\/ensenar-a-cuidar-el-agua\/#article","isPartOf":{"@id":"https:\/\/patagoniambiental.com.ar\/info\/ensenar-a-cuidar-el-agua\/"},"author":{"name":"Patagonia Ambiental","@id":"https:\/\/patagoniambiental.com.ar\/info\/#\/schema\/person\/db12bff64bbcbf6a253710bf0ea37b5d"},"headline":"Ense\u00f1ar a cuidar el agua","datePublished":"2015-01-26T15:16:12+00:00","mainEntityOfPage":{"@id":"https:\/\/patagoniambiental.com.ar\/info\/ensenar-a-cuidar-el-agua\/"},"wordCount":682,"publisher":{"@id":"https:\/\/patagoniambiental.com.ar\/info\/#organization"},"image":{"@id":"https:\/\/patagoniambiental.com.ar\/info\/ensenar-a-cuidar-el-agua\/#primaryimage"},"thumbnailUrl":"","keywords":["Agua","cuencas h\u00eddricas","mendoza","osse","san juan"],"articleSection":["General","Noticias"],"inLanguage":"es"},{"@type":"WebPage","@id":"https:\/\/patagoniambiental.com.ar\/info\/ensenar-a-cuidar-el-agua\/","url":"https:\/\/patagoniambiental.com.ar\/info\/ensenar-a-cuidar-el-agua\/","name":"Ense\u00f1ar a cuidar el agua","isPartOf":{"@id":"https:\/\/patagoniambiental.com.ar\/info\/#website"},"primaryImageOfPage":{"@id":"https:\/\/patagoniambiental.com.ar\/info\/ensenar-a-cuidar-el-agua\/#primaryimage"},"image":{"@id":"https:\/\/patagoniambiental.com.ar\/info\/ensenar-a-cuidar-el-agua\/#primaryimage"},"thumbnailUrl":"","datePublished":"2015-01-26T15:16:12+00:00","breadcrumb":{"@id":"https:\/\/patagoniambiental.com.ar\/info\/ensenar-a-cuidar-el-agua\/#breadcrumb"},"inLanguage":"es","potentialAction":[{"@type":"ReadAction","target":["https:\/\/patagoniambiental.com.ar\/info\/ensenar-a-cuidar-el-agua\/"]}]},{"@type":"ImageObject","inLanguage":"es","@id":"https:\/\/patagoniambiental.com.ar\/info\/ensenar-a-cuidar-el-agua\/#primaryimage","url":"","contentUrl":""},{"@type":"BreadcrumbList","@id":"https:\/\/patagoniambiental.com.ar\/info\/ensenar-a-cuidar-el-agua\/#breadcrumb","itemListElement":[{"@type":"ListItem","position":1,"name":"Inicio","item":"https:\/\/patagoniambiental.com.ar\/info\/"},{"@type":"ListItem","position":2,"name":"Ense\u00f1ar a cuidar el agua"}]},{"@type":"WebSite","@id":"https:\/\/patagoniambiental.com.ar\/info\/#website","url":"https:\/\/patagoniambiental.com.ar\/info\/","name":"Patagonia Ambiental","description":"Monitoreo y an\u00e1lisis de la situaci\u00f3n geopol\u00edtica en el mundo y su implicancia en la Patagonia","publisher":{"@id":"https:\/\/patagoniambiental.com.ar\/info\/#organization"},"potentialAction":[{"@type":"SearchAction","target":{"@type":"EntryPoint","urlTemplate":"https:\/\/patagoniambiental.com.ar\/info\/?s={search_term_string}"},"query-input":{"@type":"PropertyValueSpecification","valueRequired":true,"valueName":"search_term_string"}}],"inLanguage":"es"},{"@type":"Organization","@id":"https:\/\/patagoniambiental.com.ar\/info\/#organization","name":"Patagonia Ambiental","url":"https:\/\/patagoniambiental.com.ar\/info\/","logo":{"@type":"ImageObject","inLanguage":"es","@id":"https:\/\/patagoniambiental.com.ar\/info\/#\/schema\/logo\/image\/","url":"https:\/\/patagoniambiental.com.ar\/info\/wp-content\/uploads\/2025\/05\/LOGO-PATAGONIA-AMBIENTAL.png","contentUrl":"https:\/\/patagoniambiental.com.ar\/info\/wp-content\/uploads\/2025\/05\/LOGO-PATAGONIA-AMBIENTAL.png","width":433,"height":250,"caption":"Patagonia Ambiental"},"image":{"@id":"https:\/\/patagoniambiental.com.ar\/info\/#\/schema\/logo\/image\/"},"sameAs":["https:\/\/www.facebook.com\/patagonia.ambiental","https:\/\/x.com\/PatAmb"]},{"@type":"Person","@id":"https:\/\/patagoniambiental.com.ar\/info\/#\/schema\/person\/db12bff64bbcbf6a253710bf0ea37b5d","name":"Patagonia Ambiental","description":"Andr\u00e9s Nievas T\u00e9cnico en manejo ambiental, consultor Ambiental y escritor para medios locales e internacionales sobre temas de geopolitica y medio ambiente.","sameAs":["http:\/\/www.patagoniambiental.com.ar","https:\/\/www.facebook.com\/share\/1C1V8Gv9BX\/?mibextid=qi2Omg","@patagoniambiental","https:\/\/youtube.com\/@patagoniaambiental2023?si=BLt58t0wuXquxlYZ"]}]}},"_links":{"self":[{"href":"https:\/\/patagoniambiental.com.ar\/info\/wp-json\/wp\/v2\/posts\/7433","targetHints":{"allow":["GET"]}}],"collection":[{"href":"https:\/\/patagoniambiental.com.ar\/info\/wp-json\/wp\/v2\/posts"}],"about":[{"href":"https:\/\/patagoniambiental.com.ar\/info\/wp-json\/wp\/v2\/types\/post"}],"author":[{"embeddable":true,"href":"https:\/\/patagoniambiental.com.ar\/info\/wp-json\/wp\/v2\/users\/2"}],"replies":[{"embeddable":true,"href":"https:\/\/patagoniambiental.com.ar\/info\/wp-json\/wp\/v2\/comments?post=7433"}],"version-history":[{"count":0,"href":"https:\/\/patagoniambiental.com.ar\/info\/wp-json\/wp\/v2\/posts\/7433\/revisions"}],"wp:featuredmedia":[{"embeddable":true,"href":"https:\/\/patagoniambiental.com.ar\/info\/wp-json\/"}],"wp:attachment":[{"href":"https:\/\/patagoniambiental.com.ar\/info\/wp-json\/wp\/v2\/media?parent=7433"}],"wp:term":[{"taxonomy":"category","embeddable":true,"href":"https:\/\/patagoniambiental.com.ar\/info\/wp-json\/wp\/v2\/categories?post=7433"},{"taxonomy":"post_tag","embeddable":true,"href":"https:\/\/patagoniambiental.com.ar\/info\/wp-json\/wp\/v2\/tags?post=7433"}],"curies":[{"name":"wp","href":"https:\/\/api.w.org\/{rel}","templated":true}]}}