{"id":74355,"date":"2021-10-12T20:46:26","date_gmt":"2021-10-12T23:46:26","guid":{"rendered":"http:\/\/patagoniambiental.com.ar\/info\/?p=74355"},"modified":"2021-10-12T20:46:29","modified_gmt":"2021-10-12T23:46:29","slug":"el-ministerio-de-ambiente-entrego-a-la-comarca-andina-maquinaria-para-combatir-y-prevenir-incendios-forestales","status":"publish","type":"post","link":"https:\/\/patagoniambiental.com.ar\/info\/el-ministerio-de-ambiente-entrego-a-la-comarca-andina-maquinaria-para-combatir-y-prevenir-incendios-forestales\/","title":{"rendered":"El Ministerio de Ambiente entreg\u00f3 a la Comarca Andina maquinaria para combatir y prevenir incendios forestales"},"content":{"rendered":"\n<!--more-->\n\n\n\n<p><em>El equipamiento fue otorgado a las localidades chubutenses de El Hoyo y Lago Puelo.<\/em><br><strong>Ciudad Aut\u00f3noma de Buenos Aires, 12 de octubre de 2021.-<\/strong> El Ministerio de Ambiente y Desarrollo Sostenible, que conduce Juan Cabandi\u00e9, entreg\u00f3 equipamiento para hacer frente y dar apoyo en el combate de los incendios forestales y de interfase en la Comarca Andina. Lo otorgado consta de un tractor y una chipeadora y son parte de un conjunto de herramientas que ser\u00e1n entregadas en las pr\u00f3ximas semanas con una fuerte inversi\u00f3n por parte del Estado nacional.<br>Esta iniciativa se da en el marco del comienzo de la temporada de incendios en la Patagonia y se suma a la serie de licitaciones para adquirir indumentaria ign\u00edfuga para brigadistas, motobombas, mangueras y para la compra de veh\u00edculos como camiones, camionetas y cuatriciclos para el combate de incendios, por parte del Servicio Nacional de Manejo del Fuego (SNMF) y la Administraci\u00f3n de Parques Nacionales. Asimismo, ya se otorgaron a la provincia de Chubut tres equipos de ataque r\u00e1pido con motobomba Wick.<br>En este sentido, el ministro Cabandi\u00e9 <a href=\"https:\/\/ambiente.tr.pemsv28.net\/c\/eyJhIjoiYW1iaWVudGUiLCJtIjoibWFpbF9ja3Vva3JjNGxyc2I2MDcwMmloYmdxNDk2IiwibCI6ImxpbmtfNjUwMDkzOWFiNDQwYWQ0NmIwNTk5ZjJhNWM4NDQ3NDQ3ZDNkNGI0YyIsImkiOltdLCJ1IjoiaHR0cHM6Ly93d3cuYXJnZW50aW5hLmdvYi5hci9ub3RpY2lhcy9jYWJhbmRpZS15LXRhaWFuYS1yZWNvbm9jaWVyb24tZWwtdHJhYmFqby1kZWwtZWplcmNpdG8tcG9yLWVsLWNvbWJhdGUtbG9zLWluY2VuZGlvcyIsImMiOiIiLCJoIjoiNzNlMTU0In0\" target=\"_blank\" rel=\"noreferrer noopener\" class=\"\">visit\u00f3 a mediados de septiembre el sur del pa\u00eds<\/a>&nbsp;, para coordinar junto a los intendentes de la zona, acciones de articulaci\u00f3n en materia de prevenci\u00f3n de incendios forestales con los municipios que conforman la Comarca Andina. En esa oportunidad, tambi\u00e9n se realiz\u00f3 un acto de reconocimiento a las \u00e1reas del Ej\u00e9rcito que trabajaron en la lucha contra los incendios forestales de Lago Puelo, en marzo de este a\u00f1o, y en las tareas de reconstrucci\u00f3n en los meses siguientes.<\/p>\n\n\n\n<p>Adem\u00e1s de los equipos ya entregados, se sumar\u00e1n para Lago Puelo cisternas de 500 m3, tanques australianos de 100 m3 y tanques de 10 m3, que ser\u00e1n otorgados pr\u00f3ximamente. En El Hoyo se adjudicar\u00e1n tambi\u00e9n cisternas de 160 m3 y desbrozadora. Todo el material entregado sumar\u00e1 un total de $ 30 millones invertidos para la prevenci\u00f3n y el combate de incendios forestales en esta zona de la Patagonia.<br>Por otra parte, el Ministerio de Ambiente de la Naci\u00f3n, mediante el SNMF, en conjunto con la Comisi\u00f3n de Prevenci\u00f3n del Fuego del Consejo Federal de Medio Ambiente (COFEMA), organiz\u00f3 una reuni\u00f3n desde la Regional Patagonia. Se trat\u00f3 del primer encuentro regional con car\u00e1cter presencial desde el inicio de la pandemia y se realiz\u00f3 con autoridades la Administraci\u00f3n de Parques Nacionales (APN) y de las carteras de Ambiente y referentes de manejo del fuego de las provincias de Tierra del Fuego, Ant\u00e1rtida e Islas del Atl\u00e1ntico Sur, Santa Cruz, Chubut, R\u00edo Negro y Neuqu\u00e9n de cara al inicio de la temporada de incendios forestales para la regi\u00f3n.<br>Estas acciones demuestran el compromiso por parte del Ministerio y de todo el gabinete nacional en materia de prevenci\u00f3n y alerta temprana de los incendios forestales en todo el pa\u00eds, para combatirlos de manera m\u00e1s eficiente, evaluar da\u00f1os y llevar a cabo acciones de recomposici\u00f3n y restauraci\u00f3n.<br><strong>Restauraci\u00f3n de bosques<\/strong><br>Al tiempo que el Ministerio de Ambiente nacional fortalece las jurisdicciones con herramientas para la prevenci\u00f3n y el combate del fuego, la cartera que conduce Cabandi\u00e9 trabaja en un plan integral de reforestaci\u00f3n para la Comarca Andina afectada por los incendios forestales en la \u00faltima temporada estival. En ese \u00e1mbito, y para dar comienzo a la restauraci\u00f3n de las \u00e1reas degradadas, se entregaron alrededor de 5.900 plantines de \u00e1rboles y arbustos de especies nativas producidas en viveros de la cordillera para que las familias de El Hoyo, Lago Puelo, El Mait\u00e9n y Cholila, afectadas por los focos \u00edgneos pudieran recuperar la vegetaci\u00f3n en sus predios.<br>Adem\u00e1s, el Ministerio suscribi\u00f3 la carta de intenci\u00f3n por la que se formaliza la mesa de trabajo interinstitucional para la cooperaci\u00f3n y adhesi\u00f3n al Programa de Restauraci\u00f3n de \u00c1reas Degradadas del Bosque Nativo. Cabe destacar que la cartera ambiental nacional aporta financiamiento para la primera etapa del mencionado plan de reforestaci\u00f3n con una inversi\u00f3n de $ 2 millones.<br><strong>Casa Com\u00fan<\/strong><br>A su vez, en el marco del plan integral Casa Com\u00fan, que brinda asistencia t\u00e9cnica y financiera a gobiernos locales y organizaciones comunitarias para la realizaci\u00f3n de proyectos ambientales con impacto social, el Ministerio est\u00e1 llevando adelante acciones en Cholila, El Hoyo, Epuy\u00e9n y Lago Puelo.<br>En Cholila se est\u00e1 ejecutando la puesta en valor de reserva natural urbana con una inversi\u00f3n de $ 1 mill\u00f3n de pesos. En la localidad de El Hoyo, se proyect\u00f3 la creaci\u00f3n de un vivero municipal, recuperaci\u00f3n del espacio de rivera y puesta en valor de un sector tur\u00edstico con reforestaci\u00f3n de especies nativas. Para esta acci\u00f3n el Estado Nacional invierte un total de $ 14 millones de pesos.<br>Por su parte, en Epuy\u00e9n se ejecutar\u00e1 el Plan de Manejo y Gesti\u00f3n de la \u201cReserva Municipal de usos M\u00faltiples Cerro Coihue\u201d y la construcci\u00f3n de \u00e1rea recreativa en terreno aleda\u00f1o, que demandar\u00e1 un aporte de $ 6,4 millones. Por \u00faltimo, en Lago Puelo se est\u00e1 trabajando en conjunto en la actualizaci\u00f3n del proyecto presentado por el municipio.<\/p>\n\n\n\n<p><a rel=\"noreferrer noopener\" class=\"\" href=\"https:\/\/ambiente.tr.pemsv28.net\/c\/eyJhIjoiYW1iaWVudGUiLCJtIjoibWFpbF9ja3Vva3JjNGxyc2I2MDcwMmloYmdxNDk2IiwibCI6ImxpbmtfZmU0NWY4ZTk4ZGNhMzVkNzI3ZjcxNjdkNjZhM2ZkYjkwMzI4ZmEzMCIsImkiOltdLCJ1IjoiaHR0cHM6Ly9kcml2ZS5nb29nbGUuY29tL2RyaXZlL2ZvbGRlcnMvMS14eDdmUWpQSnNwS0U5NlRQNUhPWU1NZWd6MTVodjk2P3VzcD1zaGFyaW5nIiwiYyI6IiIsImgiOiIyN2I1OTcifQ\" target=\"_blank\">Acced\u00e9 al material audiovisual ac\u00e1<\/a>.<\/p>\n\n\n\n<p>Fuente: Ambiente de Nacion <\/p>\n","protected":false},"excerpt":{"rendered":"","protected":false},"author":6,"featured_media":73390,"comment_status":"open","ping_status":"open","sticky":false,"template":"","format":"standard","meta":{"site-sidebar-layout":"default","site-content-layout":"","ast-site-content-layout":"default","site-content-style":"default","site-sidebar-style":"default","ast-global-header-display":"","ast-banner-title-visibility":"","ast-main-header-display":"","ast-hfb-above-header-display":"","ast-hfb-below-header-display":"","ast-hfb-mobile-header-display":"","site-post-title":"","ast-breadcrumbs-content":"","ast-featured-img":"","footer-sml-layout":"","ast-disable-related-posts":"","theme-transparent-header-meta":"","adv-header-id-meta":"","stick-header-meta":"","header-above-stick-meta":"","header-main-stick-meta":"","header-below-stick-meta":"","astra-migrate-meta-layouts":"default","ast-page-background-enabled":"default","ast-page-background-meta":{"desktop":{"background-color":"var(--ast-global-color-5)","background-image":"","background-repeat":"repeat","background-position":"center center","background-size":"auto","background-attachment":"scroll","background-type":"","background-media":"","overlay-type":"","overlay-color":"","overlay-opacity":"","overlay-gradient":""},"tablet":{"background-color":"","background-image":"","background-repeat":"repeat","background-position":"center center","background-size":"auto","background-attachment":"scroll","background-type":"","background-media":"","overlay-type":"","overlay-color":"","overlay-opacity":"","overlay-gradient":""},"mobile":{"background-color":"","background-image":"","background-repeat":"repeat","background-position":"center center","background-size":"auto","background-attachment":"scroll","background-type":"","background-media":"","overlay-type":"","overlay-color":"","overlay-opacity":"","overlay-gradient":""}},"ast-content-background-meta":{"desktop":{"background-color":"var(--ast-global-color-4)","background-image":"","background-repeat":"repeat","background-position":"center center","background-size":"auto","background-attachment":"scroll","background-type":"","background-media":"","overlay-type":"","overlay-color":"","overlay-opacity":"","overlay-gradient":""},"tablet":{"background-color":"var(--ast-global-color-4)","background-image":"","background-repeat":"repeat","background-position":"center center","background-size":"auto","background-attachment":"scroll","background-type":"","background-media":"","overlay-type":"","overlay-color":"","overlay-opacity":"","overlay-gradient":""},"mobile":{"background-color":"var(--ast-global-color-4)","background-image":"","background-repeat":"repeat","background-position":"center center","background-size":"auto","background-attachment":"scroll","background-type":"","background-media":"","overlay-type":"","overlay-color":"","overlay-opacity":"","overlay-gradient":""}},"footnotes":""},"categories":[19,1],"tags":[],"class_list":["post-74355","post","type-post","status-publish","format-standard","has-post-thumbnail","hentry","category-nacionales","category-noticias"],"yoast_head":"<!-- This site is optimized with the Yoast SEO Premium plugin v23.0 (Yoast SEO v27.5) - https:\/\/yoast.com\/product\/yoast-seo-premium-wordpress\/ -->\n<title>El Ministerio de Ambiente entreg\u00f3 a la Comarca Andina maquinaria para combatir y prevenir incendios forestales<\/title>\n<meta name=\"robots\" content=\"index, follow, max-snippet:-1, max-image-preview:large, max-video-preview:-1\" \/>\n<link rel=\"canonical\" href=\"https:\/\/patagoniambiental.com.ar\/info\/el-ministerio-de-ambiente-entrego-a-la-comarca-andina-maquinaria-para-combatir-y-prevenir-incendios-forestales\/\" \/>\n<meta property=\"og:locale\" content=\"es_ES\" \/>\n<meta property=\"og:type\" content=\"article\" \/>\n<meta property=\"og:title\" content=\"El Ministerio de Ambiente entreg\u00f3 a la Comarca Andina maquinaria para combatir y prevenir incendios forestales\" \/>\n<meta property=\"og:url\" content=\"https:\/\/patagoniambiental.com.ar\/info\/el-ministerio-de-ambiente-entrego-a-la-comarca-andina-maquinaria-para-combatir-y-prevenir-incendios-forestales\/\" \/>\n<meta property=\"og:site_name\" content=\"Patagonia Ambiental\" \/>\n<meta property=\"article:publisher\" content=\"https:\/\/www.facebook.com\/patagonia.ambiental\" \/>\n<meta property=\"article:published_time\" content=\"2021-10-12T23:46:26+00:00\" \/>\n<meta property=\"article:modified_time\" content=\"2021-10-12T23:46:29+00:00\" \/>\n<meta property=\"og:image\" content=\"https:\/\/patagoniambiental.com.ar\/info\/wp-content\/uploads\/2021\/07\/CabandieTierradelFuego.jpeg\" \/>\n\t<meta property=\"og:image:width\" content=\"400\" \/>\n\t<meta property=\"og:image:height\" content=\"222\" \/>\n\t<meta property=\"og:image:type\" content=\"image\/jpeg\" \/>\n<meta name=\"author\" content=\"BRAIAN ESTEVEZ\" \/>\n<meta name=\"twitter:card\" content=\"summary_large_image\" \/>\n<meta name=\"twitter:creator\" content=\"@PatAmb\" \/>\n<meta name=\"twitter:site\" content=\"@PatAmb\" \/>\n<script type=\"application\/ld+json\" class=\"yoast-schema-graph\">{\"@context\":\"https:\\\/\\\/schema.org\",\"@graph\":[{\"@type\":\"Article\",\"@id\":\"https:\\\/\\\/patagoniambiental.com.ar\\\/info\\\/el-ministerio-de-ambiente-entrego-a-la-comarca-andina-maquinaria-para-combatir-y-prevenir-incendios-forestales\\\/#article\",\"isPartOf\":{\"@id\":\"https:\\\/\\\/patagoniambiental.com.ar\\\/info\\\/el-ministerio-de-ambiente-entrego-a-la-comarca-andina-maquinaria-para-combatir-y-prevenir-incendios-forestales\\\/\"},\"author\":{\"name\":\"BRAIAN ESTEVEZ\",\"@id\":\"https:\\\/\\\/patagoniambiental.com.ar\\\/info\\\/#\\\/schema\\\/person\\\/e5af09d700b2e82cb10c6b8800e0c691\"},\"headline\":\"El Ministerio de Ambiente entreg\u00f3 a la Comarca Andina maquinaria para combatir y prevenir incendios forestales\",\"datePublished\":\"2021-10-12T23:46:26+00:00\",\"dateModified\":\"2021-10-12T23:46:29+00:00\",\"mainEntityOfPage\":{\"@id\":\"https:\\\/\\\/patagoniambiental.com.ar\\\/info\\\/el-ministerio-de-ambiente-entrego-a-la-comarca-andina-maquinaria-para-combatir-y-prevenir-incendios-forestales\\\/\"},\"wordCount\":899,\"commentCount\":0,\"publisher\":{\"@id\":\"https:\\\/\\\/patagoniambiental.com.ar\\\/info\\\/#organization\"},\"image\":{\"@id\":\"https:\\\/\\\/patagoniambiental.com.ar\\\/info\\\/el-ministerio-de-ambiente-entrego-a-la-comarca-andina-maquinaria-para-combatir-y-prevenir-incendios-forestales\\\/#primaryimage\"},\"thumbnailUrl\":\"https:\\\/\\\/patagoniambiental.com.ar\\\/info\\\/wp-content\\\/uploads\\\/2021\\\/07\\\/CabandieTierradelFuego.jpeg\",\"articleSection\":[\"Nacionales\",\"Noticias\"],\"inLanguage\":\"es\",\"potentialAction\":[{\"@type\":\"CommentAction\",\"name\":\"Comment\",\"target\":[\"https:\\\/\\\/patagoniambiental.com.ar\\\/info\\\/el-ministerio-de-ambiente-entrego-a-la-comarca-andina-maquinaria-para-combatir-y-prevenir-incendios-forestales\\\/#respond\"]}]},{\"@type\":\"WebPage\",\"@id\":\"https:\\\/\\\/patagoniambiental.com.ar\\\/info\\\/el-ministerio-de-ambiente-entrego-a-la-comarca-andina-maquinaria-para-combatir-y-prevenir-incendios-forestales\\\/\",\"url\":\"https:\\\/\\\/patagoniambiental.com.ar\\\/info\\\/el-ministerio-de-ambiente-entrego-a-la-comarca-andina-maquinaria-para-combatir-y-prevenir-incendios-forestales\\\/\",\"name\":\"El Ministerio de Ambiente entreg\u00f3 a la Comarca Andina maquinaria para combatir y prevenir incendios forestales\",\"isPartOf\":{\"@id\":\"https:\\\/\\\/patagoniambiental.com.ar\\\/info\\\/#website\"},\"primaryImageOfPage\":{\"@id\":\"https:\\\/\\\/patagoniambiental.com.ar\\\/info\\\/el-ministerio-de-ambiente-entrego-a-la-comarca-andina-maquinaria-para-combatir-y-prevenir-incendios-forestales\\\/#primaryimage\"},\"image\":{\"@id\":\"https:\\\/\\\/patagoniambiental.com.ar\\\/info\\\/el-ministerio-de-ambiente-entrego-a-la-comarca-andina-maquinaria-para-combatir-y-prevenir-incendios-forestales\\\/#primaryimage\"},\"thumbnailUrl\":\"https:\\\/\\\/patagoniambiental.com.ar\\\/info\\\/wp-content\\\/uploads\\\/2021\\\/07\\\/CabandieTierradelFuego.jpeg\",\"datePublished\":\"2021-10-12T23:46:26+00:00\",\"dateModified\":\"2021-10-12T23:46:29+00:00\",\"breadcrumb\":{\"@id\":\"https:\\\/\\\/patagoniambiental.com.ar\\\/info\\\/el-ministerio-de-ambiente-entrego-a-la-comarca-andina-maquinaria-para-combatir-y-prevenir-incendios-forestales\\\/#breadcrumb\"},\"inLanguage\":\"es\",\"potentialAction\":[{\"@type\":\"ReadAction\",\"target\":[\"https:\\\/\\\/patagoniambiental.com.ar\\\/info\\\/el-ministerio-de-ambiente-entrego-a-la-comarca-andina-maquinaria-para-combatir-y-prevenir-incendios-forestales\\\/\"]}]},{\"@type\":\"ImageObject\",\"inLanguage\":\"es\",\"@id\":\"https:\\\/\\\/patagoniambiental.com.ar\\\/info\\\/el-ministerio-de-ambiente-entrego-a-la-comarca-andina-maquinaria-para-combatir-y-prevenir-incendios-forestales\\\/#primaryimage\",\"url\":\"https:\\\/\\\/patagoniambiental.com.ar\\\/info\\\/wp-content\\\/uploads\\\/2021\\\/07\\\/CabandieTierradelFuego.jpeg\",\"contentUrl\":\"https:\\\/\\\/patagoniambiental.com.ar\\\/info\\\/wp-content\\\/uploads\\\/2021\\\/07\\\/CabandieTierradelFuego.jpeg\",\"width\":400,\"height\":222,\"caption\":\"foto archivo\"},{\"@type\":\"BreadcrumbList\",\"@id\":\"https:\\\/\\\/patagoniambiental.com.ar\\\/info\\\/el-ministerio-de-ambiente-entrego-a-la-comarca-andina-maquinaria-para-combatir-y-prevenir-incendios-forestales\\\/#breadcrumb\",\"itemListElement\":[{\"@type\":\"ListItem\",\"position\":1,\"name\":\"Inicio\",\"item\":\"https:\\\/\\\/patagoniambiental.com.ar\\\/info\\\/\"},{\"@type\":\"ListItem\",\"position\":2,\"name\":\"El Ministerio de Ambiente entreg\u00f3 a la Comarca Andina maquinaria para combatir y prevenir incendios forestales\"}]},{\"@type\":\"WebSite\",\"@id\":\"https:\\\/\\\/patagoniambiental.com.ar\\\/info\\\/#website\",\"url\":\"https:\\\/\\\/patagoniambiental.com.ar\\\/info\\\/\",\"name\":\"Patagonia Ambiental\",\"description\":\"Monitoreo y an\u00e1lisis de la situaci\u00f3n geopol\u00edtica en el mundo y su implicancia en la Patagonia\",\"publisher\":{\"@id\":\"https:\\\/\\\/patagoniambiental.com.ar\\\/info\\\/#organization\"},\"potentialAction\":[{\"@type\":\"SearchAction\",\"target\":{\"@type\":\"EntryPoint\",\"urlTemplate\":\"https:\\\/\\\/patagoniambiental.com.ar\\\/info\\\/?s={search_term_string}\"},\"query-input\":{\"@type\":\"PropertyValueSpecification\",\"valueRequired\":true,\"valueName\":\"search_term_string\"}}],\"inLanguage\":\"es\"},{\"@type\":\"Organization\",\"@id\":\"https:\\\/\\\/patagoniambiental.com.ar\\\/info\\\/#organization\",\"name\":\"Patagonia Ambiental\",\"url\":\"https:\\\/\\\/patagoniambiental.com.ar\\\/info\\\/\",\"logo\":{\"@type\":\"ImageObject\",\"inLanguage\":\"es\",\"@id\":\"https:\\\/\\\/patagoniambiental.com.ar\\\/info\\\/#\\\/schema\\\/logo\\\/image\\\/\",\"url\":\"https:\\\/\\\/patagoniambiental.com.ar\\\/info\\\/wp-content\\\/uploads\\\/2025\\\/05\\\/LOGO-PATAGONIA-AMBIENTAL.png\",\"contentUrl\":\"https:\\\/\\\/patagoniambiental.com.ar\\\/info\\\/wp-content\\\/uploads\\\/2025\\\/05\\\/LOGO-PATAGONIA-AMBIENTAL.png\",\"width\":433,\"height\":250,\"caption\":\"Patagonia Ambiental\"},\"image\":{\"@id\":\"https:\\\/\\\/patagoniambiental.com.ar\\\/info\\\/#\\\/schema\\\/logo\\\/image\\\/\"},\"sameAs\":[\"https:\\\/\\\/www.facebook.com\\\/patagonia.ambiental\",\"https:\\\/\\\/x.com\\\/PatAmb\"]},{\"@type\":\"Person\",\"@id\":\"https:\\\/\\\/patagoniambiental.com.ar\\\/info\\\/#\\\/schema\\\/person\\\/e5af09d700b2e82cb10c6b8800e0c691\",\"name\":\"BRAIAN ESTEVEZ\",\"sameAs\":[\"http:\\\/\\\/www.patagoniambiental.com.ar\"]}]}<\/script>\n<!-- \/ Yoast SEO Premium plugin. -->","yoast_head_json":{"title":"El Ministerio de Ambiente entreg\u00f3 a la Comarca Andina maquinaria para combatir y prevenir incendios forestales","robots":{"index":"index","follow":"follow","max-snippet":"max-snippet:-1","max-image-preview":"max-image-preview:large","max-video-preview":"max-video-preview:-1"},"canonical":"https:\/\/patagoniambiental.com.ar\/info\/el-ministerio-de-ambiente-entrego-a-la-comarca-andina-maquinaria-para-combatir-y-prevenir-incendios-forestales\/","og_locale":"es_ES","og_type":"article","og_title":"El Ministerio de Ambiente entreg\u00f3 a la Comarca Andina maquinaria para combatir y prevenir incendios forestales","og_url":"https:\/\/patagoniambiental.com.ar\/info\/el-ministerio-de-ambiente-entrego-a-la-comarca-andina-maquinaria-para-combatir-y-prevenir-incendios-forestales\/","og_site_name":"Patagonia Ambiental","article_publisher":"https:\/\/www.facebook.com\/patagonia.ambiental","article_published_time":"2021-10-12T23:46:26+00:00","article_modified_time":"2021-10-12T23:46:29+00:00","og_image":[{"width":400,"height":222,"url":"https:\/\/patagoniambiental.com.ar\/info\/wp-content\/uploads\/2021\/07\/CabandieTierradelFuego.jpeg","type":"image\/jpeg"}],"author":"BRAIAN ESTEVEZ","twitter_card":"summary_large_image","twitter_creator":"@PatAmb","twitter_site":"@PatAmb","schema":{"@context":"https:\/\/schema.org","@graph":[{"@type":"Article","@id":"https:\/\/patagoniambiental.com.ar\/info\/el-ministerio-de-ambiente-entrego-a-la-comarca-andina-maquinaria-para-combatir-y-prevenir-incendios-forestales\/#article","isPartOf":{"@id":"https:\/\/patagoniambiental.com.ar\/info\/el-ministerio-de-ambiente-entrego-a-la-comarca-andina-maquinaria-para-combatir-y-prevenir-incendios-forestales\/"},"author":{"name":"BRAIAN ESTEVEZ","@id":"https:\/\/patagoniambiental.com.ar\/info\/#\/schema\/person\/e5af09d700b2e82cb10c6b8800e0c691"},"headline":"El Ministerio de Ambiente entreg\u00f3 a la Comarca Andina maquinaria para combatir y prevenir incendios forestales","datePublished":"2021-10-12T23:46:26+00:00","dateModified":"2021-10-12T23:46:29+00:00","mainEntityOfPage":{"@id":"https:\/\/patagoniambiental.com.ar\/info\/el-ministerio-de-ambiente-entrego-a-la-comarca-andina-maquinaria-para-combatir-y-prevenir-incendios-forestales\/"},"wordCount":899,"commentCount":0,"publisher":{"@id":"https:\/\/patagoniambiental.com.ar\/info\/#organization"},"image":{"@id":"https:\/\/patagoniambiental.com.ar\/info\/el-ministerio-de-ambiente-entrego-a-la-comarca-andina-maquinaria-para-combatir-y-prevenir-incendios-forestales\/#primaryimage"},"thumbnailUrl":"https:\/\/patagoniambiental.com.ar\/info\/wp-content\/uploads\/2021\/07\/CabandieTierradelFuego.jpeg","articleSection":["Nacionales","Noticias"],"inLanguage":"es","potentialAction":[{"@type":"CommentAction","name":"Comment","target":["https:\/\/patagoniambiental.com.ar\/info\/el-ministerio-de-ambiente-entrego-a-la-comarca-andina-maquinaria-para-combatir-y-prevenir-incendios-forestales\/#respond"]}]},{"@type":"WebPage","@id":"https:\/\/patagoniambiental.com.ar\/info\/el-ministerio-de-ambiente-entrego-a-la-comarca-andina-maquinaria-para-combatir-y-prevenir-incendios-forestales\/","url":"https:\/\/patagoniambiental.com.ar\/info\/el-ministerio-de-ambiente-entrego-a-la-comarca-andina-maquinaria-para-combatir-y-prevenir-incendios-forestales\/","name":"El Ministerio de Ambiente entreg\u00f3 a la Comarca Andina maquinaria para combatir y prevenir incendios forestales","isPartOf":{"@id":"https:\/\/patagoniambiental.com.ar\/info\/#website"},"primaryImageOfPage":{"@id":"https:\/\/patagoniambiental.com.ar\/info\/el-ministerio-de-ambiente-entrego-a-la-comarca-andina-maquinaria-para-combatir-y-prevenir-incendios-forestales\/#primaryimage"},"image":{"@id":"https:\/\/patagoniambiental.com.ar\/info\/el-ministerio-de-ambiente-entrego-a-la-comarca-andina-maquinaria-para-combatir-y-prevenir-incendios-forestales\/#primaryimage"},"thumbnailUrl":"https:\/\/patagoniambiental.com.ar\/info\/wp-content\/uploads\/2021\/07\/CabandieTierradelFuego.jpeg","datePublished":"2021-10-12T23:46:26+00:00","dateModified":"2021-10-12T23:46:29+00:00","breadcrumb":{"@id":"https:\/\/patagoniambiental.com.ar\/info\/el-ministerio-de-ambiente-entrego-a-la-comarca-andina-maquinaria-para-combatir-y-prevenir-incendios-forestales\/#breadcrumb"},"inLanguage":"es","potentialAction":[{"@type":"ReadAction","target":["https:\/\/patagoniambiental.com.ar\/info\/el-ministerio-de-ambiente-entrego-a-la-comarca-andina-maquinaria-para-combatir-y-prevenir-incendios-forestales\/"]}]},{"@type":"ImageObject","inLanguage":"es","@id":"https:\/\/patagoniambiental.com.ar\/info\/el-ministerio-de-ambiente-entrego-a-la-comarca-andina-maquinaria-para-combatir-y-prevenir-incendios-forestales\/#primaryimage","url":"https:\/\/patagoniambiental.com.ar\/info\/wp-content\/uploads\/2021\/07\/CabandieTierradelFuego.jpeg","contentUrl":"https:\/\/patagoniambiental.com.ar\/info\/wp-content\/uploads\/2021\/07\/CabandieTierradelFuego.jpeg","width":400,"height":222,"caption":"foto archivo"},{"@type":"BreadcrumbList","@id":"https:\/\/patagoniambiental.com.ar\/info\/el-ministerio-de-ambiente-entrego-a-la-comarca-andina-maquinaria-para-combatir-y-prevenir-incendios-forestales\/#breadcrumb","itemListElement":[{"@type":"ListItem","position":1,"name":"Inicio","item":"https:\/\/patagoniambiental.com.ar\/info\/"},{"@type":"ListItem","position":2,"name":"El Ministerio de Ambiente entreg\u00f3 a la Comarca Andina maquinaria para combatir y prevenir incendios forestales"}]},{"@type":"WebSite","@id":"https:\/\/patagoniambiental.com.ar\/info\/#website","url":"https:\/\/patagoniambiental.com.ar\/info\/","name":"Patagonia Ambiental","description":"Monitoreo y an\u00e1lisis de la situaci\u00f3n geopol\u00edtica en el mundo y su implicancia en la Patagonia","publisher":{"@id":"https:\/\/patagoniambiental.com.ar\/info\/#organization"},"potentialAction":[{"@type":"SearchAction","target":{"@type":"EntryPoint","urlTemplate":"https:\/\/patagoniambiental.com.ar\/info\/?s={search_term_string}"},"query-input":{"@type":"PropertyValueSpecification","valueRequired":true,"valueName":"search_term_string"}}],"inLanguage":"es"},{"@type":"Organization","@id":"https:\/\/patagoniambiental.com.ar\/info\/#organization","name":"Patagonia Ambiental","url":"https:\/\/patagoniambiental.com.ar\/info\/","logo":{"@type":"ImageObject","inLanguage":"es","@id":"https:\/\/patagoniambiental.com.ar\/info\/#\/schema\/logo\/image\/","url":"https:\/\/patagoniambiental.com.ar\/info\/wp-content\/uploads\/2025\/05\/LOGO-PATAGONIA-AMBIENTAL.png","contentUrl":"https:\/\/patagoniambiental.com.ar\/info\/wp-content\/uploads\/2025\/05\/LOGO-PATAGONIA-AMBIENTAL.png","width":433,"height":250,"caption":"Patagonia Ambiental"},"image":{"@id":"https:\/\/patagoniambiental.com.ar\/info\/#\/schema\/logo\/image\/"},"sameAs":["https:\/\/www.facebook.com\/patagonia.ambiental","https:\/\/x.com\/PatAmb"]},{"@type":"Person","@id":"https:\/\/patagoniambiental.com.ar\/info\/#\/schema\/person\/e5af09d700b2e82cb10c6b8800e0c691","name":"BRAIAN ESTEVEZ","sameAs":["http:\/\/www.patagoniambiental.com.ar"]}]}},"_links":{"self":[{"href":"https:\/\/patagoniambiental.com.ar\/info\/wp-json\/wp\/v2\/posts\/74355","targetHints":{"allow":["GET"]}}],"collection":[{"href":"https:\/\/patagoniambiental.com.ar\/info\/wp-json\/wp\/v2\/posts"}],"about":[{"href":"https:\/\/patagoniambiental.com.ar\/info\/wp-json\/wp\/v2\/types\/post"}],"author":[{"embeddable":true,"href":"https:\/\/patagoniambiental.com.ar\/info\/wp-json\/wp\/v2\/users\/6"}],"replies":[{"embeddable":true,"href":"https:\/\/patagoniambiental.com.ar\/info\/wp-json\/wp\/v2\/comments?post=74355"}],"version-history":[{"count":0,"href":"https:\/\/patagoniambiental.com.ar\/info\/wp-json\/wp\/v2\/posts\/74355\/revisions"}],"wp:featuredmedia":[{"embeddable":true,"href":"https:\/\/patagoniambiental.com.ar\/info\/wp-json\/wp\/v2\/media\/73390"}],"wp:attachment":[{"href":"https:\/\/patagoniambiental.com.ar\/info\/wp-json\/wp\/v2\/media?parent=74355"}],"wp:term":[{"taxonomy":"category","embeddable":true,"href":"https:\/\/patagoniambiental.com.ar\/info\/wp-json\/wp\/v2\/categories?post=74355"},{"taxonomy":"post_tag","embeddable":true,"href":"https:\/\/patagoniambiental.com.ar\/info\/wp-json\/wp\/v2\/tags?post=74355"}],"curies":[{"name":"wp","href":"https:\/\/api.w.org\/{rel}","templated":true}]}}