{"id":74357,"date":"2021-10-12T20:50:23","date_gmt":"2021-10-12T23:50:23","guid":{"rendered":"http:\/\/patagoniambiental.com.ar\/info\/?p=74357"},"modified":"2021-10-12T20:50:26","modified_gmt":"2021-10-12T23:50:26","slug":"una-comunidad-mapuche-de-el-bolson-declaro-desconocer-la-lof-quemquemtreu","status":"publish","type":"post","link":"https:\/\/patagoniambiental.com.ar\/info\/una-comunidad-mapuche-de-el-bolson-declaro-desconocer-la-lof-quemquemtreu\/","title":{"rendered":"Una comunidad Mapuche de El Bols\u00f3n declar\u00f3 \u00abdesconocer\u00bb la Lof Quemquemtreu"},"content":{"rendered":"\n<!--more-->\n\n\n\n<h3 class=\"wp-block-heading\">\u00abNuestros logros siempre los conseguimos por la v\u00eda del di\u00e1logo\u00bb, expresaron.<\/h3>\n\n\n\n<p>martes 12 de octubre de 2021<\/p>\n\n\n\n<figure class=\"wp-block-image\"><img decoding=\"async\" src=\"https:\/\/anbariloche1.cdn.net.ar\/252\/anbariloche\/images\/01\/57\/00\/1570080_141e82d078edf35304f67cfaf80bf9bd271909a5a3f46bd20f243a2fb781a904\/md.webp\" alt=\"Una  comunidad Mapuche de El Bols\u00f3n declar\u00f3 &quot;desconocer&quot; la Lof Quemquemtreu \" title=\"Una  comunidad Mapuche de El Bols\u00f3n declar\u00f3 &quot;desconocer&quot; la Lof Quemquemtreu \"\/><\/figure>\n\n\n\n<p>En las \u00faltimas horas se conoci\u00f3 un comunicado&nbsp;de la Comunidad Mapuche de El Bols\u00f3n y Mall\u00edn Ahogado, \u201cTequel Mapu\u201d, fundada en el a\u00f1o 1985 y con personer\u00eda jur\u00eddica 006\/05. Se trata de un pronunciamiento p\u00fablico sobre \u00ablos hechos vand\u00e1licos que son de p\u00fablico conocimiento en la nueva Oficina de Turismo de El Bols\u00f3n y la ocupaci\u00f3n violenta del campo de un poblador de Cuesta del Ternero\u00bb. El texto&nbsp;est\u00e1 firmado por el Lonko Alejandro Huenchupan.<\/p>\n\n\n\n<p>\u00abQuiero expresar mi m\u00e1s profundo repudio a este tipo de formas utilizadas para conseguir un objetivo que puede ser v\u00e1lido o no. Nuestros logros, que han sido muchos a lo largo de los a\u00f1os, siempre los conseguimos por la v\u00eda del di\u00e1logo y el respeto como corresponde\u00bb, dijo en el escrito.<\/p>\n\n\n\n<figure class=\"wp-block-image\"><img decoding=\"async\" src=\"https:\/\/anbariloche1.cdn.net.ar\/252\/anbariloche\/images\/01\/58\/70\/1587063_a19a477e77eb3d793a5ea8b5639ca31e33b2994051ea0a0ebc469aff4685c92a\/sm.jpg\" alt=\"\"\/><\/figure>\n\n\n\n<p>Y continu\u00f3: \u00abdesconozco a la Lof Quemquemtreu y a sus miembros y les exijo que dejen de aprovecharse de la historia y sufrimiento de nuestro pueblo para satisfacer ambiciones personales perjudicando la imagen de todos nuestros hermanos Mapuches de la regi\u00f3n\u00bb.&nbsp;<\/p>\n\n\n\n<p>En este contexto dio a conocer el conjunto de comunidades \u00abque existen actualmente en la localidad\u00bb (Rinconada Nauhuelpan,&nbsp;Tequel Mapu,&nbsp;Huenchupan,&nbsp;Nehuenche,&nbsp;las Huaytekas,&nbsp;Quintupuray,&nbsp;Lof Inalef,&nbsp;Lof Folil, Lof Aiyapan y&nbsp;Lof Antilef) e indic\u00f3 que \u00abtrabajan de manera pac\u00edfica y en armon\u00eda mutua y con el Estado provincial y nacional\u00bb.<\/p>\n\n\n\n<p>Por \u00faltimo, Huenchupan expres\u00f3: \u00abc\u00f3mo Lonko rechazo fuertemente el uso de la Violencia con la que un peque\u00f1o grupo de personas viene aterrorizando a la poblaci\u00f3n los \u00faltimos a\u00f1os\u00bb.<\/p>\n\n\n\n<p>\u00abCreo\u00a0importante mencionar que las comunidades debidamente constituidas estamos amparadas legalmente por las leyes N\u00b0 26.160 y 23.302\u00bb, finaliz\u00f3. <\/p>\n\n\n\n<p>Fuente: ANB<\/p>\n","protected":false},"excerpt":{"rendered":"","protected":false},"author":6,"featured_media":74358,"comment_status":"open","ping_status":"open","sticky":false,"template":"","format":"standard","meta":{"site-sidebar-layout":"default","site-content-layout":"","ast-site-content-layout":"default","site-content-style":"default","site-sidebar-style":"default","ast-global-header-display":"","ast-banner-title-visibility":"","ast-main-header-display":"","ast-hfb-above-header-display":"","ast-hfb-below-header-display":"","ast-hfb-mobile-header-display":"","site-post-title":"","ast-breadcrumbs-content":"","ast-featured-img":"","footer-sml-layout":"","ast-disable-related-posts":"","theme-transparent-header-meta":"","adv-header-id-meta":"","stick-header-meta":"","header-above-stick-meta":"","header-main-stick-meta":"","header-below-stick-meta":"","astra-migrate-meta-layouts":"default","ast-page-background-enabled":"default","ast-page-background-meta":{"desktop":{"background-color":"var(--ast-global-color-5)","background-image":"","background-repeat":"repeat","background-position":"center center","background-size":"auto","background-attachment":"scroll","background-type":"","background-media":"","overlay-type":"","overlay-color":"","overlay-opacity":"","overlay-gradient":""},"tablet":{"background-color":"","background-image":"","background-repeat":"repeat","background-position":"center center","background-size":"auto","background-attachment":"scroll","background-type":"","background-media":"","overlay-type":"","overlay-color":"","overlay-opacity":"","overlay-gradient":""},"mobile":{"background-color":"","background-image":"","background-repeat":"repeat","background-position":"center center","background-size":"auto","background-attachment":"scroll","background-type":"","background-media":"","overlay-type":"","overlay-color":"","overlay-opacity":"","overlay-gradient":""}},"ast-content-background-meta":{"desktop":{"background-color":"var(--ast-global-color-4)","background-image":"","background-repeat":"repeat","background-position":"center center","background-size":"auto","background-attachment":"scroll","background-type":"","background-media":"","overlay-type":"","overlay-color":"","overlay-opacity":"","overlay-gradient":""},"tablet":{"background-color":"var(--ast-global-color-4)","background-image":"","background-repeat":"repeat","background-position":"center center","background-size":"auto","background-attachment":"scroll","background-type":"","background-media":"","overlay-type":"","overlay-color":"","overlay-opacity":"","overlay-gradient":""},"mobile":{"background-color":"var(--ast-global-color-4)","background-image":"","background-repeat":"repeat","background-position":"center center","background-size":"auto","background-attachment":"scroll","background-type":"","background-media":"","overlay-type":"","overlay-color":"","overlay-opacity":"","overlay-gradient":""}},"footnotes":""},"categories":[1,13,14],"tags":[],"class_list":["post-74357","post","type-post","status-publish","format-standard","has-post-thumbnail","hentry","category-noticias","category-provinciales","category-rio-negro"],"yoast_head":"<!-- This site is optimized with the Yoast SEO Premium plugin v23.0 (Yoast SEO v27.5) - https:\/\/yoast.com\/product\/yoast-seo-premium-wordpress\/ -->\n<title>Una comunidad Mapuche de El Bols\u00f3n declar\u00f3 &quot;desconocer&quot; la Lof Quemquemtreu<\/title>\n<meta name=\"robots\" content=\"index, follow, max-snippet:-1, max-image-preview:large, max-video-preview:-1\" \/>\n<link rel=\"canonical\" href=\"https:\/\/patagoniambiental.com.ar\/info\/una-comunidad-mapuche-de-el-bolson-declaro-desconocer-la-lof-quemquemtreu\/\" \/>\n<meta property=\"og:locale\" content=\"es_ES\" \/>\n<meta property=\"og:type\" content=\"article\" \/>\n<meta property=\"og:title\" content=\"Una comunidad Mapuche de El Bols\u00f3n declar\u00f3 &quot;desconocer&quot; la Lof Quemquemtreu\" \/>\n<meta property=\"og:url\" content=\"https:\/\/patagoniambiental.com.ar\/info\/una-comunidad-mapuche-de-el-bolson-declaro-desconocer-la-lof-quemquemtreu\/\" \/>\n<meta property=\"og:site_name\" content=\"Patagonia Ambiental\" \/>\n<meta property=\"article:publisher\" content=\"https:\/\/www.facebook.com\/patagonia.ambiental\" \/>\n<meta property=\"article:published_time\" content=\"2021-10-12T23:50:23+00:00\" \/>\n<meta property=\"article:modified_time\" content=\"2021-10-12T23:50:26+00:00\" \/>\n<meta property=\"og:image\" content=\"https:\/\/patagoniambiental.com.ar\/info\/wp-content\/uploads\/2021\/10\/Sin-titulo-7.jpg\" \/>\n\t<meta property=\"og:image:width\" content=\"869\" \/>\n\t<meta property=\"og:image:height\" content=\"486\" \/>\n\t<meta property=\"og:image:type\" content=\"image\/jpeg\" \/>\n<meta name=\"author\" content=\"BRAIAN ESTEVEZ\" \/>\n<meta name=\"twitter:card\" content=\"summary_large_image\" \/>\n<meta name=\"twitter:creator\" content=\"@PatAmb\" \/>\n<meta name=\"twitter:site\" content=\"@PatAmb\" \/>\n<script type=\"application\/ld+json\" class=\"yoast-schema-graph\">{\"@context\":\"https:\\\/\\\/schema.org\",\"@graph\":[{\"@type\":\"Article\",\"@id\":\"https:\\\/\\\/patagoniambiental.com.ar\\\/info\\\/una-comunidad-mapuche-de-el-bolson-declaro-desconocer-la-lof-quemquemtreu\\\/#article\",\"isPartOf\":{\"@id\":\"https:\\\/\\\/patagoniambiental.com.ar\\\/info\\\/una-comunidad-mapuche-de-el-bolson-declaro-desconocer-la-lof-quemquemtreu\\\/\"},\"author\":{\"name\":\"BRAIAN ESTEVEZ\",\"@id\":\"https:\\\/\\\/patagoniambiental.com.ar\\\/info\\\/#\\\/schema\\\/person\\\/e5af09d700b2e82cb10c6b8800e0c691\"},\"headline\":\"Una comunidad Mapuche de El Bols\u00f3n declar\u00f3 \u00abdesconocer\u00bb la Lof Quemquemtreu\",\"datePublished\":\"2021-10-12T23:50:23+00:00\",\"dateModified\":\"2021-10-12T23:50:26+00:00\",\"mainEntityOfPage\":{\"@id\":\"https:\\\/\\\/patagoniambiental.com.ar\\\/info\\\/una-comunidad-mapuche-de-el-bolson-declaro-desconocer-la-lof-quemquemtreu\\\/\"},\"wordCount\":328,\"commentCount\":0,\"publisher\":{\"@id\":\"https:\\\/\\\/patagoniambiental.com.ar\\\/info\\\/#organization\"},\"image\":{\"@id\":\"https:\\\/\\\/patagoniambiental.com.ar\\\/info\\\/una-comunidad-mapuche-de-el-bolson-declaro-desconocer-la-lof-quemquemtreu\\\/#primaryimage\"},\"thumbnailUrl\":\"https:\\\/\\\/patagoniambiental.com.ar\\\/info\\\/wp-content\\\/uploads\\\/2021\\\/10\\\/Sin-titulo-7.jpg\",\"articleSection\":[\"Noticias\",\"Provinciales\",\"R\u00edo Negro\"],\"inLanguage\":\"es\",\"potentialAction\":[{\"@type\":\"CommentAction\",\"name\":\"Comment\",\"target\":[\"https:\\\/\\\/patagoniambiental.com.ar\\\/info\\\/una-comunidad-mapuche-de-el-bolson-declaro-desconocer-la-lof-quemquemtreu\\\/#respond\"]}]},{\"@type\":\"WebPage\",\"@id\":\"https:\\\/\\\/patagoniambiental.com.ar\\\/info\\\/una-comunidad-mapuche-de-el-bolson-declaro-desconocer-la-lof-quemquemtreu\\\/\",\"url\":\"https:\\\/\\\/patagoniambiental.com.ar\\\/info\\\/una-comunidad-mapuche-de-el-bolson-declaro-desconocer-la-lof-quemquemtreu\\\/\",\"name\":\"Una comunidad Mapuche de El Bols\u00f3n declar\u00f3 \\\"desconocer\\\" la Lof Quemquemtreu\",\"isPartOf\":{\"@id\":\"https:\\\/\\\/patagoniambiental.com.ar\\\/info\\\/#website\"},\"primaryImageOfPage\":{\"@id\":\"https:\\\/\\\/patagoniambiental.com.ar\\\/info\\\/una-comunidad-mapuche-de-el-bolson-declaro-desconocer-la-lof-quemquemtreu\\\/#primaryimage\"},\"image\":{\"@id\":\"https:\\\/\\\/patagoniambiental.com.ar\\\/info\\\/una-comunidad-mapuche-de-el-bolson-declaro-desconocer-la-lof-quemquemtreu\\\/#primaryimage\"},\"thumbnailUrl\":\"https:\\\/\\\/patagoniambiental.com.ar\\\/info\\\/wp-content\\\/uploads\\\/2021\\\/10\\\/Sin-titulo-7.jpg\",\"datePublished\":\"2021-10-12T23:50:23+00:00\",\"dateModified\":\"2021-10-12T23:50:26+00:00\",\"breadcrumb\":{\"@id\":\"https:\\\/\\\/patagoniambiental.com.ar\\\/info\\\/una-comunidad-mapuche-de-el-bolson-declaro-desconocer-la-lof-quemquemtreu\\\/#breadcrumb\"},\"inLanguage\":\"es\",\"potentialAction\":[{\"@type\":\"ReadAction\",\"target\":[\"https:\\\/\\\/patagoniambiental.com.ar\\\/info\\\/una-comunidad-mapuche-de-el-bolson-declaro-desconocer-la-lof-quemquemtreu\\\/\"]}]},{\"@type\":\"ImageObject\",\"inLanguage\":\"es\",\"@id\":\"https:\\\/\\\/patagoniambiental.com.ar\\\/info\\\/una-comunidad-mapuche-de-el-bolson-declaro-desconocer-la-lof-quemquemtreu\\\/#primaryimage\",\"url\":\"https:\\\/\\\/patagoniambiental.com.ar\\\/info\\\/wp-content\\\/uploads\\\/2021\\\/10\\\/Sin-titulo-7.jpg\",\"contentUrl\":\"https:\\\/\\\/patagoniambiental.com.ar\\\/info\\\/wp-content\\\/uploads\\\/2021\\\/10\\\/Sin-titulo-7.jpg\",\"width\":869,\"height\":486},{\"@type\":\"BreadcrumbList\",\"@id\":\"https:\\\/\\\/patagoniambiental.com.ar\\\/info\\\/una-comunidad-mapuche-de-el-bolson-declaro-desconocer-la-lof-quemquemtreu\\\/#breadcrumb\",\"itemListElement\":[{\"@type\":\"ListItem\",\"position\":1,\"name\":\"Inicio\",\"item\":\"https:\\\/\\\/patagoniambiental.com.ar\\\/info\\\/\"},{\"@type\":\"ListItem\",\"position\":2,\"name\":\"Una comunidad Mapuche de El Bols\u00f3n declar\u00f3 \u00abdesconocer\u00bb la Lof Quemquemtreu\"}]},{\"@type\":\"WebSite\",\"@id\":\"https:\\\/\\\/patagoniambiental.com.ar\\\/info\\\/#website\",\"url\":\"https:\\\/\\\/patagoniambiental.com.ar\\\/info\\\/\",\"name\":\"Patagonia Ambiental\",\"description\":\"Monitoreo y an\u00e1lisis de la situaci\u00f3n geopol\u00edtica en el mundo y su implicancia en la Patagonia\",\"publisher\":{\"@id\":\"https:\\\/\\\/patagoniambiental.com.ar\\\/info\\\/#organization\"},\"potentialAction\":[{\"@type\":\"SearchAction\",\"target\":{\"@type\":\"EntryPoint\",\"urlTemplate\":\"https:\\\/\\\/patagoniambiental.com.ar\\\/info\\\/?s={search_term_string}\"},\"query-input\":{\"@type\":\"PropertyValueSpecification\",\"valueRequired\":true,\"valueName\":\"search_term_string\"}}],\"inLanguage\":\"es\"},{\"@type\":\"Organization\",\"@id\":\"https:\\\/\\\/patagoniambiental.com.ar\\\/info\\\/#organization\",\"name\":\"Patagonia Ambiental\",\"url\":\"https:\\\/\\\/patagoniambiental.com.ar\\\/info\\\/\",\"logo\":{\"@type\":\"ImageObject\",\"inLanguage\":\"es\",\"@id\":\"https:\\\/\\\/patagoniambiental.com.ar\\\/info\\\/#\\\/schema\\\/logo\\\/image\\\/\",\"url\":\"https:\\\/\\\/patagoniambiental.com.ar\\\/info\\\/wp-content\\\/uploads\\\/2025\\\/05\\\/LOGO-PATAGONIA-AMBIENTAL.png\",\"contentUrl\":\"https:\\\/\\\/patagoniambiental.com.ar\\\/info\\\/wp-content\\\/uploads\\\/2025\\\/05\\\/LOGO-PATAGONIA-AMBIENTAL.png\",\"width\":433,\"height\":250,\"caption\":\"Patagonia Ambiental\"},\"image\":{\"@id\":\"https:\\\/\\\/patagoniambiental.com.ar\\\/info\\\/#\\\/schema\\\/logo\\\/image\\\/\"},\"sameAs\":[\"https:\\\/\\\/www.facebook.com\\\/patagonia.ambiental\",\"https:\\\/\\\/x.com\\\/PatAmb\"]},{\"@type\":\"Person\",\"@id\":\"https:\\\/\\\/patagoniambiental.com.ar\\\/info\\\/#\\\/schema\\\/person\\\/e5af09d700b2e82cb10c6b8800e0c691\",\"name\":\"BRAIAN ESTEVEZ\",\"sameAs\":[\"http:\\\/\\\/www.patagoniambiental.com.ar\"]}]}<\/script>\n<!-- \/ Yoast SEO Premium plugin. -->","yoast_head_json":{"title":"Una comunidad Mapuche de El Bols\u00f3n declar\u00f3 \"desconocer\" la Lof Quemquemtreu","robots":{"index":"index","follow":"follow","max-snippet":"max-snippet:-1","max-image-preview":"max-image-preview:large","max-video-preview":"max-video-preview:-1"},"canonical":"https:\/\/patagoniambiental.com.ar\/info\/una-comunidad-mapuche-de-el-bolson-declaro-desconocer-la-lof-quemquemtreu\/","og_locale":"es_ES","og_type":"article","og_title":"Una comunidad Mapuche de El Bols\u00f3n declar\u00f3 \"desconocer\" la Lof Quemquemtreu","og_url":"https:\/\/patagoniambiental.com.ar\/info\/una-comunidad-mapuche-de-el-bolson-declaro-desconocer-la-lof-quemquemtreu\/","og_site_name":"Patagonia Ambiental","article_publisher":"https:\/\/www.facebook.com\/patagonia.ambiental","article_published_time":"2021-10-12T23:50:23+00:00","article_modified_time":"2021-10-12T23:50:26+00:00","og_image":[{"width":869,"height":486,"url":"https:\/\/patagoniambiental.com.ar\/info\/wp-content\/uploads\/2021\/10\/Sin-titulo-7.jpg","type":"image\/jpeg"}],"author":"BRAIAN ESTEVEZ","twitter_card":"summary_large_image","twitter_creator":"@PatAmb","twitter_site":"@PatAmb","schema":{"@context":"https:\/\/schema.org","@graph":[{"@type":"Article","@id":"https:\/\/patagoniambiental.com.ar\/info\/una-comunidad-mapuche-de-el-bolson-declaro-desconocer-la-lof-quemquemtreu\/#article","isPartOf":{"@id":"https:\/\/patagoniambiental.com.ar\/info\/una-comunidad-mapuche-de-el-bolson-declaro-desconocer-la-lof-quemquemtreu\/"},"author":{"name":"BRAIAN ESTEVEZ","@id":"https:\/\/patagoniambiental.com.ar\/info\/#\/schema\/person\/e5af09d700b2e82cb10c6b8800e0c691"},"headline":"Una comunidad Mapuche de El Bols\u00f3n declar\u00f3 \u00abdesconocer\u00bb la Lof Quemquemtreu","datePublished":"2021-10-12T23:50:23+00:00","dateModified":"2021-10-12T23:50:26+00:00","mainEntityOfPage":{"@id":"https:\/\/patagoniambiental.com.ar\/info\/una-comunidad-mapuche-de-el-bolson-declaro-desconocer-la-lof-quemquemtreu\/"},"wordCount":328,"commentCount":0,"publisher":{"@id":"https:\/\/patagoniambiental.com.ar\/info\/#organization"},"image":{"@id":"https:\/\/patagoniambiental.com.ar\/info\/una-comunidad-mapuche-de-el-bolson-declaro-desconocer-la-lof-quemquemtreu\/#primaryimage"},"thumbnailUrl":"https:\/\/patagoniambiental.com.ar\/info\/wp-content\/uploads\/2021\/10\/Sin-titulo-7.jpg","articleSection":["Noticias","Provinciales","R\u00edo Negro"],"inLanguage":"es","potentialAction":[{"@type":"CommentAction","name":"Comment","target":["https:\/\/patagoniambiental.com.ar\/info\/una-comunidad-mapuche-de-el-bolson-declaro-desconocer-la-lof-quemquemtreu\/#respond"]}]},{"@type":"WebPage","@id":"https:\/\/patagoniambiental.com.ar\/info\/una-comunidad-mapuche-de-el-bolson-declaro-desconocer-la-lof-quemquemtreu\/","url":"https:\/\/patagoniambiental.com.ar\/info\/una-comunidad-mapuche-de-el-bolson-declaro-desconocer-la-lof-quemquemtreu\/","name":"Una comunidad Mapuche de El Bols\u00f3n declar\u00f3 \"desconocer\" la Lof Quemquemtreu","isPartOf":{"@id":"https:\/\/patagoniambiental.com.ar\/info\/#website"},"primaryImageOfPage":{"@id":"https:\/\/patagoniambiental.com.ar\/info\/una-comunidad-mapuche-de-el-bolson-declaro-desconocer-la-lof-quemquemtreu\/#primaryimage"},"image":{"@id":"https:\/\/patagoniambiental.com.ar\/info\/una-comunidad-mapuche-de-el-bolson-declaro-desconocer-la-lof-quemquemtreu\/#primaryimage"},"thumbnailUrl":"https:\/\/patagoniambiental.com.ar\/info\/wp-content\/uploads\/2021\/10\/Sin-titulo-7.jpg","datePublished":"2021-10-12T23:50:23+00:00","dateModified":"2021-10-12T23:50:26+00:00","breadcrumb":{"@id":"https:\/\/patagoniambiental.com.ar\/info\/una-comunidad-mapuche-de-el-bolson-declaro-desconocer-la-lof-quemquemtreu\/#breadcrumb"},"inLanguage":"es","potentialAction":[{"@type":"ReadAction","target":["https:\/\/patagoniambiental.com.ar\/info\/una-comunidad-mapuche-de-el-bolson-declaro-desconocer-la-lof-quemquemtreu\/"]}]},{"@type":"ImageObject","inLanguage":"es","@id":"https:\/\/patagoniambiental.com.ar\/info\/una-comunidad-mapuche-de-el-bolson-declaro-desconocer-la-lof-quemquemtreu\/#primaryimage","url":"https:\/\/patagoniambiental.com.ar\/info\/wp-content\/uploads\/2021\/10\/Sin-titulo-7.jpg","contentUrl":"https:\/\/patagoniambiental.com.ar\/info\/wp-content\/uploads\/2021\/10\/Sin-titulo-7.jpg","width":869,"height":486},{"@type":"BreadcrumbList","@id":"https:\/\/patagoniambiental.com.ar\/info\/una-comunidad-mapuche-de-el-bolson-declaro-desconocer-la-lof-quemquemtreu\/#breadcrumb","itemListElement":[{"@type":"ListItem","position":1,"name":"Inicio","item":"https:\/\/patagoniambiental.com.ar\/info\/"},{"@type":"ListItem","position":2,"name":"Una comunidad Mapuche de El Bols\u00f3n declar\u00f3 \u00abdesconocer\u00bb la Lof Quemquemtreu"}]},{"@type":"WebSite","@id":"https:\/\/patagoniambiental.com.ar\/info\/#website","url":"https:\/\/patagoniambiental.com.ar\/info\/","name":"Patagonia Ambiental","description":"Monitoreo y an\u00e1lisis de la situaci\u00f3n geopol\u00edtica en el mundo y su implicancia en la Patagonia","publisher":{"@id":"https:\/\/patagoniambiental.com.ar\/info\/#organization"},"potentialAction":[{"@type":"SearchAction","target":{"@type":"EntryPoint","urlTemplate":"https:\/\/patagoniambiental.com.ar\/info\/?s={search_term_string}"},"query-input":{"@type":"PropertyValueSpecification","valueRequired":true,"valueName":"search_term_string"}}],"inLanguage":"es"},{"@type":"Organization","@id":"https:\/\/patagoniambiental.com.ar\/info\/#organization","name":"Patagonia Ambiental","url":"https:\/\/patagoniambiental.com.ar\/info\/","logo":{"@type":"ImageObject","inLanguage":"es","@id":"https:\/\/patagoniambiental.com.ar\/info\/#\/schema\/logo\/image\/","url":"https:\/\/patagoniambiental.com.ar\/info\/wp-content\/uploads\/2025\/05\/LOGO-PATAGONIA-AMBIENTAL.png","contentUrl":"https:\/\/patagoniambiental.com.ar\/info\/wp-content\/uploads\/2025\/05\/LOGO-PATAGONIA-AMBIENTAL.png","width":433,"height":250,"caption":"Patagonia Ambiental"},"image":{"@id":"https:\/\/patagoniambiental.com.ar\/info\/#\/schema\/logo\/image\/"},"sameAs":["https:\/\/www.facebook.com\/patagonia.ambiental","https:\/\/x.com\/PatAmb"]},{"@type":"Person","@id":"https:\/\/patagoniambiental.com.ar\/info\/#\/schema\/person\/e5af09d700b2e82cb10c6b8800e0c691","name":"BRAIAN ESTEVEZ","sameAs":["http:\/\/www.patagoniambiental.com.ar"]}]}},"_links":{"self":[{"href":"https:\/\/patagoniambiental.com.ar\/info\/wp-json\/wp\/v2\/posts\/74357","targetHints":{"allow":["GET"]}}],"collection":[{"href":"https:\/\/patagoniambiental.com.ar\/info\/wp-json\/wp\/v2\/posts"}],"about":[{"href":"https:\/\/patagoniambiental.com.ar\/info\/wp-json\/wp\/v2\/types\/post"}],"author":[{"embeddable":true,"href":"https:\/\/patagoniambiental.com.ar\/info\/wp-json\/wp\/v2\/users\/6"}],"replies":[{"embeddable":true,"href":"https:\/\/patagoniambiental.com.ar\/info\/wp-json\/wp\/v2\/comments?post=74357"}],"version-history":[{"count":0,"href":"https:\/\/patagoniambiental.com.ar\/info\/wp-json\/wp\/v2\/posts\/74357\/revisions"}],"wp:featuredmedia":[{"embeddable":true,"href":"https:\/\/patagoniambiental.com.ar\/info\/wp-json\/wp\/v2\/media\/74358"}],"wp:attachment":[{"href":"https:\/\/patagoniambiental.com.ar\/info\/wp-json\/wp\/v2\/media?parent=74357"}],"wp:term":[{"taxonomy":"category","embeddable":true,"href":"https:\/\/patagoniambiental.com.ar\/info\/wp-json\/wp\/v2\/categories?post=74357"},{"taxonomy":"post_tag","embeddable":true,"href":"https:\/\/patagoniambiental.com.ar\/info\/wp-json\/wp\/v2\/tags?post=74357"}],"curies":[{"name":"wp","href":"https:\/\/api.w.org\/{rel}","templated":true}]}}