{"id":74360,"date":"2021-10-12T21:07:12","date_gmt":"2021-10-13T00:07:12","guid":{"rendered":"http:\/\/patagoniambiental.com.ar\/info\/?p=74360"},"modified":"2021-10-12T21:07:15","modified_gmt":"2021-10-13T00:07:15","slug":"agrupaciones-mapuches-amenazaron-con-que-seguiran-con-su-plan-de-recuperacion-de-tierras-hasta-entregar-la-vida","status":"publish","type":"post","link":"https:\/\/patagoniambiental.com.ar\/info\/agrupaciones-mapuches-amenazaron-con-que-seguiran-con-su-plan-de-recuperacion-de-tierras-hasta-entregar-la-vida\/","title":{"rendered":"Agrupaciones mapuches amenazaron con que seguir\u00e1n con su plan de recuperaci\u00f3n de tierras \u201chasta entregar la vida\u201d"},"content":{"rendered":"\n<!--more-->\n\n\n\n<p>Un movimiento de la Patagonia invit\u00f3 a formar nuevos grupos de resistencia para defender sus intereses. Hubo un nuevo corte de ruta entre El Bols\u00f3n y Bariloche<\/p>\n\n\n\n<p><br>Francisco Poppe<br>Agrupaciones que se autodenominan mapuches, a pesar de no tener el reconocimiento del Instituto Nacional de Asuntos Ind\u00edgenas (INAI), invitaron a la rebeli\u00f3n para avanzar con su plan de recuperaci\u00f3n de territorios para poder desarrollar su \u201cvida mapuche\u201d.<\/p>\n\n\n\n<p>El Movimiento Aut\u00f3nomo Mapuche (MAP) del Puel Mapu, que involucra a las provincias de R\u00edo Negro, Neuqu\u00e9n y Chubut, invit\u00f3 a formar nuevos grupos de resistencia y confrontaci\u00f3n para defender sus intereses, vinculados a la recuperaci\u00f3n de tierras que ellos consideran \u201cancestrales\u201d.<\/p>\n\n\n\n<p>El sector aglomera a las principales agrupaciones que se identifican con los pueblos originarios, entre los que se encuentra la violenta Resistencia Ancestral Mapuche (RAM), que la semana pasada se adjudic\u00f3 un ataque terrorista al campamento de Vialidad Provincial en Bariloche, a pocos kil\u00f3metros del centro invernal Catedral.<\/p>\n\n\n\n<p>El MAP tiene como eje fundacional la recuperaci\u00f3n de todo el \u201cterritorio ancestral\u201d de la regi\u00f3n patag\u00f3nica. \u201cQue vuelvan a nuestras manos todas las tierras robadas por los wingka ladrones, las que en su conjunto forman el Territorio Ancestral Mapuche\u201d, amenazaron, y describieron las tierras productivas que hoy est\u00e1n en poder del \u201cricaje\u201d, que conforman la oligarqu\u00eda criolla, los terratenientes, las sociedades rurales y empresas extranjeras multinacionales.<\/p>\n\n\n\n<p>En nuestro territorio \u201cliberado\u201d, indica el Movimiento, \u201clograremos el ejercicio pleno de nuestros derechos naturales e hist\u00f3ricos, adem\u00e1s del acceso a la vivienda, alimento, a la salud, a la educaci\u00f3n propia y a la defensa de los mismos desde la Unidad, la fraternidad y la hermandad hist\u00f3rica de nuestra naci\u00f3n mapuche\u201d.<\/p>\n\n\n\n<p>El MAP alienta la formaci\u00f3n de grupos de resistencia. Buscan construir grupos en las comunidades y zonas rurales para defender sus intereses y conquistas, \u201ctanto para acabar con el latifundio como para echar a las empresas contaminantes (petroleras, mineras, hidroel\u00e9ctricas) defendi\u00e9ndonos entre nosotros como Pueblo, de todas las formas posibles\u201d.<\/p>\n\n\n\n<p>Cuesta del Ternero<\/p>\n\n\n\n<p>El s\u00e1bado pasado, integrantes de la comunidad Lof Quemquentreu realizaron un nuevo corte de la ruta nacional 40, cerca del cruce con la provincial 6, para difundir la lucha que mantiene desde hace varias semanas en el paraje Cuesta del Ternero, tras ocupar un predio que le pertenece a un productor de la zona, Rolando Rocco.<\/p>\n\n\n\n<p>Tras la restituci\u00f3n del predio a Rocco, dispuesta por la Justicia, integrantes de la misma agrupaci\u00f3n volvieron a ingresar y hasta ahora sostienen la ocupaci\u00f3n, con una fuerte custodia por parte de la Polic\u00eda de R\u00edo Negro. La Justicia neg\u00f3 la posibilidad de realizar un cord\u00f3n sanitario para ingresar alimento al predio en litigio, medida que fue cuestionada por los encapuchados. El magistrado Ricardo Calcagno fue contundente: \u201cNadie les impide salir a buscar v\u00edveres\u201d.<\/p>\n\n\n\n<p>El grupo anunci\u00f3 que seguir\u00e1 con su plan de lucha \u201chasta entregar la vida, si fuera necesario\u201d. El ataque de la RAM al campamento provincial de Vialidad fue, de acuerdo a lo que ellos mismos afirmaron, en acompa\u00f1amiento a la lof Quemquentreu: \u201cEstamos muy fortalecidos a pesar de la situaci\u00f3n de estos d\u00edas\u201d, afirmaron.<\/p>\n\n\n\n<p>En un mensaje que publicaron a trav\u00e9s de las redes sociales explicaron que \u201cno es una carta de lamentos, es una invitaci\u00f3n a la rebeli\u00f3n y recuperaci\u00f3n de territorios para que podamos desarrollar nuestra vida mapuche\u201d.<\/p>\n\n\n\n<p>A pesar de admitir el acompa\u00f1amiento de otras agrupaciones mapuches, la lof Quemquentreu asegura que no pertenece \u201ca ninguna agrupaci\u00f3n mapuche\u201d y sostiene que es \u201cuna Naci\u00f3n gloriosa, que posee autonom\u00eda y no responde a directivas de ninguna organizaci\u00f3n\u201d.<\/p>\n\n\n\n<p>A pesar del acompa\u00f1amiento de la RAM, sostiene que no tiene v\u00ednculo con el grupo e incluso tampoco con el Movimiento Aut\u00f3nomo Mapuche. La lof Quemquentreu \u201ces aut\u00f3noma y toma sus propias decisiones\u201d e incita a violencia al convocar a levantarse \u201csin importar las formas\u201d.<\/p>\n\n\n\n<p>Mapuches<\/p>\n\n\n\n<p>El incendio intencional de una oficina de informes tur\u00edsticos que a\u00fan no hab\u00eda sido inaugurada y el episodio en dependencias de Validad Provincial fueron los \u00faltimos hechos vinculados a la violencia mapuche. La adjudicaci\u00f3n por parte de la RAM del \u00faltimo de los episodios despert\u00f3 malestar en otras agrupaciones de pueblos originarios que pidieron disculpas \u201ca la comunidad en nombre del pueblo mapuche, que desaprueba este tipo de actos que nos ensucian a todos\u201d.<\/p>\n\n\n\n<p>El lonko de la comunidad mapuche Tequel Mapu de El Bols\u00f3n, Alejandro Huenchup\u00e1n, repudi\u00f3 los hechos vand\u00e1licos de las oficinas de informes y la ocupaci\u00f3n violenta del poblador en el paraje Cuesta del Ternero. \u201cQuiero expresar mi m\u00e1s profundo repudio a este tipo de formas utilizadas para conseguir un objetivo que puede ser v\u00e1lido o no. Nuestros logros, que han sido muchos a lo largo de los a\u00f1os, siempre los conseguimos por la v\u00eda del di\u00e1logo y el respeto, como corresponde\u201d.<\/p>\n\n\n\n<p>La comunidad s\u00ed cuenta con personer\u00eda jur\u00eddica y est\u00e1 reconocida por el INAI. \u201cDesconozco a la Lof Quemquentreu y a sus miembros, y les exijo que dejen de aprovecharse de la historia y sufrimiento de nuestro pueblo para satisfacer ambiciones personales, perjudicando la imagen de todos nuestros hermanos mapuches de la regi\u00f3n\u201d.<\/p>\n\n\n\n<p>En el comunicado, que firma Huenchup\u00e1n, rechaz\u00f3 \u201cfuertemente el uso de la violencia con la que un peque\u00f1o grupo de personas viene aterrorizando a la poblaci\u00f3n en los \u00faltimos a\u00f1os\u201d.<br>Fuente: INFOBAE<\/p>\n","protected":false},"excerpt":{"rendered":"","protected":false},"author":6,"featured_media":74361,"comment_status":"open","ping_status":"open","sticky":false,"template":"","format":"standard","meta":{"site-sidebar-layout":"default","site-content-layout":"","ast-site-content-layout":"default","site-content-style":"default","site-sidebar-style":"default","ast-global-header-display":"","ast-banner-title-visibility":"","ast-main-header-display":"","ast-hfb-above-header-display":"","ast-hfb-below-header-display":"","ast-hfb-mobile-header-display":"","site-post-title":"","ast-breadcrumbs-content":"","ast-featured-img":"","footer-sml-layout":"","ast-disable-related-posts":"","theme-transparent-header-meta":"","adv-header-id-meta":"","stick-header-meta":"","header-above-stick-meta":"","header-main-stick-meta":"","header-below-stick-meta":"","astra-migrate-meta-layouts":"default","ast-page-background-enabled":"default","ast-page-background-meta":{"desktop":{"background-color":"var(--ast-global-color-5)","background-image":"","background-repeat":"repeat","background-position":"center center","background-size":"auto","background-attachment":"scroll","background-type":"","background-media":"","overlay-type":"","overlay-color":"","overlay-opacity":"","overlay-gradient":""},"tablet":{"background-color":"","background-image":"","background-repeat":"repeat","background-position":"center center","background-size":"auto","background-attachment":"scroll","background-type":"","background-media":"","overlay-type":"","overlay-color":"","overlay-opacity":"","overlay-gradient":""},"mobile":{"background-color":"","background-image":"","background-repeat":"repeat","background-position":"center center","background-size":"auto","background-attachment":"scroll","background-type":"","background-media":"","overlay-type":"","overlay-color":"","overlay-opacity":"","overlay-gradient":""}},"ast-content-background-meta":{"desktop":{"background-color":"var(--ast-global-color-4)","background-image":"","background-repeat":"repeat","background-position":"center center","background-size":"auto","background-attachment":"scroll","background-type":"","background-media":"","overlay-type":"","overlay-color":"","overlay-opacity":"","overlay-gradient":""},"tablet":{"background-color":"var(--ast-global-color-4)","background-image":"","background-repeat":"repeat","background-position":"center center","background-size":"auto","background-attachment":"scroll","background-type":"","background-media":"","overlay-type":"","overlay-color":"","overlay-opacity":"","overlay-gradient":""},"mobile":{"background-color":"var(--ast-global-color-4)","background-image":"","background-repeat":"repeat","background-position":"center center","background-size":"auto","background-attachment":"scroll","background-type":"","background-media":"","overlay-type":"","overlay-color":"","overlay-opacity":"","overlay-gradient":""}},"footnotes":""},"categories":[1,27],"tags":[],"class_list":["post-74360","post","type-post","status-publish","format-standard","has-post-thumbnail","hentry","category-noticias","category-patagonia"],"yoast_head":"<!-- This site is optimized with the Yoast SEO Premium plugin v23.0 (Yoast SEO v27.5) - https:\/\/yoast.com\/product\/yoast-seo-premium-wordpress\/ -->\n<title>Agrupaciones mapuches amenazaron con que seguir\u00e1n con su plan de recuperaci\u00f3n de tierras \u201chasta entregar la vida\u201d<\/title>\n<meta name=\"robots\" content=\"index, follow, max-snippet:-1, max-image-preview:large, max-video-preview:-1\" \/>\n<link rel=\"canonical\" href=\"https:\/\/patagoniambiental.com.ar\/info\/agrupaciones-mapuches-amenazaron-con-que-seguiran-con-su-plan-de-recuperacion-de-tierras-hasta-entregar-la-vida\/\" \/>\n<meta property=\"og:locale\" content=\"es_ES\" \/>\n<meta property=\"og:type\" content=\"article\" \/>\n<meta property=\"og:title\" content=\"Agrupaciones mapuches amenazaron con que seguir\u00e1n con su plan de recuperaci\u00f3n de tierras \u201chasta entregar la vida\u201d\" \/>\n<meta property=\"og:url\" content=\"https:\/\/patagoniambiental.com.ar\/info\/agrupaciones-mapuches-amenazaron-con-que-seguiran-con-su-plan-de-recuperacion-de-tierras-hasta-entregar-la-vida\/\" \/>\n<meta property=\"og:site_name\" content=\"Patagonia Ambiental\" \/>\n<meta property=\"article:publisher\" content=\"https:\/\/www.facebook.com\/patagonia.ambiental\" \/>\n<meta property=\"article:published_time\" content=\"2021-10-13T00:07:12+00:00\" \/>\n<meta property=\"article:modified_time\" content=\"2021-10-13T00:07:15+00:00\" \/>\n<meta property=\"og:image\" content=\"https:\/\/patagoniambiental.com.ar\/info\/wp-content\/uploads\/2021\/10\/TIERRAS.jpg\" \/>\n\t<meta property=\"og:image:width\" content=\"900\" \/>\n\t<meta property=\"og:image:height\" content=\"506\" \/>\n\t<meta property=\"og:image:type\" content=\"image\/jpeg\" \/>\n<meta name=\"author\" content=\"BRAIAN ESTEVEZ\" \/>\n<meta name=\"twitter:card\" content=\"summary_large_image\" \/>\n<meta name=\"twitter:creator\" content=\"@PatAmb\" \/>\n<meta name=\"twitter:site\" content=\"@PatAmb\" \/>\n<script type=\"application\/ld+json\" class=\"yoast-schema-graph\">{\"@context\":\"https:\\\/\\\/schema.org\",\"@graph\":[{\"@type\":\"Article\",\"@id\":\"https:\\\/\\\/patagoniambiental.com.ar\\\/info\\\/agrupaciones-mapuches-amenazaron-con-que-seguiran-con-su-plan-de-recuperacion-de-tierras-hasta-entregar-la-vida\\\/#article\",\"isPartOf\":{\"@id\":\"https:\\\/\\\/patagoniambiental.com.ar\\\/info\\\/agrupaciones-mapuches-amenazaron-con-que-seguiran-con-su-plan-de-recuperacion-de-tierras-hasta-entregar-la-vida\\\/\"},\"author\":{\"name\":\"BRAIAN ESTEVEZ\",\"@id\":\"https:\\\/\\\/patagoniambiental.com.ar\\\/info\\\/#\\\/schema\\\/person\\\/e5af09d700b2e82cb10c6b8800e0c691\"},\"headline\":\"Agrupaciones mapuches amenazaron con que seguir\u00e1n con su plan de recuperaci\u00f3n de tierras \u201chasta entregar la vida\u201d\",\"datePublished\":\"2021-10-13T00:07:12+00:00\",\"dateModified\":\"2021-10-13T00:07:15+00:00\",\"mainEntityOfPage\":{\"@id\":\"https:\\\/\\\/patagoniambiental.com.ar\\\/info\\\/agrupaciones-mapuches-amenazaron-con-que-seguiran-con-su-plan-de-recuperacion-de-tierras-hasta-entregar-la-vida\\\/\"},\"wordCount\":955,\"commentCount\":0,\"publisher\":{\"@id\":\"https:\\\/\\\/patagoniambiental.com.ar\\\/info\\\/#organization\"},\"image\":{\"@id\":\"https:\\\/\\\/patagoniambiental.com.ar\\\/info\\\/agrupaciones-mapuches-amenazaron-con-que-seguiran-con-su-plan-de-recuperacion-de-tierras-hasta-entregar-la-vida\\\/#primaryimage\"},\"thumbnailUrl\":\"https:\\\/\\\/patagoniambiental.com.ar\\\/info\\\/wp-content\\\/uploads\\\/2021\\\/10\\\/TIERRAS.jpg\",\"articleSection\":[\"Noticias\",\"Patagonia\"],\"inLanguage\":\"es\",\"potentialAction\":[{\"@type\":\"CommentAction\",\"name\":\"Comment\",\"target\":[\"https:\\\/\\\/patagoniambiental.com.ar\\\/info\\\/agrupaciones-mapuches-amenazaron-con-que-seguiran-con-su-plan-de-recuperacion-de-tierras-hasta-entregar-la-vida\\\/#respond\"]}]},{\"@type\":\"WebPage\",\"@id\":\"https:\\\/\\\/patagoniambiental.com.ar\\\/info\\\/agrupaciones-mapuches-amenazaron-con-que-seguiran-con-su-plan-de-recuperacion-de-tierras-hasta-entregar-la-vida\\\/\",\"url\":\"https:\\\/\\\/patagoniambiental.com.ar\\\/info\\\/agrupaciones-mapuches-amenazaron-con-que-seguiran-con-su-plan-de-recuperacion-de-tierras-hasta-entregar-la-vida\\\/\",\"name\":\"Agrupaciones mapuches amenazaron con que seguir\u00e1n con su plan de recuperaci\u00f3n de tierras \u201chasta entregar la vida\u201d\",\"isPartOf\":{\"@id\":\"https:\\\/\\\/patagoniambiental.com.ar\\\/info\\\/#website\"},\"primaryImageOfPage\":{\"@id\":\"https:\\\/\\\/patagoniambiental.com.ar\\\/info\\\/agrupaciones-mapuches-amenazaron-con-que-seguiran-con-su-plan-de-recuperacion-de-tierras-hasta-entregar-la-vida\\\/#primaryimage\"},\"image\":{\"@id\":\"https:\\\/\\\/patagoniambiental.com.ar\\\/info\\\/agrupaciones-mapuches-amenazaron-con-que-seguiran-con-su-plan-de-recuperacion-de-tierras-hasta-entregar-la-vida\\\/#primaryimage\"},\"thumbnailUrl\":\"https:\\\/\\\/patagoniambiental.com.ar\\\/info\\\/wp-content\\\/uploads\\\/2021\\\/10\\\/TIERRAS.jpg\",\"datePublished\":\"2021-10-13T00:07:12+00:00\",\"dateModified\":\"2021-10-13T00:07:15+00:00\",\"breadcrumb\":{\"@id\":\"https:\\\/\\\/patagoniambiental.com.ar\\\/info\\\/agrupaciones-mapuches-amenazaron-con-que-seguiran-con-su-plan-de-recuperacion-de-tierras-hasta-entregar-la-vida\\\/#breadcrumb\"},\"inLanguage\":\"es\",\"potentialAction\":[{\"@type\":\"ReadAction\",\"target\":[\"https:\\\/\\\/patagoniambiental.com.ar\\\/info\\\/agrupaciones-mapuches-amenazaron-con-que-seguiran-con-su-plan-de-recuperacion-de-tierras-hasta-entregar-la-vida\\\/\"]}]},{\"@type\":\"ImageObject\",\"inLanguage\":\"es\",\"@id\":\"https:\\\/\\\/patagoniambiental.com.ar\\\/info\\\/agrupaciones-mapuches-amenazaron-con-que-seguiran-con-su-plan-de-recuperacion-de-tierras-hasta-entregar-la-vida\\\/#primaryimage\",\"url\":\"https:\\\/\\\/patagoniambiental.com.ar\\\/info\\\/wp-content\\\/uploads\\\/2021\\\/10\\\/TIERRAS.jpg\",\"contentUrl\":\"https:\\\/\\\/patagoniambiental.com.ar\\\/info\\\/wp-content\\\/uploads\\\/2021\\\/10\\\/TIERRAS.jpg\",\"width\":900,\"height\":506},{\"@type\":\"BreadcrumbList\",\"@id\":\"https:\\\/\\\/patagoniambiental.com.ar\\\/info\\\/agrupaciones-mapuches-amenazaron-con-que-seguiran-con-su-plan-de-recuperacion-de-tierras-hasta-entregar-la-vida\\\/#breadcrumb\",\"itemListElement\":[{\"@type\":\"ListItem\",\"position\":1,\"name\":\"Inicio\",\"item\":\"https:\\\/\\\/patagoniambiental.com.ar\\\/info\\\/\"},{\"@type\":\"ListItem\",\"position\":2,\"name\":\"Agrupaciones mapuches amenazaron con que seguir\u00e1n con su plan de recuperaci\u00f3n de tierras \u201chasta entregar la vida\u201d\"}]},{\"@type\":\"WebSite\",\"@id\":\"https:\\\/\\\/patagoniambiental.com.ar\\\/info\\\/#website\",\"url\":\"https:\\\/\\\/patagoniambiental.com.ar\\\/info\\\/\",\"name\":\"Patagonia Ambiental\",\"description\":\"Monitoreo y an\u00e1lisis de la situaci\u00f3n geopol\u00edtica en el mundo y su implicancia en la Patagonia\",\"publisher\":{\"@id\":\"https:\\\/\\\/patagoniambiental.com.ar\\\/info\\\/#organization\"},\"potentialAction\":[{\"@type\":\"SearchAction\",\"target\":{\"@type\":\"EntryPoint\",\"urlTemplate\":\"https:\\\/\\\/patagoniambiental.com.ar\\\/info\\\/?s={search_term_string}\"},\"query-input\":{\"@type\":\"PropertyValueSpecification\",\"valueRequired\":true,\"valueName\":\"search_term_string\"}}],\"inLanguage\":\"es\"},{\"@type\":\"Organization\",\"@id\":\"https:\\\/\\\/patagoniambiental.com.ar\\\/info\\\/#organization\",\"name\":\"Patagonia Ambiental\",\"url\":\"https:\\\/\\\/patagoniambiental.com.ar\\\/info\\\/\",\"logo\":{\"@type\":\"ImageObject\",\"inLanguage\":\"es\",\"@id\":\"https:\\\/\\\/patagoniambiental.com.ar\\\/info\\\/#\\\/schema\\\/logo\\\/image\\\/\",\"url\":\"https:\\\/\\\/patagoniambiental.com.ar\\\/info\\\/wp-content\\\/uploads\\\/2025\\\/05\\\/LOGO-PATAGONIA-AMBIENTAL.png\",\"contentUrl\":\"https:\\\/\\\/patagoniambiental.com.ar\\\/info\\\/wp-content\\\/uploads\\\/2025\\\/05\\\/LOGO-PATAGONIA-AMBIENTAL.png\",\"width\":433,\"height\":250,\"caption\":\"Patagonia Ambiental\"},\"image\":{\"@id\":\"https:\\\/\\\/patagoniambiental.com.ar\\\/info\\\/#\\\/schema\\\/logo\\\/image\\\/\"},\"sameAs\":[\"https:\\\/\\\/www.facebook.com\\\/patagonia.ambiental\",\"https:\\\/\\\/x.com\\\/PatAmb\"]},{\"@type\":\"Person\",\"@id\":\"https:\\\/\\\/patagoniambiental.com.ar\\\/info\\\/#\\\/schema\\\/person\\\/e5af09d700b2e82cb10c6b8800e0c691\",\"name\":\"BRAIAN ESTEVEZ\",\"sameAs\":[\"http:\\\/\\\/www.patagoniambiental.com.ar\"]}]}<\/script>\n<!-- \/ Yoast SEO Premium plugin. -->","yoast_head_json":{"title":"Agrupaciones mapuches amenazaron con que seguir\u00e1n con su plan de recuperaci\u00f3n de tierras \u201chasta entregar la vida\u201d","robots":{"index":"index","follow":"follow","max-snippet":"max-snippet:-1","max-image-preview":"max-image-preview:large","max-video-preview":"max-video-preview:-1"},"canonical":"https:\/\/patagoniambiental.com.ar\/info\/agrupaciones-mapuches-amenazaron-con-que-seguiran-con-su-plan-de-recuperacion-de-tierras-hasta-entregar-la-vida\/","og_locale":"es_ES","og_type":"article","og_title":"Agrupaciones mapuches amenazaron con que seguir\u00e1n con su plan de recuperaci\u00f3n de tierras \u201chasta entregar la vida\u201d","og_url":"https:\/\/patagoniambiental.com.ar\/info\/agrupaciones-mapuches-amenazaron-con-que-seguiran-con-su-plan-de-recuperacion-de-tierras-hasta-entregar-la-vida\/","og_site_name":"Patagonia Ambiental","article_publisher":"https:\/\/www.facebook.com\/patagonia.ambiental","article_published_time":"2021-10-13T00:07:12+00:00","article_modified_time":"2021-10-13T00:07:15+00:00","og_image":[{"width":900,"height":506,"url":"https:\/\/patagoniambiental.com.ar\/info\/wp-content\/uploads\/2021\/10\/TIERRAS.jpg","type":"image\/jpeg"}],"author":"BRAIAN ESTEVEZ","twitter_card":"summary_large_image","twitter_creator":"@PatAmb","twitter_site":"@PatAmb","schema":{"@context":"https:\/\/schema.org","@graph":[{"@type":"Article","@id":"https:\/\/patagoniambiental.com.ar\/info\/agrupaciones-mapuches-amenazaron-con-que-seguiran-con-su-plan-de-recuperacion-de-tierras-hasta-entregar-la-vida\/#article","isPartOf":{"@id":"https:\/\/patagoniambiental.com.ar\/info\/agrupaciones-mapuches-amenazaron-con-que-seguiran-con-su-plan-de-recuperacion-de-tierras-hasta-entregar-la-vida\/"},"author":{"name":"BRAIAN ESTEVEZ","@id":"https:\/\/patagoniambiental.com.ar\/info\/#\/schema\/person\/e5af09d700b2e82cb10c6b8800e0c691"},"headline":"Agrupaciones mapuches amenazaron con que seguir\u00e1n con su plan de recuperaci\u00f3n de tierras \u201chasta entregar la vida\u201d","datePublished":"2021-10-13T00:07:12+00:00","dateModified":"2021-10-13T00:07:15+00:00","mainEntityOfPage":{"@id":"https:\/\/patagoniambiental.com.ar\/info\/agrupaciones-mapuches-amenazaron-con-que-seguiran-con-su-plan-de-recuperacion-de-tierras-hasta-entregar-la-vida\/"},"wordCount":955,"commentCount":0,"publisher":{"@id":"https:\/\/patagoniambiental.com.ar\/info\/#organization"},"image":{"@id":"https:\/\/patagoniambiental.com.ar\/info\/agrupaciones-mapuches-amenazaron-con-que-seguiran-con-su-plan-de-recuperacion-de-tierras-hasta-entregar-la-vida\/#primaryimage"},"thumbnailUrl":"https:\/\/patagoniambiental.com.ar\/info\/wp-content\/uploads\/2021\/10\/TIERRAS.jpg","articleSection":["Noticias","Patagonia"],"inLanguage":"es","potentialAction":[{"@type":"CommentAction","name":"Comment","target":["https:\/\/patagoniambiental.com.ar\/info\/agrupaciones-mapuches-amenazaron-con-que-seguiran-con-su-plan-de-recuperacion-de-tierras-hasta-entregar-la-vida\/#respond"]}]},{"@type":"WebPage","@id":"https:\/\/patagoniambiental.com.ar\/info\/agrupaciones-mapuches-amenazaron-con-que-seguiran-con-su-plan-de-recuperacion-de-tierras-hasta-entregar-la-vida\/","url":"https:\/\/patagoniambiental.com.ar\/info\/agrupaciones-mapuches-amenazaron-con-que-seguiran-con-su-plan-de-recuperacion-de-tierras-hasta-entregar-la-vida\/","name":"Agrupaciones mapuches amenazaron con que seguir\u00e1n con su plan de recuperaci\u00f3n de tierras \u201chasta entregar la vida\u201d","isPartOf":{"@id":"https:\/\/patagoniambiental.com.ar\/info\/#website"},"primaryImageOfPage":{"@id":"https:\/\/patagoniambiental.com.ar\/info\/agrupaciones-mapuches-amenazaron-con-que-seguiran-con-su-plan-de-recuperacion-de-tierras-hasta-entregar-la-vida\/#primaryimage"},"image":{"@id":"https:\/\/patagoniambiental.com.ar\/info\/agrupaciones-mapuches-amenazaron-con-que-seguiran-con-su-plan-de-recuperacion-de-tierras-hasta-entregar-la-vida\/#primaryimage"},"thumbnailUrl":"https:\/\/patagoniambiental.com.ar\/info\/wp-content\/uploads\/2021\/10\/TIERRAS.jpg","datePublished":"2021-10-13T00:07:12+00:00","dateModified":"2021-10-13T00:07:15+00:00","breadcrumb":{"@id":"https:\/\/patagoniambiental.com.ar\/info\/agrupaciones-mapuches-amenazaron-con-que-seguiran-con-su-plan-de-recuperacion-de-tierras-hasta-entregar-la-vida\/#breadcrumb"},"inLanguage":"es","potentialAction":[{"@type":"ReadAction","target":["https:\/\/patagoniambiental.com.ar\/info\/agrupaciones-mapuches-amenazaron-con-que-seguiran-con-su-plan-de-recuperacion-de-tierras-hasta-entregar-la-vida\/"]}]},{"@type":"ImageObject","inLanguage":"es","@id":"https:\/\/patagoniambiental.com.ar\/info\/agrupaciones-mapuches-amenazaron-con-que-seguiran-con-su-plan-de-recuperacion-de-tierras-hasta-entregar-la-vida\/#primaryimage","url":"https:\/\/patagoniambiental.com.ar\/info\/wp-content\/uploads\/2021\/10\/TIERRAS.jpg","contentUrl":"https:\/\/patagoniambiental.com.ar\/info\/wp-content\/uploads\/2021\/10\/TIERRAS.jpg","width":900,"height":506},{"@type":"BreadcrumbList","@id":"https:\/\/patagoniambiental.com.ar\/info\/agrupaciones-mapuches-amenazaron-con-que-seguiran-con-su-plan-de-recuperacion-de-tierras-hasta-entregar-la-vida\/#breadcrumb","itemListElement":[{"@type":"ListItem","position":1,"name":"Inicio","item":"https:\/\/patagoniambiental.com.ar\/info\/"},{"@type":"ListItem","position":2,"name":"Agrupaciones mapuches amenazaron con que seguir\u00e1n con su plan de recuperaci\u00f3n de tierras \u201chasta entregar la vida\u201d"}]},{"@type":"WebSite","@id":"https:\/\/patagoniambiental.com.ar\/info\/#website","url":"https:\/\/patagoniambiental.com.ar\/info\/","name":"Patagonia Ambiental","description":"Monitoreo y an\u00e1lisis de la situaci\u00f3n geopol\u00edtica en el mundo y su implicancia en la Patagonia","publisher":{"@id":"https:\/\/patagoniambiental.com.ar\/info\/#organization"},"potentialAction":[{"@type":"SearchAction","target":{"@type":"EntryPoint","urlTemplate":"https:\/\/patagoniambiental.com.ar\/info\/?s={search_term_string}"},"query-input":{"@type":"PropertyValueSpecification","valueRequired":true,"valueName":"search_term_string"}}],"inLanguage":"es"},{"@type":"Organization","@id":"https:\/\/patagoniambiental.com.ar\/info\/#organization","name":"Patagonia Ambiental","url":"https:\/\/patagoniambiental.com.ar\/info\/","logo":{"@type":"ImageObject","inLanguage":"es","@id":"https:\/\/patagoniambiental.com.ar\/info\/#\/schema\/logo\/image\/","url":"https:\/\/patagoniambiental.com.ar\/info\/wp-content\/uploads\/2025\/05\/LOGO-PATAGONIA-AMBIENTAL.png","contentUrl":"https:\/\/patagoniambiental.com.ar\/info\/wp-content\/uploads\/2025\/05\/LOGO-PATAGONIA-AMBIENTAL.png","width":433,"height":250,"caption":"Patagonia Ambiental"},"image":{"@id":"https:\/\/patagoniambiental.com.ar\/info\/#\/schema\/logo\/image\/"},"sameAs":["https:\/\/www.facebook.com\/patagonia.ambiental","https:\/\/x.com\/PatAmb"]},{"@type":"Person","@id":"https:\/\/patagoniambiental.com.ar\/info\/#\/schema\/person\/e5af09d700b2e82cb10c6b8800e0c691","name":"BRAIAN ESTEVEZ","sameAs":["http:\/\/www.patagoniambiental.com.ar"]}]}},"_links":{"self":[{"href":"https:\/\/patagoniambiental.com.ar\/info\/wp-json\/wp\/v2\/posts\/74360","targetHints":{"allow":["GET"]}}],"collection":[{"href":"https:\/\/patagoniambiental.com.ar\/info\/wp-json\/wp\/v2\/posts"}],"about":[{"href":"https:\/\/patagoniambiental.com.ar\/info\/wp-json\/wp\/v2\/types\/post"}],"author":[{"embeddable":true,"href":"https:\/\/patagoniambiental.com.ar\/info\/wp-json\/wp\/v2\/users\/6"}],"replies":[{"embeddable":true,"href":"https:\/\/patagoniambiental.com.ar\/info\/wp-json\/wp\/v2\/comments?post=74360"}],"version-history":[{"count":0,"href":"https:\/\/patagoniambiental.com.ar\/info\/wp-json\/wp\/v2\/posts\/74360\/revisions"}],"wp:featuredmedia":[{"embeddable":true,"href":"https:\/\/patagoniambiental.com.ar\/info\/wp-json\/wp\/v2\/media\/74361"}],"wp:attachment":[{"href":"https:\/\/patagoniambiental.com.ar\/info\/wp-json\/wp\/v2\/media?parent=74360"}],"wp:term":[{"taxonomy":"category","embeddable":true,"href":"https:\/\/patagoniambiental.com.ar\/info\/wp-json\/wp\/v2\/categories?post=74360"},{"taxonomy":"post_tag","embeddable":true,"href":"https:\/\/patagoniambiental.com.ar\/info\/wp-json\/wp\/v2\/tags?post=74360"}],"curies":[{"name":"wp","href":"https:\/\/api.w.org\/{rel}","templated":true}]}}