{"id":74363,"date":"2021-10-13T07:00:00","date_gmt":"2021-10-13T10:00:00","guid":{"rendered":"http:\/\/patagoniambiental.com.ar\/info\/?p=74363"},"modified":"2021-10-13T12:48:19","modified_gmt":"2021-10-13T15:48:19","slug":"charla-sobre-el-dominio-de-la-orbita-geoestacionaria-argentina","status":"publish","type":"post","link":"https:\/\/patagoniambiental.com.ar\/info\/charla-sobre-el-dominio-de-la-orbita-geoestacionaria-argentina\/","title":{"rendered":"Charla sobre el dominio de la \u00f3rbita geoestacionaria argentina"},"content":{"rendered":"\n<!--more-->\n\n\n\n<p><em>Bariloche, 13 de octubre de 2021.-<\/em>&nbsp;Este viernes 15 de octubre se realizar\u00e1 una charla sobre la producci\u00f3n de conocimientos y capacidades en Argentina para el dominio de la \u00f3rbita geoestacionaria, que analiza, como referencia, Nahuelsat y ARSAT, empresas emblema en la construcci\u00f3n de sat\u00e9lites artificiales argentinos. La actividad es abierta y gratuita, y se llevar\u00e1 a cabo de manera presencial con inscripci\u00f3n previa (capacidad limitada por aforo).<\/p>\n\n\n\n<p>La exposici\u00f3n estar\u00e1 a cargo de la magister Yamila C\u00e1ceres, quien presentar\u00e1 los resultados de su tesis defendida recientemente en el marco de la Maestr\u00eda en Ciencia, Tecnolog\u00eda y Sociedad en la Universidad Nacional de Quilmes: \u201cProducci\u00f3n de conocimientos y generaci\u00f3n de capacidades en Argentina para el dominio de la \u00f3rbita geoestacionaria. An\u00e1lisis del caso Nahuelsat S.A.- ARSAT S.A. (1991-2015)\u201d.<\/p>\n\n\n\n<p>La charla tendr\u00e1 como objetivo analizar las estrategias institucionales y pol\u00edticas p\u00fablicas formuladas e implementadas entre 1991 y 2015 en la Argentina orientadas a la ocupaci\u00f3n y explotaci\u00f3n de las posiciones en la \u00f3rbita geoestacionaria y bandas de frecuencia asociadas. Tambi\u00e9n se indagar\u00e1 sobre las dimensiones pol\u00edticas, institucionales y de generaci\u00f3n y uso de conocimientos y capacidades locales necesarias para el desarrollo de una tecnolog\u00eda estrat\u00e9gica en un pa\u00eds semiperif\u00e9rico como la Argentina.<\/p>\n\n\n\n<p>El encuentro ser\u00e1 el viernes 15 de octubre a las 17.30 en el aula 2&#8243;A\u00bb de Mitre 630, Bariloche.<\/p>\n\n\n\n<p>Inscripciones en:&nbsp;<a href=\"https:\/\/forms.gle\/xpTtXjCrKetYwWzh9\" target=\"_blank\" rel=\"noreferrer noopener\">https:\/\/forms.gle\/xpTtXjCrKetYwWzh9<\/a><\/p>\n\n\n\n<p>Protocolo (completar estos datos antes de ingresar al edificio):&nbsp;<a href=\"https:\/\/docs.google.com\/forms\/d\/e\/1FAIpQLSfc8Jt3t7Wfn3a8TFZi-IJY9t42dLgRe7lamo1FPv8B-8mYog\/viewform?gxids=7757\" target=\"_blank\" rel=\"noreferrer noopener\">https:\/\/docs.google.com\/forms\/d\/e\/1FAIpQLSfc8Jt3t7Wfn3a8TFZi-IJY9t42dLgRe7lamo1FPv8B-8mYog\/viewform?gxids=7757<\/a><\/p>\n\n\n\n<p><strong>Perfil<\/strong><\/p>\n\n\n\n<p>Yamila C\u00e1ceres es Profesora en Historia de la Universidad Nacional de Luj\u00e1n. Magister en Ciencia, Tecnolog\u00eda y Sociedad de la Universidad Nacional de Quilmes. Doctoranda del Programa de Doctorado en Ciencias Sociales de la Universidad de Buenos Aires. Becaria doctoral CONICET con lugar de trabajo en el Instituto de Estudios sobre la Ciencia y la Tecnolog\u00eda (IESCT-CIC-BA). Especializada en el an\u00e1lisis de pol\u00edticas de ciencia, tecnolog\u00eda e innovaci\u00f3n en \u00e1reas estrat\u00e9gicas.<em>Adjuntamos gacetilla<\/em><em>Agradecemos difusi\u00f3n<\/em><\/p>\n\n\n\n<p>&#8212;<br>Departamento de Comunicaci\u00f3nUniversidad Nacional de R\u00edo Negro &#8211; Sede Andina&nbsp;Mitre 630 1\u00ba \u00abB\u00bb &#8211; San Carlos de Bariloche(0294) 474 6118<a href=\"mailto:comunicacion.andina@unrn.edu.ar\" target=\"_blank\" rel=\"noreferrer noopener\">comunicacion.andina@unrn.edu.ar<\/a><a href=\"http:\/\/www.unrn.edu.ar\/\" target=\"_blank\" rel=\"noreferrer noopener\">www.unrn.edu.ar<\/a>Facebook: @<a href=\"https:\/\/www.facebook.com\/unrnsedeandina\" target=\"_blank\" rel=\"noreferrer noopener\">unrnsedeandina<\/a><br>Twitter: @unrnsedeandina<br>Instagram: Instagram\/@unrionegro<a href=\"http:\/\/www.unrn.tv\/\" target=\"_blank\" rel=\"noreferrer noopener\">www.unrn.tv<\/a><br>www.raund.media<\/p>\n","protected":false},"excerpt":{"rendered":"","protected":false},"author":6,"featured_media":74364,"comment_status":"open","ping_status":"open","sticky":false,"template":"","format":"standard","meta":{"site-sidebar-layout":"default","site-content-layout":"","ast-site-content-layout":"default","site-content-style":"default","site-sidebar-style":"default","ast-global-header-display":"","ast-banner-title-visibility":"","ast-main-header-display":"","ast-hfb-above-header-display":"","ast-hfb-below-header-display":"","ast-hfb-mobile-header-display":"","site-post-title":"","ast-breadcrumbs-content":"","ast-featured-img":"","footer-sml-layout":"","ast-disable-related-posts":"","theme-transparent-header-meta":"","adv-header-id-meta":"","stick-header-meta":"","header-above-stick-meta":"","header-main-stick-meta":"","header-below-stick-meta":"","astra-migrate-meta-layouts":"default","ast-page-background-enabled":"default","ast-page-background-meta":{"desktop":{"background-color":"var(--ast-global-color-5)","background-image":"","background-repeat":"repeat","background-position":"center center","background-size":"auto","background-attachment":"scroll","background-type":"","background-media":"","overlay-type":"","overlay-color":"","overlay-opacity":"","overlay-gradient":""},"tablet":{"background-color":"","background-image":"","background-repeat":"repeat","background-position":"center center","background-size":"auto","background-attachment":"scroll","background-type":"","background-media":"","overlay-type":"","overlay-color":"","overlay-opacity":"","overlay-gradient":""},"mobile":{"background-color":"","background-image":"","background-repeat":"repeat","background-position":"center center","background-size":"auto","background-attachment":"scroll","background-type":"","background-media":"","overlay-type":"","overlay-color":"","overlay-opacity":"","overlay-gradient":""}},"ast-content-background-meta":{"desktop":{"background-color":"var(--ast-global-color-4)","background-image":"","background-repeat":"repeat","background-position":"center center","background-size":"auto","background-attachment":"scroll","background-type":"","background-media":"","overlay-type":"","overlay-color":"","overlay-opacity":"","overlay-gradient":""},"tablet":{"background-color":"var(--ast-global-color-4)","background-image":"","background-repeat":"repeat","background-position":"center center","background-size":"auto","background-attachment":"scroll","background-type":"","background-media":"","overlay-type":"","overlay-color":"","overlay-opacity":"","overlay-gradient":""},"mobile":{"background-color":"var(--ast-global-color-4)","background-image":"","background-repeat":"repeat","background-position":"center center","background-size":"auto","background-attachment":"scroll","background-type":"","background-media":"","overlay-type":"","overlay-color":"","overlay-opacity":"","overlay-gradient":""}},"footnotes":""},"categories":[12,11,1,10],"tags":[],"class_list":["post-74363","post","type-post","status-publish","format-standard","has-post-thumbnail","hentry","category-agenda-ambiental","category-boletin","category-noticias","category-rotador"],"yoast_head":"<!-- This site is optimized with the Yoast SEO Premium plugin v23.0 (Yoast SEO v27.5) - https:\/\/yoast.com\/product\/yoast-seo-premium-wordpress\/ -->\n<title>Charla sobre el dominio de la \u00f3rbita geoestacionaria argentina<\/title>\n<meta name=\"robots\" content=\"index, follow, max-snippet:-1, max-image-preview:large, max-video-preview:-1\" \/>\n<link rel=\"canonical\" href=\"https:\/\/patagoniambiental.com.ar\/info\/charla-sobre-el-dominio-de-la-orbita-geoestacionaria-argentina\/\" \/>\n<meta property=\"og:locale\" content=\"es_ES\" \/>\n<meta property=\"og:type\" content=\"article\" \/>\n<meta property=\"og:title\" content=\"Charla sobre el dominio de la \u00f3rbita geoestacionaria argentina\" \/>\n<meta property=\"og:url\" content=\"https:\/\/patagoniambiental.com.ar\/info\/charla-sobre-el-dominio-de-la-orbita-geoestacionaria-argentina\/\" \/>\n<meta property=\"og:site_name\" content=\"Patagonia Ambiental\" \/>\n<meta property=\"article:publisher\" content=\"https:\/\/www.facebook.com\/patagonia.ambiental\" \/>\n<meta property=\"article:published_time\" content=\"2021-10-13T10:00:00+00:00\" \/>\n<meta property=\"article:modified_time\" content=\"2021-10-13T15:48:19+00:00\" \/>\n<meta property=\"og:image\" content=\"https:\/\/patagoniambiental.com.ar\/info\/wp-content\/uploads\/2021\/10\/Sin-titulo-8.jpg\" \/>\n\t<meta property=\"og:image:width\" content=\"1267\" \/>\n\t<meta property=\"og:image:height\" content=\"518\" \/>\n\t<meta property=\"og:image:type\" content=\"image\/jpeg\" \/>\n<meta name=\"author\" content=\"BRAIAN ESTEVEZ\" \/>\n<meta name=\"twitter:card\" content=\"summary_large_image\" \/>\n<meta name=\"twitter:creator\" content=\"@PatAmb\" \/>\n<meta name=\"twitter:site\" content=\"@PatAmb\" \/>\n<script type=\"application\/ld+json\" class=\"yoast-schema-graph\">{\"@context\":\"https:\\\/\\\/schema.org\",\"@graph\":[{\"@type\":\"Article\",\"@id\":\"https:\\\/\\\/patagoniambiental.com.ar\\\/info\\\/charla-sobre-el-dominio-de-la-orbita-geoestacionaria-argentina\\\/#article\",\"isPartOf\":{\"@id\":\"https:\\\/\\\/patagoniambiental.com.ar\\\/info\\\/charla-sobre-el-dominio-de-la-orbita-geoestacionaria-argentina\\\/\"},\"author\":{\"name\":\"BRAIAN ESTEVEZ\",\"@id\":\"https:\\\/\\\/patagoniambiental.com.ar\\\/info\\\/#\\\/schema\\\/person\\\/e5af09d700b2e82cb10c6b8800e0c691\"},\"headline\":\"Charla sobre el dominio de la \u00f3rbita geoestacionaria argentina\",\"datePublished\":\"2021-10-13T10:00:00+00:00\",\"dateModified\":\"2021-10-13T15:48:19+00:00\",\"mainEntityOfPage\":{\"@id\":\"https:\\\/\\\/patagoniambiental.com.ar\\\/info\\\/charla-sobre-el-dominio-de-la-orbita-geoestacionaria-argentina\\\/\"},\"wordCount\":411,\"commentCount\":0,\"publisher\":{\"@id\":\"https:\\\/\\\/patagoniambiental.com.ar\\\/info\\\/#organization\"},\"image\":{\"@id\":\"https:\\\/\\\/patagoniambiental.com.ar\\\/info\\\/charla-sobre-el-dominio-de-la-orbita-geoestacionaria-argentina\\\/#primaryimage\"},\"thumbnailUrl\":\"https:\\\/\\\/patagoniambiental.com.ar\\\/info\\\/wp-content\\\/uploads\\\/2021\\\/10\\\/Sin-titulo-8.jpg\",\"articleSection\":[\"Agenda Ambiental\",\"Bolet\u00edn\",\"Noticias\",\"Rotador\"],\"inLanguage\":\"es\",\"potentialAction\":[{\"@type\":\"CommentAction\",\"name\":\"Comment\",\"target\":[\"https:\\\/\\\/patagoniambiental.com.ar\\\/info\\\/charla-sobre-el-dominio-de-la-orbita-geoestacionaria-argentina\\\/#respond\"]}]},{\"@type\":\"WebPage\",\"@id\":\"https:\\\/\\\/patagoniambiental.com.ar\\\/info\\\/charla-sobre-el-dominio-de-la-orbita-geoestacionaria-argentina\\\/\",\"url\":\"https:\\\/\\\/patagoniambiental.com.ar\\\/info\\\/charla-sobre-el-dominio-de-la-orbita-geoestacionaria-argentina\\\/\",\"name\":\"Charla sobre el dominio de la \u00f3rbita geoestacionaria argentina\",\"isPartOf\":{\"@id\":\"https:\\\/\\\/patagoniambiental.com.ar\\\/info\\\/#website\"},\"primaryImageOfPage\":{\"@id\":\"https:\\\/\\\/patagoniambiental.com.ar\\\/info\\\/charla-sobre-el-dominio-de-la-orbita-geoestacionaria-argentina\\\/#primaryimage\"},\"image\":{\"@id\":\"https:\\\/\\\/patagoniambiental.com.ar\\\/info\\\/charla-sobre-el-dominio-de-la-orbita-geoestacionaria-argentina\\\/#primaryimage\"},\"thumbnailUrl\":\"https:\\\/\\\/patagoniambiental.com.ar\\\/info\\\/wp-content\\\/uploads\\\/2021\\\/10\\\/Sin-titulo-8.jpg\",\"datePublished\":\"2021-10-13T10:00:00+00:00\",\"dateModified\":\"2021-10-13T15:48:19+00:00\",\"breadcrumb\":{\"@id\":\"https:\\\/\\\/patagoniambiental.com.ar\\\/info\\\/charla-sobre-el-dominio-de-la-orbita-geoestacionaria-argentina\\\/#breadcrumb\"},\"inLanguage\":\"es\",\"potentialAction\":[{\"@type\":\"ReadAction\",\"target\":[\"https:\\\/\\\/patagoniambiental.com.ar\\\/info\\\/charla-sobre-el-dominio-de-la-orbita-geoestacionaria-argentina\\\/\"]}]},{\"@type\":\"ImageObject\",\"inLanguage\":\"es\",\"@id\":\"https:\\\/\\\/patagoniambiental.com.ar\\\/info\\\/charla-sobre-el-dominio-de-la-orbita-geoestacionaria-argentina\\\/#primaryimage\",\"url\":\"https:\\\/\\\/patagoniambiental.com.ar\\\/info\\\/wp-content\\\/uploads\\\/2021\\\/10\\\/Sin-titulo-8.jpg\",\"contentUrl\":\"https:\\\/\\\/patagoniambiental.com.ar\\\/info\\\/wp-content\\\/uploads\\\/2021\\\/10\\\/Sin-titulo-8.jpg\",\"width\":1200,\"height\":491},{\"@type\":\"BreadcrumbList\",\"@id\":\"https:\\\/\\\/patagoniambiental.com.ar\\\/info\\\/charla-sobre-el-dominio-de-la-orbita-geoestacionaria-argentina\\\/#breadcrumb\",\"itemListElement\":[{\"@type\":\"ListItem\",\"position\":1,\"name\":\"Inicio\",\"item\":\"https:\\\/\\\/patagoniambiental.com.ar\\\/info\\\/\"},{\"@type\":\"ListItem\",\"position\":2,\"name\":\"Charla sobre el dominio de la \u00f3rbita geoestacionaria argentina\"}]},{\"@type\":\"WebSite\",\"@id\":\"https:\\\/\\\/patagoniambiental.com.ar\\\/info\\\/#website\",\"url\":\"https:\\\/\\\/patagoniambiental.com.ar\\\/info\\\/\",\"name\":\"Patagonia Ambiental\",\"description\":\"Monitoreo y an\u00e1lisis de la situaci\u00f3n geopol\u00edtica en el mundo y su implicancia en la Patagonia\",\"publisher\":{\"@id\":\"https:\\\/\\\/patagoniambiental.com.ar\\\/info\\\/#organization\"},\"potentialAction\":[{\"@type\":\"SearchAction\",\"target\":{\"@type\":\"EntryPoint\",\"urlTemplate\":\"https:\\\/\\\/patagoniambiental.com.ar\\\/info\\\/?s={search_term_string}\"},\"query-input\":{\"@type\":\"PropertyValueSpecification\",\"valueRequired\":true,\"valueName\":\"search_term_string\"}}],\"inLanguage\":\"es\"},{\"@type\":\"Organization\",\"@id\":\"https:\\\/\\\/patagoniambiental.com.ar\\\/info\\\/#organization\",\"name\":\"Patagonia Ambiental\",\"url\":\"https:\\\/\\\/patagoniambiental.com.ar\\\/info\\\/\",\"logo\":{\"@type\":\"ImageObject\",\"inLanguage\":\"es\",\"@id\":\"https:\\\/\\\/patagoniambiental.com.ar\\\/info\\\/#\\\/schema\\\/logo\\\/image\\\/\",\"url\":\"https:\\\/\\\/patagoniambiental.com.ar\\\/info\\\/wp-content\\\/uploads\\\/2025\\\/05\\\/LOGO-PATAGONIA-AMBIENTAL.png\",\"contentUrl\":\"https:\\\/\\\/patagoniambiental.com.ar\\\/info\\\/wp-content\\\/uploads\\\/2025\\\/05\\\/LOGO-PATAGONIA-AMBIENTAL.png\",\"width\":433,\"height\":250,\"caption\":\"Patagonia Ambiental\"},\"image\":{\"@id\":\"https:\\\/\\\/patagoniambiental.com.ar\\\/info\\\/#\\\/schema\\\/logo\\\/image\\\/\"},\"sameAs\":[\"https:\\\/\\\/www.facebook.com\\\/patagonia.ambiental\",\"https:\\\/\\\/x.com\\\/PatAmb\"]},{\"@type\":\"Person\",\"@id\":\"https:\\\/\\\/patagoniambiental.com.ar\\\/info\\\/#\\\/schema\\\/person\\\/e5af09d700b2e82cb10c6b8800e0c691\",\"name\":\"BRAIAN ESTEVEZ\",\"sameAs\":[\"http:\\\/\\\/www.patagoniambiental.com.ar\"]}]}<\/script>\n<!-- \/ Yoast SEO Premium plugin. -->","yoast_head_json":{"title":"Charla sobre el dominio de la \u00f3rbita geoestacionaria argentina","robots":{"index":"index","follow":"follow","max-snippet":"max-snippet:-1","max-image-preview":"max-image-preview:large","max-video-preview":"max-video-preview:-1"},"canonical":"https:\/\/patagoniambiental.com.ar\/info\/charla-sobre-el-dominio-de-la-orbita-geoestacionaria-argentina\/","og_locale":"es_ES","og_type":"article","og_title":"Charla sobre el dominio de la \u00f3rbita geoestacionaria argentina","og_url":"https:\/\/patagoniambiental.com.ar\/info\/charla-sobre-el-dominio-de-la-orbita-geoestacionaria-argentina\/","og_site_name":"Patagonia Ambiental","article_publisher":"https:\/\/www.facebook.com\/patagonia.ambiental","article_published_time":"2021-10-13T10:00:00+00:00","article_modified_time":"2021-10-13T15:48:19+00:00","og_image":[{"width":1267,"height":518,"url":"https:\/\/patagoniambiental.com.ar\/info\/wp-content\/uploads\/2021\/10\/Sin-titulo-8.jpg","type":"image\/jpeg"}],"author":"BRAIAN ESTEVEZ","twitter_card":"summary_large_image","twitter_creator":"@PatAmb","twitter_site":"@PatAmb","schema":{"@context":"https:\/\/schema.org","@graph":[{"@type":"Article","@id":"https:\/\/patagoniambiental.com.ar\/info\/charla-sobre-el-dominio-de-la-orbita-geoestacionaria-argentina\/#article","isPartOf":{"@id":"https:\/\/patagoniambiental.com.ar\/info\/charla-sobre-el-dominio-de-la-orbita-geoestacionaria-argentina\/"},"author":{"name":"BRAIAN ESTEVEZ","@id":"https:\/\/patagoniambiental.com.ar\/info\/#\/schema\/person\/e5af09d700b2e82cb10c6b8800e0c691"},"headline":"Charla sobre el dominio de la \u00f3rbita geoestacionaria argentina","datePublished":"2021-10-13T10:00:00+00:00","dateModified":"2021-10-13T15:48:19+00:00","mainEntityOfPage":{"@id":"https:\/\/patagoniambiental.com.ar\/info\/charla-sobre-el-dominio-de-la-orbita-geoestacionaria-argentina\/"},"wordCount":411,"commentCount":0,"publisher":{"@id":"https:\/\/patagoniambiental.com.ar\/info\/#organization"},"image":{"@id":"https:\/\/patagoniambiental.com.ar\/info\/charla-sobre-el-dominio-de-la-orbita-geoestacionaria-argentina\/#primaryimage"},"thumbnailUrl":"https:\/\/patagoniambiental.com.ar\/info\/wp-content\/uploads\/2021\/10\/Sin-titulo-8.jpg","articleSection":["Agenda Ambiental","Bolet\u00edn","Noticias","Rotador"],"inLanguage":"es","potentialAction":[{"@type":"CommentAction","name":"Comment","target":["https:\/\/patagoniambiental.com.ar\/info\/charla-sobre-el-dominio-de-la-orbita-geoestacionaria-argentina\/#respond"]}]},{"@type":"WebPage","@id":"https:\/\/patagoniambiental.com.ar\/info\/charla-sobre-el-dominio-de-la-orbita-geoestacionaria-argentina\/","url":"https:\/\/patagoniambiental.com.ar\/info\/charla-sobre-el-dominio-de-la-orbita-geoestacionaria-argentina\/","name":"Charla sobre el dominio de la \u00f3rbita geoestacionaria argentina","isPartOf":{"@id":"https:\/\/patagoniambiental.com.ar\/info\/#website"},"primaryImageOfPage":{"@id":"https:\/\/patagoniambiental.com.ar\/info\/charla-sobre-el-dominio-de-la-orbita-geoestacionaria-argentina\/#primaryimage"},"image":{"@id":"https:\/\/patagoniambiental.com.ar\/info\/charla-sobre-el-dominio-de-la-orbita-geoestacionaria-argentina\/#primaryimage"},"thumbnailUrl":"https:\/\/patagoniambiental.com.ar\/info\/wp-content\/uploads\/2021\/10\/Sin-titulo-8.jpg","datePublished":"2021-10-13T10:00:00+00:00","dateModified":"2021-10-13T15:48:19+00:00","breadcrumb":{"@id":"https:\/\/patagoniambiental.com.ar\/info\/charla-sobre-el-dominio-de-la-orbita-geoestacionaria-argentina\/#breadcrumb"},"inLanguage":"es","potentialAction":[{"@type":"ReadAction","target":["https:\/\/patagoniambiental.com.ar\/info\/charla-sobre-el-dominio-de-la-orbita-geoestacionaria-argentina\/"]}]},{"@type":"ImageObject","inLanguage":"es","@id":"https:\/\/patagoniambiental.com.ar\/info\/charla-sobre-el-dominio-de-la-orbita-geoestacionaria-argentina\/#primaryimage","url":"https:\/\/patagoniambiental.com.ar\/info\/wp-content\/uploads\/2021\/10\/Sin-titulo-8.jpg","contentUrl":"https:\/\/patagoniambiental.com.ar\/info\/wp-content\/uploads\/2021\/10\/Sin-titulo-8.jpg","width":1200,"height":491},{"@type":"BreadcrumbList","@id":"https:\/\/patagoniambiental.com.ar\/info\/charla-sobre-el-dominio-de-la-orbita-geoestacionaria-argentina\/#breadcrumb","itemListElement":[{"@type":"ListItem","position":1,"name":"Inicio","item":"https:\/\/patagoniambiental.com.ar\/info\/"},{"@type":"ListItem","position":2,"name":"Charla sobre el dominio de la \u00f3rbita geoestacionaria argentina"}]},{"@type":"WebSite","@id":"https:\/\/patagoniambiental.com.ar\/info\/#website","url":"https:\/\/patagoniambiental.com.ar\/info\/","name":"Patagonia Ambiental","description":"Monitoreo y an\u00e1lisis de la situaci\u00f3n geopol\u00edtica en el mundo y su implicancia en la Patagonia","publisher":{"@id":"https:\/\/patagoniambiental.com.ar\/info\/#organization"},"potentialAction":[{"@type":"SearchAction","target":{"@type":"EntryPoint","urlTemplate":"https:\/\/patagoniambiental.com.ar\/info\/?s={search_term_string}"},"query-input":{"@type":"PropertyValueSpecification","valueRequired":true,"valueName":"search_term_string"}}],"inLanguage":"es"},{"@type":"Organization","@id":"https:\/\/patagoniambiental.com.ar\/info\/#organization","name":"Patagonia Ambiental","url":"https:\/\/patagoniambiental.com.ar\/info\/","logo":{"@type":"ImageObject","inLanguage":"es","@id":"https:\/\/patagoniambiental.com.ar\/info\/#\/schema\/logo\/image\/","url":"https:\/\/patagoniambiental.com.ar\/info\/wp-content\/uploads\/2025\/05\/LOGO-PATAGONIA-AMBIENTAL.png","contentUrl":"https:\/\/patagoniambiental.com.ar\/info\/wp-content\/uploads\/2025\/05\/LOGO-PATAGONIA-AMBIENTAL.png","width":433,"height":250,"caption":"Patagonia Ambiental"},"image":{"@id":"https:\/\/patagoniambiental.com.ar\/info\/#\/schema\/logo\/image\/"},"sameAs":["https:\/\/www.facebook.com\/patagonia.ambiental","https:\/\/x.com\/PatAmb"]},{"@type":"Person","@id":"https:\/\/patagoniambiental.com.ar\/info\/#\/schema\/person\/e5af09d700b2e82cb10c6b8800e0c691","name":"BRAIAN ESTEVEZ","sameAs":["http:\/\/www.patagoniambiental.com.ar"]}]}},"_links":{"self":[{"href":"https:\/\/patagoniambiental.com.ar\/info\/wp-json\/wp\/v2\/posts\/74363","targetHints":{"allow":["GET"]}}],"collection":[{"href":"https:\/\/patagoniambiental.com.ar\/info\/wp-json\/wp\/v2\/posts"}],"about":[{"href":"https:\/\/patagoniambiental.com.ar\/info\/wp-json\/wp\/v2\/types\/post"}],"author":[{"embeddable":true,"href":"https:\/\/patagoniambiental.com.ar\/info\/wp-json\/wp\/v2\/users\/6"}],"replies":[{"embeddable":true,"href":"https:\/\/patagoniambiental.com.ar\/info\/wp-json\/wp\/v2\/comments?post=74363"}],"version-history":[{"count":0,"href":"https:\/\/patagoniambiental.com.ar\/info\/wp-json\/wp\/v2\/posts\/74363\/revisions"}],"wp:featuredmedia":[{"embeddable":true,"href":"https:\/\/patagoniambiental.com.ar\/info\/wp-json\/wp\/v2\/media\/74364"}],"wp:attachment":[{"href":"https:\/\/patagoniambiental.com.ar\/info\/wp-json\/wp\/v2\/media?parent=74363"}],"wp:term":[{"taxonomy":"category","embeddable":true,"href":"https:\/\/patagoniambiental.com.ar\/info\/wp-json\/wp\/v2\/categories?post=74363"},{"taxonomy":"post_tag","embeddable":true,"href":"https:\/\/patagoniambiental.com.ar\/info\/wp-json\/wp\/v2\/tags?post=74363"}],"curies":[{"name":"wp","href":"https:\/\/api.w.org\/{rel}","templated":true}]}}