{"id":74372,"date":"2021-10-15T13:56:55","date_gmt":"2021-10-15T16:56:55","guid":{"rendered":"http:\/\/patagoniambiental.com.ar\/info\/?p=74372"},"modified":"2021-10-15T13:57:00","modified_gmt":"2021-10-15T16:57:00","slug":"proyectos-sobre-agroecologia-preseleccionados-en-convocatoria","status":"publish","type":"post","link":"https:\/\/patagoniambiental.com.ar\/info\/proyectos-sobre-agroecologia-preseleccionados-en-convocatoria\/","title":{"rendered":"Proyectos sobre agroecolog\u00eda preseleccionados en convocatoria"},"content":{"rendered":"\n<!--more-->\n\n\n\n<p><em>Bariloche, 15 de octubre de 2021.-<\/em>&nbsp;Proyectos vinculados a la Sede Andina de la Universidad Nacional de R\u00edo Negro (UNRN) fueron preseleccionados en la convocatoria para el Desarrollo Arm\u00f3nico con Equilibrio Territorial, impulsada por el Consejo Econ\u00f3mico y Social (CES).<\/p>\n\n\n\n<p>La convocatoria apunta a consolidar iniciativas sustentables, con potencial de desarrollo econ\u00f3mico, que propicien la descentralizaci\u00f3n de las poblaciones de las grandes ciudades.<\/p>\n\n\n\n<p>Dos proyectos sobre agroecolog\u00eda, vinculados a la UNRN sede Andina, forman parte de las 105 iniciativas preseleccionadas de entre m\u00e1s de 600 presentaciones. Se trata de propuestas que dialogan con resultados de las investigaciones sobre procesos de desarrollo rural y productivo llevados adelante desde el Instituto de Investigaciones en Diversidad Cultural y Procesos del Cambio (IIDYPCA-UNRN\/CONICET), dirigidos por la doctora Paula Gabriela N\u00fa\u00f1ez, y que est\u00e1n asociados a l\u00edneas estrat\u00e9gicas de formaci\u00f3n de la Licenciatura en Agroecolog\u00eda, carrera que dirige y que se dicta en la localidad de El Bols\u00f3n.<\/p>\n\n\n\n<p>A efectos de garantizar el equilibrio territorial, la convocatoria se compromete a seleccionar por lo menos un proyecto por Eje (Agricultura familiar, agroecolog\u00eda y bioeconom\u00eda; Cadenas de valor en microrregiones y regiones; Actividades relacionadas al cuidado y bienestar; Industria del conocimiento, teletrabajo y conectividad) y por regi\u00f3n del pa\u00eds (Cuyo, NEA, NOA, Pampeana y Patagonia).<\/p>\n\n\n\n<p><strong>Los proyectos preseleccionados<\/strong><\/p>\n\n\n\n<p>Los dos proyectos presentados por municipios patag\u00f3nicos cuentan con el apoyo de integrantes de la Sede Andina y buscan propiciar la ampliaci\u00f3n de la agroecolog\u00eda como forma de desarrollo local. Uno de ellos es presentado por el Municipio de El Bols\u00f3n (R\u00edo Negro) y otro por el Municipio de Camarones (Chubut). Ambos proyectos suman un presupuesto solicitado de 300 millones de pesos.<\/p>\n\n\n\n<p>El pre-proyecto elevado desde el Municipio de El Bols\u00f3n se titula \u201cLa agroecolog\u00eda como estrategia de desarrollo econ\u00f3mico e integraci\u00f3n territorial en R\u00edo Negro\u201d y propone consolidar el proceso de arraigo de la migraci\u00f3n existente y de la poblaci\u00f3n rural regional a partir de mejorar quince establecimientos agroecol\u00f3gicos estrat\u00e9gicos, articulando la producci\u00f3n agroecol\u00f3gica a procesos de patrimonializaci\u00f3n y turismo. En este proyecto la UNRN se suma a una red en la que, adem\u00e1s del Municipio de El Bols\u00f3n, se encuentra el INTA, el Ministerio de Producci\u00f3n de la Provincia de R\u00edo Negro y el SPLIF, adem\u00e1s de los quince grupos emprendedores de diferente tama\u00f1o, agrupados con el fin de alcanzar un desarrollo local con un alto potencial de articulaci\u00f3n provincial y regional.<\/p>\n\n\n\n<p>El pre-proyecto elevado desde el Municipio de Camarones se titula \u201cCamarones huerta integral saludable participativa\u201d y tiene como objetivo fortalecer la resiliencia local a trav\u00e9s de la producci\u00f3n agroecol\u00f3gica y la promoci\u00f3n de una alimentaci\u00f3n m\u00e1s saludable. Esta propuesta se basa en la iniciativa de los grupos \u201cTransici\u00f3n Camarones\u201d y \u201cRewilding Argentina\u201d como parte del Consejo Consultivo Ambiental de Camarones, que resulta un espacio de di\u00e1logo multisectorial horizontal y participativo creado por ordenanza, que tiene como objetivo la promoci\u00f3n de la agroecolog\u00eda local.<\/p>\n\n\n\n<p>Los grupos responsables en ambos proyectos se encuentran actualmente redactando el formato final de los proyectos que concursar\u00e1n y en ambos casos se propone una estrategia de pasant\u00edas, de modo que cada iniciativa impacte positivamente en la formaci\u00f3n de las y los estudiantes de la carrera de Agroecolog\u00eda que se dicta en El Bols\u00f3n.<em>Adjuntamos gacetilla<br>Foto: Paula Nu\u00f1ez<br><\/em><br>&#8212;<br>Departamento de Comunicaci\u00f3nUniversidad Nacional de R\u00edo Negro &#8211; Sede Andina\u00a0Mitre 630 1\u00ba \u00abB\u00bb &#8211; San Carlos de Bariloche(0294) 474 6118<a rel=\"noreferrer noopener\" href=\"mailto:comunicacion.andina@unrn.edu.ar\" target=\"_blank\">comunicacion.andina@unrn.edu.ar<\/a><a rel=\"noreferrer noopener\" href=\"http:\/\/www.unrn.edu.ar\/\" target=\"_blank\">www.unrn.edu.ar<\/a>Facebook: @<a rel=\"noreferrer noopener\" href=\"https:\/\/www.facebook.com\/unrnsedeandina\" target=\"_blank\">unrnsedeandina<\/a><br>Twitter: @unrnsedeandina<br>Instagram: Instagram\/@unrionegro<a rel=\"noreferrer noopener\" href=\"http:\/\/www.unrn.tv\/\" target=\"_blank\">www.unrn.tv<\/a><br>www.raund.media<\/p>\n","protected":false},"excerpt":{"rendered":"","protected":false},"author":6,"featured_media":74373,"comment_status":"open","ping_status":"open","sticky":false,"template":"","format":"standard","meta":{"site-sidebar-layout":"default","site-content-layout":"","ast-site-content-layout":"default","site-content-style":"default","site-sidebar-style":"default","ast-global-header-display":"","ast-banner-title-visibility":"","ast-main-header-display":"","ast-hfb-above-header-display":"","ast-hfb-below-header-display":"","ast-hfb-mobile-header-display":"","site-post-title":"","ast-breadcrumbs-content":"","ast-featured-img":"","footer-sml-layout":"","ast-disable-related-posts":"","theme-transparent-header-meta":"","adv-header-id-meta":"","stick-header-meta":"","header-above-stick-meta":"","header-main-stick-meta":"","header-below-stick-meta":"","astra-migrate-meta-layouts":"default","ast-page-background-enabled":"default","ast-page-background-meta":{"desktop":{"background-color":"var(--ast-global-color-5)","background-image":"","background-repeat":"repeat","background-position":"center center","background-size":"auto","background-attachment":"scroll","background-type":"","background-media":"","overlay-type":"","overlay-color":"","overlay-opacity":"","overlay-gradient":""},"tablet":{"background-color":"","background-image":"","background-repeat":"repeat","background-position":"center center","background-size":"auto","background-attachment":"scroll","background-type":"","background-media":"","overlay-type":"","overlay-color":"","overlay-opacity":"","overlay-gradient":""},"mobile":{"background-color":"","background-image":"","background-repeat":"repeat","background-position":"center center","background-size":"auto","background-attachment":"scroll","background-type":"","background-media":"","overlay-type":"","overlay-color":"","overlay-opacity":"","overlay-gradient":""}},"ast-content-background-meta":{"desktop":{"background-color":"var(--ast-global-color-4)","background-image":"","background-repeat":"repeat","background-position":"center center","background-size":"auto","background-attachment":"scroll","background-type":"","background-media":"","overlay-type":"","overlay-color":"","overlay-opacity":"","overlay-gradient":""},"tablet":{"background-color":"var(--ast-global-color-4)","background-image":"","background-repeat":"repeat","background-position":"center center","background-size":"auto","background-attachment":"scroll","background-type":"","background-media":"","overlay-type":"","overlay-color":"","overlay-opacity":"","overlay-gradient":""},"mobile":{"background-color":"var(--ast-global-color-4)","background-image":"","background-repeat":"repeat","background-position":"center center","background-size":"auto","background-attachment":"scroll","background-type":"","background-media":"","overlay-type":"","overlay-color":"","overlay-opacity":"","overlay-gradient":""}},"footnotes":""},"categories":[1,13,14],"tags":[],"class_list":["post-74372","post","type-post","status-publish","format-standard","has-post-thumbnail","hentry","category-noticias","category-provinciales","category-rio-negro"],"yoast_head":"<!-- This site is optimized with the Yoast SEO Premium plugin v23.0 (Yoast SEO v27.5) - https:\/\/yoast.com\/product\/yoast-seo-premium-wordpress\/ -->\n<title>Proyectos sobre agroecolog\u00eda preseleccionados en convocatoria<\/title>\n<meta name=\"robots\" content=\"index, follow, max-snippet:-1, max-image-preview:large, max-video-preview:-1\" \/>\n<link rel=\"canonical\" href=\"https:\/\/patagoniambiental.com.ar\/info\/proyectos-sobre-agroecologia-preseleccionados-en-convocatoria\/\" \/>\n<meta property=\"og:locale\" content=\"es_ES\" \/>\n<meta property=\"og:type\" content=\"article\" \/>\n<meta property=\"og:title\" content=\"Proyectos sobre agroecolog\u00eda preseleccionados en convocatoria\" \/>\n<meta property=\"og:url\" content=\"https:\/\/patagoniambiental.com.ar\/info\/proyectos-sobre-agroecologia-preseleccionados-en-convocatoria\/\" \/>\n<meta property=\"og:site_name\" content=\"Patagonia Ambiental\" \/>\n<meta property=\"article:publisher\" content=\"https:\/\/www.facebook.com\/patagonia.ambiental\" \/>\n<meta property=\"article:published_time\" content=\"2021-10-15T16:56:55+00:00\" \/>\n<meta property=\"article:modified_time\" content=\"2021-10-15T16:57:00+00:00\" \/>\n<meta property=\"og:image\" content=\"https:\/\/patagoniambiental.com.ar\/info\/wp-content\/uploads\/2021\/10\/thumbnail_Huerta-comunitaria-UNRN-sede-andina-web.png\" \/>\n\t<meta property=\"og:image:width\" content=\"640\" \/>\n\t<meta property=\"og:image:height\" content=\"360\" \/>\n\t<meta property=\"og:image:type\" content=\"image\/png\" \/>\n<meta name=\"author\" content=\"BRAIAN ESTEVEZ\" \/>\n<meta name=\"twitter:card\" content=\"summary_large_image\" \/>\n<meta name=\"twitter:creator\" content=\"@PatAmb\" \/>\n<meta name=\"twitter:site\" content=\"@PatAmb\" \/>\n<script type=\"application\/ld+json\" class=\"yoast-schema-graph\">{\"@context\":\"https:\\\/\\\/schema.org\",\"@graph\":[{\"@type\":\"Article\",\"@id\":\"https:\\\/\\\/patagoniambiental.com.ar\\\/info\\\/proyectos-sobre-agroecologia-preseleccionados-en-convocatoria\\\/#article\",\"isPartOf\":{\"@id\":\"https:\\\/\\\/patagoniambiental.com.ar\\\/info\\\/proyectos-sobre-agroecologia-preseleccionados-en-convocatoria\\\/\"},\"author\":{\"name\":\"BRAIAN ESTEVEZ\",\"@id\":\"https:\\\/\\\/patagoniambiental.com.ar\\\/info\\\/#\\\/schema\\\/person\\\/e5af09d700b2e82cb10c6b8800e0c691\"},\"headline\":\"Proyectos sobre agroecolog\u00eda preseleccionados en convocatoria\",\"datePublished\":\"2021-10-15T16:56:55+00:00\",\"dateModified\":\"2021-10-15T16:57:00+00:00\",\"mainEntityOfPage\":{\"@id\":\"https:\\\/\\\/patagoniambiental.com.ar\\\/info\\\/proyectos-sobre-agroecologia-preseleccionados-en-convocatoria\\\/\"},\"wordCount\":637,\"commentCount\":0,\"publisher\":{\"@id\":\"https:\\\/\\\/patagoniambiental.com.ar\\\/info\\\/#organization\"},\"image\":{\"@id\":\"https:\\\/\\\/patagoniambiental.com.ar\\\/info\\\/proyectos-sobre-agroecologia-preseleccionados-en-convocatoria\\\/#primaryimage\"},\"thumbnailUrl\":\"https:\\\/\\\/patagoniambiental.com.ar\\\/info\\\/wp-content\\\/uploads\\\/2021\\\/10\\\/thumbnail_Huerta-comunitaria-UNRN-sede-andina-web.png\",\"articleSection\":[\"Noticias\",\"Provinciales\",\"R\u00edo Negro\"],\"inLanguage\":\"es\",\"potentialAction\":[{\"@type\":\"CommentAction\",\"name\":\"Comment\",\"target\":[\"https:\\\/\\\/patagoniambiental.com.ar\\\/info\\\/proyectos-sobre-agroecologia-preseleccionados-en-convocatoria\\\/#respond\"]}]},{\"@type\":\"WebPage\",\"@id\":\"https:\\\/\\\/patagoniambiental.com.ar\\\/info\\\/proyectos-sobre-agroecologia-preseleccionados-en-convocatoria\\\/\",\"url\":\"https:\\\/\\\/patagoniambiental.com.ar\\\/info\\\/proyectos-sobre-agroecologia-preseleccionados-en-convocatoria\\\/\",\"name\":\"Proyectos sobre agroecolog\u00eda preseleccionados en convocatoria\",\"isPartOf\":{\"@id\":\"https:\\\/\\\/patagoniambiental.com.ar\\\/info\\\/#website\"},\"primaryImageOfPage\":{\"@id\":\"https:\\\/\\\/patagoniambiental.com.ar\\\/info\\\/proyectos-sobre-agroecologia-preseleccionados-en-convocatoria\\\/#primaryimage\"},\"image\":{\"@id\":\"https:\\\/\\\/patagoniambiental.com.ar\\\/info\\\/proyectos-sobre-agroecologia-preseleccionados-en-convocatoria\\\/#primaryimage\"},\"thumbnailUrl\":\"https:\\\/\\\/patagoniambiental.com.ar\\\/info\\\/wp-content\\\/uploads\\\/2021\\\/10\\\/thumbnail_Huerta-comunitaria-UNRN-sede-andina-web.png\",\"datePublished\":\"2021-10-15T16:56:55+00:00\",\"dateModified\":\"2021-10-15T16:57:00+00:00\",\"breadcrumb\":{\"@id\":\"https:\\\/\\\/patagoniambiental.com.ar\\\/info\\\/proyectos-sobre-agroecologia-preseleccionados-en-convocatoria\\\/#breadcrumb\"},\"inLanguage\":\"es\",\"potentialAction\":[{\"@type\":\"ReadAction\",\"target\":[\"https:\\\/\\\/patagoniambiental.com.ar\\\/info\\\/proyectos-sobre-agroecologia-preseleccionados-en-convocatoria\\\/\"]}]},{\"@type\":\"ImageObject\",\"inLanguage\":\"es\",\"@id\":\"https:\\\/\\\/patagoniambiental.com.ar\\\/info\\\/proyectos-sobre-agroecologia-preseleccionados-en-convocatoria\\\/#primaryimage\",\"url\":\"https:\\\/\\\/patagoniambiental.com.ar\\\/info\\\/wp-content\\\/uploads\\\/2021\\\/10\\\/thumbnail_Huerta-comunitaria-UNRN-sede-andina-web.png\",\"contentUrl\":\"https:\\\/\\\/patagoniambiental.com.ar\\\/info\\\/wp-content\\\/uploads\\\/2021\\\/10\\\/thumbnail_Huerta-comunitaria-UNRN-sede-andina-web.png\",\"width\":640,\"height\":360},{\"@type\":\"BreadcrumbList\",\"@id\":\"https:\\\/\\\/patagoniambiental.com.ar\\\/info\\\/proyectos-sobre-agroecologia-preseleccionados-en-convocatoria\\\/#breadcrumb\",\"itemListElement\":[{\"@type\":\"ListItem\",\"position\":1,\"name\":\"Inicio\",\"item\":\"https:\\\/\\\/patagoniambiental.com.ar\\\/info\\\/\"},{\"@type\":\"ListItem\",\"position\":2,\"name\":\"Proyectos sobre agroecolog\u00eda preseleccionados en convocatoria\"}]},{\"@type\":\"WebSite\",\"@id\":\"https:\\\/\\\/patagoniambiental.com.ar\\\/info\\\/#website\",\"url\":\"https:\\\/\\\/patagoniambiental.com.ar\\\/info\\\/\",\"name\":\"Patagonia Ambiental\",\"description\":\"Monitoreo y an\u00e1lisis de la situaci\u00f3n geopol\u00edtica en el mundo y su implicancia en la Patagonia\",\"publisher\":{\"@id\":\"https:\\\/\\\/patagoniambiental.com.ar\\\/info\\\/#organization\"},\"potentialAction\":[{\"@type\":\"SearchAction\",\"target\":{\"@type\":\"EntryPoint\",\"urlTemplate\":\"https:\\\/\\\/patagoniambiental.com.ar\\\/info\\\/?s={search_term_string}\"},\"query-input\":{\"@type\":\"PropertyValueSpecification\",\"valueRequired\":true,\"valueName\":\"search_term_string\"}}],\"inLanguage\":\"es\"},{\"@type\":\"Organization\",\"@id\":\"https:\\\/\\\/patagoniambiental.com.ar\\\/info\\\/#organization\",\"name\":\"Patagonia Ambiental\",\"url\":\"https:\\\/\\\/patagoniambiental.com.ar\\\/info\\\/\",\"logo\":{\"@type\":\"ImageObject\",\"inLanguage\":\"es\",\"@id\":\"https:\\\/\\\/patagoniambiental.com.ar\\\/info\\\/#\\\/schema\\\/logo\\\/image\\\/\",\"url\":\"https:\\\/\\\/patagoniambiental.com.ar\\\/info\\\/wp-content\\\/uploads\\\/2025\\\/05\\\/LOGO-PATAGONIA-AMBIENTAL.png\",\"contentUrl\":\"https:\\\/\\\/patagoniambiental.com.ar\\\/info\\\/wp-content\\\/uploads\\\/2025\\\/05\\\/LOGO-PATAGONIA-AMBIENTAL.png\",\"width\":433,\"height\":250,\"caption\":\"Patagonia Ambiental\"},\"image\":{\"@id\":\"https:\\\/\\\/patagoniambiental.com.ar\\\/info\\\/#\\\/schema\\\/logo\\\/image\\\/\"},\"sameAs\":[\"https:\\\/\\\/www.facebook.com\\\/patagonia.ambiental\",\"https:\\\/\\\/x.com\\\/PatAmb\"]},{\"@type\":\"Person\",\"@id\":\"https:\\\/\\\/patagoniambiental.com.ar\\\/info\\\/#\\\/schema\\\/person\\\/e5af09d700b2e82cb10c6b8800e0c691\",\"name\":\"BRAIAN ESTEVEZ\",\"sameAs\":[\"http:\\\/\\\/www.patagoniambiental.com.ar\"]}]}<\/script>\n<!-- \/ Yoast SEO Premium plugin. -->","yoast_head_json":{"title":"Proyectos sobre agroecolog\u00eda preseleccionados en convocatoria","robots":{"index":"index","follow":"follow","max-snippet":"max-snippet:-1","max-image-preview":"max-image-preview:large","max-video-preview":"max-video-preview:-1"},"canonical":"https:\/\/patagoniambiental.com.ar\/info\/proyectos-sobre-agroecologia-preseleccionados-en-convocatoria\/","og_locale":"es_ES","og_type":"article","og_title":"Proyectos sobre agroecolog\u00eda preseleccionados en convocatoria","og_url":"https:\/\/patagoniambiental.com.ar\/info\/proyectos-sobre-agroecologia-preseleccionados-en-convocatoria\/","og_site_name":"Patagonia Ambiental","article_publisher":"https:\/\/www.facebook.com\/patagonia.ambiental","article_published_time":"2021-10-15T16:56:55+00:00","article_modified_time":"2021-10-15T16:57:00+00:00","og_image":[{"width":640,"height":360,"url":"https:\/\/patagoniambiental.com.ar\/info\/wp-content\/uploads\/2021\/10\/thumbnail_Huerta-comunitaria-UNRN-sede-andina-web.png","type":"image\/png"}],"author":"BRAIAN ESTEVEZ","twitter_card":"summary_large_image","twitter_creator":"@PatAmb","twitter_site":"@PatAmb","schema":{"@context":"https:\/\/schema.org","@graph":[{"@type":"Article","@id":"https:\/\/patagoniambiental.com.ar\/info\/proyectos-sobre-agroecologia-preseleccionados-en-convocatoria\/#article","isPartOf":{"@id":"https:\/\/patagoniambiental.com.ar\/info\/proyectos-sobre-agroecologia-preseleccionados-en-convocatoria\/"},"author":{"name":"BRAIAN ESTEVEZ","@id":"https:\/\/patagoniambiental.com.ar\/info\/#\/schema\/person\/e5af09d700b2e82cb10c6b8800e0c691"},"headline":"Proyectos sobre agroecolog\u00eda preseleccionados en convocatoria","datePublished":"2021-10-15T16:56:55+00:00","dateModified":"2021-10-15T16:57:00+00:00","mainEntityOfPage":{"@id":"https:\/\/patagoniambiental.com.ar\/info\/proyectos-sobre-agroecologia-preseleccionados-en-convocatoria\/"},"wordCount":637,"commentCount":0,"publisher":{"@id":"https:\/\/patagoniambiental.com.ar\/info\/#organization"},"image":{"@id":"https:\/\/patagoniambiental.com.ar\/info\/proyectos-sobre-agroecologia-preseleccionados-en-convocatoria\/#primaryimage"},"thumbnailUrl":"https:\/\/patagoniambiental.com.ar\/info\/wp-content\/uploads\/2021\/10\/thumbnail_Huerta-comunitaria-UNRN-sede-andina-web.png","articleSection":["Noticias","Provinciales","R\u00edo Negro"],"inLanguage":"es","potentialAction":[{"@type":"CommentAction","name":"Comment","target":["https:\/\/patagoniambiental.com.ar\/info\/proyectos-sobre-agroecologia-preseleccionados-en-convocatoria\/#respond"]}]},{"@type":"WebPage","@id":"https:\/\/patagoniambiental.com.ar\/info\/proyectos-sobre-agroecologia-preseleccionados-en-convocatoria\/","url":"https:\/\/patagoniambiental.com.ar\/info\/proyectos-sobre-agroecologia-preseleccionados-en-convocatoria\/","name":"Proyectos sobre agroecolog\u00eda preseleccionados en convocatoria","isPartOf":{"@id":"https:\/\/patagoniambiental.com.ar\/info\/#website"},"primaryImageOfPage":{"@id":"https:\/\/patagoniambiental.com.ar\/info\/proyectos-sobre-agroecologia-preseleccionados-en-convocatoria\/#primaryimage"},"image":{"@id":"https:\/\/patagoniambiental.com.ar\/info\/proyectos-sobre-agroecologia-preseleccionados-en-convocatoria\/#primaryimage"},"thumbnailUrl":"https:\/\/patagoniambiental.com.ar\/info\/wp-content\/uploads\/2021\/10\/thumbnail_Huerta-comunitaria-UNRN-sede-andina-web.png","datePublished":"2021-10-15T16:56:55+00:00","dateModified":"2021-10-15T16:57:00+00:00","breadcrumb":{"@id":"https:\/\/patagoniambiental.com.ar\/info\/proyectos-sobre-agroecologia-preseleccionados-en-convocatoria\/#breadcrumb"},"inLanguage":"es","potentialAction":[{"@type":"ReadAction","target":["https:\/\/patagoniambiental.com.ar\/info\/proyectos-sobre-agroecologia-preseleccionados-en-convocatoria\/"]}]},{"@type":"ImageObject","inLanguage":"es","@id":"https:\/\/patagoniambiental.com.ar\/info\/proyectos-sobre-agroecologia-preseleccionados-en-convocatoria\/#primaryimage","url":"https:\/\/patagoniambiental.com.ar\/info\/wp-content\/uploads\/2021\/10\/thumbnail_Huerta-comunitaria-UNRN-sede-andina-web.png","contentUrl":"https:\/\/patagoniambiental.com.ar\/info\/wp-content\/uploads\/2021\/10\/thumbnail_Huerta-comunitaria-UNRN-sede-andina-web.png","width":640,"height":360},{"@type":"BreadcrumbList","@id":"https:\/\/patagoniambiental.com.ar\/info\/proyectos-sobre-agroecologia-preseleccionados-en-convocatoria\/#breadcrumb","itemListElement":[{"@type":"ListItem","position":1,"name":"Inicio","item":"https:\/\/patagoniambiental.com.ar\/info\/"},{"@type":"ListItem","position":2,"name":"Proyectos sobre agroecolog\u00eda preseleccionados en convocatoria"}]},{"@type":"WebSite","@id":"https:\/\/patagoniambiental.com.ar\/info\/#website","url":"https:\/\/patagoniambiental.com.ar\/info\/","name":"Patagonia Ambiental","description":"Monitoreo y an\u00e1lisis de la situaci\u00f3n geopol\u00edtica en el mundo y su implicancia en la Patagonia","publisher":{"@id":"https:\/\/patagoniambiental.com.ar\/info\/#organization"},"potentialAction":[{"@type":"SearchAction","target":{"@type":"EntryPoint","urlTemplate":"https:\/\/patagoniambiental.com.ar\/info\/?s={search_term_string}"},"query-input":{"@type":"PropertyValueSpecification","valueRequired":true,"valueName":"search_term_string"}}],"inLanguage":"es"},{"@type":"Organization","@id":"https:\/\/patagoniambiental.com.ar\/info\/#organization","name":"Patagonia Ambiental","url":"https:\/\/patagoniambiental.com.ar\/info\/","logo":{"@type":"ImageObject","inLanguage":"es","@id":"https:\/\/patagoniambiental.com.ar\/info\/#\/schema\/logo\/image\/","url":"https:\/\/patagoniambiental.com.ar\/info\/wp-content\/uploads\/2025\/05\/LOGO-PATAGONIA-AMBIENTAL.png","contentUrl":"https:\/\/patagoniambiental.com.ar\/info\/wp-content\/uploads\/2025\/05\/LOGO-PATAGONIA-AMBIENTAL.png","width":433,"height":250,"caption":"Patagonia Ambiental"},"image":{"@id":"https:\/\/patagoniambiental.com.ar\/info\/#\/schema\/logo\/image\/"},"sameAs":["https:\/\/www.facebook.com\/patagonia.ambiental","https:\/\/x.com\/PatAmb"]},{"@type":"Person","@id":"https:\/\/patagoniambiental.com.ar\/info\/#\/schema\/person\/e5af09d700b2e82cb10c6b8800e0c691","name":"BRAIAN ESTEVEZ","sameAs":["http:\/\/www.patagoniambiental.com.ar"]}]}},"_links":{"self":[{"href":"https:\/\/patagoniambiental.com.ar\/info\/wp-json\/wp\/v2\/posts\/74372","targetHints":{"allow":["GET"]}}],"collection":[{"href":"https:\/\/patagoniambiental.com.ar\/info\/wp-json\/wp\/v2\/posts"}],"about":[{"href":"https:\/\/patagoniambiental.com.ar\/info\/wp-json\/wp\/v2\/types\/post"}],"author":[{"embeddable":true,"href":"https:\/\/patagoniambiental.com.ar\/info\/wp-json\/wp\/v2\/users\/6"}],"replies":[{"embeddable":true,"href":"https:\/\/patagoniambiental.com.ar\/info\/wp-json\/wp\/v2\/comments?post=74372"}],"version-history":[{"count":0,"href":"https:\/\/patagoniambiental.com.ar\/info\/wp-json\/wp\/v2\/posts\/74372\/revisions"}],"wp:featuredmedia":[{"embeddable":true,"href":"https:\/\/patagoniambiental.com.ar\/info\/wp-json\/wp\/v2\/media\/74373"}],"wp:attachment":[{"href":"https:\/\/patagoniambiental.com.ar\/info\/wp-json\/wp\/v2\/media?parent=74372"}],"wp:term":[{"taxonomy":"category","embeddable":true,"href":"https:\/\/patagoniambiental.com.ar\/info\/wp-json\/wp\/v2\/categories?post=74372"},{"taxonomy":"post_tag","embeddable":true,"href":"https:\/\/patagoniambiental.com.ar\/info\/wp-json\/wp\/v2\/tags?post=74372"}],"curies":[{"name":"wp","href":"https:\/\/api.w.org\/{rel}","templated":true}]}}