{"id":74397,"date":"2021-10-20T19:00:00","date_gmt":"2021-10-20T22:00:00","guid":{"rendered":"http:\/\/patagoniambiental.com.ar\/info\/?p=74397"},"modified":"2021-10-19T19:01:21","modified_gmt":"2021-10-19T22:01:21","slug":"la-primera-ypf-del-futuro-en-la-patagonia-se-concretara-en-la-costanera-de-rio-gallegos","status":"publish","type":"post","link":"https:\/\/patagoniambiental.com.ar\/info\/la-primera-ypf-del-futuro-en-la-patagonia-se-concretara-en-la-costanera-de-rio-gallegos\/","title":{"rendered":"La primera YPF del Futuro en la Patagonia se concretar\u00e1 en la costanera de R\u00edo Gallegos"},"content":{"rendered":"\n<!--more-->\n\n\n\n<p>Rio Gallegos.-La obra est\u00e1 prevista para el 2022 y llevar\u00e1 a la remodelaci\u00f3n de la estaci\u00f3n de servicio del Autom\u00f3vil Club R\u00edo Gallegos, con el fin de contar con nuevas tecnolog\u00edas en el servicio y un espacio visual de cara a la r\u00eda. Inversiones millonarias en Santa Cruz, m\u00e1s estaciones de servicio en la ciudad capital y obras tendientes a la transici\u00f3n econ\u00f3mica de YPF de cara al centenario.<\/p>\n\n\n\n<ul class=\"wp-block-list\"><li><small><time>19\/10\/2021 \u2022 06:45<\/time><\/small><\/li><\/ul>\n\n\n\n<figure class=\"wp-block-image\"><img decoding=\"async\" src=\"https:\/\/www.tiemposur.com.ar\/uploads\/noticia_galeria\/2021\/10\/18\/file_122599_main1\" alt=\"La Gobernadora en el acto. \"\/><\/figure>\n\n\n\n<p>La Gobernadora en el acto.<\/p>\n\n\n\n<p>Bajo la premisa de la modernizaci\u00f3n y mejora de los servicios,&nbsp;<strong><a href=\"https:\/\/www.tiemposur.com.ar\/buscar?s=ypf&amp;p=1\">YPF&nbsp;<\/a><\/strong>anunci\u00f3 que este a\u00f1o renovar\u00e1n la imagen de 320 estaciones de servicio de YPF hasta finales del 2022. Y en un acto que se llev\u00f3 adelante ayer por la tarde, se present\u00f3 el proyecto para desarrollar la primera YPF del Futuro en el<strong><a href=\"https:\/\/www.tiemposur.com.ar\/buscar?s=autom%C3%B3vil%20club&amp;p=1\">&nbsp;Autom\u00f3vil Club Argentino<\/a><\/strong>&nbsp;en la costanera de&nbsp;<strong><a href=\"https:\/\/www.tiemposur.com.ar\/buscar?s=r%C3%ADo%20gallegos&amp;p=1\">R\u00edo Gallegos&nbsp;<\/a><\/strong>a partir del 2022.&nbsp;&nbsp;<\/p>\n\n\n\n<p>El proyecto que impulsa YPF con el Autom\u00f3vil Club Argentino y el Municipio local, tiene como objetivo cambiar la imagen y la arquitectura de las estaciones con un nuevo paradigma donde la tecnolog\u00eda sea el factor determinante de todas las operaciones y con la mirada puesta en los clientes. &nbsp;En tal sentido, se construir\u00e1n tres islas de atenci\u00f3n y una nueva y moderna Full con iluminaci\u00f3n LED.<\/p>\n\n\n\n<p>En la presentaci\u00f3n estuvo presente la gobernadora de Santa Cruz&nbsp;<strong><a href=\"https:\/\/www.tiemposur.com.ar\/buscar?s=alicia%20kirchner&amp;p=1\">Alicia Kirchner&nbsp;<\/a><\/strong>el vicegobernador&nbsp;<strong><a href=\"https:\/\/www.tiemposur.com.ar\/buscar?s=eugenio%20quiroga&amp;p=1\">Eugenio Quiroga,<\/a><\/strong>&nbsp;el intendente&nbsp;<strong><a href=\"https:\/\/www.tiemposur.com.ar\/buscar?s=pablo%20grasso&amp;p=1\">Pablo Grasso<\/a><\/strong>, el presidente de YPF&nbsp;<strong><a href=\"https:\/\/www.tiemposur.com.ar\/buscar?s=pablo%20gonz%C3%A1lez&amp;p=1\">Pablo Gonz\u00e1lez,&nbsp;<\/a><\/strong>CEO de YPF Sergio Afrontti y el vicepresidente de Downstream en YPF, Mauricio Martin. Adem\u00e1s, estuvieron presentes dirigentes del sindicato de petroleros jer\u00e1rquicos, ministros, funcionarios y trabajadores de YPF. &nbsp;<\/p>\n\n\n\n<p>\u201cEs una obra completamente nueva privilegiando a los consumidores y al entorno de la ciudad\u201d, explic\u00f3 Mauricio Martin, quien indic\u00f3 que busca \u201cprivilegiar el entorno mucho m\u00e1s amigable y facilitar desde el bulevar San Mart\u00edn hacia la r\u00eda, y enaltecer el servicio de nuestros consumidores\u201d. Por otro lado, indic\u00f3 que priorizar\u00e1 la tecnolog\u00eda con el cliente digital.<\/p>\n\n\n\n<p>En tanto, el intendente Pablo Grasso agradeci\u00f3 \u201ca Pablo Gonz\u00e1lez porque cuando se empieza cada proyecto tiene que ser integral y articular para que cada uno ponga una parte, desde el Municipio, la Provincia y la Naci\u00f3n\u201d. &nbsp;<\/p>\n\n\n\n<p>Expres\u00f3 que tienen que \u201creinventarse modernizar y trabajar en las visiones que cada uno tiene para buscar un punto de encuentro y mejorar cada uno de los sectores con embellecimiento p\u00fablico, nuevas tecnolog\u00edas y la modernizaci\u00f3n en distintos puntos del pa\u00eds\u201d. &nbsp;<\/p>\n\n\n\n<p>Destac\u00f3 \u201cel compromiso de la empresa YPF, del Autom\u00f3vil Club que siempre pedimos el empuje necesario y el apoyo del Gobierno de la provincia\u201d para \u201cseguir reconstruyendo una ciudad que meremos todos\u201d.<\/p>\n\n\n\n<h2 class=\"wp-block-heading\"><strong>Concretar los sue\u00f1os<\/strong><\/h2>\n\n\n\n<p>Por su parte, la gobernadora de Santa Cruz, Alicia Kirchner, agradeci\u00f3 la visita de YPF y le manifest\u00f3 a Pablo Grasso que \u201cse nos van cumpliendo los sue\u00f1os\u201d<\/p>\n\n\n\n<p>\u201cLa avenida San Mart\u00edn es un s\u00edmbolo para R\u00edo Gallegos y por esas cosas de los tiempos en el a\u00f1o 76 se inaugur\u00f3 la estaci\u00f3n y por esa raz\u00f3n de los vientos, se dej\u00f3 de mirar a la r\u00eda, el horizonte y no mirar el futuro\u201d, manifest\u00f3 la Gobernadora, quien celebr\u00f3 que Pablo Grasso y Pablo Gonz\u00e1lez lleven \u201cesto a buen puerto\u201d.<\/p>\n\n\n\n<p>Del mismo modo, se mostr\u00f3 \u201cconvencida respecto al trabajo de las nuevas tecnolog\u00edas\u201d y la posibilidad de seguir generando empleo en la provincia.<\/p>\n\n\n\n<p>\u201cUno siempre tiene que mirar al futuro, pero no para escapar al presente, el presente siempre ayuda a marcar el camino para ver que ten\u00e9s que transformar para alcanzar ese futuro\u201d, remarc\u00f3 Alicia, quien espera \u201cver muy pronto el horizonte de esa maravillosa r\u00eda local\u201d.<\/p>\n\n\n\n<h2 class=\"wp-block-heading\"><strong>Emblema<\/strong><\/h2>\n\n\n\n<p>Por \u00faltimo, el CEO de YPF Sergio Affronti, manifest\u00f3 su \u201calegr\u00eda de estar compartiendo el lanzamiento de la primera estaci\u00f3n YPF del Futuro en la Patagonia\u201d siendo que trabajan \u201chace m\u00e1s de 85 a\u00f1os junto al ACA y queremos que contin\u00fae creciendo\u201d. &nbsp;<\/p>\n\n\n\n<p>Dio cuenta que apuntan a \u201cponer en foco al cliente con nuevas tecnolog\u00edas, mejor abastecimiento, nuevo dise\u00f1o e imagen\u201d y adelant\u00f3 que van a trabajar en 2 estaciones adicionales para contar con 7 estaciones de servicio en R\u00edo Gallegos. \u201cQueremos que la estaci\u00f3n de servicio sea un emblema para todos\u201d, sostuvo.&nbsp;<\/p>\n\n\n\n<p>Al mismo tiempo, Afrontti expuso que invertir\u00e1n m\u00e1s de 1500 millones de d\u00f3lares en la provincia.<\/p>\n\n\n\n<figure class=\"wp-block-image\"><img decoding=\"async\" src=\"https:\/\/www.tiemposur.com.ar\/uploads\/ckfinder\/userfiles\/images\/YPF.jpg\" alt=\"\"\/><\/figure>\n\n\n\n<h2 class=\"wp-block-heading\"><strong>Anuncios de YPF para Santa Cruz<\/strong><\/h2>\n\n\n\n<p>El presidente de YPF, Pablo Gonz\u00e1lez, tom\u00f3 la palabra en el acto donde adelant\u00f3 que se reunir\u00e1n con la gobernadora y directivos de I-TEC para ver la potencialidad de la provincia en materia de hidr\u00f3geno. &nbsp;<\/p>\n\n\n\n<p>\u201cNecesitamos un proyecto de inversi\u00f3n hidrocarbur\u00edfera para potenciar el no convencional y otorgar incentivos para yacimientos maduros como los nuestros en este proceso de transici\u00f3n energ\u00e9tica\u201d, expres\u00f3 Gonz\u00e1lez. &nbsp;&nbsp;<\/p>\n\n\n\n<p>Pidi\u00f3 que \u201cse le preste atenci\u00f3n a los proveedores locales y regionales para que puedan competir\u201d. &nbsp;<\/p>\n\n\n\n<p>Por otra parte, indic\u00f3 que \u201cvamos a inaugurar el Parque E\u00f3lico de Ca\u00f1ad\u00f3n Le\u00f3n\u201d junto con la L\u00ednea de 132 W.<\/p>\n\n\n\n<figure class=\"wp-block-image\"><img decoding=\"async\" src=\"https:\/\/www.tiemposur.com.ar\/uploads\/ckfinder\/userfiles\/images\/pyf.JPG\" alt=\"\"\/><figcaption>Fuente: https:\/\/www.tiemposur.com.ar\/info-general\/la-primera-ypf-del-futuro-en-la-patagonia-se-concretara-en-la-costanera-de-rio-gallegos<\/figcaption><\/figure>\n","protected":false},"excerpt":{"rendered":"","protected":false},"author":6,"featured_media":74398,"comment_status":"open","ping_status":"open","sticky":false,"template":"","format":"standard","meta":{"site-sidebar-layout":"default","site-content-layout":"","ast-site-content-layout":"default","site-content-style":"default","site-sidebar-style":"default","ast-global-header-display":"","ast-banner-title-visibility":"","ast-main-header-display":"","ast-hfb-above-header-display":"","ast-hfb-below-header-display":"","ast-hfb-mobile-header-display":"","site-post-title":"","ast-breadcrumbs-content":"","ast-featured-img":"","footer-sml-layout":"","ast-disable-related-posts":"","theme-transparent-header-meta":"","adv-header-id-meta":"","stick-header-meta":"","header-above-stick-meta":"","header-main-stick-meta":"","header-below-stick-meta":"","astra-migrate-meta-layouts":"default","ast-page-background-enabled":"default","ast-page-background-meta":{"desktop":{"background-color":"var(--ast-global-color-5)","background-image":"","background-repeat":"repeat","background-position":"center center","background-size":"auto","background-attachment":"scroll","background-type":"","background-media":"","overlay-type":"","overlay-color":"","overlay-opacity":"","overlay-gradient":""},"tablet":{"background-color":"","background-image":"","background-repeat":"repeat","background-position":"center center","background-size":"auto","background-attachment":"scroll","background-type":"","background-media":"","overlay-type":"","overlay-color":"","overlay-opacity":"","overlay-gradient":""},"mobile":{"background-color":"","background-image":"","background-repeat":"repeat","background-position":"center center","background-size":"auto","background-attachment":"scroll","background-type":"","background-media":"","overlay-type":"","overlay-color":"","overlay-opacity":"","overlay-gradient":""}},"ast-content-background-meta":{"desktop":{"background-color":"var(--ast-global-color-4)","background-image":"","background-repeat":"repeat","background-position":"center center","background-size":"auto","background-attachment":"scroll","background-type":"","background-media":"","overlay-type":"","overlay-color":"","overlay-opacity":"","overlay-gradient":""},"tablet":{"background-color":"var(--ast-global-color-4)","background-image":"","background-repeat":"repeat","background-position":"center center","background-size":"auto","background-attachment":"scroll","background-type":"","background-media":"","overlay-type":"","overlay-color":"","overlay-opacity":"","overlay-gradient":""},"mobile":{"background-color":"var(--ast-global-color-4)","background-image":"","background-repeat":"repeat","background-position":"center center","background-size":"auto","background-attachment":"scroll","background-type":"","background-media":"","overlay-type":"","overlay-color":"","overlay-opacity":"","overlay-gradient":""}},"footnotes":""},"categories":[1,13,20],"tags":[],"class_list":["post-74397","post","type-post","status-publish","format-standard","has-post-thumbnail","hentry","category-noticias","category-provinciales","category-santa-cruz"],"yoast_head":"<!-- This site is optimized with the Yoast SEO Premium plugin v23.0 (Yoast SEO v27.5) - https:\/\/yoast.com\/product\/yoast-seo-premium-wordpress\/ -->\n<title>La primera YPF del Futuro en la Patagonia se concretar\u00e1 en la costanera de R\u00edo Gallegos<\/title>\n<meta name=\"robots\" content=\"index, follow, max-snippet:-1, max-image-preview:large, max-video-preview:-1\" \/>\n<link rel=\"canonical\" href=\"https:\/\/patagoniambiental.com.ar\/info\/la-primera-ypf-del-futuro-en-la-patagonia-se-concretara-en-la-costanera-de-rio-gallegos\/\" \/>\n<meta property=\"og:locale\" content=\"es_ES\" \/>\n<meta property=\"og:type\" content=\"article\" \/>\n<meta property=\"og:title\" content=\"La primera YPF del Futuro en la Patagonia se concretar\u00e1 en la costanera de R\u00edo Gallegos\" \/>\n<meta property=\"og:url\" content=\"https:\/\/patagoniambiental.com.ar\/info\/la-primera-ypf-del-futuro-en-la-patagonia-se-concretara-en-la-costanera-de-rio-gallegos\/\" \/>\n<meta property=\"og:site_name\" content=\"Patagonia Ambiental\" \/>\n<meta property=\"article:publisher\" content=\"https:\/\/www.facebook.com\/patagonia.ambiental\" \/>\n<meta property=\"article:published_time\" content=\"2021-10-20T22:00:00+00:00\" \/>\n<meta property=\"og:image\" content=\"https:\/\/patagoniambiental.com.ar\/info\/wp-content\/uploads\/2021\/10\/Sin-titulo-9.jpg\" \/>\n\t<meta property=\"og:image:width\" content=\"839\" \/>\n\t<meta property=\"og:image:height\" content=\"389\" \/>\n\t<meta property=\"og:image:type\" content=\"image\/jpeg\" \/>\n<meta name=\"author\" content=\"BRAIAN ESTEVEZ\" \/>\n<meta name=\"twitter:card\" content=\"summary_large_image\" \/>\n<meta name=\"twitter:creator\" content=\"@PatAmb\" \/>\n<meta name=\"twitter:site\" content=\"@PatAmb\" \/>\n<script type=\"application\/ld+json\" class=\"yoast-schema-graph\">{\"@context\":\"https:\\\/\\\/schema.org\",\"@graph\":[{\"@type\":\"Article\",\"@id\":\"https:\\\/\\\/patagoniambiental.com.ar\\\/info\\\/la-primera-ypf-del-futuro-en-la-patagonia-se-concretara-en-la-costanera-de-rio-gallegos\\\/#article\",\"isPartOf\":{\"@id\":\"https:\\\/\\\/patagoniambiental.com.ar\\\/info\\\/la-primera-ypf-del-futuro-en-la-patagonia-se-concretara-en-la-costanera-de-rio-gallegos\\\/\"},\"author\":{\"name\":\"BRAIAN ESTEVEZ\",\"@id\":\"https:\\\/\\\/patagoniambiental.com.ar\\\/info\\\/#\\\/schema\\\/person\\\/e5af09d700b2e82cb10c6b8800e0c691\"},\"headline\":\"La primera YPF del Futuro en la Patagonia se concretar\u00e1 en la costanera de R\u00edo Gallegos\",\"datePublished\":\"2021-10-20T22:00:00+00:00\",\"mainEntityOfPage\":{\"@id\":\"https:\\\/\\\/patagoniambiental.com.ar\\\/info\\\/la-primera-ypf-del-futuro-en-la-patagonia-se-concretara-en-la-costanera-de-rio-gallegos\\\/\"},\"wordCount\":922,\"commentCount\":0,\"publisher\":{\"@id\":\"https:\\\/\\\/patagoniambiental.com.ar\\\/info\\\/#organization\"},\"image\":{\"@id\":\"https:\\\/\\\/patagoniambiental.com.ar\\\/info\\\/la-primera-ypf-del-futuro-en-la-patagonia-se-concretara-en-la-costanera-de-rio-gallegos\\\/#primaryimage\"},\"thumbnailUrl\":\"https:\\\/\\\/patagoniambiental.com.ar\\\/info\\\/wp-content\\\/uploads\\\/2021\\\/10\\\/Sin-titulo-9.jpg\",\"articleSection\":[\"Noticias\",\"Provinciales\",\"Santa Cruz\"],\"inLanguage\":\"es\",\"potentialAction\":[{\"@type\":\"CommentAction\",\"name\":\"Comment\",\"target\":[\"https:\\\/\\\/patagoniambiental.com.ar\\\/info\\\/la-primera-ypf-del-futuro-en-la-patagonia-se-concretara-en-la-costanera-de-rio-gallegos\\\/#respond\"]}]},{\"@type\":\"WebPage\",\"@id\":\"https:\\\/\\\/patagoniambiental.com.ar\\\/info\\\/la-primera-ypf-del-futuro-en-la-patagonia-se-concretara-en-la-costanera-de-rio-gallegos\\\/\",\"url\":\"https:\\\/\\\/patagoniambiental.com.ar\\\/info\\\/la-primera-ypf-del-futuro-en-la-patagonia-se-concretara-en-la-costanera-de-rio-gallegos\\\/\",\"name\":\"La primera YPF del Futuro en la Patagonia se concretar\u00e1 en la costanera de R\u00edo Gallegos\",\"isPartOf\":{\"@id\":\"https:\\\/\\\/patagoniambiental.com.ar\\\/info\\\/#website\"},\"primaryImageOfPage\":{\"@id\":\"https:\\\/\\\/patagoniambiental.com.ar\\\/info\\\/la-primera-ypf-del-futuro-en-la-patagonia-se-concretara-en-la-costanera-de-rio-gallegos\\\/#primaryimage\"},\"image\":{\"@id\":\"https:\\\/\\\/patagoniambiental.com.ar\\\/info\\\/la-primera-ypf-del-futuro-en-la-patagonia-se-concretara-en-la-costanera-de-rio-gallegos\\\/#primaryimage\"},\"thumbnailUrl\":\"https:\\\/\\\/patagoniambiental.com.ar\\\/info\\\/wp-content\\\/uploads\\\/2021\\\/10\\\/Sin-titulo-9.jpg\",\"datePublished\":\"2021-10-20T22:00:00+00:00\",\"breadcrumb\":{\"@id\":\"https:\\\/\\\/patagoniambiental.com.ar\\\/info\\\/la-primera-ypf-del-futuro-en-la-patagonia-se-concretara-en-la-costanera-de-rio-gallegos\\\/#breadcrumb\"},\"inLanguage\":\"es\",\"potentialAction\":[{\"@type\":\"ReadAction\",\"target\":[\"https:\\\/\\\/patagoniambiental.com.ar\\\/info\\\/la-primera-ypf-del-futuro-en-la-patagonia-se-concretara-en-la-costanera-de-rio-gallegos\\\/\"]}]},{\"@type\":\"ImageObject\",\"inLanguage\":\"es\",\"@id\":\"https:\\\/\\\/patagoniambiental.com.ar\\\/info\\\/la-primera-ypf-del-futuro-en-la-patagonia-se-concretara-en-la-costanera-de-rio-gallegos\\\/#primaryimage\",\"url\":\"https:\\\/\\\/patagoniambiental.com.ar\\\/info\\\/wp-content\\\/uploads\\\/2021\\\/10\\\/Sin-titulo-9.jpg\",\"contentUrl\":\"https:\\\/\\\/patagoniambiental.com.ar\\\/info\\\/wp-content\\\/uploads\\\/2021\\\/10\\\/Sin-titulo-9.jpg\",\"width\":839,\"height\":389},{\"@type\":\"BreadcrumbList\",\"@id\":\"https:\\\/\\\/patagoniambiental.com.ar\\\/info\\\/la-primera-ypf-del-futuro-en-la-patagonia-se-concretara-en-la-costanera-de-rio-gallegos\\\/#breadcrumb\",\"itemListElement\":[{\"@type\":\"ListItem\",\"position\":1,\"name\":\"Inicio\",\"item\":\"https:\\\/\\\/patagoniambiental.com.ar\\\/info\\\/\"},{\"@type\":\"ListItem\",\"position\":2,\"name\":\"La primera YPF del Futuro en la Patagonia se concretar\u00e1 en la costanera de R\u00edo Gallegos\"}]},{\"@type\":\"WebSite\",\"@id\":\"https:\\\/\\\/patagoniambiental.com.ar\\\/info\\\/#website\",\"url\":\"https:\\\/\\\/patagoniambiental.com.ar\\\/info\\\/\",\"name\":\"Patagonia Ambiental\",\"description\":\"Monitoreo y an\u00e1lisis de la situaci\u00f3n geopol\u00edtica en el mundo y su implicancia en la Patagonia\",\"publisher\":{\"@id\":\"https:\\\/\\\/patagoniambiental.com.ar\\\/info\\\/#organization\"},\"potentialAction\":[{\"@type\":\"SearchAction\",\"target\":{\"@type\":\"EntryPoint\",\"urlTemplate\":\"https:\\\/\\\/patagoniambiental.com.ar\\\/info\\\/?s={search_term_string}\"},\"query-input\":{\"@type\":\"PropertyValueSpecification\",\"valueRequired\":true,\"valueName\":\"search_term_string\"}}],\"inLanguage\":\"es\"},{\"@type\":\"Organization\",\"@id\":\"https:\\\/\\\/patagoniambiental.com.ar\\\/info\\\/#organization\",\"name\":\"Patagonia Ambiental\",\"url\":\"https:\\\/\\\/patagoniambiental.com.ar\\\/info\\\/\",\"logo\":{\"@type\":\"ImageObject\",\"inLanguage\":\"es\",\"@id\":\"https:\\\/\\\/patagoniambiental.com.ar\\\/info\\\/#\\\/schema\\\/logo\\\/image\\\/\",\"url\":\"https:\\\/\\\/patagoniambiental.com.ar\\\/info\\\/wp-content\\\/uploads\\\/2025\\\/05\\\/LOGO-PATAGONIA-AMBIENTAL.png\",\"contentUrl\":\"https:\\\/\\\/patagoniambiental.com.ar\\\/info\\\/wp-content\\\/uploads\\\/2025\\\/05\\\/LOGO-PATAGONIA-AMBIENTAL.png\",\"width\":433,\"height\":250,\"caption\":\"Patagonia Ambiental\"},\"image\":{\"@id\":\"https:\\\/\\\/patagoniambiental.com.ar\\\/info\\\/#\\\/schema\\\/logo\\\/image\\\/\"},\"sameAs\":[\"https:\\\/\\\/www.facebook.com\\\/patagonia.ambiental\",\"https:\\\/\\\/x.com\\\/PatAmb\"]},{\"@type\":\"Person\",\"@id\":\"https:\\\/\\\/patagoniambiental.com.ar\\\/info\\\/#\\\/schema\\\/person\\\/e5af09d700b2e82cb10c6b8800e0c691\",\"name\":\"BRAIAN ESTEVEZ\",\"sameAs\":[\"http:\\\/\\\/www.patagoniambiental.com.ar\"]}]}<\/script>\n<!-- \/ Yoast SEO Premium plugin. -->","yoast_head_json":{"title":"La primera YPF del Futuro en la Patagonia se concretar\u00e1 en la costanera de R\u00edo Gallegos","robots":{"index":"index","follow":"follow","max-snippet":"max-snippet:-1","max-image-preview":"max-image-preview:large","max-video-preview":"max-video-preview:-1"},"canonical":"https:\/\/patagoniambiental.com.ar\/info\/la-primera-ypf-del-futuro-en-la-patagonia-se-concretara-en-la-costanera-de-rio-gallegos\/","og_locale":"es_ES","og_type":"article","og_title":"La primera YPF del Futuro en la Patagonia se concretar\u00e1 en la costanera de R\u00edo Gallegos","og_url":"https:\/\/patagoniambiental.com.ar\/info\/la-primera-ypf-del-futuro-en-la-patagonia-se-concretara-en-la-costanera-de-rio-gallegos\/","og_site_name":"Patagonia Ambiental","article_publisher":"https:\/\/www.facebook.com\/patagonia.ambiental","article_published_time":"2021-10-20T22:00:00+00:00","og_image":[{"width":839,"height":389,"url":"https:\/\/patagoniambiental.com.ar\/info\/wp-content\/uploads\/2021\/10\/Sin-titulo-9.jpg","type":"image\/jpeg"}],"author":"BRAIAN ESTEVEZ","twitter_card":"summary_large_image","twitter_creator":"@PatAmb","twitter_site":"@PatAmb","schema":{"@context":"https:\/\/schema.org","@graph":[{"@type":"Article","@id":"https:\/\/patagoniambiental.com.ar\/info\/la-primera-ypf-del-futuro-en-la-patagonia-se-concretara-en-la-costanera-de-rio-gallegos\/#article","isPartOf":{"@id":"https:\/\/patagoniambiental.com.ar\/info\/la-primera-ypf-del-futuro-en-la-patagonia-se-concretara-en-la-costanera-de-rio-gallegos\/"},"author":{"name":"BRAIAN ESTEVEZ","@id":"https:\/\/patagoniambiental.com.ar\/info\/#\/schema\/person\/e5af09d700b2e82cb10c6b8800e0c691"},"headline":"La primera YPF del Futuro en la Patagonia se concretar\u00e1 en la costanera de R\u00edo Gallegos","datePublished":"2021-10-20T22:00:00+00:00","mainEntityOfPage":{"@id":"https:\/\/patagoniambiental.com.ar\/info\/la-primera-ypf-del-futuro-en-la-patagonia-se-concretara-en-la-costanera-de-rio-gallegos\/"},"wordCount":922,"commentCount":0,"publisher":{"@id":"https:\/\/patagoniambiental.com.ar\/info\/#organization"},"image":{"@id":"https:\/\/patagoniambiental.com.ar\/info\/la-primera-ypf-del-futuro-en-la-patagonia-se-concretara-en-la-costanera-de-rio-gallegos\/#primaryimage"},"thumbnailUrl":"https:\/\/patagoniambiental.com.ar\/info\/wp-content\/uploads\/2021\/10\/Sin-titulo-9.jpg","articleSection":["Noticias","Provinciales","Santa Cruz"],"inLanguage":"es","potentialAction":[{"@type":"CommentAction","name":"Comment","target":["https:\/\/patagoniambiental.com.ar\/info\/la-primera-ypf-del-futuro-en-la-patagonia-se-concretara-en-la-costanera-de-rio-gallegos\/#respond"]}]},{"@type":"WebPage","@id":"https:\/\/patagoniambiental.com.ar\/info\/la-primera-ypf-del-futuro-en-la-patagonia-se-concretara-en-la-costanera-de-rio-gallegos\/","url":"https:\/\/patagoniambiental.com.ar\/info\/la-primera-ypf-del-futuro-en-la-patagonia-se-concretara-en-la-costanera-de-rio-gallegos\/","name":"La primera YPF del Futuro en la Patagonia se concretar\u00e1 en la costanera de R\u00edo Gallegos","isPartOf":{"@id":"https:\/\/patagoniambiental.com.ar\/info\/#website"},"primaryImageOfPage":{"@id":"https:\/\/patagoniambiental.com.ar\/info\/la-primera-ypf-del-futuro-en-la-patagonia-se-concretara-en-la-costanera-de-rio-gallegos\/#primaryimage"},"image":{"@id":"https:\/\/patagoniambiental.com.ar\/info\/la-primera-ypf-del-futuro-en-la-patagonia-se-concretara-en-la-costanera-de-rio-gallegos\/#primaryimage"},"thumbnailUrl":"https:\/\/patagoniambiental.com.ar\/info\/wp-content\/uploads\/2021\/10\/Sin-titulo-9.jpg","datePublished":"2021-10-20T22:00:00+00:00","breadcrumb":{"@id":"https:\/\/patagoniambiental.com.ar\/info\/la-primera-ypf-del-futuro-en-la-patagonia-se-concretara-en-la-costanera-de-rio-gallegos\/#breadcrumb"},"inLanguage":"es","potentialAction":[{"@type":"ReadAction","target":["https:\/\/patagoniambiental.com.ar\/info\/la-primera-ypf-del-futuro-en-la-patagonia-se-concretara-en-la-costanera-de-rio-gallegos\/"]}]},{"@type":"ImageObject","inLanguage":"es","@id":"https:\/\/patagoniambiental.com.ar\/info\/la-primera-ypf-del-futuro-en-la-patagonia-se-concretara-en-la-costanera-de-rio-gallegos\/#primaryimage","url":"https:\/\/patagoniambiental.com.ar\/info\/wp-content\/uploads\/2021\/10\/Sin-titulo-9.jpg","contentUrl":"https:\/\/patagoniambiental.com.ar\/info\/wp-content\/uploads\/2021\/10\/Sin-titulo-9.jpg","width":839,"height":389},{"@type":"BreadcrumbList","@id":"https:\/\/patagoniambiental.com.ar\/info\/la-primera-ypf-del-futuro-en-la-patagonia-se-concretara-en-la-costanera-de-rio-gallegos\/#breadcrumb","itemListElement":[{"@type":"ListItem","position":1,"name":"Inicio","item":"https:\/\/patagoniambiental.com.ar\/info\/"},{"@type":"ListItem","position":2,"name":"La primera YPF del Futuro en la Patagonia se concretar\u00e1 en la costanera de R\u00edo Gallegos"}]},{"@type":"WebSite","@id":"https:\/\/patagoniambiental.com.ar\/info\/#website","url":"https:\/\/patagoniambiental.com.ar\/info\/","name":"Patagonia Ambiental","description":"Monitoreo y an\u00e1lisis de la situaci\u00f3n geopol\u00edtica en el mundo y su implicancia en la Patagonia","publisher":{"@id":"https:\/\/patagoniambiental.com.ar\/info\/#organization"},"potentialAction":[{"@type":"SearchAction","target":{"@type":"EntryPoint","urlTemplate":"https:\/\/patagoniambiental.com.ar\/info\/?s={search_term_string}"},"query-input":{"@type":"PropertyValueSpecification","valueRequired":true,"valueName":"search_term_string"}}],"inLanguage":"es"},{"@type":"Organization","@id":"https:\/\/patagoniambiental.com.ar\/info\/#organization","name":"Patagonia Ambiental","url":"https:\/\/patagoniambiental.com.ar\/info\/","logo":{"@type":"ImageObject","inLanguage":"es","@id":"https:\/\/patagoniambiental.com.ar\/info\/#\/schema\/logo\/image\/","url":"https:\/\/patagoniambiental.com.ar\/info\/wp-content\/uploads\/2025\/05\/LOGO-PATAGONIA-AMBIENTAL.png","contentUrl":"https:\/\/patagoniambiental.com.ar\/info\/wp-content\/uploads\/2025\/05\/LOGO-PATAGONIA-AMBIENTAL.png","width":433,"height":250,"caption":"Patagonia Ambiental"},"image":{"@id":"https:\/\/patagoniambiental.com.ar\/info\/#\/schema\/logo\/image\/"},"sameAs":["https:\/\/www.facebook.com\/patagonia.ambiental","https:\/\/x.com\/PatAmb"]},{"@type":"Person","@id":"https:\/\/patagoniambiental.com.ar\/info\/#\/schema\/person\/e5af09d700b2e82cb10c6b8800e0c691","name":"BRAIAN ESTEVEZ","sameAs":["http:\/\/www.patagoniambiental.com.ar"]}]}},"_links":{"self":[{"href":"https:\/\/patagoniambiental.com.ar\/info\/wp-json\/wp\/v2\/posts\/74397","targetHints":{"allow":["GET"]}}],"collection":[{"href":"https:\/\/patagoniambiental.com.ar\/info\/wp-json\/wp\/v2\/posts"}],"about":[{"href":"https:\/\/patagoniambiental.com.ar\/info\/wp-json\/wp\/v2\/types\/post"}],"author":[{"embeddable":true,"href":"https:\/\/patagoniambiental.com.ar\/info\/wp-json\/wp\/v2\/users\/6"}],"replies":[{"embeddable":true,"href":"https:\/\/patagoniambiental.com.ar\/info\/wp-json\/wp\/v2\/comments?post=74397"}],"version-history":[{"count":0,"href":"https:\/\/patagoniambiental.com.ar\/info\/wp-json\/wp\/v2\/posts\/74397\/revisions"}],"wp:featuredmedia":[{"embeddable":true,"href":"https:\/\/patagoniambiental.com.ar\/info\/wp-json\/wp\/v2\/media\/74398"}],"wp:attachment":[{"href":"https:\/\/patagoniambiental.com.ar\/info\/wp-json\/wp\/v2\/media?parent=74397"}],"wp:term":[{"taxonomy":"category","embeddable":true,"href":"https:\/\/patagoniambiental.com.ar\/info\/wp-json\/wp\/v2\/categories?post=74397"},{"taxonomy":"post_tag","embeddable":true,"href":"https:\/\/patagoniambiental.com.ar\/info\/wp-json\/wp\/v2\/tags?post=74397"}],"curies":[{"name":"wp","href":"https:\/\/api.w.org\/{rel}","templated":true}]}}