{"id":74424,"date":"2021-10-23T19:00:00","date_gmt":"2021-10-23T22:00:00","guid":{"rendered":"http:\/\/patagoniambiental.com.ar\/info\/?p=74424"},"modified":"2021-10-22T12:29:32","modified_gmt":"2021-10-22T15:29:32","slug":"se-aprobo-el-financiamiento-para-construir-el-primer-parque-cientifico-tecnologico-agroforestal-de-patagonia-en-le-cites-ciefap","status":"publish","type":"post","link":"https:\/\/patagoniambiental.com.ar\/info\/se-aprobo-el-financiamiento-para-construir-el-primer-parque-cientifico-tecnologico-agroforestal-de-patagonia-en-le-cites-ciefap\/","title":{"rendered":"Se aprob\u00f3 el financiamiento para construir el primer Parque Cient\u00edfico Tecnol\u00f3gico Agroforestal de Patagonia en le CITES CIEFAP"},"content":{"rendered":"\n<!--more-->\n\n\n\n<p>A trav\u00e9s de la Resoluci\u00f3n RESOL-2021-630-APN-MCT, se aprob\u00f3 el financiamiento del Proyecto Consolidaci\u00f3n Federal del Organismo Interjurisdiccional Parque Cient\u00edfico Tecnol\u00f3gico Agroforestal y Delegaciones Provinciales Patag\u00f3nicas (CIEFAP), presentado en el marco del Programa de Centros Interinstitucionales en Temas Estrat\u00e9gicos, por U$S 1.806.665,00.<\/p>\n\n\n\n<hr class=\"wp-block-separator\"\/>\n\n\n\n<p>El CIEFAP es el primer Organismo Interjurisdiccional de car\u00e1cter federal en ciencia y tecnolog\u00eda, creado por ley en 2014, que tiene por objeto generar conocimiento y desarrollar tecnolog\u00edas para brindar mayor valor agregado a la producci\u00f3n regional basada en los recursos naturales renovables. Est\u00e1 conformado por las provincias de Neuqu\u00e9n, R\u00edo Negro, Chubut, Santa Cruz y Tierra del Fuego, y por los Ministerios del Interior; Ciencia, Tecnolog\u00eda e Innovaci\u00f3n; Ambiente y Desarrollo Sostenible; Agricultura, Ganader\u00eda y Pesca; por la Administraci\u00f3n de Parques Nacionales (APN) y las Universidades Nacionales de la Patagonia San Juan Bosco (UNPSJB) y del Comahue (UNCOMA). Actualmente, el CIEFAP posee una Sede central en Esquel, provincia del Chubut, y dos Delegaciones provinciales, una en San Carlos de Bariloche (R\u00edo Negro) y otra en Tolhuin (Tierra del Fuego).<\/p>\n\n\n\n<p>Su crecimiento institucional se enfocar\u00e1 hacia una mayor presencia territorial, impulsando el desarrollo y la innovaci\u00f3n, privilegiando el aprovechamiento de las oportunidades de cada territorio, con un enfoque multidisciplinario y de complementariedad para lograr mayor impacto territorial, al acortar tiempos en la generaci\u00f3n y gesti\u00f3n del conocimiento.<\/p>\n\n\n\n<p>Mediante esta financiaci\u00f3n se ejecutar\u00e1n las obras que permitir\u00e1n finalizar y poner en funcionamiento el primer Parque Cient\u00edfico Tecnol\u00f3gico Agroforestal de Patagonia en Esquel, y se ampliar\u00e1 el radio geogr\u00e1fico de acci\u00f3n del organismo, creando nuevas Delegaciones Provinciales en San Mart\u00edn de Los Andes, Neuqu\u00e9n, y en Los Antiguos, Santa Cruz.<\/p>\n\n\n\n<p>La inversi\u00f3n contempla tambi\u00e9n la ampliaci\u00f3n y mejoras edilicias en las delegaciones existentes y la adquisici\u00f3n de equipamiento para la puesta en funcionamiento de laboratorios de I+D e incubaci\u00f3n de empresas.<\/p>\n\n\n\n<figure class=\"wp-block-image\"><img decoding=\"async\" src=\"https:\/\/www.argentina.gob.ar\/sites\/default\/files\/whatsapp_image_2021-10-21_at_18.05.42.jpeg\" alt=\"Planos\"\/><figcaption>Fuente: https:\/\/www.argentina.gob.ar\/noticias\/se-aprobo-el-financiamiento-para-construir-el-primer-parque-cientifico-tecnologico<\/figcaption><\/figure>\n","protected":false},"excerpt":{"rendered":"","protected":false},"author":6,"featured_media":74425,"comment_status":"open","ping_status":"open","sticky":false,"template":"","format":"standard","meta":{"site-sidebar-layout":"default","site-content-layout":"","ast-site-content-layout":"default","site-content-style":"default","site-sidebar-style":"default","ast-global-header-display":"","ast-banner-title-visibility":"","ast-main-header-display":"","ast-hfb-above-header-display":"","ast-hfb-below-header-display":"","ast-hfb-mobile-header-display":"","site-post-title":"","ast-breadcrumbs-content":"","ast-featured-img":"","footer-sml-layout":"","ast-disable-related-posts":"","theme-transparent-header-meta":"","adv-header-id-meta":"","stick-header-meta":"","header-above-stick-meta":"","header-main-stick-meta":"","header-below-stick-meta":"","astra-migrate-meta-layouts":"default","ast-page-background-enabled":"default","ast-page-background-meta":{"desktop":{"background-color":"var(--ast-global-color-5)","background-image":"","background-repeat":"repeat","background-position":"center center","background-size":"auto","background-attachment":"scroll","background-type":"","background-media":"","overlay-type":"","overlay-color":"","overlay-opacity":"","overlay-gradient":""},"tablet":{"background-color":"","background-image":"","background-repeat":"repeat","background-position":"center center","background-size":"auto","background-attachment":"scroll","background-type":"","background-media":"","overlay-type":"","overlay-color":"","overlay-opacity":"","overlay-gradient":""},"mobile":{"background-color":"","background-image":"","background-repeat":"repeat","background-position":"center center","background-size":"auto","background-attachment":"scroll","background-type":"","background-media":"","overlay-type":"","overlay-color":"","overlay-opacity":"","overlay-gradient":""}},"ast-content-background-meta":{"desktop":{"background-color":"var(--ast-global-color-4)","background-image":"","background-repeat":"repeat","background-position":"center center","background-size":"auto","background-attachment":"scroll","background-type":"","background-media":"","overlay-type":"","overlay-color":"","overlay-opacity":"","overlay-gradient":""},"tablet":{"background-color":"var(--ast-global-color-4)","background-image":"","background-repeat":"repeat","background-position":"center center","background-size":"auto","background-attachment":"scroll","background-type":"","background-media":"","overlay-type":"","overlay-color":"","overlay-opacity":"","overlay-gradient":""},"mobile":{"background-color":"var(--ast-global-color-4)","background-image":"","background-repeat":"repeat","background-position":"center center","background-size":"auto","background-attachment":"scroll","background-type":"","background-media":"","overlay-type":"","overlay-color":"","overlay-opacity":"","overlay-gradient":""}},"footnotes":""},"categories":[11,26,1,13,10],"tags":[],"class_list":["post-74424","post","type-post","status-publish","format-standard","has-post-thumbnail","hentry","category-boletin","category-chubut","category-noticias","category-provinciales","category-rotador"],"yoast_head":"<!-- This site is optimized with the Yoast SEO Premium plugin v23.0 (Yoast SEO v27.5) - https:\/\/yoast.com\/product\/yoast-seo-premium-wordpress\/ -->\n<title>Se aprob\u00f3 el financiamiento para construir el primer Parque Cient\u00edfico Tecnol\u00f3gico Agroforestal de Patagonia en le CITES CIEFAP<\/title>\n<meta name=\"robots\" content=\"index, follow, max-snippet:-1, max-image-preview:large, max-video-preview:-1\" \/>\n<link rel=\"canonical\" href=\"https:\/\/patagoniambiental.com.ar\/info\/se-aprobo-el-financiamiento-para-construir-el-primer-parque-cientifico-tecnologico-agroforestal-de-patagonia-en-le-cites-ciefap\/\" \/>\n<meta property=\"og:locale\" content=\"es_ES\" \/>\n<meta property=\"og:type\" content=\"article\" \/>\n<meta property=\"og:title\" content=\"Se aprob\u00f3 el financiamiento para construir el primer Parque Cient\u00edfico Tecnol\u00f3gico Agroforestal de Patagonia en le CITES CIEFAP\" \/>\n<meta property=\"og:url\" content=\"https:\/\/patagoniambiental.com.ar\/info\/se-aprobo-el-financiamiento-para-construir-el-primer-parque-cientifico-tecnologico-agroforestal-de-patagonia-en-le-cites-ciefap\/\" \/>\n<meta property=\"og:site_name\" content=\"Patagonia Ambiental\" \/>\n<meta property=\"article:publisher\" content=\"https:\/\/www.facebook.com\/patagonia.ambiental\" \/>\n<meta property=\"article:published_time\" content=\"2021-10-23T22:00:00+00:00\" \/>\n<meta property=\"og:image\" content=\"https:\/\/patagoniambiental.com.ar\/info\/wp-content\/uploads\/2021\/10\/Sin-titulo-12.jpg\" \/>\n\t<meta property=\"og:image:width\" content=\"1172\" \/>\n\t<meta property=\"og:image:height\" content=\"337\" \/>\n\t<meta property=\"og:image:type\" content=\"image\/jpeg\" \/>\n<meta name=\"author\" content=\"BRAIAN ESTEVEZ\" \/>\n<meta name=\"twitter:card\" content=\"summary_large_image\" \/>\n<meta name=\"twitter:creator\" content=\"@PatAmb\" \/>\n<meta name=\"twitter:site\" content=\"@PatAmb\" \/>\n<script type=\"application\/ld+json\" class=\"yoast-schema-graph\">{\"@context\":\"https:\\\/\\\/schema.org\",\"@graph\":[{\"@type\":\"Article\",\"@id\":\"https:\\\/\\\/patagoniambiental.com.ar\\\/info\\\/se-aprobo-el-financiamiento-para-construir-el-primer-parque-cientifico-tecnologico-agroforestal-de-patagonia-en-le-cites-ciefap\\\/#article\",\"isPartOf\":{\"@id\":\"https:\\\/\\\/patagoniambiental.com.ar\\\/info\\\/se-aprobo-el-financiamiento-para-construir-el-primer-parque-cientifico-tecnologico-agroforestal-de-patagonia-en-le-cites-ciefap\\\/\"},\"author\":{\"name\":\"BRAIAN ESTEVEZ\",\"@id\":\"https:\\\/\\\/patagoniambiental.com.ar\\\/info\\\/#\\\/schema\\\/person\\\/e5af09d700b2e82cb10c6b8800e0c691\"},\"headline\":\"Se aprob\u00f3 el financiamiento para construir el primer Parque Cient\u00edfico Tecnol\u00f3gico Agroforestal de Patagonia en le CITES CIEFAP\",\"datePublished\":\"2021-10-23T22:00:00+00:00\",\"mainEntityOfPage\":{\"@id\":\"https:\\\/\\\/patagoniambiental.com.ar\\\/info\\\/se-aprobo-el-financiamiento-para-construir-el-primer-parque-cientifico-tecnologico-agroforestal-de-patagonia-en-le-cites-ciefap\\\/\"},\"wordCount\":365,\"commentCount\":0,\"publisher\":{\"@id\":\"https:\\\/\\\/patagoniambiental.com.ar\\\/info\\\/#organization\"},\"image\":{\"@id\":\"https:\\\/\\\/patagoniambiental.com.ar\\\/info\\\/se-aprobo-el-financiamiento-para-construir-el-primer-parque-cientifico-tecnologico-agroforestal-de-patagonia-en-le-cites-ciefap\\\/#primaryimage\"},\"thumbnailUrl\":\"https:\\\/\\\/patagoniambiental.com.ar\\\/info\\\/wp-content\\\/uploads\\\/2021\\\/10\\\/Sin-titulo-12.jpg\",\"articleSection\":[\"Bolet\u00edn\",\"Chubut\",\"Noticias\",\"Provinciales\",\"Rotador\"],\"inLanguage\":\"es\",\"potentialAction\":[{\"@type\":\"CommentAction\",\"name\":\"Comment\",\"target\":[\"https:\\\/\\\/patagoniambiental.com.ar\\\/info\\\/se-aprobo-el-financiamiento-para-construir-el-primer-parque-cientifico-tecnologico-agroforestal-de-patagonia-en-le-cites-ciefap\\\/#respond\"]}]},{\"@type\":\"WebPage\",\"@id\":\"https:\\\/\\\/patagoniambiental.com.ar\\\/info\\\/se-aprobo-el-financiamiento-para-construir-el-primer-parque-cientifico-tecnologico-agroforestal-de-patagonia-en-le-cites-ciefap\\\/\",\"url\":\"https:\\\/\\\/patagoniambiental.com.ar\\\/info\\\/se-aprobo-el-financiamiento-para-construir-el-primer-parque-cientifico-tecnologico-agroforestal-de-patagonia-en-le-cites-ciefap\\\/\",\"name\":\"Se aprob\u00f3 el financiamiento para construir el primer Parque Cient\u00edfico Tecnol\u00f3gico Agroforestal de Patagonia en le CITES CIEFAP\",\"isPartOf\":{\"@id\":\"https:\\\/\\\/patagoniambiental.com.ar\\\/info\\\/#website\"},\"primaryImageOfPage\":{\"@id\":\"https:\\\/\\\/patagoniambiental.com.ar\\\/info\\\/se-aprobo-el-financiamiento-para-construir-el-primer-parque-cientifico-tecnologico-agroforestal-de-patagonia-en-le-cites-ciefap\\\/#primaryimage\"},\"image\":{\"@id\":\"https:\\\/\\\/patagoniambiental.com.ar\\\/info\\\/se-aprobo-el-financiamiento-para-construir-el-primer-parque-cientifico-tecnologico-agroforestal-de-patagonia-en-le-cites-ciefap\\\/#primaryimage\"},\"thumbnailUrl\":\"https:\\\/\\\/patagoniambiental.com.ar\\\/info\\\/wp-content\\\/uploads\\\/2021\\\/10\\\/Sin-titulo-12.jpg\",\"datePublished\":\"2021-10-23T22:00:00+00:00\",\"breadcrumb\":{\"@id\":\"https:\\\/\\\/patagoniambiental.com.ar\\\/info\\\/se-aprobo-el-financiamiento-para-construir-el-primer-parque-cientifico-tecnologico-agroforestal-de-patagonia-en-le-cites-ciefap\\\/#breadcrumb\"},\"inLanguage\":\"es\",\"potentialAction\":[{\"@type\":\"ReadAction\",\"target\":[\"https:\\\/\\\/patagoniambiental.com.ar\\\/info\\\/se-aprobo-el-financiamiento-para-construir-el-primer-parque-cientifico-tecnologico-agroforestal-de-patagonia-en-le-cites-ciefap\\\/\"]}]},{\"@type\":\"ImageObject\",\"inLanguage\":\"es\",\"@id\":\"https:\\\/\\\/patagoniambiental.com.ar\\\/info\\\/se-aprobo-el-financiamiento-para-construir-el-primer-parque-cientifico-tecnologico-agroforestal-de-patagonia-en-le-cites-ciefap\\\/#primaryimage\",\"url\":\"https:\\\/\\\/patagoniambiental.com.ar\\\/info\\\/wp-content\\\/uploads\\\/2021\\\/10\\\/Sin-titulo-12.jpg\",\"contentUrl\":\"https:\\\/\\\/patagoniambiental.com.ar\\\/info\\\/wp-content\\\/uploads\\\/2021\\\/10\\\/Sin-titulo-12.jpg\",\"width\":1172,\"height\":337},{\"@type\":\"BreadcrumbList\",\"@id\":\"https:\\\/\\\/patagoniambiental.com.ar\\\/info\\\/se-aprobo-el-financiamiento-para-construir-el-primer-parque-cientifico-tecnologico-agroforestal-de-patagonia-en-le-cites-ciefap\\\/#breadcrumb\",\"itemListElement\":[{\"@type\":\"ListItem\",\"position\":1,\"name\":\"Inicio\",\"item\":\"https:\\\/\\\/patagoniambiental.com.ar\\\/info\\\/\"},{\"@type\":\"ListItem\",\"position\":2,\"name\":\"Se aprob\u00f3 el financiamiento para construir el primer Parque Cient\u00edfico Tecnol\u00f3gico Agroforestal de Patagonia en le CITES CIEFAP\"}]},{\"@type\":\"WebSite\",\"@id\":\"https:\\\/\\\/patagoniambiental.com.ar\\\/info\\\/#website\",\"url\":\"https:\\\/\\\/patagoniambiental.com.ar\\\/info\\\/\",\"name\":\"Patagonia Ambiental\",\"description\":\"Monitoreo y an\u00e1lisis de la situaci\u00f3n geopol\u00edtica en el mundo y su implicancia en la Patagonia\",\"publisher\":{\"@id\":\"https:\\\/\\\/patagoniambiental.com.ar\\\/info\\\/#organization\"},\"potentialAction\":[{\"@type\":\"SearchAction\",\"target\":{\"@type\":\"EntryPoint\",\"urlTemplate\":\"https:\\\/\\\/patagoniambiental.com.ar\\\/info\\\/?s={search_term_string}\"},\"query-input\":{\"@type\":\"PropertyValueSpecification\",\"valueRequired\":true,\"valueName\":\"search_term_string\"}}],\"inLanguage\":\"es\"},{\"@type\":\"Organization\",\"@id\":\"https:\\\/\\\/patagoniambiental.com.ar\\\/info\\\/#organization\",\"name\":\"Patagonia Ambiental\",\"url\":\"https:\\\/\\\/patagoniambiental.com.ar\\\/info\\\/\",\"logo\":{\"@type\":\"ImageObject\",\"inLanguage\":\"es\",\"@id\":\"https:\\\/\\\/patagoniambiental.com.ar\\\/info\\\/#\\\/schema\\\/logo\\\/image\\\/\",\"url\":\"https:\\\/\\\/patagoniambiental.com.ar\\\/info\\\/wp-content\\\/uploads\\\/2025\\\/05\\\/LOGO-PATAGONIA-AMBIENTAL.png\",\"contentUrl\":\"https:\\\/\\\/patagoniambiental.com.ar\\\/info\\\/wp-content\\\/uploads\\\/2025\\\/05\\\/LOGO-PATAGONIA-AMBIENTAL.png\",\"width\":433,\"height\":250,\"caption\":\"Patagonia Ambiental\"},\"image\":{\"@id\":\"https:\\\/\\\/patagoniambiental.com.ar\\\/info\\\/#\\\/schema\\\/logo\\\/image\\\/\"},\"sameAs\":[\"https:\\\/\\\/www.facebook.com\\\/patagonia.ambiental\",\"https:\\\/\\\/x.com\\\/PatAmb\"]},{\"@type\":\"Person\",\"@id\":\"https:\\\/\\\/patagoniambiental.com.ar\\\/info\\\/#\\\/schema\\\/person\\\/e5af09d700b2e82cb10c6b8800e0c691\",\"name\":\"BRAIAN ESTEVEZ\",\"sameAs\":[\"http:\\\/\\\/www.patagoniambiental.com.ar\"]}]}<\/script>\n<!-- \/ Yoast SEO Premium plugin. -->","yoast_head_json":{"title":"Se aprob\u00f3 el financiamiento para construir el primer Parque Cient\u00edfico Tecnol\u00f3gico Agroforestal de Patagonia en le CITES CIEFAP","robots":{"index":"index","follow":"follow","max-snippet":"max-snippet:-1","max-image-preview":"max-image-preview:large","max-video-preview":"max-video-preview:-1"},"canonical":"https:\/\/patagoniambiental.com.ar\/info\/se-aprobo-el-financiamiento-para-construir-el-primer-parque-cientifico-tecnologico-agroforestal-de-patagonia-en-le-cites-ciefap\/","og_locale":"es_ES","og_type":"article","og_title":"Se aprob\u00f3 el financiamiento para construir el primer Parque Cient\u00edfico Tecnol\u00f3gico Agroforestal de Patagonia en le CITES CIEFAP","og_url":"https:\/\/patagoniambiental.com.ar\/info\/se-aprobo-el-financiamiento-para-construir-el-primer-parque-cientifico-tecnologico-agroforestal-de-patagonia-en-le-cites-ciefap\/","og_site_name":"Patagonia Ambiental","article_publisher":"https:\/\/www.facebook.com\/patagonia.ambiental","article_published_time":"2021-10-23T22:00:00+00:00","og_image":[{"width":1172,"height":337,"url":"https:\/\/patagoniambiental.com.ar\/info\/wp-content\/uploads\/2021\/10\/Sin-titulo-12.jpg","type":"image\/jpeg"}],"author":"BRAIAN ESTEVEZ","twitter_card":"summary_large_image","twitter_creator":"@PatAmb","twitter_site":"@PatAmb","schema":{"@context":"https:\/\/schema.org","@graph":[{"@type":"Article","@id":"https:\/\/patagoniambiental.com.ar\/info\/se-aprobo-el-financiamiento-para-construir-el-primer-parque-cientifico-tecnologico-agroforestal-de-patagonia-en-le-cites-ciefap\/#article","isPartOf":{"@id":"https:\/\/patagoniambiental.com.ar\/info\/se-aprobo-el-financiamiento-para-construir-el-primer-parque-cientifico-tecnologico-agroforestal-de-patagonia-en-le-cites-ciefap\/"},"author":{"name":"BRAIAN ESTEVEZ","@id":"https:\/\/patagoniambiental.com.ar\/info\/#\/schema\/person\/e5af09d700b2e82cb10c6b8800e0c691"},"headline":"Se aprob\u00f3 el financiamiento para construir el primer Parque Cient\u00edfico Tecnol\u00f3gico Agroforestal de Patagonia en le CITES CIEFAP","datePublished":"2021-10-23T22:00:00+00:00","mainEntityOfPage":{"@id":"https:\/\/patagoniambiental.com.ar\/info\/se-aprobo-el-financiamiento-para-construir-el-primer-parque-cientifico-tecnologico-agroforestal-de-patagonia-en-le-cites-ciefap\/"},"wordCount":365,"commentCount":0,"publisher":{"@id":"https:\/\/patagoniambiental.com.ar\/info\/#organization"},"image":{"@id":"https:\/\/patagoniambiental.com.ar\/info\/se-aprobo-el-financiamiento-para-construir-el-primer-parque-cientifico-tecnologico-agroforestal-de-patagonia-en-le-cites-ciefap\/#primaryimage"},"thumbnailUrl":"https:\/\/patagoniambiental.com.ar\/info\/wp-content\/uploads\/2021\/10\/Sin-titulo-12.jpg","articleSection":["Bolet\u00edn","Chubut","Noticias","Provinciales","Rotador"],"inLanguage":"es","potentialAction":[{"@type":"CommentAction","name":"Comment","target":["https:\/\/patagoniambiental.com.ar\/info\/se-aprobo-el-financiamiento-para-construir-el-primer-parque-cientifico-tecnologico-agroforestal-de-patagonia-en-le-cites-ciefap\/#respond"]}]},{"@type":"WebPage","@id":"https:\/\/patagoniambiental.com.ar\/info\/se-aprobo-el-financiamiento-para-construir-el-primer-parque-cientifico-tecnologico-agroforestal-de-patagonia-en-le-cites-ciefap\/","url":"https:\/\/patagoniambiental.com.ar\/info\/se-aprobo-el-financiamiento-para-construir-el-primer-parque-cientifico-tecnologico-agroforestal-de-patagonia-en-le-cites-ciefap\/","name":"Se aprob\u00f3 el financiamiento para construir el primer Parque Cient\u00edfico Tecnol\u00f3gico Agroforestal de Patagonia en le CITES CIEFAP","isPartOf":{"@id":"https:\/\/patagoniambiental.com.ar\/info\/#website"},"primaryImageOfPage":{"@id":"https:\/\/patagoniambiental.com.ar\/info\/se-aprobo-el-financiamiento-para-construir-el-primer-parque-cientifico-tecnologico-agroforestal-de-patagonia-en-le-cites-ciefap\/#primaryimage"},"image":{"@id":"https:\/\/patagoniambiental.com.ar\/info\/se-aprobo-el-financiamiento-para-construir-el-primer-parque-cientifico-tecnologico-agroforestal-de-patagonia-en-le-cites-ciefap\/#primaryimage"},"thumbnailUrl":"https:\/\/patagoniambiental.com.ar\/info\/wp-content\/uploads\/2021\/10\/Sin-titulo-12.jpg","datePublished":"2021-10-23T22:00:00+00:00","breadcrumb":{"@id":"https:\/\/patagoniambiental.com.ar\/info\/se-aprobo-el-financiamiento-para-construir-el-primer-parque-cientifico-tecnologico-agroforestal-de-patagonia-en-le-cites-ciefap\/#breadcrumb"},"inLanguage":"es","potentialAction":[{"@type":"ReadAction","target":["https:\/\/patagoniambiental.com.ar\/info\/se-aprobo-el-financiamiento-para-construir-el-primer-parque-cientifico-tecnologico-agroforestal-de-patagonia-en-le-cites-ciefap\/"]}]},{"@type":"ImageObject","inLanguage":"es","@id":"https:\/\/patagoniambiental.com.ar\/info\/se-aprobo-el-financiamiento-para-construir-el-primer-parque-cientifico-tecnologico-agroforestal-de-patagonia-en-le-cites-ciefap\/#primaryimage","url":"https:\/\/patagoniambiental.com.ar\/info\/wp-content\/uploads\/2021\/10\/Sin-titulo-12.jpg","contentUrl":"https:\/\/patagoniambiental.com.ar\/info\/wp-content\/uploads\/2021\/10\/Sin-titulo-12.jpg","width":1172,"height":337},{"@type":"BreadcrumbList","@id":"https:\/\/patagoniambiental.com.ar\/info\/se-aprobo-el-financiamiento-para-construir-el-primer-parque-cientifico-tecnologico-agroforestal-de-patagonia-en-le-cites-ciefap\/#breadcrumb","itemListElement":[{"@type":"ListItem","position":1,"name":"Inicio","item":"https:\/\/patagoniambiental.com.ar\/info\/"},{"@type":"ListItem","position":2,"name":"Se aprob\u00f3 el financiamiento para construir el primer Parque Cient\u00edfico Tecnol\u00f3gico Agroforestal de Patagonia en le CITES CIEFAP"}]},{"@type":"WebSite","@id":"https:\/\/patagoniambiental.com.ar\/info\/#website","url":"https:\/\/patagoniambiental.com.ar\/info\/","name":"Patagonia Ambiental","description":"Monitoreo y an\u00e1lisis de la situaci\u00f3n geopol\u00edtica en el mundo y su implicancia en la Patagonia","publisher":{"@id":"https:\/\/patagoniambiental.com.ar\/info\/#organization"},"potentialAction":[{"@type":"SearchAction","target":{"@type":"EntryPoint","urlTemplate":"https:\/\/patagoniambiental.com.ar\/info\/?s={search_term_string}"},"query-input":{"@type":"PropertyValueSpecification","valueRequired":true,"valueName":"search_term_string"}}],"inLanguage":"es"},{"@type":"Organization","@id":"https:\/\/patagoniambiental.com.ar\/info\/#organization","name":"Patagonia Ambiental","url":"https:\/\/patagoniambiental.com.ar\/info\/","logo":{"@type":"ImageObject","inLanguage":"es","@id":"https:\/\/patagoniambiental.com.ar\/info\/#\/schema\/logo\/image\/","url":"https:\/\/patagoniambiental.com.ar\/info\/wp-content\/uploads\/2025\/05\/LOGO-PATAGONIA-AMBIENTAL.png","contentUrl":"https:\/\/patagoniambiental.com.ar\/info\/wp-content\/uploads\/2025\/05\/LOGO-PATAGONIA-AMBIENTAL.png","width":433,"height":250,"caption":"Patagonia Ambiental"},"image":{"@id":"https:\/\/patagoniambiental.com.ar\/info\/#\/schema\/logo\/image\/"},"sameAs":["https:\/\/www.facebook.com\/patagonia.ambiental","https:\/\/x.com\/PatAmb"]},{"@type":"Person","@id":"https:\/\/patagoniambiental.com.ar\/info\/#\/schema\/person\/e5af09d700b2e82cb10c6b8800e0c691","name":"BRAIAN ESTEVEZ","sameAs":["http:\/\/www.patagoniambiental.com.ar"]}]}},"_links":{"self":[{"href":"https:\/\/patagoniambiental.com.ar\/info\/wp-json\/wp\/v2\/posts\/74424","targetHints":{"allow":["GET"]}}],"collection":[{"href":"https:\/\/patagoniambiental.com.ar\/info\/wp-json\/wp\/v2\/posts"}],"about":[{"href":"https:\/\/patagoniambiental.com.ar\/info\/wp-json\/wp\/v2\/types\/post"}],"author":[{"embeddable":true,"href":"https:\/\/patagoniambiental.com.ar\/info\/wp-json\/wp\/v2\/users\/6"}],"replies":[{"embeddable":true,"href":"https:\/\/patagoniambiental.com.ar\/info\/wp-json\/wp\/v2\/comments?post=74424"}],"version-history":[{"count":0,"href":"https:\/\/patagoniambiental.com.ar\/info\/wp-json\/wp\/v2\/posts\/74424\/revisions"}],"wp:featuredmedia":[{"embeddable":true,"href":"https:\/\/patagoniambiental.com.ar\/info\/wp-json\/wp\/v2\/media\/74425"}],"wp:attachment":[{"href":"https:\/\/patagoniambiental.com.ar\/info\/wp-json\/wp\/v2\/media?parent=74424"}],"wp:term":[{"taxonomy":"category","embeddable":true,"href":"https:\/\/patagoniambiental.com.ar\/info\/wp-json\/wp\/v2\/categories?post=74424"},{"taxonomy":"post_tag","embeddable":true,"href":"https:\/\/patagoniambiental.com.ar\/info\/wp-json\/wp\/v2\/tags?post=74424"}],"curies":[{"name":"wp","href":"https:\/\/api.w.org\/{rel}","templated":true}]}}