{"id":74438,"date":"2021-10-26T19:00:00","date_gmt":"2021-10-26T22:00:00","guid":{"rendered":"http:\/\/patagoniambiental.com.ar\/info\/?p=74438"},"modified":"2021-10-26T17:07:53","modified_gmt":"2021-10-26T20:07:53","slug":"conferencia-a-cargo-del-dr-alvaro-bello-rutas-territorios-y-territorialidades-transcordilleranas-mapuche-en-los-siglos-xix-y-xx","status":"publish","type":"post","link":"https:\/\/patagoniambiental.com.ar\/info\/conferencia-a-cargo-del-dr-alvaro-bello-rutas-territorios-y-territorialidades-transcordilleranas-mapuche-en-los-siglos-xix-y-xx\/","title":{"rendered":"Conferencia a cargo del Dr. Alvaro Bello: Rutas, territorios y territorialidades transcordilleranas mapuche en los siglos XIX y XX."},"content":{"rendered":"\n<!--more-->\n\n\n\n<p>Viedma, 26 de octubre de 2021. Este viernes 29 de&nbsp; octubre desde las 20 hs., el Foro Permanente sobre Identidad y Cultura en la Patagonia&nbsp;(FOPICPA) organizar\u00e1 la Conferencia virtual \u201cRutas, territorios y territorialidades transcordilleranas&nbsp;mapuche&nbsp;en los siglos XIX y XX\u201d a cargo del Dr. Alvaro Bello.<\/p>\n\n\n\n<p>En la Conferencia se realizar\u00e1 un balance del programa de investigaci\u00f3n que dio forma al estudio de las territorialidades mapuche transcordilleranas revisando algunos de sus principales resultados, conclusiones y aprendizajes: \u201cLas fronteras instaladas por los estados nacionales de Chile y Argentina desde el siglo XIX en adelante no solo delimitaron los espacios de las nuevas rep\u00fablicas sino que tambi\u00e9n fragmentaron los espacios y territorios de los pueblos ind\u00edgenas creando nuevas realidades que rompieron con las formas tradicionales de movilidad y control de los espacios por parte de sus antiguos habitante. Al mismo tiempo y las disciplinas sociales asumieron una suerte de nacionalismo metodol\u00f3gico que asumi\u00f3 estas fronteras como una realidad absoluta y como algo permanente, sin considerar las territorialidades antiguas y sus m\u00faltiples din\u00e1micas en las distintas escalas del territorio las que siguieron produciendo a pesar de las nuevas fronteras\u201d.<\/p>\n\n\n\n<p>\u00c1lvaro Bello es Doctor en Antropolog\u00eda por la Universidad Nacional Aut\u00f3noma de M\u00e9xico(UNAM) y acad\u00e9mico ad honorem de la Universidad de La Frontera de Temuco (UFRO). Actualmente es Coordinador del \u00c1rea de Investigaci\u00f3n del Programa de Naciones Unidas para el Desarrollo en Chile (PNUD).Ha publicado art\u00edculos y libros, entre otros, Namp\u00fclkafe, el viaje de los mapuches de Araucan\u00eda a las pampas argentinas (2011); Etnicidad y ciudadan\u00eda en Am\u00e9rica Latina (2004).<\/p>\n\n\n\n<p>Entre sus art\u00edculos m\u00e1s recientes se encuentran, La formation de l\u2019\u00c9tat dans les marges: relations interethniques, territoire et nation dans les fronti\u00e8res d\u2019Araucanie-Neuqu\u00e9n (2020) y, en coautor\u00eda con A. Harambour, La Era del Imperio y el colonialismo poscolonial: conceptos para una historia de las fronteras de la civilizaci\u00f3n en Am\u00e9rica Latina (2020)<\/p>\n\n\n\n<p>FOPICPA es impulsado conjuntamente por la Sede Atl\u00e1ntica de la Universidad Nacional de R\u00edo Negro, el Centro Universitario Regional Zona Atl\u00e1ntica (CURZA\/UNCo), el Museo Hist\u00f3rico Regional \u201cEmma Nozzi\u201d y la Asociaci\u00f3n \u201cAmigos de lo Nuestro\u201d; constituye un espacio plural de discusi\u00f3n y debate en torno a la identidad y la cultura en la Patagonia, que integra y articula diferentes manifestaciones y espacios culturales de la sociedad actual.<\/p>\n\n\n\n<p>La coordinaci\u00f3n general del Ciclo se encuentra a cargo del Dr. Javier Serrano (UNRN), el Lic. Jorge Bustos (Museo Hist\u00f3rico Regional \u201cEmma Nozzi\u201d\/Banco de la Provincia de Buenos Aires) y la Lic. Daniela Miranda, (CURZA\/UNCo).<\/p>\n\n\n\n<p>Para participar de la a la conferencia se debe ingresar a Google Meet a trav\u00e9s del link <strong>https:\/\/cutt.ly\/Vb1zZlN<\/strong>; adem\u00e1s se podr\u00e1 visualizar por YouTube Live en el canal <strong>https:\/\/cutt.ly\/lb1z0E9<\/strong> y se habilitar\u00e1 un espacio de consultas una vez finalizada la exposici\u00f3n.<\/p>\n\n\n\n<p>Para obtener cualquier informaci\u00f3n adicional escribir al correo electr\u00f3nico <strong>fopicpa@unrn.edu.ar.<\/strong><\/p>\n\n\n\n<p>Fuente: UNRN<\/p>\n","protected":false},"excerpt":{"rendered":"","protected":false},"author":6,"featured_media":74439,"comment_status":"open","ping_status":"open","sticky":false,"template":"","format":"standard","meta":{"site-sidebar-layout":"default","site-content-layout":"","ast-site-content-layout":"default","site-content-style":"default","site-sidebar-style":"default","ast-global-header-display":"","ast-banner-title-visibility":"","ast-main-header-display":"","ast-hfb-above-header-display":"","ast-hfb-below-header-display":"","ast-hfb-mobile-header-display":"","site-post-title":"","ast-breadcrumbs-content":"","ast-featured-img":"","footer-sml-layout":"","ast-disable-related-posts":"","theme-transparent-header-meta":"","adv-header-id-meta":"","stick-header-meta":"","header-above-stick-meta":"","header-main-stick-meta":"","header-below-stick-meta":"","astra-migrate-meta-layouts":"default","ast-page-background-enabled":"default","ast-page-background-meta":{"desktop":{"background-color":"var(--ast-global-color-5)","background-image":"","background-repeat":"repeat","background-position":"center center","background-size":"auto","background-attachment":"scroll","background-type":"","background-media":"","overlay-type":"","overlay-color":"","overlay-opacity":"","overlay-gradient":""},"tablet":{"background-color":"","background-image":"","background-repeat":"repeat","background-position":"center center","background-size":"auto","background-attachment":"scroll","background-type":"","background-media":"","overlay-type":"","overlay-color":"","overlay-opacity":"","overlay-gradient":""},"mobile":{"background-color":"","background-image":"","background-repeat":"repeat","background-position":"center center","background-size":"auto","background-attachment":"scroll","background-type":"","background-media":"","overlay-type":"","overlay-color":"","overlay-opacity":"","overlay-gradient":""}},"ast-content-background-meta":{"desktop":{"background-color":"var(--ast-global-color-4)","background-image":"","background-repeat":"repeat","background-position":"center center","background-size":"auto","background-attachment":"scroll","background-type":"","background-media":"","overlay-type":"","overlay-color":"","overlay-opacity":"","overlay-gradient":""},"tablet":{"background-color":"var(--ast-global-color-4)","background-image":"","background-repeat":"repeat","background-position":"center center","background-size":"auto","background-attachment":"scroll","background-type":"","background-media":"","overlay-type":"","overlay-color":"","overlay-opacity":"","overlay-gradient":""},"mobile":{"background-color":"var(--ast-global-color-4)","background-image":"","background-repeat":"repeat","background-position":"center center","background-size":"auto","background-attachment":"scroll","background-type":"","background-media":"","overlay-type":"","overlay-color":"","overlay-opacity":"","overlay-gradient":""}},"footnotes":""},"categories":[1],"tags":[],"class_list":["post-74438","post","type-post","status-publish","format-standard","has-post-thumbnail","hentry","category-noticias"],"yoast_head":"<!-- This site is optimized with the Yoast SEO Premium plugin v23.0 (Yoast SEO v27.5) - https:\/\/yoast.com\/product\/yoast-seo-premium-wordpress\/ -->\n<title>Conferencia a cargo del Dr. Alvaro Bello: Rutas, territorios y territorialidades transcordilleranas mapuche en los siglos XIX y XX.<\/title>\n<meta name=\"robots\" content=\"index, follow, max-snippet:-1, max-image-preview:large, max-video-preview:-1\" \/>\n<link rel=\"canonical\" href=\"https:\/\/patagoniambiental.com.ar\/info\/conferencia-a-cargo-del-dr-alvaro-bello-rutas-territorios-y-territorialidades-transcordilleranas-mapuche-en-los-siglos-xix-y-xx\/\" \/>\n<meta property=\"og:locale\" content=\"es_ES\" \/>\n<meta property=\"og:type\" content=\"article\" \/>\n<meta property=\"og:title\" content=\"Conferencia a cargo del Dr. Alvaro Bello: Rutas, territorios y territorialidades transcordilleranas mapuche en los siglos XIX y XX.\" \/>\n<meta property=\"og:url\" content=\"https:\/\/patagoniambiental.com.ar\/info\/conferencia-a-cargo-del-dr-alvaro-bello-rutas-territorios-y-territorialidades-transcordilleranas-mapuche-en-los-siglos-xix-y-xx\/\" \/>\n<meta property=\"og:site_name\" content=\"Patagonia Ambiental\" \/>\n<meta property=\"article:publisher\" content=\"https:\/\/www.facebook.com\/patagonia.ambiental\" \/>\n<meta property=\"article:published_time\" content=\"2021-10-26T22:00:00+00:00\" \/>\n<meta property=\"og:image\" content=\"https:\/\/patagoniambiental.com.ar\/info\/wp-content\/uploads\/2021\/10\/thumbnail_foto-mapa.jpg\" \/>\n\t<meta property=\"og:image:width\" content=\"960\" \/>\n\t<meta property=\"og:image:height\" content=\"540\" \/>\n\t<meta property=\"og:image:type\" content=\"image\/jpeg\" \/>\n<meta name=\"author\" content=\"BRAIAN ESTEVEZ\" \/>\n<meta name=\"twitter:card\" content=\"summary_large_image\" \/>\n<meta name=\"twitter:creator\" content=\"@PatAmb\" \/>\n<meta name=\"twitter:site\" content=\"@PatAmb\" \/>\n<script type=\"application\/ld+json\" class=\"yoast-schema-graph\">{\"@context\":\"https:\\\/\\\/schema.org\",\"@graph\":[{\"@type\":\"Article\",\"@id\":\"https:\\\/\\\/patagoniambiental.com.ar\\\/info\\\/conferencia-a-cargo-del-dr-alvaro-bello-rutas-territorios-y-territorialidades-transcordilleranas-mapuche-en-los-siglos-xix-y-xx\\\/#article\",\"isPartOf\":{\"@id\":\"https:\\\/\\\/patagoniambiental.com.ar\\\/info\\\/conferencia-a-cargo-del-dr-alvaro-bello-rutas-territorios-y-territorialidades-transcordilleranas-mapuche-en-los-siglos-xix-y-xx\\\/\"},\"author\":{\"name\":\"BRAIAN ESTEVEZ\",\"@id\":\"https:\\\/\\\/patagoniambiental.com.ar\\\/info\\\/#\\\/schema\\\/person\\\/e5af09d700b2e82cb10c6b8800e0c691\"},\"headline\":\"Conferencia a cargo del Dr. Alvaro Bello: Rutas, territorios y territorialidades transcordilleranas mapuche en los siglos XIX y XX.\",\"datePublished\":\"2021-10-26T22:00:00+00:00\",\"mainEntityOfPage\":{\"@id\":\"https:\\\/\\\/patagoniambiental.com.ar\\\/info\\\/conferencia-a-cargo-del-dr-alvaro-bello-rutas-territorios-y-territorialidades-transcordilleranas-mapuche-en-los-siglos-xix-y-xx\\\/\"},\"wordCount\":536,\"commentCount\":0,\"publisher\":{\"@id\":\"https:\\\/\\\/patagoniambiental.com.ar\\\/info\\\/#organization\"},\"image\":{\"@id\":\"https:\\\/\\\/patagoniambiental.com.ar\\\/info\\\/conferencia-a-cargo-del-dr-alvaro-bello-rutas-territorios-y-territorialidades-transcordilleranas-mapuche-en-los-siglos-xix-y-xx\\\/#primaryimage\"},\"thumbnailUrl\":\"https:\\\/\\\/patagoniambiental.com.ar\\\/info\\\/wp-content\\\/uploads\\\/2021\\\/10\\\/thumbnail_foto-mapa.jpg\",\"articleSection\":[\"Noticias\"],\"inLanguage\":\"es\",\"potentialAction\":[{\"@type\":\"CommentAction\",\"name\":\"Comment\",\"target\":[\"https:\\\/\\\/patagoniambiental.com.ar\\\/info\\\/conferencia-a-cargo-del-dr-alvaro-bello-rutas-territorios-y-territorialidades-transcordilleranas-mapuche-en-los-siglos-xix-y-xx\\\/#respond\"]}]},{\"@type\":\"WebPage\",\"@id\":\"https:\\\/\\\/patagoniambiental.com.ar\\\/info\\\/conferencia-a-cargo-del-dr-alvaro-bello-rutas-territorios-y-territorialidades-transcordilleranas-mapuche-en-los-siglos-xix-y-xx\\\/\",\"url\":\"https:\\\/\\\/patagoniambiental.com.ar\\\/info\\\/conferencia-a-cargo-del-dr-alvaro-bello-rutas-territorios-y-territorialidades-transcordilleranas-mapuche-en-los-siglos-xix-y-xx\\\/\",\"name\":\"Conferencia a cargo del Dr. Alvaro Bello: Rutas, territorios y territorialidades transcordilleranas mapuche en los siglos XIX y XX.\",\"isPartOf\":{\"@id\":\"https:\\\/\\\/patagoniambiental.com.ar\\\/info\\\/#website\"},\"primaryImageOfPage\":{\"@id\":\"https:\\\/\\\/patagoniambiental.com.ar\\\/info\\\/conferencia-a-cargo-del-dr-alvaro-bello-rutas-territorios-y-territorialidades-transcordilleranas-mapuche-en-los-siglos-xix-y-xx\\\/#primaryimage\"},\"image\":{\"@id\":\"https:\\\/\\\/patagoniambiental.com.ar\\\/info\\\/conferencia-a-cargo-del-dr-alvaro-bello-rutas-territorios-y-territorialidades-transcordilleranas-mapuche-en-los-siglos-xix-y-xx\\\/#primaryimage\"},\"thumbnailUrl\":\"https:\\\/\\\/patagoniambiental.com.ar\\\/info\\\/wp-content\\\/uploads\\\/2021\\\/10\\\/thumbnail_foto-mapa.jpg\",\"datePublished\":\"2021-10-26T22:00:00+00:00\",\"breadcrumb\":{\"@id\":\"https:\\\/\\\/patagoniambiental.com.ar\\\/info\\\/conferencia-a-cargo-del-dr-alvaro-bello-rutas-territorios-y-territorialidades-transcordilleranas-mapuche-en-los-siglos-xix-y-xx\\\/#breadcrumb\"},\"inLanguage\":\"es\",\"potentialAction\":[{\"@type\":\"ReadAction\",\"target\":[\"https:\\\/\\\/patagoniambiental.com.ar\\\/info\\\/conferencia-a-cargo-del-dr-alvaro-bello-rutas-territorios-y-territorialidades-transcordilleranas-mapuche-en-los-siglos-xix-y-xx\\\/\"]}]},{\"@type\":\"ImageObject\",\"inLanguage\":\"es\",\"@id\":\"https:\\\/\\\/patagoniambiental.com.ar\\\/info\\\/conferencia-a-cargo-del-dr-alvaro-bello-rutas-territorios-y-territorialidades-transcordilleranas-mapuche-en-los-siglos-xix-y-xx\\\/#primaryimage\",\"url\":\"https:\\\/\\\/patagoniambiental.com.ar\\\/info\\\/wp-content\\\/uploads\\\/2021\\\/10\\\/thumbnail_foto-mapa.jpg\",\"contentUrl\":\"https:\\\/\\\/patagoniambiental.com.ar\\\/info\\\/wp-content\\\/uploads\\\/2021\\\/10\\\/thumbnail_foto-mapa.jpg\",\"width\":960,\"height\":540},{\"@type\":\"BreadcrumbList\",\"@id\":\"https:\\\/\\\/patagoniambiental.com.ar\\\/info\\\/conferencia-a-cargo-del-dr-alvaro-bello-rutas-territorios-y-territorialidades-transcordilleranas-mapuche-en-los-siglos-xix-y-xx\\\/#breadcrumb\",\"itemListElement\":[{\"@type\":\"ListItem\",\"position\":1,\"name\":\"Inicio\",\"item\":\"https:\\\/\\\/patagoniambiental.com.ar\\\/info\\\/\"},{\"@type\":\"ListItem\",\"position\":2,\"name\":\"Conferencia a cargo del Dr. Alvaro Bello: Rutas, territorios y territorialidades transcordilleranas mapuche en los siglos XIX y XX.\"}]},{\"@type\":\"WebSite\",\"@id\":\"https:\\\/\\\/patagoniambiental.com.ar\\\/info\\\/#website\",\"url\":\"https:\\\/\\\/patagoniambiental.com.ar\\\/info\\\/\",\"name\":\"Patagonia Ambiental\",\"description\":\"Monitoreo y an\u00e1lisis de la situaci\u00f3n geopol\u00edtica en el mundo y su implicancia en la Patagonia\",\"publisher\":{\"@id\":\"https:\\\/\\\/patagoniambiental.com.ar\\\/info\\\/#organization\"},\"potentialAction\":[{\"@type\":\"SearchAction\",\"target\":{\"@type\":\"EntryPoint\",\"urlTemplate\":\"https:\\\/\\\/patagoniambiental.com.ar\\\/info\\\/?s={search_term_string}\"},\"query-input\":{\"@type\":\"PropertyValueSpecification\",\"valueRequired\":true,\"valueName\":\"search_term_string\"}}],\"inLanguage\":\"es\"},{\"@type\":\"Organization\",\"@id\":\"https:\\\/\\\/patagoniambiental.com.ar\\\/info\\\/#organization\",\"name\":\"Patagonia Ambiental\",\"url\":\"https:\\\/\\\/patagoniambiental.com.ar\\\/info\\\/\",\"logo\":{\"@type\":\"ImageObject\",\"inLanguage\":\"es\",\"@id\":\"https:\\\/\\\/patagoniambiental.com.ar\\\/info\\\/#\\\/schema\\\/logo\\\/image\\\/\",\"url\":\"https:\\\/\\\/patagoniambiental.com.ar\\\/info\\\/wp-content\\\/uploads\\\/2025\\\/05\\\/LOGO-PATAGONIA-AMBIENTAL.png\",\"contentUrl\":\"https:\\\/\\\/patagoniambiental.com.ar\\\/info\\\/wp-content\\\/uploads\\\/2025\\\/05\\\/LOGO-PATAGONIA-AMBIENTAL.png\",\"width\":433,\"height\":250,\"caption\":\"Patagonia Ambiental\"},\"image\":{\"@id\":\"https:\\\/\\\/patagoniambiental.com.ar\\\/info\\\/#\\\/schema\\\/logo\\\/image\\\/\"},\"sameAs\":[\"https:\\\/\\\/www.facebook.com\\\/patagonia.ambiental\",\"https:\\\/\\\/x.com\\\/PatAmb\"]},{\"@type\":\"Person\",\"@id\":\"https:\\\/\\\/patagoniambiental.com.ar\\\/info\\\/#\\\/schema\\\/person\\\/e5af09d700b2e82cb10c6b8800e0c691\",\"name\":\"BRAIAN ESTEVEZ\",\"sameAs\":[\"http:\\\/\\\/www.patagoniambiental.com.ar\"]}]}<\/script>\n<!-- \/ Yoast SEO Premium plugin. -->","yoast_head_json":{"title":"Conferencia a cargo del Dr. Alvaro Bello: Rutas, territorios y territorialidades transcordilleranas mapuche en los siglos XIX y XX.","robots":{"index":"index","follow":"follow","max-snippet":"max-snippet:-1","max-image-preview":"max-image-preview:large","max-video-preview":"max-video-preview:-1"},"canonical":"https:\/\/patagoniambiental.com.ar\/info\/conferencia-a-cargo-del-dr-alvaro-bello-rutas-territorios-y-territorialidades-transcordilleranas-mapuche-en-los-siglos-xix-y-xx\/","og_locale":"es_ES","og_type":"article","og_title":"Conferencia a cargo del Dr. Alvaro Bello: Rutas, territorios y territorialidades transcordilleranas mapuche en los siglos XIX y XX.","og_url":"https:\/\/patagoniambiental.com.ar\/info\/conferencia-a-cargo-del-dr-alvaro-bello-rutas-territorios-y-territorialidades-transcordilleranas-mapuche-en-los-siglos-xix-y-xx\/","og_site_name":"Patagonia Ambiental","article_publisher":"https:\/\/www.facebook.com\/patagonia.ambiental","article_published_time":"2021-10-26T22:00:00+00:00","og_image":[{"width":960,"height":540,"url":"https:\/\/patagoniambiental.com.ar\/info\/wp-content\/uploads\/2021\/10\/thumbnail_foto-mapa.jpg","type":"image\/jpeg"}],"author":"BRAIAN ESTEVEZ","twitter_card":"summary_large_image","twitter_creator":"@PatAmb","twitter_site":"@PatAmb","schema":{"@context":"https:\/\/schema.org","@graph":[{"@type":"Article","@id":"https:\/\/patagoniambiental.com.ar\/info\/conferencia-a-cargo-del-dr-alvaro-bello-rutas-territorios-y-territorialidades-transcordilleranas-mapuche-en-los-siglos-xix-y-xx\/#article","isPartOf":{"@id":"https:\/\/patagoniambiental.com.ar\/info\/conferencia-a-cargo-del-dr-alvaro-bello-rutas-territorios-y-territorialidades-transcordilleranas-mapuche-en-los-siglos-xix-y-xx\/"},"author":{"name":"BRAIAN ESTEVEZ","@id":"https:\/\/patagoniambiental.com.ar\/info\/#\/schema\/person\/e5af09d700b2e82cb10c6b8800e0c691"},"headline":"Conferencia a cargo del Dr. Alvaro Bello: Rutas, territorios y territorialidades transcordilleranas mapuche en los siglos XIX y XX.","datePublished":"2021-10-26T22:00:00+00:00","mainEntityOfPage":{"@id":"https:\/\/patagoniambiental.com.ar\/info\/conferencia-a-cargo-del-dr-alvaro-bello-rutas-territorios-y-territorialidades-transcordilleranas-mapuche-en-los-siglos-xix-y-xx\/"},"wordCount":536,"commentCount":0,"publisher":{"@id":"https:\/\/patagoniambiental.com.ar\/info\/#organization"},"image":{"@id":"https:\/\/patagoniambiental.com.ar\/info\/conferencia-a-cargo-del-dr-alvaro-bello-rutas-territorios-y-territorialidades-transcordilleranas-mapuche-en-los-siglos-xix-y-xx\/#primaryimage"},"thumbnailUrl":"https:\/\/patagoniambiental.com.ar\/info\/wp-content\/uploads\/2021\/10\/thumbnail_foto-mapa.jpg","articleSection":["Noticias"],"inLanguage":"es","potentialAction":[{"@type":"CommentAction","name":"Comment","target":["https:\/\/patagoniambiental.com.ar\/info\/conferencia-a-cargo-del-dr-alvaro-bello-rutas-territorios-y-territorialidades-transcordilleranas-mapuche-en-los-siglos-xix-y-xx\/#respond"]}]},{"@type":"WebPage","@id":"https:\/\/patagoniambiental.com.ar\/info\/conferencia-a-cargo-del-dr-alvaro-bello-rutas-territorios-y-territorialidades-transcordilleranas-mapuche-en-los-siglos-xix-y-xx\/","url":"https:\/\/patagoniambiental.com.ar\/info\/conferencia-a-cargo-del-dr-alvaro-bello-rutas-territorios-y-territorialidades-transcordilleranas-mapuche-en-los-siglos-xix-y-xx\/","name":"Conferencia a cargo del Dr. Alvaro Bello: Rutas, territorios y territorialidades transcordilleranas mapuche en los siglos XIX y XX.","isPartOf":{"@id":"https:\/\/patagoniambiental.com.ar\/info\/#website"},"primaryImageOfPage":{"@id":"https:\/\/patagoniambiental.com.ar\/info\/conferencia-a-cargo-del-dr-alvaro-bello-rutas-territorios-y-territorialidades-transcordilleranas-mapuche-en-los-siglos-xix-y-xx\/#primaryimage"},"image":{"@id":"https:\/\/patagoniambiental.com.ar\/info\/conferencia-a-cargo-del-dr-alvaro-bello-rutas-territorios-y-territorialidades-transcordilleranas-mapuche-en-los-siglos-xix-y-xx\/#primaryimage"},"thumbnailUrl":"https:\/\/patagoniambiental.com.ar\/info\/wp-content\/uploads\/2021\/10\/thumbnail_foto-mapa.jpg","datePublished":"2021-10-26T22:00:00+00:00","breadcrumb":{"@id":"https:\/\/patagoniambiental.com.ar\/info\/conferencia-a-cargo-del-dr-alvaro-bello-rutas-territorios-y-territorialidades-transcordilleranas-mapuche-en-los-siglos-xix-y-xx\/#breadcrumb"},"inLanguage":"es","potentialAction":[{"@type":"ReadAction","target":["https:\/\/patagoniambiental.com.ar\/info\/conferencia-a-cargo-del-dr-alvaro-bello-rutas-territorios-y-territorialidades-transcordilleranas-mapuche-en-los-siglos-xix-y-xx\/"]}]},{"@type":"ImageObject","inLanguage":"es","@id":"https:\/\/patagoniambiental.com.ar\/info\/conferencia-a-cargo-del-dr-alvaro-bello-rutas-territorios-y-territorialidades-transcordilleranas-mapuche-en-los-siglos-xix-y-xx\/#primaryimage","url":"https:\/\/patagoniambiental.com.ar\/info\/wp-content\/uploads\/2021\/10\/thumbnail_foto-mapa.jpg","contentUrl":"https:\/\/patagoniambiental.com.ar\/info\/wp-content\/uploads\/2021\/10\/thumbnail_foto-mapa.jpg","width":960,"height":540},{"@type":"BreadcrumbList","@id":"https:\/\/patagoniambiental.com.ar\/info\/conferencia-a-cargo-del-dr-alvaro-bello-rutas-territorios-y-territorialidades-transcordilleranas-mapuche-en-los-siglos-xix-y-xx\/#breadcrumb","itemListElement":[{"@type":"ListItem","position":1,"name":"Inicio","item":"https:\/\/patagoniambiental.com.ar\/info\/"},{"@type":"ListItem","position":2,"name":"Conferencia a cargo del Dr. Alvaro Bello: Rutas, territorios y territorialidades transcordilleranas mapuche en los siglos XIX y XX."}]},{"@type":"WebSite","@id":"https:\/\/patagoniambiental.com.ar\/info\/#website","url":"https:\/\/patagoniambiental.com.ar\/info\/","name":"Patagonia Ambiental","description":"Monitoreo y an\u00e1lisis de la situaci\u00f3n geopol\u00edtica en el mundo y su implicancia en la Patagonia","publisher":{"@id":"https:\/\/patagoniambiental.com.ar\/info\/#organization"},"potentialAction":[{"@type":"SearchAction","target":{"@type":"EntryPoint","urlTemplate":"https:\/\/patagoniambiental.com.ar\/info\/?s={search_term_string}"},"query-input":{"@type":"PropertyValueSpecification","valueRequired":true,"valueName":"search_term_string"}}],"inLanguage":"es"},{"@type":"Organization","@id":"https:\/\/patagoniambiental.com.ar\/info\/#organization","name":"Patagonia Ambiental","url":"https:\/\/patagoniambiental.com.ar\/info\/","logo":{"@type":"ImageObject","inLanguage":"es","@id":"https:\/\/patagoniambiental.com.ar\/info\/#\/schema\/logo\/image\/","url":"https:\/\/patagoniambiental.com.ar\/info\/wp-content\/uploads\/2025\/05\/LOGO-PATAGONIA-AMBIENTAL.png","contentUrl":"https:\/\/patagoniambiental.com.ar\/info\/wp-content\/uploads\/2025\/05\/LOGO-PATAGONIA-AMBIENTAL.png","width":433,"height":250,"caption":"Patagonia Ambiental"},"image":{"@id":"https:\/\/patagoniambiental.com.ar\/info\/#\/schema\/logo\/image\/"},"sameAs":["https:\/\/www.facebook.com\/patagonia.ambiental","https:\/\/x.com\/PatAmb"]},{"@type":"Person","@id":"https:\/\/patagoniambiental.com.ar\/info\/#\/schema\/person\/e5af09d700b2e82cb10c6b8800e0c691","name":"BRAIAN ESTEVEZ","sameAs":["http:\/\/www.patagoniambiental.com.ar"]}]}},"_links":{"self":[{"href":"https:\/\/patagoniambiental.com.ar\/info\/wp-json\/wp\/v2\/posts\/74438","targetHints":{"allow":["GET"]}}],"collection":[{"href":"https:\/\/patagoniambiental.com.ar\/info\/wp-json\/wp\/v2\/posts"}],"about":[{"href":"https:\/\/patagoniambiental.com.ar\/info\/wp-json\/wp\/v2\/types\/post"}],"author":[{"embeddable":true,"href":"https:\/\/patagoniambiental.com.ar\/info\/wp-json\/wp\/v2\/users\/6"}],"replies":[{"embeddable":true,"href":"https:\/\/patagoniambiental.com.ar\/info\/wp-json\/wp\/v2\/comments?post=74438"}],"version-history":[{"count":0,"href":"https:\/\/patagoniambiental.com.ar\/info\/wp-json\/wp\/v2\/posts\/74438\/revisions"}],"wp:featuredmedia":[{"embeddable":true,"href":"https:\/\/patagoniambiental.com.ar\/info\/wp-json\/wp\/v2\/media\/74439"}],"wp:attachment":[{"href":"https:\/\/patagoniambiental.com.ar\/info\/wp-json\/wp\/v2\/media?parent=74438"}],"wp:term":[{"taxonomy":"category","embeddable":true,"href":"https:\/\/patagoniambiental.com.ar\/info\/wp-json\/wp\/v2\/categories?post=74438"},{"taxonomy":"post_tag","embeddable":true,"href":"https:\/\/patagoniambiental.com.ar\/info\/wp-json\/wp\/v2\/tags?post=74438"}],"curies":[{"name":"wp","href":"https:\/\/api.w.org\/{rel}","templated":true}]}}