{"id":74507,"date":"2021-11-04T07:00:00","date_gmt":"2021-11-04T10:00:00","guid":{"rendered":"http:\/\/patagoniambiental.com.ar\/info\/?p=74507"},"modified":"2021-11-04T09:48:30","modified_gmt":"2021-11-04T12:48:30","slug":"charla-hacer-ciencia-y-tecnologia-en-bariloche-hoy","status":"publish","type":"post","link":"https:\/\/patagoniambiental.com.ar\/info\/charla-hacer-ciencia-y-tecnologia-en-bariloche-hoy\/","title":{"rendered":"Charla Hacer ciencia y tecnolog\u00eda en Bariloche hoy"},"content":{"rendered":"\n<!--more-->\n\n\n\n<p><em>Bariloche, 3 de noviembre de 2021.-<\/em>&nbsp;&nbsp;El viernes 5 de noviembre a las 19 horas se realizar\u00e1 la charla \u201cHacer ciencia y tecnolog\u00eda en Bariloche hoy\u2026una&nbsp; mirada sobre alternativas de formaci\u00f3n acad\u00e9mica,&nbsp;la investigaci\u00f3n cient\u00edfica, el desarrollo tecnol\u00f3gico&nbsp;y los aspectos productivos\u201d a cargo de Eduardo Luis Nassif.&nbsp;<\/p>\n\n\n\n<p>El encuentro representa una recorrida sobre las instituciones de Ciencia y Tecnolog\u00eda en Bariloche, las opciones formativas desde la Academia y las capacidades de Desarrollo Tecnol\u00f3gico en nuestra ciudad.&nbsp;<\/p>\n\n\n\n<p>Tambi\u00e9n se realizar\u00e1 una breve rese\u00f1a de las capacidades y recursos que ofrecen Empresas, Universidades, Institutos, PYME\u00b4s, Empresas a las y los estudiantes, graduados y graduadas de disciplinas afines en Bariloche.&nbsp;<\/p>\n\n\n\n<p>En particular, se discutir\u00e1n algunos planes en marcha en el marco de la Vinculaci\u00f3n Tecnol\u00f3gica entre la UNRN e INVAP.<\/p>\n\n\n\n<p>El encuentro es organizado por la carrera de Ingenier\u00eda en Computaci\u00f3n de la Sede Andina de la Universidad Nacional de R\u00edo Negro y se enmarca en el Ciclo de Seminarios de Actualizaci\u00f3n en Ciencias Inform\u00e1ticas<strong><u><\/u><\/strong><\/p>\n\n\n\n<p>Viernes 5 de noviembre a las 19.00 por Zoom.<\/p>\n\n\n\n<p>Formulario de inscripci\u00f3n:&nbsp;<a href=\"https:\/\/forms.gle\/py77cQ1tv6MUVS247\" target=\"_blank\" rel=\"noreferrer noopener\">completar aqu\u00ed.<\/a><\/p>\n\n\n\n<p>Link del encuentro:&nbsp;<a href=\"https:\/\/unrn-edu-ar.zoom.us\/j\/81593892267?pwd=bkxsVFBaR1ZoaDdaVVlRK3ByVGxHdz09\" target=\"_blank\" rel=\"noreferrer noopener\">aqu\u00ed.<\/a><\/p>\n\n\n\n<p><strong>Perfil del expositor:<\/strong><\/p>\n\n\n\n<p><strong>Eduardo Luis Nassif<\/strong>\u00a0es\u00a0Doctor en F\u00edsica en la Universidad Nacional de La Plata. Ha realizado investigaci\u00f3n y diversos estudios de postgrado en la Universidad Nacional de\u00a0La Plata (Arg) y Max Planck Institut f\u00fcr Metallforschung \u2013\u00a0Stuttgart (Alemania). Tiene vasta experiencia como docente en el Depto. de F\u00edsica de la Facultad de Ingenier\u00eda de\u00a0la UBA, Profesor visitante en la Universidad Federal de Rio Grande do Sul (Porto\u00a0Alegre) y la Universidad de Sao Paulo (Brasil). Actualmente pertenece a INVAP en del Depto. de Instrumentaci\u00f3n\u00a0 y Control de la Gerencia de Proyectos Nucleares de INVAP S.E como Experto\u00a0Senior y Consultor en desarrollo de Sensores y en temas de Medici\u00f3n y\u00a0Monitoreo de Radiaciones, adem\u00e1s a participado de diversos proyecto en la Instituci\u00f3n, por ejemplo de desarrollo de un Tom\u00f3grafo de Resonancia Magn\u00e9tica por\u00a0Im\u00e1genes (NRMI), desarrollo de detectores de radiaci\u00f3n para facilidades nucleares, laboratorios\u00a0de F\u00edsica de altas Energ\u00edas \u2013 TANDAR, etc., desarrollo de Detectores y Dispositivos de\u00a0Medici\u00f3n de Radiaci\u00f3n para Facilidades Nucleares (Reactores de Investigaci\u00f3n\u00a0y Potencia, Plantas de Producci\u00f3n de Radiois\u00f3topos) y Plantas Industriales,\u00a0dise\u00f1o, Instalaci\u00f3n y Puesta en Marcha de los Sistemas de Monitoreo de Radiaci\u00f3n desarrollados por INVAP para los reactores OPAL (Sydney, Australia) y ETRR -2 (Cairo- Egipto) y para la Facilidad de Producci\u00f3n de Radiois\u00f3topos (RPF) en Egipto (1998). Colaborador en los proyectos RMB (Reactor Multiprop\u00f3sito Brasilero), PALLAS (Reactor de Investigaci\u00f3n para producci\u00f3n de Radiois\u00f3topos, Holanda), y en el desarrollo de nuevos dispositivos innovativos de medici\u00f3n de radiaci\u00f3n.\u00a0Asesor de la Gerencia General de INVAP S.E.\u00a0en temas de\u00a0 Vinculaci\u00f3n Tecnol\u00f3gica.\u00a0Vinculaci\u00f3n Tecnol\u00f3gica con Laboratorios Nacionales de EEUU (PNNL) y con\u00a0el CTBTO (organizaci\u00f3n del Tratado de Rechazo a los Ensayos Nucleares \u2013\u00a0Viena\/Austria) en el \u00e1rea de medici\u00f3n y an\u00e1lisis de las emisiones radiactivas de\u00a0plantas de producci\u00f3n de radiois\u00f3topos.\u00a0Autor\/Co-autor de cerca de 40 publicaciones en revistas cient\u00edficas\u00a0internacionales, y de m\u00e1s de 25 Presentaciones en Congresos internacionales\u00a0de la especialidad.<em>Adjuntamos gacetilla<br><\/em><br>&#8212;<br>Departamento de Comunicaci\u00f3nUniversidad Nacional de R\u00edo Negro &#8211; Sede Andina\u00a0Mitre 630 1\u00ba \u00abB\u00bb &#8211; San Carlos de Bariloche(0294) 474 6118<a rel=\"noreferrer noopener\" href=\"mailto:comunicacion.andina@unrn.edu.ar\" target=\"_blank\">comunicacion.andina@unrn.edu.ar<\/a><a rel=\"noreferrer noopener\" href=\"http:\/\/www.unrn.edu.ar\/\" target=\"_blank\">www.unrn.edu.ar<\/a>Facebook: @<a rel=\"noreferrer noopener\" href=\"https:\/\/www.facebook.com\/unrnsedeandina\" target=\"_blank\">unrnsedeandina<\/a><br>Twitter: @unrnsedeandina<br>Instagram: Instagram\/@unrionegro<a rel=\"noreferrer noopener\" href=\"http:\/\/www.unrn.tv\/\" target=\"_blank\">www.unrn.tv<\/a><br>www.raund.media<\/p>\n","protected":false},"excerpt":{"rendered":"","protected":false},"author":6,"featured_media":74508,"comment_status":"open","ping_status":"open","sticky":false,"template":"","format":"standard","meta":{"site-sidebar-layout":"default","site-content-layout":"","ast-site-content-layout":"default","site-content-style":"default","site-sidebar-style":"default","ast-global-header-display":"","ast-banner-title-visibility":"","ast-main-header-display":"","ast-hfb-above-header-display":"","ast-hfb-below-header-display":"","ast-hfb-mobile-header-display":"","site-post-title":"","ast-breadcrumbs-content":"","ast-featured-img":"","footer-sml-layout":"","ast-disable-related-posts":"","theme-transparent-header-meta":"","adv-header-id-meta":"","stick-header-meta":"","header-above-stick-meta":"","header-main-stick-meta":"","header-below-stick-meta":"","astra-migrate-meta-layouts":"default","ast-page-background-enabled":"default","ast-page-background-meta":{"desktop":{"background-color":"var(--ast-global-color-5)","background-image":"","background-repeat":"repeat","background-position":"center center","background-size":"auto","background-attachment":"scroll","background-type":"","background-media":"","overlay-type":"","overlay-color":"","overlay-opacity":"","overlay-gradient":""},"tablet":{"background-color":"","background-image":"","background-repeat":"repeat","background-position":"center center","background-size":"auto","background-attachment":"scroll","background-type":"","background-media":"","overlay-type":"","overlay-color":"","overlay-opacity":"","overlay-gradient":""},"mobile":{"background-color":"","background-image":"","background-repeat":"repeat","background-position":"center center","background-size":"auto","background-attachment":"scroll","background-type":"","background-media":"","overlay-type":"","overlay-color":"","overlay-opacity":"","overlay-gradient":""}},"ast-content-background-meta":{"desktop":{"background-color":"var(--ast-global-color-4)","background-image":"","background-repeat":"repeat","background-position":"center center","background-size":"auto","background-attachment":"scroll","background-type":"","background-media":"","overlay-type":"","overlay-color":"","overlay-opacity":"","overlay-gradient":""},"tablet":{"background-color":"var(--ast-global-color-4)","background-image":"","background-repeat":"repeat","background-position":"center center","background-size":"auto","background-attachment":"scroll","background-type":"","background-media":"","overlay-type":"","overlay-color":"","overlay-opacity":"","overlay-gradient":""},"mobile":{"background-color":"var(--ast-global-color-4)","background-image":"","background-repeat":"repeat","background-position":"center center","background-size":"auto","background-attachment":"scroll","background-type":"","background-media":"","overlay-type":"","overlay-color":"","overlay-opacity":"","overlay-gradient":""}},"footnotes":""},"categories":[12,11,1,10],"tags":[],"class_list":["post-74507","post","type-post","status-publish","format-standard","has-post-thumbnail","hentry","category-agenda-ambiental","category-boletin","category-noticias","category-rotador"],"yoast_head":"<!-- This site is optimized with the Yoast SEO Premium plugin v23.0 (Yoast SEO v27.5) - https:\/\/yoast.com\/product\/yoast-seo-premium-wordpress\/ -->\n<title>Charla Hacer ciencia y tecnolog\u00eda en Bariloche hoy<\/title>\n<meta name=\"robots\" content=\"index, follow, max-snippet:-1, max-image-preview:large, max-video-preview:-1\" \/>\n<link rel=\"canonical\" href=\"https:\/\/patagoniambiental.com.ar\/info\/charla-hacer-ciencia-y-tecnologia-en-bariloche-hoy\/\" \/>\n<meta property=\"og:locale\" content=\"es_ES\" \/>\n<meta property=\"og:type\" content=\"article\" \/>\n<meta property=\"og:title\" content=\"Charla Hacer ciencia y tecnolog\u00eda en Bariloche hoy\" \/>\n<meta property=\"og:url\" content=\"https:\/\/patagoniambiental.com.ar\/info\/charla-hacer-ciencia-y-tecnologia-en-bariloche-hoy\/\" \/>\n<meta property=\"og:site_name\" content=\"Patagonia Ambiental\" \/>\n<meta property=\"article:publisher\" content=\"https:\/\/www.facebook.com\/patagonia.ambiental\" \/>\n<meta property=\"article:published_time\" content=\"2021-11-04T10:00:00+00:00\" \/>\n<meta property=\"article:modified_time\" content=\"2021-11-04T12:48:30+00:00\" \/>\n<meta property=\"og:image\" content=\"https:\/\/patagoniambiental.com.ar\/info\/wp-content\/uploads\/2021\/11\/thumbnail_Charla-Ciencia-Tecnologia.jpg\" \/>\n\t<meta property=\"og:image:width\" content=\"1280\" \/>\n\t<meta property=\"og:image:height\" content=\"720\" \/>\n\t<meta property=\"og:image:type\" content=\"image\/jpeg\" \/>\n<meta name=\"author\" content=\"BRAIAN ESTEVEZ\" \/>\n<meta name=\"twitter:card\" content=\"summary_large_image\" \/>\n<meta name=\"twitter:creator\" content=\"@PatAmb\" \/>\n<meta name=\"twitter:site\" content=\"@PatAmb\" \/>\n<script type=\"application\/ld+json\" class=\"yoast-schema-graph\">{\"@context\":\"https:\\\/\\\/schema.org\",\"@graph\":[{\"@type\":\"Article\",\"@id\":\"https:\\\/\\\/patagoniambiental.com.ar\\\/info\\\/charla-hacer-ciencia-y-tecnologia-en-bariloche-hoy\\\/#article\",\"isPartOf\":{\"@id\":\"https:\\\/\\\/patagoniambiental.com.ar\\\/info\\\/charla-hacer-ciencia-y-tecnologia-en-bariloche-hoy\\\/\"},\"author\":{\"name\":\"BRAIAN ESTEVEZ\",\"@id\":\"https:\\\/\\\/patagoniambiental.com.ar\\\/info\\\/#\\\/schema\\\/person\\\/e5af09d700b2e82cb10c6b8800e0c691\"},\"headline\":\"Charla Hacer ciencia y tecnolog\u00eda en Bariloche hoy\",\"datePublished\":\"2021-11-04T10:00:00+00:00\",\"dateModified\":\"2021-11-04T12:48:30+00:00\",\"mainEntityOfPage\":{\"@id\":\"https:\\\/\\\/patagoniambiental.com.ar\\\/info\\\/charla-hacer-ciencia-y-tecnologia-en-bariloche-hoy\\\/\"},\"wordCount\":621,\"commentCount\":0,\"publisher\":{\"@id\":\"https:\\\/\\\/patagoniambiental.com.ar\\\/info\\\/#organization\"},\"image\":{\"@id\":\"https:\\\/\\\/patagoniambiental.com.ar\\\/info\\\/charla-hacer-ciencia-y-tecnologia-en-bariloche-hoy\\\/#primaryimage\"},\"thumbnailUrl\":\"https:\\\/\\\/patagoniambiental.com.ar\\\/info\\\/wp-content\\\/uploads\\\/2021\\\/11\\\/thumbnail_Charla-Ciencia-Tecnologia.jpg\",\"articleSection\":[\"Agenda Ambiental\",\"Bolet\u00edn\",\"Noticias\",\"Rotador\"],\"inLanguage\":\"es\",\"potentialAction\":[{\"@type\":\"CommentAction\",\"name\":\"Comment\",\"target\":[\"https:\\\/\\\/patagoniambiental.com.ar\\\/info\\\/charla-hacer-ciencia-y-tecnologia-en-bariloche-hoy\\\/#respond\"]}]},{\"@type\":\"WebPage\",\"@id\":\"https:\\\/\\\/patagoniambiental.com.ar\\\/info\\\/charla-hacer-ciencia-y-tecnologia-en-bariloche-hoy\\\/\",\"url\":\"https:\\\/\\\/patagoniambiental.com.ar\\\/info\\\/charla-hacer-ciencia-y-tecnologia-en-bariloche-hoy\\\/\",\"name\":\"Charla Hacer ciencia y tecnolog\u00eda en Bariloche hoy\",\"isPartOf\":{\"@id\":\"https:\\\/\\\/patagoniambiental.com.ar\\\/info\\\/#website\"},\"primaryImageOfPage\":{\"@id\":\"https:\\\/\\\/patagoniambiental.com.ar\\\/info\\\/charla-hacer-ciencia-y-tecnologia-en-bariloche-hoy\\\/#primaryimage\"},\"image\":{\"@id\":\"https:\\\/\\\/patagoniambiental.com.ar\\\/info\\\/charla-hacer-ciencia-y-tecnologia-en-bariloche-hoy\\\/#primaryimage\"},\"thumbnailUrl\":\"https:\\\/\\\/patagoniambiental.com.ar\\\/info\\\/wp-content\\\/uploads\\\/2021\\\/11\\\/thumbnail_Charla-Ciencia-Tecnologia.jpg\",\"datePublished\":\"2021-11-04T10:00:00+00:00\",\"dateModified\":\"2021-11-04T12:48:30+00:00\",\"breadcrumb\":{\"@id\":\"https:\\\/\\\/patagoniambiental.com.ar\\\/info\\\/charla-hacer-ciencia-y-tecnologia-en-bariloche-hoy\\\/#breadcrumb\"},\"inLanguage\":\"es\",\"potentialAction\":[{\"@type\":\"ReadAction\",\"target\":[\"https:\\\/\\\/patagoniambiental.com.ar\\\/info\\\/charla-hacer-ciencia-y-tecnologia-en-bariloche-hoy\\\/\"]}]},{\"@type\":\"ImageObject\",\"inLanguage\":\"es\",\"@id\":\"https:\\\/\\\/patagoniambiental.com.ar\\\/info\\\/charla-hacer-ciencia-y-tecnologia-en-bariloche-hoy\\\/#primaryimage\",\"url\":\"https:\\\/\\\/patagoniambiental.com.ar\\\/info\\\/wp-content\\\/uploads\\\/2021\\\/11\\\/thumbnail_Charla-Ciencia-Tecnologia.jpg\",\"contentUrl\":\"https:\\\/\\\/patagoniambiental.com.ar\\\/info\\\/wp-content\\\/uploads\\\/2021\\\/11\\\/thumbnail_Charla-Ciencia-Tecnologia.jpg\",\"width\":1067,\"height\":600},{\"@type\":\"BreadcrumbList\",\"@id\":\"https:\\\/\\\/patagoniambiental.com.ar\\\/info\\\/charla-hacer-ciencia-y-tecnologia-en-bariloche-hoy\\\/#breadcrumb\",\"itemListElement\":[{\"@type\":\"ListItem\",\"position\":1,\"name\":\"Inicio\",\"item\":\"https:\\\/\\\/patagoniambiental.com.ar\\\/info\\\/\"},{\"@type\":\"ListItem\",\"position\":2,\"name\":\"Charla Hacer ciencia y tecnolog\u00eda en Bariloche hoy\"}]},{\"@type\":\"WebSite\",\"@id\":\"https:\\\/\\\/patagoniambiental.com.ar\\\/info\\\/#website\",\"url\":\"https:\\\/\\\/patagoniambiental.com.ar\\\/info\\\/\",\"name\":\"Patagonia Ambiental\",\"description\":\"Monitoreo y an\u00e1lisis de la situaci\u00f3n geopol\u00edtica en el mundo y su implicancia en la Patagonia\",\"publisher\":{\"@id\":\"https:\\\/\\\/patagoniambiental.com.ar\\\/info\\\/#organization\"},\"potentialAction\":[{\"@type\":\"SearchAction\",\"target\":{\"@type\":\"EntryPoint\",\"urlTemplate\":\"https:\\\/\\\/patagoniambiental.com.ar\\\/info\\\/?s={search_term_string}\"},\"query-input\":{\"@type\":\"PropertyValueSpecification\",\"valueRequired\":true,\"valueName\":\"search_term_string\"}}],\"inLanguage\":\"es\"},{\"@type\":\"Organization\",\"@id\":\"https:\\\/\\\/patagoniambiental.com.ar\\\/info\\\/#organization\",\"name\":\"Patagonia Ambiental\",\"url\":\"https:\\\/\\\/patagoniambiental.com.ar\\\/info\\\/\",\"logo\":{\"@type\":\"ImageObject\",\"inLanguage\":\"es\",\"@id\":\"https:\\\/\\\/patagoniambiental.com.ar\\\/info\\\/#\\\/schema\\\/logo\\\/image\\\/\",\"url\":\"https:\\\/\\\/patagoniambiental.com.ar\\\/info\\\/wp-content\\\/uploads\\\/2025\\\/05\\\/LOGO-PATAGONIA-AMBIENTAL.png\",\"contentUrl\":\"https:\\\/\\\/patagoniambiental.com.ar\\\/info\\\/wp-content\\\/uploads\\\/2025\\\/05\\\/LOGO-PATAGONIA-AMBIENTAL.png\",\"width\":433,\"height\":250,\"caption\":\"Patagonia Ambiental\"},\"image\":{\"@id\":\"https:\\\/\\\/patagoniambiental.com.ar\\\/info\\\/#\\\/schema\\\/logo\\\/image\\\/\"},\"sameAs\":[\"https:\\\/\\\/www.facebook.com\\\/patagonia.ambiental\",\"https:\\\/\\\/x.com\\\/PatAmb\"]},{\"@type\":\"Person\",\"@id\":\"https:\\\/\\\/patagoniambiental.com.ar\\\/info\\\/#\\\/schema\\\/person\\\/e5af09d700b2e82cb10c6b8800e0c691\",\"name\":\"BRAIAN ESTEVEZ\",\"sameAs\":[\"http:\\\/\\\/www.patagoniambiental.com.ar\"]}]}<\/script>\n<!-- \/ Yoast SEO Premium plugin. -->","yoast_head_json":{"title":"Charla Hacer ciencia y tecnolog\u00eda en Bariloche hoy","robots":{"index":"index","follow":"follow","max-snippet":"max-snippet:-1","max-image-preview":"max-image-preview:large","max-video-preview":"max-video-preview:-1"},"canonical":"https:\/\/patagoniambiental.com.ar\/info\/charla-hacer-ciencia-y-tecnologia-en-bariloche-hoy\/","og_locale":"es_ES","og_type":"article","og_title":"Charla Hacer ciencia y tecnolog\u00eda en Bariloche hoy","og_url":"https:\/\/patagoniambiental.com.ar\/info\/charla-hacer-ciencia-y-tecnologia-en-bariloche-hoy\/","og_site_name":"Patagonia Ambiental","article_publisher":"https:\/\/www.facebook.com\/patagonia.ambiental","article_published_time":"2021-11-04T10:00:00+00:00","article_modified_time":"2021-11-04T12:48:30+00:00","og_image":[{"width":1280,"height":720,"url":"https:\/\/patagoniambiental.com.ar\/info\/wp-content\/uploads\/2021\/11\/thumbnail_Charla-Ciencia-Tecnologia.jpg","type":"image\/jpeg"}],"author":"BRAIAN ESTEVEZ","twitter_card":"summary_large_image","twitter_creator":"@PatAmb","twitter_site":"@PatAmb","schema":{"@context":"https:\/\/schema.org","@graph":[{"@type":"Article","@id":"https:\/\/patagoniambiental.com.ar\/info\/charla-hacer-ciencia-y-tecnologia-en-bariloche-hoy\/#article","isPartOf":{"@id":"https:\/\/patagoniambiental.com.ar\/info\/charla-hacer-ciencia-y-tecnologia-en-bariloche-hoy\/"},"author":{"name":"BRAIAN ESTEVEZ","@id":"https:\/\/patagoniambiental.com.ar\/info\/#\/schema\/person\/e5af09d700b2e82cb10c6b8800e0c691"},"headline":"Charla Hacer ciencia y tecnolog\u00eda en Bariloche hoy","datePublished":"2021-11-04T10:00:00+00:00","dateModified":"2021-11-04T12:48:30+00:00","mainEntityOfPage":{"@id":"https:\/\/patagoniambiental.com.ar\/info\/charla-hacer-ciencia-y-tecnologia-en-bariloche-hoy\/"},"wordCount":621,"commentCount":0,"publisher":{"@id":"https:\/\/patagoniambiental.com.ar\/info\/#organization"},"image":{"@id":"https:\/\/patagoniambiental.com.ar\/info\/charla-hacer-ciencia-y-tecnologia-en-bariloche-hoy\/#primaryimage"},"thumbnailUrl":"https:\/\/patagoniambiental.com.ar\/info\/wp-content\/uploads\/2021\/11\/thumbnail_Charla-Ciencia-Tecnologia.jpg","articleSection":["Agenda Ambiental","Bolet\u00edn","Noticias","Rotador"],"inLanguage":"es","potentialAction":[{"@type":"CommentAction","name":"Comment","target":["https:\/\/patagoniambiental.com.ar\/info\/charla-hacer-ciencia-y-tecnologia-en-bariloche-hoy\/#respond"]}]},{"@type":"WebPage","@id":"https:\/\/patagoniambiental.com.ar\/info\/charla-hacer-ciencia-y-tecnologia-en-bariloche-hoy\/","url":"https:\/\/patagoniambiental.com.ar\/info\/charla-hacer-ciencia-y-tecnologia-en-bariloche-hoy\/","name":"Charla Hacer ciencia y tecnolog\u00eda en Bariloche hoy","isPartOf":{"@id":"https:\/\/patagoniambiental.com.ar\/info\/#website"},"primaryImageOfPage":{"@id":"https:\/\/patagoniambiental.com.ar\/info\/charla-hacer-ciencia-y-tecnologia-en-bariloche-hoy\/#primaryimage"},"image":{"@id":"https:\/\/patagoniambiental.com.ar\/info\/charla-hacer-ciencia-y-tecnologia-en-bariloche-hoy\/#primaryimage"},"thumbnailUrl":"https:\/\/patagoniambiental.com.ar\/info\/wp-content\/uploads\/2021\/11\/thumbnail_Charla-Ciencia-Tecnologia.jpg","datePublished":"2021-11-04T10:00:00+00:00","dateModified":"2021-11-04T12:48:30+00:00","breadcrumb":{"@id":"https:\/\/patagoniambiental.com.ar\/info\/charla-hacer-ciencia-y-tecnologia-en-bariloche-hoy\/#breadcrumb"},"inLanguage":"es","potentialAction":[{"@type":"ReadAction","target":["https:\/\/patagoniambiental.com.ar\/info\/charla-hacer-ciencia-y-tecnologia-en-bariloche-hoy\/"]}]},{"@type":"ImageObject","inLanguage":"es","@id":"https:\/\/patagoniambiental.com.ar\/info\/charla-hacer-ciencia-y-tecnologia-en-bariloche-hoy\/#primaryimage","url":"https:\/\/patagoniambiental.com.ar\/info\/wp-content\/uploads\/2021\/11\/thumbnail_Charla-Ciencia-Tecnologia.jpg","contentUrl":"https:\/\/patagoniambiental.com.ar\/info\/wp-content\/uploads\/2021\/11\/thumbnail_Charla-Ciencia-Tecnologia.jpg","width":1067,"height":600},{"@type":"BreadcrumbList","@id":"https:\/\/patagoniambiental.com.ar\/info\/charla-hacer-ciencia-y-tecnologia-en-bariloche-hoy\/#breadcrumb","itemListElement":[{"@type":"ListItem","position":1,"name":"Inicio","item":"https:\/\/patagoniambiental.com.ar\/info\/"},{"@type":"ListItem","position":2,"name":"Charla Hacer ciencia y tecnolog\u00eda en Bariloche hoy"}]},{"@type":"WebSite","@id":"https:\/\/patagoniambiental.com.ar\/info\/#website","url":"https:\/\/patagoniambiental.com.ar\/info\/","name":"Patagonia Ambiental","description":"Monitoreo y an\u00e1lisis de la situaci\u00f3n geopol\u00edtica en el mundo y su implicancia en la Patagonia","publisher":{"@id":"https:\/\/patagoniambiental.com.ar\/info\/#organization"},"potentialAction":[{"@type":"SearchAction","target":{"@type":"EntryPoint","urlTemplate":"https:\/\/patagoniambiental.com.ar\/info\/?s={search_term_string}"},"query-input":{"@type":"PropertyValueSpecification","valueRequired":true,"valueName":"search_term_string"}}],"inLanguage":"es"},{"@type":"Organization","@id":"https:\/\/patagoniambiental.com.ar\/info\/#organization","name":"Patagonia Ambiental","url":"https:\/\/patagoniambiental.com.ar\/info\/","logo":{"@type":"ImageObject","inLanguage":"es","@id":"https:\/\/patagoniambiental.com.ar\/info\/#\/schema\/logo\/image\/","url":"https:\/\/patagoniambiental.com.ar\/info\/wp-content\/uploads\/2025\/05\/LOGO-PATAGONIA-AMBIENTAL.png","contentUrl":"https:\/\/patagoniambiental.com.ar\/info\/wp-content\/uploads\/2025\/05\/LOGO-PATAGONIA-AMBIENTAL.png","width":433,"height":250,"caption":"Patagonia Ambiental"},"image":{"@id":"https:\/\/patagoniambiental.com.ar\/info\/#\/schema\/logo\/image\/"},"sameAs":["https:\/\/www.facebook.com\/patagonia.ambiental","https:\/\/x.com\/PatAmb"]},{"@type":"Person","@id":"https:\/\/patagoniambiental.com.ar\/info\/#\/schema\/person\/e5af09d700b2e82cb10c6b8800e0c691","name":"BRAIAN ESTEVEZ","sameAs":["http:\/\/www.patagoniambiental.com.ar"]}]}},"_links":{"self":[{"href":"https:\/\/patagoniambiental.com.ar\/info\/wp-json\/wp\/v2\/posts\/74507","targetHints":{"allow":["GET"]}}],"collection":[{"href":"https:\/\/patagoniambiental.com.ar\/info\/wp-json\/wp\/v2\/posts"}],"about":[{"href":"https:\/\/patagoniambiental.com.ar\/info\/wp-json\/wp\/v2\/types\/post"}],"author":[{"embeddable":true,"href":"https:\/\/patagoniambiental.com.ar\/info\/wp-json\/wp\/v2\/users\/6"}],"replies":[{"embeddable":true,"href":"https:\/\/patagoniambiental.com.ar\/info\/wp-json\/wp\/v2\/comments?post=74507"}],"version-history":[{"count":0,"href":"https:\/\/patagoniambiental.com.ar\/info\/wp-json\/wp\/v2\/posts\/74507\/revisions"}],"wp:featuredmedia":[{"embeddable":true,"href":"https:\/\/patagoniambiental.com.ar\/info\/wp-json\/wp\/v2\/media\/74508"}],"wp:attachment":[{"href":"https:\/\/patagoniambiental.com.ar\/info\/wp-json\/wp\/v2\/media?parent=74507"}],"wp:term":[{"taxonomy":"category","embeddable":true,"href":"https:\/\/patagoniambiental.com.ar\/info\/wp-json\/wp\/v2\/categories?post=74507"},{"taxonomy":"post_tag","embeddable":true,"href":"https:\/\/patagoniambiental.com.ar\/info\/wp-json\/wp\/v2\/tags?post=74507"}],"curies":[{"name":"wp","href":"https:\/\/api.w.org\/{rel}","templated":true}]}}