{"id":74510,"date":"2021-11-03T19:00:00","date_gmt":"2021-11-03T22:00:00","guid":{"rendered":"http:\/\/patagoniambiental.com.ar\/info\/?p=74510"},"modified":"2021-11-04T10:02:43","modified_gmt":"2021-11-04T13:02:43","slug":"comienza-el-lanzamiento-de-la-semana-de-chubut-sustentable","status":"publish","type":"post","link":"https:\/\/patagoniambiental.com.ar\/info\/comienza-el-lanzamiento-de-la-semana-de-chubut-sustentable\/","title":{"rendered":"Comienza el lanzamiento de la \u201cSemana de Chubut sustentable\u201d"},"content":{"rendered":"\n<!--more-->\n\n\n\n<p>El intendente de Puerto Madryn, Gustavo Sastre, encabez\u00f3 el lanzamiento de la \u201cXLIII Reuni\u00f3n de Trabajo y Exposici\u00f3n en Energ\u00edas Renovables y Ambiente ASADES 2021\u201d, organizada por el Municipio, el Parque Tecnol\u00f3gico, la Universidad Nacional de la Patagonia \u201cSan Juan Bosco\u201d y la Asociaci\u00f3n Argentina de Energ\u00edas Renovables y Ambiente.<\/p>\n\n\n\n<p><\/p>\n\n\n\n<figure class=\"wp-block-image\"><img decoding=\"async\" src=\"https:\/\/pxb.cdn.elchubut.com.ar\/chubut\/112021\/1635815649005.webp?cw=1315&amp;ch=749&amp;extw=jpg\" alt=\"Comienza el lanzamiento de la \u201cSemana de Chubut sustentable\u201d\" title=\"Comienza el lanzamiento de la \u201cSemana de Chubut sustentable\u201d\"\/><\/figure>\n\n\n\n<p>Bajo el lema \u201cSemana Chubut Sustentable\u201d, ser\u00e1n desarrolladas en la ciudad distintas actividades vinculadas a las tem\u00e1ticas de energ\u00edas renovables y al medio ambiente, convirtiendo a la localidad, en nueva sede de un evento de car\u00e1cter internacional. Las acciones se llevar\u00e1n a cabo de manera virtual y hasta el viernes pr\u00f3ximo.<\/p>\n\n\n\n<p>El programa<\/p>\n\n\n\n<p>Puntualmente, uno de los ejes tem\u00e1ticos ser\u00e1 la 42\u00b0 reuni\u00f3n de trabajo de la ASADES, que convoca anualmente a investigadores, cient\u00edficos y profesionales de organismos p\u00fablicos y privados, involucrados en el aprovechamiento de recursos renovables, el uso racional de la energ\u00eda, el dise\u00f1o ambiental consciente y el cuidado ambiental.<br>Al mismo tiempo, se desarrollar\u00e1 el cuarto encuentro nacional de innovaci\u00f3n en el sector el\u00e9ctrico, con el fin de nuclear a los diferentes actores que trabajan para impulsar la transici\u00f3n hacia una matriz el\u00e9ctrica sostenible en el pa\u00eds. Por \u00faltimo, se ejecutar\u00e1 la Expo Renovables, que apunta a generar un punto de encuentro estrat\u00e9gico para la capacitaci\u00f3n, el conocimiento y los negocios relacionados con las energ\u00edas renovables, la arquitectura sustentable y el cuidado del ambiente.<br>&nbsp;Por otra parte, se llev\u00f3 a cabo en la Universidad Nacional de la Patagonia \u201cSan Juan Bosco\u201d, la firma de la escritura de dominio a trav\u00e9s de la cual la Municipalidad de Puerto Madryn transfiri\u00f3 las tierras a la asociaci\u00f3n civil Parque Tecnol\u00f3gico.<\/p>\n\n\n\n<p>Parque Tecnologico<\/p>\n\n\n\n<p>Al respecto, el Intendente dijo: \u201cEs un momento muy importante poder anunciar estas actividades, ya que para nosotros la ciencia, la tecnolog\u00eda y las energ\u00edas renovables son prioridades. A pesar de todos los avatares y las consecuencias que vivimos por la pandemia, seguimos avanzando y gestionando para fortalecer a nuestra ciudad como polo tecnol\u00f3gico e industrial\u201d.<br>Luego agreg\u00f3: \u201cEstas acciones son resultado de las labores que realizamos dentro de un gran equipo de trabajo conformado por el Municipio, empresas e instituciones educativas de la ciudad. Seguiremos avanzando para que Puerto Madryn sea un polo industrial y tecnol\u00f3gico de la Patagonia\u201d.<\/p>\n\n\n\n<p>Inscripciones<\/p>\n\n\n\n<p>Si bien ya iniciaron las actividades, las inscripciones contin\u00faan y se hacen de manera virtual a trav\u00e9s de la p\u00e1gina\u00a0asades21.ar, si bien las jornadas son gratuitas, quienes deseen participar deben anotarse.<\/p>\n\n\n\n<p>Fuente: https:\/\/www.elchubut.com.ar\/puerto-madryn\/2021-11-1-22-14-0-comienza-el-lanzamiento-de-la-semana-de-chubut-sustentable<\/p>\n","protected":false},"excerpt":{"rendered":"","protected":false},"author":6,"featured_media":74511,"comment_status":"open","ping_status":"open","sticky":false,"template":"","format":"standard","meta":{"site-sidebar-layout":"default","site-content-layout":"","ast-site-content-layout":"default","site-content-style":"default","site-sidebar-style":"default","ast-global-header-display":"","ast-banner-title-visibility":"","ast-main-header-display":"","ast-hfb-above-header-display":"","ast-hfb-below-header-display":"","ast-hfb-mobile-header-display":"","site-post-title":"","ast-breadcrumbs-content":"","ast-featured-img":"","footer-sml-layout":"","ast-disable-related-posts":"","theme-transparent-header-meta":"","adv-header-id-meta":"","stick-header-meta":"","header-above-stick-meta":"","header-main-stick-meta":"","header-below-stick-meta":"","astra-migrate-meta-layouts":"default","ast-page-background-enabled":"default","ast-page-background-meta":{"desktop":{"background-color":"var(--ast-global-color-5)","background-image":"","background-repeat":"repeat","background-position":"center center","background-size":"auto","background-attachment":"scroll","background-type":"","background-media":"","overlay-type":"","overlay-color":"","overlay-opacity":"","overlay-gradient":""},"tablet":{"background-color":"","background-image":"","background-repeat":"repeat","background-position":"center center","background-size":"auto","background-attachment":"scroll","background-type":"","background-media":"","overlay-type":"","overlay-color":"","overlay-opacity":"","overlay-gradient":""},"mobile":{"background-color":"","background-image":"","background-repeat":"repeat","background-position":"center center","background-size":"auto","background-attachment":"scroll","background-type":"","background-media":"","overlay-type":"","overlay-color":"","overlay-opacity":"","overlay-gradient":""}},"ast-content-background-meta":{"desktop":{"background-color":"var(--ast-global-color-4)","background-image":"","background-repeat":"repeat","background-position":"center center","background-size":"auto","background-attachment":"scroll","background-type":"","background-media":"","overlay-type":"","overlay-color":"","overlay-opacity":"","overlay-gradient":""},"tablet":{"background-color":"var(--ast-global-color-4)","background-image":"","background-repeat":"repeat","background-position":"center center","background-size":"auto","background-attachment":"scroll","background-type":"","background-media":"","overlay-type":"","overlay-color":"","overlay-opacity":"","overlay-gradient":""},"mobile":{"background-color":"var(--ast-global-color-4)","background-image":"","background-repeat":"repeat","background-position":"center center","background-size":"auto","background-attachment":"scroll","background-type":"","background-media":"","overlay-type":"","overlay-color":"","overlay-opacity":"","overlay-gradient":""}},"footnotes":""},"categories":[12,1],"tags":[],"class_list":["post-74510","post","type-post","status-publish","format-standard","has-post-thumbnail","hentry","category-agenda-ambiental","category-noticias"],"yoast_head":"<!-- This site is optimized with the Yoast SEO Premium plugin v23.0 (Yoast SEO v27.5) - https:\/\/yoast.com\/product\/yoast-seo-premium-wordpress\/ -->\n<title>Comienza el lanzamiento de la \u201cSemana de Chubut sustentable\u201d<\/title>\n<meta name=\"robots\" content=\"index, follow, max-snippet:-1, max-image-preview:large, max-video-preview:-1\" \/>\n<link rel=\"canonical\" href=\"https:\/\/patagoniambiental.com.ar\/info\/comienza-el-lanzamiento-de-la-semana-de-chubut-sustentable\/\" \/>\n<meta property=\"og:locale\" content=\"es_ES\" \/>\n<meta property=\"og:type\" content=\"article\" \/>\n<meta property=\"og:title\" content=\"Comienza el lanzamiento de la \u201cSemana de Chubut sustentable\u201d\" \/>\n<meta property=\"og:url\" content=\"https:\/\/patagoniambiental.com.ar\/info\/comienza-el-lanzamiento-de-la-semana-de-chubut-sustentable\/\" \/>\n<meta property=\"og:site_name\" content=\"Patagonia Ambiental\" \/>\n<meta property=\"article:publisher\" content=\"https:\/\/www.facebook.com\/patagonia.ambiental\" \/>\n<meta property=\"article:published_time\" content=\"2021-11-03T22:00:00+00:00\" \/>\n<meta property=\"article:modified_time\" content=\"2021-11-04T13:02:43+00:00\" \/>\n<meta property=\"og:image\" content=\"https:\/\/patagoniambiental.com.ar\/info\/wp-content\/uploads\/2021\/11\/Sin-titulo-2.jpg\" \/>\n\t<meta property=\"og:image:width\" content=\"881\" \/>\n\t<meta property=\"og:image:height\" content=\"411\" \/>\n\t<meta property=\"og:image:type\" content=\"image\/jpeg\" \/>\n<meta name=\"author\" content=\"BRAIAN ESTEVEZ\" \/>\n<meta name=\"twitter:card\" content=\"summary_large_image\" \/>\n<meta name=\"twitter:creator\" content=\"@PatAmb\" \/>\n<meta name=\"twitter:site\" content=\"@PatAmb\" \/>\n<script type=\"application\/ld+json\" class=\"yoast-schema-graph\">{\"@context\":\"https:\\\/\\\/schema.org\",\"@graph\":[{\"@type\":\"Article\",\"@id\":\"https:\\\/\\\/patagoniambiental.com.ar\\\/info\\\/comienza-el-lanzamiento-de-la-semana-de-chubut-sustentable\\\/#article\",\"isPartOf\":{\"@id\":\"https:\\\/\\\/patagoniambiental.com.ar\\\/info\\\/comienza-el-lanzamiento-de-la-semana-de-chubut-sustentable\\\/\"},\"author\":{\"name\":\"BRAIAN ESTEVEZ\",\"@id\":\"https:\\\/\\\/patagoniambiental.com.ar\\\/info\\\/#\\\/schema\\\/person\\\/e5af09d700b2e82cb10c6b8800e0c691\"},\"headline\":\"Comienza el lanzamiento de la \u201cSemana de Chubut sustentable\u201d\",\"datePublished\":\"2021-11-03T22:00:00+00:00\",\"dateModified\":\"2021-11-04T13:02:43+00:00\",\"mainEntityOfPage\":{\"@id\":\"https:\\\/\\\/patagoniambiental.com.ar\\\/info\\\/comienza-el-lanzamiento-de-la-semana-de-chubut-sustentable\\\/\"},\"wordCount\":463,\"commentCount\":0,\"publisher\":{\"@id\":\"https:\\\/\\\/patagoniambiental.com.ar\\\/info\\\/#organization\"},\"image\":{\"@id\":\"https:\\\/\\\/patagoniambiental.com.ar\\\/info\\\/comienza-el-lanzamiento-de-la-semana-de-chubut-sustentable\\\/#primaryimage\"},\"thumbnailUrl\":\"https:\\\/\\\/patagoniambiental.com.ar\\\/info\\\/wp-content\\\/uploads\\\/2021\\\/11\\\/Sin-titulo-2.jpg\",\"articleSection\":[\"Agenda Ambiental\",\"Noticias\"],\"inLanguage\":\"es\",\"potentialAction\":[{\"@type\":\"CommentAction\",\"name\":\"Comment\",\"target\":[\"https:\\\/\\\/patagoniambiental.com.ar\\\/info\\\/comienza-el-lanzamiento-de-la-semana-de-chubut-sustentable\\\/#respond\"]}]},{\"@type\":\"WebPage\",\"@id\":\"https:\\\/\\\/patagoniambiental.com.ar\\\/info\\\/comienza-el-lanzamiento-de-la-semana-de-chubut-sustentable\\\/\",\"url\":\"https:\\\/\\\/patagoniambiental.com.ar\\\/info\\\/comienza-el-lanzamiento-de-la-semana-de-chubut-sustentable\\\/\",\"name\":\"Comienza el lanzamiento de la \u201cSemana de Chubut sustentable\u201d\",\"isPartOf\":{\"@id\":\"https:\\\/\\\/patagoniambiental.com.ar\\\/info\\\/#website\"},\"primaryImageOfPage\":{\"@id\":\"https:\\\/\\\/patagoniambiental.com.ar\\\/info\\\/comienza-el-lanzamiento-de-la-semana-de-chubut-sustentable\\\/#primaryimage\"},\"image\":{\"@id\":\"https:\\\/\\\/patagoniambiental.com.ar\\\/info\\\/comienza-el-lanzamiento-de-la-semana-de-chubut-sustentable\\\/#primaryimage\"},\"thumbnailUrl\":\"https:\\\/\\\/patagoniambiental.com.ar\\\/info\\\/wp-content\\\/uploads\\\/2021\\\/11\\\/Sin-titulo-2.jpg\",\"datePublished\":\"2021-11-03T22:00:00+00:00\",\"dateModified\":\"2021-11-04T13:02:43+00:00\",\"breadcrumb\":{\"@id\":\"https:\\\/\\\/patagoniambiental.com.ar\\\/info\\\/comienza-el-lanzamiento-de-la-semana-de-chubut-sustentable\\\/#breadcrumb\"},\"inLanguage\":\"es\",\"potentialAction\":[{\"@type\":\"ReadAction\",\"target\":[\"https:\\\/\\\/patagoniambiental.com.ar\\\/info\\\/comienza-el-lanzamiento-de-la-semana-de-chubut-sustentable\\\/\"]}]},{\"@type\":\"ImageObject\",\"inLanguage\":\"es\",\"@id\":\"https:\\\/\\\/patagoniambiental.com.ar\\\/info\\\/comienza-el-lanzamiento-de-la-semana-de-chubut-sustentable\\\/#primaryimage\",\"url\":\"https:\\\/\\\/patagoniambiental.com.ar\\\/info\\\/wp-content\\\/uploads\\\/2021\\\/11\\\/Sin-titulo-2.jpg\",\"contentUrl\":\"https:\\\/\\\/patagoniambiental.com.ar\\\/info\\\/wp-content\\\/uploads\\\/2021\\\/11\\\/Sin-titulo-2.jpg\",\"width\":881,\"height\":411},{\"@type\":\"BreadcrumbList\",\"@id\":\"https:\\\/\\\/patagoniambiental.com.ar\\\/info\\\/comienza-el-lanzamiento-de-la-semana-de-chubut-sustentable\\\/#breadcrumb\",\"itemListElement\":[{\"@type\":\"ListItem\",\"position\":1,\"name\":\"Inicio\",\"item\":\"https:\\\/\\\/patagoniambiental.com.ar\\\/info\\\/\"},{\"@type\":\"ListItem\",\"position\":2,\"name\":\"Comienza el lanzamiento de la \u201cSemana de Chubut sustentable\u201d\"}]},{\"@type\":\"WebSite\",\"@id\":\"https:\\\/\\\/patagoniambiental.com.ar\\\/info\\\/#website\",\"url\":\"https:\\\/\\\/patagoniambiental.com.ar\\\/info\\\/\",\"name\":\"Patagonia Ambiental\",\"description\":\"Monitoreo y an\u00e1lisis de la situaci\u00f3n geopol\u00edtica en el mundo y su implicancia en la Patagonia\",\"publisher\":{\"@id\":\"https:\\\/\\\/patagoniambiental.com.ar\\\/info\\\/#organization\"},\"potentialAction\":[{\"@type\":\"SearchAction\",\"target\":{\"@type\":\"EntryPoint\",\"urlTemplate\":\"https:\\\/\\\/patagoniambiental.com.ar\\\/info\\\/?s={search_term_string}\"},\"query-input\":{\"@type\":\"PropertyValueSpecification\",\"valueRequired\":true,\"valueName\":\"search_term_string\"}}],\"inLanguage\":\"es\"},{\"@type\":\"Organization\",\"@id\":\"https:\\\/\\\/patagoniambiental.com.ar\\\/info\\\/#organization\",\"name\":\"Patagonia Ambiental\",\"url\":\"https:\\\/\\\/patagoniambiental.com.ar\\\/info\\\/\",\"logo\":{\"@type\":\"ImageObject\",\"inLanguage\":\"es\",\"@id\":\"https:\\\/\\\/patagoniambiental.com.ar\\\/info\\\/#\\\/schema\\\/logo\\\/image\\\/\",\"url\":\"https:\\\/\\\/patagoniambiental.com.ar\\\/info\\\/wp-content\\\/uploads\\\/2025\\\/05\\\/LOGO-PATAGONIA-AMBIENTAL.png\",\"contentUrl\":\"https:\\\/\\\/patagoniambiental.com.ar\\\/info\\\/wp-content\\\/uploads\\\/2025\\\/05\\\/LOGO-PATAGONIA-AMBIENTAL.png\",\"width\":433,\"height\":250,\"caption\":\"Patagonia Ambiental\"},\"image\":{\"@id\":\"https:\\\/\\\/patagoniambiental.com.ar\\\/info\\\/#\\\/schema\\\/logo\\\/image\\\/\"},\"sameAs\":[\"https:\\\/\\\/www.facebook.com\\\/patagonia.ambiental\",\"https:\\\/\\\/x.com\\\/PatAmb\"]},{\"@type\":\"Person\",\"@id\":\"https:\\\/\\\/patagoniambiental.com.ar\\\/info\\\/#\\\/schema\\\/person\\\/e5af09d700b2e82cb10c6b8800e0c691\",\"name\":\"BRAIAN ESTEVEZ\",\"sameAs\":[\"http:\\\/\\\/www.patagoniambiental.com.ar\"]}]}<\/script>\n<!-- \/ Yoast SEO Premium plugin. -->","yoast_head_json":{"title":"Comienza el lanzamiento de la \u201cSemana de Chubut sustentable\u201d","robots":{"index":"index","follow":"follow","max-snippet":"max-snippet:-1","max-image-preview":"max-image-preview:large","max-video-preview":"max-video-preview:-1"},"canonical":"https:\/\/patagoniambiental.com.ar\/info\/comienza-el-lanzamiento-de-la-semana-de-chubut-sustentable\/","og_locale":"es_ES","og_type":"article","og_title":"Comienza el lanzamiento de la \u201cSemana de Chubut sustentable\u201d","og_url":"https:\/\/patagoniambiental.com.ar\/info\/comienza-el-lanzamiento-de-la-semana-de-chubut-sustentable\/","og_site_name":"Patagonia Ambiental","article_publisher":"https:\/\/www.facebook.com\/patagonia.ambiental","article_published_time":"2021-11-03T22:00:00+00:00","article_modified_time":"2021-11-04T13:02:43+00:00","og_image":[{"width":881,"height":411,"url":"https:\/\/patagoniambiental.com.ar\/info\/wp-content\/uploads\/2021\/11\/Sin-titulo-2.jpg","type":"image\/jpeg"}],"author":"BRAIAN ESTEVEZ","twitter_card":"summary_large_image","twitter_creator":"@PatAmb","twitter_site":"@PatAmb","schema":{"@context":"https:\/\/schema.org","@graph":[{"@type":"Article","@id":"https:\/\/patagoniambiental.com.ar\/info\/comienza-el-lanzamiento-de-la-semana-de-chubut-sustentable\/#article","isPartOf":{"@id":"https:\/\/patagoniambiental.com.ar\/info\/comienza-el-lanzamiento-de-la-semana-de-chubut-sustentable\/"},"author":{"name":"BRAIAN ESTEVEZ","@id":"https:\/\/patagoniambiental.com.ar\/info\/#\/schema\/person\/e5af09d700b2e82cb10c6b8800e0c691"},"headline":"Comienza el lanzamiento de la \u201cSemana de Chubut sustentable\u201d","datePublished":"2021-11-03T22:00:00+00:00","dateModified":"2021-11-04T13:02:43+00:00","mainEntityOfPage":{"@id":"https:\/\/patagoniambiental.com.ar\/info\/comienza-el-lanzamiento-de-la-semana-de-chubut-sustentable\/"},"wordCount":463,"commentCount":0,"publisher":{"@id":"https:\/\/patagoniambiental.com.ar\/info\/#organization"},"image":{"@id":"https:\/\/patagoniambiental.com.ar\/info\/comienza-el-lanzamiento-de-la-semana-de-chubut-sustentable\/#primaryimage"},"thumbnailUrl":"https:\/\/patagoniambiental.com.ar\/info\/wp-content\/uploads\/2021\/11\/Sin-titulo-2.jpg","articleSection":["Agenda Ambiental","Noticias"],"inLanguage":"es","potentialAction":[{"@type":"CommentAction","name":"Comment","target":["https:\/\/patagoniambiental.com.ar\/info\/comienza-el-lanzamiento-de-la-semana-de-chubut-sustentable\/#respond"]}]},{"@type":"WebPage","@id":"https:\/\/patagoniambiental.com.ar\/info\/comienza-el-lanzamiento-de-la-semana-de-chubut-sustentable\/","url":"https:\/\/patagoniambiental.com.ar\/info\/comienza-el-lanzamiento-de-la-semana-de-chubut-sustentable\/","name":"Comienza el lanzamiento de la \u201cSemana de Chubut sustentable\u201d","isPartOf":{"@id":"https:\/\/patagoniambiental.com.ar\/info\/#website"},"primaryImageOfPage":{"@id":"https:\/\/patagoniambiental.com.ar\/info\/comienza-el-lanzamiento-de-la-semana-de-chubut-sustentable\/#primaryimage"},"image":{"@id":"https:\/\/patagoniambiental.com.ar\/info\/comienza-el-lanzamiento-de-la-semana-de-chubut-sustentable\/#primaryimage"},"thumbnailUrl":"https:\/\/patagoniambiental.com.ar\/info\/wp-content\/uploads\/2021\/11\/Sin-titulo-2.jpg","datePublished":"2021-11-03T22:00:00+00:00","dateModified":"2021-11-04T13:02:43+00:00","breadcrumb":{"@id":"https:\/\/patagoniambiental.com.ar\/info\/comienza-el-lanzamiento-de-la-semana-de-chubut-sustentable\/#breadcrumb"},"inLanguage":"es","potentialAction":[{"@type":"ReadAction","target":["https:\/\/patagoniambiental.com.ar\/info\/comienza-el-lanzamiento-de-la-semana-de-chubut-sustentable\/"]}]},{"@type":"ImageObject","inLanguage":"es","@id":"https:\/\/patagoniambiental.com.ar\/info\/comienza-el-lanzamiento-de-la-semana-de-chubut-sustentable\/#primaryimage","url":"https:\/\/patagoniambiental.com.ar\/info\/wp-content\/uploads\/2021\/11\/Sin-titulo-2.jpg","contentUrl":"https:\/\/patagoniambiental.com.ar\/info\/wp-content\/uploads\/2021\/11\/Sin-titulo-2.jpg","width":881,"height":411},{"@type":"BreadcrumbList","@id":"https:\/\/patagoniambiental.com.ar\/info\/comienza-el-lanzamiento-de-la-semana-de-chubut-sustentable\/#breadcrumb","itemListElement":[{"@type":"ListItem","position":1,"name":"Inicio","item":"https:\/\/patagoniambiental.com.ar\/info\/"},{"@type":"ListItem","position":2,"name":"Comienza el lanzamiento de la \u201cSemana de Chubut sustentable\u201d"}]},{"@type":"WebSite","@id":"https:\/\/patagoniambiental.com.ar\/info\/#website","url":"https:\/\/patagoniambiental.com.ar\/info\/","name":"Patagonia Ambiental","description":"Monitoreo y an\u00e1lisis de la situaci\u00f3n geopol\u00edtica en el mundo y su implicancia en la Patagonia","publisher":{"@id":"https:\/\/patagoniambiental.com.ar\/info\/#organization"},"potentialAction":[{"@type":"SearchAction","target":{"@type":"EntryPoint","urlTemplate":"https:\/\/patagoniambiental.com.ar\/info\/?s={search_term_string}"},"query-input":{"@type":"PropertyValueSpecification","valueRequired":true,"valueName":"search_term_string"}}],"inLanguage":"es"},{"@type":"Organization","@id":"https:\/\/patagoniambiental.com.ar\/info\/#organization","name":"Patagonia Ambiental","url":"https:\/\/patagoniambiental.com.ar\/info\/","logo":{"@type":"ImageObject","inLanguage":"es","@id":"https:\/\/patagoniambiental.com.ar\/info\/#\/schema\/logo\/image\/","url":"https:\/\/patagoniambiental.com.ar\/info\/wp-content\/uploads\/2025\/05\/LOGO-PATAGONIA-AMBIENTAL.png","contentUrl":"https:\/\/patagoniambiental.com.ar\/info\/wp-content\/uploads\/2025\/05\/LOGO-PATAGONIA-AMBIENTAL.png","width":433,"height":250,"caption":"Patagonia Ambiental"},"image":{"@id":"https:\/\/patagoniambiental.com.ar\/info\/#\/schema\/logo\/image\/"},"sameAs":["https:\/\/www.facebook.com\/patagonia.ambiental","https:\/\/x.com\/PatAmb"]},{"@type":"Person","@id":"https:\/\/patagoniambiental.com.ar\/info\/#\/schema\/person\/e5af09d700b2e82cb10c6b8800e0c691","name":"BRAIAN ESTEVEZ","sameAs":["http:\/\/www.patagoniambiental.com.ar"]}]}},"_links":{"self":[{"href":"https:\/\/patagoniambiental.com.ar\/info\/wp-json\/wp\/v2\/posts\/74510","targetHints":{"allow":["GET"]}}],"collection":[{"href":"https:\/\/patagoniambiental.com.ar\/info\/wp-json\/wp\/v2\/posts"}],"about":[{"href":"https:\/\/patagoniambiental.com.ar\/info\/wp-json\/wp\/v2\/types\/post"}],"author":[{"embeddable":true,"href":"https:\/\/patagoniambiental.com.ar\/info\/wp-json\/wp\/v2\/users\/6"}],"replies":[{"embeddable":true,"href":"https:\/\/patagoniambiental.com.ar\/info\/wp-json\/wp\/v2\/comments?post=74510"}],"version-history":[{"count":0,"href":"https:\/\/patagoniambiental.com.ar\/info\/wp-json\/wp\/v2\/posts\/74510\/revisions"}],"wp:featuredmedia":[{"embeddable":true,"href":"https:\/\/patagoniambiental.com.ar\/info\/wp-json\/wp\/v2\/media\/74511"}],"wp:attachment":[{"href":"https:\/\/patagoniambiental.com.ar\/info\/wp-json\/wp\/v2\/media?parent=74510"}],"wp:term":[{"taxonomy":"category","embeddable":true,"href":"https:\/\/patagoniambiental.com.ar\/info\/wp-json\/wp\/v2\/categories?post=74510"},{"taxonomy":"post_tag","embeddable":true,"href":"https:\/\/patagoniambiental.com.ar\/info\/wp-json\/wp\/v2\/tags?post=74510"}],"curies":[{"name":"wp","href":"https:\/\/api.w.org\/{rel}","templated":true}]}}