{"id":74525,"date":"2021-11-04T20:24:48","date_gmt":"2021-11-04T23:24:48","guid":{"rendered":"http:\/\/patagoniambiental.com.ar\/info\/?p=74525"},"modified":"2021-11-04T20:24:52","modified_gmt":"2021-11-04T23:24:52","slug":"bicisenda-pensar-malvinases-una-obra-muy-importante-para-seguir-construyendo-una-ciudad-mas-sostenible","status":"publish","type":"post","link":"https:\/\/patagoniambiental.com.ar\/info\/bicisenda-pensar-malvinases-una-obra-muy-importante-para-seguir-construyendo-una-ciudad-mas-sostenible\/","title":{"rendered":"BICISENDA \u2018PENSAR MALVINAS\u2019\u201cEs una obra muy importante para seguir construyendo una ciudad m\u00e1s sostenible\u201d"},"content":{"rendered":"\n<!--more-->\n\n\n\n<p>As\u00ed se refiri\u00f3 la concejala Laura Avila (FdT-PJ) al anuncio del Intendente sobre la construcci\u00f3n de bicisendas en la ciudad, y destac\u00f3 que \u201cpermitir\u00e1 el uso de la bicicleta de forma c\u00f3moda y segura, adem\u00e1s de brindar a los vecinos y vecinas de la ciudad mejores condiciones de transitabilidad y promover el uso de la bicicleta como medio de transporte sustentable, saludable y cuidadoso con el medio ambiente\u201d.<a href=\"https:\/\/www.eldiariodelfindelmundo.com\/municipales\/\">MUNICIPALES<\/a>04\/11\/2021L<\/p>\n\n\n\n<p>a concejala Laura Avila (Frente de Todos-PJ), celebr\u00f3 el anuncio del intendente Walter Vuoto sobre la primera etapa del proyecto \u2018Bicisendas para la Ciudad\u2019.<br>\u201cParticip\u00e9 del anuncio del intendente Walter Vuoto junto al Ministro de Transporte de Naci\u00f3n, Alexis Guerrera de la primera bicisenda que se construir\u00e1 en nuestra ciudad y que ser\u00e1 parte de una red planificada \u2013coment\u00f3-, que mejorar\u00e1 la circulaci\u00f3n, promover\u00e1 la actividad f\u00edsica y disminuir\u00e1 la contaminaci\u00f3n, es una obra muy importante para nuestra ciudad, para seguir construyendo una ciudad m\u00e1s verde, m\u00e1s sostenible, que cuide la salud de los vecinos y vecinas y el medio ambiente\u201d, sostuvo.<br>Avila indic\u00f3 que \u201ces una enorme satisfacci\u00f3n que una ordenanza que impuls\u00e9 desde nuestra banca y que fue trabajada con distintos sectores de nuestra ciudad hoy se vea concretada\u201d y explic\u00f3 que tiene como objetivo \u201ccontribuir a una movilidad m\u00e1s sustentable y segura, adem\u00e1s de implementar acciones que fomenten el uso de la bicicleta y los m\u00faltiples beneficios que tiene en cuanto al cuidado del medio ambiente y de la salud de las personas\u201d, dijo.<br>Asimismo remarc\u00f3 que \u201cesta red inicial de bicisendas permitir\u00e1 el uso de la bicicleta de forma c\u00f3moda y segura, adem\u00e1s de brindar a los vecinos y vecinas de la ciudad mejores condiciones de transitabilidad y promover el uso de la bicicleta como medio de transporte sustentable, saludable y cuidadoso con el medio ambiente\u201d, explic\u00f3 Avila.<br>Para finalizar afirm\u00f3 \u201cdesde mi lugar como concejala seguir\u00e9 trabajando para generar las herramientas necesarias para construir una Ushuaia m\u00e1s sostenible, que cuide el medio ambiente y la salud de nuestros vecinos y vecinas\u201d, asegur\u00f3.<\/p>\n\n\n\n<p>Fuente: https:\/\/www.eldiariodelfindelmundo.com\/noticias\/2021\/11\/04\/93899-es-una-obra-muy-importante-para-seguir-construyendo-una-ciudad-mas-sostenible<\/p>\n","protected":false},"excerpt":{"rendered":"","protected":false},"author":6,"featured_media":74526,"comment_status":"open","ping_status":"open","sticky":false,"template":"","format":"standard","meta":{"site-sidebar-layout":"default","site-content-layout":"","ast-site-content-layout":"default","site-content-style":"default","site-sidebar-style":"default","ast-global-header-display":"","ast-banner-title-visibility":"","ast-main-header-display":"","ast-hfb-above-header-display":"","ast-hfb-below-header-display":"","ast-hfb-mobile-header-display":"","site-post-title":"","ast-breadcrumbs-content":"","ast-featured-img":"","footer-sml-layout":"","ast-disable-related-posts":"","theme-transparent-header-meta":"","adv-header-id-meta":"","stick-header-meta":"","header-above-stick-meta":"","header-main-stick-meta":"","header-below-stick-meta":"","astra-migrate-meta-layouts":"default","ast-page-background-enabled":"default","ast-page-background-meta":{"desktop":{"background-color":"var(--ast-global-color-5)","background-image":"","background-repeat":"repeat","background-position":"center center","background-size":"auto","background-attachment":"scroll","background-type":"","background-media":"","overlay-type":"","overlay-color":"","overlay-opacity":"","overlay-gradient":""},"tablet":{"background-color":"","background-image":"","background-repeat":"repeat","background-position":"center center","background-size":"auto","background-attachment":"scroll","background-type":"","background-media":"","overlay-type":"","overlay-color":"","overlay-opacity":"","overlay-gradient":""},"mobile":{"background-color":"","background-image":"","background-repeat":"repeat","background-position":"center center","background-size":"auto","background-attachment":"scroll","background-type":"","background-media":"","overlay-type":"","overlay-color":"","overlay-opacity":"","overlay-gradient":""}},"ast-content-background-meta":{"desktop":{"background-color":"var(--ast-global-color-4)","background-image":"","background-repeat":"repeat","background-position":"center center","background-size":"auto","background-attachment":"scroll","background-type":"","background-media":"","overlay-type":"","overlay-color":"","overlay-opacity":"","overlay-gradient":""},"tablet":{"background-color":"var(--ast-global-color-4)","background-image":"","background-repeat":"repeat","background-position":"center center","background-size":"auto","background-attachment":"scroll","background-type":"","background-media":"","overlay-type":"","overlay-color":"","overlay-opacity":"","overlay-gradient":""},"mobile":{"background-color":"var(--ast-global-color-4)","background-image":"","background-repeat":"repeat","background-position":"center center","background-size":"auto","background-attachment":"scroll","background-type":"","background-media":"","overlay-type":"","overlay-color":"","overlay-opacity":"","overlay-gradient":""}},"footnotes":""},"categories":[1,13,25],"tags":[],"class_list":["post-74525","post","type-post","status-publish","format-standard","has-post-thumbnail","hentry","category-noticias","category-provinciales","category-tierra-del-fuego"],"yoast_head":"<!-- This site is optimized with the Yoast SEO Premium plugin v23.0 (Yoast SEO v27.5) - https:\/\/yoast.com\/product\/yoast-seo-premium-wordpress\/ -->\n<title>BICISENDA \u2018PENSAR MALVINAS\u2019\u201cEs una obra muy importante para seguir construyendo una ciudad m\u00e1s sostenible\u201d<\/title>\n<meta name=\"robots\" content=\"index, follow, max-snippet:-1, max-image-preview:large, max-video-preview:-1\" \/>\n<link rel=\"canonical\" href=\"https:\/\/patagoniambiental.com.ar\/info\/bicisenda-pensar-malvinases-una-obra-muy-importante-para-seguir-construyendo-una-ciudad-mas-sostenible\/\" \/>\n<meta property=\"og:locale\" content=\"es_ES\" \/>\n<meta property=\"og:type\" content=\"article\" \/>\n<meta property=\"og:title\" content=\"BICISENDA \u2018PENSAR MALVINAS\u2019\u201cEs una obra muy importante para seguir construyendo una ciudad m\u00e1s sostenible\u201d\" \/>\n<meta property=\"og:url\" content=\"https:\/\/patagoniambiental.com.ar\/info\/bicisenda-pensar-malvinases-una-obra-muy-importante-para-seguir-construyendo-una-ciudad-mas-sostenible\/\" \/>\n<meta property=\"og:site_name\" content=\"Patagonia Ambiental\" \/>\n<meta property=\"article:publisher\" content=\"https:\/\/www.facebook.com\/patagonia.ambiental\" \/>\n<meta property=\"article:published_time\" content=\"2021-11-04T23:24:48+00:00\" \/>\n<meta property=\"article:modified_time\" content=\"2021-11-04T23:24:52+00:00\" \/>\n<meta property=\"og:image\" content=\"https:\/\/patagoniambiental.com.ar\/info\/wp-content\/uploads\/2021\/11\/23.jpg\" \/>\n\t<meta property=\"og:image:width\" content=\"800\" \/>\n\t<meta property=\"og:image:height\" content=\"534\" \/>\n\t<meta property=\"og:image:type\" content=\"image\/jpeg\" \/>\n<meta name=\"author\" content=\"BRAIAN ESTEVEZ\" \/>\n<meta name=\"twitter:card\" content=\"summary_large_image\" \/>\n<meta name=\"twitter:creator\" content=\"@PatAmb\" \/>\n<meta name=\"twitter:site\" content=\"@PatAmb\" \/>\n<script type=\"application\/ld+json\" class=\"yoast-schema-graph\">{\"@context\":\"https:\\\/\\\/schema.org\",\"@graph\":[{\"@type\":\"Article\",\"@id\":\"https:\\\/\\\/patagoniambiental.com.ar\\\/info\\\/bicisenda-pensar-malvinases-una-obra-muy-importante-para-seguir-construyendo-una-ciudad-mas-sostenible\\\/#article\",\"isPartOf\":{\"@id\":\"https:\\\/\\\/patagoniambiental.com.ar\\\/info\\\/bicisenda-pensar-malvinases-una-obra-muy-importante-para-seguir-construyendo-una-ciudad-mas-sostenible\\\/\"},\"author\":{\"name\":\"BRAIAN ESTEVEZ\",\"@id\":\"https:\\\/\\\/patagoniambiental.com.ar\\\/info\\\/#\\\/schema\\\/person\\\/e5af09d700b2e82cb10c6b8800e0c691\"},\"headline\":\"BICISENDA \u2018PENSAR MALVINAS\u2019\u201cEs una obra muy importante para seguir construyendo una ciudad m\u00e1s sostenible\u201d\",\"datePublished\":\"2021-11-04T23:24:48+00:00\",\"dateModified\":\"2021-11-04T23:24:52+00:00\",\"mainEntityOfPage\":{\"@id\":\"https:\\\/\\\/patagoniambiental.com.ar\\\/info\\\/bicisenda-pensar-malvinases-una-obra-muy-importante-para-seguir-construyendo-una-ciudad-mas-sostenible\\\/\"},\"wordCount\":377,\"commentCount\":0,\"publisher\":{\"@id\":\"https:\\\/\\\/patagoniambiental.com.ar\\\/info\\\/#organization\"},\"image\":{\"@id\":\"https:\\\/\\\/patagoniambiental.com.ar\\\/info\\\/bicisenda-pensar-malvinases-una-obra-muy-importante-para-seguir-construyendo-una-ciudad-mas-sostenible\\\/#primaryimage\"},\"thumbnailUrl\":\"https:\\\/\\\/patagoniambiental.com.ar\\\/info\\\/wp-content\\\/uploads\\\/2021\\\/11\\\/23.jpg\",\"articleSection\":[\"Noticias\",\"Provinciales\",\"Tierra del Fuego\"],\"inLanguage\":\"es\",\"potentialAction\":[{\"@type\":\"CommentAction\",\"name\":\"Comment\",\"target\":[\"https:\\\/\\\/patagoniambiental.com.ar\\\/info\\\/bicisenda-pensar-malvinases-una-obra-muy-importante-para-seguir-construyendo-una-ciudad-mas-sostenible\\\/#respond\"]}]},{\"@type\":\"WebPage\",\"@id\":\"https:\\\/\\\/patagoniambiental.com.ar\\\/info\\\/bicisenda-pensar-malvinases-una-obra-muy-importante-para-seguir-construyendo-una-ciudad-mas-sostenible\\\/\",\"url\":\"https:\\\/\\\/patagoniambiental.com.ar\\\/info\\\/bicisenda-pensar-malvinases-una-obra-muy-importante-para-seguir-construyendo-una-ciudad-mas-sostenible\\\/\",\"name\":\"BICISENDA \u2018PENSAR MALVINAS\u2019\u201cEs una obra muy importante para seguir construyendo una ciudad m\u00e1s sostenible\u201d\",\"isPartOf\":{\"@id\":\"https:\\\/\\\/patagoniambiental.com.ar\\\/info\\\/#website\"},\"primaryImageOfPage\":{\"@id\":\"https:\\\/\\\/patagoniambiental.com.ar\\\/info\\\/bicisenda-pensar-malvinases-una-obra-muy-importante-para-seguir-construyendo-una-ciudad-mas-sostenible\\\/#primaryimage\"},\"image\":{\"@id\":\"https:\\\/\\\/patagoniambiental.com.ar\\\/info\\\/bicisenda-pensar-malvinases-una-obra-muy-importante-para-seguir-construyendo-una-ciudad-mas-sostenible\\\/#primaryimage\"},\"thumbnailUrl\":\"https:\\\/\\\/patagoniambiental.com.ar\\\/info\\\/wp-content\\\/uploads\\\/2021\\\/11\\\/23.jpg\",\"datePublished\":\"2021-11-04T23:24:48+00:00\",\"dateModified\":\"2021-11-04T23:24:52+00:00\",\"breadcrumb\":{\"@id\":\"https:\\\/\\\/patagoniambiental.com.ar\\\/info\\\/bicisenda-pensar-malvinases-una-obra-muy-importante-para-seguir-construyendo-una-ciudad-mas-sostenible\\\/#breadcrumb\"},\"inLanguage\":\"es\",\"potentialAction\":[{\"@type\":\"ReadAction\",\"target\":[\"https:\\\/\\\/patagoniambiental.com.ar\\\/info\\\/bicisenda-pensar-malvinases-una-obra-muy-importante-para-seguir-construyendo-una-ciudad-mas-sostenible\\\/\"]}]},{\"@type\":\"ImageObject\",\"inLanguage\":\"es\",\"@id\":\"https:\\\/\\\/patagoniambiental.com.ar\\\/info\\\/bicisenda-pensar-malvinases-una-obra-muy-importante-para-seguir-construyendo-una-ciudad-mas-sostenible\\\/#primaryimage\",\"url\":\"https:\\\/\\\/patagoniambiental.com.ar\\\/info\\\/wp-content\\\/uploads\\\/2021\\\/11\\\/23.jpg\",\"contentUrl\":\"https:\\\/\\\/patagoniambiental.com.ar\\\/info\\\/wp-content\\\/uploads\\\/2021\\\/11\\\/23.jpg\",\"width\":800,\"height\":534},{\"@type\":\"BreadcrumbList\",\"@id\":\"https:\\\/\\\/patagoniambiental.com.ar\\\/info\\\/bicisenda-pensar-malvinases-una-obra-muy-importante-para-seguir-construyendo-una-ciudad-mas-sostenible\\\/#breadcrumb\",\"itemListElement\":[{\"@type\":\"ListItem\",\"position\":1,\"name\":\"Inicio\",\"item\":\"https:\\\/\\\/patagoniambiental.com.ar\\\/info\\\/\"},{\"@type\":\"ListItem\",\"position\":2,\"name\":\"BICISENDA \u2018PENSAR MALVINAS\u2019\u201cEs una obra muy importante para seguir construyendo una ciudad m\u00e1s sostenible\u201d\"}]},{\"@type\":\"WebSite\",\"@id\":\"https:\\\/\\\/patagoniambiental.com.ar\\\/info\\\/#website\",\"url\":\"https:\\\/\\\/patagoniambiental.com.ar\\\/info\\\/\",\"name\":\"Patagonia Ambiental\",\"description\":\"Monitoreo y an\u00e1lisis de la situaci\u00f3n geopol\u00edtica en el mundo y su implicancia en la Patagonia\",\"publisher\":{\"@id\":\"https:\\\/\\\/patagoniambiental.com.ar\\\/info\\\/#organization\"},\"potentialAction\":[{\"@type\":\"SearchAction\",\"target\":{\"@type\":\"EntryPoint\",\"urlTemplate\":\"https:\\\/\\\/patagoniambiental.com.ar\\\/info\\\/?s={search_term_string}\"},\"query-input\":{\"@type\":\"PropertyValueSpecification\",\"valueRequired\":true,\"valueName\":\"search_term_string\"}}],\"inLanguage\":\"es\"},{\"@type\":\"Organization\",\"@id\":\"https:\\\/\\\/patagoniambiental.com.ar\\\/info\\\/#organization\",\"name\":\"Patagonia Ambiental\",\"url\":\"https:\\\/\\\/patagoniambiental.com.ar\\\/info\\\/\",\"logo\":{\"@type\":\"ImageObject\",\"inLanguage\":\"es\",\"@id\":\"https:\\\/\\\/patagoniambiental.com.ar\\\/info\\\/#\\\/schema\\\/logo\\\/image\\\/\",\"url\":\"https:\\\/\\\/patagoniambiental.com.ar\\\/info\\\/wp-content\\\/uploads\\\/2025\\\/05\\\/LOGO-PATAGONIA-AMBIENTAL.png\",\"contentUrl\":\"https:\\\/\\\/patagoniambiental.com.ar\\\/info\\\/wp-content\\\/uploads\\\/2025\\\/05\\\/LOGO-PATAGONIA-AMBIENTAL.png\",\"width\":433,\"height\":250,\"caption\":\"Patagonia Ambiental\"},\"image\":{\"@id\":\"https:\\\/\\\/patagoniambiental.com.ar\\\/info\\\/#\\\/schema\\\/logo\\\/image\\\/\"},\"sameAs\":[\"https:\\\/\\\/www.facebook.com\\\/patagonia.ambiental\",\"https:\\\/\\\/x.com\\\/PatAmb\"]},{\"@type\":\"Person\",\"@id\":\"https:\\\/\\\/patagoniambiental.com.ar\\\/info\\\/#\\\/schema\\\/person\\\/e5af09d700b2e82cb10c6b8800e0c691\",\"name\":\"BRAIAN ESTEVEZ\",\"sameAs\":[\"http:\\\/\\\/www.patagoniambiental.com.ar\"]}]}<\/script>\n<!-- \/ Yoast SEO Premium plugin. -->","yoast_head_json":{"title":"BICISENDA \u2018PENSAR MALVINAS\u2019\u201cEs una obra muy importante para seguir construyendo una ciudad m\u00e1s sostenible\u201d","robots":{"index":"index","follow":"follow","max-snippet":"max-snippet:-1","max-image-preview":"max-image-preview:large","max-video-preview":"max-video-preview:-1"},"canonical":"https:\/\/patagoniambiental.com.ar\/info\/bicisenda-pensar-malvinases-una-obra-muy-importante-para-seguir-construyendo-una-ciudad-mas-sostenible\/","og_locale":"es_ES","og_type":"article","og_title":"BICISENDA \u2018PENSAR MALVINAS\u2019\u201cEs una obra muy importante para seguir construyendo una ciudad m\u00e1s sostenible\u201d","og_url":"https:\/\/patagoniambiental.com.ar\/info\/bicisenda-pensar-malvinases-una-obra-muy-importante-para-seguir-construyendo-una-ciudad-mas-sostenible\/","og_site_name":"Patagonia Ambiental","article_publisher":"https:\/\/www.facebook.com\/patagonia.ambiental","article_published_time":"2021-11-04T23:24:48+00:00","article_modified_time":"2021-11-04T23:24:52+00:00","og_image":[{"width":800,"height":534,"url":"https:\/\/patagoniambiental.com.ar\/info\/wp-content\/uploads\/2021\/11\/23.jpg","type":"image\/jpeg"}],"author":"BRAIAN ESTEVEZ","twitter_card":"summary_large_image","twitter_creator":"@PatAmb","twitter_site":"@PatAmb","schema":{"@context":"https:\/\/schema.org","@graph":[{"@type":"Article","@id":"https:\/\/patagoniambiental.com.ar\/info\/bicisenda-pensar-malvinases-una-obra-muy-importante-para-seguir-construyendo-una-ciudad-mas-sostenible\/#article","isPartOf":{"@id":"https:\/\/patagoniambiental.com.ar\/info\/bicisenda-pensar-malvinases-una-obra-muy-importante-para-seguir-construyendo-una-ciudad-mas-sostenible\/"},"author":{"name":"BRAIAN ESTEVEZ","@id":"https:\/\/patagoniambiental.com.ar\/info\/#\/schema\/person\/e5af09d700b2e82cb10c6b8800e0c691"},"headline":"BICISENDA \u2018PENSAR MALVINAS\u2019\u201cEs una obra muy importante para seguir construyendo una ciudad m\u00e1s sostenible\u201d","datePublished":"2021-11-04T23:24:48+00:00","dateModified":"2021-11-04T23:24:52+00:00","mainEntityOfPage":{"@id":"https:\/\/patagoniambiental.com.ar\/info\/bicisenda-pensar-malvinases-una-obra-muy-importante-para-seguir-construyendo-una-ciudad-mas-sostenible\/"},"wordCount":377,"commentCount":0,"publisher":{"@id":"https:\/\/patagoniambiental.com.ar\/info\/#organization"},"image":{"@id":"https:\/\/patagoniambiental.com.ar\/info\/bicisenda-pensar-malvinases-una-obra-muy-importante-para-seguir-construyendo-una-ciudad-mas-sostenible\/#primaryimage"},"thumbnailUrl":"https:\/\/patagoniambiental.com.ar\/info\/wp-content\/uploads\/2021\/11\/23.jpg","articleSection":["Noticias","Provinciales","Tierra del Fuego"],"inLanguage":"es","potentialAction":[{"@type":"CommentAction","name":"Comment","target":["https:\/\/patagoniambiental.com.ar\/info\/bicisenda-pensar-malvinases-una-obra-muy-importante-para-seguir-construyendo-una-ciudad-mas-sostenible\/#respond"]}]},{"@type":"WebPage","@id":"https:\/\/patagoniambiental.com.ar\/info\/bicisenda-pensar-malvinases-una-obra-muy-importante-para-seguir-construyendo-una-ciudad-mas-sostenible\/","url":"https:\/\/patagoniambiental.com.ar\/info\/bicisenda-pensar-malvinases-una-obra-muy-importante-para-seguir-construyendo-una-ciudad-mas-sostenible\/","name":"BICISENDA \u2018PENSAR MALVINAS\u2019\u201cEs una obra muy importante para seguir construyendo una ciudad m\u00e1s sostenible\u201d","isPartOf":{"@id":"https:\/\/patagoniambiental.com.ar\/info\/#website"},"primaryImageOfPage":{"@id":"https:\/\/patagoniambiental.com.ar\/info\/bicisenda-pensar-malvinases-una-obra-muy-importante-para-seguir-construyendo-una-ciudad-mas-sostenible\/#primaryimage"},"image":{"@id":"https:\/\/patagoniambiental.com.ar\/info\/bicisenda-pensar-malvinases-una-obra-muy-importante-para-seguir-construyendo-una-ciudad-mas-sostenible\/#primaryimage"},"thumbnailUrl":"https:\/\/patagoniambiental.com.ar\/info\/wp-content\/uploads\/2021\/11\/23.jpg","datePublished":"2021-11-04T23:24:48+00:00","dateModified":"2021-11-04T23:24:52+00:00","breadcrumb":{"@id":"https:\/\/patagoniambiental.com.ar\/info\/bicisenda-pensar-malvinases-una-obra-muy-importante-para-seguir-construyendo-una-ciudad-mas-sostenible\/#breadcrumb"},"inLanguage":"es","potentialAction":[{"@type":"ReadAction","target":["https:\/\/patagoniambiental.com.ar\/info\/bicisenda-pensar-malvinases-una-obra-muy-importante-para-seguir-construyendo-una-ciudad-mas-sostenible\/"]}]},{"@type":"ImageObject","inLanguage":"es","@id":"https:\/\/patagoniambiental.com.ar\/info\/bicisenda-pensar-malvinases-una-obra-muy-importante-para-seguir-construyendo-una-ciudad-mas-sostenible\/#primaryimage","url":"https:\/\/patagoniambiental.com.ar\/info\/wp-content\/uploads\/2021\/11\/23.jpg","contentUrl":"https:\/\/patagoniambiental.com.ar\/info\/wp-content\/uploads\/2021\/11\/23.jpg","width":800,"height":534},{"@type":"BreadcrumbList","@id":"https:\/\/patagoniambiental.com.ar\/info\/bicisenda-pensar-malvinases-una-obra-muy-importante-para-seguir-construyendo-una-ciudad-mas-sostenible\/#breadcrumb","itemListElement":[{"@type":"ListItem","position":1,"name":"Inicio","item":"https:\/\/patagoniambiental.com.ar\/info\/"},{"@type":"ListItem","position":2,"name":"BICISENDA \u2018PENSAR MALVINAS\u2019\u201cEs una obra muy importante para seguir construyendo una ciudad m\u00e1s sostenible\u201d"}]},{"@type":"WebSite","@id":"https:\/\/patagoniambiental.com.ar\/info\/#website","url":"https:\/\/patagoniambiental.com.ar\/info\/","name":"Patagonia Ambiental","description":"Monitoreo y an\u00e1lisis de la situaci\u00f3n geopol\u00edtica en el mundo y su implicancia en la Patagonia","publisher":{"@id":"https:\/\/patagoniambiental.com.ar\/info\/#organization"},"potentialAction":[{"@type":"SearchAction","target":{"@type":"EntryPoint","urlTemplate":"https:\/\/patagoniambiental.com.ar\/info\/?s={search_term_string}"},"query-input":{"@type":"PropertyValueSpecification","valueRequired":true,"valueName":"search_term_string"}}],"inLanguage":"es"},{"@type":"Organization","@id":"https:\/\/patagoniambiental.com.ar\/info\/#organization","name":"Patagonia Ambiental","url":"https:\/\/patagoniambiental.com.ar\/info\/","logo":{"@type":"ImageObject","inLanguage":"es","@id":"https:\/\/patagoniambiental.com.ar\/info\/#\/schema\/logo\/image\/","url":"https:\/\/patagoniambiental.com.ar\/info\/wp-content\/uploads\/2025\/05\/LOGO-PATAGONIA-AMBIENTAL.png","contentUrl":"https:\/\/patagoniambiental.com.ar\/info\/wp-content\/uploads\/2025\/05\/LOGO-PATAGONIA-AMBIENTAL.png","width":433,"height":250,"caption":"Patagonia Ambiental"},"image":{"@id":"https:\/\/patagoniambiental.com.ar\/info\/#\/schema\/logo\/image\/"},"sameAs":["https:\/\/www.facebook.com\/patagonia.ambiental","https:\/\/x.com\/PatAmb"]},{"@type":"Person","@id":"https:\/\/patagoniambiental.com.ar\/info\/#\/schema\/person\/e5af09d700b2e82cb10c6b8800e0c691","name":"BRAIAN ESTEVEZ","sameAs":["http:\/\/www.patagoniambiental.com.ar"]}]}},"_links":{"self":[{"href":"https:\/\/patagoniambiental.com.ar\/info\/wp-json\/wp\/v2\/posts\/74525","targetHints":{"allow":["GET"]}}],"collection":[{"href":"https:\/\/patagoniambiental.com.ar\/info\/wp-json\/wp\/v2\/posts"}],"about":[{"href":"https:\/\/patagoniambiental.com.ar\/info\/wp-json\/wp\/v2\/types\/post"}],"author":[{"embeddable":true,"href":"https:\/\/patagoniambiental.com.ar\/info\/wp-json\/wp\/v2\/users\/6"}],"replies":[{"embeddable":true,"href":"https:\/\/patagoniambiental.com.ar\/info\/wp-json\/wp\/v2\/comments?post=74525"}],"version-history":[{"count":0,"href":"https:\/\/patagoniambiental.com.ar\/info\/wp-json\/wp\/v2\/posts\/74525\/revisions"}],"wp:featuredmedia":[{"embeddable":true,"href":"https:\/\/patagoniambiental.com.ar\/info\/wp-json\/wp\/v2\/media\/74526"}],"wp:attachment":[{"href":"https:\/\/patagoniambiental.com.ar\/info\/wp-json\/wp\/v2\/media?parent=74525"}],"wp:term":[{"taxonomy":"category","embeddable":true,"href":"https:\/\/patagoniambiental.com.ar\/info\/wp-json\/wp\/v2\/categories?post=74525"},{"taxonomy":"post_tag","embeddable":true,"href":"https:\/\/patagoniambiental.com.ar\/info\/wp-json\/wp\/v2\/tags?post=74525"}],"curies":[{"name":"wp","href":"https:\/\/api.w.org\/{rel}","templated":true}]}}