{"id":74550,"date":"2021-11-05T21:21:05","date_gmt":"2021-11-06T00:21:05","guid":{"rendered":"http:\/\/patagoniambiental.com.ar\/info\/?p=74550"},"modified":"2021-11-05T21:34:01","modified_gmt":"2021-11-06T00:34:01","slug":"un-grupo-de-mapuches-armados-amenazo-al-gobierno-de-chile","status":"publish","type":"post","link":"https:\/\/patagoniambiental.com.ar\/info\/un-grupo-de-mapuches-armados-amenazo-al-gobierno-de-chile\/","title":{"rendered":"Un grupo de mapuches armados amenaz\u00f3 al gobierno de Chile"},"content":{"rendered":"\n<!--more-->\n\n\n\n<p>Crece la tensi\u00f3n en el pa\u00eds trasandino luego del enfrentamiento entre manifestantes con la polic\u00eda que deriv\u00f3 en muertos y heridos.<\/p>\n\n\n\n<p><\/p>\n\n\n\n<h3 class=\"wp-block-heading\"><\/h3>\n\n\n\n<ol class=\"wp-block-list\"><li><\/li><\/ol>\n\n\n\n<figure class=\"wp-block-image\"><img decoding=\"async\" src=\"https:\/\/www.rionegro.com.ar\/wp-content\/uploads\/2021\/11\/grupo-mapuchejpg.jpg?w=920&amp;h=517&amp;resize=920,517\" alt=\"Se acrecienta el conflicto en Chile entre grupos mapuches y el Gobierno.\"\/><figcaption>Se acrecienta el conflicto en Chile entre grupos mapuches y el Gobierno.<\/figcaption><\/figure>\n\n\n\n<p>Se viven horas de&nbsp;<strong>tensi\u00f3n en Chile entre mapuches y el gobierno nacional.&nbsp;<\/strong>Luego de la muerte de un manifestante tras un enfrentamiento con la polic\u00eda,&nbsp;<strong>se conoci\u00f3 un video en el que un grupo armado amenaza al presidente Sebasti\u00e1n Pi\u00f1era.<\/strong><\/p>\n\n\n\n<figure class=\"wp-block-image\"><a href=\"https:\/\/www.rionegro.com.ar\/mueren-dos-mapuches-en-un-enfrentamiento-con-la-policia-y-crece-la-tension-en-el-sur-de-chile-2022295\/\"><img decoding=\"async\" src=\"https:\/\/www.rionegro.com.ar\/wp-content\/uploads\/2021\/11\/A2SXGQ7TXJA7RNWPXCHLFJKFJE.jpg?w=650&amp;h=350\" alt=\"\"\/><\/a><\/figure>\n\n\n\n<p><strong>LEE TAMBI\u00c9N<\/strong><\/p>\n\n\n\n<h2 class=\"wp-block-heading\"><a href=\"https:\/\/www.rionegro.com.ar\/mueren-dos-mapuches-en-un-enfrentamiento-con-la-policia-y-crece-la-tension-en-el-sur-de-chile-2022295\/\">Mueren dos mapuches en un supuesto choque con la polic\u00eda y crece la tensi\u00f3n en el sur de Chile<\/a><\/h2>\n\n\n\n<p>Se tratar\u00eda de miembros de la<strong>&nbsp;organizaci\u00f3n&nbsp;Weichan Auka Mapu.&nbsp;<\/strong>En las im\u00e1genes, uno de los l\u00edderes pronuncia un discurso con la voz alterada digitalmente en el que reclama el fin de la militarizaci\u00f3n en zonas patag\u00f3nicas.<\/p>\n\n\n\n<p><strong>\u201cInstamos a esta nueva fuerza policial y militar, perros guardianes de los ricos, a hacer abandono de nuestro territorio, porque ser\u00e1n derrotados por la fuerza del pueblo mapuche en armas\u201d<\/strong>, asegura el vocero.<\/p>\n\n\n\n<p>\u201cA ra\u00edz del video que circula en redes sociales&nbsp;<strong>se ha decidido aperturar de oficio una investigaci\u00f3n bajo las figuras contempladas en la Ley de Armas<\/strong>, particularmente en la de formaci\u00f3n de milicia privada o de grupos de combate y otras infracciones\u201d, se\u00f1alaron desde la Fiscal\u00eda Regional de la Araucan\u00eda.https:\/\/www.youtube.com\/embed\/EB1o6Jb6600<\/p>\n\n\n\n<p>En el enfrentamiento de ayer hubo<strong>&nbsp;un muerto, tres heridos de gravedad y dos detenidos.<\/strong>&nbsp;La&nbsp;presidenta de la Convenci\u00f3n Constituyente, la acad\u00e9mica mapuche Elisa Loncon, denunci\u00f3 que el hombre fallecido fue asesinado por la polic\u00eda.<\/p>\n\n\n\n<p>Pi\u00f1era anunci\u00f3 el \u00faltimo martes que le pidi\u00f3 al Congreso extender el<strong>&nbsp;estado de excepci\u00f3n y militarizaci\u00f3n<\/strong>&nbsp;de cuatro provincias en las regiones de Biob\u00edo y La Araucan\u00eda.<\/p>\n\n\n\n<p>Fuente: Diario Rio Negro<\/p>\n","protected":false},"excerpt":{"rendered":"","protected":false},"author":6,"featured_media":74556,"comment_status":"open","ping_status":"open","sticky":false,"template":"","format":"standard","meta":{"site-sidebar-layout":"default","site-content-layout":"","ast-site-content-layout":"default","site-content-style":"default","site-sidebar-style":"default","ast-global-header-display":"","ast-banner-title-visibility":"","ast-main-header-display":"","ast-hfb-above-header-display":"","ast-hfb-below-header-display":"","ast-hfb-mobile-header-display":"","site-post-title":"","ast-breadcrumbs-content":"","ast-featured-img":"","footer-sml-layout":"","ast-disable-related-posts":"","theme-transparent-header-meta":"","adv-header-id-meta":"","stick-header-meta":"","header-above-stick-meta":"","header-main-stick-meta":"","header-below-stick-meta":"","astra-migrate-meta-layouts":"default","ast-page-background-enabled":"default","ast-page-background-meta":{"desktop":{"background-color":"var(--ast-global-color-5)","background-image":"","background-repeat":"repeat","background-position":"center center","background-size":"auto","background-attachment":"scroll","background-type":"","background-media":"","overlay-type":"","overlay-color":"","overlay-opacity":"","overlay-gradient":""},"tablet":{"background-color":"","background-image":"","background-repeat":"repeat","background-position":"center center","background-size":"auto","background-attachment":"scroll","background-type":"","background-media":"","overlay-type":"","overlay-color":"","overlay-opacity":"","overlay-gradient":""},"mobile":{"background-color":"","background-image":"","background-repeat":"repeat","background-position":"center center","background-size":"auto","background-attachment":"scroll","background-type":"","background-media":"","overlay-type":"","overlay-color":"","overlay-opacity":"","overlay-gradient":""}},"ast-content-background-meta":{"desktop":{"background-color":"var(--ast-global-color-4)","background-image":"","background-repeat":"repeat","background-position":"center center","background-size":"auto","background-attachment":"scroll","background-type":"","background-media":"","overlay-type":"","overlay-color":"","overlay-opacity":"","overlay-gradient":""},"tablet":{"background-color":"var(--ast-global-color-4)","background-image":"","background-repeat":"repeat","background-position":"center center","background-size":"auto","background-attachment":"scroll","background-type":"","background-media":"","overlay-type":"","overlay-color":"","overlay-opacity":"","overlay-gradient":""},"mobile":{"background-color":"var(--ast-global-color-4)","background-image":"","background-repeat":"repeat","background-position":"center center","background-size":"auto","background-attachment":"scroll","background-type":"","background-media":"","overlay-type":"","overlay-color":"","overlay-opacity":"","overlay-gradient":""}},"footnotes":""},"categories":[1],"tags":[],"class_list":["post-74550","post","type-post","status-publish","format-standard","has-post-thumbnail","hentry","category-noticias"],"yoast_head":"<!-- This site is optimized with the Yoast SEO Premium plugin v23.0 (Yoast SEO v27.5) - https:\/\/yoast.com\/product\/yoast-seo-premium-wordpress\/ -->\n<title>Un grupo de mapuches armados amenaz\u00f3 al gobierno de Chile<\/title>\n<meta name=\"robots\" content=\"index, follow, max-snippet:-1, max-image-preview:large, max-video-preview:-1\" \/>\n<link rel=\"canonical\" href=\"https:\/\/patagoniambiental.com.ar\/info\/un-grupo-de-mapuches-armados-amenazo-al-gobierno-de-chile\/\" \/>\n<meta property=\"og:locale\" content=\"es_ES\" \/>\n<meta property=\"og:type\" content=\"article\" \/>\n<meta property=\"og:title\" content=\"Un grupo de mapuches armados amenaz\u00f3 al gobierno de Chile\" \/>\n<meta property=\"og:url\" content=\"https:\/\/patagoniambiental.com.ar\/info\/un-grupo-de-mapuches-armados-amenazo-al-gobierno-de-chile\/\" \/>\n<meta property=\"og:site_name\" content=\"Patagonia Ambiental\" \/>\n<meta property=\"article:publisher\" content=\"https:\/\/www.facebook.com\/patagonia.ambiental\" \/>\n<meta property=\"article:published_time\" content=\"2021-11-06T00:21:05+00:00\" \/>\n<meta property=\"article:modified_time\" content=\"2021-11-06T00:34:01+00:00\" \/>\n<meta property=\"og:image\" content=\"https:\/\/patagoniambiental.com.ar\/info\/wp-content\/uploads\/2021\/11\/Sin-titulo-6.jpg\" \/>\n\t<meta property=\"og:image:width\" content=\"572\" \/>\n\t<meta property=\"og:image:height\" content=\"307\" \/>\n\t<meta property=\"og:image:type\" content=\"image\/jpeg\" \/>\n<meta name=\"author\" content=\"BRAIAN ESTEVEZ\" \/>\n<meta name=\"twitter:card\" content=\"summary_large_image\" \/>\n<meta name=\"twitter:creator\" content=\"@PatAmb\" \/>\n<meta name=\"twitter:site\" content=\"@PatAmb\" \/>\n<script type=\"application\/ld+json\" class=\"yoast-schema-graph\">{\"@context\":\"https:\\\/\\\/schema.org\",\"@graph\":[{\"@type\":\"Article\",\"@id\":\"https:\\\/\\\/patagoniambiental.com.ar\\\/info\\\/un-grupo-de-mapuches-armados-amenazo-al-gobierno-de-chile\\\/#article\",\"isPartOf\":{\"@id\":\"https:\\\/\\\/patagoniambiental.com.ar\\\/info\\\/un-grupo-de-mapuches-armados-amenazo-al-gobierno-de-chile\\\/\"},\"author\":{\"name\":\"BRAIAN ESTEVEZ\",\"@id\":\"https:\\\/\\\/patagoniambiental.com.ar\\\/info\\\/#\\\/schema\\\/person\\\/e5af09d700b2e82cb10c6b8800e0c691\"},\"headline\":\"Un grupo de mapuches armados amenaz\u00f3 al gobierno de Chile\",\"datePublished\":\"2021-11-06T00:21:05+00:00\",\"dateModified\":\"2021-11-06T00:34:01+00:00\",\"mainEntityOfPage\":{\"@id\":\"https:\\\/\\\/patagoniambiental.com.ar\\\/info\\\/un-grupo-de-mapuches-armados-amenazo-al-gobierno-de-chile\\\/\"},\"wordCount\":344,\"commentCount\":0,\"publisher\":{\"@id\":\"https:\\\/\\\/patagoniambiental.com.ar\\\/info\\\/#organization\"},\"image\":{\"@id\":\"https:\\\/\\\/patagoniambiental.com.ar\\\/info\\\/un-grupo-de-mapuches-armados-amenazo-al-gobierno-de-chile\\\/#primaryimage\"},\"thumbnailUrl\":\"https:\\\/\\\/patagoniambiental.com.ar\\\/info\\\/wp-content\\\/uploads\\\/2021\\\/11\\\/Sin-titulo-6.jpg\",\"articleSection\":[\"Noticias\"],\"inLanguage\":\"es\",\"potentialAction\":[{\"@type\":\"CommentAction\",\"name\":\"Comment\",\"target\":[\"https:\\\/\\\/patagoniambiental.com.ar\\\/info\\\/un-grupo-de-mapuches-armados-amenazo-al-gobierno-de-chile\\\/#respond\"]}]},{\"@type\":\"WebPage\",\"@id\":\"https:\\\/\\\/patagoniambiental.com.ar\\\/info\\\/un-grupo-de-mapuches-armados-amenazo-al-gobierno-de-chile\\\/\",\"url\":\"https:\\\/\\\/patagoniambiental.com.ar\\\/info\\\/un-grupo-de-mapuches-armados-amenazo-al-gobierno-de-chile\\\/\",\"name\":\"Un grupo de mapuches armados amenaz\u00f3 al gobierno de Chile\",\"isPartOf\":{\"@id\":\"https:\\\/\\\/patagoniambiental.com.ar\\\/info\\\/#website\"},\"primaryImageOfPage\":{\"@id\":\"https:\\\/\\\/patagoniambiental.com.ar\\\/info\\\/un-grupo-de-mapuches-armados-amenazo-al-gobierno-de-chile\\\/#primaryimage\"},\"image\":{\"@id\":\"https:\\\/\\\/patagoniambiental.com.ar\\\/info\\\/un-grupo-de-mapuches-armados-amenazo-al-gobierno-de-chile\\\/#primaryimage\"},\"thumbnailUrl\":\"https:\\\/\\\/patagoniambiental.com.ar\\\/info\\\/wp-content\\\/uploads\\\/2021\\\/11\\\/Sin-titulo-6.jpg\",\"datePublished\":\"2021-11-06T00:21:05+00:00\",\"dateModified\":\"2021-11-06T00:34:01+00:00\",\"breadcrumb\":{\"@id\":\"https:\\\/\\\/patagoniambiental.com.ar\\\/info\\\/un-grupo-de-mapuches-armados-amenazo-al-gobierno-de-chile\\\/#breadcrumb\"},\"inLanguage\":\"es\",\"potentialAction\":[{\"@type\":\"ReadAction\",\"target\":[\"https:\\\/\\\/patagoniambiental.com.ar\\\/info\\\/un-grupo-de-mapuches-armados-amenazo-al-gobierno-de-chile\\\/\"]}]},{\"@type\":\"ImageObject\",\"inLanguage\":\"es\",\"@id\":\"https:\\\/\\\/patagoniambiental.com.ar\\\/info\\\/un-grupo-de-mapuches-armados-amenazo-al-gobierno-de-chile\\\/#primaryimage\",\"url\":\"https:\\\/\\\/patagoniambiental.com.ar\\\/info\\\/wp-content\\\/uploads\\\/2021\\\/11\\\/Sin-titulo-6.jpg\",\"contentUrl\":\"https:\\\/\\\/patagoniambiental.com.ar\\\/info\\\/wp-content\\\/uploads\\\/2021\\\/11\\\/Sin-titulo-6.jpg\",\"width\":572,\"height\":307},{\"@type\":\"BreadcrumbList\",\"@id\":\"https:\\\/\\\/patagoniambiental.com.ar\\\/info\\\/un-grupo-de-mapuches-armados-amenazo-al-gobierno-de-chile\\\/#breadcrumb\",\"itemListElement\":[{\"@type\":\"ListItem\",\"position\":1,\"name\":\"Inicio\",\"item\":\"https:\\\/\\\/patagoniambiental.com.ar\\\/info\\\/\"},{\"@type\":\"ListItem\",\"position\":2,\"name\":\"Un grupo de mapuches armados amenaz\u00f3 al gobierno de Chile\"}]},{\"@type\":\"WebSite\",\"@id\":\"https:\\\/\\\/patagoniambiental.com.ar\\\/info\\\/#website\",\"url\":\"https:\\\/\\\/patagoniambiental.com.ar\\\/info\\\/\",\"name\":\"Patagonia Ambiental\",\"description\":\"Monitoreo y an\u00e1lisis de la situaci\u00f3n geopol\u00edtica en el mundo y su implicancia en la Patagonia\",\"publisher\":{\"@id\":\"https:\\\/\\\/patagoniambiental.com.ar\\\/info\\\/#organization\"},\"potentialAction\":[{\"@type\":\"SearchAction\",\"target\":{\"@type\":\"EntryPoint\",\"urlTemplate\":\"https:\\\/\\\/patagoniambiental.com.ar\\\/info\\\/?s={search_term_string}\"},\"query-input\":{\"@type\":\"PropertyValueSpecification\",\"valueRequired\":true,\"valueName\":\"search_term_string\"}}],\"inLanguage\":\"es\"},{\"@type\":\"Organization\",\"@id\":\"https:\\\/\\\/patagoniambiental.com.ar\\\/info\\\/#organization\",\"name\":\"Patagonia Ambiental\",\"url\":\"https:\\\/\\\/patagoniambiental.com.ar\\\/info\\\/\",\"logo\":{\"@type\":\"ImageObject\",\"inLanguage\":\"es\",\"@id\":\"https:\\\/\\\/patagoniambiental.com.ar\\\/info\\\/#\\\/schema\\\/logo\\\/image\\\/\",\"url\":\"https:\\\/\\\/patagoniambiental.com.ar\\\/info\\\/wp-content\\\/uploads\\\/2025\\\/05\\\/LOGO-PATAGONIA-AMBIENTAL.png\",\"contentUrl\":\"https:\\\/\\\/patagoniambiental.com.ar\\\/info\\\/wp-content\\\/uploads\\\/2025\\\/05\\\/LOGO-PATAGONIA-AMBIENTAL.png\",\"width\":433,\"height\":250,\"caption\":\"Patagonia Ambiental\"},\"image\":{\"@id\":\"https:\\\/\\\/patagoniambiental.com.ar\\\/info\\\/#\\\/schema\\\/logo\\\/image\\\/\"},\"sameAs\":[\"https:\\\/\\\/www.facebook.com\\\/patagonia.ambiental\",\"https:\\\/\\\/x.com\\\/PatAmb\"]},{\"@type\":\"Person\",\"@id\":\"https:\\\/\\\/patagoniambiental.com.ar\\\/info\\\/#\\\/schema\\\/person\\\/e5af09d700b2e82cb10c6b8800e0c691\",\"name\":\"BRAIAN ESTEVEZ\",\"sameAs\":[\"http:\\\/\\\/www.patagoniambiental.com.ar\"]}]}<\/script>\n<!-- \/ Yoast SEO Premium plugin. -->","yoast_head_json":{"title":"Un grupo de mapuches armados amenaz\u00f3 al gobierno de Chile","robots":{"index":"index","follow":"follow","max-snippet":"max-snippet:-1","max-image-preview":"max-image-preview:large","max-video-preview":"max-video-preview:-1"},"canonical":"https:\/\/patagoniambiental.com.ar\/info\/un-grupo-de-mapuches-armados-amenazo-al-gobierno-de-chile\/","og_locale":"es_ES","og_type":"article","og_title":"Un grupo de mapuches armados amenaz\u00f3 al gobierno de Chile","og_url":"https:\/\/patagoniambiental.com.ar\/info\/un-grupo-de-mapuches-armados-amenazo-al-gobierno-de-chile\/","og_site_name":"Patagonia Ambiental","article_publisher":"https:\/\/www.facebook.com\/patagonia.ambiental","article_published_time":"2021-11-06T00:21:05+00:00","article_modified_time":"2021-11-06T00:34:01+00:00","og_image":[{"width":572,"height":307,"url":"https:\/\/patagoniambiental.com.ar\/info\/wp-content\/uploads\/2021\/11\/Sin-titulo-6.jpg","type":"image\/jpeg"}],"author":"BRAIAN ESTEVEZ","twitter_card":"summary_large_image","twitter_creator":"@PatAmb","twitter_site":"@PatAmb","schema":{"@context":"https:\/\/schema.org","@graph":[{"@type":"Article","@id":"https:\/\/patagoniambiental.com.ar\/info\/un-grupo-de-mapuches-armados-amenazo-al-gobierno-de-chile\/#article","isPartOf":{"@id":"https:\/\/patagoniambiental.com.ar\/info\/un-grupo-de-mapuches-armados-amenazo-al-gobierno-de-chile\/"},"author":{"name":"BRAIAN ESTEVEZ","@id":"https:\/\/patagoniambiental.com.ar\/info\/#\/schema\/person\/e5af09d700b2e82cb10c6b8800e0c691"},"headline":"Un grupo de mapuches armados amenaz\u00f3 al gobierno de Chile","datePublished":"2021-11-06T00:21:05+00:00","dateModified":"2021-11-06T00:34:01+00:00","mainEntityOfPage":{"@id":"https:\/\/patagoniambiental.com.ar\/info\/un-grupo-de-mapuches-armados-amenazo-al-gobierno-de-chile\/"},"wordCount":344,"commentCount":0,"publisher":{"@id":"https:\/\/patagoniambiental.com.ar\/info\/#organization"},"image":{"@id":"https:\/\/patagoniambiental.com.ar\/info\/un-grupo-de-mapuches-armados-amenazo-al-gobierno-de-chile\/#primaryimage"},"thumbnailUrl":"https:\/\/patagoniambiental.com.ar\/info\/wp-content\/uploads\/2021\/11\/Sin-titulo-6.jpg","articleSection":["Noticias"],"inLanguage":"es","potentialAction":[{"@type":"CommentAction","name":"Comment","target":["https:\/\/patagoniambiental.com.ar\/info\/un-grupo-de-mapuches-armados-amenazo-al-gobierno-de-chile\/#respond"]}]},{"@type":"WebPage","@id":"https:\/\/patagoniambiental.com.ar\/info\/un-grupo-de-mapuches-armados-amenazo-al-gobierno-de-chile\/","url":"https:\/\/patagoniambiental.com.ar\/info\/un-grupo-de-mapuches-armados-amenazo-al-gobierno-de-chile\/","name":"Un grupo de mapuches armados amenaz\u00f3 al gobierno de Chile","isPartOf":{"@id":"https:\/\/patagoniambiental.com.ar\/info\/#website"},"primaryImageOfPage":{"@id":"https:\/\/patagoniambiental.com.ar\/info\/un-grupo-de-mapuches-armados-amenazo-al-gobierno-de-chile\/#primaryimage"},"image":{"@id":"https:\/\/patagoniambiental.com.ar\/info\/un-grupo-de-mapuches-armados-amenazo-al-gobierno-de-chile\/#primaryimage"},"thumbnailUrl":"https:\/\/patagoniambiental.com.ar\/info\/wp-content\/uploads\/2021\/11\/Sin-titulo-6.jpg","datePublished":"2021-11-06T00:21:05+00:00","dateModified":"2021-11-06T00:34:01+00:00","breadcrumb":{"@id":"https:\/\/patagoniambiental.com.ar\/info\/un-grupo-de-mapuches-armados-amenazo-al-gobierno-de-chile\/#breadcrumb"},"inLanguage":"es","potentialAction":[{"@type":"ReadAction","target":["https:\/\/patagoniambiental.com.ar\/info\/un-grupo-de-mapuches-armados-amenazo-al-gobierno-de-chile\/"]}]},{"@type":"ImageObject","inLanguage":"es","@id":"https:\/\/patagoniambiental.com.ar\/info\/un-grupo-de-mapuches-armados-amenazo-al-gobierno-de-chile\/#primaryimage","url":"https:\/\/patagoniambiental.com.ar\/info\/wp-content\/uploads\/2021\/11\/Sin-titulo-6.jpg","contentUrl":"https:\/\/patagoniambiental.com.ar\/info\/wp-content\/uploads\/2021\/11\/Sin-titulo-6.jpg","width":572,"height":307},{"@type":"BreadcrumbList","@id":"https:\/\/patagoniambiental.com.ar\/info\/un-grupo-de-mapuches-armados-amenazo-al-gobierno-de-chile\/#breadcrumb","itemListElement":[{"@type":"ListItem","position":1,"name":"Inicio","item":"https:\/\/patagoniambiental.com.ar\/info\/"},{"@type":"ListItem","position":2,"name":"Un grupo de mapuches armados amenaz\u00f3 al gobierno de Chile"}]},{"@type":"WebSite","@id":"https:\/\/patagoniambiental.com.ar\/info\/#website","url":"https:\/\/patagoniambiental.com.ar\/info\/","name":"Patagonia Ambiental","description":"Monitoreo y an\u00e1lisis de la situaci\u00f3n geopol\u00edtica en el mundo y su implicancia en la Patagonia","publisher":{"@id":"https:\/\/patagoniambiental.com.ar\/info\/#organization"},"potentialAction":[{"@type":"SearchAction","target":{"@type":"EntryPoint","urlTemplate":"https:\/\/patagoniambiental.com.ar\/info\/?s={search_term_string}"},"query-input":{"@type":"PropertyValueSpecification","valueRequired":true,"valueName":"search_term_string"}}],"inLanguage":"es"},{"@type":"Organization","@id":"https:\/\/patagoniambiental.com.ar\/info\/#organization","name":"Patagonia Ambiental","url":"https:\/\/patagoniambiental.com.ar\/info\/","logo":{"@type":"ImageObject","inLanguage":"es","@id":"https:\/\/patagoniambiental.com.ar\/info\/#\/schema\/logo\/image\/","url":"https:\/\/patagoniambiental.com.ar\/info\/wp-content\/uploads\/2025\/05\/LOGO-PATAGONIA-AMBIENTAL.png","contentUrl":"https:\/\/patagoniambiental.com.ar\/info\/wp-content\/uploads\/2025\/05\/LOGO-PATAGONIA-AMBIENTAL.png","width":433,"height":250,"caption":"Patagonia Ambiental"},"image":{"@id":"https:\/\/patagoniambiental.com.ar\/info\/#\/schema\/logo\/image\/"},"sameAs":["https:\/\/www.facebook.com\/patagonia.ambiental","https:\/\/x.com\/PatAmb"]},{"@type":"Person","@id":"https:\/\/patagoniambiental.com.ar\/info\/#\/schema\/person\/e5af09d700b2e82cb10c6b8800e0c691","name":"BRAIAN ESTEVEZ","sameAs":["http:\/\/www.patagoniambiental.com.ar"]}]}},"_links":{"self":[{"href":"https:\/\/patagoniambiental.com.ar\/info\/wp-json\/wp\/v2\/posts\/74550","targetHints":{"allow":["GET"]}}],"collection":[{"href":"https:\/\/patagoniambiental.com.ar\/info\/wp-json\/wp\/v2\/posts"}],"about":[{"href":"https:\/\/patagoniambiental.com.ar\/info\/wp-json\/wp\/v2\/types\/post"}],"author":[{"embeddable":true,"href":"https:\/\/patagoniambiental.com.ar\/info\/wp-json\/wp\/v2\/users\/6"}],"replies":[{"embeddable":true,"href":"https:\/\/patagoniambiental.com.ar\/info\/wp-json\/wp\/v2\/comments?post=74550"}],"version-history":[{"count":0,"href":"https:\/\/patagoniambiental.com.ar\/info\/wp-json\/wp\/v2\/posts\/74550\/revisions"}],"wp:featuredmedia":[{"embeddable":true,"href":"https:\/\/patagoniambiental.com.ar\/info\/wp-json\/wp\/v2\/media\/74556"}],"wp:attachment":[{"href":"https:\/\/patagoniambiental.com.ar\/info\/wp-json\/wp\/v2\/media?parent=74550"}],"wp:term":[{"taxonomy":"category","embeddable":true,"href":"https:\/\/patagoniambiental.com.ar\/info\/wp-json\/wp\/v2\/categories?post=74550"},{"taxonomy":"post_tag","embeddable":true,"href":"https:\/\/patagoniambiental.com.ar\/info\/wp-json\/wp\/v2\/tags?post=74550"}],"curies":[{"name":"wp","href":"https:\/\/api.w.org\/{rel}","templated":true}]}}