{"id":74558,"date":"2021-11-07T07:00:00","date_gmt":"2021-11-07T10:00:00","guid":{"rendered":"http:\/\/patagoniambiental.com.ar\/info\/?p=74558"},"modified":"2021-11-07T19:54:27","modified_gmt":"2021-11-07T22:54:27","slug":"liliana-sanucci-presidenta-de-la-fundacion-papa-francisco-los-incidentes-que-hubo-en-los-ultimos-meses-yo-no-los-involucro-con-las-comunidades-mapuches","status":"publish","type":"post","link":"https:\/\/patagoniambiental.com.ar\/info\/liliana-sanucci-presidenta-de-la-fundacion-papa-francisco-los-incidentes-que-hubo-en-los-ultimos-meses-yo-no-los-involucro-con-las-comunidades-mapuches\/","title":{"rendered":"Liliana Sanucci, Presidenta de la Fundaci\u00f3n Papa Francisco \u201clos incidentes que hubo en los \u00faltimos meses yo no los involucro con las comunidades mapuches\u201d"},"content":{"rendered":"\n<!--more-->\n\n\n\n<p>Por Andres Nievas.-En el marco de reclamos ancestrales de comunidades mapuches de la Patagonia dialogamos con Liliana Sanucci, Presidenta de la Fundacion Papa Francisco quien viene trabajando con estas para disminuir los niveles de conflictividad. Esto nos contaba.<\/p>\n\n\n\n<figure class=\"wp-block-image size-large\"><img fetchpriority=\"high\" decoding=\"async\" width=\"154\" height=\"328\" src=\"https:\/\/patagoniambiental.com.ar\/info\/wp-content\/uploads\/2021\/11\/descarga.jpg\" alt=\"\" class=\"wp-image-74560\"\/><\/figure>\n\n\n\n<p><strong>\u00bfCu\u00e1ndo nace la Fundaci\u00f3n Papa Francisco y cu\u00e1les son sus objetivos?<\/strong><\/p>\n\n\n\n<p>Fundaci\u00f3n papa Francisco nace en octubre de 2015 y los objetivos son las tres naves insignias del papa Francisco: Tierra, techo, Trabajo y dentro de esos objetivos hay sub objetivos en distintas \u00e1reas. Esto tendr\u00edamos que profundizar \u00e1rea por \u00e1rea pero ser\u00eda muy extenso.<\/p>\n\n\n\n<p><strong><em>\u00bfTrabajan alineados con la geopol\u00edtica vaticana?<\/em><\/strong><\/p>\n\n\n\n<p>Nosotros estamos alineados con una geopol\u00edtica no solo del vaticano, obviamente coincidimos plenamente. Si entendemos como nuestro lema \u201ctendiendo puentes, derribando muros que nuestras puertas est\u00e1n abiertas para cualquier pa\u00eds, para cualquier sociedad, para cualquier persona de buena voluntad.<\/p>\n\n\n\n<p><strong>Seg\u00fan la informaci\u00f3n publicada, uno de los temas que trabajan es con las comunidades Mapuches en Vaca Muerta. <em>\u00bfC\u00f3mo es la actividad que vienen realizando con las comunidades mapuches en la zona de Vaca Muerta?<\/em><\/strong><\/p>\n\n\n\n<p>En el a\u00f1o 2016 comenzamos a trabajar con las comunidades mapuches (de Neuqu\u00e9n), ser\u00eda la comunidad que est\u00e1 a la vera de ..entre Mariano Moreno hasta Jun\u00edn de los Andes tenemos la cayupan, la vera, paineo, filipin, entre otras. Nuestra asistencia como fundaci\u00f3n es limitada. Nosotros hacemos un soporte de lo que es alimentos, fardos cuando hay problemas con el pastoreo, agua, ropa.<\/p>\n\n\n\n<p><strong>Ese tema<\/strong> <strong><em>\u00bfQu\u00e9 resultado ha tenido hasta el momento ese trabajo?<\/em><\/strong><\/p>\n\n\n\n<p>Excelente. Siempre estamos avanzando, nunca retrocediendo.<\/p>\n\n\n\n<p><strong><em>\u00bfSe logr\u00f3 bajar la conflictividad entre comunidades y gobierno? <\/em><\/strong>Respecto de si se logr\u00f3 bajar la conflictividad, yo creo que todav\u00eda no se han atendido los reclamos de las comunidades entonces es imposible bajar el grado de conflictividad cuando los reclamos que son genuinos no son atendidos.<\/p>\n\n\n\n<p><strong><em>\u00bfS\u00f3lo lo trabajan en la provincia de Neuqu\u00e9n o en alguna otra?<\/em><\/strong><\/p>\n\n\n\n<p>Tambi\u00e9n trabajamos en loa provincia de Rio Negro.<\/p>\n\n\n\n<p><strong><em>Teniendo en cuenta los conflictos de comunidades mapuches con el gobierno de Rio Negro de conocimiento p\u00fablico como la usurpaci\u00f3n de un campo en cuesta del ternero \u00bfQue deber\u00eda hacer el gobierno de rio negro para disminuir la conflictividad existente con las comunidades?<\/em><\/strong><\/p>\n\n\n\n<p>Yo lo que les recomendar\u00eda es que escuchen a las comunidades mapuches, que no traten de interpretarlos porque estamos hablando de otra cultura. Estamos hablando de pueblos originarios ancestrales. Entonces nosotros digo como sociedad en general estamos pudiendo ver toda la situaci\u00f3n completa que viene con una historia de muchos a\u00f1os. Creo que en primer lugar lo que nunca debe hacer un gobierno es mentirles porque si se prometen cosas que despu\u00e9s no se cumplen eso va aumentando el grado de frustraci\u00f3n y de bronca que pueden tener en sus reclamos. Tambi\u00e9n soy una convencida de que los incidentes que hubo en los \u00faltimos meses yo no los involucro con las comunidades mapuches inclusivo de los que te he nombrado ni de otros que no conozco. Pero si puedo decir que son pueblos luchadores no vand\u00e1licos. Entonces a ver yo nunca he visto a una persona o un grupo de personas de comunidades tomando un pozo de petr\u00f3leo. Lejos est\u00e1n de eso. Entonces me parece que est\u00e1 faltando no solo dialogo porque el dialogo debe ser entre dos no solo nos encontramos y vos me contas sino que debe haber una propuesta y una contrapropuesta y est\u00e1 faltando sinceramiento. Creo que en base a eso si eso no se produce es muy dif\u00edcil que se llegue a un acuerdo,&nbsp; Aca las tierras han sido partidas y recontrarepartidas y recontra recontra repartidas y creo que sis e toma esto con una mentalidad inclusive si te gusta empresarial todos los territorios que le han sacado corriendo tranqueras extendiendo actividades comerciales ll\u00e1mese vaca Muerta ll\u00e1mese como se llame creo que les ten\u00edan que haber dado a las comunidades las regal\u00edas correspondientes el haber puesto colegios in situ para que los chicos no tengan que sufrir el desarraigo de ir a las grandes ciudades. Tendr\u00edan que haber hecho muchas cosas. Ellos viven en una situaci\u00f3n muy compleja habitacionalmente sufren el desarraigo de sus hijos y que tienen que ir a las ciudades a estudiar y no tienen recursos para poder visitarlos y quiz\u00e1s vuelven esos chicos a las ciudades con los vicios de las grandes ciudades entonces ellos quieren seguir viviendo en comunidad con todos los adelantos y progresos que se puedan volcar a la comunidad porque eso tambi\u00e9n la gente tiene que saber. No es que quieren vivir en comunidad pero fuera de cualquier adelanto, no! Quieren mantener usos y costumbres&nbsp; creo que debemos respetar much\u00edsimo esto y sobre todo respetar los lugares de poder, creo que es fundamental.<\/p>\n\n\n\n<p><strong><em>\u00bfQu\u00e9 recomendar\u00eda usted?<\/em><\/strong><\/p>\n\n\n\n<p>De mi parte en lo personal como fundaci\u00f3n, yo realmente en los lugares donde hay comunidades como Rio Negro como Neuqu\u00e9n pr\u00e1cticamente en todas nuestras provincias hay comunidades de Pueblos Originarios. Pero en este caso comunidades donde hay situaciones de conflicto creo que yo incorporar\u00eda en el gobierno un consejo de sabios dentro de cada gobierno sea municipal de gobierno provincial un consejo de sabios integrantes de estas comunidades para que est\u00e9n actuando mano a&nbsp; mano con el gobierno y que lleguen a soluciones concretas. La verdad para m\u00ed ser\u00eda una de las soluciones que est\u00e9n dentro ese consejo y adem\u00e1s audite lo que est\u00e1n haciendo con sus tierras con sus recursos o puede ser que este a\u00f1o han sufrido una sequ\u00eda espantosa. Ahora se encuentran con que estos animales se le s van a morir, es uno de sus pocos recursos por falta de agua. En muchos casos he visto visitando las comunidades terminan haciendo un borboteo d\u00e1ndole agua a los cabritos a lo que fuere y no es as\u00ed el tema donde algunos se llevan tanto y algunos tan poco. As\u00ed que me parece que hay que replantear y hacer un giro de 180 grados e involucrarlos permitirles involucrarlos adentro de las \u00e1reas de gobierno para que ellos puedan llevar as propuestas como corresponde y adem\u00e1s investigar a fondo los que provocan estos atentados que la verdad visto desde Buenos Aires suena muy raro demasiado para mi gusto estando como he estado con estas hermanas y hermanos lejos est\u00e1n de cosas as\u00ed.<\/p>\n\n\n\n<p><strong><em>\u00bfEntonces los que utilizan la violencia vista en los \u00faltimos d\u00edas en la Provincia de Rio Negro no son Mapuches?<\/em><\/strong><\/p>\n\n\n\n<p>Mira a m\u00ed entender no, pero yo no soy la justicia, esta todo en investigaci\u00f3n. Lo que digo concretamente es que en estos a\u00f1os trabajando en forma conjunta con distintas comunidades mapuches lejos esta del esp\u00edritu de ellos eso \u00bfQui\u00e9nes son? No lo s\u00e9 espero que la justicia investigue a fondo. Me llama poderosamente la atenci\u00f3n y siempre dije en las comunidades mapuches es como en comunidades de otros lugares inclusive la sociedad misma a gente buena hay gente no tan buena y habr\u00e1 gente mala. Yo no estoy santificando nada, lo que digo es que esto no es del esp\u00edritu de la comunidad Mapuche y me llama demasiado la atenci\u00f3n como se fueron aconteciendo los incidentes demasiado. No s\u00e9, yo estoy esperando que la justicia investigue a fondo realmente.<\/p>\n\n\n\n<p>Y tambi\u00e9n te aclaro que no estamos a favor de ning\u00fan acto de violencia ni de mapuches ni de no mapuches esto lo quiero dejar en claro. Nosotros como fundaci\u00f3n jam\u00e1s hemos participado en manifestaciones veras que en Buenos Aires hay permanentemente movilizaciones que hay hechos de violencia. Jam\u00e1s Fundaci\u00f3n Papa Francisco ha intervenido en esas manifestaciones. Al contrario, nosotros vamos por un sendero pacifico, quiz\u00e1s es m\u00e1s lento seguramente pero vamos consiguiendo los objetivos de a poco los resultados. Ning\u00fan hecho de violencia para nosotros es justificado. Creo que las cosas se resuelven desde otro lugar.<\/p>\n\n\n\n<p><strong><em>Para ir cerrando, me comento que est\u00e1n trabajando en Rio negro \u00bfHan tenido contacto con organismos oficiales como el CODECI&nbsp; o directo con las comunidades?<\/em><\/strong><\/p>\n\n\n\n<p>Mira lo que estamos haciendo porque Rio Negro se abri\u00f3 hace poco tiempo, en realidad la historia viene del a\u00f1o pasado (2020) te acordas que fue una gran nevada durante la pandemia la Expedici\u00f3n \u201cmeridiano sur\u201d y all\u00ed junto con algunas empresas petroleras hemos llevado maquinarias para abrir pueblitos que hab\u00edan quedado tapados por la nieve hemos llevado camiones con muchos alimentos fardos para los animales ropa medicamentos etc. Sobre fines del a\u00f1o pasado se form\u00f3 la cooperativa Merdiano Sur que reci\u00e9n este a\u00f1o pudo fue aceptada por para que tenga su inscripci\u00f3n como cooperativa por el INAES. Lo que est\u00e1n trabajando fuertemente en Rio negro es en todo lo que es un plan de trabajo las personas de las cooperativas son 600 y pico de familias y la posibilidad de trabajo en distintos oficios en lo que es la industria de Vaca Muerta. Entonces nosotros vamos cumpliendo esos objetivos por pasos. Si tenemos que seguir avanzando con Rio Negro pero te repito es relativamente nueva. Estamos hablando que oficialmente se instala como delegaci\u00f3n este a\u00f1o si bien ya ven\u00edamos este a\u00f1o con trabajo de asistencia.<\/p>\n","protected":false},"excerpt":{"rendered":"","protected":false},"author":6,"featured_media":74559,"comment_status":"open","ping_status":"open","sticky":false,"template":"","format":"standard","meta":{"site-sidebar-layout":"default","site-content-layout":"","ast-site-content-layout":"default","site-content-style":"default","site-sidebar-style":"default","ast-global-header-display":"","ast-banner-title-visibility":"","ast-main-header-display":"","ast-hfb-above-header-display":"","ast-hfb-below-header-display":"","ast-hfb-mobile-header-display":"","site-post-title":"","ast-breadcrumbs-content":"","ast-featured-img":"","footer-sml-layout":"","ast-disable-related-posts":"","theme-transparent-header-meta":"","adv-header-id-meta":"","stick-header-meta":"","header-above-stick-meta":"","header-main-stick-meta":"","header-below-stick-meta":"","astra-migrate-meta-layouts":"default","ast-page-background-enabled":"default","ast-page-background-meta":{"desktop":{"background-color":"var(--ast-global-color-5)","background-image":"","background-repeat":"repeat","background-position":"center center","background-size":"auto","background-attachment":"scroll","background-type":"","background-media":"","overlay-type":"","overlay-color":"","overlay-opacity":"","overlay-gradient":""},"tablet":{"background-color":"","background-image":"","background-repeat":"repeat","background-position":"center center","background-size":"auto","background-attachment":"scroll","background-type":"","background-media":"","overlay-type":"","overlay-color":"","overlay-opacity":"","overlay-gradient":""},"mobile":{"background-color":"","background-image":"","background-repeat":"repeat","background-position":"center center","background-size":"auto","background-attachment":"scroll","background-type":"","background-media":"","overlay-type":"","overlay-color":"","overlay-opacity":"","overlay-gradient":""}},"ast-content-background-meta":{"desktop":{"background-color":"var(--ast-global-color-4)","background-image":"","background-repeat":"repeat","background-position":"center center","background-size":"auto","background-attachment":"scroll","background-type":"","background-media":"","overlay-type":"","overlay-color":"","overlay-opacity":"","overlay-gradient":""},"tablet":{"background-color":"var(--ast-global-color-4)","background-image":"","background-repeat":"repeat","background-position":"center center","background-size":"auto","background-attachment":"scroll","background-type":"","background-media":"","overlay-type":"","overlay-color":"","overlay-opacity":"","overlay-gradient":""},"mobile":{"background-color":"var(--ast-global-color-4)","background-image":"","background-repeat":"repeat","background-position":"center center","background-size":"auto","background-attachment":"scroll","background-type":"","background-media":"","overlay-type":"","overlay-color":"","overlay-opacity":"","overlay-gradient":""}},"footnotes":""},"categories":[51,1],"tags":[],"class_list":["post-74558","post","type-post","status-publish","format-standard","has-post-thumbnail","hentry","category-entrevistas","category-noticias"],"yoast_head":"<!-- This site is optimized with the Yoast SEO Premium plugin v23.0 (Yoast SEO v27.5) - https:\/\/yoast.com\/product\/yoast-seo-premium-wordpress\/ -->\n<title>Liliana Sanucci, Presidenta de la Fundaci\u00f3n Papa Francisco \u201clos incidentes que hubo en los \u00faltimos meses yo no los involucro con las comunidades mapuches\u201d<\/title>\n<meta name=\"robots\" content=\"index, follow, max-snippet:-1, max-image-preview:large, max-video-preview:-1\" \/>\n<link rel=\"canonical\" href=\"https:\/\/patagoniambiental.com.ar\/info\/liliana-sanucci-presidenta-de-la-fundacion-papa-francisco-los-incidentes-que-hubo-en-los-ultimos-meses-yo-no-los-involucro-con-las-comunidades-mapuches\/\" \/>\n<meta property=\"og:locale\" content=\"es_ES\" \/>\n<meta property=\"og:type\" content=\"article\" \/>\n<meta property=\"og:title\" content=\"Liliana Sanucci, Presidenta de la Fundaci\u00f3n Papa Francisco \u201clos incidentes que hubo en los \u00faltimos meses yo no los involucro con las comunidades mapuches\u201d\" \/>\n<meta property=\"og:url\" content=\"https:\/\/patagoniambiental.com.ar\/info\/liliana-sanucci-presidenta-de-la-fundacion-papa-francisco-los-incidentes-que-hubo-en-los-ultimos-meses-yo-no-los-involucro-con-las-comunidades-mapuches\/\" \/>\n<meta property=\"og:site_name\" content=\"Patagonia Ambiental\" \/>\n<meta property=\"article:publisher\" content=\"https:\/\/www.facebook.com\/patagonia.ambiental\" \/>\n<meta property=\"article:published_time\" content=\"2021-11-07T10:00:00+00:00\" \/>\n<meta property=\"article:modified_time\" content=\"2021-11-07T22:54:27+00:00\" \/>\n<meta property=\"og:image\" content=\"https:\/\/patagoniambiental.com.ar\/info\/wp-content\/uploads\/2021\/11\/119145305_151252629972058_3375386358529528910_n.png\" \/>\n\t<meta property=\"og:image:width\" content=\"960\" \/>\n\t<meta property=\"og:image:height\" content=\"365\" \/>\n\t<meta property=\"og:image:type\" content=\"image\/png\" \/>\n<meta name=\"author\" content=\"BRAIAN ESTEVEZ\" \/>\n<meta name=\"twitter:card\" content=\"summary_large_image\" \/>\n<meta name=\"twitter:creator\" content=\"@PatAmb\" \/>\n<meta name=\"twitter:site\" content=\"@PatAmb\" \/>\n<script type=\"application\/ld+json\" class=\"yoast-schema-graph\">{\"@context\":\"https:\\\/\\\/schema.org\",\"@graph\":[{\"@type\":\"Article\",\"@id\":\"https:\\\/\\\/patagoniambiental.com.ar\\\/info\\\/liliana-sanucci-presidenta-de-la-fundacion-papa-francisco-los-incidentes-que-hubo-en-los-ultimos-meses-yo-no-los-involucro-con-las-comunidades-mapuches\\\/#article\",\"isPartOf\":{\"@id\":\"https:\\\/\\\/patagoniambiental.com.ar\\\/info\\\/liliana-sanucci-presidenta-de-la-fundacion-papa-francisco-los-incidentes-que-hubo-en-los-ultimos-meses-yo-no-los-involucro-con-las-comunidades-mapuches\\\/\"},\"author\":{\"name\":\"BRAIAN ESTEVEZ\",\"@id\":\"https:\\\/\\\/patagoniambiental.com.ar\\\/info\\\/#\\\/schema\\\/person\\\/e5af09d700b2e82cb10c6b8800e0c691\"},\"headline\":\"Liliana Sanucci, Presidenta de la Fundaci\u00f3n Papa Francisco \u201clos incidentes que hubo en los \u00faltimos meses yo no los involucro con las comunidades mapuches\u201d\",\"datePublished\":\"2021-11-07T10:00:00+00:00\",\"dateModified\":\"2021-11-07T22:54:27+00:00\",\"mainEntityOfPage\":{\"@id\":\"https:\\\/\\\/patagoniambiental.com.ar\\\/info\\\/liliana-sanucci-presidenta-de-la-fundacion-papa-francisco-los-incidentes-que-hubo-en-los-ultimos-meses-yo-no-los-involucro-con-las-comunidades-mapuches\\\/\"},\"wordCount\":1608,\"commentCount\":0,\"publisher\":{\"@id\":\"https:\\\/\\\/patagoniambiental.com.ar\\\/info\\\/#organization\"},\"image\":{\"@id\":\"https:\\\/\\\/patagoniambiental.com.ar\\\/info\\\/liliana-sanucci-presidenta-de-la-fundacion-papa-francisco-los-incidentes-que-hubo-en-los-ultimos-meses-yo-no-los-involucro-con-las-comunidades-mapuches\\\/#primaryimage\"},\"thumbnailUrl\":\"https:\\\/\\\/patagoniambiental.com.ar\\\/info\\\/wp-content\\\/uploads\\\/2021\\\/11\\\/119145305_151252629972058_3375386358529528910_n.png\",\"articleSection\":[\"Entrevistas\",\"Noticias\"],\"inLanguage\":\"es\",\"potentialAction\":[{\"@type\":\"CommentAction\",\"name\":\"Comment\",\"target\":[\"https:\\\/\\\/patagoniambiental.com.ar\\\/info\\\/liliana-sanucci-presidenta-de-la-fundacion-papa-francisco-los-incidentes-que-hubo-en-los-ultimos-meses-yo-no-los-involucro-con-las-comunidades-mapuches\\\/#respond\"]}]},{\"@type\":\"WebPage\",\"@id\":\"https:\\\/\\\/patagoniambiental.com.ar\\\/info\\\/liliana-sanucci-presidenta-de-la-fundacion-papa-francisco-los-incidentes-que-hubo-en-los-ultimos-meses-yo-no-los-involucro-con-las-comunidades-mapuches\\\/\",\"url\":\"https:\\\/\\\/patagoniambiental.com.ar\\\/info\\\/liliana-sanucci-presidenta-de-la-fundacion-papa-francisco-los-incidentes-que-hubo-en-los-ultimos-meses-yo-no-los-involucro-con-las-comunidades-mapuches\\\/\",\"name\":\"Liliana Sanucci, Presidenta de la Fundaci\u00f3n Papa Francisco \u201clos incidentes que hubo en los \u00faltimos meses yo no los involucro con las comunidades mapuches\u201d\",\"isPartOf\":{\"@id\":\"https:\\\/\\\/patagoniambiental.com.ar\\\/info\\\/#website\"},\"primaryImageOfPage\":{\"@id\":\"https:\\\/\\\/patagoniambiental.com.ar\\\/info\\\/liliana-sanucci-presidenta-de-la-fundacion-papa-francisco-los-incidentes-que-hubo-en-los-ultimos-meses-yo-no-los-involucro-con-las-comunidades-mapuches\\\/#primaryimage\"},\"image\":{\"@id\":\"https:\\\/\\\/patagoniambiental.com.ar\\\/info\\\/liliana-sanucci-presidenta-de-la-fundacion-papa-francisco-los-incidentes-que-hubo-en-los-ultimos-meses-yo-no-los-involucro-con-las-comunidades-mapuches\\\/#primaryimage\"},\"thumbnailUrl\":\"https:\\\/\\\/patagoniambiental.com.ar\\\/info\\\/wp-content\\\/uploads\\\/2021\\\/11\\\/119145305_151252629972058_3375386358529528910_n.png\",\"datePublished\":\"2021-11-07T10:00:00+00:00\",\"dateModified\":\"2021-11-07T22:54:27+00:00\",\"breadcrumb\":{\"@id\":\"https:\\\/\\\/patagoniambiental.com.ar\\\/info\\\/liliana-sanucci-presidenta-de-la-fundacion-papa-francisco-los-incidentes-que-hubo-en-los-ultimos-meses-yo-no-los-involucro-con-las-comunidades-mapuches\\\/#breadcrumb\"},\"inLanguage\":\"es\",\"potentialAction\":[{\"@type\":\"ReadAction\",\"target\":[\"https:\\\/\\\/patagoniambiental.com.ar\\\/info\\\/liliana-sanucci-presidenta-de-la-fundacion-papa-francisco-los-incidentes-que-hubo-en-los-ultimos-meses-yo-no-los-involucro-con-las-comunidades-mapuches\\\/\"]}]},{\"@type\":\"ImageObject\",\"inLanguage\":\"es\",\"@id\":\"https:\\\/\\\/patagoniambiental.com.ar\\\/info\\\/liliana-sanucci-presidenta-de-la-fundacion-papa-francisco-los-incidentes-que-hubo-en-los-ultimos-meses-yo-no-los-involucro-con-las-comunidades-mapuches\\\/#primaryimage\",\"url\":\"https:\\\/\\\/patagoniambiental.com.ar\\\/info\\\/wp-content\\\/uploads\\\/2021\\\/11\\\/119145305_151252629972058_3375386358529528910_n.png\",\"contentUrl\":\"https:\\\/\\\/patagoniambiental.com.ar\\\/info\\\/wp-content\\\/uploads\\\/2021\\\/11\\\/119145305_151252629972058_3375386358529528910_n.png\",\"width\":960,\"height\":365},{\"@type\":\"BreadcrumbList\",\"@id\":\"https:\\\/\\\/patagoniambiental.com.ar\\\/info\\\/liliana-sanucci-presidenta-de-la-fundacion-papa-francisco-los-incidentes-que-hubo-en-los-ultimos-meses-yo-no-los-involucro-con-las-comunidades-mapuches\\\/#breadcrumb\",\"itemListElement\":[{\"@type\":\"ListItem\",\"position\":1,\"name\":\"Inicio\",\"item\":\"https:\\\/\\\/patagoniambiental.com.ar\\\/info\\\/\"},{\"@type\":\"ListItem\",\"position\":2,\"name\":\"Liliana Sanucci, Presidenta de la Fundaci\u00f3n Papa Francisco \u201clos incidentes que hubo en los \u00faltimos meses yo no los involucro con las comunidades mapuches\u201d\"}]},{\"@type\":\"WebSite\",\"@id\":\"https:\\\/\\\/patagoniambiental.com.ar\\\/info\\\/#website\",\"url\":\"https:\\\/\\\/patagoniambiental.com.ar\\\/info\\\/\",\"name\":\"Patagonia Ambiental\",\"description\":\"Monitoreo y an\u00e1lisis de la situaci\u00f3n geopol\u00edtica en el mundo y su implicancia en la Patagonia\",\"publisher\":{\"@id\":\"https:\\\/\\\/patagoniambiental.com.ar\\\/info\\\/#organization\"},\"potentialAction\":[{\"@type\":\"SearchAction\",\"target\":{\"@type\":\"EntryPoint\",\"urlTemplate\":\"https:\\\/\\\/patagoniambiental.com.ar\\\/info\\\/?s={search_term_string}\"},\"query-input\":{\"@type\":\"PropertyValueSpecification\",\"valueRequired\":true,\"valueName\":\"search_term_string\"}}],\"inLanguage\":\"es\"},{\"@type\":\"Organization\",\"@id\":\"https:\\\/\\\/patagoniambiental.com.ar\\\/info\\\/#organization\",\"name\":\"Patagonia Ambiental\",\"url\":\"https:\\\/\\\/patagoniambiental.com.ar\\\/info\\\/\",\"logo\":{\"@type\":\"ImageObject\",\"inLanguage\":\"es\",\"@id\":\"https:\\\/\\\/patagoniambiental.com.ar\\\/info\\\/#\\\/schema\\\/logo\\\/image\\\/\",\"url\":\"https:\\\/\\\/patagoniambiental.com.ar\\\/info\\\/wp-content\\\/uploads\\\/2025\\\/05\\\/LOGO-PATAGONIA-AMBIENTAL.png\",\"contentUrl\":\"https:\\\/\\\/patagoniambiental.com.ar\\\/info\\\/wp-content\\\/uploads\\\/2025\\\/05\\\/LOGO-PATAGONIA-AMBIENTAL.png\",\"width\":433,\"height\":250,\"caption\":\"Patagonia Ambiental\"},\"image\":{\"@id\":\"https:\\\/\\\/patagoniambiental.com.ar\\\/info\\\/#\\\/schema\\\/logo\\\/image\\\/\"},\"sameAs\":[\"https:\\\/\\\/www.facebook.com\\\/patagonia.ambiental\",\"https:\\\/\\\/x.com\\\/PatAmb\"]},{\"@type\":\"Person\",\"@id\":\"https:\\\/\\\/patagoniambiental.com.ar\\\/info\\\/#\\\/schema\\\/person\\\/e5af09d700b2e82cb10c6b8800e0c691\",\"name\":\"BRAIAN ESTEVEZ\",\"sameAs\":[\"http:\\\/\\\/www.patagoniambiental.com.ar\"]}]}<\/script>\n<!-- \/ Yoast SEO Premium plugin. -->","yoast_head_json":{"title":"Liliana Sanucci, Presidenta de la Fundaci\u00f3n Papa Francisco \u201clos incidentes que hubo en los \u00faltimos meses yo no los involucro con las comunidades mapuches\u201d","robots":{"index":"index","follow":"follow","max-snippet":"max-snippet:-1","max-image-preview":"max-image-preview:large","max-video-preview":"max-video-preview:-1"},"canonical":"https:\/\/patagoniambiental.com.ar\/info\/liliana-sanucci-presidenta-de-la-fundacion-papa-francisco-los-incidentes-que-hubo-en-los-ultimos-meses-yo-no-los-involucro-con-las-comunidades-mapuches\/","og_locale":"es_ES","og_type":"article","og_title":"Liliana Sanucci, Presidenta de la Fundaci\u00f3n Papa Francisco \u201clos incidentes que hubo en los \u00faltimos meses yo no los involucro con las comunidades mapuches\u201d","og_url":"https:\/\/patagoniambiental.com.ar\/info\/liliana-sanucci-presidenta-de-la-fundacion-papa-francisco-los-incidentes-que-hubo-en-los-ultimos-meses-yo-no-los-involucro-con-las-comunidades-mapuches\/","og_site_name":"Patagonia Ambiental","article_publisher":"https:\/\/www.facebook.com\/patagonia.ambiental","article_published_time":"2021-11-07T10:00:00+00:00","article_modified_time":"2021-11-07T22:54:27+00:00","og_image":[{"width":960,"height":365,"url":"https:\/\/patagoniambiental.com.ar\/info\/wp-content\/uploads\/2021\/11\/119145305_151252629972058_3375386358529528910_n.png","type":"image\/png"}],"author":"BRAIAN ESTEVEZ","twitter_card":"summary_large_image","twitter_creator":"@PatAmb","twitter_site":"@PatAmb","schema":{"@context":"https:\/\/schema.org","@graph":[{"@type":"Article","@id":"https:\/\/patagoniambiental.com.ar\/info\/liliana-sanucci-presidenta-de-la-fundacion-papa-francisco-los-incidentes-que-hubo-en-los-ultimos-meses-yo-no-los-involucro-con-las-comunidades-mapuches\/#article","isPartOf":{"@id":"https:\/\/patagoniambiental.com.ar\/info\/liliana-sanucci-presidenta-de-la-fundacion-papa-francisco-los-incidentes-que-hubo-en-los-ultimos-meses-yo-no-los-involucro-con-las-comunidades-mapuches\/"},"author":{"name":"BRAIAN ESTEVEZ","@id":"https:\/\/patagoniambiental.com.ar\/info\/#\/schema\/person\/e5af09d700b2e82cb10c6b8800e0c691"},"headline":"Liliana Sanucci, Presidenta de la Fundaci\u00f3n Papa Francisco \u201clos incidentes que hubo en los \u00faltimos meses yo no los involucro con las comunidades mapuches\u201d","datePublished":"2021-11-07T10:00:00+00:00","dateModified":"2021-11-07T22:54:27+00:00","mainEntityOfPage":{"@id":"https:\/\/patagoniambiental.com.ar\/info\/liliana-sanucci-presidenta-de-la-fundacion-papa-francisco-los-incidentes-que-hubo-en-los-ultimos-meses-yo-no-los-involucro-con-las-comunidades-mapuches\/"},"wordCount":1608,"commentCount":0,"publisher":{"@id":"https:\/\/patagoniambiental.com.ar\/info\/#organization"},"image":{"@id":"https:\/\/patagoniambiental.com.ar\/info\/liliana-sanucci-presidenta-de-la-fundacion-papa-francisco-los-incidentes-que-hubo-en-los-ultimos-meses-yo-no-los-involucro-con-las-comunidades-mapuches\/#primaryimage"},"thumbnailUrl":"https:\/\/patagoniambiental.com.ar\/info\/wp-content\/uploads\/2021\/11\/119145305_151252629972058_3375386358529528910_n.png","articleSection":["Entrevistas","Noticias"],"inLanguage":"es","potentialAction":[{"@type":"CommentAction","name":"Comment","target":["https:\/\/patagoniambiental.com.ar\/info\/liliana-sanucci-presidenta-de-la-fundacion-papa-francisco-los-incidentes-que-hubo-en-los-ultimos-meses-yo-no-los-involucro-con-las-comunidades-mapuches\/#respond"]}]},{"@type":"WebPage","@id":"https:\/\/patagoniambiental.com.ar\/info\/liliana-sanucci-presidenta-de-la-fundacion-papa-francisco-los-incidentes-que-hubo-en-los-ultimos-meses-yo-no-los-involucro-con-las-comunidades-mapuches\/","url":"https:\/\/patagoniambiental.com.ar\/info\/liliana-sanucci-presidenta-de-la-fundacion-papa-francisco-los-incidentes-que-hubo-en-los-ultimos-meses-yo-no-los-involucro-con-las-comunidades-mapuches\/","name":"Liliana Sanucci, Presidenta de la Fundaci\u00f3n Papa Francisco \u201clos incidentes que hubo en los \u00faltimos meses yo no los involucro con las comunidades mapuches\u201d","isPartOf":{"@id":"https:\/\/patagoniambiental.com.ar\/info\/#website"},"primaryImageOfPage":{"@id":"https:\/\/patagoniambiental.com.ar\/info\/liliana-sanucci-presidenta-de-la-fundacion-papa-francisco-los-incidentes-que-hubo-en-los-ultimos-meses-yo-no-los-involucro-con-las-comunidades-mapuches\/#primaryimage"},"image":{"@id":"https:\/\/patagoniambiental.com.ar\/info\/liliana-sanucci-presidenta-de-la-fundacion-papa-francisco-los-incidentes-que-hubo-en-los-ultimos-meses-yo-no-los-involucro-con-las-comunidades-mapuches\/#primaryimage"},"thumbnailUrl":"https:\/\/patagoniambiental.com.ar\/info\/wp-content\/uploads\/2021\/11\/119145305_151252629972058_3375386358529528910_n.png","datePublished":"2021-11-07T10:00:00+00:00","dateModified":"2021-11-07T22:54:27+00:00","breadcrumb":{"@id":"https:\/\/patagoniambiental.com.ar\/info\/liliana-sanucci-presidenta-de-la-fundacion-papa-francisco-los-incidentes-que-hubo-en-los-ultimos-meses-yo-no-los-involucro-con-las-comunidades-mapuches\/#breadcrumb"},"inLanguage":"es","potentialAction":[{"@type":"ReadAction","target":["https:\/\/patagoniambiental.com.ar\/info\/liliana-sanucci-presidenta-de-la-fundacion-papa-francisco-los-incidentes-que-hubo-en-los-ultimos-meses-yo-no-los-involucro-con-las-comunidades-mapuches\/"]}]},{"@type":"ImageObject","inLanguage":"es","@id":"https:\/\/patagoniambiental.com.ar\/info\/liliana-sanucci-presidenta-de-la-fundacion-papa-francisco-los-incidentes-que-hubo-en-los-ultimos-meses-yo-no-los-involucro-con-las-comunidades-mapuches\/#primaryimage","url":"https:\/\/patagoniambiental.com.ar\/info\/wp-content\/uploads\/2021\/11\/119145305_151252629972058_3375386358529528910_n.png","contentUrl":"https:\/\/patagoniambiental.com.ar\/info\/wp-content\/uploads\/2021\/11\/119145305_151252629972058_3375386358529528910_n.png","width":960,"height":365},{"@type":"BreadcrumbList","@id":"https:\/\/patagoniambiental.com.ar\/info\/liliana-sanucci-presidenta-de-la-fundacion-papa-francisco-los-incidentes-que-hubo-en-los-ultimos-meses-yo-no-los-involucro-con-las-comunidades-mapuches\/#breadcrumb","itemListElement":[{"@type":"ListItem","position":1,"name":"Inicio","item":"https:\/\/patagoniambiental.com.ar\/info\/"},{"@type":"ListItem","position":2,"name":"Liliana Sanucci, Presidenta de la Fundaci\u00f3n Papa Francisco \u201clos incidentes que hubo en los \u00faltimos meses yo no los involucro con las comunidades mapuches\u201d"}]},{"@type":"WebSite","@id":"https:\/\/patagoniambiental.com.ar\/info\/#website","url":"https:\/\/patagoniambiental.com.ar\/info\/","name":"Patagonia Ambiental","description":"Monitoreo y an\u00e1lisis de la situaci\u00f3n geopol\u00edtica en el mundo y su implicancia en la Patagonia","publisher":{"@id":"https:\/\/patagoniambiental.com.ar\/info\/#organization"},"potentialAction":[{"@type":"SearchAction","target":{"@type":"EntryPoint","urlTemplate":"https:\/\/patagoniambiental.com.ar\/info\/?s={search_term_string}"},"query-input":{"@type":"PropertyValueSpecification","valueRequired":true,"valueName":"search_term_string"}}],"inLanguage":"es"},{"@type":"Organization","@id":"https:\/\/patagoniambiental.com.ar\/info\/#organization","name":"Patagonia Ambiental","url":"https:\/\/patagoniambiental.com.ar\/info\/","logo":{"@type":"ImageObject","inLanguage":"es","@id":"https:\/\/patagoniambiental.com.ar\/info\/#\/schema\/logo\/image\/","url":"https:\/\/patagoniambiental.com.ar\/info\/wp-content\/uploads\/2025\/05\/LOGO-PATAGONIA-AMBIENTAL.png","contentUrl":"https:\/\/patagoniambiental.com.ar\/info\/wp-content\/uploads\/2025\/05\/LOGO-PATAGONIA-AMBIENTAL.png","width":433,"height":250,"caption":"Patagonia Ambiental"},"image":{"@id":"https:\/\/patagoniambiental.com.ar\/info\/#\/schema\/logo\/image\/"},"sameAs":["https:\/\/www.facebook.com\/patagonia.ambiental","https:\/\/x.com\/PatAmb"]},{"@type":"Person","@id":"https:\/\/patagoniambiental.com.ar\/info\/#\/schema\/person\/e5af09d700b2e82cb10c6b8800e0c691","name":"BRAIAN ESTEVEZ","sameAs":["http:\/\/www.patagoniambiental.com.ar"]}]}},"_links":{"self":[{"href":"https:\/\/patagoniambiental.com.ar\/info\/wp-json\/wp\/v2\/posts\/74558","targetHints":{"allow":["GET"]}}],"collection":[{"href":"https:\/\/patagoniambiental.com.ar\/info\/wp-json\/wp\/v2\/posts"}],"about":[{"href":"https:\/\/patagoniambiental.com.ar\/info\/wp-json\/wp\/v2\/types\/post"}],"author":[{"embeddable":true,"href":"https:\/\/patagoniambiental.com.ar\/info\/wp-json\/wp\/v2\/users\/6"}],"replies":[{"embeddable":true,"href":"https:\/\/patagoniambiental.com.ar\/info\/wp-json\/wp\/v2\/comments?post=74558"}],"version-history":[{"count":0,"href":"https:\/\/patagoniambiental.com.ar\/info\/wp-json\/wp\/v2\/posts\/74558\/revisions"}],"wp:featuredmedia":[{"embeddable":true,"href":"https:\/\/patagoniambiental.com.ar\/info\/wp-json\/wp\/v2\/media\/74559"}],"wp:attachment":[{"href":"https:\/\/patagoniambiental.com.ar\/info\/wp-json\/wp\/v2\/media?parent=74558"}],"wp:term":[{"taxonomy":"category","embeddable":true,"href":"https:\/\/patagoniambiental.com.ar\/info\/wp-json\/wp\/v2\/categories?post=74558"},{"taxonomy":"post_tag","embeddable":true,"href":"https:\/\/patagoniambiental.com.ar\/info\/wp-json\/wp\/v2\/tags?post=74558"}],"curies":[{"name":"wp","href":"https:\/\/api.w.org\/{rel}","templated":true}]}}