{"id":74593,"date":"2021-11-12T07:00:00","date_gmt":"2021-11-12T10:00:00","guid":{"rendered":"http:\/\/patagoniambiental.com.ar\/info\/?p=74593"},"modified":"2021-11-12T10:44:50","modified_gmt":"2021-11-12T13:44:50","slug":"seminario-sobre-polinizacion-y-rendimiento-agricola","status":"publish","type":"post","link":"https:\/\/patagoniambiental.com.ar\/info\/seminario-sobre-polinizacion-y-rendimiento-agricola\/","title":{"rendered":"Seminario sobre polinizaci\u00f3n y rendimiento agr\u00edcola"},"content":{"rendered":"\n<!--more-->\n\n\n\n<p><em>Bariloche, 11 de noviembre de 2021.<\/em>&nbsp;&nbsp;&nbsp;El Instituto de Investigaciones en Recursos Naturales, Agroecolog\u00eda y Desarrollo Rural de la&nbsp;Universidad Nacional de R\u00edo Negro y CONICET (IRNAD UNRN\/CONICET) invita al Seminario&nbsp;virtual&nbsp;<em>Aspectos vinculados a la polinizaci\u00f3n entom\u00f3fila y el rendimiento de cultivos<\/em><em>&nbsp;<\/em><em>dependientes de la polinizaci\u00f3n animal.<\/em><\/p>\n\n\n\n<p>La actividad, de participaci\u00f3n abierta y gratuita, se&nbsp;realizar\u00e1 el martes 16 de noviembre a las 13.00 por la plataforma Zoom. Requiere inscripci\u00f3n previa.<\/p>\n\n\n\n<p>La superficie agr\u00edcola destinada a cultivos dependientes de la polinizaci\u00f3n animal aument\u00f3 en funci\u00f3n de compensar el bajo incremento del rendimiento de este tipo de cultivos. Sin embargo, esta alternativa para aumentar la producci\u00f3n, \u00fatil en el corto plazo, no solo afecta perjudicialmente a la biodiversidad y el ambiente sino que condiciona rendimientos futuros.<\/p>\n\n\n\n<p>Profundizar el entendimiento sobre el rendimiento de los cultivos dependientes de la polinizaci\u00f3n resulta necesario para mantener una buena productividad de forma sostenible y sustentable. En este seminario se presentan resultados finales y parciales de la tesis doctoral de Pablo H\u00fcnicken, que realiza su trabajo de investigaci\u00f3n en el IRNAD.<\/p>\n\n\n\n<p><strong>Formulario de inscripci\u00f3n:<\/strong>&nbsp;<a href=\"https:\/\/bit.ly\/SeminarioIRNAD-16-11-2021\" target=\"_blank\" rel=\"noreferrer noopener\">completar aqu\u00ed.<\/a><\/p>\n\n\n\n<p><strong>Perfil disertante<\/strong><\/p>\n\n\n\n<p>Pablo L H\u00fcnicken es licenciado en Ciencias Biol\u00f3gicas por la Universidad de Buenos Aires. Es becario doctoral desde mayo de 2017, primero con una beca de nivel inicial de la ANPCyT y actualmente con una beca de finalizaci\u00f3n de doctorado del CONICET. Realiza la carrera de doctorado de la Universidad del Sur, dirigido por el doctor Lucas A Garibaldi y las doctoras Carolina L. Morales y Ana Elena de Villalobos.<br>&#8212;<br>Departamento de Comunicaci\u00f3nUniversidad Nacional de R\u00edo Negro &#8211; Sede Andina\u00a0Mitre 630 1\u00ba \u00abB\u00bb &#8211; San Carlos de Bariloche(0294) 474 6118<a rel=\"noreferrer noopener\" href=\"mailto:comunicacion.andina@unrn.edu.ar\" target=\"_blank\">comunicacion.andina@unrn.edu.ar<\/a><a rel=\"noreferrer noopener\" href=\"http:\/\/www.unrn.edu.ar\/\" target=\"_blank\">www.unrn.edu.ar<\/a>Facebook: @<a rel=\"noreferrer noopener\" href=\"https:\/\/www.facebook.com\/unrnsedeandina\" target=\"_blank\">unrnsedeandina<\/a><br>Twitter: @unrnsedeandina<br>Instagram: Instagram\/@unrionegro<a rel=\"noreferrer noopener\" href=\"http:\/\/www.unrn.tv\/\" target=\"_blank\">www.unrn.tv<\/a><br>www.raund.media<\/p>\n","protected":false},"excerpt":{"rendered":"","protected":false},"author":6,"featured_media":74594,"comment_status":"open","ping_status":"open","sticky":false,"template":"","format":"standard","meta":{"site-sidebar-layout":"default","site-content-layout":"","ast-site-content-layout":"default","site-content-style":"default","site-sidebar-style":"default","ast-global-header-display":"","ast-banner-title-visibility":"","ast-main-header-display":"","ast-hfb-above-header-display":"","ast-hfb-below-header-display":"","ast-hfb-mobile-header-display":"","site-post-title":"","ast-breadcrumbs-content":"","ast-featured-img":"","footer-sml-layout":"","ast-disable-related-posts":"","theme-transparent-header-meta":"","adv-header-id-meta":"","stick-header-meta":"","header-above-stick-meta":"","header-main-stick-meta":"","header-below-stick-meta":"","astra-migrate-meta-layouts":"default","ast-page-background-enabled":"default","ast-page-background-meta":{"desktop":{"background-color":"var(--ast-global-color-5)","background-image":"","background-repeat":"repeat","background-position":"center center","background-size":"auto","background-attachment":"scroll","background-type":"","background-media":"","overlay-type":"","overlay-color":"","overlay-opacity":"","overlay-gradient":""},"tablet":{"background-color":"","background-image":"","background-repeat":"repeat","background-position":"center center","background-size":"auto","background-attachment":"scroll","background-type":"","background-media":"","overlay-type":"","overlay-color":"","overlay-opacity":"","overlay-gradient":""},"mobile":{"background-color":"","background-image":"","background-repeat":"repeat","background-position":"center center","background-size":"auto","background-attachment":"scroll","background-type":"","background-media":"","overlay-type":"","overlay-color":"","overlay-opacity":"","overlay-gradient":""}},"ast-content-background-meta":{"desktop":{"background-color":"var(--ast-global-color-4)","background-image":"","background-repeat":"repeat","background-position":"center center","background-size":"auto","background-attachment":"scroll","background-type":"","background-media":"","overlay-type":"","overlay-color":"","overlay-opacity":"","overlay-gradient":""},"tablet":{"background-color":"var(--ast-global-color-4)","background-image":"","background-repeat":"repeat","background-position":"center center","background-size":"auto","background-attachment":"scroll","background-type":"","background-media":"","overlay-type":"","overlay-color":"","overlay-opacity":"","overlay-gradient":""},"mobile":{"background-color":"var(--ast-global-color-4)","background-image":"","background-repeat":"repeat","background-position":"center center","background-size":"auto","background-attachment":"scroll","background-type":"","background-media":"","overlay-type":"","overlay-color":"","overlay-opacity":"","overlay-gradient":""}},"footnotes":""},"categories":[12,11,1,10],"tags":[],"class_list":["post-74593","post","type-post","status-publish","format-standard","has-post-thumbnail","hentry","category-agenda-ambiental","category-boletin","category-noticias","category-rotador"],"yoast_head":"<!-- This site is optimized with the Yoast SEO Premium plugin v23.0 (Yoast SEO v27.5) - https:\/\/yoast.com\/product\/yoast-seo-premium-wordpress\/ -->\n<title>Seminario sobre polinizaci\u00f3n y rendimiento agr\u00edcola<\/title>\n<meta name=\"robots\" content=\"index, follow, max-snippet:-1, max-image-preview:large, max-video-preview:-1\" \/>\n<link rel=\"canonical\" href=\"https:\/\/patagoniambiental.com.ar\/info\/seminario-sobre-polinizacion-y-rendimiento-agricola\/\" \/>\n<meta property=\"og:locale\" content=\"es_ES\" \/>\n<meta property=\"og:type\" content=\"article\" \/>\n<meta property=\"og:title\" content=\"Seminario sobre polinizaci\u00f3n y rendimiento agr\u00edcola\" \/>\n<meta property=\"og:url\" content=\"https:\/\/patagoniambiental.com.ar\/info\/seminario-sobre-polinizacion-y-rendimiento-agricola\/\" \/>\n<meta property=\"og:site_name\" content=\"Patagonia Ambiental\" \/>\n<meta property=\"article:publisher\" content=\"https:\/\/www.facebook.com\/patagonia.ambiental\" \/>\n<meta property=\"article:published_time\" content=\"2021-11-12T10:00:00+00:00\" \/>\n<meta property=\"article:modified_time\" content=\"2021-11-12T13:44:50+00:00\" \/>\n<meta property=\"og:image\" content=\"https:\/\/patagoniambiental.com.ar\/info\/wp-content\/uploads\/2021\/11\/polinizacio\u0301n-03.png\" \/>\n\t<meta property=\"og:image:width\" content=\"1081\" \/>\n\t<meta property=\"og:image:height\" content=\"1080\" \/>\n\t<meta property=\"og:image:type\" content=\"image\/png\" \/>\n<meta name=\"author\" content=\"BRAIAN ESTEVEZ\" \/>\n<meta name=\"twitter:card\" content=\"summary_large_image\" \/>\n<meta name=\"twitter:creator\" content=\"@PatAmb\" \/>\n<meta name=\"twitter:site\" content=\"@PatAmb\" \/>\n<script type=\"application\/ld+json\" class=\"yoast-schema-graph\">{\"@context\":\"https:\\\/\\\/schema.org\",\"@graph\":[{\"@type\":\"Article\",\"@id\":\"https:\\\/\\\/patagoniambiental.com.ar\\\/info\\\/seminario-sobre-polinizacion-y-rendimiento-agricola\\\/#article\",\"isPartOf\":{\"@id\":\"https:\\\/\\\/patagoniambiental.com.ar\\\/info\\\/seminario-sobre-polinizacion-y-rendimiento-agricola\\\/\"},\"author\":{\"name\":\"BRAIAN ESTEVEZ\",\"@id\":\"https:\\\/\\\/patagoniambiental.com.ar\\\/info\\\/#\\\/schema\\\/person\\\/e5af09d700b2e82cb10c6b8800e0c691\"},\"headline\":\"Seminario sobre polinizaci\u00f3n y rendimiento agr\u00edcola\",\"datePublished\":\"2021-11-12T10:00:00+00:00\",\"dateModified\":\"2021-11-12T13:44:50+00:00\",\"mainEntityOfPage\":{\"@id\":\"https:\\\/\\\/patagoniambiental.com.ar\\\/info\\\/seminario-sobre-polinizacion-y-rendimiento-agricola\\\/\"},\"wordCount\":322,\"commentCount\":0,\"publisher\":{\"@id\":\"https:\\\/\\\/patagoniambiental.com.ar\\\/info\\\/#organization\"},\"image\":{\"@id\":\"https:\\\/\\\/patagoniambiental.com.ar\\\/info\\\/seminario-sobre-polinizacion-y-rendimiento-agricola\\\/#primaryimage\"},\"thumbnailUrl\":\"https:\\\/\\\/patagoniambiental.com.ar\\\/info\\\/wp-content\\\/uploads\\\/2021\\\/11\\\/polinizacio\u0301n-03.png\",\"articleSection\":[\"Agenda Ambiental\",\"Bolet\u00edn\",\"Noticias\",\"Rotador\"],\"inLanguage\":\"es\",\"potentialAction\":[{\"@type\":\"CommentAction\",\"name\":\"Comment\",\"target\":[\"https:\\\/\\\/patagoniambiental.com.ar\\\/info\\\/seminario-sobre-polinizacion-y-rendimiento-agricola\\\/#respond\"]}]},{\"@type\":\"WebPage\",\"@id\":\"https:\\\/\\\/patagoniambiental.com.ar\\\/info\\\/seminario-sobre-polinizacion-y-rendimiento-agricola\\\/\",\"url\":\"https:\\\/\\\/patagoniambiental.com.ar\\\/info\\\/seminario-sobre-polinizacion-y-rendimiento-agricola\\\/\",\"name\":\"Seminario sobre polinizaci\u00f3n y rendimiento agr\u00edcola\",\"isPartOf\":{\"@id\":\"https:\\\/\\\/patagoniambiental.com.ar\\\/info\\\/#website\"},\"primaryImageOfPage\":{\"@id\":\"https:\\\/\\\/patagoniambiental.com.ar\\\/info\\\/seminario-sobre-polinizacion-y-rendimiento-agricola\\\/#primaryimage\"},\"image\":{\"@id\":\"https:\\\/\\\/patagoniambiental.com.ar\\\/info\\\/seminario-sobre-polinizacion-y-rendimiento-agricola\\\/#primaryimage\"},\"thumbnailUrl\":\"https:\\\/\\\/patagoniambiental.com.ar\\\/info\\\/wp-content\\\/uploads\\\/2021\\\/11\\\/polinizacio\u0301n-03.png\",\"datePublished\":\"2021-11-12T10:00:00+00:00\",\"dateModified\":\"2021-11-12T13:44:50+00:00\",\"breadcrumb\":{\"@id\":\"https:\\\/\\\/patagoniambiental.com.ar\\\/info\\\/seminario-sobre-polinizacion-y-rendimiento-agricola\\\/#breadcrumb\"},\"inLanguage\":\"es\",\"potentialAction\":[{\"@type\":\"ReadAction\",\"target\":[\"https:\\\/\\\/patagoniambiental.com.ar\\\/info\\\/seminario-sobre-polinizacion-y-rendimiento-agricola\\\/\"]}]},{\"@type\":\"ImageObject\",\"inLanguage\":\"es\",\"@id\":\"https:\\\/\\\/patagoniambiental.com.ar\\\/info\\\/seminario-sobre-polinizacion-y-rendimiento-agricola\\\/#primaryimage\",\"url\":\"https:\\\/\\\/patagoniambiental.com.ar\\\/info\\\/wp-content\\\/uploads\\\/2021\\\/11\\\/polinizacio\u0301n-03.png\",\"contentUrl\":\"https:\\\/\\\/patagoniambiental.com.ar\\\/info\\\/wp-content\\\/uploads\\\/2021\\\/11\\\/polinizacio\u0301n-03.png\",\"width\":1081,\"height\":1080},{\"@type\":\"BreadcrumbList\",\"@id\":\"https:\\\/\\\/patagoniambiental.com.ar\\\/info\\\/seminario-sobre-polinizacion-y-rendimiento-agricola\\\/#breadcrumb\",\"itemListElement\":[{\"@type\":\"ListItem\",\"position\":1,\"name\":\"Inicio\",\"item\":\"https:\\\/\\\/patagoniambiental.com.ar\\\/info\\\/\"},{\"@type\":\"ListItem\",\"position\":2,\"name\":\"Seminario sobre polinizaci\u00f3n y rendimiento agr\u00edcola\"}]},{\"@type\":\"WebSite\",\"@id\":\"https:\\\/\\\/patagoniambiental.com.ar\\\/info\\\/#website\",\"url\":\"https:\\\/\\\/patagoniambiental.com.ar\\\/info\\\/\",\"name\":\"Patagonia Ambiental\",\"description\":\"Monitoreo y an\u00e1lisis de la situaci\u00f3n geopol\u00edtica en el mundo y su implicancia en la Patagonia\",\"publisher\":{\"@id\":\"https:\\\/\\\/patagoniambiental.com.ar\\\/info\\\/#organization\"},\"potentialAction\":[{\"@type\":\"SearchAction\",\"target\":{\"@type\":\"EntryPoint\",\"urlTemplate\":\"https:\\\/\\\/patagoniambiental.com.ar\\\/info\\\/?s={search_term_string}\"},\"query-input\":{\"@type\":\"PropertyValueSpecification\",\"valueRequired\":true,\"valueName\":\"search_term_string\"}}],\"inLanguage\":\"es\"},{\"@type\":\"Organization\",\"@id\":\"https:\\\/\\\/patagoniambiental.com.ar\\\/info\\\/#organization\",\"name\":\"Patagonia Ambiental\",\"url\":\"https:\\\/\\\/patagoniambiental.com.ar\\\/info\\\/\",\"logo\":{\"@type\":\"ImageObject\",\"inLanguage\":\"es\",\"@id\":\"https:\\\/\\\/patagoniambiental.com.ar\\\/info\\\/#\\\/schema\\\/logo\\\/image\\\/\",\"url\":\"https:\\\/\\\/patagoniambiental.com.ar\\\/info\\\/wp-content\\\/uploads\\\/2025\\\/05\\\/LOGO-PATAGONIA-AMBIENTAL.png\",\"contentUrl\":\"https:\\\/\\\/patagoniambiental.com.ar\\\/info\\\/wp-content\\\/uploads\\\/2025\\\/05\\\/LOGO-PATAGONIA-AMBIENTAL.png\",\"width\":433,\"height\":250,\"caption\":\"Patagonia Ambiental\"},\"image\":{\"@id\":\"https:\\\/\\\/patagoniambiental.com.ar\\\/info\\\/#\\\/schema\\\/logo\\\/image\\\/\"},\"sameAs\":[\"https:\\\/\\\/www.facebook.com\\\/patagonia.ambiental\",\"https:\\\/\\\/x.com\\\/PatAmb\"]},{\"@type\":\"Person\",\"@id\":\"https:\\\/\\\/patagoniambiental.com.ar\\\/info\\\/#\\\/schema\\\/person\\\/e5af09d700b2e82cb10c6b8800e0c691\",\"name\":\"BRAIAN ESTEVEZ\",\"sameAs\":[\"http:\\\/\\\/www.patagoniambiental.com.ar\"]}]}<\/script>\n<!-- \/ Yoast SEO Premium plugin. -->","yoast_head_json":{"title":"Seminario sobre polinizaci\u00f3n y rendimiento agr\u00edcola","robots":{"index":"index","follow":"follow","max-snippet":"max-snippet:-1","max-image-preview":"max-image-preview:large","max-video-preview":"max-video-preview:-1"},"canonical":"https:\/\/patagoniambiental.com.ar\/info\/seminario-sobre-polinizacion-y-rendimiento-agricola\/","og_locale":"es_ES","og_type":"article","og_title":"Seminario sobre polinizaci\u00f3n y rendimiento agr\u00edcola","og_url":"https:\/\/patagoniambiental.com.ar\/info\/seminario-sobre-polinizacion-y-rendimiento-agricola\/","og_site_name":"Patagonia Ambiental","article_publisher":"https:\/\/www.facebook.com\/patagonia.ambiental","article_published_time":"2021-11-12T10:00:00+00:00","article_modified_time":"2021-11-12T13:44:50+00:00","og_image":[{"width":1081,"height":1080,"url":"https:\/\/patagoniambiental.com.ar\/info\/wp-content\/uploads\/2021\/11\/polinizacio\u0301n-03.png","type":"image\/png"}],"author":"BRAIAN ESTEVEZ","twitter_card":"summary_large_image","twitter_creator":"@PatAmb","twitter_site":"@PatAmb","schema":{"@context":"https:\/\/schema.org","@graph":[{"@type":"Article","@id":"https:\/\/patagoniambiental.com.ar\/info\/seminario-sobre-polinizacion-y-rendimiento-agricola\/#article","isPartOf":{"@id":"https:\/\/patagoniambiental.com.ar\/info\/seminario-sobre-polinizacion-y-rendimiento-agricola\/"},"author":{"name":"BRAIAN ESTEVEZ","@id":"https:\/\/patagoniambiental.com.ar\/info\/#\/schema\/person\/e5af09d700b2e82cb10c6b8800e0c691"},"headline":"Seminario sobre polinizaci\u00f3n y rendimiento agr\u00edcola","datePublished":"2021-11-12T10:00:00+00:00","dateModified":"2021-11-12T13:44:50+00:00","mainEntityOfPage":{"@id":"https:\/\/patagoniambiental.com.ar\/info\/seminario-sobre-polinizacion-y-rendimiento-agricola\/"},"wordCount":322,"commentCount":0,"publisher":{"@id":"https:\/\/patagoniambiental.com.ar\/info\/#organization"},"image":{"@id":"https:\/\/patagoniambiental.com.ar\/info\/seminario-sobre-polinizacion-y-rendimiento-agricola\/#primaryimage"},"thumbnailUrl":"https:\/\/patagoniambiental.com.ar\/info\/wp-content\/uploads\/2021\/11\/polinizacio\u0301n-03.png","articleSection":["Agenda Ambiental","Bolet\u00edn","Noticias","Rotador"],"inLanguage":"es","potentialAction":[{"@type":"CommentAction","name":"Comment","target":["https:\/\/patagoniambiental.com.ar\/info\/seminario-sobre-polinizacion-y-rendimiento-agricola\/#respond"]}]},{"@type":"WebPage","@id":"https:\/\/patagoniambiental.com.ar\/info\/seminario-sobre-polinizacion-y-rendimiento-agricola\/","url":"https:\/\/patagoniambiental.com.ar\/info\/seminario-sobre-polinizacion-y-rendimiento-agricola\/","name":"Seminario sobre polinizaci\u00f3n y rendimiento agr\u00edcola","isPartOf":{"@id":"https:\/\/patagoniambiental.com.ar\/info\/#website"},"primaryImageOfPage":{"@id":"https:\/\/patagoniambiental.com.ar\/info\/seminario-sobre-polinizacion-y-rendimiento-agricola\/#primaryimage"},"image":{"@id":"https:\/\/patagoniambiental.com.ar\/info\/seminario-sobre-polinizacion-y-rendimiento-agricola\/#primaryimage"},"thumbnailUrl":"https:\/\/patagoniambiental.com.ar\/info\/wp-content\/uploads\/2021\/11\/polinizacio\u0301n-03.png","datePublished":"2021-11-12T10:00:00+00:00","dateModified":"2021-11-12T13:44:50+00:00","breadcrumb":{"@id":"https:\/\/patagoniambiental.com.ar\/info\/seminario-sobre-polinizacion-y-rendimiento-agricola\/#breadcrumb"},"inLanguage":"es","potentialAction":[{"@type":"ReadAction","target":["https:\/\/patagoniambiental.com.ar\/info\/seminario-sobre-polinizacion-y-rendimiento-agricola\/"]}]},{"@type":"ImageObject","inLanguage":"es","@id":"https:\/\/patagoniambiental.com.ar\/info\/seminario-sobre-polinizacion-y-rendimiento-agricola\/#primaryimage","url":"https:\/\/patagoniambiental.com.ar\/info\/wp-content\/uploads\/2021\/11\/polinizacio\u0301n-03.png","contentUrl":"https:\/\/patagoniambiental.com.ar\/info\/wp-content\/uploads\/2021\/11\/polinizacio\u0301n-03.png","width":1081,"height":1080},{"@type":"BreadcrumbList","@id":"https:\/\/patagoniambiental.com.ar\/info\/seminario-sobre-polinizacion-y-rendimiento-agricola\/#breadcrumb","itemListElement":[{"@type":"ListItem","position":1,"name":"Inicio","item":"https:\/\/patagoniambiental.com.ar\/info\/"},{"@type":"ListItem","position":2,"name":"Seminario sobre polinizaci\u00f3n y rendimiento agr\u00edcola"}]},{"@type":"WebSite","@id":"https:\/\/patagoniambiental.com.ar\/info\/#website","url":"https:\/\/patagoniambiental.com.ar\/info\/","name":"Patagonia Ambiental","description":"Monitoreo y an\u00e1lisis de la situaci\u00f3n geopol\u00edtica en el mundo y su implicancia en la Patagonia","publisher":{"@id":"https:\/\/patagoniambiental.com.ar\/info\/#organization"},"potentialAction":[{"@type":"SearchAction","target":{"@type":"EntryPoint","urlTemplate":"https:\/\/patagoniambiental.com.ar\/info\/?s={search_term_string}"},"query-input":{"@type":"PropertyValueSpecification","valueRequired":true,"valueName":"search_term_string"}}],"inLanguage":"es"},{"@type":"Organization","@id":"https:\/\/patagoniambiental.com.ar\/info\/#organization","name":"Patagonia Ambiental","url":"https:\/\/patagoniambiental.com.ar\/info\/","logo":{"@type":"ImageObject","inLanguage":"es","@id":"https:\/\/patagoniambiental.com.ar\/info\/#\/schema\/logo\/image\/","url":"https:\/\/patagoniambiental.com.ar\/info\/wp-content\/uploads\/2025\/05\/LOGO-PATAGONIA-AMBIENTAL.png","contentUrl":"https:\/\/patagoniambiental.com.ar\/info\/wp-content\/uploads\/2025\/05\/LOGO-PATAGONIA-AMBIENTAL.png","width":433,"height":250,"caption":"Patagonia Ambiental"},"image":{"@id":"https:\/\/patagoniambiental.com.ar\/info\/#\/schema\/logo\/image\/"},"sameAs":["https:\/\/www.facebook.com\/patagonia.ambiental","https:\/\/x.com\/PatAmb"]},{"@type":"Person","@id":"https:\/\/patagoniambiental.com.ar\/info\/#\/schema\/person\/e5af09d700b2e82cb10c6b8800e0c691","name":"BRAIAN ESTEVEZ","sameAs":["http:\/\/www.patagoniambiental.com.ar"]}]}},"_links":{"self":[{"href":"https:\/\/patagoniambiental.com.ar\/info\/wp-json\/wp\/v2\/posts\/74593","targetHints":{"allow":["GET"]}}],"collection":[{"href":"https:\/\/patagoniambiental.com.ar\/info\/wp-json\/wp\/v2\/posts"}],"about":[{"href":"https:\/\/patagoniambiental.com.ar\/info\/wp-json\/wp\/v2\/types\/post"}],"author":[{"embeddable":true,"href":"https:\/\/patagoniambiental.com.ar\/info\/wp-json\/wp\/v2\/users\/6"}],"replies":[{"embeddable":true,"href":"https:\/\/patagoniambiental.com.ar\/info\/wp-json\/wp\/v2\/comments?post=74593"}],"version-history":[{"count":0,"href":"https:\/\/patagoniambiental.com.ar\/info\/wp-json\/wp\/v2\/posts\/74593\/revisions"}],"wp:featuredmedia":[{"embeddable":true,"href":"https:\/\/patagoniambiental.com.ar\/info\/wp-json\/wp\/v2\/media\/74594"}],"wp:attachment":[{"href":"https:\/\/patagoniambiental.com.ar\/info\/wp-json\/wp\/v2\/media?parent=74593"}],"wp:term":[{"taxonomy":"category","embeddable":true,"href":"https:\/\/patagoniambiental.com.ar\/info\/wp-json\/wp\/v2\/categories?post=74593"},{"taxonomy":"post_tag","embeddable":true,"href":"https:\/\/patagoniambiental.com.ar\/info\/wp-json\/wp\/v2\/tags?post=74593"}],"curies":[{"name":"wp","href":"https:\/\/api.w.org\/{rel}","templated":true}]}}