{"id":74596,"date":"2021-11-12T19:00:00","date_gmt":"2021-11-12T22:00:00","guid":{"rendered":"http:\/\/patagoniambiental.com.ar\/info\/?p=74596"},"modified":"2021-11-12T13:20:30","modified_gmt":"2021-11-12T16:20:30","slug":"daran-a-conocer-los-primeros-resultados-del-monitoreo-de-la-laguna-don-tomas-y-el-bajo-guliani","status":"publish","type":"post","link":"https:\/\/patagoniambiental.com.ar\/info\/daran-a-conocer-los-primeros-resultados-del-monitoreo-de-la-laguna-don-tomas-y-el-bajo-guliani\/","title":{"rendered":"Dar\u00e1n a conocer los primeros resultados del monitoreo de la laguna Don Tom\u00e1s y el Bajo Guliani"},"content":{"rendered":"\n<!--more-->\n\n\n\n<p><strong>La Secretar\u00eda de Recursos H\u00eddricos, despu\u00e9s de un a\u00f1o de control, tiene ya preparados los primeros datos<\/strong>&nbsp;del convenio que tiene como prop\u00f3sito un uso correcto del agua en la capital pampeana, Toay y los aleda\u00f1os.<\/p>\n\n\n\n<p>El secretario de Recursos H\u00eddricos, N\u00e9stor Lastiri,&nbsp;anunci\u00f3 este viernes que, a un a\u00f1o&nbsp;de la firma del convenio para monitorear los espejos de agua de la laguna Don Tom\u00e1s y el Bajo Guliani, es inminente la difusi\u00f3n de los primeros resultados. El funcionario destac\u00f3 las implicancias de este \u00abimportante convenio\u00bb.<\/p>\n\n\n\n<p>\u00abDurante este per\u00edodo se han realizado mensualmente los correspondientes monitoreos. Esto permitir\u00e1 que pronto se den a conocer los primeros resultados de este trabajo que llevan adelante distintos organismos\u00bb, indic\u00f3.<\/p>\n\n\n\n<p>&nbsp;El funcionario remarc\u00f3 que son&nbsp;tres los ejes centrales del convenio que promueven el uso correcto del agua en los cuencos del Parque Recreativo Don Tom\u00e1s y del Bajo Giuliani.&nbsp;El acto central donde se desarroll\u00f3 la firma del convenio del monitoreo de la cuenca h\u00eddrica se firm\u00f3 hace exactamente un a\u00f1o.<\/p>\n\n\n\n<p>\u201cTodos sabemos que estos espejos de agua llamados ahora humedales, para Santa Rosa han tenido dos aspectos, el primero, de un gran valor recreativo, tur\u00edstico, ambiental, de pulm\u00f3n verde y de uso social. Y por el otro lado, de una cuesti\u00f3n traum\u00e1tica que se produce cuando hay excedentes h\u00eddricos importantes que conmueve a la sociedad y pone en riesgo a la seguridad h\u00eddrica\u201d, coment\u00f3 en esa oportunidad Lastiri.<\/p>\n\n\n\n<p>En ese plano y con colaboraci\u00f3n de la Subsecretar\u00eda de Ambiente de la Provincia y la UNLPam, promovieron un convenio que abarca tres ejes fundamentales.&nbsp;\u201cEl primero, es el monitoreo permanente de la relaci\u00f3n h\u00eddrica; o sea, ascensos y descensos de los niveles de la laguna Don Tom\u00e1s y la relaci\u00f3n con al Bajo Giuliani. Esto relacionado con el Bajo Giuliani que es el que recibe a trav\u00e9s de los sistemas de los bombeos, el agua de Santa Rosa. A la laguna confluyen todos los cuencos aleda\u00f1os, los desag\u00fces pluviales de la ciudad y sobre todo en el bajo Giuliano, en algunos aspectos, los desag\u00fces cloacales e industriales de la ciudad. El segundo eje de este convenio, es la salud ambiental-ecobiol\u00f3gica de ambos cuencos y toda su \u00e1rea circundante. En este plano se van a hacer monitoreos sistem\u00e1ticos y permanentes en conjunto con la UNLPam, las dos intendencias y la Subsecretar\u00eda de Ambiente. Y otro punto que hemos integrado, es un \u00e1rea comunicacional, que es relacionarnos en este trabajo con los principales actores o usuarios de estos cuerpos de agua, como el Club N\u00e1utico, la Escuela de Canotaje, de todos los que hacen uso de los cuencos, incluso en el Bajo Giuliani con los Pueblos Originarios, los clubes de pesca, de toda la sociedad que tiene una relaci\u00f3n directa\u201d, explic\u00f3 Lastiri.<\/p>\n\n\n\n<p>Adem\u00e1s, el funcionario provincial destac\u00f3 el apoyo del gobernador Sergio Ziliotto, los intendentes y los organismos, por el compromiso para poner en marcha cada uno de los trabajos.<\/p>\n\n\n\n<p>\u201cDesde la Secretar\u00eda de Recursos H\u00eddricos, entre los mandatos que tenemos entre los c\u00f3digos de agua, tenemos que ocuparnos de los humedales de la Provincia. Y en este caso, los dos cuerpos de agua donde hay m\u00e1s incidencia poblacional, y por ende mayor incidencia en la modificaci\u00f3n de esos humedales\u201d, finaliz\u00f3.<\/p>\n\n\n\n<p>Fuente: https:\/\/www.eldiariodelapampa.com.ar\/la-pampa\/23372-dan-a-conocer-los-primeros-resultados-del-monitoreo-de-la-laguna-don-tomas-y-el-bajo-guliani<\/p>\n","protected":false},"excerpt":{"rendered":"","protected":false},"author":6,"featured_media":74597,"comment_status":"open","ping_status":"open","sticky":false,"template":"","format":"standard","meta":{"site-sidebar-layout":"default","site-content-layout":"","ast-site-content-layout":"default","site-content-style":"default","site-sidebar-style":"default","ast-global-header-display":"","ast-banner-title-visibility":"","ast-main-header-display":"","ast-hfb-above-header-display":"","ast-hfb-below-header-display":"","ast-hfb-mobile-header-display":"","site-post-title":"","ast-breadcrumbs-content":"","ast-featured-img":"","footer-sml-layout":"","ast-disable-related-posts":"","theme-transparent-header-meta":"","adv-header-id-meta":"","stick-header-meta":"","header-above-stick-meta":"","header-main-stick-meta":"","header-below-stick-meta":"","astra-migrate-meta-layouts":"default","ast-page-background-enabled":"default","ast-page-background-meta":{"desktop":{"background-color":"var(--ast-global-color-5)","background-image":"","background-repeat":"repeat","background-position":"center center","background-size":"auto","background-attachment":"scroll","background-type":"","background-media":"","overlay-type":"","overlay-color":"","overlay-opacity":"","overlay-gradient":""},"tablet":{"background-color":"","background-image":"","background-repeat":"repeat","background-position":"center center","background-size":"auto","background-attachment":"scroll","background-type":"","background-media":"","overlay-type":"","overlay-color":"","overlay-opacity":"","overlay-gradient":""},"mobile":{"background-color":"","background-image":"","background-repeat":"repeat","background-position":"center center","background-size":"auto","background-attachment":"scroll","background-type":"","background-media":"","overlay-type":"","overlay-color":"","overlay-opacity":"","overlay-gradient":""}},"ast-content-background-meta":{"desktop":{"background-color":"var(--ast-global-color-4)","background-image":"","background-repeat":"repeat","background-position":"center center","background-size":"auto","background-attachment":"scroll","background-type":"","background-media":"","overlay-type":"","overlay-color":"","overlay-opacity":"","overlay-gradient":""},"tablet":{"background-color":"var(--ast-global-color-4)","background-image":"","background-repeat":"repeat","background-position":"center center","background-size":"auto","background-attachment":"scroll","background-type":"","background-media":"","overlay-type":"","overlay-color":"","overlay-opacity":"","overlay-gradient":""},"mobile":{"background-color":"var(--ast-global-color-4)","background-image":"","background-repeat":"repeat","background-position":"center center","background-size":"auto","background-attachment":"scroll","background-type":"","background-media":"","overlay-type":"","overlay-color":"","overlay-opacity":"","overlay-gradient":""}},"footnotes":""},"categories":[59,1,13],"tags":[],"class_list":["post-74596","post","type-post","status-publish","format-standard","has-post-thumbnail","hentry","category-la-pampa","category-noticias","category-provinciales"],"yoast_head":"<!-- This site is optimized with the Yoast SEO Premium plugin v23.0 (Yoast SEO v27.5) - https:\/\/yoast.com\/product\/yoast-seo-premium-wordpress\/ -->\n<title>Dar\u00e1n a conocer los primeros resultados del monitoreo de la laguna Don Tom\u00e1s y el Bajo Guliani<\/title>\n<meta name=\"robots\" content=\"index, follow, max-snippet:-1, max-image-preview:large, max-video-preview:-1\" \/>\n<link rel=\"canonical\" href=\"https:\/\/patagoniambiental.com.ar\/info\/daran-a-conocer-los-primeros-resultados-del-monitoreo-de-la-laguna-don-tomas-y-el-bajo-guliani\/\" \/>\n<meta property=\"og:locale\" content=\"es_ES\" \/>\n<meta property=\"og:type\" content=\"article\" \/>\n<meta property=\"og:title\" content=\"Dar\u00e1n a conocer los primeros resultados del monitoreo de la laguna Don Tom\u00e1s y el Bajo Guliani\" \/>\n<meta property=\"og:url\" content=\"https:\/\/patagoniambiental.com.ar\/info\/daran-a-conocer-los-primeros-resultados-del-monitoreo-de-la-laguna-don-tomas-y-el-bajo-guliani\/\" \/>\n<meta property=\"og:site_name\" content=\"Patagonia Ambiental\" \/>\n<meta property=\"article:publisher\" content=\"https:\/\/www.facebook.com\/patagonia.ambiental\" \/>\n<meta property=\"article:published_time\" content=\"2021-11-12T22:00:00+00:00\" \/>\n<meta property=\"og:image\" content=\"https:\/\/patagoniambiental.com.ar\/info\/wp-content\/uploads\/2021\/11\/laguna.jpg\" \/>\n\t<meta property=\"og:image:width\" content=\"1000\" \/>\n\t<meta property=\"og:image:height\" content=\"563\" \/>\n\t<meta property=\"og:image:type\" content=\"image\/jpeg\" \/>\n<meta name=\"author\" content=\"BRAIAN ESTEVEZ\" \/>\n<meta name=\"twitter:card\" content=\"summary_large_image\" \/>\n<meta name=\"twitter:creator\" content=\"@PatAmb\" \/>\n<meta name=\"twitter:site\" content=\"@PatAmb\" \/>\n<script type=\"application\/ld+json\" class=\"yoast-schema-graph\">{\"@context\":\"https:\\\/\\\/schema.org\",\"@graph\":[{\"@type\":\"Article\",\"@id\":\"https:\\\/\\\/patagoniambiental.com.ar\\\/info\\\/daran-a-conocer-los-primeros-resultados-del-monitoreo-de-la-laguna-don-tomas-y-el-bajo-guliani\\\/#article\",\"isPartOf\":{\"@id\":\"https:\\\/\\\/patagoniambiental.com.ar\\\/info\\\/daran-a-conocer-los-primeros-resultados-del-monitoreo-de-la-laguna-don-tomas-y-el-bajo-guliani\\\/\"},\"author\":{\"name\":\"BRAIAN ESTEVEZ\",\"@id\":\"https:\\\/\\\/patagoniambiental.com.ar\\\/info\\\/#\\\/schema\\\/person\\\/e5af09d700b2e82cb10c6b8800e0c691\"},\"headline\":\"Dar\u00e1n a conocer los primeros resultados del monitoreo de la laguna Don Tom\u00e1s y el Bajo Guliani\",\"datePublished\":\"2021-11-12T22:00:00+00:00\",\"mainEntityOfPage\":{\"@id\":\"https:\\\/\\\/patagoniambiental.com.ar\\\/info\\\/daran-a-conocer-los-primeros-resultados-del-monitoreo-de-la-laguna-don-tomas-y-el-bajo-guliani\\\/\"},\"wordCount\":613,\"commentCount\":0,\"publisher\":{\"@id\":\"https:\\\/\\\/patagoniambiental.com.ar\\\/info\\\/#organization\"},\"image\":{\"@id\":\"https:\\\/\\\/patagoniambiental.com.ar\\\/info\\\/daran-a-conocer-los-primeros-resultados-del-monitoreo-de-la-laguna-don-tomas-y-el-bajo-guliani\\\/#primaryimage\"},\"thumbnailUrl\":\"https:\\\/\\\/patagoniambiental.com.ar\\\/info\\\/wp-content\\\/uploads\\\/2021\\\/11\\\/laguna.jpg\",\"articleSection\":[\"La Pampa\",\"Noticias\",\"Provinciales\"],\"inLanguage\":\"es\",\"potentialAction\":[{\"@type\":\"CommentAction\",\"name\":\"Comment\",\"target\":[\"https:\\\/\\\/patagoniambiental.com.ar\\\/info\\\/daran-a-conocer-los-primeros-resultados-del-monitoreo-de-la-laguna-don-tomas-y-el-bajo-guliani\\\/#respond\"]}]},{\"@type\":\"WebPage\",\"@id\":\"https:\\\/\\\/patagoniambiental.com.ar\\\/info\\\/daran-a-conocer-los-primeros-resultados-del-monitoreo-de-la-laguna-don-tomas-y-el-bajo-guliani\\\/\",\"url\":\"https:\\\/\\\/patagoniambiental.com.ar\\\/info\\\/daran-a-conocer-los-primeros-resultados-del-monitoreo-de-la-laguna-don-tomas-y-el-bajo-guliani\\\/\",\"name\":\"Dar\u00e1n a conocer los primeros resultados del monitoreo de la laguna Don Tom\u00e1s y el Bajo Guliani\",\"isPartOf\":{\"@id\":\"https:\\\/\\\/patagoniambiental.com.ar\\\/info\\\/#website\"},\"primaryImageOfPage\":{\"@id\":\"https:\\\/\\\/patagoniambiental.com.ar\\\/info\\\/daran-a-conocer-los-primeros-resultados-del-monitoreo-de-la-laguna-don-tomas-y-el-bajo-guliani\\\/#primaryimage\"},\"image\":{\"@id\":\"https:\\\/\\\/patagoniambiental.com.ar\\\/info\\\/daran-a-conocer-los-primeros-resultados-del-monitoreo-de-la-laguna-don-tomas-y-el-bajo-guliani\\\/#primaryimage\"},\"thumbnailUrl\":\"https:\\\/\\\/patagoniambiental.com.ar\\\/info\\\/wp-content\\\/uploads\\\/2021\\\/11\\\/laguna.jpg\",\"datePublished\":\"2021-11-12T22:00:00+00:00\",\"breadcrumb\":{\"@id\":\"https:\\\/\\\/patagoniambiental.com.ar\\\/info\\\/daran-a-conocer-los-primeros-resultados-del-monitoreo-de-la-laguna-don-tomas-y-el-bajo-guliani\\\/#breadcrumb\"},\"inLanguage\":\"es\",\"potentialAction\":[{\"@type\":\"ReadAction\",\"target\":[\"https:\\\/\\\/patagoniambiental.com.ar\\\/info\\\/daran-a-conocer-los-primeros-resultados-del-monitoreo-de-la-laguna-don-tomas-y-el-bajo-guliani\\\/\"]}]},{\"@type\":\"ImageObject\",\"inLanguage\":\"es\",\"@id\":\"https:\\\/\\\/patagoniambiental.com.ar\\\/info\\\/daran-a-conocer-los-primeros-resultados-del-monitoreo-de-la-laguna-don-tomas-y-el-bajo-guliani\\\/#primaryimage\",\"url\":\"https:\\\/\\\/patagoniambiental.com.ar\\\/info\\\/wp-content\\\/uploads\\\/2021\\\/11\\\/laguna.jpg\",\"contentUrl\":\"https:\\\/\\\/patagoniambiental.com.ar\\\/info\\\/wp-content\\\/uploads\\\/2021\\\/11\\\/laguna.jpg\",\"width\":1000,\"height\":563},{\"@type\":\"BreadcrumbList\",\"@id\":\"https:\\\/\\\/patagoniambiental.com.ar\\\/info\\\/daran-a-conocer-los-primeros-resultados-del-monitoreo-de-la-laguna-don-tomas-y-el-bajo-guliani\\\/#breadcrumb\",\"itemListElement\":[{\"@type\":\"ListItem\",\"position\":1,\"name\":\"Inicio\",\"item\":\"https:\\\/\\\/patagoniambiental.com.ar\\\/info\\\/\"},{\"@type\":\"ListItem\",\"position\":2,\"name\":\"Dar\u00e1n a conocer los primeros resultados del monitoreo de la laguna Don Tom\u00e1s y el Bajo Guliani\"}]},{\"@type\":\"WebSite\",\"@id\":\"https:\\\/\\\/patagoniambiental.com.ar\\\/info\\\/#website\",\"url\":\"https:\\\/\\\/patagoniambiental.com.ar\\\/info\\\/\",\"name\":\"Patagonia Ambiental\",\"description\":\"Monitoreo y an\u00e1lisis de la situaci\u00f3n geopol\u00edtica en el mundo y su implicancia en la Patagonia\",\"publisher\":{\"@id\":\"https:\\\/\\\/patagoniambiental.com.ar\\\/info\\\/#organization\"},\"potentialAction\":[{\"@type\":\"SearchAction\",\"target\":{\"@type\":\"EntryPoint\",\"urlTemplate\":\"https:\\\/\\\/patagoniambiental.com.ar\\\/info\\\/?s={search_term_string}\"},\"query-input\":{\"@type\":\"PropertyValueSpecification\",\"valueRequired\":true,\"valueName\":\"search_term_string\"}}],\"inLanguage\":\"es\"},{\"@type\":\"Organization\",\"@id\":\"https:\\\/\\\/patagoniambiental.com.ar\\\/info\\\/#organization\",\"name\":\"Patagonia Ambiental\",\"url\":\"https:\\\/\\\/patagoniambiental.com.ar\\\/info\\\/\",\"logo\":{\"@type\":\"ImageObject\",\"inLanguage\":\"es\",\"@id\":\"https:\\\/\\\/patagoniambiental.com.ar\\\/info\\\/#\\\/schema\\\/logo\\\/image\\\/\",\"url\":\"https:\\\/\\\/patagoniambiental.com.ar\\\/info\\\/wp-content\\\/uploads\\\/2025\\\/05\\\/LOGO-PATAGONIA-AMBIENTAL.png\",\"contentUrl\":\"https:\\\/\\\/patagoniambiental.com.ar\\\/info\\\/wp-content\\\/uploads\\\/2025\\\/05\\\/LOGO-PATAGONIA-AMBIENTAL.png\",\"width\":433,\"height\":250,\"caption\":\"Patagonia Ambiental\"},\"image\":{\"@id\":\"https:\\\/\\\/patagoniambiental.com.ar\\\/info\\\/#\\\/schema\\\/logo\\\/image\\\/\"},\"sameAs\":[\"https:\\\/\\\/www.facebook.com\\\/patagonia.ambiental\",\"https:\\\/\\\/x.com\\\/PatAmb\"]},{\"@type\":\"Person\",\"@id\":\"https:\\\/\\\/patagoniambiental.com.ar\\\/info\\\/#\\\/schema\\\/person\\\/e5af09d700b2e82cb10c6b8800e0c691\",\"name\":\"BRAIAN ESTEVEZ\",\"sameAs\":[\"http:\\\/\\\/www.patagoniambiental.com.ar\"]}]}<\/script>\n<!-- \/ Yoast SEO Premium plugin. -->","yoast_head_json":{"title":"Dar\u00e1n a conocer los primeros resultados del monitoreo de la laguna Don Tom\u00e1s y el Bajo Guliani","robots":{"index":"index","follow":"follow","max-snippet":"max-snippet:-1","max-image-preview":"max-image-preview:large","max-video-preview":"max-video-preview:-1"},"canonical":"https:\/\/patagoniambiental.com.ar\/info\/daran-a-conocer-los-primeros-resultados-del-monitoreo-de-la-laguna-don-tomas-y-el-bajo-guliani\/","og_locale":"es_ES","og_type":"article","og_title":"Dar\u00e1n a conocer los primeros resultados del monitoreo de la laguna Don Tom\u00e1s y el Bajo Guliani","og_url":"https:\/\/patagoniambiental.com.ar\/info\/daran-a-conocer-los-primeros-resultados-del-monitoreo-de-la-laguna-don-tomas-y-el-bajo-guliani\/","og_site_name":"Patagonia Ambiental","article_publisher":"https:\/\/www.facebook.com\/patagonia.ambiental","article_published_time":"2021-11-12T22:00:00+00:00","og_image":[{"width":1000,"height":563,"url":"https:\/\/patagoniambiental.com.ar\/info\/wp-content\/uploads\/2021\/11\/laguna.jpg","type":"image\/jpeg"}],"author":"BRAIAN ESTEVEZ","twitter_card":"summary_large_image","twitter_creator":"@PatAmb","twitter_site":"@PatAmb","schema":{"@context":"https:\/\/schema.org","@graph":[{"@type":"Article","@id":"https:\/\/patagoniambiental.com.ar\/info\/daran-a-conocer-los-primeros-resultados-del-monitoreo-de-la-laguna-don-tomas-y-el-bajo-guliani\/#article","isPartOf":{"@id":"https:\/\/patagoniambiental.com.ar\/info\/daran-a-conocer-los-primeros-resultados-del-monitoreo-de-la-laguna-don-tomas-y-el-bajo-guliani\/"},"author":{"name":"BRAIAN ESTEVEZ","@id":"https:\/\/patagoniambiental.com.ar\/info\/#\/schema\/person\/e5af09d700b2e82cb10c6b8800e0c691"},"headline":"Dar\u00e1n a conocer los primeros resultados del monitoreo de la laguna Don Tom\u00e1s y el Bajo Guliani","datePublished":"2021-11-12T22:00:00+00:00","mainEntityOfPage":{"@id":"https:\/\/patagoniambiental.com.ar\/info\/daran-a-conocer-los-primeros-resultados-del-monitoreo-de-la-laguna-don-tomas-y-el-bajo-guliani\/"},"wordCount":613,"commentCount":0,"publisher":{"@id":"https:\/\/patagoniambiental.com.ar\/info\/#organization"},"image":{"@id":"https:\/\/patagoniambiental.com.ar\/info\/daran-a-conocer-los-primeros-resultados-del-monitoreo-de-la-laguna-don-tomas-y-el-bajo-guliani\/#primaryimage"},"thumbnailUrl":"https:\/\/patagoniambiental.com.ar\/info\/wp-content\/uploads\/2021\/11\/laguna.jpg","articleSection":["La Pampa","Noticias","Provinciales"],"inLanguage":"es","potentialAction":[{"@type":"CommentAction","name":"Comment","target":["https:\/\/patagoniambiental.com.ar\/info\/daran-a-conocer-los-primeros-resultados-del-monitoreo-de-la-laguna-don-tomas-y-el-bajo-guliani\/#respond"]}]},{"@type":"WebPage","@id":"https:\/\/patagoniambiental.com.ar\/info\/daran-a-conocer-los-primeros-resultados-del-monitoreo-de-la-laguna-don-tomas-y-el-bajo-guliani\/","url":"https:\/\/patagoniambiental.com.ar\/info\/daran-a-conocer-los-primeros-resultados-del-monitoreo-de-la-laguna-don-tomas-y-el-bajo-guliani\/","name":"Dar\u00e1n a conocer los primeros resultados del monitoreo de la laguna Don Tom\u00e1s y el Bajo Guliani","isPartOf":{"@id":"https:\/\/patagoniambiental.com.ar\/info\/#website"},"primaryImageOfPage":{"@id":"https:\/\/patagoniambiental.com.ar\/info\/daran-a-conocer-los-primeros-resultados-del-monitoreo-de-la-laguna-don-tomas-y-el-bajo-guliani\/#primaryimage"},"image":{"@id":"https:\/\/patagoniambiental.com.ar\/info\/daran-a-conocer-los-primeros-resultados-del-monitoreo-de-la-laguna-don-tomas-y-el-bajo-guliani\/#primaryimage"},"thumbnailUrl":"https:\/\/patagoniambiental.com.ar\/info\/wp-content\/uploads\/2021\/11\/laguna.jpg","datePublished":"2021-11-12T22:00:00+00:00","breadcrumb":{"@id":"https:\/\/patagoniambiental.com.ar\/info\/daran-a-conocer-los-primeros-resultados-del-monitoreo-de-la-laguna-don-tomas-y-el-bajo-guliani\/#breadcrumb"},"inLanguage":"es","potentialAction":[{"@type":"ReadAction","target":["https:\/\/patagoniambiental.com.ar\/info\/daran-a-conocer-los-primeros-resultados-del-monitoreo-de-la-laguna-don-tomas-y-el-bajo-guliani\/"]}]},{"@type":"ImageObject","inLanguage":"es","@id":"https:\/\/patagoniambiental.com.ar\/info\/daran-a-conocer-los-primeros-resultados-del-monitoreo-de-la-laguna-don-tomas-y-el-bajo-guliani\/#primaryimage","url":"https:\/\/patagoniambiental.com.ar\/info\/wp-content\/uploads\/2021\/11\/laguna.jpg","contentUrl":"https:\/\/patagoniambiental.com.ar\/info\/wp-content\/uploads\/2021\/11\/laguna.jpg","width":1000,"height":563},{"@type":"BreadcrumbList","@id":"https:\/\/patagoniambiental.com.ar\/info\/daran-a-conocer-los-primeros-resultados-del-monitoreo-de-la-laguna-don-tomas-y-el-bajo-guliani\/#breadcrumb","itemListElement":[{"@type":"ListItem","position":1,"name":"Inicio","item":"https:\/\/patagoniambiental.com.ar\/info\/"},{"@type":"ListItem","position":2,"name":"Dar\u00e1n a conocer los primeros resultados del monitoreo de la laguna Don Tom\u00e1s y el Bajo Guliani"}]},{"@type":"WebSite","@id":"https:\/\/patagoniambiental.com.ar\/info\/#website","url":"https:\/\/patagoniambiental.com.ar\/info\/","name":"Patagonia Ambiental","description":"Monitoreo y an\u00e1lisis de la situaci\u00f3n geopol\u00edtica en el mundo y su implicancia en la Patagonia","publisher":{"@id":"https:\/\/patagoniambiental.com.ar\/info\/#organization"},"potentialAction":[{"@type":"SearchAction","target":{"@type":"EntryPoint","urlTemplate":"https:\/\/patagoniambiental.com.ar\/info\/?s={search_term_string}"},"query-input":{"@type":"PropertyValueSpecification","valueRequired":true,"valueName":"search_term_string"}}],"inLanguage":"es"},{"@type":"Organization","@id":"https:\/\/patagoniambiental.com.ar\/info\/#organization","name":"Patagonia Ambiental","url":"https:\/\/patagoniambiental.com.ar\/info\/","logo":{"@type":"ImageObject","inLanguage":"es","@id":"https:\/\/patagoniambiental.com.ar\/info\/#\/schema\/logo\/image\/","url":"https:\/\/patagoniambiental.com.ar\/info\/wp-content\/uploads\/2025\/05\/LOGO-PATAGONIA-AMBIENTAL.png","contentUrl":"https:\/\/patagoniambiental.com.ar\/info\/wp-content\/uploads\/2025\/05\/LOGO-PATAGONIA-AMBIENTAL.png","width":433,"height":250,"caption":"Patagonia Ambiental"},"image":{"@id":"https:\/\/patagoniambiental.com.ar\/info\/#\/schema\/logo\/image\/"},"sameAs":["https:\/\/www.facebook.com\/patagonia.ambiental","https:\/\/x.com\/PatAmb"]},{"@type":"Person","@id":"https:\/\/patagoniambiental.com.ar\/info\/#\/schema\/person\/e5af09d700b2e82cb10c6b8800e0c691","name":"BRAIAN ESTEVEZ","sameAs":["http:\/\/www.patagoniambiental.com.ar"]}]}},"_links":{"self":[{"href":"https:\/\/patagoniambiental.com.ar\/info\/wp-json\/wp\/v2\/posts\/74596","targetHints":{"allow":["GET"]}}],"collection":[{"href":"https:\/\/patagoniambiental.com.ar\/info\/wp-json\/wp\/v2\/posts"}],"about":[{"href":"https:\/\/patagoniambiental.com.ar\/info\/wp-json\/wp\/v2\/types\/post"}],"author":[{"embeddable":true,"href":"https:\/\/patagoniambiental.com.ar\/info\/wp-json\/wp\/v2\/users\/6"}],"replies":[{"embeddable":true,"href":"https:\/\/patagoniambiental.com.ar\/info\/wp-json\/wp\/v2\/comments?post=74596"}],"version-history":[{"count":0,"href":"https:\/\/patagoniambiental.com.ar\/info\/wp-json\/wp\/v2\/posts\/74596\/revisions"}],"wp:featuredmedia":[{"embeddable":true,"href":"https:\/\/patagoniambiental.com.ar\/info\/wp-json\/wp\/v2\/media\/74597"}],"wp:attachment":[{"href":"https:\/\/patagoniambiental.com.ar\/info\/wp-json\/wp\/v2\/media?parent=74596"}],"wp:term":[{"taxonomy":"category","embeddable":true,"href":"https:\/\/patagoniambiental.com.ar\/info\/wp-json\/wp\/v2\/categories?post=74596"},{"taxonomy":"post_tag","embeddable":true,"href":"https:\/\/patagoniambiental.com.ar\/info\/wp-json\/wp\/v2\/tags?post=74596"}],"curies":[{"name":"wp","href":"https:\/\/api.w.org\/{rel}","templated":true}]}}