{"id":74600,"date":"2021-11-14T07:00:00","date_gmt":"2021-11-14T10:00:00","guid":{"rendered":"http:\/\/patagoniambiental.com.ar\/info\/?p=74600"},"modified":"2021-11-15T09:16:07","modified_gmt":"2021-11-15T12:16:07","slug":"rio-negro-se-promociona-al-mundo-en-una-importante-rueda-internacional-de-negocios","status":"publish","type":"post","link":"https:\/\/patagoniambiental.com.ar\/info\/rio-negro-se-promociona-al-mundo-en-una-importante-rueda-internacional-de-negocios\/","title":{"rendered":"R\u00edo Negro se promociona al mundo en una importante rueda internacional de negocios"},"content":{"rendered":"\n<!--more-->\n\n\n\n<h4 class=\"wp-block-heading\">Esta semana R\u00edo Negro particip\u00f3 de la s\u00e9ptima edici\u00f3n de Expo Lagos, la primera ronda de negocios boutique y binacional, destinada a promocionar productos, servicios y destinos tur\u00edsticos del extremo austral de Chile, Argentina y el Continente Ant\u00e1rtico. Adem\u00e1s, la Provincia expuso en ATMEX, el evento de networking y los negocios m\u00e1s importantes en M\u00e9xico para la industria del Turismo de Aventura.<\/h4>\n\n\n\n<h6 class=\"wp-block-heading\">Fecha:&nbsp;<strong>14 de noviembre de 2021<\/strong><\/h6>\n\n\n\n<figure class=\"wp-block-image\"><img decoding=\"async\" src=\"https:\/\/rionegro.gov.ar\/_next\/image?url=https%3A%2F%2Fsilvercoder.rionegro.gov.ar%2Ffiles%2F1636892836_ec9b2cc4bb5e2c42cf30.jpg&amp;w=3840&amp;q=75\" alt=\"\"\/><\/figure>\n\n\n\n<p>La Provincia expuso ante el mundo sus principales destinos tur\u00edsticos.Cr\u00e9dito:&nbsp;Gobierno de R\u00edo Negro<\/p>\n\n\n\n<p>La subsecretaria de Turismo, Cecilia Caldelari, en representaci\u00f3n del Ministerio de Turismo y Deporte de R\u00edo Negro, particip\u00f3 de diversas reuniones en la \u00faltima edici\u00f3n de Expo Lagos, la rueda de negocios en formato experiencia m\u00e1s autral del mundo, en la que participan operadores tur\u00edsticos, cadenas hoteleras, alojamientos rurales, hoteles convencionales, compa\u00f1\u00edas de cruceros, emprendimientos de turismo de aventura, deportes invernales outdoor y centros de ski, para ser captados por empresarios, operadores y agentes de viaje de muchos pa\u00edses, invitados y seleccionados especialmente para cada edici\u00f3n.<\/p>\n\n\n\n<p>En esta oportunidad, R\u00edo Negro expuso ante m\u00e1s de 100 empresas, organismos e instituciones de Espa\u00f1a, Chile, Per\u00fa, Colombia, M\u00e9xico e Inglaterra, interesados conocer y ofrecer a sus potenciales consultores y una gran cartera de clientes viajeros, los destinos y productos rionegrinos, c\u00f3mo son: las excursiones a la regi\u00f3n Estepa, cruce andino de lagos, turismo aventura en Cordillera y Estepa y la observaci\u00f3n de avifauna, entre otros atractivos de la provincia.<\/p>\n\n\n\n<p>Caldelari aprovech\u00f3 a promocionar las cuatro regiones provinciales y sus corredores, que resultan ser de consulta permanente y gran inter\u00e9s para los turistas que eligen Patagonia y la diversidad de relieves y ambientes naturales rionegrinos.<\/p>\n\n\n\n<figure class=\"wp-block-image\"><img decoding=\"async\" src=\"https:\/\/silvercoder.rionegro.gov.ar\/files\/1636893001_61805575f21b004a6a15.jpg\" alt=\"\"\/><\/figure>\n\n\n\n<p><strong>R\u00edo Negro se muestra en M\u00e9xico<\/strong><\/p>\n\n\n\n<p>El Ministerio de Turismo y Deporte R\u00edo Negro con el acompa\u00f1amiento del Instituto Nacional de Promoci\u00f3n Tur\u00edstica INPROTUR, tambi\u00e9n tuvo la oportunidad de promocionar la amplia oferta tur\u00edstica, activa durante todo el a\u00f1o y en las diversas regiones, orientadas a la aventura y turismo de naturaleza, participando como expositor en el marco del Adventure Travel Network, organizado por ATMEX.<\/p>\n\n\n\n<p>En esta oportunidad, el reconocido evento promocional de M\u00e9xico, con alcance a todo Latinoam\u00e9rica, puso en marcha por primera vez el programa Adventure Inmersion Argentina, incluyendo a R\u00edo Negro como una de las provincias que presenta una amplia gama de experiencias, productos y servicios que cautivan la atenci\u00f3n de potenciales aliados estrat\u00e9gicos, agentes de viajes y compradores de M\u00e9xico y Estados Unidos que buscan la aventura y la naturaleza, para sus ventas.<\/p>\n\n\n\n<p>Las y los viajeros post-pandemia demandan m\u00e1s destinos como los que alberga la provincia, con ambientes naturales, desestructurados, sustentables y de experiencias personales o familiares en paisajes esteparios inmensos, monta\u00f1as majestuosas, bosques, valles, lagos, r\u00edos y el c\u00e1lido mar.<\/p>\n\n\n\n<p>Fuente: https:\/\/rionegro.gov.ar\/articulo\/39530\/rio-negro-se-promociona-al-mundo-en-una-importante-rueda-internacional-de-negocios<\/p>\n","protected":false},"excerpt":{"rendered":"","protected":false},"author":6,"featured_media":74601,"comment_status":"open","ping_status":"open","sticky":false,"template":"","format":"standard","meta":{"site-sidebar-layout":"default","site-content-layout":"","ast-site-content-layout":"default","site-content-style":"default","site-sidebar-style":"default","ast-global-header-display":"","ast-banner-title-visibility":"","ast-main-header-display":"","ast-hfb-above-header-display":"","ast-hfb-below-header-display":"","ast-hfb-mobile-header-display":"","site-post-title":"","ast-breadcrumbs-content":"","ast-featured-img":"","footer-sml-layout":"","ast-disable-related-posts":"","theme-transparent-header-meta":"","adv-header-id-meta":"","stick-header-meta":"","header-above-stick-meta":"","header-main-stick-meta":"","header-below-stick-meta":"","astra-migrate-meta-layouts":"default","ast-page-background-enabled":"default","ast-page-background-meta":{"desktop":{"background-color":"var(--ast-global-color-5)","background-image":"","background-repeat":"repeat","background-position":"center center","background-size":"auto","background-attachment":"scroll","background-type":"","background-media":"","overlay-type":"","overlay-color":"","overlay-opacity":"","overlay-gradient":""},"tablet":{"background-color":"","background-image":"","background-repeat":"repeat","background-position":"center center","background-size":"auto","background-attachment":"scroll","background-type":"","background-media":"","overlay-type":"","overlay-color":"","overlay-opacity":"","overlay-gradient":""},"mobile":{"background-color":"","background-image":"","background-repeat":"repeat","background-position":"center center","background-size":"auto","background-attachment":"scroll","background-type":"","background-media":"","overlay-type":"","overlay-color":"","overlay-opacity":"","overlay-gradient":""}},"ast-content-background-meta":{"desktop":{"background-color":"var(--ast-global-color-4)","background-image":"","background-repeat":"repeat","background-position":"center center","background-size":"auto","background-attachment":"scroll","background-type":"","background-media":"","overlay-type":"","overlay-color":"","overlay-opacity":"","overlay-gradient":""},"tablet":{"background-color":"var(--ast-global-color-4)","background-image":"","background-repeat":"repeat","background-position":"center center","background-size":"auto","background-attachment":"scroll","background-type":"","background-media":"","overlay-type":"","overlay-color":"","overlay-opacity":"","overlay-gradient":""},"mobile":{"background-color":"var(--ast-global-color-4)","background-image":"","background-repeat":"repeat","background-position":"center center","background-size":"auto","background-attachment":"scroll","background-type":"","background-media":"","overlay-type":"","overlay-color":"","overlay-opacity":"","overlay-gradient":""}},"footnotes":""},"categories":[1,13,14],"tags":[],"class_list":["post-74600","post","type-post","status-publish","format-standard","has-post-thumbnail","hentry","category-noticias","category-provinciales","category-rio-negro"],"yoast_head":"<!-- This site is optimized with the Yoast SEO Premium plugin v23.0 (Yoast SEO v27.5) - https:\/\/yoast.com\/product\/yoast-seo-premium-wordpress\/ -->\n<title>R\u00edo Negro se promociona al mundo en una importante rueda internacional de negocios<\/title>\n<meta name=\"robots\" content=\"index, follow, max-snippet:-1, max-image-preview:large, max-video-preview:-1\" \/>\n<link rel=\"canonical\" href=\"https:\/\/patagoniambiental.com.ar\/info\/rio-negro-se-promociona-al-mundo-en-una-importante-rueda-internacional-de-negocios\/\" \/>\n<meta property=\"og:locale\" content=\"es_ES\" \/>\n<meta property=\"og:type\" content=\"article\" \/>\n<meta property=\"og:title\" content=\"R\u00edo Negro se promociona al mundo en una importante rueda internacional de negocios\" \/>\n<meta property=\"og:url\" content=\"https:\/\/patagoniambiental.com.ar\/info\/rio-negro-se-promociona-al-mundo-en-una-importante-rueda-internacional-de-negocios\/\" \/>\n<meta property=\"og:site_name\" content=\"Patagonia Ambiental\" \/>\n<meta property=\"article:publisher\" content=\"https:\/\/www.facebook.com\/patagonia.ambiental\" \/>\n<meta property=\"article:published_time\" content=\"2021-11-14T10:00:00+00:00\" \/>\n<meta property=\"article:modified_time\" content=\"2021-11-15T12:16:07+00:00\" \/>\n<meta property=\"og:image\" content=\"https:\/\/patagoniambiental.com.ar\/info\/wp-content\/uploads\/2021\/11\/Sin-titulo-9.jpg\" \/>\n\t<meta property=\"og:image:width\" content=\"969\" \/>\n\t<meta property=\"og:image:height\" content=\"520\" \/>\n\t<meta property=\"og:image:type\" content=\"image\/jpeg\" \/>\n<meta name=\"author\" content=\"BRAIAN ESTEVEZ\" \/>\n<meta name=\"twitter:card\" content=\"summary_large_image\" \/>\n<meta name=\"twitter:creator\" content=\"@PatAmb\" \/>\n<meta name=\"twitter:site\" content=\"@PatAmb\" \/>\n<script type=\"application\/ld+json\" class=\"yoast-schema-graph\">{\"@context\":\"https:\\\/\\\/schema.org\",\"@graph\":[{\"@type\":\"Article\",\"@id\":\"https:\\\/\\\/patagoniambiental.com.ar\\\/info\\\/rio-negro-se-promociona-al-mundo-en-una-importante-rueda-internacional-de-negocios\\\/#article\",\"isPartOf\":{\"@id\":\"https:\\\/\\\/patagoniambiental.com.ar\\\/info\\\/rio-negro-se-promociona-al-mundo-en-una-importante-rueda-internacional-de-negocios\\\/\"},\"author\":{\"name\":\"BRAIAN ESTEVEZ\",\"@id\":\"https:\\\/\\\/patagoniambiental.com.ar\\\/info\\\/#\\\/schema\\\/person\\\/e5af09d700b2e82cb10c6b8800e0c691\"},\"headline\":\"R\u00edo Negro se promociona al mundo en una importante rueda internacional de negocios\",\"datePublished\":\"2021-11-14T10:00:00+00:00\",\"dateModified\":\"2021-11-15T12:16:07+00:00\",\"mainEntityOfPage\":{\"@id\":\"https:\\\/\\\/patagoniambiental.com.ar\\\/info\\\/rio-negro-se-promociona-al-mundo-en-una-importante-rueda-internacional-de-negocios\\\/\"},\"wordCount\":517,\"commentCount\":0,\"publisher\":{\"@id\":\"https:\\\/\\\/patagoniambiental.com.ar\\\/info\\\/#organization\"},\"image\":{\"@id\":\"https:\\\/\\\/patagoniambiental.com.ar\\\/info\\\/rio-negro-se-promociona-al-mundo-en-una-importante-rueda-internacional-de-negocios\\\/#primaryimage\"},\"thumbnailUrl\":\"https:\\\/\\\/patagoniambiental.com.ar\\\/info\\\/wp-content\\\/uploads\\\/2021\\\/11\\\/Sin-titulo-9.jpg\",\"articleSection\":[\"Noticias\",\"Provinciales\",\"R\u00edo Negro\"],\"inLanguage\":\"es\",\"potentialAction\":[{\"@type\":\"CommentAction\",\"name\":\"Comment\",\"target\":[\"https:\\\/\\\/patagoniambiental.com.ar\\\/info\\\/rio-negro-se-promociona-al-mundo-en-una-importante-rueda-internacional-de-negocios\\\/#respond\"]}]},{\"@type\":\"WebPage\",\"@id\":\"https:\\\/\\\/patagoniambiental.com.ar\\\/info\\\/rio-negro-se-promociona-al-mundo-en-una-importante-rueda-internacional-de-negocios\\\/\",\"url\":\"https:\\\/\\\/patagoniambiental.com.ar\\\/info\\\/rio-negro-se-promociona-al-mundo-en-una-importante-rueda-internacional-de-negocios\\\/\",\"name\":\"R\u00edo Negro se promociona al mundo en una importante rueda internacional de negocios\",\"isPartOf\":{\"@id\":\"https:\\\/\\\/patagoniambiental.com.ar\\\/info\\\/#website\"},\"primaryImageOfPage\":{\"@id\":\"https:\\\/\\\/patagoniambiental.com.ar\\\/info\\\/rio-negro-se-promociona-al-mundo-en-una-importante-rueda-internacional-de-negocios\\\/#primaryimage\"},\"image\":{\"@id\":\"https:\\\/\\\/patagoniambiental.com.ar\\\/info\\\/rio-negro-se-promociona-al-mundo-en-una-importante-rueda-internacional-de-negocios\\\/#primaryimage\"},\"thumbnailUrl\":\"https:\\\/\\\/patagoniambiental.com.ar\\\/info\\\/wp-content\\\/uploads\\\/2021\\\/11\\\/Sin-titulo-9.jpg\",\"datePublished\":\"2021-11-14T10:00:00+00:00\",\"dateModified\":\"2021-11-15T12:16:07+00:00\",\"breadcrumb\":{\"@id\":\"https:\\\/\\\/patagoniambiental.com.ar\\\/info\\\/rio-negro-se-promociona-al-mundo-en-una-importante-rueda-internacional-de-negocios\\\/#breadcrumb\"},\"inLanguage\":\"es\",\"potentialAction\":[{\"@type\":\"ReadAction\",\"target\":[\"https:\\\/\\\/patagoniambiental.com.ar\\\/info\\\/rio-negro-se-promociona-al-mundo-en-una-importante-rueda-internacional-de-negocios\\\/\"]}]},{\"@type\":\"ImageObject\",\"inLanguage\":\"es\",\"@id\":\"https:\\\/\\\/patagoniambiental.com.ar\\\/info\\\/rio-negro-se-promociona-al-mundo-en-una-importante-rueda-internacional-de-negocios\\\/#primaryimage\",\"url\":\"https:\\\/\\\/patagoniambiental.com.ar\\\/info\\\/wp-content\\\/uploads\\\/2021\\\/11\\\/Sin-titulo-9.jpg\",\"contentUrl\":\"https:\\\/\\\/patagoniambiental.com.ar\\\/info\\\/wp-content\\\/uploads\\\/2021\\\/11\\\/Sin-titulo-9.jpg\",\"width\":969,\"height\":520},{\"@type\":\"BreadcrumbList\",\"@id\":\"https:\\\/\\\/patagoniambiental.com.ar\\\/info\\\/rio-negro-se-promociona-al-mundo-en-una-importante-rueda-internacional-de-negocios\\\/#breadcrumb\",\"itemListElement\":[{\"@type\":\"ListItem\",\"position\":1,\"name\":\"Inicio\",\"item\":\"https:\\\/\\\/patagoniambiental.com.ar\\\/info\\\/\"},{\"@type\":\"ListItem\",\"position\":2,\"name\":\"R\u00edo Negro se promociona al mundo en una importante rueda internacional de negocios\"}]},{\"@type\":\"WebSite\",\"@id\":\"https:\\\/\\\/patagoniambiental.com.ar\\\/info\\\/#website\",\"url\":\"https:\\\/\\\/patagoniambiental.com.ar\\\/info\\\/\",\"name\":\"Patagonia Ambiental\",\"description\":\"Monitoreo y an\u00e1lisis de la situaci\u00f3n geopol\u00edtica en el mundo y su implicancia en la Patagonia\",\"publisher\":{\"@id\":\"https:\\\/\\\/patagoniambiental.com.ar\\\/info\\\/#organization\"},\"potentialAction\":[{\"@type\":\"SearchAction\",\"target\":{\"@type\":\"EntryPoint\",\"urlTemplate\":\"https:\\\/\\\/patagoniambiental.com.ar\\\/info\\\/?s={search_term_string}\"},\"query-input\":{\"@type\":\"PropertyValueSpecification\",\"valueRequired\":true,\"valueName\":\"search_term_string\"}}],\"inLanguage\":\"es\"},{\"@type\":\"Organization\",\"@id\":\"https:\\\/\\\/patagoniambiental.com.ar\\\/info\\\/#organization\",\"name\":\"Patagonia Ambiental\",\"url\":\"https:\\\/\\\/patagoniambiental.com.ar\\\/info\\\/\",\"logo\":{\"@type\":\"ImageObject\",\"inLanguage\":\"es\",\"@id\":\"https:\\\/\\\/patagoniambiental.com.ar\\\/info\\\/#\\\/schema\\\/logo\\\/image\\\/\",\"url\":\"https:\\\/\\\/patagoniambiental.com.ar\\\/info\\\/wp-content\\\/uploads\\\/2025\\\/05\\\/LOGO-PATAGONIA-AMBIENTAL.png\",\"contentUrl\":\"https:\\\/\\\/patagoniambiental.com.ar\\\/info\\\/wp-content\\\/uploads\\\/2025\\\/05\\\/LOGO-PATAGONIA-AMBIENTAL.png\",\"width\":433,\"height\":250,\"caption\":\"Patagonia Ambiental\"},\"image\":{\"@id\":\"https:\\\/\\\/patagoniambiental.com.ar\\\/info\\\/#\\\/schema\\\/logo\\\/image\\\/\"},\"sameAs\":[\"https:\\\/\\\/www.facebook.com\\\/patagonia.ambiental\",\"https:\\\/\\\/x.com\\\/PatAmb\"]},{\"@type\":\"Person\",\"@id\":\"https:\\\/\\\/patagoniambiental.com.ar\\\/info\\\/#\\\/schema\\\/person\\\/e5af09d700b2e82cb10c6b8800e0c691\",\"name\":\"BRAIAN ESTEVEZ\",\"sameAs\":[\"http:\\\/\\\/www.patagoniambiental.com.ar\"]}]}<\/script>\n<!-- \/ Yoast SEO Premium plugin. -->","yoast_head_json":{"title":"R\u00edo Negro se promociona al mundo en una importante rueda internacional de negocios","robots":{"index":"index","follow":"follow","max-snippet":"max-snippet:-1","max-image-preview":"max-image-preview:large","max-video-preview":"max-video-preview:-1"},"canonical":"https:\/\/patagoniambiental.com.ar\/info\/rio-negro-se-promociona-al-mundo-en-una-importante-rueda-internacional-de-negocios\/","og_locale":"es_ES","og_type":"article","og_title":"R\u00edo Negro se promociona al mundo en una importante rueda internacional de negocios","og_url":"https:\/\/patagoniambiental.com.ar\/info\/rio-negro-se-promociona-al-mundo-en-una-importante-rueda-internacional-de-negocios\/","og_site_name":"Patagonia Ambiental","article_publisher":"https:\/\/www.facebook.com\/patagonia.ambiental","article_published_time":"2021-11-14T10:00:00+00:00","article_modified_time":"2021-11-15T12:16:07+00:00","og_image":[{"width":969,"height":520,"url":"https:\/\/patagoniambiental.com.ar\/info\/wp-content\/uploads\/2021\/11\/Sin-titulo-9.jpg","type":"image\/jpeg"}],"author":"BRAIAN ESTEVEZ","twitter_card":"summary_large_image","twitter_creator":"@PatAmb","twitter_site":"@PatAmb","schema":{"@context":"https:\/\/schema.org","@graph":[{"@type":"Article","@id":"https:\/\/patagoniambiental.com.ar\/info\/rio-negro-se-promociona-al-mundo-en-una-importante-rueda-internacional-de-negocios\/#article","isPartOf":{"@id":"https:\/\/patagoniambiental.com.ar\/info\/rio-negro-se-promociona-al-mundo-en-una-importante-rueda-internacional-de-negocios\/"},"author":{"name":"BRAIAN ESTEVEZ","@id":"https:\/\/patagoniambiental.com.ar\/info\/#\/schema\/person\/e5af09d700b2e82cb10c6b8800e0c691"},"headline":"R\u00edo Negro se promociona al mundo en una importante rueda internacional de negocios","datePublished":"2021-11-14T10:00:00+00:00","dateModified":"2021-11-15T12:16:07+00:00","mainEntityOfPage":{"@id":"https:\/\/patagoniambiental.com.ar\/info\/rio-negro-se-promociona-al-mundo-en-una-importante-rueda-internacional-de-negocios\/"},"wordCount":517,"commentCount":0,"publisher":{"@id":"https:\/\/patagoniambiental.com.ar\/info\/#organization"},"image":{"@id":"https:\/\/patagoniambiental.com.ar\/info\/rio-negro-se-promociona-al-mundo-en-una-importante-rueda-internacional-de-negocios\/#primaryimage"},"thumbnailUrl":"https:\/\/patagoniambiental.com.ar\/info\/wp-content\/uploads\/2021\/11\/Sin-titulo-9.jpg","articleSection":["Noticias","Provinciales","R\u00edo Negro"],"inLanguage":"es","potentialAction":[{"@type":"CommentAction","name":"Comment","target":["https:\/\/patagoniambiental.com.ar\/info\/rio-negro-se-promociona-al-mundo-en-una-importante-rueda-internacional-de-negocios\/#respond"]}]},{"@type":"WebPage","@id":"https:\/\/patagoniambiental.com.ar\/info\/rio-negro-se-promociona-al-mundo-en-una-importante-rueda-internacional-de-negocios\/","url":"https:\/\/patagoniambiental.com.ar\/info\/rio-negro-se-promociona-al-mundo-en-una-importante-rueda-internacional-de-negocios\/","name":"R\u00edo Negro se promociona al mundo en una importante rueda internacional de negocios","isPartOf":{"@id":"https:\/\/patagoniambiental.com.ar\/info\/#website"},"primaryImageOfPage":{"@id":"https:\/\/patagoniambiental.com.ar\/info\/rio-negro-se-promociona-al-mundo-en-una-importante-rueda-internacional-de-negocios\/#primaryimage"},"image":{"@id":"https:\/\/patagoniambiental.com.ar\/info\/rio-negro-se-promociona-al-mundo-en-una-importante-rueda-internacional-de-negocios\/#primaryimage"},"thumbnailUrl":"https:\/\/patagoniambiental.com.ar\/info\/wp-content\/uploads\/2021\/11\/Sin-titulo-9.jpg","datePublished":"2021-11-14T10:00:00+00:00","dateModified":"2021-11-15T12:16:07+00:00","breadcrumb":{"@id":"https:\/\/patagoniambiental.com.ar\/info\/rio-negro-se-promociona-al-mundo-en-una-importante-rueda-internacional-de-negocios\/#breadcrumb"},"inLanguage":"es","potentialAction":[{"@type":"ReadAction","target":["https:\/\/patagoniambiental.com.ar\/info\/rio-negro-se-promociona-al-mundo-en-una-importante-rueda-internacional-de-negocios\/"]}]},{"@type":"ImageObject","inLanguage":"es","@id":"https:\/\/patagoniambiental.com.ar\/info\/rio-negro-se-promociona-al-mundo-en-una-importante-rueda-internacional-de-negocios\/#primaryimage","url":"https:\/\/patagoniambiental.com.ar\/info\/wp-content\/uploads\/2021\/11\/Sin-titulo-9.jpg","contentUrl":"https:\/\/patagoniambiental.com.ar\/info\/wp-content\/uploads\/2021\/11\/Sin-titulo-9.jpg","width":969,"height":520},{"@type":"BreadcrumbList","@id":"https:\/\/patagoniambiental.com.ar\/info\/rio-negro-se-promociona-al-mundo-en-una-importante-rueda-internacional-de-negocios\/#breadcrumb","itemListElement":[{"@type":"ListItem","position":1,"name":"Inicio","item":"https:\/\/patagoniambiental.com.ar\/info\/"},{"@type":"ListItem","position":2,"name":"R\u00edo Negro se promociona al mundo en una importante rueda internacional de negocios"}]},{"@type":"WebSite","@id":"https:\/\/patagoniambiental.com.ar\/info\/#website","url":"https:\/\/patagoniambiental.com.ar\/info\/","name":"Patagonia Ambiental","description":"Monitoreo y an\u00e1lisis de la situaci\u00f3n geopol\u00edtica en el mundo y su implicancia en la Patagonia","publisher":{"@id":"https:\/\/patagoniambiental.com.ar\/info\/#organization"},"potentialAction":[{"@type":"SearchAction","target":{"@type":"EntryPoint","urlTemplate":"https:\/\/patagoniambiental.com.ar\/info\/?s={search_term_string}"},"query-input":{"@type":"PropertyValueSpecification","valueRequired":true,"valueName":"search_term_string"}}],"inLanguage":"es"},{"@type":"Organization","@id":"https:\/\/patagoniambiental.com.ar\/info\/#organization","name":"Patagonia Ambiental","url":"https:\/\/patagoniambiental.com.ar\/info\/","logo":{"@type":"ImageObject","inLanguage":"es","@id":"https:\/\/patagoniambiental.com.ar\/info\/#\/schema\/logo\/image\/","url":"https:\/\/patagoniambiental.com.ar\/info\/wp-content\/uploads\/2025\/05\/LOGO-PATAGONIA-AMBIENTAL.png","contentUrl":"https:\/\/patagoniambiental.com.ar\/info\/wp-content\/uploads\/2025\/05\/LOGO-PATAGONIA-AMBIENTAL.png","width":433,"height":250,"caption":"Patagonia Ambiental"},"image":{"@id":"https:\/\/patagoniambiental.com.ar\/info\/#\/schema\/logo\/image\/"},"sameAs":["https:\/\/www.facebook.com\/patagonia.ambiental","https:\/\/x.com\/PatAmb"]},{"@type":"Person","@id":"https:\/\/patagoniambiental.com.ar\/info\/#\/schema\/person\/e5af09d700b2e82cb10c6b8800e0c691","name":"BRAIAN ESTEVEZ","sameAs":["http:\/\/www.patagoniambiental.com.ar"]}]}},"_links":{"self":[{"href":"https:\/\/patagoniambiental.com.ar\/info\/wp-json\/wp\/v2\/posts\/74600","targetHints":{"allow":["GET"]}}],"collection":[{"href":"https:\/\/patagoniambiental.com.ar\/info\/wp-json\/wp\/v2\/posts"}],"about":[{"href":"https:\/\/patagoniambiental.com.ar\/info\/wp-json\/wp\/v2\/types\/post"}],"author":[{"embeddable":true,"href":"https:\/\/patagoniambiental.com.ar\/info\/wp-json\/wp\/v2\/users\/6"}],"replies":[{"embeddable":true,"href":"https:\/\/patagoniambiental.com.ar\/info\/wp-json\/wp\/v2\/comments?post=74600"}],"version-history":[{"count":0,"href":"https:\/\/patagoniambiental.com.ar\/info\/wp-json\/wp\/v2\/posts\/74600\/revisions"}],"wp:featuredmedia":[{"embeddable":true,"href":"https:\/\/patagoniambiental.com.ar\/info\/wp-json\/wp\/v2\/media\/74601"}],"wp:attachment":[{"href":"https:\/\/patagoniambiental.com.ar\/info\/wp-json\/wp\/v2\/media?parent=74600"}],"wp:term":[{"taxonomy":"category","embeddable":true,"href":"https:\/\/patagoniambiental.com.ar\/info\/wp-json\/wp\/v2\/categories?post=74600"},{"taxonomy":"post_tag","embeddable":true,"href":"https:\/\/patagoniambiental.com.ar\/info\/wp-json\/wp\/v2\/tags?post=74600"}],"curies":[{"name":"wp","href":"https:\/\/api.w.org\/{rel}","templated":true}]}}