{"id":74611,"date":"2021-11-16T19:00:00","date_gmt":"2021-11-16T22:00:00","guid":{"rendered":"http:\/\/patagoniambiental.com.ar\/info\/?p=74611"},"modified":"2021-11-17T08:54:45","modified_gmt":"2021-11-17T11:54:45","slug":"gutierrez-no-vamos-a-permitir-una-travesia-sobre-un-ecosistema-tan-fragil","status":"publish","type":"post","link":"https:\/\/patagoniambiental.com.ar\/info\/gutierrez-no-vamos-a-permitir-una-travesia-sobre-un-ecosistema-tan-fragil\/","title":{"rendered":"Guti\u00e9rrez: \u00abNo vamos a permitir una traves\u00eda sobre un ecosistema tan fr\u00e1gil\u00bb."},"content":{"rendered":"\n<!--more-->\n\n\n\n<p>Viedma.-El Municipio de Viedma y el Gobierno de R\u00edo Negro, emitieron una advertencia al comunicar que una traves\u00eda que se promociona en redes sociales (\u201cxperience4x4\u201d) con veh\u00edculos 4&#215;4 en el Parque Dunar ubicado entre Caleta de los Loros y Bah\u00eda Creek, jam\u00e1s present\u00f3 documentaci\u00f3n, permisos, ni estudio de impacto ambiental, por lo que no cuenta con las autorizaciones correspondientes por parte de los organismos ambientales.\u00a0<br>Tanto las autoridades municipales como provinciales, se enteraron por redes sociales a escasas horas de realizarse el evento.<br>Al respecto, el responsable de la secretar\u00eda de Servicios, Espacio P\u00fablico y Ambiente, Gast\u00f3n Guti\u00e9rrez, advirti\u00f3 que \u00aben las publicaciones en las que se promociona la actividad se destaca que lo har\u00e1n sobre m\u00e9danos vivos, hecho que ilustra de manera elocuente el por qu\u00e9 deber\u00edan contar con permisos emitidos por las autoridades ambientales municipales y provinciales\u00bb.<br>\u00abBah\u00eda Creek, considerado el parque dunar m\u00e1s grande de Argentina, es la base del equilibrio de las arenas que conforman el \u00c1rea Natural Protegida, cuyo equilibrio ecosist\u00e9mico es sumamente delicado y fr\u00e1gil, y es objeto de estudio de investigadores a nivel internacional\u00bb, puntualiz\u00f3 Gutierrez.<br>Es necesario destacar que se cuenta con amplia legislaci\u00f3n en materia ambiental como las leyes provinciales de Costas, \u00c1reas Naturales Protegidas, Evaluacion de Impacto Ambiental, de Fauna Silvestre; as\u00ed como los art\u00edculos espec\u00edficos de pol\u00edtica ambiental de la Constituci\u00f3n Provincial y la Carta Org\u00e1nica Municipal.\u00a0<br>Todo proyecto, mientras sea presentado en tiempo y forma, es viable de ser evaluado, situaci\u00f3n que no sucedi\u00f3 con el evento en cuesti\u00f3n, que pretend\u00eda irrumpir en los campos dunares sin contacto formal alguno.<br>El parque dunar de Bah\u00eda Creek tiene 18.000 hect\u00e1reas aproximadamente y es uno de los m\u00e1s grandes de Argentina.<\/p>\n\n\n\n<p>Fuente: Municipalidad de Viedma<br>&#8212;<\/p>\n","protected":false},"excerpt":{"rendered":"","protected":false},"author":6,"featured_media":74612,"comment_status":"open","ping_status":"open","sticky":false,"template":"","format":"standard","meta":{"site-sidebar-layout":"default","site-content-layout":"","ast-site-content-layout":"default","site-content-style":"default","site-sidebar-style":"default","ast-global-header-display":"","ast-banner-title-visibility":"","ast-main-header-display":"","ast-hfb-above-header-display":"","ast-hfb-below-header-display":"","ast-hfb-mobile-header-display":"","site-post-title":"","ast-breadcrumbs-content":"","ast-featured-img":"","footer-sml-layout":"","ast-disable-related-posts":"","theme-transparent-header-meta":"","adv-header-id-meta":"","stick-header-meta":"","header-above-stick-meta":"","header-main-stick-meta":"","header-below-stick-meta":"","astra-migrate-meta-layouts":"default","ast-page-background-enabled":"default","ast-page-background-meta":{"desktop":{"background-color":"var(--ast-global-color-5)","background-image":"","background-repeat":"repeat","background-position":"center center","background-size":"auto","background-attachment":"scroll","background-type":"","background-media":"","overlay-type":"","overlay-color":"","overlay-opacity":"","overlay-gradient":""},"tablet":{"background-color":"","background-image":"","background-repeat":"repeat","background-position":"center center","background-size":"auto","background-attachment":"scroll","background-type":"","background-media":"","overlay-type":"","overlay-color":"","overlay-opacity":"","overlay-gradient":""},"mobile":{"background-color":"","background-image":"","background-repeat":"repeat","background-position":"center center","background-size":"auto","background-attachment":"scroll","background-type":"","background-media":"","overlay-type":"","overlay-color":"","overlay-opacity":"","overlay-gradient":""}},"ast-content-background-meta":{"desktop":{"background-color":"var(--ast-global-color-4)","background-image":"","background-repeat":"repeat","background-position":"center center","background-size":"auto","background-attachment":"scroll","background-type":"","background-media":"","overlay-type":"","overlay-color":"","overlay-opacity":"","overlay-gradient":""},"tablet":{"background-color":"var(--ast-global-color-4)","background-image":"","background-repeat":"repeat","background-position":"center center","background-size":"auto","background-attachment":"scroll","background-type":"","background-media":"","overlay-type":"","overlay-color":"","overlay-opacity":"","overlay-gradient":""},"mobile":{"background-color":"var(--ast-global-color-4)","background-image":"","background-repeat":"repeat","background-position":"center center","background-size":"auto","background-attachment":"scroll","background-type":"","background-media":"","overlay-type":"","overlay-color":"","overlay-opacity":"","overlay-gradient":""}},"footnotes":""},"categories":[11,16,1,10],"tags":[],"class_list":["post-74611","post","type-post","status-publish","format-standard","has-post-thumbnail","hentry","category-boletin","category-municipales","category-noticias","category-rotador"],"yoast_head":"<!-- This site is optimized with the Yoast SEO Premium plugin v23.0 (Yoast SEO v27.5) - https:\/\/yoast.com\/product\/yoast-seo-premium-wordpress\/ -->\n<title>Guti\u00e9rrez: &quot;No vamos a permitir una traves\u00eda sobre un ecosistema tan fr\u00e1gil&quot;.<\/title>\n<meta name=\"robots\" content=\"index, follow, max-snippet:-1, max-image-preview:large, max-video-preview:-1\" \/>\n<link rel=\"canonical\" href=\"https:\/\/patagoniambiental.com.ar\/info\/gutierrez-no-vamos-a-permitir-una-travesia-sobre-un-ecosistema-tan-fragil\/\" \/>\n<meta property=\"og:locale\" content=\"es_ES\" \/>\n<meta property=\"og:type\" content=\"article\" \/>\n<meta property=\"og:title\" content=\"Guti\u00e9rrez: &quot;No vamos a permitir una traves\u00eda sobre un ecosistema tan fr\u00e1gil&quot;.\" \/>\n<meta property=\"og:url\" content=\"https:\/\/patagoniambiental.com.ar\/info\/gutierrez-no-vamos-a-permitir-una-travesia-sobre-un-ecosistema-tan-fragil\/\" \/>\n<meta property=\"og:site_name\" content=\"Patagonia Ambiental\" \/>\n<meta property=\"article:publisher\" content=\"https:\/\/www.facebook.com\/patagonia.ambiental\" \/>\n<meta property=\"article:published_time\" content=\"2021-11-16T22:00:00+00:00\" \/>\n<meta property=\"article:modified_time\" content=\"2021-11-17T11:54:45+00:00\" \/>\n<meta property=\"og:image\" content=\"https:\/\/patagoniambiental.com.ar\/info\/wp-content\/uploads\/2021\/11\/b67451ca-679f-46bc-88a3-1ff6ec314eeb.jpg\" \/>\n\t<meta property=\"og:image:width\" content=\"1118\" \/>\n\t<meta property=\"og:image:height\" content=\"606\" \/>\n\t<meta property=\"og:image:type\" content=\"image\/jpeg\" \/>\n<meta name=\"author\" content=\"BRAIAN ESTEVEZ\" \/>\n<meta name=\"twitter:card\" content=\"summary_large_image\" \/>\n<meta name=\"twitter:creator\" content=\"@PatAmb\" \/>\n<meta name=\"twitter:site\" content=\"@PatAmb\" \/>\n<script type=\"application\/ld+json\" class=\"yoast-schema-graph\">{\"@context\":\"https:\\\/\\\/schema.org\",\"@graph\":[{\"@type\":\"Article\",\"@id\":\"https:\\\/\\\/patagoniambiental.com.ar\\\/info\\\/gutierrez-no-vamos-a-permitir-una-travesia-sobre-un-ecosistema-tan-fragil\\\/#article\",\"isPartOf\":{\"@id\":\"https:\\\/\\\/patagoniambiental.com.ar\\\/info\\\/gutierrez-no-vamos-a-permitir-una-travesia-sobre-un-ecosistema-tan-fragil\\\/\"},\"author\":{\"name\":\"BRAIAN ESTEVEZ\",\"@id\":\"https:\\\/\\\/patagoniambiental.com.ar\\\/info\\\/#\\\/schema\\\/person\\\/e5af09d700b2e82cb10c6b8800e0c691\"},\"headline\":\"Guti\u00e9rrez: \u00abNo vamos a permitir una traves\u00eda sobre un ecosistema tan fr\u00e1gil\u00bb.\",\"datePublished\":\"2021-11-16T22:00:00+00:00\",\"dateModified\":\"2021-11-17T11:54:45+00:00\",\"mainEntityOfPage\":{\"@id\":\"https:\\\/\\\/patagoniambiental.com.ar\\\/info\\\/gutierrez-no-vamos-a-permitir-una-travesia-sobre-un-ecosistema-tan-fragil\\\/\"},\"wordCount\":330,\"commentCount\":0,\"publisher\":{\"@id\":\"https:\\\/\\\/patagoniambiental.com.ar\\\/info\\\/#organization\"},\"image\":{\"@id\":\"https:\\\/\\\/patagoniambiental.com.ar\\\/info\\\/gutierrez-no-vamos-a-permitir-una-travesia-sobre-un-ecosistema-tan-fragil\\\/#primaryimage\"},\"thumbnailUrl\":\"https:\\\/\\\/patagoniambiental.com.ar\\\/info\\\/wp-content\\\/uploads\\\/2021\\\/11\\\/b67451ca-679f-46bc-88a3-1ff6ec314eeb.jpg\",\"articleSection\":[\"Bolet\u00edn\",\"Municipales\",\"Noticias\",\"Rotador\"],\"inLanguage\":\"es\",\"potentialAction\":[{\"@type\":\"CommentAction\",\"name\":\"Comment\",\"target\":[\"https:\\\/\\\/patagoniambiental.com.ar\\\/info\\\/gutierrez-no-vamos-a-permitir-una-travesia-sobre-un-ecosistema-tan-fragil\\\/#respond\"]}]},{\"@type\":\"WebPage\",\"@id\":\"https:\\\/\\\/patagoniambiental.com.ar\\\/info\\\/gutierrez-no-vamos-a-permitir-una-travesia-sobre-un-ecosistema-tan-fragil\\\/\",\"url\":\"https:\\\/\\\/patagoniambiental.com.ar\\\/info\\\/gutierrez-no-vamos-a-permitir-una-travesia-sobre-un-ecosistema-tan-fragil\\\/\",\"name\":\"Guti\u00e9rrez: \\\"No vamos a permitir una traves\u00eda sobre un ecosistema tan fr\u00e1gil\\\".\",\"isPartOf\":{\"@id\":\"https:\\\/\\\/patagoniambiental.com.ar\\\/info\\\/#website\"},\"primaryImageOfPage\":{\"@id\":\"https:\\\/\\\/patagoniambiental.com.ar\\\/info\\\/gutierrez-no-vamos-a-permitir-una-travesia-sobre-un-ecosistema-tan-fragil\\\/#primaryimage\"},\"image\":{\"@id\":\"https:\\\/\\\/patagoniambiental.com.ar\\\/info\\\/gutierrez-no-vamos-a-permitir-una-travesia-sobre-un-ecosistema-tan-fragil\\\/#primaryimage\"},\"thumbnailUrl\":\"https:\\\/\\\/patagoniambiental.com.ar\\\/info\\\/wp-content\\\/uploads\\\/2021\\\/11\\\/b67451ca-679f-46bc-88a3-1ff6ec314eeb.jpg\",\"datePublished\":\"2021-11-16T22:00:00+00:00\",\"dateModified\":\"2021-11-17T11:54:45+00:00\",\"breadcrumb\":{\"@id\":\"https:\\\/\\\/patagoniambiental.com.ar\\\/info\\\/gutierrez-no-vamos-a-permitir-una-travesia-sobre-un-ecosistema-tan-fragil\\\/#breadcrumb\"},\"inLanguage\":\"es\",\"potentialAction\":[{\"@type\":\"ReadAction\",\"target\":[\"https:\\\/\\\/patagoniambiental.com.ar\\\/info\\\/gutierrez-no-vamos-a-permitir-una-travesia-sobre-un-ecosistema-tan-fragil\\\/\"]}]},{\"@type\":\"ImageObject\",\"inLanguage\":\"es\",\"@id\":\"https:\\\/\\\/patagoniambiental.com.ar\\\/info\\\/gutierrez-no-vamos-a-permitir-una-travesia-sobre-un-ecosistema-tan-fragil\\\/#primaryimage\",\"url\":\"https:\\\/\\\/patagoniambiental.com.ar\\\/info\\\/wp-content\\\/uploads\\\/2021\\\/11\\\/b67451ca-679f-46bc-88a3-1ff6ec314eeb.jpg\",\"contentUrl\":\"https:\\\/\\\/patagoniambiental.com.ar\\\/info\\\/wp-content\\\/uploads\\\/2021\\\/11\\\/b67451ca-679f-46bc-88a3-1ff6ec314eeb.jpg\",\"width\":1107,\"height\":600},{\"@type\":\"BreadcrumbList\",\"@id\":\"https:\\\/\\\/patagoniambiental.com.ar\\\/info\\\/gutierrez-no-vamos-a-permitir-una-travesia-sobre-un-ecosistema-tan-fragil\\\/#breadcrumb\",\"itemListElement\":[{\"@type\":\"ListItem\",\"position\":1,\"name\":\"Inicio\",\"item\":\"https:\\\/\\\/patagoniambiental.com.ar\\\/info\\\/\"},{\"@type\":\"ListItem\",\"position\":2,\"name\":\"Guti\u00e9rrez: \u00abNo vamos a permitir una traves\u00eda sobre un ecosistema tan fr\u00e1gil\u00bb.\"}]},{\"@type\":\"WebSite\",\"@id\":\"https:\\\/\\\/patagoniambiental.com.ar\\\/info\\\/#website\",\"url\":\"https:\\\/\\\/patagoniambiental.com.ar\\\/info\\\/\",\"name\":\"Patagonia Ambiental\",\"description\":\"Monitoreo y an\u00e1lisis de la situaci\u00f3n geopol\u00edtica en el mundo y su implicancia en la Patagonia\",\"publisher\":{\"@id\":\"https:\\\/\\\/patagoniambiental.com.ar\\\/info\\\/#organization\"},\"potentialAction\":[{\"@type\":\"SearchAction\",\"target\":{\"@type\":\"EntryPoint\",\"urlTemplate\":\"https:\\\/\\\/patagoniambiental.com.ar\\\/info\\\/?s={search_term_string}\"},\"query-input\":{\"@type\":\"PropertyValueSpecification\",\"valueRequired\":true,\"valueName\":\"search_term_string\"}}],\"inLanguage\":\"es\"},{\"@type\":\"Organization\",\"@id\":\"https:\\\/\\\/patagoniambiental.com.ar\\\/info\\\/#organization\",\"name\":\"Patagonia Ambiental\",\"url\":\"https:\\\/\\\/patagoniambiental.com.ar\\\/info\\\/\",\"logo\":{\"@type\":\"ImageObject\",\"inLanguage\":\"es\",\"@id\":\"https:\\\/\\\/patagoniambiental.com.ar\\\/info\\\/#\\\/schema\\\/logo\\\/image\\\/\",\"url\":\"https:\\\/\\\/patagoniambiental.com.ar\\\/info\\\/wp-content\\\/uploads\\\/2025\\\/05\\\/LOGO-PATAGONIA-AMBIENTAL.png\",\"contentUrl\":\"https:\\\/\\\/patagoniambiental.com.ar\\\/info\\\/wp-content\\\/uploads\\\/2025\\\/05\\\/LOGO-PATAGONIA-AMBIENTAL.png\",\"width\":433,\"height\":250,\"caption\":\"Patagonia Ambiental\"},\"image\":{\"@id\":\"https:\\\/\\\/patagoniambiental.com.ar\\\/info\\\/#\\\/schema\\\/logo\\\/image\\\/\"},\"sameAs\":[\"https:\\\/\\\/www.facebook.com\\\/patagonia.ambiental\",\"https:\\\/\\\/x.com\\\/PatAmb\"]},{\"@type\":\"Person\",\"@id\":\"https:\\\/\\\/patagoniambiental.com.ar\\\/info\\\/#\\\/schema\\\/person\\\/e5af09d700b2e82cb10c6b8800e0c691\",\"name\":\"BRAIAN ESTEVEZ\",\"sameAs\":[\"http:\\\/\\\/www.patagoniambiental.com.ar\"]}]}<\/script>\n<!-- \/ Yoast SEO Premium plugin. -->","yoast_head_json":{"title":"Guti\u00e9rrez: \"No vamos a permitir una traves\u00eda sobre un ecosistema tan fr\u00e1gil\".","robots":{"index":"index","follow":"follow","max-snippet":"max-snippet:-1","max-image-preview":"max-image-preview:large","max-video-preview":"max-video-preview:-1"},"canonical":"https:\/\/patagoniambiental.com.ar\/info\/gutierrez-no-vamos-a-permitir-una-travesia-sobre-un-ecosistema-tan-fragil\/","og_locale":"es_ES","og_type":"article","og_title":"Guti\u00e9rrez: \"No vamos a permitir una traves\u00eda sobre un ecosistema tan fr\u00e1gil\".","og_url":"https:\/\/patagoniambiental.com.ar\/info\/gutierrez-no-vamos-a-permitir-una-travesia-sobre-un-ecosistema-tan-fragil\/","og_site_name":"Patagonia Ambiental","article_publisher":"https:\/\/www.facebook.com\/patagonia.ambiental","article_published_time":"2021-11-16T22:00:00+00:00","article_modified_time":"2021-11-17T11:54:45+00:00","og_image":[{"width":1118,"height":606,"url":"https:\/\/patagoniambiental.com.ar\/info\/wp-content\/uploads\/2021\/11\/b67451ca-679f-46bc-88a3-1ff6ec314eeb.jpg","type":"image\/jpeg"}],"author":"BRAIAN ESTEVEZ","twitter_card":"summary_large_image","twitter_creator":"@PatAmb","twitter_site":"@PatAmb","schema":{"@context":"https:\/\/schema.org","@graph":[{"@type":"Article","@id":"https:\/\/patagoniambiental.com.ar\/info\/gutierrez-no-vamos-a-permitir-una-travesia-sobre-un-ecosistema-tan-fragil\/#article","isPartOf":{"@id":"https:\/\/patagoniambiental.com.ar\/info\/gutierrez-no-vamos-a-permitir-una-travesia-sobre-un-ecosistema-tan-fragil\/"},"author":{"name":"BRAIAN ESTEVEZ","@id":"https:\/\/patagoniambiental.com.ar\/info\/#\/schema\/person\/e5af09d700b2e82cb10c6b8800e0c691"},"headline":"Guti\u00e9rrez: \u00abNo vamos a permitir una traves\u00eda sobre un ecosistema tan fr\u00e1gil\u00bb.","datePublished":"2021-11-16T22:00:00+00:00","dateModified":"2021-11-17T11:54:45+00:00","mainEntityOfPage":{"@id":"https:\/\/patagoniambiental.com.ar\/info\/gutierrez-no-vamos-a-permitir-una-travesia-sobre-un-ecosistema-tan-fragil\/"},"wordCount":330,"commentCount":0,"publisher":{"@id":"https:\/\/patagoniambiental.com.ar\/info\/#organization"},"image":{"@id":"https:\/\/patagoniambiental.com.ar\/info\/gutierrez-no-vamos-a-permitir-una-travesia-sobre-un-ecosistema-tan-fragil\/#primaryimage"},"thumbnailUrl":"https:\/\/patagoniambiental.com.ar\/info\/wp-content\/uploads\/2021\/11\/b67451ca-679f-46bc-88a3-1ff6ec314eeb.jpg","articleSection":["Bolet\u00edn","Municipales","Noticias","Rotador"],"inLanguage":"es","potentialAction":[{"@type":"CommentAction","name":"Comment","target":["https:\/\/patagoniambiental.com.ar\/info\/gutierrez-no-vamos-a-permitir-una-travesia-sobre-un-ecosistema-tan-fragil\/#respond"]}]},{"@type":"WebPage","@id":"https:\/\/patagoniambiental.com.ar\/info\/gutierrez-no-vamos-a-permitir-una-travesia-sobre-un-ecosistema-tan-fragil\/","url":"https:\/\/patagoniambiental.com.ar\/info\/gutierrez-no-vamos-a-permitir-una-travesia-sobre-un-ecosistema-tan-fragil\/","name":"Guti\u00e9rrez: \"No vamos a permitir una traves\u00eda sobre un ecosistema tan fr\u00e1gil\".","isPartOf":{"@id":"https:\/\/patagoniambiental.com.ar\/info\/#website"},"primaryImageOfPage":{"@id":"https:\/\/patagoniambiental.com.ar\/info\/gutierrez-no-vamos-a-permitir-una-travesia-sobre-un-ecosistema-tan-fragil\/#primaryimage"},"image":{"@id":"https:\/\/patagoniambiental.com.ar\/info\/gutierrez-no-vamos-a-permitir-una-travesia-sobre-un-ecosistema-tan-fragil\/#primaryimage"},"thumbnailUrl":"https:\/\/patagoniambiental.com.ar\/info\/wp-content\/uploads\/2021\/11\/b67451ca-679f-46bc-88a3-1ff6ec314eeb.jpg","datePublished":"2021-11-16T22:00:00+00:00","dateModified":"2021-11-17T11:54:45+00:00","breadcrumb":{"@id":"https:\/\/patagoniambiental.com.ar\/info\/gutierrez-no-vamos-a-permitir-una-travesia-sobre-un-ecosistema-tan-fragil\/#breadcrumb"},"inLanguage":"es","potentialAction":[{"@type":"ReadAction","target":["https:\/\/patagoniambiental.com.ar\/info\/gutierrez-no-vamos-a-permitir-una-travesia-sobre-un-ecosistema-tan-fragil\/"]}]},{"@type":"ImageObject","inLanguage":"es","@id":"https:\/\/patagoniambiental.com.ar\/info\/gutierrez-no-vamos-a-permitir-una-travesia-sobre-un-ecosistema-tan-fragil\/#primaryimage","url":"https:\/\/patagoniambiental.com.ar\/info\/wp-content\/uploads\/2021\/11\/b67451ca-679f-46bc-88a3-1ff6ec314eeb.jpg","contentUrl":"https:\/\/patagoniambiental.com.ar\/info\/wp-content\/uploads\/2021\/11\/b67451ca-679f-46bc-88a3-1ff6ec314eeb.jpg","width":1107,"height":600},{"@type":"BreadcrumbList","@id":"https:\/\/patagoniambiental.com.ar\/info\/gutierrez-no-vamos-a-permitir-una-travesia-sobre-un-ecosistema-tan-fragil\/#breadcrumb","itemListElement":[{"@type":"ListItem","position":1,"name":"Inicio","item":"https:\/\/patagoniambiental.com.ar\/info\/"},{"@type":"ListItem","position":2,"name":"Guti\u00e9rrez: \u00abNo vamos a permitir una traves\u00eda sobre un ecosistema tan fr\u00e1gil\u00bb."}]},{"@type":"WebSite","@id":"https:\/\/patagoniambiental.com.ar\/info\/#website","url":"https:\/\/patagoniambiental.com.ar\/info\/","name":"Patagonia Ambiental","description":"Monitoreo y an\u00e1lisis de la situaci\u00f3n geopol\u00edtica en el mundo y su implicancia en la Patagonia","publisher":{"@id":"https:\/\/patagoniambiental.com.ar\/info\/#organization"},"potentialAction":[{"@type":"SearchAction","target":{"@type":"EntryPoint","urlTemplate":"https:\/\/patagoniambiental.com.ar\/info\/?s={search_term_string}"},"query-input":{"@type":"PropertyValueSpecification","valueRequired":true,"valueName":"search_term_string"}}],"inLanguage":"es"},{"@type":"Organization","@id":"https:\/\/patagoniambiental.com.ar\/info\/#organization","name":"Patagonia Ambiental","url":"https:\/\/patagoniambiental.com.ar\/info\/","logo":{"@type":"ImageObject","inLanguage":"es","@id":"https:\/\/patagoniambiental.com.ar\/info\/#\/schema\/logo\/image\/","url":"https:\/\/patagoniambiental.com.ar\/info\/wp-content\/uploads\/2025\/05\/LOGO-PATAGONIA-AMBIENTAL.png","contentUrl":"https:\/\/patagoniambiental.com.ar\/info\/wp-content\/uploads\/2025\/05\/LOGO-PATAGONIA-AMBIENTAL.png","width":433,"height":250,"caption":"Patagonia Ambiental"},"image":{"@id":"https:\/\/patagoniambiental.com.ar\/info\/#\/schema\/logo\/image\/"},"sameAs":["https:\/\/www.facebook.com\/patagonia.ambiental","https:\/\/x.com\/PatAmb"]},{"@type":"Person","@id":"https:\/\/patagoniambiental.com.ar\/info\/#\/schema\/person\/e5af09d700b2e82cb10c6b8800e0c691","name":"BRAIAN ESTEVEZ","sameAs":["http:\/\/www.patagoniambiental.com.ar"]}]}},"_links":{"self":[{"href":"https:\/\/patagoniambiental.com.ar\/info\/wp-json\/wp\/v2\/posts\/74611","targetHints":{"allow":["GET"]}}],"collection":[{"href":"https:\/\/patagoniambiental.com.ar\/info\/wp-json\/wp\/v2\/posts"}],"about":[{"href":"https:\/\/patagoniambiental.com.ar\/info\/wp-json\/wp\/v2\/types\/post"}],"author":[{"embeddable":true,"href":"https:\/\/patagoniambiental.com.ar\/info\/wp-json\/wp\/v2\/users\/6"}],"replies":[{"embeddable":true,"href":"https:\/\/patagoniambiental.com.ar\/info\/wp-json\/wp\/v2\/comments?post=74611"}],"version-history":[{"count":0,"href":"https:\/\/patagoniambiental.com.ar\/info\/wp-json\/wp\/v2\/posts\/74611\/revisions"}],"wp:featuredmedia":[{"embeddable":true,"href":"https:\/\/patagoniambiental.com.ar\/info\/wp-json\/wp\/v2\/media\/74612"}],"wp:attachment":[{"href":"https:\/\/patagoniambiental.com.ar\/info\/wp-json\/wp\/v2\/media?parent=74611"}],"wp:term":[{"taxonomy":"category","embeddable":true,"href":"https:\/\/patagoniambiental.com.ar\/info\/wp-json\/wp\/v2\/categories?post=74611"},{"taxonomy":"post_tag","embeddable":true,"href":"https:\/\/patagoniambiental.com.ar\/info\/wp-json\/wp\/v2\/tags?post=74611"}],"curies":[{"name":"wp","href":"https:\/\/api.w.org\/{rel}","templated":true}]}}