{"id":74614,"date":"2021-11-17T07:00:00","date_gmt":"2021-11-17T10:00:00","guid":{"rendered":"http:\/\/patagoniambiental.com.ar\/info\/?p=74614"},"modified":"2021-11-17T09:13:48","modified_gmt":"2021-11-17T12:13:48","slug":"nueve-motos-electricas-de-transito-ya-recorren-la-ciudad-de-neuquen","status":"publish","type":"post","link":"https:\/\/patagoniambiental.com.ar\/info\/nueve-motos-electricas-de-transito-ya-recorren-la-ciudad-de-neuquen\/","title":{"rendered":"Nueve motos el\u00e9ctricas de tr\u00e1nsito ya recorren la ciudad de Neuqu\u00e9n"},"content":{"rendered":"\n<!--more-->\n\n\n\n<p>La ciudad de Neuqu\u00e9n es el primer municipio de la Patagonia en incorporar este tipo de veh\u00edculos para el patrullaje urbano de vialidad.<\/p>\n\n\n\n<figure class=\"wp-block-image\"><img decoding=\"async\" src=\"https:\/\/www.neuquenalinstante.com.ar\/uploads\/imagenes\/repositorio\/2021\/11\/16\/30195\/20211116101342de4eb9f13d44d323ab788323e11f6542.jpeg\" alt=\"Nueve motos el\u00e9ctricas de tr\u00e1nsito ya recorren la ciudad \"\/><\/figure>\n\n\n\n<p>https:\/\/www.facebook.com\/v2.0\/plugins\/like.php?action=like&amp;app_id=&amp;channel=https%3A%2F%2Fstaticxx.facebook.com%2Fx%2Fconnect%2Fxd_arbiter%2F%3Fversion%3D46%23cb%3Dfb82b10118b12c%26domain%3Dwww.neuquenalinstante.com.ar%26is_canvas%3Dfalse%26origin%3Dhttps%253A%252F%252Fwww.neuquenalinstante.com.ar%252Ff31278fea4746f8%26relation%3Dparent.parent&amp;container_width=265&amp;href=https%3A%2F%2Fwww.neuquenalinstante.com.ar%2Fnoticias%2F2021%2F11%2F16%2F88695-&amp;layout=button_count&amp;locale=es_LA&amp;sdk=joey&amp;share=false&amp;show_faces=false&amp;width=100https:\/\/platform.twitter.com\/widgets\/tweet_button.a53eecb4584348a2ad32ec2ae21f6eae.en.html#dnt=false&amp;id=twitter-widget-1&amp;lang=en&amp;original_referer=https%3A%2F%2Fwww.neuquenalinstante.com.ar%2Fnoticias%2F2021%2F11%2F16%2F88695-nueve-motos-electricas-de-transito-ya-recorren-la-ciudad&amp;size=m&amp;text=Nueve%20motos%20el%C3%A9ctricas%20de%20tr%C3%A1nsito%20ya%20recorren%20la%20ciudad%20%7C%20Neuqu%C3%A9n%20al%20Instante&amp;time=1637151019689&amp;type=share&amp;url=https%3A%2F%2Fwww.neuquenalinstante.com.ar%2Fnoticias%2F2021%2F11%2F16%2F88695-nueve-motos-electricas-de-transito-ya-recorren-la-ciudadhttps:\/\/apis.google.com\/u\/0\/se\/0\/_\/+1\/fastbutton?usegapi=1&amp;hl=es&amp;origin=https%3A%2F%2Fwww.neuquenalinstante.com.ar&amp;url=https%3A%2F%2Fwww.neuquenalinstante.com.ar%2Fnoticias%2F2021%2F11%2F16%2F88695-nueve-motos-electricas-de-transito-ya-recorren-la-ciudad&amp;gsrc=3p&amp;ic=1&amp;jsh=m%3B%2F_%2Fscs%2Fapps-static%2F_%2Fjs%2Fk%3Doz.gapi.es_419.u0vDkrtyElY.O%2Fam%3DAQ%2Fd%3D1%2Frs%3DAGLTcCNEZUMKcV6CI8r9V9nCnVhJdlQdYg%2Fm%3D__features__#_methods=onPlusOne%2C_ready%2C_close%2C_open%2C_resizeMe%2C_renderstart%2Concircled%2Cdrefresh%2Cerefresh%2Conload&amp;id=I0_1637151017040&amp;_gfid=I0_1637151017040&amp;parent=https%3A%2F%2Fwww.neuquenalinstante.com.ar&amp;pfname=&amp;rpctoken=17941576&nbsp;Autor :&nbsp;<strong>Foto: Muncipalidad<\/strong><\/p>\n\n\n\n<p>Las nueve motos el\u00e9ctricas de la direcci\u00f3n de Tr\u00e1nsito ya recorren la ciudad. Esta ma\u00f1ana fueron presentadas en el Monumento a San Mart\u00edn y luego salieron a patrullar las calles de la capital neuquina.<\/p>\n\n\n\n<p>\u201cUno de los objetivos que nos hab\u00eda planteado el intendente Mariano Gaido fue que est\u00e9n en funcionamiento antes de fin de a\u00f1o y ya est\u00e1n circulando, en los \u00faltimos d\u00edas la habr\u00e1n podido ver recorriendo y hoy las presentamos en sociedad\u201d, dijo el subsecretario de Medio Ambiente y Protecci\u00f3n Ciudadana, Francisco Baggio.<\/p>\n\n\n\n<p>\u201cCon esta nueva herramienta de trabajo estamos aportando a la seguridad ciudadana desde un desplazamiento urbano r\u00e1pido y sustentable\u201d, resumi\u00f3 el funcionario y agreg\u00f3: \u201cTendr\u00e1n una mirada de prevenci\u00f3n, seguridad y obviamente contravencional por que quienes la conducen son inspectores e inspectoras de Tr\u00e1nsito\u201d.https:\/\/platform.twitter.com\/embed\/Tweet.html?dnt=false&amp;embedId=twitter-widget-0&amp;features=eyJ0ZndfZXhwZXJpbWVudHNfY29va2llX2V4cGlyYXRpb24iOnsiYnVja2V0IjoxMjA5NjAwLCJ2ZXJzaW9uIjpudWxsfSwidGZ3X2hvcml6b25fdHdlZXRfZW1iZWRfOTU1NSI6eyJidWNrZXQiOiJodGUiLCJ2ZXJzaW9uIjpudWxsfSwidGZ3X3NwYWNlX2NhcmQiOnsiYnVja2V0Ijoib2ZmIiwidmVyc2lvbiI6bnVsbH19&amp;frame=false&amp;hideCard=false&amp;hideThread=false&amp;id=1415325601053937668&amp;lang=en&amp;origin=https%3A%2F%2Fwww.neuquenalinstante.com.ar%2Fnoticias%2F2021%2F11%2F16%2F88695-nueve-motos-electricas-de-transito-ya-recorren-la-ciudad&amp;sessionId=4f4c5a3a50ab276b43ad19084a1f189a9845853b&amp;theme=light&amp;widgetsVersion=f001879%3A1634581029404&amp;width=550px<\/p>\n\n\n\n<p>Respecto a las zonas en las que estar\u00e1n, Baggio dijo que lo har\u00e1n en un principio en la zona c\u00e9ntrica y zonas adyacentes, \u201cvamos a generar cuadr\u00edculas de patrulla y luego vamos a ir a los barrios\u201d.<\/p>\n\n\n\n<p>Destac\u00f3 que esta incorporaci\u00f3n \u201cnos posiciona en la Red de Municipios Contra el Cambio Clim\u00e1tico y somos la primera ciudad de la Patagonia en hacer una inversi\u00f3n en movilidad sustentable\u201d, dijo y agreg\u00f3 \u201cvaloramos por su importancia en el cuidado ambiental, no emite gas contaminante, ni ruidos molestos\u201d.<\/p>\n\n\n\n<p>\u201cSon motos Hawk con motor de 3000 wats, vienen con sirena incorporada, luces led, parlantes Bluetooth y alarma\u201d, especific\u00f3 Baggio y agreg\u00f3 \u201ccon este nuevo equipamiento logramos que la direcci\u00f3n de Tr\u00e1nsito tenga 25 motos para realizar operativos de control y patrullaje en la ciudad\u201d. Detall\u00f3 que se cargan en la red el\u00e9ctrica domiciliaria, alcanzan una velocidad m\u00e1xima de entre 42 y 47km\/h y tienen una autonom\u00eda de 50 kil\u00f3metros por d\u00eda.<\/p>\n\n\n\n<p>Fuente: Neuqu\u00e9n Al Instante<\/p>\n","protected":false},"excerpt":{"rendered":"","protected":false},"author":6,"featured_media":74615,"comment_status":"open","ping_status":"open","sticky":false,"template":"","format":"standard","meta":{"site-sidebar-layout":"default","site-content-layout":"","ast-site-content-layout":"default","site-content-style":"default","site-sidebar-style":"default","ast-global-header-display":"","ast-banner-title-visibility":"","ast-main-header-display":"","ast-hfb-above-header-display":"","ast-hfb-below-header-display":"","ast-hfb-mobile-header-display":"","site-post-title":"","ast-breadcrumbs-content":"","ast-featured-img":"","footer-sml-layout":"","ast-disable-related-posts":"","theme-transparent-header-meta":"","adv-header-id-meta":"","stick-header-meta":"","header-above-stick-meta":"","header-main-stick-meta":"","header-below-stick-meta":"","astra-migrate-meta-layouts":"default","ast-page-background-enabled":"default","ast-page-background-meta":{"desktop":{"background-color":"var(--ast-global-color-5)","background-image":"","background-repeat":"repeat","background-position":"center center","background-size":"auto","background-attachment":"scroll","background-type":"","background-media":"","overlay-type":"","overlay-color":"","overlay-opacity":"","overlay-gradient":""},"tablet":{"background-color":"","background-image":"","background-repeat":"repeat","background-position":"center center","background-size":"auto","background-attachment":"scroll","background-type":"","background-media":"","overlay-type":"","overlay-color":"","overlay-opacity":"","overlay-gradient":""},"mobile":{"background-color":"","background-image":"","background-repeat":"repeat","background-position":"center center","background-size":"auto","background-attachment":"scroll","background-type":"","background-media":"","overlay-type":"","overlay-color":"","overlay-opacity":"","overlay-gradient":""}},"ast-content-background-meta":{"desktop":{"background-color":"var(--ast-global-color-4)","background-image":"","background-repeat":"repeat","background-position":"center center","background-size":"auto","background-attachment":"scroll","background-type":"","background-media":"","overlay-type":"","overlay-color":"","overlay-opacity":"","overlay-gradient":""},"tablet":{"background-color":"var(--ast-global-color-4)","background-image":"","background-repeat":"repeat","background-position":"center center","background-size":"auto","background-attachment":"scroll","background-type":"","background-media":"","overlay-type":"","overlay-color":"","overlay-opacity":"","overlay-gradient":""},"mobile":{"background-color":"var(--ast-global-color-4)","background-image":"","background-repeat":"repeat","background-position":"center center","background-size":"auto","background-attachment":"scroll","background-type":"","background-media":"","overlay-type":"","overlay-color":"","overlay-opacity":"","overlay-gradient":""}},"footnotes":""},"categories":[11,16,1,10],"tags":[],"class_list":["post-74614","post","type-post","status-publish","format-standard","has-post-thumbnail","hentry","category-boletin","category-municipales","category-noticias","category-rotador"],"yoast_head":"<!-- This site is optimized with the Yoast SEO Premium plugin v23.0 (Yoast SEO v27.5) - https:\/\/yoast.com\/product\/yoast-seo-premium-wordpress\/ -->\n<title>Nueve motos el\u00e9ctricas de tr\u00e1nsito ya recorren la ciudad de Neuqu\u00e9n<\/title>\n<meta name=\"robots\" content=\"index, follow, max-snippet:-1, max-image-preview:large, max-video-preview:-1\" \/>\n<link rel=\"canonical\" href=\"https:\/\/patagoniambiental.com.ar\/info\/nueve-motos-electricas-de-transito-ya-recorren-la-ciudad-de-neuquen\/\" \/>\n<meta property=\"og:locale\" content=\"es_ES\" \/>\n<meta property=\"og:type\" content=\"article\" \/>\n<meta property=\"og:title\" content=\"Nueve motos el\u00e9ctricas de tr\u00e1nsito ya recorren la ciudad de Neuqu\u00e9n\" \/>\n<meta property=\"og:url\" content=\"https:\/\/patagoniambiental.com.ar\/info\/nueve-motos-electricas-de-transito-ya-recorren-la-ciudad-de-neuquen\/\" \/>\n<meta property=\"og:site_name\" content=\"Patagonia Ambiental\" \/>\n<meta property=\"article:publisher\" content=\"https:\/\/www.facebook.com\/patagonia.ambiental\" \/>\n<meta property=\"article:published_time\" content=\"2021-11-17T10:00:00+00:00\" \/>\n<meta property=\"article:modified_time\" content=\"2021-11-17T12:13:48+00:00\" \/>\n<meta property=\"og:image\" content=\"https:\/\/patagoniambiental.com.ar\/info\/wp-content\/uploads\/2021\/11\/20211116101342de4eb9f13d44d323ab788323e11f6542.jpeg\" \/>\n\t<meta property=\"og:image:width\" content=\"691\" \/>\n\t<meta property=\"og:image:height\" content=\"460\" \/>\n\t<meta property=\"og:image:type\" content=\"image\/jpeg\" \/>\n<meta name=\"author\" content=\"BRAIAN ESTEVEZ\" \/>\n<meta name=\"twitter:card\" content=\"summary_large_image\" \/>\n<meta name=\"twitter:creator\" content=\"@PatAmb\" \/>\n<meta name=\"twitter:site\" content=\"@PatAmb\" \/>\n<script type=\"application\/ld+json\" class=\"yoast-schema-graph\">{\"@context\":\"https:\\\/\\\/schema.org\",\"@graph\":[{\"@type\":\"Article\",\"@id\":\"https:\\\/\\\/patagoniambiental.com.ar\\\/info\\\/nueve-motos-electricas-de-transito-ya-recorren-la-ciudad-de-neuquen\\\/#article\",\"isPartOf\":{\"@id\":\"https:\\\/\\\/patagoniambiental.com.ar\\\/info\\\/nueve-motos-electricas-de-transito-ya-recorren-la-ciudad-de-neuquen\\\/\"},\"author\":{\"name\":\"BRAIAN ESTEVEZ\",\"@id\":\"https:\\\/\\\/patagoniambiental.com.ar\\\/info\\\/#\\\/schema\\\/person\\\/e5af09d700b2e82cb10c6b8800e0c691\"},\"headline\":\"Nueve motos el\u00e9ctricas de tr\u00e1nsito ya recorren la ciudad de Neuqu\u00e9n\",\"datePublished\":\"2021-11-17T10:00:00+00:00\",\"dateModified\":\"2021-11-17T12:13:48+00:00\",\"mainEntityOfPage\":{\"@id\":\"https:\\\/\\\/patagoniambiental.com.ar\\\/info\\\/nueve-motos-electricas-de-transito-ya-recorren-la-ciudad-de-neuquen\\\/\"},\"wordCount\":742,\"commentCount\":0,\"publisher\":{\"@id\":\"https:\\\/\\\/patagoniambiental.com.ar\\\/info\\\/#organization\"},\"image\":{\"@id\":\"https:\\\/\\\/patagoniambiental.com.ar\\\/info\\\/nueve-motos-electricas-de-transito-ya-recorren-la-ciudad-de-neuquen\\\/#primaryimage\"},\"thumbnailUrl\":\"https:\\\/\\\/patagoniambiental.com.ar\\\/info\\\/wp-content\\\/uploads\\\/2021\\\/11\\\/20211116101342de4eb9f13d44d323ab788323e11f6542.jpeg\",\"articleSection\":[\"Bolet\u00edn\",\"Municipales\",\"Noticias\",\"Rotador\"],\"inLanguage\":\"es\",\"potentialAction\":[{\"@type\":\"CommentAction\",\"name\":\"Comment\",\"target\":[\"https:\\\/\\\/patagoniambiental.com.ar\\\/info\\\/nueve-motos-electricas-de-transito-ya-recorren-la-ciudad-de-neuquen\\\/#respond\"]}]},{\"@type\":\"WebPage\",\"@id\":\"https:\\\/\\\/patagoniambiental.com.ar\\\/info\\\/nueve-motos-electricas-de-transito-ya-recorren-la-ciudad-de-neuquen\\\/\",\"url\":\"https:\\\/\\\/patagoniambiental.com.ar\\\/info\\\/nueve-motos-electricas-de-transito-ya-recorren-la-ciudad-de-neuquen\\\/\",\"name\":\"Nueve motos el\u00e9ctricas de tr\u00e1nsito ya recorren la ciudad de Neuqu\u00e9n\",\"isPartOf\":{\"@id\":\"https:\\\/\\\/patagoniambiental.com.ar\\\/info\\\/#website\"},\"primaryImageOfPage\":{\"@id\":\"https:\\\/\\\/patagoniambiental.com.ar\\\/info\\\/nueve-motos-electricas-de-transito-ya-recorren-la-ciudad-de-neuquen\\\/#primaryimage\"},\"image\":{\"@id\":\"https:\\\/\\\/patagoniambiental.com.ar\\\/info\\\/nueve-motos-electricas-de-transito-ya-recorren-la-ciudad-de-neuquen\\\/#primaryimage\"},\"thumbnailUrl\":\"https:\\\/\\\/patagoniambiental.com.ar\\\/info\\\/wp-content\\\/uploads\\\/2021\\\/11\\\/20211116101342de4eb9f13d44d323ab788323e11f6542.jpeg\",\"datePublished\":\"2021-11-17T10:00:00+00:00\",\"dateModified\":\"2021-11-17T12:13:48+00:00\",\"breadcrumb\":{\"@id\":\"https:\\\/\\\/patagoniambiental.com.ar\\\/info\\\/nueve-motos-electricas-de-transito-ya-recorren-la-ciudad-de-neuquen\\\/#breadcrumb\"},\"inLanguage\":\"es\",\"potentialAction\":[{\"@type\":\"ReadAction\",\"target\":[\"https:\\\/\\\/patagoniambiental.com.ar\\\/info\\\/nueve-motos-electricas-de-transito-ya-recorren-la-ciudad-de-neuquen\\\/\"]}]},{\"@type\":\"ImageObject\",\"inLanguage\":\"es\",\"@id\":\"https:\\\/\\\/patagoniambiental.com.ar\\\/info\\\/nueve-motos-electricas-de-transito-ya-recorren-la-ciudad-de-neuquen\\\/#primaryimage\",\"url\":\"https:\\\/\\\/patagoniambiental.com.ar\\\/info\\\/wp-content\\\/uploads\\\/2021\\\/11\\\/20211116101342de4eb9f13d44d323ab788323e11f6542.jpeg\",\"contentUrl\":\"https:\\\/\\\/patagoniambiental.com.ar\\\/info\\\/wp-content\\\/uploads\\\/2021\\\/11\\\/20211116101342de4eb9f13d44d323ab788323e11f6542.jpeg\",\"width\":691,\"height\":460},{\"@type\":\"BreadcrumbList\",\"@id\":\"https:\\\/\\\/patagoniambiental.com.ar\\\/info\\\/nueve-motos-electricas-de-transito-ya-recorren-la-ciudad-de-neuquen\\\/#breadcrumb\",\"itemListElement\":[{\"@type\":\"ListItem\",\"position\":1,\"name\":\"Inicio\",\"item\":\"https:\\\/\\\/patagoniambiental.com.ar\\\/info\\\/\"},{\"@type\":\"ListItem\",\"position\":2,\"name\":\"Nueve motos el\u00e9ctricas de tr\u00e1nsito ya recorren la ciudad de Neuqu\u00e9n\"}]},{\"@type\":\"WebSite\",\"@id\":\"https:\\\/\\\/patagoniambiental.com.ar\\\/info\\\/#website\",\"url\":\"https:\\\/\\\/patagoniambiental.com.ar\\\/info\\\/\",\"name\":\"Patagonia Ambiental\",\"description\":\"Monitoreo y an\u00e1lisis de la situaci\u00f3n geopol\u00edtica en el mundo y su implicancia en la Patagonia\",\"publisher\":{\"@id\":\"https:\\\/\\\/patagoniambiental.com.ar\\\/info\\\/#organization\"},\"potentialAction\":[{\"@type\":\"SearchAction\",\"target\":{\"@type\":\"EntryPoint\",\"urlTemplate\":\"https:\\\/\\\/patagoniambiental.com.ar\\\/info\\\/?s={search_term_string}\"},\"query-input\":{\"@type\":\"PropertyValueSpecification\",\"valueRequired\":true,\"valueName\":\"search_term_string\"}}],\"inLanguage\":\"es\"},{\"@type\":\"Organization\",\"@id\":\"https:\\\/\\\/patagoniambiental.com.ar\\\/info\\\/#organization\",\"name\":\"Patagonia Ambiental\",\"url\":\"https:\\\/\\\/patagoniambiental.com.ar\\\/info\\\/\",\"logo\":{\"@type\":\"ImageObject\",\"inLanguage\":\"es\",\"@id\":\"https:\\\/\\\/patagoniambiental.com.ar\\\/info\\\/#\\\/schema\\\/logo\\\/image\\\/\",\"url\":\"https:\\\/\\\/patagoniambiental.com.ar\\\/info\\\/wp-content\\\/uploads\\\/2025\\\/05\\\/LOGO-PATAGONIA-AMBIENTAL.png\",\"contentUrl\":\"https:\\\/\\\/patagoniambiental.com.ar\\\/info\\\/wp-content\\\/uploads\\\/2025\\\/05\\\/LOGO-PATAGONIA-AMBIENTAL.png\",\"width\":433,\"height\":250,\"caption\":\"Patagonia Ambiental\"},\"image\":{\"@id\":\"https:\\\/\\\/patagoniambiental.com.ar\\\/info\\\/#\\\/schema\\\/logo\\\/image\\\/\"},\"sameAs\":[\"https:\\\/\\\/www.facebook.com\\\/patagonia.ambiental\",\"https:\\\/\\\/x.com\\\/PatAmb\"]},{\"@type\":\"Person\",\"@id\":\"https:\\\/\\\/patagoniambiental.com.ar\\\/info\\\/#\\\/schema\\\/person\\\/e5af09d700b2e82cb10c6b8800e0c691\",\"name\":\"BRAIAN ESTEVEZ\",\"sameAs\":[\"http:\\\/\\\/www.patagoniambiental.com.ar\"]}]}<\/script>\n<!-- \/ Yoast SEO Premium plugin. -->","yoast_head_json":{"title":"Nueve motos el\u00e9ctricas de tr\u00e1nsito ya recorren la ciudad de Neuqu\u00e9n","robots":{"index":"index","follow":"follow","max-snippet":"max-snippet:-1","max-image-preview":"max-image-preview:large","max-video-preview":"max-video-preview:-1"},"canonical":"https:\/\/patagoniambiental.com.ar\/info\/nueve-motos-electricas-de-transito-ya-recorren-la-ciudad-de-neuquen\/","og_locale":"es_ES","og_type":"article","og_title":"Nueve motos el\u00e9ctricas de tr\u00e1nsito ya recorren la ciudad de Neuqu\u00e9n","og_url":"https:\/\/patagoniambiental.com.ar\/info\/nueve-motos-electricas-de-transito-ya-recorren-la-ciudad-de-neuquen\/","og_site_name":"Patagonia Ambiental","article_publisher":"https:\/\/www.facebook.com\/patagonia.ambiental","article_published_time":"2021-11-17T10:00:00+00:00","article_modified_time":"2021-11-17T12:13:48+00:00","og_image":[{"width":691,"height":460,"url":"https:\/\/patagoniambiental.com.ar\/info\/wp-content\/uploads\/2021\/11\/20211116101342de4eb9f13d44d323ab788323e11f6542.jpeg","type":"image\/jpeg"}],"author":"BRAIAN ESTEVEZ","twitter_card":"summary_large_image","twitter_creator":"@PatAmb","twitter_site":"@PatAmb","schema":{"@context":"https:\/\/schema.org","@graph":[{"@type":"Article","@id":"https:\/\/patagoniambiental.com.ar\/info\/nueve-motos-electricas-de-transito-ya-recorren-la-ciudad-de-neuquen\/#article","isPartOf":{"@id":"https:\/\/patagoniambiental.com.ar\/info\/nueve-motos-electricas-de-transito-ya-recorren-la-ciudad-de-neuquen\/"},"author":{"name":"BRAIAN ESTEVEZ","@id":"https:\/\/patagoniambiental.com.ar\/info\/#\/schema\/person\/e5af09d700b2e82cb10c6b8800e0c691"},"headline":"Nueve motos el\u00e9ctricas de tr\u00e1nsito ya recorren la ciudad de Neuqu\u00e9n","datePublished":"2021-11-17T10:00:00+00:00","dateModified":"2021-11-17T12:13:48+00:00","mainEntityOfPage":{"@id":"https:\/\/patagoniambiental.com.ar\/info\/nueve-motos-electricas-de-transito-ya-recorren-la-ciudad-de-neuquen\/"},"wordCount":742,"commentCount":0,"publisher":{"@id":"https:\/\/patagoniambiental.com.ar\/info\/#organization"},"image":{"@id":"https:\/\/patagoniambiental.com.ar\/info\/nueve-motos-electricas-de-transito-ya-recorren-la-ciudad-de-neuquen\/#primaryimage"},"thumbnailUrl":"https:\/\/patagoniambiental.com.ar\/info\/wp-content\/uploads\/2021\/11\/20211116101342de4eb9f13d44d323ab788323e11f6542.jpeg","articleSection":["Bolet\u00edn","Municipales","Noticias","Rotador"],"inLanguage":"es","potentialAction":[{"@type":"CommentAction","name":"Comment","target":["https:\/\/patagoniambiental.com.ar\/info\/nueve-motos-electricas-de-transito-ya-recorren-la-ciudad-de-neuquen\/#respond"]}]},{"@type":"WebPage","@id":"https:\/\/patagoniambiental.com.ar\/info\/nueve-motos-electricas-de-transito-ya-recorren-la-ciudad-de-neuquen\/","url":"https:\/\/patagoniambiental.com.ar\/info\/nueve-motos-electricas-de-transito-ya-recorren-la-ciudad-de-neuquen\/","name":"Nueve motos el\u00e9ctricas de tr\u00e1nsito ya recorren la ciudad de Neuqu\u00e9n","isPartOf":{"@id":"https:\/\/patagoniambiental.com.ar\/info\/#website"},"primaryImageOfPage":{"@id":"https:\/\/patagoniambiental.com.ar\/info\/nueve-motos-electricas-de-transito-ya-recorren-la-ciudad-de-neuquen\/#primaryimage"},"image":{"@id":"https:\/\/patagoniambiental.com.ar\/info\/nueve-motos-electricas-de-transito-ya-recorren-la-ciudad-de-neuquen\/#primaryimage"},"thumbnailUrl":"https:\/\/patagoniambiental.com.ar\/info\/wp-content\/uploads\/2021\/11\/20211116101342de4eb9f13d44d323ab788323e11f6542.jpeg","datePublished":"2021-11-17T10:00:00+00:00","dateModified":"2021-11-17T12:13:48+00:00","breadcrumb":{"@id":"https:\/\/patagoniambiental.com.ar\/info\/nueve-motos-electricas-de-transito-ya-recorren-la-ciudad-de-neuquen\/#breadcrumb"},"inLanguage":"es","potentialAction":[{"@type":"ReadAction","target":["https:\/\/patagoniambiental.com.ar\/info\/nueve-motos-electricas-de-transito-ya-recorren-la-ciudad-de-neuquen\/"]}]},{"@type":"ImageObject","inLanguage":"es","@id":"https:\/\/patagoniambiental.com.ar\/info\/nueve-motos-electricas-de-transito-ya-recorren-la-ciudad-de-neuquen\/#primaryimage","url":"https:\/\/patagoniambiental.com.ar\/info\/wp-content\/uploads\/2021\/11\/20211116101342de4eb9f13d44d323ab788323e11f6542.jpeg","contentUrl":"https:\/\/patagoniambiental.com.ar\/info\/wp-content\/uploads\/2021\/11\/20211116101342de4eb9f13d44d323ab788323e11f6542.jpeg","width":691,"height":460},{"@type":"BreadcrumbList","@id":"https:\/\/patagoniambiental.com.ar\/info\/nueve-motos-electricas-de-transito-ya-recorren-la-ciudad-de-neuquen\/#breadcrumb","itemListElement":[{"@type":"ListItem","position":1,"name":"Inicio","item":"https:\/\/patagoniambiental.com.ar\/info\/"},{"@type":"ListItem","position":2,"name":"Nueve motos el\u00e9ctricas de tr\u00e1nsito ya recorren la ciudad de Neuqu\u00e9n"}]},{"@type":"WebSite","@id":"https:\/\/patagoniambiental.com.ar\/info\/#website","url":"https:\/\/patagoniambiental.com.ar\/info\/","name":"Patagonia Ambiental","description":"Monitoreo y an\u00e1lisis de la situaci\u00f3n geopol\u00edtica en el mundo y su implicancia en la Patagonia","publisher":{"@id":"https:\/\/patagoniambiental.com.ar\/info\/#organization"},"potentialAction":[{"@type":"SearchAction","target":{"@type":"EntryPoint","urlTemplate":"https:\/\/patagoniambiental.com.ar\/info\/?s={search_term_string}"},"query-input":{"@type":"PropertyValueSpecification","valueRequired":true,"valueName":"search_term_string"}}],"inLanguage":"es"},{"@type":"Organization","@id":"https:\/\/patagoniambiental.com.ar\/info\/#organization","name":"Patagonia Ambiental","url":"https:\/\/patagoniambiental.com.ar\/info\/","logo":{"@type":"ImageObject","inLanguage":"es","@id":"https:\/\/patagoniambiental.com.ar\/info\/#\/schema\/logo\/image\/","url":"https:\/\/patagoniambiental.com.ar\/info\/wp-content\/uploads\/2025\/05\/LOGO-PATAGONIA-AMBIENTAL.png","contentUrl":"https:\/\/patagoniambiental.com.ar\/info\/wp-content\/uploads\/2025\/05\/LOGO-PATAGONIA-AMBIENTAL.png","width":433,"height":250,"caption":"Patagonia Ambiental"},"image":{"@id":"https:\/\/patagoniambiental.com.ar\/info\/#\/schema\/logo\/image\/"},"sameAs":["https:\/\/www.facebook.com\/patagonia.ambiental","https:\/\/x.com\/PatAmb"]},{"@type":"Person","@id":"https:\/\/patagoniambiental.com.ar\/info\/#\/schema\/person\/e5af09d700b2e82cb10c6b8800e0c691","name":"BRAIAN ESTEVEZ","sameAs":["http:\/\/www.patagoniambiental.com.ar"]}]}},"_links":{"self":[{"href":"https:\/\/patagoniambiental.com.ar\/info\/wp-json\/wp\/v2\/posts\/74614","targetHints":{"allow":["GET"]}}],"collection":[{"href":"https:\/\/patagoniambiental.com.ar\/info\/wp-json\/wp\/v2\/posts"}],"about":[{"href":"https:\/\/patagoniambiental.com.ar\/info\/wp-json\/wp\/v2\/types\/post"}],"author":[{"embeddable":true,"href":"https:\/\/patagoniambiental.com.ar\/info\/wp-json\/wp\/v2\/users\/6"}],"replies":[{"embeddable":true,"href":"https:\/\/patagoniambiental.com.ar\/info\/wp-json\/wp\/v2\/comments?post=74614"}],"version-history":[{"count":0,"href":"https:\/\/patagoniambiental.com.ar\/info\/wp-json\/wp\/v2\/posts\/74614\/revisions"}],"wp:featuredmedia":[{"embeddable":true,"href":"https:\/\/patagoniambiental.com.ar\/info\/wp-json\/wp\/v2\/media\/74615"}],"wp:attachment":[{"href":"https:\/\/patagoniambiental.com.ar\/info\/wp-json\/wp\/v2\/media?parent=74614"}],"wp:term":[{"taxonomy":"category","embeddable":true,"href":"https:\/\/patagoniambiental.com.ar\/info\/wp-json\/wp\/v2\/categories?post=74614"},{"taxonomy":"post_tag","embeddable":true,"href":"https:\/\/patagoniambiental.com.ar\/info\/wp-json\/wp\/v2\/tags?post=74614"}],"curies":[{"name":"wp","href":"https:\/\/api.w.org\/{rel}","templated":true}]}}