{"id":74647,"date":"2021-11-22T20:26:24","date_gmt":"2021-11-22T23:26:24","guid":{"rendered":"http:\/\/patagoniambiental.com.ar\/info\/?p=74647"},"modified":"2021-11-22T20:26:27","modified_gmt":"2021-11-22T23:26:27","slug":"parece-que-algunos-politicos-lo-unico-que-pretenden-es-generar-mas-violencia","status":"publish","type":"post","link":"https:\/\/patagoniambiental.com.ar\/info\/parece-que-algunos-politicos-lo-unico-que-pretenden-es-generar-mas-violencia\/","title":{"rendered":"Parece que algunos pol\u00edticos lo \u00fanico que pretenden es generar m\u00e1s violencia"},"content":{"rendered":"\n<!--more-->\n\n\n\n<p>El Bloque de Legisladores de Juntos Somos R\u00edo Negro cuestion\u00f3 el uso pol\u00edtico que algunos referentes est\u00e1n intentando darle al luctuoso episodio que culmin\u00f3 con una persona fallecida y otra herida en un predio ocupado en la zona de Cuesta del Ternero.<\/p>\n\n\n\n<p>Respaldamos todo lo actuado por el Gobierno de R\u00edo Negro y la Polic\u00eda Provincial, siempre dentro de las leyes y todas las normativas vigentes. Es importante remarcar que la fuerza de seguridad provincial no tuvo ninguna intervenci\u00f3n en el lugar de los hechos m\u00e1s all\u00e1 de las tareas dispuestas oportunamente por la Justicia.<\/p>\n\n\n\n<p>Sin ning\u00fan tipo de fundamentos, y cuando a\u00fan la Justicia est\u00e1 trabajando en la b\u00fasqueda de la verdad en torno a este lamentable hecho, dirigentes de la oposici\u00f3n que incluso ostentan cargos nacionales, han responsabilizado p\u00fablicamente sin ning\u00fan tipo de fundamentos a la Polic\u00eda de R\u00edo Negro y el Gobierno de la Provincia.<\/p>\n\n\n\n<p>Este tipo de actitudes, injustificables de parte de personas que tienen la responsabilidad de ocupar un cargo p\u00fablico como las autoridades del Instituto de Asuntos Ind\u00edgenas (INAI), Magdalena Odarda y Luis Pilquiman, no hacen otra cosa que generar m\u00e1s violencia en un contexto sumamente complicado donde cualquier aseveraci\u00f3n fuera de lugar puede ser el disparador para m\u00e1s hechos violentos.<\/p>\n\n\n\n<p>Escuchar a funcionarios p\u00fablicos responsabilizar al Estado no hace m\u00e1s que irritar a un sector de la sociedad golpeado por este lamentable suceso, generando m\u00e1s reacciones violentas.<\/p>\n\n\n\n<p>Es incre\u00edble la falta de responsabilidad de estas personas, que s\u00f3lo alimentan la violencia con discursos empaquetados con los que \u00fanicamente tratan de ocultar la ineficiencia en los cargos que ocupan.<\/p>\n\n\n\n<p>Nuestra sociedad no admite m\u00e1s violencia. Estamos ante un hecho delictivo sobre el cual se est\u00e1 tratando de llevar claridad para encontrar a los autores. El Gobierno de Arabela Carreras est\u00e1 y seguir\u00e1 estando a disposici\u00f3n de la Justicia para brindarle las herramientas necesarias en la b\u00fasqueda de la verdad. Ser\u00eda muy importante que toda la dirigencia pol\u00edtica, incluso la oposici\u00f3n, demuestre que est\u00e1 a la altura de las circunstancias.<\/p>\n\n\n\n<p>Fuente: Bloque JSRN<\/p>\n","protected":false},"excerpt":{"rendered":"","protected":false},"author":6,"featured_media":74648,"comment_status":"open","ping_status":"open","sticky":false,"template":"","format":"standard","meta":{"site-sidebar-layout":"default","site-content-layout":"","ast-site-content-layout":"default","site-content-style":"default","site-sidebar-style":"default","ast-global-header-display":"","ast-banner-title-visibility":"","ast-main-header-display":"","ast-hfb-above-header-display":"","ast-hfb-below-header-display":"","ast-hfb-mobile-header-display":"","site-post-title":"","ast-breadcrumbs-content":"","ast-featured-img":"","footer-sml-layout":"","ast-disable-related-posts":"","theme-transparent-header-meta":"","adv-header-id-meta":"","stick-header-meta":"","header-above-stick-meta":"","header-main-stick-meta":"","header-below-stick-meta":"","astra-migrate-meta-layouts":"default","ast-page-background-enabled":"default","ast-page-background-meta":{"desktop":{"background-color":"var(--ast-global-color-5)","background-image":"","background-repeat":"repeat","background-position":"center center","background-size":"auto","background-attachment":"scroll","background-type":"","background-media":"","overlay-type":"","overlay-color":"","overlay-opacity":"","overlay-gradient":""},"tablet":{"background-color":"","background-image":"","background-repeat":"repeat","background-position":"center center","background-size":"auto","background-attachment":"scroll","background-type":"","background-media":"","overlay-type":"","overlay-color":"","overlay-opacity":"","overlay-gradient":""},"mobile":{"background-color":"","background-image":"","background-repeat":"repeat","background-position":"center center","background-size":"auto","background-attachment":"scroll","background-type":"","background-media":"","overlay-type":"","overlay-color":"","overlay-opacity":"","overlay-gradient":""}},"ast-content-background-meta":{"desktop":{"background-color":"var(--ast-global-color-4)","background-image":"","background-repeat":"repeat","background-position":"center center","background-size":"auto","background-attachment":"scroll","background-type":"","background-media":"","overlay-type":"","overlay-color":"","overlay-opacity":"","overlay-gradient":""},"tablet":{"background-color":"var(--ast-global-color-4)","background-image":"","background-repeat":"repeat","background-position":"center center","background-size":"auto","background-attachment":"scroll","background-type":"","background-media":"","overlay-type":"","overlay-color":"","overlay-opacity":"","overlay-gradient":""},"mobile":{"background-color":"var(--ast-global-color-4)","background-image":"","background-repeat":"repeat","background-position":"center center","background-size":"auto","background-attachment":"scroll","background-type":"","background-media":"","overlay-type":"","overlay-color":"","overlay-opacity":"","overlay-gradient":""}},"footnotes":""},"categories":[11,1,13,14,10],"tags":[],"class_list":["post-74647","post","type-post","status-publish","format-standard","has-post-thumbnail","hentry","category-boletin","category-noticias","category-provinciales","category-rio-negro","category-rotador"],"yoast_head":"<!-- This site is optimized with the Yoast SEO Premium plugin v23.0 (Yoast SEO v27.5) - https:\/\/yoast.com\/product\/yoast-seo-premium-wordpress\/ -->\n<title>Parece que algunos pol\u00edticos lo \u00fanico que pretenden es generar m\u00e1s violencia<\/title>\n<meta name=\"robots\" content=\"index, follow, max-snippet:-1, max-image-preview:large, max-video-preview:-1\" \/>\n<link rel=\"canonical\" href=\"https:\/\/patagoniambiental.com.ar\/info\/parece-que-algunos-politicos-lo-unico-que-pretenden-es-generar-mas-violencia\/\" \/>\n<meta property=\"og:locale\" content=\"es_ES\" \/>\n<meta property=\"og:type\" content=\"article\" \/>\n<meta property=\"og:title\" content=\"Parece que algunos pol\u00edticos lo \u00fanico que pretenden es generar m\u00e1s violencia\" \/>\n<meta property=\"og:url\" content=\"https:\/\/patagoniambiental.com.ar\/info\/parece-que-algunos-politicos-lo-unico-que-pretenden-es-generar-mas-violencia\/\" \/>\n<meta property=\"og:site_name\" content=\"Patagonia Ambiental\" \/>\n<meta property=\"article:publisher\" content=\"https:\/\/www.facebook.com\/patagonia.ambiental\" \/>\n<meta property=\"article:published_time\" content=\"2021-11-22T23:26:24+00:00\" \/>\n<meta property=\"article:modified_time\" content=\"2021-11-22T23:26:27+00:00\" \/>\n<meta property=\"og:image\" content=\"https:\/\/patagoniambiental.com.ar\/info\/wp-content\/uploads\/2021\/11\/mapucheconflicto.jpg\" \/>\n\t<meta property=\"og:image:width\" content=\"350\" \/>\n\t<meta property=\"og:image:height\" content=\"197\" \/>\n\t<meta property=\"og:image:type\" content=\"image\/jpeg\" \/>\n<meta name=\"author\" content=\"BRAIAN ESTEVEZ\" \/>\n<meta name=\"twitter:card\" content=\"summary_large_image\" \/>\n<meta name=\"twitter:creator\" content=\"@PatAmb\" \/>\n<meta name=\"twitter:site\" content=\"@PatAmb\" \/>\n<script type=\"application\/ld+json\" class=\"yoast-schema-graph\">{\"@context\":\"https:\\\/\\\/schema.org\",\"@graph\":[{\"@type\":\"Article\",\"@id\":\"https:\\\/\\\/patagoniambiental.com.ar\\\/info\\\/parece-que-algunos-politicos-lo-unico-que-pretenden-es-generar-mas-violencia\\\/#article\",\"isPartOf\":{\"@id\":\"https:\\\/\\\/patagoniambiental.com.ar\\\/info\\\/parece-que-algunos-politicos-lo-unico-que-pretenden-es-generar-mas-violencia\\\/\"},\"author\":{\"name\":\"BRAIAN ESTEVEZ\",\"@id\":\"https:\\\/\\\/patagoniambiental.com.ar\\\/info\\\/#\\\/schema\\\/person\\\/e5af09d700b2e82cb10c6b8800e0c691\"},\"headline\":\"Parece que algunos pol\u00edticos lo \u00fanico que pretenden es generar m\u00e1s violencia\",\"datePublished\":\"2021-11-22T23:26:24+00:00\",\"dateModified\":\"2021-11-22T23:26:27+00:00\",\"mainEntityOfPage\":{\"@id\":\"https:\\\/\\\/patagoniambiental.com.ar\\\/info\\\/parece-que-algunos-politicos-lo-unico-que-pretenden-es-generar-mas-violencia\\\/\"},\"wordCount\":383,\"commentCount\":0,\"publisher\":{\"@id\":\"https:\\\/\\\/patagoniambiental.com.ar\\\/info\\\/#organization\"},\"image\":{\"@id\":\"https:\\\/\\\/patagoniambiental.com.ar\\\/info\\\/parece-que-algunos-politicos-lo-unico-que-pretenden-es-generar-mas-violencia\\\/#primaryimage\"},\"thumbnailUrl\":\"https:\\\/\\\/patagoniambiental.com.ar\\\/info\\\/wp-content\\\/uploads\\\/2021\\\/11\\\/mapucheconflicto.jpg\",\"articleSection\":[\"Bolet\u00edn\",\"Noticias\",\"Provinciales\",\"R\u00edo Negro\",\"Rotador\"],\"inLanguage\":\"es\",\"potentialAction\":[{\"@type\":\"CommentAction\",\"name\":\"Comment\",\"target\":[\"https:\\\/\\\/patagoniambiental.com.ar\\\/info\\\/parece-que-algunos-politicos-lo-unico-que-pretenden-es-generar-mas-violencia\\\/#respond\"]}]},{\"@type\":\"WebPage\",\"@id\":\"https:\\\/\\\/patagoniambiental.com.ar\\\/info\\\/parece-que-algunos-politicos-lo-unico-que-pretenden-es-generar-mas-violencia\\\/\",\"url\":\"https:\\\/\\\/patagoniambiental.com.ar\\\/info\\\/parece-que-algunos-politicos-lo-unico-que-pretenden-es-generar-mas-violencia\\\/\",\"name\":\"Parece que algunos pol\u00edticos lo \u00fanico que pretenden es generar m\u00e1s violencia\",\"isPartOf\":{\"@id\":\"https:\\\/\\\/patagoniambiental.com.ar\\\/info\\\/#website\"},\"primaryImageOfPage\":{\"@id\":\"https:\\\/\\\/patagoniambiental.com.ar\\\/info\\\/parece-que-algunos-politicos-lo-unico-que-pretenden-es-generar-mas-violencia\\\/#primaryimage\"},\"image\":{\"@id\":\"https:\\\/\\\/patagoniambiental.com.ar\\\/info\\\/parece-que-algunos-politicos-lo-unico-que-pretenden-es-generar-mas-violencia\\\/#primaryimage\"},\"thumbnailUrl\":\"https:\\\/\\\/patagoniambiental.com.ar\\\/info\\\/wp-content\\\/uploads\\\/2021\\\/11\\\/mapucheconflicto.jpg\",\"datePublished\":\"2021-11-22T23:26:24+00:00\",\"dateModified\":\"2021-11-22T23:26:27+00:00\",\"breadcrumb\":{\"@id\":\"https:\\\/\\\/patagoniambiental.com.ar\\\/info\\\/parece-que-algunos-politicos-lo-unico-que-pretenden-es-generar-mas-violencia\\\/#breadcrumb\"},\"inLanguage\":\"es\",\"potentialAction\":[{\"@type\":\"ReadAction\",\"target\":[\"https:\\\/\\\/patagoniambiental.com.ar\\\/info\\\/parece-que-algunos-politicos-lo-unico-que-pretenden-es-generar-mas-violencia\\\/\"]}]},{\"@type\":\"ImageObject\",\"inLanguage\":\"es\",\"@id\":\"https:\\\/\\\/patagoniambiental.com.ar\\\/info\\\/parece-que-algunos-politicos-lo-unico-que-pretenden-es-generar-mas-violencia\\\/#primaryimage\",\"url\":\"https:\\\/\\\/patagoniambiental.com.ar\\\/info\\\/wp-content\\\/uploads\\\/2021\\\/11\\\/mapucheconflicto.jpg\",\"contentUrl\":\"https:\\\/\\\/patagoniambiental.com.ar\\\/info\\\/wp-content\\\/uploads\\\/2021\\\/11\\\/mapucheconflicto.jpg\",\"width\":350,\"height\":197},{\"@type\":\"BreadcrumbList\",\"@id\":\"https:\\\/\\\/patagoniambiental.com.ar\\\/info\\\/parece-que-algunos-politicos-lo-unico-que-pretenden-es-generar-mas-violencia\\\/#breadcrumb\",\"itemListElement\":[{\"@type\":\"ListItem\",\"position\":1,\"name\":\"Inicio\",\"item\":\"https:\\\/\\\/patagoniambiental.com.ar\\\/info\\\/\"},{\"@type\":\"ListItem\",\"position\":2,\"name\":\"Parece que algunos pol\u00edticos lo \u00fanico que pretenden es generar m\u00e1s violencia\"}]},{\"@type\":\"WebSite\",\"@id\":\"https:\\\/\\\/patagoniambiental.com.ar\\\/info\\\/#website\",\"url\":\"https:\\\/\\\/patagoniambiental.com.ar\\\/info\\\/\",\"name\":\"Patagonia Ambiental\",\"description\":\"Monitoreo y an\u00e1lisis de la situaci\u00f3n geopol\u00edtica en el mundo y su implicancia en la Patagonia\",\"publisher\":{\"@id\":\"https:\\\/\\\/patagoniambiental.com.ar\\\/info\\\/#organization\"},\"potentialAction\":[{\"@type\":\"SearchAction\",\"target\":{\"@type\":\"EntryPoint\",\"urlTemplate\":\"https:\\\/\\\/patagoniambiental.com.ar\\\/info\\\/?s={search_term_string}\"},\"query-input\":{\"@type\":\"PropertyValueSpecification\",\"valueRequired\":true,\"valueName\":\"search_term_string\"}}],\"inLanguage\":\"es\"},{\"@type\":\"Organization\",\"@id\":\"https:\\\/\\\/patagoniambiental.com.ar\\\/info\\\/#organization\",\"name\":\"Patagonia Ambiental\",\"url\":\"https:\\\/\\\/patagoniambiental.com.ar\\\/info\\\/\",\"logo\":{\"@type\":\"ImageObject\",\"inLanguage\":\"es\",\"@id\":\"https:\\\/\\\/patagoniambiental.com.ar\\\/info\\\/#\\\/schema\\\/logo\\\/image\\\/\",\"url\":\"https:\\\/\\\/patagoniambiental.com.ar\\\/info\\\/wp-content\\\/uploads\\\/2025\\\/05\\\/LOGO-PATAGONIA-AMBIENTAL.png\",\"contentUrl\":\"https:\\\/\\\/patagoniambiental.com.ar\\\/info\\\/wp-content\\\/uploads\\\/2025\\\/05\\\/LOGO-PATAGONIA-AMBIENTAL.png\",\"width\":433,\"height\":250,\"caption\":\"Patagonia Ambiental\"},\"image\":{\"@id\":\"https:\\\/\\\/patagoniambiental.com.ar\\\/info\\\/#\\\/schema\\\/logo\\\/image\\\/\"},\"sameAs\":[\"https:\\\/\\\/www.facebook.com\\\/patagonia.ambiental\",\"https:\\\/\\\/x.com\\\/PatAmb\"]},{\"@type\":\"Person\",\"@id\":\"https:\\\/\\\/patagoniambiental.com.ar\\\/info\\\/#\\\/schema\\\/person\\\/e5af09d700b2e82cb10c6b8800e0c691\",\"name\":\"BRAIAN ESTEVEZ\",\"sameAs\":[\"http:\\\/\\\/www.patagoniambiental.com.ar\"]}]}<\/script>\n<!-- \/ Yoast SEO Premium plugin. -->","yoast_head_json":{"title":"Parece que algunos pol\u00edticos lo \u00fanico que pretenden es generar m\u00e1s violencia","robots":{"index":"index","follow":"follow","max-snippet":"max-snippet:-1","max-image-preview":"max-image-preview:large","max-video-preview":"max-video-preview:-1"},"canonical":"https:\/\/patagoniambiental.com.ar\/info\/parece-que-algunos-politicos-lo-unico-que-pretenden-es-generar-mas-violencia\/","og_locale":"es_ES","og_type":"article","og_title":"Parece que algunos pol\u00edticos lo \u00fanico que pretenden es generar m\u00e1s violencia","og_url":"https:\/\/patagoniambiental.com.ar\/info\/parece-que-algunos-politicos-lo-unico-que-pretenden-es-generar-mas-violencia\/","og_site_name":"Patagonia Ambiental","article_publisher":"https:\/\/www.facebook.com\/patagonia.ambiental","article_published_time":"2021-11-22T23:26:24+00:00","article_modified_time":"2021-11-22T23:26:27+00:00","og_image":[{"width":350,"height":197,"url":"https:\/\/patagoniambiental.com.ar\/info\/wp-content\/uploads\/2021\/11\/mapucheconflicto.jpg","type":"image\/jpeg"}],"author":"BRAIAN ESTEVEZ","twitter_card":"summary_large_image","twitter_creator":"@PatAmb","twitter_site":"@PatAmb","schema":{"@context":"https:\/\/schema.org","@graph":[{"@type":"Article","@id":"https:\/\/patagoniambiental.com.ar\/info\/parece-que-algunos-politicos-lo-unico-que-pretenden-es-generar-mas-violencia\/#article","isPartOf":{"@id":"https:\/\/patagoniambiental.com.ar\/info\/parece-que-algunos-politicos-lo-unico-que-pretenden-es-generar-mas-violencia\/"},"author":{"name":"BRAIAN ESTEVEZ","@id":"https:\/\/patagoniambiental.com.ar\/info\/#\/schema\/person\/e5af09d700b2e82cb10c6b8800e0c691"},"headline":"Parece que algunos pol\u00edticos lo \u00fanico que pretenden es generar m\u00e1s violencia","datePublished":"2021-11-22T23:26:24+00:00","dateModified":"2021-11-22T23:26:27+00:00","mainEntityOfPage":{"@id":"https:\/\/patagoniambiental.com.ar\/info\/parece-que-algunos-politicos-lo-unico-que-pretenden-es-generar-mas-violencia\/"},"wordCount":383,"commentCount":0,"publisher":{"@id":"https:\/\/patagoniambiental.com.ar\/info\/#organization"},"image":{"@id":"https:\/\/patagoniambiental.com.ar\/info\/parece-que-algunos-politicos-lo-unico-que-pretenden-es-generar-mas-violencia\/#primaryimage"},"thumbnailUrl":"https:\/\/patagoniambiental.com.ar\/info\/wp-content\/uploads\/2021\/11\/mapucheconflicto.jpg","articleSection":["Bolet\u00edn","Noticias","Provinciales","R\u00edo Negro","Rotador"],"inLanguage":"es","potentialAction":[{"@type":"CommentAction","name":"Comment","target":["https:\/\/patagoniambiental.com.ar\/info\/parece-que-algunos-politicos-lo-unico-que-pretenden-es-generar-mas-violencia\/#respond"]}]},{"@type":"WebPage","@id":"https:\/\/patagoniambiental.com.ar\/info\/parece-que-algunos-politicos-lo-unico-que-pretenden-es-generar-mas-violencia\/","url":"https:\/\/patagoniambiental.com.ar\/info\/parece-que-algunos-politicos-lo-unico-que-pretenden-es-generar-mas-violencia\/","name":"Parece que algunos pol\u00edticos lo \u00fanico que pretenden es generar m\u00e1s violencia","isPartOf":{"@id":"https:\/\/patagoniambiental.com.ar\/info\/#website"},"primaryImageOfPage":{"@id":"https:\/\/patagoniambiental.com.ar\/info\/parece-que-algunos-politicos-lo-unico-que-pretenden-es-generar-mas-violencia\/#primaryimage"},"image":{"@id":"https:\/\/patagoniambiental.com.ar\/info\/parece-que-algunos-politicos-lo-unico-que-pretenden-es-generar-mas-violencia\/#primaryimage"},"thumbnailUrl":"https:\/\/patagoniambiental.com.ar\/info\/wp-content\/uploads\/2021\/11\/mapucheconflicto.jpg","datePublished":"2021-11-22T23:26:24+00:00","dateModified":"2021-11-22T23:26:27+00:00","breadcrumb":{"@id":"https:\/\/patagoniambiental.com.ar\/info\/parece-que-algunos-politicos-lo-unico-que-pretenden-es-generar-mas-violencia\/#breadcrumb"},"inLanguage":"es","potentialAction":[{"@type":"ReadAction","target":["https:\/\/patagoniambiental.com.ar\/info\/parece-que-algunos-politicos-lo-unico-que-pretenden-es-generar-mas-violencia\/"]}]},{"@type":"ImageObject","inLanguage":"es","@id":"https:\/\/patagoniambiental.com.ar\/info\/parece-que-algunos-politicos-lo-unico-que-pretenden-es-generar-mas-violencia\/#primaryimage","url":"https:\/\/patagoniambiental.com.ar\/info\/wp-content\/uploads\/2021\/11\/mapucheconflicto.jpg","contentUrl":"https:\/\/patagoniambiental.com.ar\/info\/wp-content\/uploads\/2021\/11\/mapucheconflicto.jpg","width":350,"height":197},{"@type":"BreadcrumbList","@id":"https:\/\/patagoniambiental.com.ar\/info\/parece-que-algunos-politicos-lo-unico-que-pretenden-es-generar-mas-violencia\/#breadcrumb","itemListElement":[{"@type":"ListItem","position":1,"name":"Inicio","item":"https:\/\/patagoniambiental.com.ar\/info\/"},{"@type":"ListItem","position":2,"name":"Parece que algunos pol\u00edticos lo \u00fanico que pretenden es generar m\u00e1s violencia"}]},{"@type":"WebSite","@id":"https:\/\/patagoniambiental.com.ar\/info\/#website","url":"https:\/\/patagoniambiental.com.ar\/info\/","name":"Patagonia Ambiental","description":"Monitoreo y an\u00e1lisis de la situaci\u00f3n geopol\u00edtica en el mundo y su implicancia en la Patagonia","publisher":{"@id":"https:\/\/patagoniambiental.com.ar\/info\/#organization"},"potentialAction":[{"@type":"SearchAction","target":{"@type":"EntryPoint","urlTemplate":"https:\/\/patagoniambiental.com.ar\/info\/?s={search_term_string}"},"query-input":{"@type":"PropertyValueSpecification","valueRequired":true,"valueName":"search_term_string"}}],"inLanguage":"es"},{"@type":"Organization","@id":"https:\/\/patagoniambiental.com.ar\/info\/#organization","name":"Patagonia Ambiental","url":"https:\/\/patagoniambiental.com.ar\/info\/","logo":{"@type":"ImageObject","inLanguage":"es","@id":"https:\/\/patagoniambiental.com.ar\/info\/#\/schema\/logo\/image\/","url":"https:\/\/patagoniambiental.com.ar\/info\/wp-content\/uploads\/2025\/05\/LOGO-PATAGONIA-AMBIENTAL.png","contentUrl":"https:\/\/patagoniambiental.com.ar\/info\/wp-content\/uploads\/2025\/05\/LOGO-PATAGONIA-AMBIENTAL.png","width":433,"height":250,"caption":"Patagonia Ambiental"},"image":{"@id":"https:\/\/patagoniambiental.com.ar\/info\/#\/schema\/logo\/image\/"},"sameAs":["https:\/\/www.facebook.com\/patagonia.ambiental","https:\/\/x.com\/PatAmb"]},{"@type":"Person","@id":"https:\/\/patagoniambiental.com.ar\/info\/#\/schema\/person\/e5af09d700b2e82cb10c6b8800e0c691","name":"BRAIAN ESTEVEZ","sameAs":["http:\/\/www.patagoniambiental.com.ar"]}]}},"_links":{"self":[{"href":"https:\/\/patagoniambiental.com.ar\/info\/wp-json\/wp\/v2\/posts\/74647","targetHints":{"allow":["GET"]}}],"collection":[{"href":"https:\/\/patagoniambiental.com.ar\/info\/wp-json\/wp\/v2\/posts"}],"about":[{"href":"https:\/\/patagoniambiental.com.ar\/info\/wp-json\/wp\/v2\/types\/post"}],"author":[{"embeddable":true,"href":"https:\/\/patagoniambiental.com.ar\/info\/wp-json\/wp\/v2\/users\/6"}],"replies":[{"embeddable":true,"href":"https:\/\/patagoniambiental.com.ar\/info\/wp-json\/wp\/v2\/comments?post=74647"}],"version-history":[{"count":0,"href":"https:\/\/patagoniambiental.com.ar\/info\/wp-json\/wp\/v2\/posts\/74647\/revisions"}],"wp:featuredmedia":[{"embeddable":true,"href":"https:\/\/patagoniambiental.com.ar\/info\/wp-json\/wp\/v2\/media\/74648"}],"wp:attachment":[{"href":"https:\/\/patagoniambiental.com.ar\/info\/wp-json\/wp\/v2\/media?parent=74647"}],"wp:term":[{"taxonomy":"category","embeddable":true,"href":"https:\/\/patagoniambiental.com.ar\/info\/wp-json\/wp\/v2\/categories?post=74647"},{"taxonomy":"post_tag","embeddable":true,"href":"https:\/\/patagoniambiental.com.ar\/info\/wp-json\/wp\/v2\/tags?post=74647"}],"curies":[{"name":"wp","href":"https:\/\/api.w.org\/{rel}","templated":true}]}}