{"id":74659,"date":"2021-11-24T19:00:00","date_gmt":"2021-11-24T22:00:00","guid":{"rendered":"http:\/\/patagoniambiental.com.ar\/info\/?p=74659"},"modified":"2021-11-24T13:43:33","modified_gmt":"2021-11-24T16:43:33","slug":"mas-municipios-se-suman-al-programa-promotores-ambientales-impulsado-por-la-legislatura-y-pan-american-energy","status":"publish","type":"post","link":"https:\/\/patagoniambiental.com.ar\/info\/mas-municipios-se-suman-al-programa-promotores-ambientales-impulsado-por-la-legislatura-y-pan-american-energy\/","title":{"rendered":"M\u00e1s municipios se suman al programa \u00abPromotores Ambientales\u00bb impulsado por la Legislatura y Pan American Energy"},"content":{"rendered":"\n<!--more-->\n\n\n\n<p>El vicegobernador de la provincia, Marcos Koopman, firm\u00f3 un convenio con Pan American Energy y Amigos de la Patagonia para ampliar el enlace del programa de cuidado ambiental a once nuevos municipios a los ya incluidos.<\/p>\n\n\n\n<figure class=\"wp-block-image\"><img decoding=\"async\" src=\"https:\/\/www.neuquenalinstante.com.ar\/uploads\/imagenes\/repositorio\/2021\/11\/24\/30284\/20211124103353a60a08a92381c40e9fa218bf23334f57_med.jpg\" alt=\"M\u00e1s municipios se suman al programa \"\/><\/figure>\n\n\n\n<p>https:\/\/www.facebook.com\/v2.0\/plugins\/like.php?action=like&amp;app_id=&amp;channel=https%3A%2F%2Fstaticxx.facebook.com%2Fx%2Fconnect%2Fxd_arbiter%2F%3Fversion%3D46%23cb%3Df17cfc0257f0f4%26domain%3Dwww.neuquenalinstante.com.ar%26is_canvas%3Dfalse%26origin%3Dhttps%253A%252F%252Fwww.neuquenalinstante.com.ar%252Ff3cce56fd6a9264%26relation%3Dparent.parent&amp;container_width=265&amp;href=https%3A%2F%2Fwww.neuquenalinstante.com.ar%2Fnoticias%2F2021%2F11%2F24%2F88796-&amp;layout=button_count&amp;locale=es_LA&amp;sdk=joey&amp;share=false&amp;show_faces=false&amp;width=100https:\/\/platform.twitter.com\/widgets\/tweet_button.a53eecb4584348a2ad32ec2ae21f6eae.en.html#dnt=false&amp;id=twitter-widget-0&amp;lang=en&amp;original_referer=https%3A%2F%2Fwww.neuquenalinstante.com.ar%2Fnoticias%2F2021%2F11%2F24%2F88796-mas-municipios-se-suman-al-programa-promotores-ambientales-impulsado-por-la-legislatura-y-pan-american-energy&amp;size=m&amp;text=M%C3%A1s%20municipios%20se%20suman%20al%20programa%20%22Promotores%20Ambientales%22%20impulsado%20por%20la%20Legislatura%20y%20Pan%20American%20Energy%20%7C%20Neuqu%C3%A9n%20al%20Instante&amp;time=1637771343309&amp;type=share&amp;url=https%3A%2F%2Fwww.neuquenalinstante.com.ar%2Fnoticias%2F2021%2F11%2F24%2F88796-mas-municipios-se-suman-al-programa-promotores-ambientales-impulsado-por-la-legislatura-y-pan-american-energyhttps:\/\/apis.google.com\/u\/0\/se\/0\/_\/+1\/fastbutton?usegapi=1&amp;hl=es&amp;origin=https%3A%2F%2Fwww.neuquenalinstante.com.ar&amp;url=https%3A%2F%2Fwww.neuquenalinstante.com.ar%2Fnoticias%2F2021%2F11%2F24%2F88796-mas-municipios-se-suman-al-programa-promotores-ambientales-impulsado-por-la-legislatura-y-pan-american-energy&amp;gsrc=3p&amp;ic=1&amp;jsh=m%3B%2F_%2Fscs%2Fapps-static%2F_%2Fjs%2Fk%3Doz.gapi.es_419.KkJI4Om82sk.O%2Fam%3DAQ%2Fd%3D1%2Frs%3DAGLTcCNR8u8pnoNopU_9JbYiuIesPI7Jzw%2Fm%3D__features__#_methods=onPlusOne%2C_ready%2C_close%2C_open%2C_resizeMe%2C_renderstart%2Concircled%2Cdrefresh%2Cerefresh%2Conload&amp;id=I0_1637771330736&amp;_gfid=I0_1637771330736&amp;parent=https%3A%2F%2Fwww.neuquenalinstante.com.ar&amp;pfname=&amp;rpctoken=24538553&nbsp;Autor :&nbsp;<strong>Foto: Legislatura del Neuqu\u00e9n<\/strong><\/p>\n\n\n\n<p>El vicegobernador Marcos Koopmann firm\u00f3 un convenio con Pan American Energy y Amigos de la Patagonia para ampliar el alcance del programa \u201cPromotores Ambientales\u201d a once municipios. A los ya incluidos, &#8211; Neuqu\u00e9n capital, Zapala, Centenario y San Mart\u00edn de los Andes-, se sumar\u00e1n San Patricio del Cha\u00f1ar, A\u00f1elo, Chos Malal, Alumin\u00e9, Villa Pehuenia, Villa La Angostura y Caviahue.&nbsp;<\/p>\n\n\n\n<p>A partir de un proyecto en conjunto entre la Legislatura, Pan American Energy (PAE) y la Asociaci\u00f3n Amigos de la Patagonia, once municipios de toda la provincia trabajar\u00e1n de manera coordinada en pol\u00edticas p\u00fablicas que buscan mejorar el cuidado del ambiente.<\/p>\n\n\n\n<figure class=\"wp-block-image\"><img decoding=\"async\" src=\"https:\/\/www.legislaturaneuquen.gob.ar\/SVRFILES\/Prensa\/Fotos\/16739PHOTO-2021-11-23-13-15-02.jpg\" alt=\"Name01\"\/><\/figure>\n\n\n\n<p>Se trata del programa \u201cPromotores Ambientales\u201d que busca implementar una serie de iniciativas destinadas a la preservaci\u00f3n ambiental, la sustentabilidad, la correcta gesti\u00f3n de los residuos y la generaci\u00f3n de conciencia en distintos municipios de la provincia. Su objetivo es potenciar una red de referentes comunitarios sobre la base de la econom\u00eda circular para la puesta en pr\u00e1ctica de programas de prevenci\u00f3n ambiental en diferentes \u00e1mbitos: educativo, familiar, y comunitario.<\/p>\n\n\n\n<p>El programa, iniciado en agosto de 2020, ya alcanz\u00f3 importantes resultados. Durante el \u00faltimo a\u00f1o, se capacit\u00f3 a m\u00e1s de 300 referentes vecinales y se instalaron cuatro Ecopuntos que lograron recuperar m\u00e1s de 20.000 kilos de residuos reciclables en solo tres meses. Adem\u00e1s, casi 50.000 turistas fueron concientizados en cuidado ambiental y turismo responsable.<\/p>\n\n\n\n<p><strong><a href=\"http:\/\/energia.news\/contenido\/970\/mas-municipios-se-suman-al-programa-promotores-ambientales-impulsado-por-la-legi\">Lee la nota completa en Energ\u00eda.News<\/a><\/strong><\/p>\n\n\n\n<p>Neuqu\u00e9n Al Instante<\/p>\n","protected":false},"excerpt":{"rendered":"","protected":false},"author":6,"featured_media":74660,"comment_status":"open","ping_status":"open","sticky":false,"template":"","format":"standard","meta":{"site-sidebar-layout":"default","site-content-layout":"","ast-site-content-layout":"default","site-content-style":"default","site-sidebar-style":"default","ast-global-header-display":"","ast-banner-title-visibility":"","ast-main-header-display":"","ast-hfb-above-header-display":"","ast-hfb-below-header-display":"","ast-hfb-mobile-header-display":"","site-post-title":"","ast-breadcrumbs-content":"","ast-featured-img":"","footer-sml-layout":"","ast-disable-related-posts":"","theme-transparent-header-meta":"","adv-header-id-meta":"","stick-header-meta":"","header-above-stick-meta":"","header-main-stick-meta":"","header-below-stick-meta":"","astra-migrate-meta-layouts":"default","ast-page-background-enabled":"default","ast-page-background-meta":{"desktop":{"background-color":"var(--ast-global-color-5)","background-image":"","background-repeat":"repeat","background-position":"center center","background-size":"auto","background-attachment":"scroll","background-type":"","background-media":"","overlay-type":"","overlay-color":"","overlay-opacity":"","overlay-gradient":""},"tablet":{"background-color":"","background-image":"","background-repeat":"repeat","background-position":"center center","background-size":"auto","background-attachment":"scroll","background-type":"","background-media":"","overlay-type":"","overlay-color":"","overlay-opacity":"","overlay-gradient":""},"mobile":{"background-color":"","background-image":"","background-repeat":"repeat","background-position":"center center","background-size":"auto","background-attachment":"scroll","background-type":"","background-media":"","overlay-type":"","overlay-color":"","overlay-opacity":"","overlay-gradient":""}},"ast-content-background-meta":{"desktop":{"background-color":"var(--ast-global-color-4)","background-image":"","background-repeat":"repeat","background-position":"center center","background-size":"auto","background-attachment":"scroll","background-type":"","background-media":"","overlay-type":"","overlay-color":"","overlay-opacity":"","overlay-gradient":""},"tablet":{"background-color":"var(--ast-global-color-4)","background-image":"","background-repeat":"repeat","background-position":"center center","background-size":"auto","background-attachment":"scroll","background-type":"","background-media":"","overlay-type":"","overlay-color":"","overlay-opacity":"","overlay-gradient":""},"mobile":{"background-color":"var(--ast-global-color-4)","background-image":"","background-repeat":"repeat","background-position":"center center","background-size":"auto","background-attachment":"scroll","background-type":"","background-media":"","overlay-type":"","overlay-color":"","overlay-opacity":"","overlay-gradient":""}},"footnotes":""},"categories":[16,18,1],"tags":[],"class_list":["post-74659","post","type-post","status-publish","format-standard","has-post-thumbnail","hentry","category-municipales","category-neuquen","category-noticias"],"yoast_head":"<!-- This site is optimized with the Yoast SEO Premium plugin v23.0 (Yoast SEO v27.5) - https:\/\/yoast.com\/product\/yoast-seo-premium-wordpress\/ -->\n<title>M\u00e1s municipios se suman al programa &quot;Promotores Ambientales&quot; impulsado por la Legislatura y Pan American Energy<\/title>\n<meta name=\"robots\" content=\"index, follow, max-snippet:-1, max-image-preview:large, max-video-preview:-1\" \/>\n<link rel=\"canonical\" href=\"https:\/\/patagoniambiental.com.ar\/info\/mas-municipios-se-suman-al-programa-promotores-ambientales-impulsado-por-la-legislatura-y-pan-american-energy\/\" \/>\n<meta property=\"og:locale\" content=\"es_ES\" \/>\n<meta property=\"og:type\" content=\"article\" \/>\n<meta property=\"og:title\" content=\"M\u00e1s municipios se suman al programa &quot;Promotores Ambientales&quot; impulsado por la Legislatura y Pan American Energy\" \/>\n<meta property=\"og:url\" content=\"https:\/\/patagoniambiental.com.ar\/info\/mas-municipios-se-suman-al-programa-promotores-ambientales-impulsado-por-la-legislatura-y-pan-american-energy\/\" \/>\n<meta property=\"og:site_name\" content=\"Patagonia Ambiental\" \/>\n<meta property=\"article:publisher\" content=\"https:\/\/www.facebook.com\/patagonia.ambiental\" \/>\n<meta property=\"article:published_time\" content=\"2021-11-24T22:00:00+00:00\" \/>\n<meta property=\"og:image\" content=\"https:\/\/patagoniambiental.com.ar\/info\/wp-content\/uploads\/2021\/11\/20211124103353a60a08a92381c40e9fa218bf23334f57_med-1.jpg\" \/>\n\t<meta property=\"og:image:width\" content=\"800\" \/>\n\t<meta property=\"og:image:height\" content=\"533\" \/>\n\t<meta property=\"og:image:type\" content=\"image\/jpeg\" \/>\n<meta name=\"author\" content=\"BRAIAN ESTEVEZ\" \/>\n<meta name=\"twitter:card\" content=\"summary_large_image\" \/>\n<meta name=\"twitter:creator\" content=\"@PatAmb\" \/>\n<meta name=\"twitter:site\" content=\"@PatAmb\" \/>\n<script type=\"application\/ld+json\" class=\"yoast-schema-graph\">{\"@context\":\"https:\\\/\\\/schema.org\",\"@graph\":[{\"@type\":\"Article\",\"@id\":\"https:\\\/\\\/patagoniambiental.com.ar\\\/info\\\/mas-municipios-se-suman-al-programa-promotores-ambientales-impulsado-por-la-legislatura-y-pan-american-energy\\\/#article\",\"isPartOf\":{\"@id\":\"https:\\\/\\\/patagoniambiental.com.ar\\\/info\\\/mas-municipios-se-suman-al-programa-promotores-ambientales-impulsado-por-la-legislatura-y-pan-american-energy\\\/\"},\"author\":{\"name\":\"BRAIAN ESTEVEZ\",\"@id\":\"https:\\\/\\\/patagoniambiental.com.ar\\\/info\\\/#\\\/schema\\\/person\\\/e5af09d700b2e82cb10c6b8800e0c691\"},\"headline\":\"M\u00e1s municipios se suman al programa \u00abPromotores Ambientales\u00bb impulsado por la Legislatura y Pan American Energy\",\"datePublished\":\"2021-11-24T22:00:00+00:00\",\"mainEntityOfPage\":{\"@id\":\"https:\\\/\\\/patagoniambiental.com.ar\\\/info\\\/mas-municipios-se-suman-al-programa-promotores-ambientales-impulsado-por-la-legislatura-y-pan-american-energy\\\/\"},\"wordCount\":603,\"commentCount\":0,\"publisher\":{\"@id\":\"https:\\\/\\\/patagoniambiental.com.ar\\\/info\\\/#organization\"},\"image\":{\"@id\":\"https:\\\/\\\/patagoniambiental.com.ar\\\/info\\\/mas-municipios-se-suman-al-programa-promotores-ambientales-impulsado-por-la-legislatura-y-pan-american-energy\\\/#primaryimage\"},\"thumbnailUrl\":\"https:\\\/\\\/patagoniambiental.com.ar\\\/info\\\/wp-content\\\/uploads\\\/2021\\\/11\\\/20211124103353a60a08a92381c40e9fa218bf23334f57_med-1.jpg\",\"articleSection\":[\"Municipales\",\"Neuqu\u00e9n\",\"Noticias\"],\"inLanguage\":\"es\",\"potentialAction\":[{\"@type\":\"CommentAction\",\"name\":\"Comment\",\"target\":[\"https:\\\/\\\/patagoniambiental.com.ar\\\/info\\\/mas-municipios-se-suman-al-programa-promotores-ambientales-impulsado-por-la-legislatura-y-pan-american-energy\\\/#respond\"]}]},{\"@type\":\"WebPage\",\"@id\":\"https:\\\/\\\/patagoniambiental.com.ar\\\/info\\\/mas-municipios-se-suman-al-programa-promotores-ambientales-impulsado-por-la-legislatura-y-pan-american-energy\\\/\",\"url\":\"https:\\\/\\\/patagoniambiental.com.ar\\\/info\\\/mas-municipios-se-suman-al-programa-promotores-ambientales-impulsado-por-la-legislatura-y-pan-american-energy\\\/\",\"name\":\"M\u00e1s municipios se suman al programa \\\"Promotores Ambientales\\\" impulsado por la Legislatura y Pan American Energy\",\"isPartOf\":{\"@id\":\"https:\\\/\\\/patagoniambiental.com.ar\\\/info\\\/#website\"},\"primaryImageOfPage\":{\"@id\":\"https:\\\/\\\/patagoniambiental.com.ar\\\/info\\\/mas-municipios-se-suman-al-programa-promotores-ambientales-impulsado-por-la-legislatura-y-pan-american-energy\\\/#primaryimage\"},\"image\":{\"@id\":\"https:\\\/\\\/patagoniambiental.com.ar\\\/info\\\/mas-municipios-se-suman-al-programa-promotores-ambientales-impulsado-por-la-legislatura-y-pan-american-energy\\\/#primaryimage\"},\"thumbnailUrl\":\"https:\\\/\\\/patagoniambiental.com.ar\\\/info\\\/wp-content\\\/uploads\\\/2021\\\/11\\\/20211124103353a60a08a92381c40e9fa218bf23334f57_med-1.jpg\",\"datePublished\":\"2021-11-24T22:00:00+00:00\",\"breadcrumb\":{\"@id\":\"https:\\\/\\\/patagoniambiental.com.ar\\\/info\\\/mas-municipios-se-suman-al-programa-promotores-ambientales-impulsado-por-la-legislatura-y-pan-american-energy\\\/#breadcrumb\"},\"inLanguage\":\"es\",\"potentialAction\":[{\"@type\":\"ReadAction\",\"target\":[\"https:\\\/\\\/patagoniambiental.com.ar\\\/info\\\/mas-municipios-se-suman-al-programa-promotores-ambientales-impulsado-por-la-legislatura-y-pan-american-energy\\\/\"]}]},{\"@type\":\"ImageObject\",\"inLanguage\":\"es\",\"@id\":\"https:\\\/\\\/patagoniambiental.com.ar\\\/info\\\/mas-municipios-se-suman-al-programa-promotores-ambientales-impulsado-por-la-legislatura-y-pan-american-energy\\\/#primaryimage\",\"url\":\"https:\\\/\\\/patagoniambiental.com.ar\\\/info\\\/wp-content\\\/uploads\\\/2021\\\/11\\\/20211124103353a60a08a92381c40e9fa218bf23334f57_med-1.jpg\",\"contentUrl\":\"https:\\\/\\\/patagoniambiental.com.ar\\\/info\\\/wp-content\\\/uploads\\\/2021\\\/11\\\/20211124103353a60a08a92381c40e9fa218bf23334f57_med-1.jpg\",\"width\":800,\"height\":533},{\"@type\":\"BreadcrumbList\",\"@id\":\"https:\\\/\\\/patagoniambiental.com.ar\\\/info\\\/mas-municipios-se-suman-al-programa-promotores-ambientales-impulsado-por-la-legislatura-y-pan-american-energy\\\/#breadcrumb\",\"itemListElement\":[{\"@type\":\"ListItem\",\"position\":1,\"name\":\"Inicio\",\"item\":\"https:\\\/\\\/patagoniambiental.com.ar\\\/info\\\/\"},{\"@type\":\"ListItem\",\"position\":2,\"name\":\"M\u00e1s municipios se suman al programa \u00abPromotores Ambientales\u00bb impulsado por la Legislatura y Pan American Energy\"}]},{\"@type\":\"WebSite\",\"@id\":\"https:\\\/\\\/patagoniambiental.com.ar\\\/info\\\/#website\",\"url\":\"https:\\\/\\\/patagoniambiental.com.ar\\\/info\\\/\",\"name\":\"Patagonia Ambiental\",\"description\":\"Monitoreo y an\u00e1lisis de la situaci\u00f3n geopol\u00edtica en el mundo y su implicancia en la Patagonia\",\"publisher\":{\"@id\":\"https:\\\/\\\/patagoniambiental.com.ar\\\/info\\\/#organization\"},\"potentialAction\":[{\"@type\":\"SearchAction\",\"target\":{\"@type\":\"EntryPoint\",\"urlTemplate\":\"https:\\\/\\\/patagoniambiental.com.ar\\\/info\\\/?s={search_term_string}\"},\"query-input\":{\"@type\":\"PropertyValueSpecification\",\"valueRequired\":true,\"valueName\":\"search_term_string\"}}],\"inLanguage\":\"es\"},{\"@type\":\"Organization\",\"@id\":\"https:\\\/\\\/patagoniambiental.com.ar\\\/info\\\/#organization\",\"name\":\"Patagonia Ambiental\",\"url\":\"https:\\\/\\\/patagoniambiental.com.ar\\\/info\\\/\",\"logo\":{\"@type\":\"ImageObject\",\"inLanguage\":\"es\",\"@id\":\"https:\\\/\\\/patagoniambiental.com.ar\\\/info\\\/#\\\/schema\\\/logo\\\/image\\\/\",\"url\":\"https:\\\/\\\/patagoniambiental.com.ar\\\/info\\\/wp-content\\\/uploads\\\/2025\\\/05\\\/LOGO-PATAGONIA-AMBIENTAL.png\",\"contentUrl\":\"https:\\\/\\\/patagoniambiental.com.ar\\\/info\\\/wp-content\\\/uploads\\\/2025\\\/05\\\/LOGO-PATAGONIA-AMBIENTAL.png\",\"width\":433,\"height\":250,\"caption\":\"Patagonia Ambiental\"},\"image\":{\"@id\":\"https:\\\/\\\/patagoniambiental.com.ar\\\/info\\\/#\\\/schema\\\/logo\\\/image\\\/\"},\"sameAs\":[\"https:\\\/\\\/www.facebook.com\\\/patagonia.ambiental\",\"https:\\\/\\\/x.com\\\/PatAmb\"]},{\"@type\":\"Person\",\"@id\":\"https:\\\/\\\/patagoniambiental.com.ar\\\/info\\\/#\\\/schema\\\/person\\\/e5af09d700b2e82cb10c6b8800e0c691\",\"name\":\"BRAIAN ESTEVEZ\",\"sameAs\":[\"http:\\\/\\\/www.patagoniambiental.com.ar\"]}]}<\/script>\n<!-- \/ Yoast SEO Premium plugin. -->","yoast_head_json":{"title":"M\u00e1s municipios se suman al programa \"Promotores Ambientales\" impulsado por la Legislatura y Pan American Energy","robots":{"index":"index","follow":"follow","max-snippet":"max-snippet:-1","max-image-preview":"max-image-preview:large","max-video-preview":"max-video-preview:-1"},"canonical":"https:\/\/patagoniambiental.com.ar\/info\/mas-municipios-se-suman-al-programa-promotores-ambientales-impulsado-por-la-legislatura-y-pan-american-energy\/","og_locale":"es_ES","og_type":"article","og_title":"M\u00e1s municipios se suman al programa \"Promotores Ambientales\" impulsado por la Legislatura y Pan American Energy","og_url":"https:\/\/patagoniambiental.com.ar\/info\/mas-municipios-se-suman-al-programa-promotores-ambientales-impulsado-por-la-legislatura-y-pan-american-energy\/","og_site_name":"Patagonia Ambiental","article_publisher":"https:\/\/www.facebook.com\/patagonia.ambiental","article_published_time":"2021-11-24T22:00:00+00:00","og_image":[{"width":800,"height":533,"url":"https:\/\/patagoniambiental.com.ar\/info\/wp-content\/uploads\/2021\/11\/20211124103353a60a08a92381c40e9fa218bf23334f57_med-1.jpg","type":"image\/jpeg"}],"author":"BRAIAN ESTEVEZ","twitter_card":"summary_large_image","twitter_creator":"@PatAmb","twitter_site":"@PatAmb","schema":{"@context":"https:\/\/schema.org","@graph":[{"@type":"Article","@id":"https:\/\/patagoniambiental.com.ar\/info\/mas-municipios-se-suman-al-programa-promotores-ambientales-impulsado-por-la-legislatura-y-pan-american-energy\/#article","isPartOf":{"@id":"https:\/\/patagoniambiental.com.ar\/info\/mas-municipios-se-suman-al-programa-promotores-ambientales-impulsado-por-la-legislatura-y-pan-american-energy\/"},"author":{"name":"BRAIAN ESTEVEZ","@id":"https:\/\/patagoniambiental.com.ar\/info\/#\/schema\/person\/e5af09d700b2e82cb10c6b8800e0c691"},"headline":"M\u00e1s municipios se suman al programa \u00abPromotores Ambientales\u00bb impulsado por la Legislatura y Pan American Energy","datePublished":"2021-11-24T22:00:00+00:00","mainEntityOfPage":{"@id":"https:\/\/patagoniambiental.com.ar\/info\/mas-municipios-se-suman-al-programa-promotores-ambientales-impulsado-por-la-legislatura-y-pan-american-energy\/"},"wordCount":603,"commentCount":0,"publisher":{"@id":"https:\/\/patagoniambiental.com.ar\/info\/#organization"},"image":{"@id":"https:\/\/patagoniambiental.com.ar\/info\/mas-municipios-se-suman-al-programa-promotores-ambientales-impulsado-por-la-legislatura-y-pan-american-energy\/#primaryimage"},"thumbnailUrl":"https:\/\/patagoniambiental.com.ar\/info\/wp-content\/uploads\/2021\/11\/20211124103353a60a08a92381c40e9fa218bf23334f57_med-1.jpg","articleSection":["Municipales","Neuqu\u00e9n","Noticias"],"inLanguage":"es","potentialAction":[{"@type":"CommentAction","name":"Comment","target":["https:\/\/patagoniambiental.com.ar\/info\/mas-municipios-se-suman-al-programa-promotores-ambientales-impulsado-por-la-legislatura-y-pan-american-energy\/#respond"]}]},{"@type":"WebPage","@id":"https:\/\/patagoniambiental.com.ar\/info\/mas-municipios-se-suman-al-programa-promotores-ambientales-impulsado-por-la-legislatura-y-pan-american-energy\/","url":"https:\/\/patagoniambiental.com.ar\/info\/mas-municipios-se-suman-al-programa-promotores-ambientales-impulsado-por-la-legislatura-y-pan-american-energy\/","name":"M\u00e1s municipios se suman al programa \"Promotores Ambientales\" impulsado por la Legislatura y Pan American Energy","isPartOf":{"@id":"https:\/\/patagoniambiental.com.ar\/info\/#website"},"primaryImageOfPage":{"@id":"https:\/\/patagoniambiental.com.ar\/info\/mas-municipios-se-suman-al-programa-promotores-ambientales-impulsado-por-la-legislatura-y-pan-american-energy\/#primaryimage"},"image":{"@id":"https:\/\/patagoniambiental.com.ar\/info\/mas-municipios-se-suman-al-programa-promotores-ambientales-impulsado-por-la-legislatura-y-pan-american-energy\/#primaryimage"},"thumbnailUrl":"https:\/\/patagoniambiental.com.ar\/info\/wp-content\/uploads\/2021\/11\/20211124103353a60a08a92381c40e9fa218bf23334f57_med-1.jpg","datePublished":"2021-11-24T22:00:00+00:00","breadcrumb":{"@id":"https:\/\/patagoniambiental.com.ar\/info\/mas-municipios-se-suman-al-programa-promotores-ambientales-impulsado-por-la-legislatura-y-pan-american-energy\/#breadcrumb"},"inLanguage":"es","potentialAction":[{"@type":"ReadAction","target":["https:\/\/patagoniambiental.com.ar\/info\/mas-municipios-se-suman-al-programa-promotores-ambientales-impulsado-por-la-legislatura-y-pan-american-energy\/"]}]},{"@type":"ImageObject","inLanguage":"es","@id":"https:\/\/patagoniambiental.com.ar\/info\/mas-municipios-se-suman-al-programa-promotores-ambientales-impulsado-por-la-legislatura-y-pan-american-energy\/#primaryimage","url":"https:\/\/patagoniambiental.com.ar\/info\/wp-content\/uploads\/2021\/11\/20211124103353a60a08a92381c40e9fa218bf23334f57_med-1.jpg","contentUrl":"https:\/\/patagoniambiental.com.ar\/info\/wp-content\/uploads\/2021\/11\/20211124103353a60a08a92381c40e9fa218bf23334f57_med-1.jpg","width":800,"height":533},{"@type":"BreadcrumbList","@id":"https:\/\/patagoniambiental.com.ar\/info\/mas-municipios-se-suman-al-programa-promotores-ambientales-impulsado-por-la-legislatura-y-pan-american-energy\/#breadcrumb","itemListElement":[{"@type":"ListItem","position":1,"name":"Inicio","item":"https:\/\/patagoniambiental.com.ar\/info\/"},{"@type":"ListItem","position":2,"name":"M\u00e1s municipios se suman al programa \u00abPromotores Ambientales\u00bb impulsado por la Legislatura y Pan American Energy"}]},{"@type":"WebSite","@id":"https:\/\/patagoniambiental.com.ar\/info\/#website","url":"https:\/\/patagoniambiental.com.ar\/info\/","name":"Patagonia Ambiental","description":"Monitoreo y an\u00e1lisis de la situaci\u00f3n geopol\u00edtica en el mundo y su implicancia en la Patagonia","publisher":{"@id":"https:\/\/patagoniambiental.com.ar\/info\/#organization"},"potentialAction":[{"@type":"SearchAction","target":{"@type":"EntryPoint","urlTemplate":"https:\/\/patagoniambiental.com.ar\/info\/?s={search_term_string}"},"query-input":{"@type":"PropertyValueSpecification","valueRequired":true,"valueName":"search_term_string"}}],"inLanguage":"es"},{"@type":"Organization","@id":"https:\/\/patagoniambiental.com.ar\/info\/#organization","name":"Patagonia Ambiental","url":"https:\/\/patagoniambiental.com.ar\/info\/","logo":{"@type":"ImageObject","inLanguage":"es","@id":"https:\/\/patagoniambiental.com.ar\/info\/#\/schema\/logo\/image\/","url":"https:\/\/patagoniambiental.com.ar\/info\/wp-content\/uploads\/2025\/05\/LOGO-PATAGONIA-AMBIENTAL.png","contentUrl":"https:\/\/patagoniambiental.com.ar\/info\/wp-content\/uploads\/2025\/05\/LOGO-PATAGONIA-AMBIENTAL.png","width":433,"height":250,"caption":"Patagonia Ambiental"},"image":{"@id":"https:\/\/patagoniambiental.com.ar\/info\/#\/schema\/logo\/image\/"},"sameAs":["https:\/\/www.facebook.com\/patagonia.ambiental","https:\/\/x.com\/PatAmb"]},{"@type":"Person","@id":"https:\/\/patagoniambiental.com.ar\/info\/#\/schema\/person\/e5af09d700b2e82cb10c6b8800e0c691","name":"BRAIAN ESTEVEZ","sameAs":["http:\/\/www.patagoniambiental.com.ar"]}]}},"_links":{"self":[{"href":"https:\/\/patagoniambiental.com.ar\/info\/wp-json\/wp\/v2\/posts\/74659","targetHints":{"allow":["GET"]}}],"collection":[{"href":"https:\/\/patagoniambiental.com.ar\/info\/wp-json\/wp\/v2\/posts"}],"about":[{"href":"https:\/\/patagoniambiental.com.ar\/info\/wp-json\/wp\/v2\/types\/post"}],"author":[{"embeddable":true,"href":"https:\/\/patagoniambiental.com.ar\/info\/wp-json\/wp\/v2\/users\/6"}],"replies":[{"embeddable":true,"href":"https:\/\/patagoniambiental.com.ar\/info\/wp-json\/wp\/v2\/comments?post=74659"}],"version-history":[{"count":0,"href":"https:\/\/patagoniambiental.com.ar\/info\/wp-json\/wp\/v2\/posts\/74659\/revisions"}],"wp:featuredmedia":[{"embeddable":true,"href":"https:\/\/patagoniambiental.com.ar\/info\/wp-json\/wp\/v2\/media\/74660"}],"wp:attachment":[{"href":"https:\/\/patagoniambiental.com.ar\/info\/wp-json\/wp\/v2\/media?parent=74659"}],"wp:term":[{"taxonomy":"category","embeddable":true,"href":"https:\/\/patagoniambiental.com.ar\/info\/wp-json\/wp\/v2\/categories?post=74659"},{"taxonomy":"post_tag","embeddable":true,"href":"https:\/\/patagoniambiental.com.ar\/info\/wp-json\/wp\/v2\/tags?post=74659"}],"curies":[{"name":"wp","href":"https:\/\/api.w.org\/{rel}","templated":true}]}}