{"id":74678,"date":"2021-11-26T19:35:44","date_gmt":"2021-11-26T22:35:44","guid":{"rendered":"http:\/\/patagoniambiental.com.ar\/info\/?p=74678"},"modified":"2021-11-26T19:35:47","modified_gmt":"2021-11-26T22:35:47","slug":"referentes-legislativos-participaron-de-la-presentacion-del-proyecto-de-hidrogeno-verde","status":"publish","type":"post","link":"https:\/\/patagoniambiental.com.ar\/info\/referentes-legislativos-participaron-de-la-presentacion-del-proyecto-de-hidrogeno-verde\/","title":{"rendered":"Referentes legislativos participaron de la presentaci\u00f3n del proyecto de hidr\u00f3geno verde"},"content":{"rendered":"\n<!--more-->\n\n\n\n<p>Encabezado por la gobernadora Arabela Carreras, junto al ministro de Desarrollo Productivo de la Naci\u00f3n, Mat\u00edas Kulfas y la CEO de la empresa internacional Fortescue Future Industries, Julie Shuttleworth, se realiz\u00f3 esta ma\u00f1ana la presentaci\u00f3n del proyecto de inversi\u00f3n que llevar\u00e1 adelante la firma australiana para la producci\u00f3n de hidr\u00f3geno verde en R\u00edo Negro.<\/p>\n\n\n\n<hr class=\"wp-block-separator\"\/>\n\n\n\n<p>El acto desarrollado en el Sal\u00f3n Gris de Casa de Gobierno, cont\u00f3 con la presencia del Vicegobernador de la provincia, Alejandro Palmieri, y los presidente de los bloques que conforman la Legislatura rionegrina, Maria Eugenia Martini (Frente de Todos), Facundo L\u00f3pez (Juntos Somos R\u00edo Negro) y Nicol\u00e1s Rochas (Frente Renovador).<\/p>\n\n\n\n<p>\u201cEl proyecto de producir Hidr\u00f3geno Verde en R\u00edo Negro es de avanzada, no solo para la provincia o el pa\u00eds, sino a nivel mundial. Por eso se requiere que actuemos dando pasos firmes y cautelosos, porque se requiere integrar a la comunidad y apoyo de todos los niveles de gobierno, pero sobre todo una legislaci\u00f3n provincial y nacional que contemple esta forma de generar energ\u00eda, las inversiones y las exportaciones\u201d, destac\u00f3 tras el acto Palmieri.<\/p>\n\n\n\n<p>\u201cEs algo nuevo para todos, pero ya llevamos un a\u00f1o de trabajo. Ahora viene la etapa de medir los vientos, para determinar d\u00f3nde van los parques e\u00f3licos para generar energ\u00eda limpia\u201d, finaliz\u00f3 el parlamentario.<\/p>\n\n\n\n<p>Por su parte Martini se\u00f1al\u00f3 que \u201cparticipamos de un anuncio importante para la provincia de R\u00edo Negro y el pa\u00eds. Es una alegr\u00eda para nuestro compa\u00f1ero intendente Renzo Tamburrini, por las fuentes de trabajo que va a generar\u201d.<\/p>\n\n\n\n<p>Por \u00faltimo, Rochas destac\u00f3: \u201cEn una \u00e9poca en la que la provincia y el pa\u00eds m\u00e1s lo necesita, se\u00f1ales de inversi\u00f3n del extranjero que vienen a intervenir en la provincia nos llena de optimismo\u201d.<\/p>\n\n\n\n<p>Fuente: https:\/\/web.legisrn.gov.ar\/comunicacion\/referentes-legislativos-participaron-de-la-presentacion-del-proyecto-de-hidrogeno-verde<\/p>\n","protected":false},"excerpt":{"rendered":"","protected":false},"author":6,"featured_media":74679,"comment_status":"open","ping_status":"open","sticky":false,"template":"","format":"standard","meta":{"site-sidebar-layout":"default","site-content-layout":"","ast-site-content-layout":"default","site-content-style":"default","site-sidebar-style":"default","ast-global-header-display":"","ast-banner-title-visibility":"","ast-main-header-display":"","ast-hfb-above-header-display":"","ast-hfb-below-header-display":"","ast-hfb-mobile-header-display":"","site-post-title":"","ast-breadcrumbs-content":"","ast-featured-img":"","footer-sml-layout":"","ast-disable-related-posts":"","theme-transparent-header-meta":"","adv-header-id-meta":"","stick-header-meta":"","header-above-stick-meta":"","header-main-stick-meta":"","header-below-stick-meta":"","astra-migrate-meta-layouts":"default","ast-page-background-enabled":"default","ast-page-background-meta":{"desktop":{"background-color":"var(--ast-global-color-5)","background-image":"","background-repeat":"repeat","background-position":"center center","background-size":"auto","background-attachment":"scroll","background-type":"","background-media":"","overlay-type":"","overlay-color":"","overlay-opacity":"","overlay-gradient":""},"tablet":{"background-color":"","background-image":"","background-repeat":"repeat","background-position":"center center","background-size":"auto","background-attachment":"scroll","background-type":"","background-media":"","overlay-type":"","overlay-color":"","overlay-opacity":"","overlay-gradient":""},"mobile":{"background-color":"","background-image":"","background-repeat":"repeat","background-position":"center center","background-size":"auto","background-attachment":"scroll","background-type":"","background-media":"","overlay-type":"","overlay-color":"","overlay-opacity":"","overlay-gradient":""}},"ast-content-background-meta":{"desktop":{"background-color":"var(--ast-global-color-4)","background-image":"","background-repeat":"repeat","background-position":"center center","background-size":"auto","background-attachment":"scroll","background-type":"","background-media":"","overlay-type":"","overlay-color":"","overlay-opacity":"","overlay-gradient":""},"tablet":{"background-color":"var(--ast-global-color-4)","background-image":"","background-repeat":"repeat","background-position":"center center","background-size":"auto","background-attachment":"scroll","background-type":"","background-media":"","overlay-type":"","overlay-color":"","overlay-opacity":"","overlay-gradient":""},"mobile":{"background-color":"var(--ast-global-color-4)","background-image":"","background-repeat":"repeat","background-position":"center center","background-size":"auto","background-attachment":"scroll","background-type":"","background-media":"","overlay-type":"","overlay-color":"","overlay-opacity":"","overlay-gradient":""}},"footnotes":""},"categories":[1],"tags":[],"class_list":["post-74678","post","type-post","status-publish","format-standard","has-post-thumbnail","hentry","category-noticias"],"yoast_head":"<!-- This site is optimized with the Yoast SEO Premium plugin v23.0 (Yoast SEO v27.5) - https:\/\/yoast.com\/product\/yoast-seo-premium-wordpress\/ -->\n<title>Referentes legislativos participaron de la presentaci\u00f3n del proyecto de hidr\u00f3geno verde<\/title>\n<meta name=\"robots\" content=\"index, follow, max-snippet:-1, max-image-preview:large, max-video-preview:-1\" \/>\n<link rel=\"canonical\" href=\"https:\/\/patagoniambiental.com.ar\/info\/referentes-legislativos-participaron-de-la-presentacion-del-proyecto-de-hidrogeno-verde\/\" \/>\n<meta property=\"og:locale\" content=\"es_ES\" \/>\n<meta property=\"og:type\" content=\"article\" \/>\n<meta property=\"og:title\" content=\"Referentes legislativos participaron de la presentaci\u00f3n del proyecto de hidr\u00f3geno verde\" \/>\n<meta property=\"og:url\" content=\"https:\/\/patagoniambiental.com.ar\/info\/referentes-legislativos-participaron-de-la-presentacion-del-proyecto-de-hidrogeno-verde\/\" \/>\n<meta property=\"og:site_name\" content=\"Patagonia Ambiental\" \/>\n<meta property=\"article:publisher\" content=\"https:\/\/www.facebook.com\/patagonia.ambiental\" \/>\n<meta property=\"article:published_time\" content=\"2021-11-26T22:35:44+00:00\" \/>\n<meta property=\"article:modified_time\" content=\"2021-11-26T22:35:47+00:00\" \/>\n<meta property=\"og:image\" content=\"https:\/\/patagoniambiental.com.ar\/info\/wp-content\/uploads\/2021\/11\/legisladores-800x450-1.jpg\" \/>\n\t<meta property=\"og:image:width\" content=\"800\" \/>\n\t<meta property=\"og:image:height\" content=\"450\" \/>\n\t<meta property=\"og:image:type\" content=\"image\/jpeg\" \/>\n<meta name=\"author\" content=\"BRAIAN ESTEVEZ\" \/>\n<meta name=\"twitter:card\" content=\"summary_large_image\" \/>\n<meta name=\"twitter:creator\" content=\"@PatAmb\" \/>\n<meta name=\"twitter:site\" content=\"@PatAmb\" \/>\n<script type=\"application\/ld+json\" class=\"yoast-schema-graph\">{\"@context\":\"https:\\\/\\\/schema.org\",\"@graph\":[{\"@type\":\"Article\",\"@id\":\"https:\\\/\\\/patagoniambiental.com.ar\\\/info\\\/referentes-legislativos-participaron-de-la-presentacion-del-proyecto-de-hidrogeno-verde\\\/#article\",\"isPartOf\":{\"@id\":\"https:\\\/\\\/patagoniambiental.com.ar\\\/info\\\/referentes-legislativos-participaron-de-la-presentacion-del-proyecto-de-hidrogeno-verde\\\/\"},\"author\":{\"name\":\"BRAIAN ESTEVEZ\",\"@id\":\"https:\\\/\\\/patagoniambiental.com.ar\\\/info\\\/#\\\/schema\\\/person\\\/e5af09d700b2e82cb10c6b8800e0c691\"},\"headline\":\"Referentes legislativos participaron de la presentaci\u00f3n del proyecto de hidr\u00f3geno verde\",\"datePublished\":\"2021-11-26T22:35:44+00:00\",\"dateModified\":\"2021-11-26T22:35:47+00:00\",\"mainEntityOfPage\":{\"@id\":\"https:\\\/\\\/patagoniambiental.com.ar\\\/info\\\/referentes-legislativos-participaron-de-la-presentacion-del-proyecto-de-hidrogeno-verde\\\/\"},\"wordCount\":336,\"commentCount\":0,\"publisher\":{\"@id\":\"https:\\\/\\\/patagoniambiental.com.ar\\\/info\\\/#organization\"},\"image\":{\"@id\":\"https:\\\/\\\/patagoniambiental.com.ar\\\/info\\\/referentes-legislativos-participaron-de-la-presentacion-del-proyecto-de-hidrogeno-verde\\\/#primaryimage\"},\"thumbnailUrl\":\"https:\\\/\\\/patagoniambiental.com.ar\\\/info\\\/wp-content\\\/uploads\\\/2021\\\/11\\\/legisladores-800x450-1.jpg\",\"articleSection\":[\"Noticias\"],\"inLanguage\":\"es\",\"potentialAction\":[{\"@type\":\"CommentAction\",\"name\":\"Comment\",\"target\":[\"https:\\\/\\\/patagoniambiental.com.ar\\\/info\\\/referentes-legislativos-participaron-de-la-presentacion-del-proyecto-de-hidrogeno-verde\\\/#respond\"]}]},{\"@type\":\"WebPage\",\"@id\":\"https:\\\/\\\/patagoniambiental.com.ar\\\/info\\\/referentes-legislativos-participaron-de-la-presentacion-del-proyecto-de-hidrogeno-verde\\\/\",\"url\":\"https:\\\/\\\/patagoniambiental.com.ar\\\/info\\\/referentes-legislativos-participaron-de-la-presentacion-del-proyecto-de-hidrogeno-verde\\\/\",\"name\":\"Referentes legislativos participaron de la presentaci\u00f3n del proyecto de hidr\u00f3geno verde\",\"isPartOf\":{\"@id\":\"https:\\\/\\\/patagoniambiental.com.ar\\\/info\\\/#website\"},\"primaryImageOfPage\":{\"@id\":\"https:\\\/\\\/patagoniambiental.com.ar\\\/info\\\/referentes-legislativos-participaron-de-la-presentacion-del-proyecto-de-hidrogeno-verde\\\/#primaryimage\"},\"image\":{\"@id\":\"https:\\\/\\\/patagoniambiental.com.ar\\\/info\\\/referentes-legislativos-participaron-de-la-presentacion-del-proyecto-de-hidrogeno-verde\\\/#primaryimage\"},\"thumbnailUrl\":\"https:\\\/\\\/patagoniambiental.com.ar\\\/info\\\/wp-content\\\/uploads\\\/2021\\\/11\\\/legisladores-800x450-1.jpg\",\"datePublished\":\"2021-11-26T22:35:44+00:00\",\"dateModified\":\"2021-11-26T22:35:47+00:00\",\"breadcrumb\":{\"@id\":\"https:\\\/\\\/patagoniambiental.com.ar\\\/info\\\/referentes-legislativos-participaron-de-la-presentacion-del-proyecto-de-hidrogeno-verde\\\/#breadcrumb\"},\"inLanguage\":\"es\",\"potentialAction\":[{\"@type\":\"ReadAction\",\"target\":[\"https:\\\/\\\/patagoniambiental.com.ar\\\/info\\\/referentes-legislativos-participaron-de-la-presentacion-del-proyecto-de-hidrogeno-verde\\\/\"]}]},{\"@type\":\"ImageObject\",\"inLanguage\":\"es\",\"@id\":\"https:\\\/\\\/patagoniambiental.com.ar\\\/info\\\/referentes-legislativos-participaron-de-la-presentacion-del-proyecto-de-hidrogeno-verde\\\/#primaryimage\",\"url\":\"https:\\\/\\\/patagoniambiental.com.ar\\\/info\\\/wp-content\\\/uploads\\\/2021\\\/11\\\/legisladores-800x450-1.jpg\",\"contentUrl\":\"https:\\\/\\\/patagoniambiental.com.ar\\\/info\\\/wp-content\\\/uploads\\\/2021\\\/11\\\/legisladores-800x450-1.jpg\",\"width\":800,\"height\":450},{\"@type\":\"BreadcrumbList\",\"@id\":\"https:\\\/\\\/patagoniambiental.com.ar\\\/info\\\/referentes-legislativos-participaron-de-la-presentacion-del-proyecto-de-hidrogeno-verde\\\/#breadcrumb\",\"itemListElement\":[{\"@type\":\"ListItem\",\"position\":1,\"name\":\"Inicio\",\"item\":\"https:\\\/\\\/patagoniambiental.com.ar\\\/info\\\/\"},{\"@type\":\"ListItem\",\"position\":2,\"name\":\"Referentes legislativos participaron de la presentaci\u00f3n del proyecto de hidr\u00f3geno verde\"}]},{\"@type\":\"WebSite\",\"@id\":\"https:\\\/\\\/patagoniambiental.com.ar\\\/info\\\/#website\",\"url\":\"https:\\\/\\\/patagoniambiental.com.ar\\\/info\\\/\",\"name\":\"Patagonia Ambiental\",\"description\":\"Monitoreo y an\u00e1lisis de la situaci\u00f3n geopol\u00edtica en el mundo y su implicancia en la Patagonia\",\"publisher\":{\"@id\":\"https:\\\/\\\/patagoniambiental.com.ar\\\/info\\\/#organization\"},\"potentialAction\":[{\"@type\":\"SearchAction\",\"target\":{\"@type\":\"EntryPoint\",\"urlTemplate\":\"https:\\\/\\\/patagoniambiental.com.ar\\\/info\\\/?s={search_term_string}\"},\"query-input\":{\"@type\":\"PropertyValueSpecification\",\"valueRequired\":true,\"valueName\":\"search_term_string\"}}],\"inLanguage\":\"es\"},{\"@type\":\"Organization\",\"@id\":\"https:\\\/\\\/patagoniambiental.com.ar\\\/info\\\/#organization\",\"name\":\"Patagonia Ambiental\",\"url\":\"https:\\\/\\\/patagoniambiental.com.ar\\\/info\\\/\",\"logo\":{\"@type\":\"ImageObject\",\"inLanguage\":\"es\",\"@id\":\"https:\\\/\\\/patagoniambiental.com.ar\\\/info\\\/#\\\/schema\\\/logo\\\/image\\\/\",\"url\":\"https:\\\/\\\/patagoniambiental.com.ar\\\/info\\\/wp-content\\\/uploads\\\/2025\\\/05\\\/LOGO-PATAGONIA-AMBIENTAL.png\",\"contentUrl\":\"https:\\\/\\\/patagoniambiental.com.ar\\\/info\\\/wp-content\\\/uploads\\\/2025\\\/05\\\/LOGO-PATAGONIA-AMBIENTAL.png\",\"width\":433,\"height\":250,\"caption\":\"Patagonia Ambiental\"},\"image\":{\"@id\":\"https:\\\/\\\/patagoniambiental.com.ar\\\/info\\\/#\\\/schema\\\/logo\\\/image\\\/\"},\"sameAs\":[\"https:\\\/\\\/www.facebook.com\\\/patagonia.ambiental\",\"https:\\\/\\\/x.com\\\/PatAmb\"]},{\"@type\":\"Person\",\"@id\":\"https:\\\/\\\/patagoniambiental.com.ar\\\/info\\\/#\\\/schema\\\/person\\\/e5af09d700b2e82cb10c6b8800e0c691\",\"name\":\"BRAIAN ESTEVEZ\",\"sameAs\":[\"http:\\\/\\\/www.patagoniambiental.com.ar\"]}]}<\/script>\n<!-- \/ Yoast SEO Premium plugin. -->","yoast_head_json":{"title":"Referentes legislativos participaron de la presentaci\u00f3n del proyecto de hidr\u00f3geno verde","robots":{"index":"index","follow":"follow","max-snippet":"max-snippet:-1","max-image-preview":"max-image-preview:large","max-video-preview":"max-video-preview:-1"},"canonical":"https:\/\/patagoniambiental.com.ar\/info\/referentes-legislativos-participaron-de-la-presentacion-del-proyecto-de-hidrogeno-verde\/","og_locale":"es_ES","og_type":"article","og_title":"Referentes legislativos participaron de la presentaci\u00f3n del proyecto de hidr\u00f3geno verde","og_url":"https:\/\/patagoniambiental.com.ar\/info\/referentes-legislativos-participaron-de-la-presentacion-del-proyecto-de-hidrogeno-verde\/","og_site_name":"Patagonia Ambiental","article_publisher":"https:\/\/www.facebook.com\/patagonia.ambiental","article_published_time":"2021-11-26T22:35:44+00:00","article_modified_time":"2021-11-26T22:35:47+00:00","og_image":[{"width":800,"height":450,"url":"https:\/\/patagoniambiental.com.ar\/info\/wp-content\/uploads\/2021\/11\/legisladores-800x450-1.jpg","type":"image\/jpeg"}],"author":"BRAIAN ESTEVEZ","twitter_card":"summary_large_image","twitter_creator":"@PatAmb","twitter_site":"@PatAmb","schema":{"@context":"https:\/\/schema.org","@graph":[{"@type":"Article","@id":"https:\/\/patagoniambiental.com.ar\/info\/referentes-legislativos-participaron-de-la-presentacion-del-proyecto-de-hidrogeno-verde\/#article","isPartOf":{"@id":"https:\/\/patagoniambiental.com.ar\/info\/referentes-legislativos-participaron-de-la-presentacion-del-proyecto-de-hidrogeno-verde\/"},"author":{"name":"BRAIAN ESTEVEZ","@id":"https:\/\/patagoniambiental.com.ar\/info\/#\/schema\/person\/e5af09d700b2e82cb10c6b8800e0c691"},"headline":"Referentes legislativos participaron de la presentaci\u00f3n del proyecto de hidr\u00f3geno verde","datePublished":"2021-11-26T22:35:44+00:00","dateModified":"2021-11-26T22:35:47+00:00","mainEntityOfPage":{"@id":"https:\/\/patagoniambiental.com.ar\/info\/referentes-legislativos-participaron-de-la-presentacion-del-proyecto-de-hidrogeno-verde\/"},"wordCount":336,"commentCount":0,"publisher":{"@id":"https:\/\/patagoniambiental.com.ar\/info\/#organization"},"image":{"@id":"https:\/\/patagoniambiental.com.ar\/info\/referentes-legislativos-participaron-de-la-presentacion-del-proyecto-de-hidrogeno-verde\/#primaryimage"},"thumbnailUrl":"https:\/\/patagoniambiental.com.ar\/info\/wp-content\/uploads\/2021\/11\/legisladores-800x450-1.jpg","articleSection":["Noticias"],"inLanguage":"es","potentialAction":[{"@type":"CommentAction","name":"Comment","target":["https:\/\/patagoniambiental.com.ar\/info\/referentes-legislativos-participaron-de-la-presentacion-del-proyecto-de-hidrogeno-verde\/#respond"]}]},{"@type":"WebPage","@id":"https:\/\/patagoniambiental.com.ar\/info\/referentes-legislativos-participaron-de-la-presentacion-del-proyecto-de-hidrogeno-verde\/","url":"https:\/\/patagoniambiental.com.ar\/info\/referentes-legislativos-participaron-de-la-presentacion-del-proyecto-de-hidrogeno-verde\/","name":"Referentes legislativos participaron de la presentaci\u00f3n del proyecto de hidr\u00f3geno verde","isPartOf":{"@id":"https:\/\/patagoniambiental.com.ar\/info\/#website"},"primaryImageOfPage":{"@id":"https:\/\/patagoniambiental.com.ar\/info\/referentes-legislativos-participaron-de-la-presentacion-del-proyecto-de-hidrogeno-verde\/#primaryimage"},"image":{"@id":"https:\/\/patagoniambiental.com.ar\/info\/referentes-legislativos-participaron-de-la-presentacion-del-proyecto-de-hidrogeno-verde\/#primaryimage"},"thumbnailUrl":"https:\/\/patagoniambiental.com.ar\/info\/wp-content\/uploads\/2021\/11\/legisladores-800x450-1.jpg","datePublished":"2021-11-26T22:35:44+00:00","dateModified":"2021-11-26T22:35:47+00:00","breadcrumb":{"@id":"https:\/\/patagoniambiental.com.ar\/info\/referentes-legislativos-participaron-de-la-presentacion-del-proyecto-de-hidrogeno-verde\/#breadcrumb"},"inLanguage":"es","potentialAction":[{"@type":"ReadAction","target":["https:\/\/patagoniambiental.com.ar\/info\/referentes-legislativos-participaron-de-la-presentacion-del-proyecto-de-hidrogeno-verde\/"]}]},{"@type":"ImageObject","inLanguage":"es","@id":"https:\/\/patagoniambiental.com.ar\/info\/referentes-legislativos-participaron-de-la-presentacion-del-proyecto-de-hidrogeno-verde\/#primaryimage","url":"https:\/\/patagoniambiental.com.ar\/info\/wp-content\/uploads\/2021\/11\/legisladores-800x450-1.jpg","contentUrl":"https:\/\/patagoniambiental.com.ar\/info\/wp-content\/uploads\/2021\/11\/legisladores-800x450-1.jpg","width":800,"height":450},{"@type":"BreadcrumbList","@id":"https:\/\/patagoniambiental.com.ar\/info\/referentes-legislativos-participaron-de-la-presentacion-del-proyecto-de-hidrogeno-verde\/#breadcrumb","itemListElement":[{"@type":"ListItem","position":1,"name":"Inicio","item":"https:\/\/patagoniambiental.com.ar\/info\/"},{"@type":"ListItem","position":2,"name":"Referentes legislativos participaron de la presentaci\u00f3n del proyecto de hidr\u00f3geno verde"}]},{"@type":"WebSite","@id":"https:\/\/patagoniambiental.com.ar\/info\/#website","url":"https:\/\/patagoniambiental.com.ar\/info\/","name":"Patagonia Ambiental","description":"Monitoreo y an\u00e1lisis de la situaci\u00f3n geopol\u00edtica en el mundo y su implicancia en la Patagonia","publisher":{"@id":"https:\/\/patagoniambiental.com.ar\/info\/#organization"},"potentialAction":[{"@type":"SearchAction","target":{"@type":"EntryPoint","urlTemplate":"https:\/\/patagoniambiental.com.ar\/info\/?s={search_term_string}"},"query-input":{"@type":"PropertyValueSpecification","valueRequired":true,"valueName":"search_term_string"}}],"inLanguage":"es"},{"@type":"Organization","@id":"https:\/\/patagoniambiental.com.ar\/info\/#organization","name":"Patagonia Ambiental","url":"https:\/\/patagoniambiental.com.ar\/info\/","logo":{"@type":"ImageObject","inLanguage":"es","@id":"https:\/\/patagoniambiental.com.ar\/info\/#\/schema\/logo\/image\/","url":"https:\/\/patagoniambiental.com.ar\/info\/wp-content\/uploads\/2025\/05\/LOGO-PATAGONIA-AMBIENTAL.png","contentUrl":"https:\/\/patagoniambiental.com.ar\/info\/wp-content\/uploads\/2025\/05\/LOGO-PATAGONIA-AMBIENTAL.png","width":433,"height":250,"caption":"Patagonia Ambiental"},"image":{"@id":"https:\/\/patagoniambiental.com.ar\/info\/#\/schema\/logo\/image\/"},"sameAs":["https:\/\/www.facebook.com\/patagonia.ambiental","https:\/\/x.com\/PatAmb"]},{"@type":"Person","@id":"https:\/\/patagoniambiental.com.ar\/info\/#\/schema\/person\/e5af09d700b2e82cb10c6b8800e0c691","name":"BRAIAN ESTEVEZ","sameAs":["http:\/\/www.patagoniambiental.com.ar"]}]}},"_links":{"self":[{"href":"https:\/\/patagoniambiental.com.ar\/info\/wp-json\/wp\/v2\/posts\/74678","targetHints":{"allow":["GET"]}}],"collection":[{"href":"https:\/\/patagoniambiental.com.ar\/info\/wp-json\/wp\/v2\/posts"}],"about":[{"href":"https:\/\/patagoniambiental.com.ar\/info\/wp-json\/wp\/v2\/types\/post"}],"author":[{"embeddable":true,"href":"https:\/\/patagoniambiental.com.ar\/info\/wp-json\/wp\/v2\/users\/6"}],"replies":[{"embeddable":true,"href":"https:\/\/patagoniambiental.com.ar\/info\/wp-json\/wp\/v2\/comments?post=74678"}],"version-history":[{"count":0,"href":"https:\/\/patagoniambiental.com.ar\/info\/wp-json\/wp\/v2\/posts\/74678\/revisions"}],"wp:featuredmedia":[{"embeddable":true,"href":"https:\/\/patagoniambiental.com.ar\/info\/wp-json\/wp\/v2\/media\/74679"}],"wp:attachment":[{"href":"https:\/\/patagoniambiental.com.ar\/info\/wp-json\/wp\/v2\/media?parent=74678"}],"wp:term":[{"taxonomy":"category","embeddable":true,"href":"https:\/\/patagoniambiental.com.ar\/info\/wp-json\/wp\/v2\/categories?post=74678"},{"taxonomy":"post_tag","embeddable":true,"href":"https:\/\/patagoniambiental.com.ar\/info\/wp-json\/wp\/v2\/tags?post=74678"}],"curies":[{"name":"wp","href":"https:\/\/api.w.org\/{rel}","templated":true}]}}