{"id":74687,"date":"2021-11-27T07:00:00","date_gmt":"2021-11-27T10:00:00","guid":{"rendered":"http:\/\/patagoniambiental.com.ar\/info\/?p=74687"},"modified":"2021-11-29T08:45:18","modified_gmt":"2021-11-29T11:45:18","slug":"se-realizo-la-reunion-del-corredor-bioceanico-norpatagonico","status":"publish","type":"post","link":"https:\/\/patagoniambiental.com.ar\/info\/se-realizo-la-reunion-del-corredor-bioceanico-norpatagonico\/","title":{"rendered":"Se realizo la reuni\u00f3n del Corredor Bioceanico Norpatagonico"},"content":{"rendered":"\n<!--more-->\n\n\n\n<p><br>Viedma.-Este jueves 25 de noviembre se realiz\u00f3 en la ciudad de Viedma la reuni\u00f3n del Directorio de la Corporacion para el Desarrollo y Promocion del Corredor Bioceanico Norpatagonico. En la misma el equipo t\u00e9cnico presento las nuevas autoridades del Directorio, elecci\u00f3n de vicepresidencias y secretarios, se explico el funcionamiento del organismo, lo actuado en el \u00faltimo a\u00f1o hasta el momento, el presupuesto y el plan de trabajo para el a\u00f1o 2022. Para la zona atl\u00e1ntica se destacan el avance del estudio del Polo Logistico Pesquero en el Puerto de SAE, la creaci\u00f3n de una zona franca dentro del \u00e1rea portuaria y el trabajo conjunto con el DPA para mejorar el aprovisionamiento de agua para usos futuros del puerto. Para la zona andina se abordo, entre otros, la apertura del Paso Internacional El Manso y el trabajo conjunto con Vialidad Provincial para culminar el proyecto ejecutivo del asfalto de la Ruta Provincial 83 e impulsar el traspaso de la misma a naci\u00f3n. Para la regi\u00f3n sur se trato el proyecto del Parque Nacional Meseta de Somuncura y su posibilidad de reflotarlo, promover la instalaci\u00f3n de balanzas en rutas provinciales y nacionales en conjunto con Vialidad Nacional. En cuanto a acciones generales del corredor se explico el proyecto de la catedra de integraci\u00f3n binacional que se desarrollara entre la UNRN y la Universidad Austral de Chile.<br>El encuentro fue encabezado por el Presidente del ente, Luis Giordano y cont\u00f3 con la presencia del ministro de Econom\u00eda, Luis Vaisberg, las legisladores del Bloque JSRN Marilyn Gemignani, Adriana Del Agua y su par Juan Pablo Muena y por el Bloque del FdT Maria Eugenia Martini, representantes de Municipios vinculados al Corredor, representantes del Ministerio de Turismo, Cultura y Deportes, referentes de entidades empresarias y del Turismo, Tren Patag\u00f3nico, Vialidad Provincial, entre otros organismos relacionados.<br>A su turno la legisladora Gemignani abordo proyectos que est\u00e1 impulsando desde la Legislatura rionegrina, como parte de la oferta tur\u00edstica a desarrollar del corredor bioce\u00e1nico como la iniciativa de convertir en patrimonio la Cueva de Curin, sitio donde vivio el primer poblador blanco de la meseta de somuncura y el desarrollo del centro de interpretaci\u00f3n del \u00e1rea natural protegida Meseta de Somuncura en chipauquil. Asimismo destaco la importancia del desarrollo del polo log\u00edstico pesquero en el puerto de SAE para sacarlo de la estacionalidad y celebro el concurso ganado por la empresa que lleva adelante los estudios del mismo.<\/p>\n\n\n\n<p>Fuente: Patagonia Ambiental<\/p>\n","protected":false},"excerpt":{"rendered":"","protected":false},"author":6,"featured_media":74688,"comment_status":"open","ping_status":"open","sticky":false,"template":"","format":"standard","meta":{"site-sidebar-layout":"default","site-content-layout":"","ast-site-content-layout":"default","site-content-style":"default","site-sidebar-style":"default","ast-global-header-display":"","ast-banner-title-visibility":"","ast-main-header-display":"","ast-hfb-above-header-display":"","ast-hfb-below-header-display":"","ast-hfb-mobile-header-display":"","site-post-title":"","ast-breadcrumbs-content":"","ast-featured-img":"","footer-sml-layout":"","ast-disable-related-posts":"","theme-transparent-header-meta":"","adv-header-id-meta":"","stick-header-meta":"","header-above-stick-meta":"","header-main-stick-meta":"","header-below-stick-meta":"","astra-migrate-meta-layouts":"default","ast-page-background-enabled":"default","ast-page-background-meta":{"desktop":{"background-color":"var(--ast-global-color-5)","background-image":"","background-repeat":"repeat","background-position":"center center","background-size":"auto","background-attachment":"scroll","background-type":"","background-media":"","overlay-type":"","overlay-color":"","overlay-opacity":"","overlay-gradient":""},"tablet":{"background-color":"","background-image":"","background-repeat":"repeat","background-position":"center center","background-size":"auto","background-attachment":"scroll","background-type":"","background-media":"","overlay-type":"","overlay-color":"","overlay-opacity":"","overlay-gradient":""},"mobile":{"background-color":"","background-image":"","background-repeat":"repeat","background-position":"center center","background-size":"auto","background-attachment":"scroll","background-type":"","background-media":"","overlay-type":"","overlay-color":"","overlay-opacity":"","overlay-gradient":""}},"ast-content-background-meta":{"desktop":{"background-color":"var(--ast-global-color-4)","background-image":"","background-repeat":"repeat","background-position":"center center","background-size":"auto","background-attachment":"scroll","background-type":"","background-media":"","overlay-type":"","overlay-color":"","overlay-opacity":"","overlay-gradient":""},"tablet":{"background-color":"var(--ast-global-color-4)","background-image":"","background-repeat":"repeat","background-position":"center center","background-size":"auto","background-attachment":"scroll","background-type":"","background-media":"","overlay-type":"","overlay-color":"","overlay-opacity":"","overlay-gradient":""},"mobile":{"background-color":"var(--ast-global-color-4)","background-image":"","background-repeat":"repeat","background-position":"center center","background-size":"auto","background-attachment":"scroll","background-type":"","background-media":"","overlay-type":"","overlay-color":"","overlay-opacity":"","overlay-gradient":""}},"footnotes":""},"categories":[1],"tags":[],"class_list":["post-74687","post","type-post","status-publish","format-standard","has-post-thumbnail","hentry","category-noticias"],"yoast_head":"<!-- This site is optimized with the Yoast SEO Premium plugin v23.0 (Yoast SEO v27.5) - https:\/\/yoast.com\/product\/yoast-seo-premium-wordpress\/ -->\n<title>Se realizo la reuni\u00f3n del Corredor Bioceanico Norpatagonico<\/title>\n<meta name=\"robots\" content=\"index, follow, max-snippet:-1, max-image-preview:large, max-video-preview:-1\" \/>\n<link rel=\"canonical\" href=\"https:\/\/patagoniambiental.com.ar\/info\/se-realizo-la-reunion-del-corredor-bioceanico-norpatagonico\/\" \/>\n<meta property=\"og:locale\" content=\"es_ES\" \/>\n<meta property=\"og:type\" content=\"article\" \/>\n<meta property=\"og:title\" content=\"Se realizo la reuni\u00f3n del Corredor Bioceanico Norpatagonico\" \/>\n<meta property=\"og:url\" content=\"https:\/\/patagoniambiental.com.ar\/info\/se-realizo-la-reunion-del-corredor-bioceanico-norpatagonico\/\" \/>\n<meta property=\"og:site_name\" content=\"Patagonia Ambiental\" \/>\n<meta property=\"article:publisher\" content=\"https:\/\/www.facebook.com\/patagonia.ambiental\" \/>\n<meta property=\"article:published_time\" content=\"2021-11-27T10:00:00+00:00\" \/>\n<meta property=\"article:modified_time\" content=\"2021-11-29T11:45:18+00:00\" \/>\n<meta property=\"og:image\" content=\"https:\/\/patagoniambiental.com.ar\/info\/wp-content\/uploads\/2021\/11\/5938a4cc-4c79-4086-8f81-2171e057ea43.jpeg\" \/>\n\t<meta property=\"og:image:width\" content=\"1200\" \/>\n\t<meta property=\"og:image:height\" content=\"1600\" \/>\n\t<meta property=\"og:image:type\" content=\"image\/jpeg\" \/>\n<meta name=\"author\" content=\"BRAIAN ESTEVEZ\" \/>\n<meta name=\"twitter:card\" content=\"summary_large_image\" \/>\n<meta name=\"twitter:creator\" content=\"@PatAmb\" \/>\n<meta name=\"twitter:site\" content=\"@PatAmb\" \/>\n<script type=\"application\/ld+json\" class=\"yoast-schema-graph\">{\"@context\":\"https:\\\/\\\/schema.org\",\"@graph\":[{\"@type\":\"Article\",\"@id\":\"https:\\\/\\\/patagoniambiental.com.ar\\\/info\\\/se-realizo-la-reunion-del-corredor-bioceanico-norpatagonico\\\/#article\",\"isPartOf\":{\"@id\":\"https:\\\/\\\/patagoniambiental.com.ar\\\/info\\\/se-realizo-la-reunion-del-corredor-bioceanico-norpatagonico\\\/\"},\"author\":{\"name\":\"BRAIAN ESTEVEZ\",\"@id\":\"https:\\\/\\\/patagoniambiental.com.ar\\\/info\\\/#\\\/schema\\\/person\\\/e5af09d700b2e82cb10c6b8800e0c691\"},\"headline\":\"Se realizo la reuni\u00f3n del Corredor Bioceanico Norpatagonico\",\"datePublished\":\"2021-11-27T10:00:00+00:00\",\"dateModified\":\"2021-11-29T11:45:18+00:00\",\"mainEntityOfPage\":{\"@id\":\"https:\\\/\\\/patagoniambiental.com.ar\\\/info\\\/se-realizo-la-reunion-del-corredor-bioceanico-norpatagonico\\\/\"},\"wordCount\":427,\"commentCount\":0,\"publisher\":{\"@id\":\"https:\\\/\\\/patagoniambiental.com.ar\\\/info\\\/#organization\"},\"image\":{\"@id\":\"https:\\\/\\\/patagoniambiental.com.ar\\\/info\\\/se-realizo-la-reunion-del-corredor-bioceanico-norpatagonico\\\/#primaryimage\"},\"thumbnailUrl\":\"https:\\\/\\\/patagoniambiental.com.ar\\\/info\\\/wp-content\\\/uploads\\\/2021\\\/11\\\/5938a4cc-4c79-4086-8f81-2171e057ea43.jpeg\",\"articleSection\":[\"Noticias\"],\"inLanguage\":\"es\",\"potentialAction\":[{\"@type\":\"CommentAction\",\"name\":\"Comment\",\"target\":[\"https:\\\/\\\/patagoniambiental.com.ar\\\/info\\\/se-realizo-la-reunion-del-corredor-bioceanico-norpatagonico\\\/#respond\"]}]},{\"@type\":\"WebPage\",\"@id\":\"https:\\\/\\\/patagoniambiental.com.ar\\\/info\\\/se-realizo-la-reunion-del-corredor-bioceanico-norpatagonico\\\/\",\"url\":\"https:\\\/\\\/patagoniambiental.com.ar\\\/info\\\/se-realizo-la-reunion-del-corredor-bioceanico-norpatagonico\\\/\",\"name\":\"Se realizo la reuni\u00f3n del Corredor Bioceanico Norpatagonico\",\"isPartOf\":{\"@id\":\"https:\\\/\\\/patagoniambiental.com.ar\\\/info\\\/#website\"},\"primaryImageOfPage\":{\"@id\":\"https:\\\/\\\/patagoniambiental.com.ar\\\/info\\\/se-realizo-la-reunion-del-corredor-bioceanico-norpatagonico\\\/#primaryimage\"},\"image\":{\"@id\":\"https:\\\/\\\/patagoniambiental.com.ar\\\/info\\\/se-realizo-la-reunion-del-corredor-bioceanico-norpatagonico\\\/#primaryimage\"},\"thumbnailUrl\":\"https:\\\/\\\/patagoniambiental.com.ar\\\/info\\\/wp-content\\\/uploads\\\/2021\\\/11\\\/5938a4cc-4c79-4086-8f81-2171e057ea43.jpeg\",\"datePublished\":\"2021-11-27T10:00:00+00:00\",\"dateModified\":\"2021-11-29T11:45:18+00:00\",\"breadcrumb\":{\"@id\":\"https:\\\/\\\/patagoniambiental.com.ar\\\/info\\\/se-realizo-la-reunion-del-corredor-bioceanico-norpatagonico\\\/#breadcrumb\"},\"inLanguage\":\"es\",\"potentialAction\":[{\"@type\":\"ReadAction\",\"target\":[\"https:\\\/\\\/patagoniambiental.com.ar\\\/info\\\/se-realizo-la-reunion-del-corredor-bioceanico-norpatagonico\\\/\"]}]},{\"@type\":\"ImageObject\",\"inLanguage\":\"es\",\"@id\":\"https:\\\/\\\/patagoniambiental.com.ar\\\/info\\\/se-realizo-la-reunion-del-corredor-bioceanico-norpatagonico\\\/#primaryimage\",\"url\":\"https:\\\/\\\/patagoniambiental.com.ar\\\/info\\\/wp-content\\\/uploads\\\/2021\\\/11\\\/5938a4cc-4c79-4086-8f81-2171e057ea43.jpeg\",\"contentUrl\":\"https:\\\/\\\/patagoniambiental.com.ar\\\/info\\\/wp-content\\\/uploads\\\/2021\\\/11\\\/5938a4cc-4c79-4086-8f81-2171e057ea43.jpeg\",\"width\":450,\"height\":600},{\"@type\":\"BreadcrumbList\",\"@id\":\"https:\\\/\\\/patagoniambiental.com.ar\\\/info\\\/se-realizo-la-reunion-del-corredor-bioceanico-norpatagonico\\\/#breadcrumb\",\"itemListElement\":[{\"@type\":\"ListItem\",\"position\":1,\"name\":\"Inicio\",\"item\":\"https:\\\/\\\/patagoniambiental.com.ar\\\/info\\\/\"},{\"@type\":\"ListItem\",\"position\":2,\"name\":\"Se realizo la reuni\u00f3n del Corredor Bioceanico Norpatagonico\"}]},{\"@type\":\"WebSite\",\"@id\":\"https:\\\/\\\/patagoniambiental.com.ar\\\/info\\\/#website\",\"url\":\"https:\\\/\\\/patagoniambiental.com.ar\\\/info\\\/\",\"name\":\"Patagonia Ambiental\",\"description\":\"Monitoreo y an\u00e1lisis de la situaci\u00f3n geopol\u00edtica en el mundo y su implicancia en la Patagonia\",\"publisher\":{\"@id\":\"https:\\\/\\\/patagoniambiental.com.ar\\\/info\\\/#organization\"},\"potentialAction\":[{\"@type\":\"SearchAction\",\"target\":{\"@type\":\"EntryPoint\",\"urlTemplate\":\"https:\\\/\\\/patagoniambiental.com.ar\\\/info\\\/?s={search_term_string}\"},\"query-input\":{\"@type\":\"PropertyValueSpecification\",\"valueRequired\":true,\"valueName\":\"search_term_string\"}}],\"inLanguage\":\"es\"},{\"@type\":\"Organization\",\"@id\":\"https:\\\/\\\/patagoniambiental.com.ar\\\/info\\\/#organization\",\"name\":\"Patagonia Ambiental\",\"url\":\"https:\\\/\\\/patagoniambiental.com.ar\\\/info\\\/\",\"logo\":{\"@type\":\"ImageObject\",\"inLanguage\":\"es\",\"@id\":\"https:\\\/\\\/patagoniambiental.com.ar\\\/info\\\/#\\\/schema\\\/logo\\\/image\\\/\",\"url\":\"https:\\\/\\\/patagoniambiental.com.ar\\\/info\\\/wp-content\\\/uploads\\\/2025\\\/05\\\/LOGO-PATAGONIA-AMBIENTAL.png\",\"contentUrl\":\"https:\\\/\\\/patagoniambiental.com.ar\\\/info\\\/wp-content\\\/uploads\\\/2025\\\/05\\\/LOGO-PATAGONIA-AMBIENTAL.png\",\"width\":433,\"height\":250,\"caption\":\"Patagonia Ambiental\"},\"image\":{\"@id\":\"https:\\\/\\\/patagoniambiental.com.ar\\\/info\\\/#\\\/schema\\\/logo\\\/image\\\/\"},\"sameAs\":[\"https:\\\/\\\/www.facebook.com\\\/patagonia.ambiental\",\"https:\\\/\\\/x.com\\\/PatAmb\"]},{\"@type\":\"Person\",\"@id\":\"https:\\\/\\\/patagoniambiental.com.ar\\\/info\\\/#\\\/schema\\\/person\\\/e5af09d700b2e82cb10c6b8800e0c691\",\"name\":\"BRAIAN ESTEVEZ\",\"sameAs\":[\"http:\\\/\\\/www.patagoniambiental.com.ar\"]}]}<\/script>\n<!-- \/ Yoast SEO Premium plugin. -->","yoast_head_json":{"title":"Se realizo la reuni\u00f3n del Corredor Bioceanico Norpatagonico","robots":{"index":"index","follow":"follow","max-snippet":"max-snippet:-1","max-image-preview":"max-image-preview:large","max-video-preview":"max-video-preview:-1"},"canonical":"https:\/\/patagoniambiental.com.ar\/info\/se-realizo-la-reunion-del-corredor-bioceanico-norpatagonico\/","og_locale":"es_ES","og_type":"article","og_title":"Se realizo la reuni\u00f3n del Corredor Bioceanico Norpatagonico","og_url":"https:\/\/patagoniambiental.com.ar\/info\/se-realizo-la-reunion-del-corredor-bioceanico-norpatagonico\/","og_site_name":"Patagonia Ambiental","article_publisher":"https:\/\/www.facebook.com\/patagonia.ambiental","article_published_time":"2021-11-27T10:00:00+00:00","article_modified_time":"2021-11-29T11:45:18+00:00","og_image":[{"width":1200,"height":1600,"url":"https:\/\/patagoniambiental.com.ar\/info\/wp-content\/uploads\/2021\/11\/5938a4cc-4c79-4086-8f81-2171e057ea43.jpeg","type":"image\/jpeg"}],"author":"BRAIAN ESTEVEZ","twitter_card":"summary_large_image","twitter_creator":"@PatAmb","twitter_site":"@PatAmb","schema":{"@context":"https:\/\/schema.org","@graph":[{"@type":"Article","@id":"https:\/\/patagoniambiental.com.ar\/info\/se-realizo-la-reunion-del-corredor-bioceanico-norpatagonico\/#article","isPartOf":{"@id":"https:\/\/patagoniambiental.com.ar\/info\/se-realizo-la-reunion-del-corredor-bioceanico-norpatagonico\/"},"author":{"name":"BRAIAN ESTEVEZ","@id":"https:\/\/patagoniambiental.com.ar\/info\/#\/schema\/person\/e5af09d700b2e82cb10c6b8800e0c691"},"headline":"Se realizo la reuni\u00f3n del Corredor Bioceanico Norpatagonico","datePublished":"2021-11-27T10:00:00+00:00","dateModified":"2021-11-29T11:45:18+00:00","mainEntityOfPage":{"@id":"https:\/\/patagoniambiental.com.ar\/info\/se-realizo-la-reunion-del-corredor-bioceanico-norpatagonico\/"},"wordCount":427,"commentCount":0,"publisher":{"@id":"https:\/\/patagoniambiental.com.ar\/info\/#organization"},"image":{"@id":"https:\/\/patagoniambiental.com.ar\/info\/se-realizo-la-reunion-del-corredor-bioceanico-norpatagonico\/#primaryimage"},"thumbnailUrl":"https:\/\/patagoniambiental.com.ar\/info\/wp-content\/uploads\/2021\/11\/5938a4cc-4c79-4086-8f81-2171e057ea43.jpeg","articleSection":["Noticias"],"inLanguage":"es","potentialAction":[{"@type":"CommentAction","name":"Comment","target":["https:\/\/patagoniambiental.com.ar\/info\/se-realizo-la-reunion-del-corredor-bioceanico-norpatagonico\/#respond"]}]},{"@type":"WebPage","@id":"https:\/\/patagoniambiental.com.ar\/info\/se-realizo-la-reunion-del-corredor-bioceanico-norpatagonico\/","url":"https:\/\/patagoniambiental.com.ar\/info\/se-realizo-la-reunion-del-corredor-bioceanico-norpatagonico\/","name":"Se realizo la reuni\u00f3n del Corredor Bioceanico Norpatagonico","isPartOf":{"@id":"https:\/\/patagoniambiental.com.ar\/info\/#website"},"primaryImageOfPage":{"@id":"https:\/\/patagoniambiental.com.ar\/info\/se-realizo-la-reunion-del-corredor-bioceanico-norpatagonico\/#primaryimage"},"image":{"@id":"https:\/\/patagoniambiental.com.ar\/info\/se-realizo-la-reunion-del-corredor-bioceanico-norpatagonico\/#primaryimage"},"thumbnailUrl":"https:\/\/patagoniambiental.com.ar\/info\/wp-content\/uploads\/2021\/11\/5938a4cc-4c79-4086-8f81-2171e057ea43.jpeg","datePublished":"2021-11-27T10:00:00+00:00","dateModified":"2021-11-29T11:45:18+00:00","breadcrumb":{"@id":"https:\/\/patagoniambiental.com.ar\/info\/se-realizo-la-reunion-del-corredor-bioceanico-norpatagonico\/#breadcrumb"},"inLanguage":"es","potentialAction":[{"@type":"ReadAction","target":["https:\/\/patagoniambiental.com.ar\/info\/se-realizo-la-reunion-del-corredor-bioceanico-norpatagonico\/"]}]},{"@type":"ImageObject","inLanguage":"es","@id":"https:\/\/patagoniambiental.com.ar\/info\/se-realizo-la-reunion-del-corredor-bioceanico-norpatagonico\/#primaryimage","url":"https:\/\/patagoniambiental.com.ar\/info\/wp-content\/uploads\/2021\/11\/5938a4cc-4c79-4086-8f81-2171e057ea43.jpeg","contentUrl":"https:\/\/patagoniambiental.com.ar\/info\/wp-content\/uploads\/2021\/11\/5938a4cc-4c79-4086-8f81-2171e057ea43.jpeg","width":450,"height":600},{"@type":"BreadcrumbList","@id":"https:\/\/patagoniambiental.com.ar\/info\/se-realizo-la-reunion-del-corredor-bioceanico-norpatagonico\/#breadcrumb","itemListElement":[{"@type":"ListItem","position":1,"name":"Inicio","item":"https:\/\/patagoniambiental.com.ar\/info\/"},{"@type":"ListItem","position":2,"name":"Se realizo la reuni\u00f3n del Corredor Bioceanico Norpatagonico"}]},{"@type":"WebSite","@id":"https:\/\/patagoniambiental.com.ar\/info\/#website","url":"https:\/\/patagoniambiental.com.ar\/info\/","name":"Patagonia Ambiental","description":"Monitoreo y an\u00e1lisis de la situaci\u00f3n geopol\u00edtica en el mundo y su implicancia en la Patagonia","publisher":{"@id":"https:\/\/patagoniambiental.com.ar\/info\/#organization"},"potentialAction":[{"@type":"SearchAction","target":{"@type":"EntryPoint","urlTemplate":"https:\/\/patagoniambiental.com.ar\/info\/?s={search_term_string}"},"query-input":{"@type":"PropertyValueSpecification","valueRequired":true,"valueName":"search_term_string"}}],"inLanguage":"es"},{"@type":"Organization","@id":"https:\/\/patagoniambiental.com.ar\/info\/#organization","name":"Patagonia Ambiental","url":"https:\/\/patagoniambiental.com.ar\/info\/","logo":{"@type":"ImageObject","inLanguage":"es","@id":"https:\/\/patagoniambiental.com.ar\/info\/#\/schema\/logo\/image\/","url":"https:\/\/patagoniambiental.com.ar\/info\/wp-content\/uploads\/2025\/05\/LOGO-PATAGONIA-AMBIENTAL.png","contentUrl":"https:\/\/patagoniambiental.com.ar\/info\/wp-content\/uploads\/2025\/05\/LOGO-PATAGONIA-AMBIENTAL.png","width":433,"height":250,"caption":"Patagonia Ambiental"},"image":{"@id":"https:\/\/patagoniambiental.com.ar\/info\/#\/schema\/logo\/image\/"},"sameAs":["https:\/\/www.facebook.com\/patagonia.ambiental","https:\/\/x.com\/PatAmb"]},{"@type":"Person","@id":"https:\/\/patagoniambiental.com.ar\/info\/#\/schema\/person\/e5af09d700b2e82cb10c6b8800e0c691","name":"BRAIAN ESTEVEZ","sameAs":["http:\/\/www.patagoniambiental.com.ar"]}]}},"_links":{"self":[{"href":"https:\/\/patagoniambiental.com.ar\/info\/wp-json\/wp\/v2\/posts\/74687","targetHints":{"allow":["GET"]}}],"collection":[{"href":"https:\/\/patagoniambiental.com.ar\/info\/wp-json\/wp\/v2\/posts"}],"about":[{"href":"https:\/\/patagoniambiental.com.ar\/info\/wp-json\/wp\/v2\/types\/post"}],"author":[{"embeddable":true,"href":"https:\/\/patagoniambiental.com.ar\/info\/wp-json\/wp\/v2\/users\/6"}],"replies":[{"embeddable":true,"href":"https:\/\/patagoniambiental.com.ar\/info\/wp-json\/wp\/v2\/comments?post=74687"}],"version-history":[{"count":0,"href":"https:\/\/patagoniambiental.com.ar\/info\/wp-json\/wp\/v2\/posts\/74687\/revisions"}],"wp:featuredmedia":[{"embeddable":true,"href":"https:\/\/patagoniambiental.com.ar\/info\/wp-json\/wp\/v2\/media\/74688"}],"wp:attachment":[{"href":"https:\/\/patagoniambiental.com.ar\/info\/wp-json\/wp\/v2\/media?parent=74687"}],"wp:term":[{"taxonomy":"category","embeddable":true,"href":"https:\/\/patagoniambiental.com.ar\/info\/wp-json\/wp\/v2\/categories?post=74687"},{"taxonomy":"post_tag","embeddable":true,"href":"https:\/\/patagoniambiental.com.ar\/info\/wp-json\/wp\/v2\/tags?post=74687"}],"curies":[{"name":"wp","href":"https:\/\/api.w.org\/{rel}","templated":true}]}}