{"id":74718,"date":"2021-12-01T19:00:00","date_gmt":"2021-12-01T22:00:00","guid":{"rendered":"http:\/\/patagoniambiental.com.ar\/info\/?p=74718"},"modified":"2021-12-02T08:33:06","modified_gmt":"2021-12-02T11:33:06","slug":"se-inauguro-en-allen-la-planta-de-procesamiento-de-arena","status":"publish","type":"post","link":"https:\/\/patagoniambiental.com.ar\/info\/se-inauguro-en-allen-la-planta-de-procesamiento-de-arena\/","title":{"rendered":"Se inaugur\u00f3 en Allen la planta de procesamiento de arena"},"content":{"rendered":"\n<!--more-->\n\n\n\n<h4 class=\"wp-block-heading\">Allen.-Con la presencia de la Gobernadora, Arabela Carreras, se inaugur\u00f3 esta ma\u00f1ana en Allen la nueva planta de procesamiento de arena de la empresa NRG Argentina. \u201cEstamos viviendo un momento fundacional y determinante para el presente y el futuro de R\u00edo Negro\u201d, dijo la Mandataria.<\/h4>\n\n\n\n<h6 class=\"wp-block-heading\">Fecha:&nbsp;<strong>1 de diciembre de 2021<\/strong><\/h6>\n\n\n\n<figure class=\"wp-block-image\"><img decoding=\"async\" src=\"https:\/\/rionegro.gov.ar\/_next\/image?url=https%3A%2F%2Fsilvercoder.rionegro.gov.ar%2Ffiles%2F1638383138_3c21415a56c8cd893a28.jpg&amp;w=3840&amp;q=75\" alt=\"\"\/><\/figure>\n\n\n\n<p>Desde hoy, la localidad del Alto Valle ya cuenta con su nueva plantaCr\u00e9dito:&nbsp;Gobierno de R\u00edo Negro<\/p>\n\n\n\n<p>La firma NRG Argentina construy\u00f3 su planta en el Parque Industrial Norte de Allen, con una visi\u00f3n totalmente sustentable. Desde all\u00ed, abastecer\u00e1 la demanda de arena para las operadoras de Vaca Muerta.<\/p>\n\n\n\n<p>\u201cEstamos en un proceso muy virtuoso en R\u00edo Negro. Cuando una empresa empieza a confiar, otras tambi\u00e9n empiezan a confiar. Cuando fondos internacionales creen que somos capaces de desarrollar un proyecto, otros tambi\u00e9n empiezan a creer\u201d, sostuvo la Gobernadora.<\/p>\n\n\n\n<figure class=\"wp-block-image\"><img decoding=\"async\" src=\"https:\/\/silvercoder.rionegro.gov.ar\/files\/1638383076_b7eea0f5cf7588c747d6.jpg\" alt=\"\"\/><\/figure>\n\n\n\n<figure class=\"wp-block-embed\"><div class=\"wp-block-embed__wrapper\">\nhttps:\/\/w.soundcloud.com\/player\/?url=https:\/\/soundcloud.com\/comunicacionrn\/carreras-se-inauguro-en-allen-la-planta-de-procesamiento-de-arena?si=0ff99a36afa24e0d8ddfb37889f154ef\n<\/div><\/figure>\n\n\n\n<p>Se\u00f1al\u00f3 que durante los 12 a\u00f1os de gesti\u00f3n \u201chemos tenido un mismo sentido, el norte de desarrollar la provincia, que antes ten\u00eda un fuerte desorden administrativo, y gracias a la gesti\u00f3n de Alberto Weretilneck logr\u00f3 mostrarse como una provincia seria\u201d y agreg\u00f3 que \u201cen esta etapa que me toca estar al frente de la gesti\u00f3n, pusimos la mira en lograr empleo privado en la provincia, desarrollo e inversi\u00f3n\u201d.<\/p>\n\n\n\n<p>\u201cLa propuesta de NRG es ejemplo del modelo que promovemos. No se trata de pensar en que hay una industria que desaparece y otra que aparece, en un contexto de cambio clim\u00e1tico. Si pensamos que la actividad petrolera se contrapone con el cuidado del ambiente, nos equivocamos. La actividad petrolera es la que moviliza la econom\u00eda real en el mundo. Pensar en una l\u00f3gica dicot\u00f3mica que genera confrontaci\u00f3n y retroceso, es equivocado\u201d, reflexion\u00f3.<\/p>\n\n\n\n<figure class=\"wp-block-image\"><img decoding=\"async\" src=\"https:\/\/silvercoder.rionegro.gov.ar\/files\/1638383099_cf7e965410eb04c3d31b.jpg\" alt=\"\"\/><\/figure>\n\n\n\n<figure class=\"wp-block-embed\"><div class=\"wp-block-embed__wrapper\">\nhttps:\/\/platform.twitter.com\/embed\/Tweet.html?dnt=false&#038;embedId=twitter-widget-0&#038;features=eyJ0ZndfZXhwZXJpbWVudHNfY29va2llX2V4cGlyYXRpb24iOnsiYnVja2V0IjoxMjA5NjAwLCJ2ZXJzaW9uIjpudWxsfSwidGZ3X2hvcml6b25fdHdlZXRfZW1iZWRfOTU1NSI6eyJidWNrZXQiOiJodGUiLCJ2ZXJzaW9uIjpudWxsfSwidGZ3X3NwYWNlX2NhcmQiOnsiYnVja2V0Ijoib2ZmIiwidmVyc2lvbiI6bnVsbH19&#038;frame=false&#038;hideCard=false&#038;hideThread=false&#038;id=1466064055060234243&#038;lang=es&#038;origin=https%3A%2F%2Frionegro.gov.ar%2Farticulo%2F39770%2Fse-inauguro-en-allen-la-planta-de-procesamiento-de-arena&#038;sessionId=e4a21ad219568bdf9d337dfb3a05ec7256d31338&#038;theme=light&#038;widgetsVersion=f001879%3A1634581029404&#038;width=550px\n<\/div><\/figure>\n\n\n\n<p>Carreras remarc\u00f3 que R\u00edo Negro busca \u201cun modelo de desarrollo sustentable\u201d y \u201clo hacemos con todo el compromiso y el control que el Estado debe ejercer\u201d.<\/p>\n\n\n\n<p>\u201cTenemos que lograr modelos de desarrollo que bajen los niveles de emisi\u00f3n de CO2, porque nos estamos quedando sin agua, porque estamos produciendo un calentamiento global inaceptable y porque no ser\u00e1 un ambiente saludable para nosotros, ni para las pr\u00f3ximas generaciones. El compromiso ambiental es ineludible. Cuando hablamos de desarrollar la industria no podemos hacerlo sin ver como mitigamos el impacto ambiental\u201d, asever\u00f3.<\/p>\n\n\n\n<p>\u201cSi pensamos que una actividad econ\u00f3mica se contrapone a esto, vamos a equivocarnos. Porque no hay peor impacto ambiental que la pobreza. Pero esto no nos desobliga a tener que mejorar siempre las pr\u00e1cticas productivas. Proponemos ir a modelos que tiendan a la huella de carbono cero. Es una agenda indispensable\u201d, a\u00f1adi\u00f3.<\/p>\n\n\n\n<p>Asegur\u00f3 que se trabaja para \u201cdesarrollar industrias que tiendan a contribuir a la transici\u00f3n energ\u00e9tica, que durar\u00e1 muchos a\u00f1os y no va a excluir la producci\u00f3n de petr\u00f3leo y gas como motores del mundo humano\u201d.<\/p>\n\n\n\n<p>Agradeci\u00f3 a la empresa porque \u201cnos brinda la oportunidad de contar con un medio de vida, un trabajo y una forma de demostrar lo que somos capaces de hacer\u201d y felicit\u00f3 a la Intendenta Liliana Mart\u00edn por \u201csu capacidad de trabajo y honestidad, que es un faro para todos nosotros\u201d.<\/p>\n\n\n\n<p>Muy emocionada, la Intendenta Mart\u00edn record\u00f3 que el parque \u201cfue pensado y dise\u00f1ado por el ex Gobernador Alberto Weretilneck y la ex Intendenta Sabina Costa en 2015, pero era complejo hacerlo, por eso cuando apareci\u00f3 la empresa despu\u00e9s de una pandemia, encontramos la forma de avanzar inmediatamente\u201d.<\/p>\n\n\n\n<figure class=\"wp-block-embed\"><div class=\"wp-block-embed__wrapper\">\nhttps:\/\/w.soundcloud.com\/player\/?url=https:\/\/soundcloud.com\/comunicacionrn\/martin-se-inauguro-en-allen-la-planta-de-procesamiento-de-arena?si=0ff99a36afa24e0d8ddfb37889f154ef\n<\/div><\/figure>\n\n\n\n<p>\u201cFueron semanas de arduo trabajo y llegamos a la firma del convenio. Y hoy, un a\u00f1o y 20 d\u00edas despu\u00e9s de esa firma, estamos ac\u00e1 sentados. NRG ser\u00e1 por siempre la primera empresa de nuestro Parque Industrial Norte\u201d, dijo.<\/p>\n\n\n\n<p>Record\u00f3 que cuando surgi\u00f3 el proyecto de NRG \u201ctuvo la resistencia ambiental de muchos sectores que, con raz\u00f3n, tem\u00edan por el impacto, pero la empresa nos cont\u00f3 todo el compromiso ambiental que ten\u00edan y nosotros lo avalamos\u201d.<\/p>\n\n\n\n<p>\u201cLa mano de obra se genera ac\u00e1, en las empresas, con la inversi\u00f3n y con un Estado atento. Se est\u00e1 demostrando con el gran proyecto de Hidr\u00f3geno Verde y nosotros acompa\u00f1amos desde lo local. No alcanza con una normativa, hace faltan decisiones de macroeconom\u00eda. Lo que hacemos hoy, es reconocer que la mano de obra se genera con la inversi\u00f3n de las empresas y el cuidado del Estado\u201d, finaliz\u00f3.<\/p>\n\n\n\n<p>C\u00e9sar Guercio, CEO de NRG Argentina, remarc\u00f3 que la idea surgi\u00f3 \u201chace poco m\u00e1s de 3 a\u00f1os y medio, de una charla de dos amigos que quer\u00edan participar de Vaca Muerta, del desarrollo de la Argentina, haciendo las cosas bien y de forma sustentable\u201d.<\/p>\n\n\n\n<p>\u201cQueremos hacer de este, un proyecto capaz de que nuestros hijos est\u00e9n orgullosos\u201d, sostuvo, notablemente emocionado, y destac\u00f3 el apoyo de la Municipalidad de Allen: \u201cNos dieron un espacio a dos personas con una idea, nos abrieron oficinas, la agenda y nos dieron su devoluci\u00f3n sincera. Corregimos, mejoramos el proyecto\u201d.<\/p>\n\n\n\n<figure class=\"wp-block-image\"><img decoding=\"async\" src=\"https:\/\/silvercoder.rionegro.gov.ar\/files\/1638383206_b9d858217cec235ff8b6.jpg\" alt=\"\"\/><\/figure>\n\n\n\n<figure class=\"wp-block-embed\"><div class=\"wp-block-embed__wrapper\">\nhttps:\/\/w.soundcloud.com\/player\/?url=https:\/\/soundcloud.com\/comunicacionrn\/guercio-se-inauguro-en-allen-la-planta-de-procesamiento-de-arena?si=0ff99a36afa24e0d8ddfb37889f154ef\n<\/div><\/figure>\n\n\n\n<p>\u201cHace menos de un a\u00f1o, con la Gobernadora, recorr\u00edamos lo que iba a ser el parque. Fue un a\u00f1o dif\u00edcil para todos, con pandemia. Y este grupo de gente trabaj\u00f3 domingo a domingo, de 6 a 22, creando un h\u00e1bito de trabajo con excelencia. A mi equipo, muchas gracias\u201d, finaliz\u00f3.&nbsp;<\/p>\n\n\n\n<p>Participaron del acto, el vicegobernador, Alejandro Palmieri; el director de la Agencia R\u00edo Negro Invierte, Gonzalo Medina Cabrera; el titular de Miner\u00eda, Joaqu\u00edn Aberastain Oro y el legislador Sebasti\u00e1n Caldiero, entre otras autoridades.<\/p>\n\n\n\n<h4 class=\"wp-block-heading\">Fuente: Gobierno de Rio Negro<\/h4>\n","protected":false},"excerpt":{"rendered":"","protected":false},"author":6,"featured_media":74719,"comment_status":"open","ping_status":"open","sticky":false,"template":"","format":"standard","meta":{"site-sidebar-layout":"default","site-content-layout":"","ast-site-content-layout":"default","site-content-style":"default","site-sidebar-style":"default","ast-global-header-display":"","ast-banner-title-visibility":"","ast-main-header-display":"","ast-hfb-above-header-display":"","ast-hfb-below-header-display":"","ast-hfb-mobile-header-display":"","site-post-title":"","ast-breadcrumbs-content":"","ast-featured-img":"","footer-sml-layout":"","ast-disable-related-posts":"","theme-transparent-header-meta":"","adv-header-id-meta":"","stick-header-meta":"","header-above-stick-meta":"","header-main-stick-meta":"","header-below-stick-meta":"","astra-migrate-meta-layouts":"default","ast-page-background-enabled":"default","ast-page-background-meta":{"desktop":{"background-color":"var(--ast-global-color-5)","background-image":"","background-repeat":"repeat","background-position":"center center","background-size":"auto","background-attachment":"scroll","background-type":"","background-media":"","overlay-type":"","overlay-color":"","overlay-opacity":"","overlay-gradient":""},"tablet":{"background-color":"","background-image":"","background-repeat":"repeat","background-position":"center center","background-size":"auto","background-attachment":"scroll","background-type":"","background-media":"","overlay-type":"","overlay-color":"","overlay-opacity":"","overlay-gradient":""},"mobile":{"background-color":"","background-image":"","background-repeat":"repeat","background-position":"center center","background-size":"auto","background-attachment":"scroll","background-type":"","background-media":"","overlay-type":"","overlay-color":"","overlay-opacity":"","overlay-gradient":""}},"ast-content-background-meta":{"desktop":{"background-color":"var(--ast-global-color-4)","background-image":"","background-repeat":"repeat","background-position":"center center","background-size":"auto","background-attachment":"scroll","background-type":"","background-media":"","overlay-type":"","overlay-color":"","overlay-opacity":"","overlay-gradient":""},"tablet":{"background-color":"var(--ast-global-color-4)","background-image":"","background-repeat":"repeat","background-position":"center center","background-size":"auto","background-attachment":"scroll","background-type":"","background-media":"","overlay-type":"","overlay-color":"","overlay-opacity":"","overlay-gradient":""},"mobile":{"background-color":"var(--ast-global-color-4)","background-image":"","background-repeat":"repeat","background-position":"center center","background-size":"auto","background-attachment":"scroll","background-type":"","background-media":"","overlay-type":"","overlay-color":"","overlay-opacity":"","overlay-gradient":""}},"footnotes":""},"categories":[1],"tags":[],"class_list":["post-74718","post","type-post","status-publish","format-standard","has-post-thumbnail","hentry","category-noticias"],"yoast_head":"<!-- This site is optimized with the Yoast SEO Premium plugin v23.0 (Yoast SEO v27.5) - https:\/\/yoast.com\/product\/yoast-seo-premium-wordpress\/ -->\n<title>Se inaugur\u00f3 en Allen la planta de procesamiento de arena<\/title>\n<meta name=\"robots\" content=\"index, follow, max-snippet:-1, max-image-preview:large, max-video-preview:-1\" \/>\n<link rel=\"canonical\" href=\"https:\/\/patagoniambiental.com.ar\/info\/se-inauguro-en-allen-la-planta-de-procesamiento-de-arena\/\" \/>\n<meta property=\"og:locale\" content=\"es_ES\" \/>\n<meta property=\"og:type\" content=\"article\" \/>\n<meta property=\"og:title\" content=\"Se inaugur\u00f3 en Allen la planta de procesamiento de arena\" \/>\n<meta property=\"og:url\" content=\"https:\/\/patagoniambiental.com.ar\/info\/se-inauguro-en-allen-la-planta-de-procesamiento-de-arena\/\" \/>\n<meta property=\"og:site_name\" content=\"Patagonia Ambiental\" \/>\n<meta property=\"article:publisher\" content=\"https:\/\/www.facebook.com\/patagonia.ambiental\" \/>\n<meta property=\"article:published_time\" content=\"2021-12-01T22:00:00+00:00\" \/>\n<meta property=\"article:modified_time\" content=\"2021-12-02T11:33:06+00:00\" \/>\n<meta property=\"og:image\" content=\"https:\/\/patagoniambiental.com.ar\/info\/wp-content\/uploads\/2021\/12\/1638383206_b9d858217cec235ff8b6.jpg\" \/>\n\t<meta property=\"og:image:width\" content=\"2048\" \/>\n\t<meta property=\"og:image:height\" content=\"1366\" \/>\n\t<meta property=\"og:image:type\" content=\"image\/jpeg\" \/>\n<meta name=\"author\" content=\"BRAIAN ESTEVEZ\" \/>\n<meta name=\"twitter:card\" content=\"summary_large_image\" \/>\n<meta name=\"twitter:creator\" content=\"@PatAmb\" \/>\n<meta name=\"twitter:site\" content=\"@PatAmb\" \/>\n<script type=\"application\/ld+json\" class=\"yoast-schema-graph\">{\"@context\":\"https:\\\/\\\/schema.org\",\"@graph\":[{\"@type\":\"Article\",\"@id\":\"https:\\\/\\\/patagoniambiental.com.ar\\\/info\\\/se-inauguro-en-allen-la-planta-de-procesamiento-de-arena\\\/#article\",\"isPartOf\":{\"@id\":\"https:\\\/\\\/patagoniambiental.com.ar\\\/info\\\/se-inauguro-en-allen-la-planta-de-procesamiento-de-arena\\\/\"},\"author\":{\"name\":\"BRAIAN ESTEVEZ\",\"@id\":\"https:\\\/\\\/patagoniambiental.com.ar\\\/info\\\/#\\\/schema\\\/person\\\/e5af09d700b2e82cb10c6b8800e0c691\"},\"headline\":\"Se inaugur\u00f3 en Allen la planta de procesamiento de arena\",\"datePublished\":\"2021-12-01T22:00:00+00:00\",\"dateModified\":\"2021-12-02T11:33:06+00:00\",\"mainEntityOfPage\":{\"@id\":\"https:\\\/\\\/patagoniambiental.com.ar\\\/info\\\/se-inauguro-en-allen-la-planta-de-procesamiento-de-arena\\\/\"},\"wordCount\":1096,\"commentCount\":0,\"publisher\":{\"@id\":\"https:\\\/\\\/patagoniambiental.com.ar\\\/info\\\/#organization\"},\"image\":{\"@id\":\"https:\\\/\\\/patagoniambiental.com.ar\\\/info\\\/se-inauguro-en-allen-la-planta-de-procesamiento-de-arena\\\/#primaryimage\"},\"thumbnailUrl\":\"https:\\\/\\\/patagoniambiental.com.ar\\\/info\\\/wp-content\\\/uploads\\\/2021\\\/12\\\/1638383206_b9d858217cec235ff8b6.jpg\",\"articleSection\":[\"Noticias\"],\"inLanguage\":\"es\",\"potentialAction\":[{\"@type\":\"CommentAction\",\"name\":\"Comment\",\"target\":[\"https:\\\/\\\/patagoniambiental.com.ar\\\/info\\\/se-inauguro-en-allen-la-planta-de-procesamiento-de-arena\\\/#respond\"]}]},{\"@type\":\"WebPage\",\"@id\":\"https:\\\/\\\/patagoniambiental.com.ar\\\/info\\\/se-inauguro-en-allen-la-planta-de-procesamiento-de-arena\\\/\",\"url\":\"https:\\\/\\\/patagoniambiental.com.ar\\\/info\\\/se-inauguro-en-allen-la-planta-de-procesamiento-de-arena\\\/\",\"name\":\"Se inaugur\u00f3 en Allen la planta de procesamiento de arena\",\"isPartOf\":{\"@id\":\"https:\\\/\\\/patagoniambiental.com.ar\\\/info\\\/#website\"},\"primaryImageOfPage\":{\"@id\":\"https:\\\/\\\/patagoniambiental.com.ar\\\/info\\\/se-inauguro-en-allen-la-planta-de-procesamiento-de-arena\\\/#primaryimage\"},\"image\":{\"@id\":\"https:\\\/\\\/patagoniambiental.com.ar\\\/info\\\/se-inauguro-en-allen-la-planta-de-procesamiento-de-arena\\\/#primaryimage\"},\"thumbnailUrl\":\"https:\\\/\\\/patagoniambiental.com.ar\\\/info\\\/wp-content\\\/uploads\\\/2021\\\/12\\\/1638383206_b9d858217cec235ff8b6.jpg\",\"datePublished\":\"2021-12-01T22:00:00+00:00\",\"dateModified\":\"2021-12-02T11:33:06+00:00\",\"breadcrumb\":{\"@id\":\"https:\\\/\\\/patagoniambiental.com.ar\\\/info\\\/se-inauguro-en-allen-la-planta-de-procesamiento-de-arena\\\/#breadcrumb\"},\"inLanguage\":\"es\",\"potentialAction\":[{\"@type\":\"ReadAction\",\"target\":[\"https:\\\/\\\/patagoniambiental.com.ar\\\/info\\\/se-inauguro-en-allen-la-planta-de-procesamiento-de-arena\\\/\"]}]},{\"@type\":\"ImageObject\",\"inLanguage\":\"es\",\"@id\":\"https:\\\/\\\/patagoniambiental.com.ar\\\/info\\\/se-inauguro-en-allen-la-planta-de-procesamiento-de-arena\\\/#primaryimage\",\"url\":\"https:\\\/\\\/patagoniambiental.com.ar\\\/info\\\/wp-content\\\/uploads\\\/2021\\\/12\\\/1638383206_b9d858217cec235ff8b6.jpg\",\"contentUrl\":\"https:\\\/\\\/patagoniambiental.com.ar\\\/info\\\/wp-content\\\/uploads\\\/2021\\\/12\\\/1638383206_b9d858217cec235ff8b6.jpg\",\"width\":900,\"height\":600},{\"@type\":\"BreadcrumbList\",\"@id\":\"https:\\\/\\\/patagoniambiental.com.ar\\\/info\\\/se-inauguro-en-allen-la-planta-de-procesamiento-de-arena\\\/#breadcrumb\",\"itemListElement\":[{\"@type\":\"ListItem\",\"position\":1,\"name\":\"Inicio\",\"item\":\"https:\\\/\\\/patagoniambiental.com.ar\\\/info\\\/\"},{\"@type\":\"ListItem\",\"position\":2,\"name\":\"Se inaugur\u00f3 en Allen la planta de procesamiento de arena\"}]},{\"@type\":\"WebSite\",\"@id\":\"https:\\\/\\\/patagoniambiental.com.ar\\\/info\\\/#website\",\"url\":\"https:\\\/\\\/patagoniambiental.com.ar\\\/info\\\/\",\"name\":\"Patagonia Ambiental\",\"description\":\"Monitoreo y an\u00e1lisis de la situaci\u00f3n geopol\u00edtica en el mundo y su implicancia en la Patagonia\",\"publisher\":{\"@id\":\"https:\\\/\\\/patagoniambiental.com.ar\\\/info\\\/#organization\"},\"potentialAction\":[{\"@type\":\"SearchAction\",\"target\":{\"@type\":\"EntryPoint\",\"urlTemplate\":\"https:\\\/\\\/patagoniambiental.com.ar\\\/info\\\/?s={search_term_string}\"},\"query-input\":{\"@type\":\"PropertyValueSpecification\",\"valueRequired\":true,\"valueName\":\"search_term_string\"}}],\"inLanguage\":\"es\"},{\"@type\":\"Organization\",\"@id\":\"https:\\\/\\\/patagoniambiental.com.ar\\\/info\\\/#organization\",\"name\":\"Patagonia Ambiental\",\"url\":\"https:\\\/\\\/patagoniambiental.com.ar\\\/info\\\/\",\"logo\":{\"@type\":\"ImageObject\",\"inLanguage\":\"es\",\"@id\":\"https:\\\/\\\/patagoniambiental.com.ar\\\/info\\\/#\\\/schema\\\/logo\\\/image\\\/\",\"url\":\"https:\\\/\\\/patagoniambiental.com.ar\\\/info\\\/wp-content\\\/uploads\\\/2025\\\/05\\\/LOGO-PATAGONIA-AMBIENTAL.png\",\"contentUrl\":\"https:\\\/\\\/patagoniambiental.com.ar\\\/info\\\/wp-content\\\/uploads\\\/2025\\\/05\\\/LOGO-PATAGONIA-AMBIENTAL.png\",\"width\":433,\"height\":250,\"caption\":\"Patagonia Ambiental\"},\"image\":{\"@id\":\"https:\\\/\\\/patagoniambiental.com.ar\\\/info\\\/#\\\/schema\\\/logo\\\/image\\\/\"},\"sameAs\":[\"https:\\\/\\\/www.facebook.com\\\/patagonia.ambiental\",\"https:\\\/\\\/x.com\\\/PatAmb\"]},{\"@type\":\"Person\",\"@id\":\"https:\\\/\\\/patagoniambiental.com.ar\\\/info\\\/#\\\/schema\\\/person\\\/e5af09d700b2e82cb10c6b8800e0c691\",\"name\":\"BRAIAN ESTEVEZ\",\"sameAs\":[\"http:\\\/\\\/www.patagoniambiental.com.ar\"]}]}<\/script>\n<!-- \/ Yoast SEO Premium plugin. -->","yoast_head_json":{"title":"Se inaugur\u00f3 en Allen la planta de procesamiento de arena","robots":{"index":"index","follow":"follow","max-snippet":"max-snippet:-1","max-image-preview":"max-image-preview:large","max-video-preview":"max-video-preview:-1"},"canonical":"https:\/\/patagoniambiental.com.ar\/info\/se-inauguro-en-allen-la-planta-de-procesamiento-de-arena\/","og_locale":"es_ES","og_type":"article","og_title":"Se inaugur\u00f3 en Allen la planta de procesamiento de arena","og_url":"https:\/\/patagoniambiental.com.ar\/info\/se-inauguro-en-allen-la-planta-de-procesamiento-de-arena\/","og_site_name":"Patagonia Ambiental","article_publisher":"https:\/\/www.facebook.com\/patagonia.ambiental","article_published_time":"2021-12-01T22:00:00+00:00","article_modified_time":"2021-12-02T11:33:06+00:00","og_image":[{"width":2048,"height":1366,"url":"https:\/\/patagoniambiental.com.ar\/info\/wp-content\/uploads\/2021\/12\/1638383206_b9d858217cec235ff8b6.jpg","type":"image\/jpeg"}],"author":"BRAIAN ESTEVEZ","twitter_card":"summary_large_image","twitter_creator":"@PatAmb","twitter_site":"@PatAmb","schema":{"@context":"https:\/\/schema.org","@graph":[{"@type":"Article","@id":"https:\/\/patagoniambiental.com.ar\/info\/se-inauguro-en-allen-la-planta-de-procesamiento-de-arena\/#article","isPartOf":{"@id":"https:\/\/patagoniambiental.com.ar\/info\/se-inauguro-en-allen-la-planta-de-procesamiento-de-arena\/"},"author":{"name":"BRAIAN ESTEVEZ","@id":"https:\/\/patagoniambiental.com.ar\/info\/#\/schema\/person\/e5af09d700b2e82cb10c6b8800e0c691"},"headline":"Se inaugur\u00f3 en Allen la planta de procesamiento de arena","datePublished":"2021-12-01T22:00:00+00:00","dateModified":"2021-12-02T11:33:06+00:00","mainEntityOfPage":{"@id":"https:\/\/patagoniambiental.com.ar\/info\/se-inauguro-en-allen-la-planta-de-procesamiento-de-arena\/"},"wordCount":1096,"commentCount":0,"publisher":{"@id":"https:\/\/patagoniambiental.com.ar\/info\/#organization"},"image":{"@id":"https:\/\/patagoniambiental.com.ar\/info\/se-inauguro-en-allen-la-planta-de-procesamiento-de-arena\/#primaryimage"},"thumbnailUrl":"https:\/\/patagoniambiental.com.ar\/info\/wp-content\/uploads\/2021\/12\/1638383206_b9d858217cec235ff8b6.jpg","articleSection":["Noticias"],"inLanguage":"es","potentialAction":[{"@type":"CommentAction","name":"Comment","target":["https:\/\/patagoniambiental.com.ar\/info\/se-inauguro-en-allen-la-planta-de-procesamiento-de-arena\/#respond"]}]},{"@type":"WebPage","@id":"https:\/\/patagoniambiental.com.ar\/info\/se-inauguro-en-allen-la-planta-de-procesamiento-de-arena\/","url":"https:\/\/patagoniambiental.com.ar\/info\/se-inauguro-en-allen-la-planta-de-procesamiento-de-arena\/","name":"Se inaugur\u00f3 en Allen la planta de procesamiento de arena","isPartOf":{"@id":"https:\/\/patagoniambiental.com.ar\/info\/#website"},"primaryImageOfPage":{"@id":"https:\/\/patagoniambiental.com.ar\/info\/se-inauguro-en-allen-la-planta-de-procesamiento-de-arena\/#primaryimage"},"image":{"@id":"https:\/\/patagoniambiental.com.ar\/info\/se-inauguro-en-allen-la-planta-de-procesamiento-de-arena\/#primaryimage"},"thumbnailUrl":"https:\/\/patagoniambiental.com.ar\/info\/wp-content\/uploads\/2021\/12\/1638383206_b9d858217cec235ff8b6.jpg","datePublished":"2021-12-01T22:00:00+00:00","dateModified":"2021-12-02T11:33:06+00:00","breadcrumb":{"@id":"https:\/\/patagoniambiental.com.ar\/info\/se-inauguro-en-allen-la-planta-de-procesamiento-de-arena\/#breadcrumb"},"inLanguage":"es","potentialAction":[{"@type":"ReadAction","target":["https:\/\/patagoniambiental.com.ar\/info\/se-inauguro-en-allen-la-planta-de-procesamiento-de-arena\/"]}]},{"@type":"ImageObject","inLanguage":"es","@id":"https:\/\/patagoniambiental.com.ar\/info\/se-inauguro-en-allen-la-planta-de-procesamiento-de-arena\/#primaryimage","url":"https:\/\/patagoniambiental.com.ar\/info\/wp-content\/uploads\/2021\/12\/1638383206_b9d858217cec235ff8b6.jpg","contentUrl":"https:\/\/patagoniambiental.com.ar\/info\/wp-content\/uploads\/2021\/12\/1638383206_b9d858217cec235ff8b6.jpg","width":900,"height":600},{"@type":"BreadcrumbList","@id":"https:\/\/patagoniambiental.com.ar\/info\/se-inauguro-en-allen-la-planta-de-procesamiento-de-arena\/#breadcrumb","itemListElement":[{"@type":"ListItem","position":1,"name":"Inicio","item":"https:\/\/patagoniambiental.com.ar\/info\/"},{"@type":"ListItem","position":2,"name":"Se inaugur\u00f3 en Allen la planta de procesamiento de arena"}]},{"@type":"WebSite","@id":"https:\/\/patagoniambiental.com.ar\/info\/#website","url":"https:\/\/patagoniambiental.com.ar\/info\/","name":"Patagonia Ambiental","description":"Monitoreo y an\u00e1lisis de la situaci\u00f3n geopol\u00edtica en el mundo y su implicancia en la Patagonia","publisher":{"@id":"https:\/\/patagoniambiental.com.ar\/info\/#organization"},"potentialAction":[{"@type":"SearchAction","target":{"@type":"EntryPoint","urlTemplate":"https:\/\/patagoniambiental.com.ar\/info\/?s={search_term_string}"},"query-input":{"@type":"PropertyValueSpecification","valueRequired":true,"valueName":"search_term_string"}}],"inLanguage":"es"},{"@type":"Organization","@id":"https:\/\/patagoniambiental.com.ar\/info\/#organization","name":"Patagonia Ambiental","url":"https:\/\/patagoniambiental.com.ar\/info\/","logo":{"@type":"ImageObject","inLanguage":"es","@id":"https:\/\/patagoniambiental.com.ar\/info\/#\/schema\/logo\/image\/","url":"https:\/\/patagoniambiental.com.ar\/info\/wp-content\/uploads\/2025\/05\/LOGO-PATAGONIA-AMBIENTAL.png","contentUrl":"https:\/\/patagoniambiental.com.ar\/info\/wp-content\/uploads\/2025\/05\/LOGO-PATAGONIA-AMBIENTAL.png","width":433,"height":250,"caption":"Patagonia Ambiental"},"image":{"@id":"https:\/\/patagoniambiental.com.ar\/info\/#\/schema\/logo\/image\/"},"sameAs":["https:\/\/www.facebook.com\/patagonia.ambiental","https:\/\/x.com\/PatAmb"]},{"@type":"Person","@id":"https:\/\/patagoniambiental.com.ar\/info\/#\/schema\/person\/e5af09d700b2e82cb10c6b8800e0c691","name":"BRAIAN ESTEVEZ","sameAs":["http:\/\/www.patagoniambiental.com.ar"]}]}},"_links":{"self":[{"href":"https:\/\/patagoniambiental.com.ar\/info\/wp-json\/wp\/v2\/posts\/74718","targetHints":{"allow":["GET"]}}],"collection":[{"href":"https:\/\/patagoniambiental.com.ar\/info\/wp-json\/wp\/v2\/posts"}],"about":[{"href":"https:\/\/patagoniambiental.com.ar\/info\/wp-json\/wp\/v2\/types\/post"}],"author":[{"embeddable":true,"href":"https:\/\/patagoniambiental.com.ar\/info\/wp-json\/wp\/v2\/users\/6"}],"replies":[{"embeddable":true,"href":"https:\/\/patagoniambiental.com.ar\/info\/wp-json\/wp\/v2\/comments?post=74718"}],"version-history":[{"count":0,"href":"https:\/\/patagoniambiental.com.ar\/info\/wp-json\/wp\/v2\/posts\/74718\/revisions"}],"wp:featuredmedia":[{"embeddable":true,"href":"https:\/\/patagoniambiental.com.ar\/info\/wp-json\/wp\/v2\/media\/74719"}],"wp:attachment":[{"href":"https:\/\/patagoniambiental.com.ar\/info\/wp-json\/wp\/v2\/media?parent=74718"}],"wp:term":[{"taxonomy":"category","embeddable":true,"href":"https:\/\/patagoniambiental.com.ar\/info\/wp-json\/wp\/v2\/categories?post=74718"},{"taxonomy":"post_tag","embeddable":true,"href":"https:\/\/patagoniambiental.com.ar\/info\/wp-json\/wp\/v2\/tags?post=74718"}],"curies":[{"name":"wp","href":"https:\/\/api.w.org\/{rel}","templated":true}]}}