{"id":74722,"date":"2021-12-01T19:00:00","date_gmt":"2021-12-01T22:00:00","guid":{"rendered":"http:\/\/patagoniambiental.com.ar\/info\/?p=74722"},"modified":"2021-12-02T08:38:32","modified_gmt":"2021-12-02T11:38:32","slug":"el-parlamento-patagonico-apoya-el-proyecto-hidrogeno-verde-en-rio-negro","status":"publish","type":"post","link":"https:\/\/patagoniambiental.com.ar\/info\/el-parlamento-patagonico-apoya-el-proyecto-hidrogeno-verde-en-rio-negro\/","title":{"rendered":"El Parlamento Patag\u00f3nico apoya el proyecto \u201cHidr\u00f3geno Verde\u201d en R\u00edo Negro"},"content":{"rendered":"\n<!--more-->\n\n\n\n<p>Neuquen.-El Parlamento Patag\u00f3nico sesion\u00f3 este mediod\u00eda en la Legislatura de la provincia de Neuqu\u00e9n y se pronunci\u00f3 a favor de apoyar la puesta en marcha del proyecto \u201cHidr\u00f3geno Verde\u201d en la provincia de R\u00edo Negro, que implicar\u00e1 la producci\u00f3n de combustible no contaminante y la creaci\u00f3n de la marca \u201cHecho en la Patagonia\u201d para distinguir productos elaborados en la regi\u00f3n, entre los principales temas tratados.<\/p>\n\n\n\n<hr class=\"wp-block-separator\"\/>\n\n\n\n<p>Otras iniciativas que tuvieron el acompa\u00f1amiento del cuerpo fueron la implementaci\u00f3n de una tarifa el\u00e9ctrica social, mejorar el servicio de telefon\u00eda m\u00f3vil. Se aprobaron por unanimidad 28 pronunciamientos sobre temas que tienen en com\u00fan las seis provincias que integran el cuerpo.<\/p>\n\n\n\n<p>La pr\u00f3xima reuni\u00f3n del Parlamento Patag\u00f3nico se realizar\u00e1 en Puerto Madryn, en marzo de 2022.<\/p>\n\n\n\n<p>El cuerpo regional legislativo tambi\u00e9n aval\u00f3 el documento rubricado del martes por los vicegobernadores de R\u00edo Negro, Neuqu\u00e9n, La Pampa, y Santa Cruz para la creaci\u00f3n de un r\u00e9gimen de promoci\u00f3n de empleo, el incremento de las frecuencias a\u00e9reas y la reducci\u00f3n del precio de los combustibles para las provincias productoras.<\/p>\n\n\n\n<p>El presidente de la comisi\u00f3n rionegrina de Parlamento Patag\u00f3nico,&nbsp;Juan Elbi Cides ponder\u00f3 el \u201cvolumen pol\u00edtico\u201d de la actual reuni\u00f3n del Parlamento Patag\u00f3nico, al contar con la presencia de funcionarios nacionales y vicegobernadores.<\/p>\n\n\n\n<p>El diputado fueguino Emmanuel Trentino, presidente del Parlamento Patag\u00f3nico, destac\u00f3 la participaci\u00f3n de todas las provincias que integran el cuerpo. \u201cHemos acortado las distancias\u201d, resalt\u00f3 tras recordar que en encuentros anteriores la participaci\u00f3n era menor. \u201cEstamos cambiando la realidad de nuestra gente y ese tiene que ser el objetivo del Parlamento Patag\u00f3nico\u201d, sostuvo.<\/p>\n\n\n\n<h3 class=\"wp-block-heading\">Pronunciamientos del Parlamento Patag\u00f3nico<\/h3>\n\n\n\n<p>En materia ambiental y energ\u00edas alternativas, la C\u00e1mara aprob\u00f3 una declaraci\u00f3n que expresa benepl\u00e1cito por la puesta en marcha del Proyecto \u201cHidr\u00f3geno Verde\u201d en la provincia de R\u00edo Negro, que implicar\u00e1 la producci\u00f3n de combustible no contaminante, al tiempo que aprob\u00f3 una declaraci\u00f3n de respaldo a la participaci\u00f3n del presidente de la Naci\u00f3n, Alberto Fern\u00e1ndez, en la \u00faltima Conferencia de las Naciones Unidas sobre el Cambio Clim\u00e1tico.<\/p>\n\n\n\n<p>\u201cSe trata de un proyecto presentado la semana pasada en la legislatura de nuestra provincia, en este caso hoy le sumamos el benepl\u00e1cito del Parlamento Patag\u00f3nico. Nosotros a partir de este anuncio vamos a pasar a ser uno de los seis pa\u00edses de todo el Mundo, que van a producir hidr\u00f3geno verde\u201d, destac\u00f3 Mar\u00eda Liliana Gemignani autora de la iniciativa.<\/p>\n\n\n\n<p>Otras provincias patag\u00f3nicas tienen en agenda el desarrollo de proyectos sobre hidrogeno verde como Chubut, Tierra del Fuego y Neuqu\u00e9n a trav\u00e9s de la empresa YPF. En la ciudad de Pico Truncado, Provincia de Santa Cruz existe desde 2003 la planta experimental de hidrogeno, primera de Argentina y de Am\u00e9rica Latina. Sobre esta se est\u00e1n desarrollando estudios de prefactibilidad para pasar a una fase industrial.<\/p>\n\n\n\n<p>De esta forma Argentina pasar\u00e1 a formar parte del selecto grupo de solo seis pa\u00edses que producen Hidr\u00f3geno Verde: China, Pa\u00edses Bajos, Alemania, Arabia Saudita, Australia,<\/p>\n\n\n\n<p>Los legisladores y las legisladoras tambi\u00e9n aprobaron una serie de proyectos vinculados a la reivindicaci\u00f3n y soberan\u00eda de las Islas Malvinas en tanto territorio argentino. Se trata de una declaraci\u00f3n en apoyo a la propuesta del Ejecutivo nacional de crear un Consejo Nacional de Asuntos relativos a las Islas Malvinas, Georgias del Sur, Sandwich del Sur y los espacios mar\u00edtimos circundantes; una recomendaci\u00f3n para a\u00f1adir la imagen de las Islas en los guardapolvos y uniformes de los alumnos y alumnas de los tres primeros niveles educativos y, finalmente, una declaraci\u00f3n de repudio a las elecciones de autoridades para la ileg\u00edtima Asamblea Legislativa Unicameral en las Islas Malvinas por parte del gobierno brit\u00e1nico.<\/p>\n\n\n\n<p>Fuente: Legislatura de Rio Negro<\/p>\n","protected":false},"excerpt":{"rendered":"","protected":false},"author":6,"featured_media":74723,"comment_status":"open","ping_status":"open","sticky":false,"template":"","format":"standard","meta":{"site-sidebar-layout":"default","site-content-layout":"","ast-site-content-layout":"default","site-content-style":"default","site-sidebar-style":"default","ast-global-header-display":"","ast-banner-title-visibility":"","ast-main-header-display":"","ast-hfb-above-header-display":"","ast-hfb-below-header-display":"","ast-hfb-mobile-header-display":"","site-post-title":"","ast-breadcrumbs-content":"","ast-featured-img":"","footer-sml-layout":"","ast-disable-related-posts":"","theme-transparent-header-meta":"","adv-header-id-meta":"","stick-header-meta":"","header-above-stick-meta":"","header-main-stick-meta":"","header-below-stick-meta":"","astra-migrate-meta-layouts":"default","ast-page-background-enabled":"default","ast-page-background-meta":{"desktop":{"background-color":"var(--ast-global-color-5)","background-image":"","background-repeat":"repeat","background-position":"center center","background-size":"auto","background-attachment":"scroll","background-type":"","background-media":"","overlay-type":"","overlay-color":"","overlay-opacity":"","overlay-gradient":""},"tablet":{"background-color":"","background-image":"","background-repeat":"repeat","background-position":"center center","background-size":"auto","background-attachment":"scroll","background-type":"","background-media":"","overlay-type":"","overlay-color":"","overlay-opacity":"","overlay-gradient":""},"mobile":{"background-color":"","background-image":"","background-repeat":"repeat","background-position":"center center","background-size":"auto","background-attachment":"scroll","background-type":"","background-media":"","overlay-type":"","overlay-color":"","overlay-opacity":"","overlay-gradient":""}},"ast-content-background-meta":{"desktop":{"background-color":"var(--ast-global-color-4)","background-image":"","background-repeat":"repeat","background-position":"center center","background-size":"auto","background-attachment":"scroll","background-type":"","background-media":"","overlay-type":"","overlay-color":"","overlay-opacity":"","overlay-gradient":""},"tablet":{"background-color":"var(--ast-global-color-4)","background-image":"","background-repeat":"repeat","background-position":"center center","background-size":"auto","background-attachment":"scroll","background-type":"","background-media":"","overlay-type":"","overlay-color":"","overlay-opacity":"","overlay-gradient":""},"mobile":{"background-color":"var(--ast-global-color-4)","background-image":"","background-repeat":"repeat","background-position":"center center","background-size":"auto","background-attachment":"scroll","background-type":"","background-media":"","overlay-type":"","overlay-color":"","overlay-opacity":"","overlay-gradient":""}},"footnotes":""},"categories":[1],"tags":[],"class_list":["post-74722","post","type-post","status-publish","format-standard","has-post-thumbnail","hentry","category-noticias"],"yoast_head":"<!-- This site is optimized with the Yoast SEO Premium plugin v23.0 (Yoast SEO v27.5) - https:\/\/yoast.com\/product\/yoast-seo-premium-wordpress\/ -->\n<title>El Parlamento Patag\u00f3nico apoya el proyecto \u201cHidr\u00f3geno Verde\u201d en R\u00edo Negro<\/title>\n<meta name=\"robots\" content=\"index, follow, max-snippet:-1, max-image-preview:large, max-video-preview:-1\" \/>\n<link rel=\"canonical\" href=\"https:\/\/patagoniambiental.com.ar\/info\/el-parlamento-patagonico-apoya-el-proyecto-hidrogeno-verde-en-rio-negro\/\" \/>\n<meta property=\"og:locale\" content=\"es_ES\" \/>\n<meta property=\"og:type\" content=\"article\" \/>\n<meta property=\"og:title\" content=\"El Parlamento Patag\u00f3nico apoya el proyecto \u201cHidr\u00f3geno Verde\u201d en R\u00edo Negro\" \/>\n<meta property=\"og:url\" content=\"https:\/\/patagoniambiental.com.ar\/info\/el-parlamento-patagonico-apoya-el-proyecto-hidrogeno-verde-en-rio-negro\/\" \/>\n<meta property=\"og:site_name\" content=\"Patagonia Ambiental\" \/>\n<meta property=\"article:publisher\" content=\"https:\/\/www.facebook.com\/patagonia.ambiental\" \/>\n<meta property=\"article:published_time\" content=\"2021-12-01T22:00:00+00:00\" \/>\n<meta property=\"article:modified_time\" content=\"2021-12-02T11:38:32+00:00\" \/>\n<meta property=\"og:image\" content=\"https:\/\/patagoniambiental.com.ar\/info\/wp-content\/uploads\/2021\/12\/parlamento-patagonico-rionegrinos-800x383-1.jpg\" \/>\n\t<meta property=\"og:image:width\" content=\"800\" \/>\n\t<meta property=\"og:image:height\" content=\"383\" \/>\n\t<meta property=\"og:image:type\" content=\"image\/jpeg\" \/>\n<meta name=\"author\" content=\"BRAIAN ESTEVEZ\" \/>\n<meta name=\"twitter:card\" content=\"summary_large_image\" \/>\n<meta name=\"twitter:creator\" content=\"@PatAmb\" \/>\n<meta name=\"twitter:site\" content=\"@PatAmb\" \/>\n<script type=\"application\/ld+json\" class=\"yoast-schema-graph\">{\"@context\":\"https:\\\/\\\/schema.org\",\"@graph\":[{\"@type\":\"Article\",\"@id\":\"https:\\\/\\\/patagoniambiental.com.ar\\\/info\\\/el-parlamento-patagonico-apoya-el-proyecto-hidrogeno-verde-en-rio-negro\\\/#article\",\"isPartOf\":{\"@id\":\"https:\\\/\\\/patagoniambiental.com.ar\\\/info\\\/el-parlamento-patagonico-apoya-el-proyecto-hidrogeno-verde-en-rio-negro\\\/\"},\"author\":{\"name\":\"BRAIAN ESTEVEZ\",\"@id\":\"https:\\\/\\\/patagoniambiental.com.ar\\\/info\\\/#\\\/schema\\\/person\\\/e5af09d700b2e82cb10c6b8800e0c691\"},\"headline\":\"El Parlamento Patag\u00f3nico apoya el proyecto \u201cHidr\u00f3geno Verde\u201d en R\u00edo Negro\",\"datePublished\":\"2021-12-01T22:00:00+00:00\",\"dateModified\":\"2021-12-02T11:38:32+00:00\",\"mainEntityOfPage\":{\"@id\":\"https:\\\/\\\/patagoniambiental.com.ar\\\/info\\\/el-parlamento-patagonico-apoya-el-proyecto-hidrogeno-verde-en-rio-negro\\\/\"},\"wordCount\":680,\"commentCount\":0,\"publisher\":{\"@id\":\"https:\\\/\\\/patagoniambiental.com.ar\\\/info\\\/#organization\"},\"image\":{\"@id\":\"https:\\\/\\\/patagoniambiental.com.ar\\\/info\\\/el-parlamento-patagonico-apoya-el-proyecto-hidrogeno-verde-en-rio-negro\\\/#primaryimage\"},\"thumbnailUrl\":\"https:\\\/\\\/patagoniambiental.com.ar\\\/info\\\/wp-content\\\/uploads\\\/2021\\\/12\\\/parlamento-patagonico-rionegrinos-800x383-1.jpg\",\"articleSection\":[\"Noticias\"],\"inLanguage\":\"es\",\"potentialAction\":[{\"@type\":\"CommentAction\",\"name\":\"Comment\",\"target\":[\"https:\\\/\\\/patagoniambiental.com.ar\\\/info\\\/el-parlamento-patagonico-apoya-el-proyecto-hidrogeno-verde-en-rio-negro\\\/#respond\"]}]},{\"@type\":\"WebPage\",\"@id\":\"https:\\\/\\\/patagoniambiental.com.ar\\\/info\\\/el-parlamento-patagonico-apoya-el-proyecto-hidrogeno-verde-en-rio-negro\\\/\",\"url\":\"https:\\\/\\\/patagoniambiental.com.ar\\\/info\\\/el-parlamento-patagonico-apoya-el-proyecto-hidrogeno-verde-en-rio-negro\\\/\",\"name\":\"El Parlamento Patag\u00f3nico apoya el proyecto \u201cHidr\u00f3geno Verde\u201d en R\u00edo Negro\",\"isPartOf\":{\"@id\":\"https:\\\/\\\/patagoniambiental.com.ar\\\/info\\\/#website\"},\"primaryImageOfPage\":{\"@id\":\"https:\\\/\\\/patagoniambiental.com.ar\\\/info\\\/el-parlamento-patagonico-apoya-el-proyecto-hidrogeno-verde-en-rio-negro\\\/#primaryimage\"},\"image\":{\"@id\":\"https:\\\/\\\/patagoniambiental.com.ar\\\/info\\\/el-parlamento-patagonico-apoya-el-proyecto-hidrogeno-verde-en-rio-negro\\\/#primaryimage\"},\"thumbnailUrl\":\"https:\\\/\\\/patagoniambiental.com.ar\\\/info\\\/wp-content\\\/uploads\\\/2021\\\/12\\\/parlamento-patagonico-rionegrinos-800x383-1.jpg\",\"datePublished\":\"2021-12-01T22:00:00+00:00\",\"dateModified\":\"2021-12-02T11:38:32+00:00\",\"breadcrumb\":{\"@id\":\"https:\\\/\\\/patagoniambiental.com.ar\\\/info\\\/el-parlamento-patagonico-apoya-el-proyecto-hidrogeno-verde-en-rio-negro\\\/#breadcrumb\"},\"inLanguage\":\"es\",\"potentialAction\":[{\"@type\":\"ReadAction\",\"target\":[\"https:\\\/\\\/patagoniambiental.com.ar\\\/info\\\/el-parlamento-patagonico-apoya-el-proyecto-hidrogeno-verde-en-rio-negro\\\/\"]}]},{\"@type\":\"ImageObject\",\"inLanguage\":\"es\",\"@id\":\"https:\\\/\\\/patagoniambiental.com.ar\\\/info\\\/el-parlamento-patagonico-apoya-el-proyecto-hidrogeno-verde-en-rio-negro\\\/#primaryimage\",\"url\":\"https:\\\/\\\/patagoniambiental.com.ar\\\/info\\\/wp-content\\\/uploads\\\/2021\\\/12\\\/parlamento-patagonico-rionegrinos-800x383-1.jpg\",\"contentUrl\":\"https:\\\/\\\/patagoniambiental.com.ar\\\/info\\\/wp-content\\\/uploads\\\/2021\\\/12\\\/parlamento-patagonico-rionegrinos-800x383-1.jpg\",\"width\":800,\"height\":383},{\"@type\":\"BreadcrumbList\",\"@id\":\"https:\\\/\\\/patagoniambiental.com.ar\\\/info\\\/el-parlamento-patagonico-apoya-el-proyecto-hidrogeno-verde-en-rio-negro\\\/#breadcrumb\",\"itemListElement\":[{\"@type\":\"ListItem\",\"position\":1,\"name\":\"Inicio\",\"item\":\"https:\\\/\\\/patagoniambiental.com.ar\\\/info\\\/\"},{\"@type\":\"ListItem\",\"position\":2,\"name\":\"El Parlamento Patag\u00f3nico apoya el proyecto \u201cHidr\u00f3geno Verde\u201d en R\u00edo Negro\"}]},{\"@type\":\"WebSite\",\"@id\":\"https:\\\/\\\/patagoniambiental.com.ar\\\/info\\\/#website\",\"url\":\"https:\\\/\\\/patagoniambiental.com.ar\\\/info\\\/\",\"name\":\"Patagonia Ambiental\",\"description\":\"Monitoreo y an\u00e1lisis de la situaci\u00f3n geopol\u00edtica en el mundo y su implicancia en la Patagonia\",\"publisher\":{\"@id\":\"https:\\\/\\\/patagoniambiental.com.ar\\\/info\\\/#organization\"},\"potentialAction\":[{\"@type\":\"SearchAction\",\"target\":{\"@type\":\"EntryPoint\",\"urlTemplate\":\"https:\\\/\\\/patagoniambiental.com.ar\\\/info\\\/?s={search_term_string}\"},\"query-input\":{\"@type\":\"PropertyValueSpecification\",\"valueRequired\":true,\"valueName\":\"search_term_string\"}}],\"inLanguage\":\"es\"},{\"@type\":\"Organization\",\"@id\":\"https:\\\/\\\/patagoniambiental.com.ar\\\/info\\\/#organization\",\"name\":\"Patagonia Ambiental\",\"url\":\"https:\\\/\\\/patagoniambiental.com.ar\\\/info\\\/\",\"logo\":{\"@type\":\"ImageObject\",\"inLanguage\":\"es\",\"@id\":\"https:\\\/\\\/patagoniambiental.com.ar\\\/info\\\/#\\\/schema\\\/logo\\\/image\\\/\",\"url\":\"https:\\\/\\\/patagoniambiental.com.ar\\\/info\\\/wp-content\\\/uploads\\\/2025\\\/05\\\/LOGO-PATAGONIA-AMBIENTAL.png\",\"contentUrl\":\"https:\\\/\\\/patagoniambiental.com.ar\\\/info\\\/wp-content\\\/uploads\\\/2025\\\/05\\\/LOGO-PATAGONIA-AMBIENTAL.png\",\"width\":433,\"height\":250,\"caption\":\"Patagonia Ambiental\"},\"image\":{\"@id\":\"https:\\\/\\\/patagoniambiental.com.ar\\\/info\\\/#\\\/schema\\\/logo\\\/image\\\/\"},\"sameAs\":[\"https:\\\/\\\/www.facebook.com\\\/patagonia.ambiental\",\"https:\\\/\\\/x.com\\\/PatAmb\"]},{\"@type\":\"Person\",\"@id\":\"https:\\\/\\\/patagoniambiental.com.ar\\\/info\\\/#\\\/schema\\\/person\\\/e5af09d700b2e82cb10c6b8800e0c691\",\"name\":\"BRAIAN ESTEVEZ\",\"sameAs\":[\"http:\\\/\\\/www.patagoniambiental.com.ar\"]}]}<\/script>\n<!-- \/ Yoast SEO Premium plugin. -->","yoast_head_json":{"title":"El Parlamento Patag\u00f3nico apoya el proyecto \u201cHidr\u00f3geno Verde\u201d en R\u00edo Negro","robots":{"index":"index","follow":"follow","max-snippet":"max-snippet:-1","max-image-preview":"max-image-preview:large","max-video-preview":"max-video-preview:-1"},"canonical":"https:\/\/patagoniambiental.com.ar\/info\/el-parlamento-patagonico-apoya-el-proyecto-hidrogeno-verde-en-rio-negro\/","og_locale":"es_ES","og_type":"article","og_title":"El Parlamento Patag\u00f3nico apoya el proyecto \u201cHidr\u00f3geno Verde\u201d en R\u00edo Negro","og_url":"https:\/\/patagoniambiental.com.ar\/info\/el-parlamento-patagonico-apoya-el-proyecto-hidrogeno-verde-en-rio-negro\/","og_site_name":"Patagonia Ambiental","article_publisher":"https:\/\/www.facebook.com\/patagonia.ambiental","article_published_time":"2021-12-01T22:00:00+00:00","article_modified_time":"2021-12-02T11:38:32+00:00","og_image":[{"width":800,"height":383,"url":"https:\/\/patagoniambiental.com.ar\/info\/wp-content\/uploads\/2021\/12\/parlamento-patagonico-rionegrinos-800x383-1.jpg","type":"image\/jpeg"}],"author":"BRAIAN ESTEVEZ","twitter_card":"summary_large_image","twitter_creator":"@PatAmb","twitter_site":"@PatAmb","schema":{"@context":"https:\/\/schema.org","@graph":[{"@type":"Article","@id":"https:\/\/patagoniambiental.com.ar\/info\/el-parlamento-patagonico-apoya-el-proyecto-hidrogeno-verde-en-rio-negro\/#article","isPartOf":{"@id":"https:\/\/patagoniambiental.com.ar\/info\/el-parlamento-patagonico-apoya-el-proyecto-hidrogeno-verde-en-rio-negro\/"},"author":{"name":"BRAIAN ESTEVEZ","@id":"https:\/\/patagoniambiental.com.ar\/info\/#\/schema\/person\/e5af09d700b2e82cb10c6b8800e0c691"},"headline":"El Parlamento Patag\u00f3nico apoya el proyecto \u201cHidr\u00f3geno Verde\u201d en R\u00edo Negro","datePublished":"2021-12-01T22:00:00+00:00","dateModified":"2021-12-02T11:38:32+00:00","mainEntityOfPage":{"@id":"https:\/\/patagoniambiental.com.ar\/info\/el-parlamento-patagonico-apoya-el-proyecto-hidrogeno-verde-en-rio-negro\/"},"wordCount":680,"commentCount":0,"publisher":{"@id":"https:\/\/patagoniambiental.com.ar\/info\/#organization"},"image":{"@id":"https:\/\/patagoniambiental.com.ar\/info\/el-parlamento-patagonico-apoya-el-proyecto-hidrogeno-verde-en-rio-negro\/#primaryimage"},"thumbnailUrl":"https:\/\/patagoniambiental.com.ar\/info\/wp-content\/uploads\/2021\/12\/parlamento-patagonico-rionegrinos-800x383-1.jpg","articleSection":["Noticias"],"inLanguage":"es","potentialAction":[{"@type":"CommentAction","name":"Comment","target":["https:\/\/patagoniambiental.com.ar\/info\/el-parlamento-patagonico-apoya-el-proyecto-hidrogeno-verde-en-rio-negro\/#respond"]}]},{"@type":"WebPage","@id":"https:\/\/patagoniambiental.com.ar\/info\/el-parlamento-patagonico-apoya-el-proyecto-hidrogeno-verde-en-rio-negro\/","url":"https:\/\/patagoniambiental.com.ar\/info\/el-parlamento-patagonico-apoya-el-proyecto-hidrogeno-verde-en-rio-negro\/","name":"El Parlamento Patag\u00f3nico apoya el proyecto \u201cHidr\u00f3geno Verde\u201d en R\u00edo Negro","isPartOf":{"@id":"https:\/\/patagoniambiental.com.ar\/info\/#website"},"primaryImageOfPage":{"@id":"https:\/\/patagoniambiental.com.ar\/info\/el-parlamento-patagonico-apoya-el-proyecto-hidrogeno-verde-en-rio-negro\/#primaryimage"},"image":{"@id":"https:\/\/patagoniambiental.com.ar\/info\/el-parlamento-patagonico-apoya-el-proyecto-hidrogeno-verde-en-rio-negro\/#primaryimage"},"thumbnailUrl":"https:\/\/patagoniambiental.com.ar\/info\/wp-content\/uploads\/2021\/12\/parlamento-patagonico-rionegrinos-800x383-1.jpg","datePublished":"2021-12-01T22:00:00+00:00","dateModified":"2021-12-02T11:38:32+00:00","breadcrumb":{"@id":"https:\/\/patagoniambiental.com.ar\/info\/el-parlamento-patagonico-apoya-el-proyecto-hidrogeno-verde-en-rio-negro\/#breadcrumb"},"inLanguage":"es","potentialAction":[{"@type":"ReadAction","target":["https:\/\/patagoniambiental.com.ar\/info\/el-parlamento-patagonico-apoya-el-proyecto-hidrogeno-verde-en-rio-negro\/"]}]},{"@type":"ImageObject","inLanguage":"es","@id":"https:\/\/patagoniambiental.com.ar\/info\/el-parlamento-patagonico-apoya-el-proyecto-hidrogeno-verde-en-rio-negro\/#primaryimage","url":"https:\/\/patagoniambiental.com.ar\/info\/wp-content\/uploads\/2021\/12\/parlamento-patagonico-rionegrinos-800x383-1.jpg","contentUrl":"https:\/\/patagoniambiental.com.ar\/info\/wp-content\/uploads\/2021\/12\/parlamento-patagonico-rionegrinos-800x383-1.jpg","width":800,"height":383},{"@type":"BreadcrumbList","@id":"https:\/\/patagoniambiental.com.ar\/info\/el-parlamento-patagonico-apoya-el-proyecto-hidrogeno-verde-en-rio-negro\/#breadcrumb","itemListElement":[{"@type":"ListItem","position":1,"name":"Inicio","item":"https:\/\/patagoniambiental.com.ar\/info\/"},{"@type":"ListItem","position":2,"name":"El Parlamento Patag\u00f3nico apoya el proyecto \u201cHidr\u00f3geno Verde\u201d en R\u00edo Negro"}]},{"@type":"WebSite","@id":"https:\/\/patagoniambiental.com.ar\/info\/#website","url":"https:\/\/patagoniambiental.com.ar\/info\/","name":"Patagonia Ambiental","description":"Monitoreo y an\u00e1lisis de la situaci\u00f3n geopol\u00edtica en el mundo y su implicancia en la Patagonia","publisher":{"@id":"https:\/\/patagoniambiental.com.ar\/info\/#organization"},"potentialAction":[{"@type":"SearchAction","target":{"@type":"EntryPoint","urlTemplate":"https:\/\/patagoniambiental.com.ar\/info\/?s={search_term_string}"},"query-input":{"@type":"PropertyValueSpecification","valueRequired":true,"valueName":"search_term_string"}}],"inLanguage":"es"},{"@type":"Organization","@id":"https:\/\/patagoniambiental.com.ar\/info\/#organization","name":"Patagonia Ambiental","url":"https:\/\/patagoniambiental.com.ar\/info\/","logo":{"@type":"ImageObject","inLanguage":"es","@id":"https:\/\/patagoniambiental.com.ar\/info\/#\/schema\/logo\/image\/","url":"https:\/\/patagoniambiental.com.ar\/info\/wp-content\/uploads\/2025\/05\/LOGO-PATAGONIA-AMBIENTAL.png","contentUrl":"https:\/\/patagoniambiental.com.ar\/info\/wp-content\/uploads\/2025\/05\/LOGO-PATAGONIA-AMBIENTAL.png","width":433,"height":250,"caption":"Patagonia Ambiental"},"image":{"@id":"https:\/\/patagoniambiental.com.ar\/info\/#\/schema\/logo\/image\/"},"sameAs":["https:\/\/www.facebook.com\/patagonia.ambiental","https:\/\/x.com\/PatAmb"]},{"@type":"Person","@id":"https:\/\/patagoniambiental.com.ar\/info\/#\/schema\/person\/e5af09d700b2e82cb10c6b8800e0c691","name":"BRAIAN ESTEVEZ","sameAs":["http:\/\/www.patagoniambiental.com.ar"]}]}},"_links":{"self":[{"href":"https:\/\/patagoniambiental.com.ar\/info\/wp-json\/wp\/v2\/posts\/74722","targetHints":{"allow":["GET"]}}],"collection":[{"href":"https:\/\/patagoniambiental.com.ar\/info\/wp-json\/wp\/v2\/posts"}],"about":[{"href":"https:\/\/patagoniambiental.com.ar\/info\/wp-json\/wp\/v2\/types\/post"}],"author":[{"embeddable":true,"href":"https:\/\/patagoniambiental.com.ar\/info\/wp-json\/wp\/v2\/users\/6"}],"replies":[{"embeddable":true,"href":"https:\/\/patagoniambiental.com.ar\/info\/wp-json\/wp\/v2\/comments?post=74722"}],"version-history":[{"count":0,"href":"https:\/\/patagoniambiental.com.ar\/info\/wp-json\/wp\/v2\/posts\/74722\/revisions"}],"wp:featuredmedia":[{"embeddable":true,"href":"https:\/\/patagoniambiental.com.ar\/info\/wp-json\/wp\/v2\/media\/74723"}],"wp:attachment":[{"href":"https:\/\/patagoniambiental.com.ar\/info\/wp-json\/wp\/v2\/media?parent=74722"}],"wp:term":[{"taxonomy":"category","embeddable":true,"href":"https:\/\/patagoniambiental.com.ar\/info\/wp-json\/wp\/v2\/categories?post=74722"},{"taxonomy":"post_tag","embeddable":true,"href":"https:\/\/patagoniambiental.com.ar\/info\/wp-json\/wp\/v2\/tags?post=74722"}],"curies":[{"name":"wp","href":"https:\/\/api.w.org\/{rel}","templated":true}]}}