{"id":74749,"date":"2021-12-07T07:00:00","date_gmt":"2021-12-07T10:00:00","guid":{"rendered":"http:\/\/patagoniambiental.com.ar\/info\/?p=74749"},"modified":"2021-12-07T10:00:03","modified_gmt":"2021-12-07T13:00:03","slug":"empezo-la-construccion-del-primer-parque-solar-de-neuquen","status":"publish","type":"post","link":"https:\/\/patagoniambiental.com.ar\/info\/empezo-la-construccion-del-primer-parque-solar-de-neuquen\/","title":{"rendered":"Empez\u00f3 la construcci\u00f3n del primer parque solar de Neuqu\u00e9n"},"content":{"rendered":"\n<!--more-->\n\n\n\n<p><strong>El parque solar El Alamito est\u00e1 ubicado en el norte de la provincia. El gobernador Omar Guti\u00e9rrez celebr\u00f3 el proyecto.<\/strong><\/p>\n\n\n\n<figure class=\"wp-block-image\"><a href=\"https:\/\/img.minutoneuquen.com\/u\/fotografias\/fotosnoticias\/2021\/12\/7\/509842.jpg\"><img decoding=\"async\" src=\"https:\/\/img.minutoneuquen.com\/u\/fotografias\/m\/2021\/12\/7\/f800x450-509842_561288_5050.jpg\" alt=\"Empez\u00f3 la construcci\u00f3n del primer parque solar de Neuqu\u00e9n\"\/><\/a><figcaption>El acto de la puesta en marcha del parque solar. Fuente: (Twitter).<\/figcaption><\/figure>\n\n\n\n<p><a href=\"https:\/\/www.minutoneuquen.com\/energia\/2021\/12\/7\/empezo-la-construccion-del-primer-parque-solar-de-neuquen-302464.html\">ENERG\u00cdA<\/a><\/p>\n\n\n\n<figure class=\"wp-block-image\"><a href=\"https:\/\/www.minutoneuquen.com\/autor\/julia-maestri.html\"><img decoding=\"async\" src=\"https:\/\/img.minutoneuquen.com\/u\/aps\/noticias\/fotografias\/autor-121.jpg\" alt=\"Julia Maestri\"\/><\/a><\/figure>\n\n\n\n<p><a href=\"https:\/\/www.minutoneuquen.com\/autor\/julia-maestri.html\">Por&nbsp;Julia Maestri<\/a>martes, 7 de diciembre de 2021 \u00b7 08:32<\/p>\n\n\n\n<p>Adem\u00e1s de apuntalar la producci\u00f3n de hidrocarburos, Neuqu\u00e9n avanza en impulsar la generaci\u00f3n de energ\u00edas renovables. De ese modo, se dio a conocer que comenz\u00f3 la construcci\u00f3n del primer&nbsp;<strong>parque solar&nbsp;<\/strong>de la provincia.<\/p>\n\n\n\n<p>As\u00ed lo anunci\u00f3 el gobernador Omar Guti\u00e9rrez, quien puso en marcha la obra de&nbsp;<a href=\"https:\/\/es.wikipedia.org\/wiki\/Energ%C3%ADa_solar_en_Argentina\" target=\"_blank\" rel=\"noreferrer noopener\">la planta de renovables<\/a>&nbsp;conocida como El Alamito. El<strong>&nbsp;parque solar<\/strong>&nbsp;est\u00e1 ubicado en el norte neuquino y, seg\u00fan enfatizaron, se trata de \u201cotro hito fundamental\u201d para la provincia.https:\/\/f24d279fdacee69fbbd550335c58b8cd.safeframe.googlesyndication.com\/safeframe\/1-0-38\/html\/container.html<\/p>\n\n\n\n<figure class=\"wp-block-image\"><img decoding=\"async\" src=\"https:\/\/www.minutoneuquen.com\/u\/fotografias\/m\/2021\/12\/7\/f768x1-509845_509972_5050.jpg\" alt=\"\"\/><figcaption>Omar Guti\u00e9rrez, gobernador de Neuqu\u00e9n, en el acto.<\/figcaption><\/figure>\n\n\n\n<p>\u201cSeguimos construyendo progreso y desarrollo con participaci\u00f3n, confiando en nuestra gente y viendo por d\u00f3nde pasa el camino para hacer realidad los sue\u00f1os\u201d, sostuvo el mandatario en la inauguraci\u00f3n de las obras del&nbsp;<strong>parque solar<\/strong>.<\/p>\n\n\n\n<p>Asimismo, explicaron que este lleva el nombre \u201cdel paraje que se ubica a unos 20 kil\u00f3metros de Chos Malal\u201d y consideraron que \u201ccontribuye al crecimiento con justicia social y territorial, que la gesti\u00f3n de gobierno tiene como eje medular\u201d.https:\/\/f24d279fdacee69fbbd550335c58b8cd.safeframe.googlesyndication.com\/safeframe\/1-0-38\/html\/container.html<\/p>\n\n\n\n<figure class=\"wp-block-image\"><img decoding=\"async\" src=\"https:\/\/www.minutoneuquen.com\/u\/fotografias\/m\/2021\/12\/7\/f768x1-509844_509971_5050.jpg\" alt=\"\"\/><figcaption>En el acto, Guti\u00e9rrez asegur\u00f3 que&nbsp;\u201cel norte y centro de la provincia son pioneros\u201d.<\/figcaption><\/figure>\n\n\n\n<p>Al respecto,&nbsp;el gobernador ratific\u00f3: \u201cHoy estamos aqu\u00ed fruto de una planificaci\u00f3n territorial que busca, con equidad, justicia social\u201d. De ese modo, agradeci\u00f3 a \u201cPedro Salvatori, Jos\u00e9 Brillo, Felipe Sapag, El\u00edas Sapag, Amado Sapag, Ana Pechen, Jorge Sobisch y Jorge Sapag\u201d.<\/p>\n\n\n\n<p>Y a\u00f1adi\u00f3 que&nbsp;<a href=\"http:\/\/www.web.adinqn.gov.ar\/sectores\/energeticos\/fotovoltaico\/alamito\/\" target=\"_blank\" rel=\"noreferrer noopener\">el proyecto<\/a>&nbsp;\u201chace punta en esta necesidad de hacer pol\u00edtica p\u00fablica adapt\u00e1ndonos a los cambios clim\u00e1ticos, cuidando y promoviendo el desarrollo de energ\u00edas limpias y no contaminantes\u201d.<\/p>\n\n\n\n<figure class=\"wp-block-image\"><img decoding=\"async\" src=\"https:\/\/www.minutoneuquen.com\/u\/fotografias\/m\/2021\/12\/7\/f768x1-509843_509970_5050.jpg\" alt=\"\"\/><figcaption>El titular de la Agencia de Inversiones del Neuqu\u00e9n ADI-NQN, Jos\u00e9 Brillo, estuvo presente en el acto.<\/figcaption><\/figure>\n\n\n\n<p>Adem\u00e1s, Guti\u00e9rrez reconoci\u00f3 estar \u201cmuy contento\u201d y finaliz\u00f3: \u201cCuando ponemos en valor nuestros recursos, es para la gente y para fortalecer el arraigo\u201d.<\/p>\n\n\n\n<h3 class=\"wp-block-heading\">As\u00ed ser\u00e1 el parque<\/h3>\n\n\n\n<p>Desde la provincia se\u00f1alaron que \u201cel proyecto El Alamito fue \u00edntegramente concebido por la Agencia ADI-NQN y su construcci\u00f3n est\u00e1 a cargo de la UTE (Uni\u00f3n Transitoria de Empresas) que conforman Intermepro SA e Ingalfa SA\u201d, en tanto, ganaron la licitaci\u00f3n p\u00fablica.<\/p>\n\n\n\n<figure class=\"wp-block-image\"><img decoding=\"async\" src=\"https:\/\/www.minutoneuquen.com\/u\/fotografias\/m\/2021\/11\/26\/f768x1-506725_506852_5050.jpg\" alt=\"\"\/><figcaption>Guti\u00e9rrez:&nbsp;\u201cEstamos muy cerca de donde construimos una nueva central hidroel\u00e9ctrica cuidando el medio ambiente, en Nahueve\u201d.<\/figcaption><\/figure>\n\n\n\n<p>\u201cEstrat\u00e9gicamente ubicado a la vera de su punto de interconexi\u00f3n el\u00e9ctrica &#8211; la l\u00ednea de media tensi\u00f3n que corre entre Chos Malal y Andacollo &#8211; El Alamito&nbsp;alimentar\u00e1, en su primera etapa de producci\u00f3n energ\u00e9tica, a dependencias del Poder Judicial neuquino\u201d, apuntaron.<\/p>\n\n\n\n<p>Tambi\u00e9n se espera que el&nbsp;<strong>parque solar&nbsp;<\/strong>pueda abastecer a distintas empresas del sector productivo. Seg\u00fan las estimaciones provinciales, la planta podr\u00eda concretar la conexi\u00f3n al sistema el\u00e9ctrico a partir de mayo del a\u00f1o que viene.<\/p>\n\n\n\n<figure class=\"wp-block-image\"><img decoding=\"async\" src=\"https:\/\/www.minutoneuquen.com\/u\/fotografias\/m\/2021\/10\/20\/f768x1-497230_497357_5050.jpg\" alt=\"\"\/><figcaption>Brillo: \u00abEl parque le va a dar al Norte neuquino la posibilidad de tener energ\u00eda propia, verde y limpia\u00bb.<\/figcaption><\/figure>\n\n\n\n<p>Finalmente, concluyeron: \u201cSe consign\u00f3 que en la primera etapa la producci\u00f3n ser\u00e1 de 1 MW, pero el\u00a0<strong>parque solar<\/strong>\u00a0estar\u00e1 preparado para llegar a 3 y 6 MW en etapas posteriores\u00a0y, por eso, la Agencia ya trabaja en la ampliaci\u00f3n del proyecto\u201d.<\/p>\n\n\n\n<p>Fuente: https:\/\/www.minutoneuquen.com\/energia\/2021\/12\/7\/empezo-la-construccion-del-primer-parque-solar-de-neuquen-302464.html<\/p>\n","protected":false},"excerpt":{"rendered":"","protected":false},"author":6,"featured_media":74750,"comment_status":"open","ping_status":"open","sticky":false,"template":"","format":"standard","meta":{"site-sidebar-layout":"default","site-content-layout":"","ast-site-content-layout":"default","site-content-style":"default","site-sidebar-style":"default","ast-global-header-display":"","ast-banner-title-visibility":"","ast-main-header-display":"","ast-hfb-above-header-display":"","ast-hfb-below-header-display":"","ast-hfb-mobile-header-display":"","site-post-title":"","ast-breadcrumbs-content":"","ast-featured-img":"","footer-sml-layout":"","ast-disable-related-posts":"","theme-transparent-header-meta":"","adv-header-id-meta":"","stick-header-meta":"","header-above-stick-meta":"","header-main-stick-meta":"","header-below-stick-meta":"","astra-migrate-meta-layouts":"default","ast-page-background-enabled":"default","ast-page-background-meta":{"desktop":{"background-color":"var(--ast-global-color-5)","background-image":"","background-repeat":"repeat","background-position":"center center","background-size":"auto","background-attachment":"scroll","background-type":"","background-media":"","overlay-type":"","overlay-color":"","overlay-opacity":"","overlay-gradient":""},"tablet":{"background-color":"","background-image":"","background-repeat":"repeat","background-position":"center center","background-size":"auto","background-attachment":"scroll","background-type":"","background-media":"","overlay-type":"","overlay-color":"","overlay-opacity":"","overlay-gradient":""},"mobile":{"background-color":"","background-image":"","background-repeat":"repeat","background-position":"center center","background-size":"auto","background-attachment":"scroll","background-type":"","background-media":"","overlay-type":"","overlay-color":"","overlay-opacity":"","overlay-gradient":""}},"ast-content-background-meta":{"desktop":{"background-color":"var(--ast-global-color-4)","background-image":"","background-repeat":"repeat","background-position":"center center","background-size":"auto","background-attachment":"scroll","background-type":"","background-media":"","overlay-type":"","overlay-color":"","overlay-opacity":"","overlay-gradient":""},"tablet":{"background-color":"var(--ast-global-color-4)","background-image":"","background-repeat":"repeat","background-position":"center center","background-size":"auto","background-attachment":"scroll","background-type":"","background-media":"","overlay-type":"","overlay-color":"","overlay-opacity":"","overlay-gradient":""},"mobile":{"background-color":"var(--ast-global-color-4)","background-image":"","background-repeat":"repeat","background-position":"center center","background-size":"auto","background-attachment":"scroll","background-type":"","background-media":"","overlay-type":"","overlay-color":"","overlay-opacity":"","overlay-gradient":""}},"footnotes":""},"categories":[11,18,1,13,10],"tags":[],"class_list":["post-74749","post","type-post","status-publish","format-standard","has-post-thumbnail","hentry","category-boletin","category-neuquen","category-noticias","category-provinciales","category-rotador"],"yoast_head":"<!-- This site is optimized with the Yoast SEO Premium plugin v23.0 (Yoast SEO v27.5) - https:\/\/yoast.com\/product\/yoast-seo-premium-wordpress\/ -->\n<title>Empez\u00f3 la construcci\u00f3n del primer parque solar de Neuqu\u00e9n<\/title>\n<meta name=\"robots\" content=\"index, follow, max-snippet:-1, max-image-preview:large, max-video-preview:-1\" \/>\n<link rel=\"canonical\" href=\"https:\/\/patagoniambiental.com.ar\/info\/empezo-la-construccion-del-primer-parque-solar-de-neuquen\/\" \/>\n<meta property=\"og:locale\" content=\"es_ES\" \/>\n<meta property=\"og:type\" content=\"article\" \/>\n<meta property=\"og:title\" content=\"Empez\u00f3 la construcci\u00f3n del primer parque solar de Neuqu\u00e9n\" \/>\n<meta property=\"og:url\" content=\"https:\/\/patagoniambiental.com.ar\/info\/empezo-la-construccion-del-primer-parque-solar-de-neuquen\/\" \/>\n<meta property=\"og:site_name\" content=\"Patagonia Ambiental\" \/>\n<meta property=\"article:publisher\" content=\"https:\/\/www.facebook.com\/patagonia.ambiental\" \/>\n<meta property=\"article:published_time\" content=\"2021-12-07T10:00:00+00:00\" \/>\n<meta property=\"article:modified_time\" content=\"2021-12-07T13:00:03+00:00\" \/>\n<meta property=\"og:image\" content=\"https:\/\/patagoniambiental.com.ar\/info\/wp-content\/uploads\/2021\/12\/5656445.jpg\" \/>\n\t<meta property=\"og:image:width\" content=\"800\" \/>\n\t<meta property=\"og:image:height\" content=\"450\" \/>\n\t<meta property=\"og:image:type\" content=\"image\/jpeg\" \/>\n<meta name=\"author\" content=\"BRAIAN ESTEVEZ\" \/>\n<meta name=\"twitter:card\" content=\"summary_large_image\" \/>\n<meta name=\"twitter:creator\" content=\"@PatAmb\" \/>\n<meta name=\"twitter:site\" content=\"@PatAmb\" \/>\n<script type=\"application\/ld+json\" class=\"yoast-schema-graph\">{\"@context\":\"https:\\\/\\\/schema.org\",\"@graph\":[{\"@type\":\"Article\",\"@id\":\"https:\\\/\\\/patagoniambiental.com.ar\\\/info\\\/empezo-la-construccion-del-primer-parque-solar-de-neuquen\\\/#article\",\"isPartOf\":{\"@id\":\"https:\\\/\\\/patagoniambiental.com.ar\\\/info\\\/empezo-la-construccion-del-primer-parque-solar-de-neuquen\\\/\"},\"author\":{\"name\":\"BRAIAN ESTEVEZ\",\"@id\":\"https:\\\/\\\/patagoniambiental.com.ar\\\/info\\\/#\\\/schema\\\/person\\\/e5af09d700b2e82cb10c6b8800e0c691\"},\"headline\":\"Empez\u00f3 la construcci\u00f3n del primer parque solar de Neuqu\u00e9n\",\"datePublished\":\"2021-12-07T10:00:00+00:00\",\"dateModified\":\"2021-12-07T13:00:03+00:00\",\"mainEntityOfPage\":{\"@id\":\"https:\\\/\\\/patagoniambiental.com.ar\\\/info\\\/empezo-la-construccion-del-primer-parque-solar-de-neuquen\\\/\"},\"wordCount\":645,\"commentCount\":0,\"publisher\":{\"@id\":\"https:\\\/\\\/patagoniambiental.com.ar\\\/info\\\/#organization\"},\"image\":{\"@id\":\"https:\\\/\\\/patagoniambiental.com.ar\\\/info\\\/empezo-la-construccion-del-primer-parque-solar-de-neuquen\\\/#primaryimage\"},\"thumbnailUrl\":\"https:\\\/\\\/patagoniambiental.com.ar\\\/info\\\/wp-content\\\/uploads\\\/2021\\\/12\\\/5656445.jpg\",\"articleSection\":[\"Bolet\u00edn\",\"Neuqu\u00e9n\",\"Noticias\",\"Provinciales\",\"Rotador\"],\"inLanguage\":\"es\",\"potentialAction\":[{\"@type\":\"CommentAction\",\"name\":\"Comment\",\"target\":[\"https:\\\/\\\/patagoniambiental.com.ar\\\/info\\\/empezo-la-construccion-del-primer-parque-solar-de-neuquen\\\/#respond\"]}]},{\"@type\":\"WebPage\",\"@id\":\"https:\\\/\\\/patagoniambiental.com.ar\\\/info\\\/empezo-la-construccion-del-primer-parque-solar-de-neuquen\\\/\",\"url\":\"https:\\\/\\\/patagoniambiental.com.ar\\\/info\\\/empezo-la-construccion-del-primer-parque-solar-de-neuquen\\\/\",\"name\":\"Empez\u00f3 la construcci\u00f3n del primer parque solar de Neuqu\u00e9n\",\"isPartOf\":{\"@id\":\"https:\\\/\\\/patagoniambiental.com.ar\\\/info\\\/#website\"},\"primaryImageOfPage\":{\"@id\":\"https:\\\/\\\/patagoniambiental.com.ar\\\/info\\\/empezo-la-construccion-del-primer-parque-solar-de-neuquen\\\/#primaryimage\"},\"image\":{\"@id\":\"https:\\\/\\\/patagoniambiental.com.ar\\\/info\\\/empezo-la-construccion-del-primer-parque-solar-de-neuquen\\\/#primaryimage\"},\"thumbnailUrl\":\"https:\\\/\\\/patagoniambiental.com.ar\\\/info\\\/wp-content\\\/uploads\\\/2021\\\/12\\\/5656445.jpg\",\"datePublished\":\"2021-12-07T10:00:00+00:00\",\"dateModified\":\"2021-12-07T13:00:03+00:00\",\"breadcrumb\":{\"@id\":\"https:\\\/\\\/patagoniambiental.com.ar\\\/info\\\/empezo-la-construccion-del-primer-parque-solar-de-neuquen\\\/#breadcrumb\"},\"inLanguage\":\"es\",\"potentialAction\":[{\"@type\":\"ReadAction\",\"target\":[\"https:\\\/\\\/patagoniambiental.com.ar\\\/info\\\/empezo-la-construccion-del-primer-parque-solar-de-neuquen\\\/\"]}]},{\"@type\":\"ImageObject\",\"inLanguage\":\"es\",\"@id\":\"https:\\\/\\\/patagoniambiental.com.ar\\\/info\\\/empezo-la-construccion-del-primer-parque-solar-de-neuquen\\\/#primaryimage\",\"url\":\"https:\\\/\\\/patagoniambiental.com.ar\\\/info\\\/wp-content\\\/uploads\\\/2021\\\/12\\\/5656445.jpg\",\"contentUrl\":\"https:\\\/\\\/patagoniambiental.com.ar\\\/info\\\/wp-content\\\/uploads\\\/2021\\\/12\\\/5656445.jpg\",\"width\":800,\"height\":450},{\"@type\":\"BreadcrumbList\",\"@id\":\"https:\\\/\\\/patagoniambiental.com.ar\\\/info\\\/empezo-la-construccion-del-primer-parque-solar-de-neuquen\\\/#breadcrumb\",\"itemListElement\":[{\"@type\":\"ListItem\",\"position\":1,\"name\":\"Inicio\",\"item\":\"https:\\\/\\\/patagoniambiental.com.ar\\\/info\\\/\"},{\"@type\":\"ListItem\",\"position\":2,\"name\":\"Empez\u00f3 la construcci\u00f3n del primer parque solar de Neuqu\u00e9n\"}]},{\"@type\":\"WebSite\",\"@id\":\"https:\\\/\\\/patagoniambiental.com.ar\\\/info\\\/#website\",\"url\":\"https:\\\/\\\/patagoniambiental.com.ar\\\/info\\\/\",\"name\":\"Patagonia Ambiental\",\"description\":\"Monitoreo y an\u00e1lisis de la situaci\u00f3n geopol\u00edtica en el mundo y su implicancia en la Patagonia\",\"publisher\":{\"@id\":\"https:\\\/\\\/patagoniambiental.com.ar\\\/info\\\/#organization\"},\"potentialAction\":[{\"@type\":\"SearchAction\",\"target\":{\"@type\":\"EntryPoint\",\"urlTemplate\":\"https:\\\/\\\/patagoniambiental.com.ar\\\/info\\\/?s={search_term_string}\"},\"query-input\":{\"@type\":\"PropertyValueSpecification\",\"valueRequired\":true,\"valueName\":\"search_term_string\"}}],\"inLanguage\":\"es\"},{\"@type\":\"Organization\",\"@id\":\"https:\\\/\\\/patagoniambiental.com.ar\\\/info\\\/#organization\",\"name\":\"Patagonia Ambiental\",\"url\":\"https:\\\/\\\/patagoniambiental.com.ar\\\/info\\\/\",\"logo\":{\"@type\":\"ImageObject\",\"inLanguage\":\"es\",\"@id\":\"https:\\\/\\\/patagoniambiental.com.ar\\\/info\\\/#\\\/schema\\\/logo\\\/image\\\/\",\"url\":\"https:\\\/\\\/patagoniambiental.com.ar\\\/info\\\/wp-content\\\/uploads\\\/2025\\\/05\\\/LOGO-PATAGONIA-AMBIENTAL.png\",\"contentUrl\":\"https:\\\/\\\/patagoniambiental.com.ar\\\/info\\\/wp-content\\\/uploads\\\/2025\\\/05\\\/LOGO-PATAGONIA-AMBIENTAL.png\",\"width\":433,\"height\":250,\"caption\":\"Patagonia Ambiental\"},\"image\":{\"@id\":\"https:\\\/\\\/patagoniambiental.com.ar\\\/info\\\/#\\\/schema\\\/logo\\\/image\\\/\"},\"sameAs\":[\"https:\\\/\\\/www.facebook.com\\\/patagonia.ambiental\",\"https:\\\/\\\/x.com\\\/PatAmb\"]},{\"@type\":\"Person\",\"@id\":\"https:\\\/\\\/patagoniambiental.com.ar\\\/info\\\/#\\\/schema\\\/person\\\/e5af09d700b2e82cb10c6b8800e0c691\",\"name\":\"BRAIAN ESTEVEZ\",\"sameAs\":[\"http:\\\/\\\/www.patagoniambiental.com.ar\"]}]}<\/script>\n<!-- \/ Yoast SEO Premium plugin. -->","yoast_head_json":{"title":"Empez\u00f3 la construcci\u00f3n del primer parque solar de Neuqu\u00e9n","robots":{"index":"index","follow":"follow","max-snippet":"max-snippet:-1","max-image-preview":"max-image-preview:large","max-video-preview":"max-video-preview:-1"},"canonical":"https:\/\/patagoniambiental.com.ar\/info\/empezo-la-construccion-del-primer-parque-solar-de-neuquen\/","og_locale":"es_ES","og_type":"article","og_title":"Empez\u00f3 la construcci\u00f3n del primer parque solar de Neuqu\u00e9n","og_url":"https:\/\/patagoniambiental.com.ar\/info\/empezo-la-construccion-del-primer-parque-solar-de-neuquen\/","og_site_name":"Patagonia Ambiental","article_publisher":"https:\/\/www.facebook.com\/patagonia.ambiental","article_published_time":"2021-12-07T10:00:00+00:00","article_modified_time":"2021-12-07T13:00:03+00:00","og_image":[{"width":800,"height":450,"url":"https:\/\/patagoniambiental.com.ar\/info\/wp-content\/uploads\/2021\/12\/5656445.jpg","type":"image\/jpeg"}],"author":"BRAIAN ESTEVEZ","twitter_card":"summary_large_image","twitter_creator":"@PatAmb","twitter_site":"@PatAmb","schema":{"@context":"https:\/\/schema.org","@graph":[{"@type":"Article","@id":"https:\/\/patagoniambiental.com.ar\/info\/empezo-la-construccion-del-primer-parque-solar-de-neuquen\/#article","isPartOf":{"@id":"https:\/\/patagoniambiental.com.ar\/info\/empezo-la-construccion-del-primer-parque-solar-de-neuquen\/"},"author":{"name":"BRAIAN ESTEVEZ","@id":"https:\/\/patagoniambiental.com.ar\/info\/#\/schema\/person\/e5af09d700b2e82cb10c6b8800e0c691"},"headline":"Empez\u00f3 la construcci\u00f3n del primer parque solar de Neuqu\u00e9n","datePublished":"2021-12-07T10:00:00+00:00","dateModified":"2021-12-07T13:00:03+00:00","mainEntityOfPage":{"@id":"https:\/\/patagoniambiental.com.ar\/info\/empezo-la-construccion-del-primer-parque-solar-de-neuquen\/"},"wordCount":645,"commentCount":0,"publisher":{"@id":"https:\/\/patagoniambiental.com.ar\/info\/#organization"},"image":{"@id":"https:\/\/patagoniambiental.com.ar\/info\/empezo-la-construccion-del-primer-parque-solar-de-neuquen\/#primaryimage"},"thumbnailUrl":"https:\/\/patagoniambiental.com.ar\/info\/wp-content\/uploads\/2021\/12\/5656445.jpg","articleSection":["Bolet\u00edn","Neuqu\u00e9n","Noticias","Provinciales","Rotador"],"inLanguage":"es","potentialAction":[{"@type":"CommentAction","name":"Comment","target":["https:\/\/patagoniambiental.com.ar\/info\/empezo-la-construccion-del-primer-parque-solar-de-neuquen\/#respond"]}]},{"@type":"WebPage","@id":"https:\/\/patagoniambiental.com.ar\/info\/empezo-la-construccion-del-primer-parque-solar-de-neuquen\/","url":"https:\/\/patagoniambiental.com.ar\/info\/empezo-la-construccion-del-primer-parque-solar-de-neuquen\/","name":"Empez\u00f3 la construcci\u00f3n del primer parque solar de Neuqu\u00e9n","isPartOf":{"@id":"https:\/\/patagoniambiental.com.ar\/info\/#website"},"primaryImageOfPage":{"@id":"https:\/\/patagoniambiental.com.ar\/info\/empezo-la-construccion-del-primer-parque-solar-de-neuquen\/#primaryimage"},"image":{"@id":"https:\/\/patagoniambiental.com.ar\/info\/empezo-la-construccion-del-primer-parque-solar-de-neuquen\/#primaryimage"},"thumbnailUrl":"https:\/\/patagoniambiental.com.ar\/info\/wp-content\/uploads\/2021\/12\/5656445.jpg","datePublished":"2021-12-07T10:00:00+00:00","dateModified":"2021-12-07T13:00:03+00:00","breadcrumb":{"@id":"https:\/\/patagoniambiental.com.ar\/info\/empezo-la-construccion-del-primer-parque-solar-de-neuquen\/#breadcrumb"},"inLanguage":"es","potentialAction":[{"@type":"ReadAction","target":["https:\/\/patagoniambiental.com.ar\/info\/empezo-la-construccion-del-primer-parque-solar-de-neuquen\/"]}]},{"@type":"ImageObject","inLanguage":"es","@id":"https:\/\/patagoniambiental.com.ar\/info\/empezo-la-construccion-del-primer-parque-solar-de-neuquen\/#primaryimage","url":"https:\/\/patagoniambiental.com.ar\/info\/wp-content\/uploads\/2021\/12\/5656445.jpg","contentUrl":"https:\/\/patagoniambiental.com.ar\/info\/wp-content\/uploads\/2021\/12\/5656445.jpg","width":800,"height":450},{"@type":"BreadcrumbList","@id":"https:\/\/patagoniambiental.com.ar\/info\/empezo-la-construccion-del-primer-parque-solar-de-neuquen\/#breadcrumb","itemListElement":[{"@type":"ListItem","position":1,"name":"Inicio","item":"https:\/\/patagoniambiental.com.ar\/info\/"},{"@type":"ListItem","position":2,"name":"Empez\u00f3 la construcci\u00f3n del primer parque solar de Neuqu\u00e9n"}]},{"@type":"WebSite","@id":"https:\/\/patagoniambiental.com.ar\/info\/#website","url":"https:\/\/patagoniambiental.com.ar\/info\/","name":"Patagonia Ambiental","description":"Monitoreo y an\u00e1lisis de la situaci\u00f3n geopol\u00edtica en el mundo y su implicancia en la Patagonia","publisher":{"@id":"https:\/\/patagoniambiental.com.ar\/info\/#organization"},"potentialAction":[{"@type":"SearchAction","target":{"@type":"EntryPoint","urlTemplate":"https:\/\/patagoniambiental.com.ar\/info\/?s={search_term_string}"},"query-input":{"@type":"PropertyValueSpecification","valueRequired":true,"valueName":"search_term_string"}}],"inLanguage":"es"},{"@type":"Organization","@id":"https:\/\/patagoniambiental.com.ar\/info\/#organization","name":"Patagonia Ambiental","url":"https:\/\/patagoniambiental.com.ar\/info\/","logo":{"@type":"ImageObject","inLanguage":"es","@id":"https:\/\/patagoniambiental.com.ar\/info\/#\/schema\/logo\/image\/","url":"https:\/\/patagoniambiental.com.ar\/info\/wp-content\/uploads\/2025\/05\/LOGO-PATAGONIA-AMBIENTAL.png","contentUrl":"https:\/\/patagoniambiental.com.ar\/info\/wp-content\/uploads\/2025\/05\/LOGO-PATAGONIA-AMBIENTAL.png","width":433,"height":250,"caption":"Patagonia Ambiental"},"image":{"@id":"https:\/\/patagoniambiental.com.ar\/info\/#\/schema\/logo\/image\/"},"sameAs":["https:\/\/www.facebook.com\/patagonia.ambiental","https:\/\/x.com\/PatAmb"]},{"@type":"Person","@id":"https:\/\/patagoniambiental.com.ar\/info\/#\/schema\/person\/e5af09d700b2e82cb10c6b8800e0c691","name":"BRAIAN ESTEVEZ","sameAs":["http:\/\/www.patagoniambiental.com.ar"]}]}},"_links":{"self":[{"href":"https:\/\/patagoniambiental.com.ar\/info\/wp-json\/wp\/v2\/posts\/74749","targetHints":{"allow":["GET"]}}],"collection":[{"href":"https:\/\/patagoniambiental.com.ar\/info\/wp-json\/wp\/v2\/posts"}],"about":[{"href":"https:\/\/patagoniambiental.com.ar\/info\/wp-json\/wp\/v2\/types\/post"}],"author":[{"embeddable":true,"href":"https:\/\/patagoniambiental.com.ar\/info\/wp-json\/wp\/v2\/users\/6"}],"replies":[{"embeddable":true,"href":"https:\/\/patagoniambiental.com.ar\/info\/wp-json\/wp\/v2\/comments?post=74749"}],"version-history":[{"count":0,"href":"https:\/\/patagoniambiental.com.ar\/info\/wp-json\/wp\/v2\/posts\/74749\/revisions"}],"wp:featuredmedia":[{"embeddable":true,"href":"https:\/\/patagoniambiental.com.ar\/info\/wp-json\/wp\/v2\/media\/74750"}],"wp:attachment":[{"href":"https:\/\/patagoniambiental.com.ar\/info\/wp-json\/wp\/v2\/media?parent=74749"}],"wp:term":[{"taxonomy":"category","embeddable":true,"href":"https:\/\/patagoniambiental.com.ar\/info\/wp-json\/wp\/v2\/categories?post=74749"},{"taxonomy":"post_tag","embeddable":true,"href":"https:\/\/patagoniambiental.com.ar\/info\/wp-json\/wp\/v2\/tags?post=74749"}],"curies":[{"name":"wp","href":"https:\/\/api.w.org\/{rel}","templated":true}]}}