{"id":74779,"date":"2021-12-13T09:01:09","date_gmt":"2021-12-13T12:01:09","guid":{"rendered":"http:\/\/patagoniambiental.com.ar\/info\/?p=74779"},"modified":"2021-12-13T09:04:11","modified_gmt":"2021-12-13T12:04:11","slug":"nacion-aportara-180-millones-de-pesos-para-la-culminacion-del-parque-cientifico-tecnologico-agroforestal-en-chubut","status":"publish","type":"post","link":"https:\/\/patagoniambiental.com.ar\/info\/nacion-aportara-180-millones-de-pesos-para-la-culminacion-del-parque-cientifico-tecnologico-agroforestal-en-chubut\/","title":{"rendered":"Naci\u00f3n aportar\u00e1 180 millones de pesos para la culminaci\u00f3n del Parque Cient\u00edfico Tecnol\u00f3gico Agroforestal en Chubut"},"content":{"rendered":"\n<!--more-->\n\n\n\n<p>Esquel.-Se realiz\u00f3 en Esquel una nueva reuni\u00f3n del Centro de Investigaci\u00f3n y Extensi\u00f3n Forestal Andino Patag\u00f3nico (Ciefap) y en ese marco, bajo la presidencia del secretario de Ciencia, Tecnolog\u00eda, Innovaci\u00f3n Productiva y Cultura, Mauro Carrasco, se efectu\u00f3 un balance de lo actuado por el centro de investigaci\u00f3n en el presente a\u00f1o y se debatieron proyectos estrat\u00e9gicos a desarrollar en el 2022 entre las cinco provincias patag\u00f3nicas que integran la instituci\u00f3n.<\/p>\n\n\n\n<p>por&nbsp;<strong>REDACCI\u00d3N CHUBUT&nbsp;<\/strong>13\/12\/2021 &#8211; 00.00.hs<img decoding=\"async\" alt=\"Naci\u00f3n aportar\u00e1 180 millones de pesos para la culminaci\u00f3n  del Parque Cient\u00edfico Tecnol\u00f3gico Agroforestal en Chubut\" src=\"https:\/\/pxb.cdn.elchubut.com.ar\/chubut\/122021\/1639357051964.jpg?cw=1315&amp;ch=749&amp;\"><img decoding=\"async\" alt=\"Naci\u00f3n aportar\u00e1 180 millones de pesos para la culminaci\u00f3n  del Parque Cient\u00edfico Tecnol\u00f3gico Agroforestal en Chubut\" src=\"https:\/\/pxb.cdn.elchubut.com.ar\/chubut\/122021\/1639357051964.webp?cw=1315&amp;ch=749&amp;extw=jpg\">Funcionarios nacionales y de provincias patag\u00f3nicas participaron del encuentro del Ciefap donde se anunci\u00f3 una fuerte inversi\u00f3n nacional para Esquel, adem\u00e1s de otras iniciativas para potenciar el organismo.<\/p>\n\n\n\n<p>En la oportunidad se inform\u00f3 que el Gobierno nacional destinar\u00e1 180 millones de pesos para culminar las obras del Parque Cient\u00edfico Tecnol\u00f3gico Agroforestal de Esquel, proyecto que pretende ser un espacio para la formaci\u00f3n de j\u00f3venes en nuevas tecnolog\u00edas.<\/p>\n\n\n\n<p>Del encuentro participaron funcionarios nacionales de los ministerios de Ciencia, Tecnolog\u00eda e Innovaci\u00f3n; de Agricultura, Ganader\u00eda y Pesca y de Ambiente y Desarrollo Sustentable. Tambi\u00e9n se cont\u00f3 con la presencia de representantes de las provincias de Neuqu\u00e9n, R\u00edo Negro y Santa Cruz; de Parques Nacionales, Conicet; y de la Universidad Nacional del Comahue.<\/p>\n\n\n\n<p>PARQUE CIENTIFICO<\/p>\n\n\n\n<p>Al ser consultado sobre la reuni\u00f3n, Carrasco afirm\u00f3 que \u00abfue muy positiva ya que participaron 14 miembros promotores de la entidad, se debatieron varios temas de suma importancia, particularmente la pronta culminaci\u00f3n del Parque Cient\u00edfico Tecnol\u00f3gico Agroforestal que se est\u00e1 llevando adelante en Esquel\u00bb.<\/p>\n\n\n\n<p>Cabe se\u00f1alar que este importante proyecto se desarrolla a la salida de la ciudad cordillerana, en la Ruta 259 que conduce a Trevelin, pr\u00f3ximo al edificio de aulas de la Universidad de la Patagonia, el Ciefap y otras instituciones.<\/p>\n\n\n\n<p>\u00abSu puesta en marcha ser\u00e1 un aporte muy interesante para Esquel y la regi\u00f3n, especialmente para los j\u00f3venes, para formarlos en nuevas tecnolog\u00edas. Ser\u00e1 un espacio para mejorar el conocimiento y la innovaci\u00f3n, que permitir\u00e1 darle un valor agregado a nuestros recursos, transform\u00e1ndolo en productos o servicios\u00bb, expres\u00f3 Carrasco.<br>&nbsp;<br>APORTE DE 180 MILLONES<\/p>\n\n\n\n<p>Por su parte, el subsecretario de Coordinaci\u00f3n Institucional del Ministerio de Ciencia, Tecnolog\u00eda e Innovaci\u00f3n de la Naci\u00f3n, Pablo Nu\u00f1ez, anunci\u00f3 en esta reuni\u00f3n \u00abuna inversi\u00f3n de 180 millones de pesos para el Ciefap a fin de terminar el Parque Tecnol\u00f3gico Agroforestal. Tambi\u00e9n se construir\u00e1 una sede en la ciudad de Tolhuim, Tierra del Fuego, y &nbsp;otra en Los Antiguos, Santa Cruz. Adem\u00e1s de invertir en el fortalecimiento de las estructuras en Neuqu\u00e9n y R\u00edo Negro\u00bb.<\/p>\n\n\n\n<p>Dijo N\u00fa\u00f1ez que esta inversi\u00f3n \u00abya est\u00e1 aprobada y en marcha. Habr\u00e1 adem\u00e1s infraestructura y equipamiento para el Ciefap y tambi\u00e9n una serie de inversiones en &nbsp;proyectos estrat\u00e9gicos relacionados con plataformas de monitoreos de incendios, con recopilaci\u00f3n de informaci\u00f3n a trav\u00e9s de im\u00e1genes satelitales. El Ciefap -a\u00f1adi\u00f3- tiene un rol estrat\u00e9gico que queremos promover, analizando lo sucedido en este 2021 y pensando en el 2022 para fortalecer el trabajo de este centro en las cinco provincias patag\u00f3nicas que lo integran\u00bb, apunt\u00f3.<br>&nbsp;<br>MIRADA REGIONAL<\/p>\n\n\n\n<p>Por su parte, el subsecretario de Coordinaci\u00f3n Pol\u00edtica del Ministerio de Agricultura, Ganader\u00eda y Pesca de la Naci\u00f3n, Ariel Mart\u00ednez, presente en la reuni\u00f3n dijo que el Ciefap \u00abtiene una relevancia muy importante por el enfoque y la construcci\u00f3n regional de los proyectos que se desarrollan, tiene una mirada interjurisdiccional sobre distintas problem\u00e1ticas por eso hay una fuerte vocaci\u00f3n del Gobierno nacional en acompa\u00f1ar institucionalmente al Ciefap para potenciarlo\u00bb.<\/p>\n\n\n\n<p>Fuente: https:\/\/www.elchubut.com.ar\/regionales\/2021-12-12-21-56-0-nacion-aportara-180-millones-de-pesos-para-la-culminacion-del-parque-cientifico-tecnologico-agroforestal-en-chubut<\/p>\n","protected":false},"excerpt":{"rendered":"","protected":false},"author":6,"featured_media":74780,"comment_status":"open","ping_status":"open","sticky":false,"template":"","format":"standard","meta":{"site-sidebar-layout":"default","site-content-layout":"","ast-site-content-layout":"default","site-content-style":"default","site-sidebar-style":"default","ast-global-header-display":"","ast-banner-title-visibility":"","ast-main-header-display":"","ast-hfb-above-header-display":"","ast-hfb-below-header-display":"","ast-hfb-mobile-header-display":"","site-post-title":"","ast-breadcrumbs-content":"","ast-featured-img":"","footer-sml-layout":"","ast-disable-related-posts":"","theme-transparent-header-meta":"","adv-header-id-meta":"","stick-header-meta":"","header-above-stick-meta":"","header-main-stick-meta":"","header-below-stick-meta":"","astra-migrate-meta-layouts":"default","ast-page-background-enabled":"default","ast-page-background-meta":{"desktop":{"background-color":"var(--ast-global-color-5)","background-image":"","background-repeat":"repeat","background-position":"center center","background-size":"auto","background-attachment":"scroll","background-type":"","background-media":"","overlay-type":"","overlay-color":"","overlay-opacity":"","overlay-gradient":""},"tablet":{"background-color":"","background-image":"","background-repeat":"repeat","background-position":"center center","background-size":"auto","background-attachment":"scroll","background-type":"","background-media":"","overlay-type":"","overlay-color":"","overlay-opacity":"","overlay-gradient":""},"mobile":{"background-color":"","background-image":"","background-repeat":"repeat","background-position":"center center","background-size":"auto","background-attachment":"scroll","background-type":"","background-media":"","overlay-type":"","overlay-color":"","overlay-opacity":"","overlay-gradient":""}},"ast-content-background-meta":{"desktop":{"background-color":"var(--ast-global-color-4)","background-image":"","background-repeat":"repeat","background-position":"center center","background-size":"auto","background-attachment":"scroll","background-type":"","background-media":"","overlay-type":"","overlay-color":"","overlay-opacity":"","overlay-gradient":""},"tablet":{"background-color":"var(--ast-global-color-4)","background-image":"","background-repeat":"repeat","background-position":"center center","background-size":"auto","background-attachment":"scroll","background-type":"","background-media":"","overlay-type":"","overlay-color":"","overlay-opacity":"","overlay-gradient":""},"mobile":{"background-color":"var(--ast-global-color-4)","background-image":"","background-repeat":"repeat","background-position":"center center","background-size":"auto","background-attachment":"scroll","background-type":"","background-media":"","overlay-type":"","overlay-color":"","overlay-opacity":"","overlay-gradient":""}},"footnotes":""},"categories":[1],"tags":[],"class_list":["post-74779","post","type-post","status-publish","format-standard","has-post-thumbnail","hentry","category-noticias"],"yoast_head":"<!-- This site is optimized with the Yoast SEO Premium plugin v23.0 (Yoast SEO v27.5) - https:\/\/yoast.com\/product\/yoast-seo-premium-wordpress\/ -->\n<title>Naci\u00f3n aportar\u00e1 180 millones de pesos para la culminaci\u00f3n del Parque Cient\u00edfico Tecnol\u00f3gico Agroforestal en Chubut<\/title>\n<meta name=\"robots\" content=\"index, follow, max-snippet:-1, max-image-preview:large, max-video-preview:-1\" \/>\n<link rel=\"canonical\" href=\"https:\/\/patagoniambiental.com.ar\/info\/nacion-aportara-180-millones-de-pesos-para-la-culminacion-del-parque-cientifico-tecnologico-agroforestal-en-chubut\/\" \/>\n<meta property=\"og:locale\" content=\"es_ES\" \/>\n<meta property=\"og:type\" content=\"article\" \/>\n<meta property=\"og:title\" content=\"Naci\u00f3n aportar\u00e1 180 millones de pesos para la culminaci\u00f3n del Parque Cient\u00edfico Tecnol\u00f3gico Agroforestal en Chubut\" \/>\n<meta property=\"og:url\" content=\"https:\/\/patagoniambiental.com.ar\/info\/nacion-aportara-180-millones-de-pesos-para-la-culminacion-del-parque-cientifico-tecnologico-agroforestal-en-chubut\/\" \/>\n<meta property=\"og:site_name\" content=\"Patagonia Ambiental\" \/>\n<meta property=\"article:publisher\" content=\"https:\/\/www.facebook.com\/patagonia.ambiental\" \/>\n<meta property=\"article:published_time\" content=\"2021-12-13T12:01:09+00:00\" \/>\n<meta property=\"article:modified_time\" content=\"2021-12-13T12:04:11+00:00\" \/>\n<meta property=\"og:image\" content=\"https:\/\/patagoniambiental.com.ar\/info\/wp-content\/uploads\/2021\/12\/45.png\" \/>\n\t<meta property=\"og:image:width\" content=\"776\" \/>\n\t<meta property=\"og:image:height\" content=\"410\" \/>\n\t<meta property=\"og:image:type\" content=\"image\/png\" \/>\n<meta name=\"author\" content=\"BRAIAN ESTEVEZ\" \/>\n<meta name=\"twitter:card\" content=\"summary_large_image\" \/>\n<meta name=\"twitter:creator\" content=\"@PatAmb\" \/>\n<meta name=\"twitter:site\" content=\"@PatAmb\" \/>\n<script type=\"application\/ld+json\" class=\"yoast-schema-graph\">{\"@context\":\"https:\\\/\\\/schema.org\",\"@graph\":[{\"@type\":\"Article\",\"@id\":\"https:\\\/\\\/patagoniambiental.com.ar\\\/info\\\/nacion-aportara-180-millones-de-pesos-para-la-culminacion-del-parque-cientifico-tecnologico-agroforestal-en-chubut\\\/#article\",\"isPartOf\":{\"@id\":\"https:\\\/\\\/patagoniambiental.com.ar\\\/info\\\/nacion-aportara-180-millones-de-pesos-para-la-culminacion-del-parque-cientifico-tecnologico-agroforestal-en-chubut\\\/\"},\"author\":{\"name\":\"BRAIAN ESTEVEZ\",\"@id\":\"https:\\\/\\\/patagoniambiental.com.ar\\\/info\\\/#\\\/schema\\\/person\\\/e5af09d700b2e82cb10c6b8800e0c691\"},\"headline\":\"Naci\u00f3n aportar\u00e1 180 millones de pesos para la culminaci\u00f3n del Parque Cient\u00edfico Tecnol\u00f3gico Agroforestal en Chubut\",\"datePublished\":\"2021-12-13T12:01:09+00:00\",\"dateModified\":\"2021-12-13T12:04:11+00:00\",\"mainEntityOfPage\":{\"@id\":\"https:\\\/\\\/patagoniambiental.com.ar\\\/info\\\/nacion-aportara-180-millones-de-pesos-para-la-culminacion-del-parque-cientifico-tecnologico-agroforestal-en-chubut\\\/\"},\"wordCount\":665,\"commentCount\":0,\"publisher\":{\"@id\":\"https:\\\/\\\/patagoniambiental.com.ar\\\/info\\\/#organization\"},\"image\":{\"@id\":\"https:\\\/\\\/patagoniambiental.com.ar\\\/info\\\/nacion-aportara-180-millones-de-pesos-para-la-culminacion-del-parque-cientifico-tecnologico-agroforestal-en-chubut\\\/#primaryimage\"},\"thumbnailUrl\":\"https:\\\/\\\/patagoniambiental.com.ar\\\/info\\\/wp-content\\\/uploads\\\/2021\\\/12\\\/45.png\",\"articleSection\":[\"Noticias\"],\"inLanguage\":\"es\",\"potentialAction\":[{\"@type\":\"CommentAction\",\"name\":\"Comment\",\"target\":[\"https:\\\/\\\/patagoniambiental.com.ar\\\/info\\\/nacion-aportara-180-millones-de-pesos-para-la-culminacion-del-parque-cientifico-tecnologico-agroforestal-en-chubut\\\/#respond\"]}]},{\"@type\":\"WebPage\",\"@id\":\"https:\\\/\\\/patagoniambiental.com.ar\\\/info\\\/nacion-aportara-180-millones-de-pesos-para-la-culminacion-del-parque-cientifico-tecnologico-agroforestal-en-chubut\\\/\",\"url\":\"https:\\\/\\\/patagoniambiental.com.ar\\\/info\\\/nacion-aportara-180-millones-de-pesos-para-la-culminacion-del-parque-cientifico-tecnologico-agroforestal-en-chubut\\\/\",\"name\":\"Naci\u00f3n aportar\u00e1 180 millones de pesos para la culminaci\u00f3n del Parque Cient\u00edfico Tecnol\u00f3gico Agroforestal en Chubut\",\"isPartOf\":{\"@id\":\"https:\\\/\\\/patagoniambiental.com.ar\\\/info\\\/#website\"},\"primaryImageOfPage\":{\"@id\":\"https:\\\/\\\/patagoniambiental.com.ar\\\/info\\\/nacion-aportara-180-millones-de-pesos-para-la-culminacion-del-parque-cientifico-tecnologico-agroforestal-en-chubut\\\/#primaryimage\"},\"image\":{\"@id\":\"https:\\\/\\\/patagoniambiental.com.ar\\\/info\\\/nacion-aportara-180-millones-de-pesos-para-la-culminacion-del-parque-cientifico-tecnologico-agroforestal-en-chubut\\\/#primaryimage\"},\"thumbnailUrl\":\"https:\\\/\\\/patagoniambiental.com.ar\\\/info\\\/wp-content\\\/uploads\\\/2021\\\/12\\\/45.png\",\"datePublished\":\"2021-12-13T12:01:09+00:00\",\"dateModified\":\"2021-12-13T12:04:11+00:00\",\"breadcrumb\":{\"@id\":\"https:\\\/\\\/patagoniambiental.com.ar\\\/info\\\/nacion-aportara-180-millones-de-pesos-para-la-culminacion-del-parque-cientifico-tecnologico-agroforestal-en-chubut\\\/#breadcrumb\"},\"inLanguage\":\"es\",\"potentialAction\":[{\"@type\":\"ReadAction\",\"target\":[\"https:\\\/\\\/patagoniambiental.com.ar\\\/info\\\/nacion-aportara-180-millones-de-pesos-para-la-culminacion-del-parque-cientifico-tecnologico-agroforestal-en-chubut\\\/\"]}]},{\"@type\":\"ImageObject\",\"inLanguage\":\"es\",\"@id\":\"https:\\\/\\\/patagoniambiental.com.ar\\\/info\\\/nacion-aportara-180-millones-de-pesos-para-la-culminacion-del-parque-cientifico-tecnologico-agroforestal-en-chubut\\\/#primaryimage\",\"url\":\"https:\\\/\\\/patagoniambiental.com.ar\\\/info\\\/wp-content\\\/uploads\\\/2021\\\/12\\\/45.png\",\"contentUrl\":\"https:\\\/\\\/patagoniambiental.com.ar\\\/info\\\/wp-content\\\/uploads\\\/2021\\\/12\\\/45.png\",\"width\":776,\"height\":410},{\"@type\":\"BreadcrumbList\",\"@id\":\"https:\\\/\\\/patagoniambiental.com.ar\\\/info\\\/nacion-aportara-180-millones-de-pesos-para-la-culminacion-del-parque-cientifico-tecnologico-agroforestal-en-chubut\\\/#breadcrumb\",\"itemListElement\":[{\"@type\":\"ListItem\",\"position\":1,\"name\":\"Inicio\",\"item\":\"https:\\\/\\\/patagoniambiental.com.ar\\\/info\\\/\"},{\"@type\":\"ListItem\",\"position\":2,\"name\":\"Naci\u00f3n aportar\u00e1 180 millones de pesos para la culminaci\u00f3n del Parque Cient\u00edfico Tecnol\u00f3gico Agroforestal en Chubut\"}]},{\"@type\":\"WebSite\",\"@id\":\"https:\\\/\\\/patagoniambiental.com.ar\\\/info\\\/#website\",\"url\":\"https:\\\/\\\/patagoniambiental.com.ar\\\/info\\\/\",\"name\":\"Patagonia Ambiental\",\"description\":\"Monitoreo y an\u00e1lisis de la situaci\u00f3n geopol\u00edtica en el mundo y su implicancia en la Patagonia\",\"publisher\":{\"@id\":\"https:\\\/\\\/patagoniambiental.com.ar\\\/info\\\/#organization\"},\"potentialAction\":[{\"@type\":\"SearchAction\",\"target\":{\"@type\":\"EntryPoint\",\"urlTemplate\":\"https:\\\/\\\/patagoniambiental.com.ar\\\/info\\\/?s={search_term_string}\"},\"query-input\":{\"@type\":\"PropertyValueSpecification\",\"valueRequired\":true,\"valueName\":\"search_term_string\"}}],\"inLanguage\":\"es\"},{\"@type\":\"Organization\",\"@id\":\"https:\\\/\\\/patagoniambiental.com.ar\\\/info\\\/#organization\",\"name\":\"Patagonia Ambiental\",\"url\":\"https:\\\/\\\/patagoniambiental.com.ar\\\/info\\\/\",\"logo\":{\"@type\":\"ImageObject\",\"inLanguage\":\"es\",\"@id\":\"https:\\\/\\\/patagoniambiental.com.ar\\\/info\\\/#\\\/schema\\\/logo\\\/image\\\/\",\"url\":\"https:\\\/\\\/patagoniambiental.com.ar\\\/info\\\/wp-content\\\/uploads\\\/2025\\\/05\\\/LOGO-PATAGONIA-AMBIENTAL.png\",\"contentUrl\":\"https:\\\/\\\/patagoniambiental.com.ar\\\/info\\\/wp-content\\\/uploads\\\/2025\\\/05\\\/LOGO-PATAGONIA-AMBIENTAL.png\",\"width\":433,\"height\":250,\"caption\":\"Patagonia Ambiental\"},\"image\":{\"@id\":\"https:\\\/\\\/patagoniambiental.com.ar\\\/info\\\/#\\\/schema\\\/logo\\\/image\\\/\"},\"sameAs\":[\"https:\\\/\\\/www.facebook.com\\\/patagonia.ambiental\",\"https:\\\/\\\/x.com\\\/PatAmb\"]},{\"@type\":\"Person\",\"@id\":\"https:\\\/\\\/patagoniambiental.com.ar\\\/info\\\/#\\\/schema\\\/person\\\/e5af09d700b2e82cb10c6b8800e0c691\",\"name\":\"BRAIAN ESTEVEZ\",\"sameAs\":[\"http:\\\/\\\/www.patagoniambiental.com.ar\"]}]}<\/script>\n<!-- \/ Yoast SEO Premium plugin. -->","yoast_head_json":{"title":"Naci\u00f3n aportar\u00e1 180 millones de pesos para la culminaci\u00f3n del Parque Cient\u00edfico Tecnol\u00f3gico Agroforestal en Chubut","robots":{"index":"index","follow":"follow","max-snippet":"max-snippet:-1","max-image-preview":"max-image-preview:large","max-video-preview":"max-video-preview:-1"},"canonical":"https:\/\/patagoniambiental.com.ar\/info\/nacion-aportara-180-millones-de-pesos-para-la-culminacion-del-parque-cientifico-tecnologico-agroforestal-en-chubut\/","og_locale":"es_ES","og_type":"article","og_title":"Naci\u00f3n aportar\u00e1 180 millones de pesos para la culminaci\u00f3n del Parque Cient\u00edfico Tecnol\u00f3gico Agroforestal en Chubut","og_url":"https:\/\/patagoniambiental.com.ar\/info\/nacion-aportara-180-millones-de-pesos-para-la-culminacion-del-parque-cientifico-tecnologico-agroforestal-en-chubut\/","og_site_name":"Patagonia Ambiental","article_publisher":"https:\/\/www.facebook.com\/patagonia.ambiental","article_published_time":"2021-12-13T12:01:09+00:00","article_modified_time":"2021-12-13T12:04:11+00:00","og_image":[{"width":776,"height":410,"url":"https:\/\/patagoniambiental.com.ar\/info\/wp-content\/uploads\/2021\/12\/45.png","type":"image\/png"}],"author":"BRAIAN ESTEVEZ","twitter_card":"summary_large_image","twitter_creator":"@PatAmb","twitter_site":"@PatAmb","schema":{"@context":"https:\/\/schema.org","@graph":[{"@type":"Article","@id":"https:\/\/patagoniambiental.com.ar\/info\/nacion-aportara-180-millones-de-pesos-para-la-culminacion-del-parque-cientifico-tecnologico-agroforestal-en-chubut\/#article","isPartOf":{"@id":"https:\/\/patagoniambiental.com.ar\/info\/nacion-aportara-180-millones-de-pesos-para-la-culminacion-del-parque-cientifico-tecnologico-agroforestal-en-chubut\/"},"author":{"name":"BRAIAN ESTEVEZ","@id":"https:\/\/patagoniambiental.com.ar\/info\/#\/schema\/person\/e5af09d700b2e82cb10c6b8800e0c691"},"headline":"Naci\u00f3n aportar\u00e1 180 millones de pesos para la culminaci\u00f3n del Parque Cient\u00edfico Tecnol\u00f3gico Agroforestal en Chubut","datePublished":"2021-12-13T12:01:09+00:00","dateModified":"2021-12-13T12:04:11+00:00","mainEntityOfPage":{"@id":"https:\/\/patagoniambiental.com.ar\/info\/nacion-aportara-180-millones-de-pesos-para-la-culminacion-del-parque-cientifico-tecnologico-agroforestal-en-chubut\/"},"wordCount":665,"commentCount":0,"publisher":{"@id":"https:\/\/patagoniambiental.com.ar\/info\/#organization"},"image":{"@id":"https:\/\/patagoniambiental.com.ar\/info\/nacion-aportara-180-millones-de-pesos-para-la-culminacion-del-parque-cientifico-tecnologico-agroforestal-en-chubut\/#primaryimage"},"thumbnailUrl":"https:\/\/patagoniambiental.com.ar\/info\/wp-content\/uploads\/2021\/12\/45.png","articleSection":["Noticias"],"inLanguage":"es","potentialAction":[{"@type":"CommentAction","name":"Comment","target":["https:\/\/patagoniambiental.com.ar\/info\/nacion-aportara-180-millones-de-pesos-para-la-culminacion-del-parque-cientifico-tecnologico-agroforestal-en-chubut\/#respond"]}]},{"@type":"WebPage","@id":"https:\/\/patagoniambiental.com.ar\/info\/nacion-aportara-180-millones-de-pesos-para-la-culminacion-del-parque-cientifico-tecnologico-agroforestal-en-chubut\/","url":"https:\/\/patagoniambiental.com.ar\/info\/nacion-aportara-180-millones-de-pesos-para-la-culminacion-del-parque-cientifico-tecnologico-agroforestal-en-chubut\/","name":"Naci\u00f3n aportar\u00e1 180 millones de pesos para la culminaci\u00f3n del Parque Cient\u00edfico Tecnol\u00f3gico Agroforestal en Chubut","isPartOf":{"@id":"https:\/\/patagoniambiental.com.ar\/info\/#website"},"primaryImageOfPage":{"@id":"https:\/\/patagoniambiental.com.ar\/info\/nacion-aportara-180-millones-de-pesos-para-la-culminacion-del-parque-cientifico-tecnologico-agroforestal-en-chubut\/#primaryimage"},"image":{"@id":"https:\/\/patagoniambiental.com.ar\/info\/nacion-aportara-180-millones-de-pesos-para-la-culminacion-del-parque-cientifico-tecnologico-agroforestal-en-chubut\/#primaryimage"},"thumbnailUrl":"https:\/\/patagoniambiental.com.ar\/info\/wp-content\/uploads\/2021\/12\/45.png","datePublished":"2021-12-13T12:01:09+00:00","dateModified":"2021-12-13T12:04:11+00:00","breadcrumb":{"@id":"https:\/\/patagoniambiental.com.ar\/info\/nacion-aportara-180-millones-de-pesos-para-la-culminacion-del-parque-cientifico-tecnologico-agroforestal-en-chubut\/#breadcrumb"},"inLanguage":"es","potentialAction":[{"@type":"ReadAction","target":["https:\/\/patagoniambiental.com.ar\/info\/nacion-aportara-180-millones-de-pesos-para-la-culminacion-del-parque-cientifico-tecnologico-agroforestal-en-chubut\/"]}]},{"@type":"ImageObject","inLanguage":"es","@id":"https:\/\/patagoniambiental.com.ar\/info\/nacion-aportara-180-millones-de-pesos-para-la-culminacion-del-parque-cientifico-tecnologico-agroforestal-en-chubut\/#primaryimage","url":"https:\/\/patagoniambiental.com.ar\/info\/wp-content\/uploads\/2021\/12\/45.png","contentUrl":"https:\/\/patagoniambiental.com.ar\/info\/wp-content\/uploads\/2021\/12\/45.png","width":776,"height":410},{"@type":"BreadcrumbList","@id":"https:\/\/patagoniambiental.com.ar\/info\/nacion-aportara-180-millones-de-pesos-para-la-culminacion-del-parque-cientifico-tecnologico-agroforestal-en-chubut\/#breadcrumb","itemListElement":[{"@type":"ListItem","position":1,"name":"Inicio","item":"https:\/\/patagoniambiental.com.ar\/info\/"},{"@type":"ListItem","position":2,"name":"Naci\u00f3n aportar\u00e1 180 millones de pesos para la culminaci\u00f3n del Parque Cient\u00edfico Tecnol\u00f3gico Agroforestal en Chubut"}]},{"@type":"WebSite","@id":"https:\/\/patagoniambiental.com.ar\/info\/#website","url":"https:\/\/patagoniambiental.com.ar\/info\/","name":"Patagonia Ambiental","description":"Monitoreo y an\u00e1lisis de la situaci\u00f3n geopol\u00edtica en el mundo y su implicancia en la Patagonia","publisher":{"@id":"https:\/\/patagoniambiental.com.ar\/info\/#organization"},"potentialAction":[{"@type":"SearchAction","target":{"@type":"EntryPoint","urlTemplate":"https:\/\/patagoniambiental.com.ar\/info\/?s={search_term_string}"},"query-input":{"@type":"PropertyValueSpecification","valueRequired":true,"valueName":"search_term_string"}}],"inLanguage":"es"},{"@type":"Organization","@id":"https:\/\/patagoniambiental.com.ar\/info\/#organization","name":"Patagonia Ambiental","url":"https:\/\/patagoniambiental.com.ar\/info\/","logo":{"@type":"ImageObject","inLanguage":"es","@id":"https:\/\/patagoniambiental.com.ar\/info\/#\/schema\/logo\/image\/","url":"https:\/\/patagoniambiental.com.ar\/info\/wp-content\/uploads\/2025\/05\/LOGO-PATAGONIA-AMBIENTAL.png","contentUrl":"https:\/\/patagoniambiental.com.ar\/info\/wp-content\/uploads\/2025\/05\/LOGO-PATAGONIA-AMBIENTAL.png","width":433,"height":250,"caption":"Patagonia Ambiental"},"image":{"@id":"https:\/\/patagoniambiental.com.ar\/info\/#\/schema\/logo\/image\/"},"sameAs":["https:\/\/www.facebook.com\/patagonia.ambiental","https:\/\/x.com\/PatAmb"]},{"@type":"Person","@id":"https:\/\/patagoniambiental.com.ar\/info\/#\/schema\/person\/e5af09d700b2e82cb10c6b8800e0c691","name":"BRAIAN ESTEVEZ","sameAs":["http:\/\/www.patagoniambiental.com.ar"]}]}},"_links":{"self":[{"href":"https:\/\/patagoniambiental.com.ar\/info\/wp-json\/wp\/v2\/posts\/74779","targetHints":{"allow":["GET"]}}],"collection":[{"href":"https:\/\/patagoniambiental.com.ar\/info\/wp-json\/wp\/v2\/posts"}],"about":[{"href":"https:\/\/patagoniambiental.com.ar\/info\/wp-json\/wp\/v2\/types\/post"}],"author":[{"embeddable":true,"href":"https:\/\/patagoniambiental.com.ar\/info\/wp-json\/wp\/v2\/users\/6"}],"replies":[{"embeddable":true,"href":"https:\/\/patagoniambiental.com.ar\/info\/wp-json\/wp\/v2\/comments?post=74779"}],"version-history":[{"count":0,"href":"https:\/\/patagoniambiental.com.ar\/info\/wp-json\/wp\/v2\/posts\/74779\/revisions"}],"wp:featuredmedia":[{"embeddable":true,"href":"https:\/\/patagoniambiental.com.ar\/info\/wp-json\/wp\/v2\/media\/74780"}],"wp:attachment":[{"href":"https:\/\/patagoniambiental.com.ar\/info\/wp-json\/wp\/v2\/media?parent=74779"}],"wp:term":[{"taxonomy":"category","embeddable":true,"href":"https:\/\/patagoniambiental.com.ar\/info\/wp-json\/wp\/v2\/categories?post=74779"},{"taxonomy":"post_tag","embeddable":true,"href":"https:\/\/patagoniambiental.com.ar\/info\/wp-json\/wp\/v2\/tags?post=74779"}],"curies":[{"name":"wp","href":"https:\/\/api.w.org\/{rel}","templated":true}]}}