{"id":74789,"date":"2021-12-14T07:00:00","date_gmt":"2021-12-14T10:00:00","guid":{"rendered":"http:\/\/patagoniambiental.com.ar\/info\/?p=74789"},"modified":"2025-05-08T00:47:34","modified_gmt":"2025-05-08T03:47:34","slug":"turismo-para-personas-con-discapacidad-visual","status":"publish","type":"post","link":"https:\/\/patagoniambiental.com.ar\/info\/turismo-para-personas-con-discapacidad-visual\/","title":{"rendered":"Turismo accesible en R\u00edo Negro: una mirada inclusiva para personas con discapacidad visual"},"content":{"rendered":"\n<!--more-->\n\n\n\n<p>Viedma, Rio Negro, 14 de diciembre de 2021. En un mundo donde el turismo se erige como una puerta hacia nuevas experiencias y descubrimientos, la accesibilidad se convierte en un pilar fundamental para garantizar que todos, sin excepci\u00f3n, puedan disfrutar de estas vivencias. En este contexto, la <a href=\"http:\/\/www.rionegro.gov.ar\">provincia de R\u00edo Negro<\/a> da un paso significativo al promover iniciativas que buscan hacer del turismo una experiencia inclusiva para las personas con discapacidad visual.<\/p>\n\n\n\n<p><a href=\"https:\/\/patagoniambiental.com.ar\/info\/promueven-que-personas-con-discapacidad-puedan-disfrutar-de-la-fauna-maritima\/\">Leer m\u00e1s: Promueven que personas con discapacidad puedan disfrutar de la fauna mar\u00edtima<br><\/a><\/p>\n\n\n\n<div class=\"wp-block-cover\" style=\"min-height:521px;aspect-ratio:unset;\"><img fetchpriority=\"high\" decoding=\"async\" width=\"696\" height=\"392\" class=\"wp-block-cover__image-background wp-image-94795\" alt=\"\" src=\"https:\/\/patagoniambiental.com.ar\/info\/wp-content\/uploads\/2021\/12\/1000135912.jpg\" data-object-fit=\"cover\"\/><span aria-hidden=\"true\" class=\"wp-block-cover__background has-background-dim\"><\/span><div class=\"wp-block-cover__inner-container is-layout-flow wp-block-cover-is-layout-flow\">\n<p class=\"has-text-align-center has-large-font-size\"><\/p>\n<\/div><\/div>\n\n\n\n<p>La Convenci\u00f3n sobre los Derechos de las Personas con Discapacidad, junto con su Protocolo Facultativo, establece el compromiso de los Estados para asegurar el goce pleno y en condiciones de igualdad de todos los derechos humanos y libertades fundamentales por todas las personas con discapacidad. Este marco legal internacional se complementa con el art\u00edculo 41 de la Constituci\u00f3n Nacional Argentina, que reconoce el derecho de todos los habitantes a un ambiente sano y equilibrado, y promueve medidas de acci\u00f3n positiva que garanticen la igualdad real de oportunidades y de trato, especialmente para las personas con discapacidad.<\/p>\n\n\n\n<p><a href=\"https:\/\/patagoniambiental.com.ar\/info\/arrieta-se-reunio-con-funcionarios-del-consejo-provincial-de-discapacidad\/\">Leer m\u00e1s: Arrieta se reuni\u00f3 con funcionarios del Consejo Provincial de Discapacidad<\/a><\/p>\n\n\n\n<p><br><\/p>\n\n\n\n<p>En consonancia con estos principios, las legisladoras provinciales Nancy Andaloro y Graciela Vivanco han presentado un proyecto de ley que establece la obligatoriedad de instalar carteler\u00eda con leyendas explicativas o descriptivas en Braille y\/o dispositivos sonoros en las barandas de miradores tur\u00edsticos de la provincia. Estas leyendas incluir\u00edan el nombre y descripci\u00f3n del paisaje, indicaciones de zonas de descanso y de circulaci\u00f3n, as\u00ed como informaci\u00f3n sobre actividades, visitas e itinerarios tem\u00e1ticos.<\/p>\n\n\n\n<p>Esta iniciativa no solo busca cumplir con las normativas legales, sino tambi\u00e9n fomentar una cultura de inclusi\u00f3n y respeto hacia las personas con discapacidad visual. Al proporcionar informaci\u00f3n accesible en los espacios tur\u00edsticos, se les brinda la oportunidad de disfrutar plenamente de la riqueza natural y cultural que ofrece R\u00edo Negro.<\/p>\n\n\n\n<p><a href=\"https:\/\/patagoniambiental.com.ar\/info\/se-habilito-la-playa-inclusiva-en-el-balneario-el-condor\/\">Leer m\u00e1s: Se habilit\u00f3 la playa inclusiva en el balneario El C\u00f3ndor<\/a><\/p>\n\n\n\n<p><br><\/p>\n\n\n\n<figure class=\"wp-block-image size-full\"><img decoding=\"async\" width=\"878\" height=\"600\" src=\"https:\/\/patagoniambiental.com.ar\/info\/wp-content\/uploads\/2021\/12\/1000135911.jpg\" alt=\"\" class=\"wp-image-94793\"\/><\/figure>\n\n\n\n<p>La implementaci\u00f3n de carteler\u00eda en Braille y dispositivos sonoros en los miradores tur\u00edsticos representa un avance significativo en la promoci\u00f3n del turismo inclusivo. Esta medida permitir\u00e1 que las personas con discapacidad visual puedan orientarse y comprender el entorno que los rodea, enriqueciendo su experiencia y fomentando su autonom\u00eda durante las visitas tur\u00edsticas.<\/p>\n\n\n\n<p>Adem\u00e1s, esta propuesta legislativa se alinea con las tendencias internacionales en materia de turismo accesible. Organizaciones como la <a href=\"http:\/\/www.unwto.org\/es\">Organizaci\u00f3n Mundial del Turismo<\/a> (OMT)<br>han destacado la importancia de garantizar el acceso para todas las personas a las infraestructuras, productos y servicios tur\u00edsticos, situando la accesibilidad en el centro de cualquier pol\u00edtica de turismo responsable y sostenible. <\/p>\n\n\n\n<p>La adopci\u00f3n de medidas inclusivas en el \u00e1mbito tur\u00edstico no solo beneficia a las personas con discapacidad, sino que tambi\u00e9n enriquece la oferta tur\u00edstica en general. Al crear entornos accesibles, se ampl\u00eda el p\u00fablico objetivo y se promueve una imagen positiva de la regi\u00f3n como un destino comprometido con la igualdad y la diversidad.<\/p>\n\n\n\n<p>Es importante destacar que la accesibilidad en el turismo no se limita \u00fanicamente a la infraestructura f\u00edsica, sino que tambi\u00e9n abarca la capacitaci\u00f3n del personal, la disponibilidad de informaci\u00f3n en formatos accesibles y la sensibilizaci\u00f3n de la comunidad en general. En este sentido, la colaboraci\u00f3n entre el sector p\u00fablico, privado y la sociedad civil es esencial para lograr un turismo verdaderamente inclusivo.<\/p>\n\n\n\n<p>La propuesta de las legisladoras Andaloro y Vivanco representa un paso concreto hacia la eliminaci\u00f3n de barreras que impiden la plena participaci\u00f3n de las personas con discapacidad visual en las actividades tur\u00edsticas. Su aprobaci\u00f3n e implementaci\u00f3n efectiva podr\u00edan servir como modelo para otras provincias y regiones del pa\u00eds, promoviendo una cultura de inclusi\u00f3n en todo el territorio nacional.<\/p>\n\n\n\n<p>La iniciativa legislativa para instalar carteler\u00eda en Braille y dispositivos sonoros en los miradores tur\u00edsticos de R\u00edo Negro es una muestra del compromiso de la provincia con la promoci\u00f3n de un turismo accesible e inclusivo. Al garantizar que todas las personas, independientemente de sus capacidades, puedan disfrutar de las bellezas naturales y culturales de la regi\u00f3n, se fortalece el tejido social y se construye una sociedad m\u00e1s equitativa y respetuosa de la diversidad<\/p>\n\n\n\n<p><\/p>\n\n\n\n<p>&#8212;<\/p>\n\n\n\n<hr class=\"wp-block-separator has-css-opacity\"\/>\n\n\n\n<p><\/p>\n","protected":false},"excerpt":{"rendered":"","protected":false},"author":6,"featured_media":74790,"comment_status":"open","ping_status":"open","sticky":false,"template":"","format":"standard","meta":{"site-sidebar-layout":"default","site-content-layout":"","ast-site-content-layout":"default","site-content-style":"default","site-sidebar-style":"default","ast-global-header-display":"","ast-banner-title-visibility":"","ast-main-header-display":"","ast-hfb-above-header-display":"","ast-hfb-below-header-display":"","ast-hfb-mobile-header-display":"","site-post-title":"","ast-breadcrumbs-content":"","ast-featured-img":"","footer-sml-layout":"","ast-disable-related-posts":"","theme-transparent-header-meta":"","adv-header-id-meta":"","stick-header-meta":"","header-above-stick-meta":"","header-main-stick-meta":"","header-below-stick-meta":"","astra-migrate-meta-layouts":"default","ast-page-background-enabled":"default","ast-page-background-meta":{"desktop":{"background-color":"var(--ast-global-color-5)","background-image":"","background-repeat":"repeat","background-position":"center center","background-size":"auto","background-attachment":"scroll","background-type":"","background-media":"","overlay-type":"","overlay-color":"","overlay-opacity":"","overlay-gradient":""},"tablet":{"background-color":"","background-image":"","background-repeat":"repeat","background-position":"center center","background-size":"auto","background-attachment":"scroll","background-type":"","background-media":"","overlay-type":"","overlay-color":"","overlay-opacity":"","overlay-gradient":""},"mobile":{"background-color":"","background-image":"","background-repeat":"repeat","background-position":"center center","background-size":"auto","background-attachment":"scroll","background-type":"","background-media":"","overlay-type":"","overlay-color":"","overlay-opacity":"","overlay-gradient":""}},"ast-content-background-meta":{"desktop":{"background-color":"var(--ast-global-color-4)","background-image":"","background-repeat":"repeat","background-position":"center center","background-size":"auto","background-attachment":"scroll","background-type":"","background-media":"","overlay-type":"","overlay-color":"","overlay-opacity":"","overlay-gradient":""},"tablet":{"background-color":"var(--ast-global-color-4)","background-image":"","background-repeat":"repeat","background-position":"center center","background-size":"auto","background-attachment":"scroll","background-type":"","background-media":"","overlay-type":"","overlay-color":"","overlay-opacity":"","overlay-gradient":""},"mobile":{"background-color":"var(--ast-global-color-4)","background-image":"","background-repeat":"repeat","background-position":"center center","background-size":"auto","background-attachment":"scroll","background-type":"","background-media":"","overlay-type":"","overlay-color":"","overlay-opacity":"","overlay-gradient":""}},"footnotes":""},"categories":[11,1,13,14,10],"tags":[],"class_list":["post-74789","post","type-post","status-publish","format-standard","has-post-thumbnail","hentry","category-boletin","category-noticias","category-provinciales","category-rio-negro","category-rotador"],"yoast_head":"<!-- This site is optimized with the Yoast SEO Premium plugin v23.0 (Yoast SEO v27.5) - https:\/\/yoast.com\/product\/yoast-seo-premium-wordpress\/ -->\n<title>Turismo accesible en R\u00edo Negro: una mirada inclusiva para personas con discapacidad visual<\/title>\n<meta name=\"description\" content=\"En un mundo donde el turismo se erige como una puerta hacia nuevas experiencias y descubrimientos, la accesibilidad se convierte en un pilar fundamental para garantizar que todos, sin excepci\u00f3n, puedan disfrutar de estas vivencias.\" \/>\n<meta name=\"robots\" content=\"index, follow, max-snippet:-1, max-image-preview:large, max-video-preview:-1\" \/>\n<link rel=\"canonical\" href=\"https:\/\/patagoniambiental.com.ar\/info\/turismo-para-personas-con-discapacidad-visual\/\" \/>\n<meta property=\"og:locale\" content=\"es_ES\" \/>\n<meta property=\"og:type\" content=\"article\" \/>\n<meta property=\"og:title\" content=\"Turismo accesible en R\u00edo Negro: una mirada inclusiva para personas con discapacidad visual\" \/>\n<meta property=\"og:description\" content=\"En un mundo donde el turismo se erige como una puerta hacia nuevas experiencias y descubrimientos, la accesibilidad se convierte en un pilar fundamental para garantizar que todos, sin excepci\u00f3n, puedan disfrutar de estas vivencias.\" \/>\n<meta property=\"og:url\" content=\"https:\/\/patagoniambiental.com.ar\/info\/turismo-para-personas-con-discapacidad-visual\/\" \/>\n<meta property=\"og:site_name\" content=\"Patagonia Ambiental\" \/>\n<meta property=\"article:publisher\" content=\"https:\/\/www.facebook.com\/patagonia.ambiental\" \/>\n<meta property=\"article:published_time\" content=\"2021-12-14T10:00:00+00:00\" \/>\n<meta property=\"article:modified_time\" content=\"2025-05-08T03:47:34+00:00\" \/>\n<meta property=\"og:image\" content=\"https:\/\/patagoniambiental.com.ar\/info\/wp-content\/uploads\/2021\/12\/Braille-600x400-1.jpg\" \/>\n\t<meta property=\"og:image:width\" content=\"600\" \/>\n\t<meta property=\"og:image:height\" content=\"400\" \/>\n\t<meta property=\"og:image:type\" content=\"image\/jpeg\" \/>\n<meta name=\"author\" content=\"BRAIAN ESTEVEZ\" \/>\n<meta name=\"twitter:card\" content=\"summary_large_image\" \/>\n<meta name=\"twitter:creator\" content=\"@PatAmb\" \/>\n<meta name=\"twitter:site\" content=\"@PatAmb\" \/>\n<script type=\"application\/ld+json\" class=\"yoast-schema-graph\">{\"@context\":\"https:\\\/\\\/schema.org\",\"@graph\":[{\"@type\":\"Article\",\"@id\":\"https:\\\/\\\/patagoniambiental.com.ar\\\/info\\\/turismo-para-personas-con-discapacidad-visual\\\/#article\",\"isPartOf\":{\"@id\":\"https:\\\/\\\/patagoniambiental.com.ar\\\/info\\\/turismo-para-personas-con-discapacidad-visual\\\/\"},\"author\":{\"name\":\"BRAIAN ESTEVEZ\",\"@id\":\"https:\\\/\\\/patagoniambiental.com.ar\\\/info\\\/#\\\/schema\\\/person\\\/e5af09d700b2e82cb10c6b8800e0c691\"},\"headline\":\"Turismo accesible en R\u00edo Negro: una mirada inclusiva para personas con discapacidad visual\",\"datePublished\":\"2021-12-14T10:00:00+00:00\",\"dateModified\":\"2025-05-08T03:47:34+00:00\",\"mainEntityOfPage\":{\"@id\":\"https:\\\/\\\/patagoniambiental.com.ar\\\/info\\\/turismo-para-personas-con-discapacidad-visual\\\/\"},\"wordCount\":756,\"commentCount\":0,\"publisher\":{\"@id\":\"https:\\\/\\\/patagoniambiental.com.ar\\\/info\\\/#organization\"},\"image\":{\"@id\":\"https:\\\/\\\/patagoniambiental.com.ar\\\/info\\\/turismo-para-personas-con-discapacidad-visual\\\/#primaryimage\"},\"thumbnailUrl\":\"https:\\\/\\\/patagoniambiental.com.ar\\\/info\\\/wp-content\\\/uploads\\\/2021\\\/12\\\/Braille-600x400-1.jpg\",\"articleSection\":[\"Bolet\u00edn\",\"Noticias\",\"Provinciales\",\"R\u00edo Negro\",\"Rotador\"],\"inLanguage\":\"es\",\"potentialAction\":[{\"@type\":\"CommentAction\",\"name\":\"Comment\",\"target\":[\"https:\\\/\\\/patagoniambiental.com.ar\\\/info\\\/turismo-para-personas-con-discapacidad-visual\\\/#respond\"]}]},{\"@type\":\"WebPage\",\"@id\":\"https:\\\/\\\/patagoniambiental.com.ar\\\/info\\\/turismo-para-personas-con-discapacidad-visual\\\/\",\"url\":\"https:\\\/\\\/patagoniambiental.com.ar\\\/info\\\/turismo-para-personas-con-discapacidad-visual\\\/\",\"name\":\"Turismo accesible en R\u00edo Negro: una mirada inclusiva para personas con discapacidad visual\",\"isPartOf\":{\"@id\":\"https:\\\/\\\/patagoniambiental.com.ar\\\/info\\\/#website\"},\"primaryImageOfPage\":{\"@id\":\"https:\\\/\\\/patagoniambiental.com.ar\\\/info\\\/turismo-para-personas-con-discapacidad-visual\\\/#primaryimage\"},\"image\":{\"@id\":\"https:\\\/\\\/patagoniambiental.com.ar\\\/info\\\/turismo-para-personas-con-discapacidad-visual\\\/#primaryimage\"},\"thumbnailUrl\":\"https:\\\/\\\/patagoniambiental.com.ar\\\/info\\\/wp-content\\\/uploads\\\/2021\\\/12\\\/Braille-600x400-1.jpg\",\"datePublished\":\"2021-12-14T10:00:00+00:00\",\"dateModified\":\"2025-05-08T03:47:34+00:00\",\"description\":\"En un mundo donde el turismo se erige como una puerta hacia nuevas experiencias y descubrimientos, la accesibilidad se convierte en un pilar fundamental para garantizar que todos, sin excepci\u00f3n, puedan disfrutar de estas vivencias.\",\"breadcrumb\":{\"@id\":\"https:\\\/\\\/patagoniambiental.com.ar\\\/info\\\/turismo-para-personas-con-discapacidad-visual\\\/#breadcrumb\"},\"inLanguage\":\"es\",\"potentialAction\":[{\"@type\":\"ReadAction\",\"target\":[\"https:\\\/\\\/patagoniambiental.com.ar\\\/info\\\/turismo-para-personas-con-discapacidad-visual\\\/\"]}]},{\"@type\":\"ImageObject\",\"inLanguage\":\"es\",\"@id\":\"https:\\\/\\\/patagoniambiental.com.ar\\\/info\\\/turismo-para-personas-con-discapacidad-visual\\\/#primaryimage\",\"url\":\"https:\\\/\\\/patagoniambiental.com.ar\\\/info\\\/wp-content\\\/uploads\\\/2021\\\/12\\\/Braille-600x400-1.jpg\",\"contentUrl\":\"https:\\\/\\\/patagoniambiental.com.ar\\\/info\\\/wp-content\\\/uploads\\\/2021\\\/12\\\/Braille-600x400-1.jpg\",\"width\":600,\"height\":400},{\"@type\":\"BreadcrumbList\",\"@id\":\"https:\\\/\\\/patagoniambiental.com.ar\\\/info\\\/turismo-para-personas-con-discapacidad-visual\\\/#breadcrumb\",\"itemListElement\":[{\"@type\":\"ListItem\",\"position\":1,\"name\":\"Inicio\",\"item\":\"https:\\\/\\\/patagoniambiental.com.ar\\\/info\\\/\"},{\"@type\":\"ListItem\",\"position\":2,\"name\":\"Turismo accesible en R\u00edo Negro: una mirada inclusiva para personas con discapacidad visual\"}]},{\"@type\":\"WebSite\",\"@id\":\"https:\\\/\\\/patagoniambiental.com.ar\\\/info\\\/#website\",\"url\":\"https:\\\/\\\/patagoniambiental.com.ar\\\/info\\\/\",\"name\":\"Patagonia Ambiental\",\"description\":\"Monitoreo y an\u00e1lisis de la situaci\u00f3n geopol\u00edtica en el mundo y su implicancia en la Patagonia\",\"publisher\":{\"@id\":\"https:\\\/\\\/patagoniambiental.com.ar\\\/info\\\/#organization\"},\"potentialAction\":[{\"@type\":\"SearchAction\",\"target\":{\"@type\":\"EntryPoint\",\"urlTemplate\":\"https:\\\/\\\/patagoniambiental.com.ar\\\/info\\\/?s={search_term_string}\"},\"query-input\":{\"@type\":\"PropertyValueSpecification\",\"valueRequired\":true,\"valueName\":\"search_term_string\"}}],\"inLanguage\":\"es\"},{\"@type\":\"Organization\",\"@id\":\"https:\\\/\\\/patagoniambiental.com.ar\\\/info\\\/#organization\",\"name\":\"Patagonia Ambiental\",\"url\":\"https:\\\/\\\/patagoniambiental.com.ar\\\/info\\\/\",\"logo\":{\"@type\":\"ImageObject\",\"inLanguage\":\"es\",\"@id\":\"https:\\\/\\\/patagoniambiental.com.ar\\\/info\\\/#\\\/schema\\\/logo\\\/image\\\/\",\"url\":\"https:\\\/\\\/patagoniambiental.com.ar\\\/info\\\/wp-content\\\/uploads\\\/2025\\\/05\\\/LOGO-PATAGONIA-AMBIENTAL.png\",\"contentUrl\":\"https:\\\/\\\/patagoniambiental.com.ar\\\/info\\\/wp-content\\\/uploads\\\/2025\\\/05\\\/LOGO-PATAGONIA-AMBIENTAL.png\",\"width\":433,\"height\":250,\"caption\":\"Patagonia Ambiental\"},\"image\":{\"@id\":\"https:\\\/\\\/patagoniambiental.com.ar\\\/info\\\/#\\\/schema\\\/logo\\\/image\\\/\"},\"sameAs\":[\"https:\\\/\\\/www.facebook.com\\\/patagonia.ambiental\",\"https:\\\/\\\/x.com\\\/PatAmb\"]},{\"@type\":\"Person\",\"@id\":\"https:\\\/\\\/patagoniambiental.com.ar\\\/info\\\/#\\\/schema\\\/person\\\/e5af09d700b2e82cb10c6b8800e0c691\",\"name\":\"BRAIAN ESTEVEZ\",\"sameAs\":[\"http:\\\/\\\/www.patagoniambiental.com.ar\"]}]}<\/script>\n<!-- \/ Yoast SEO Premium plugin. -->","yoast_head_json":{"title":"Turismo accesible en R\u00edo Negro: una mirada inclusiva para personas con discapacidad visual","description":"En un mundo donde el turismo se erige como una puerta hacia nuevas experiencias y descubrimientos, la accesibilidad se convierte en un pilar fundamental para garantizar que todos, sin excepci\u00f3n, puedan disfrutar de estas vivencias.","robots":{"index":"index","follow":"follow","max-snippet":"max-snippet:-1","max-image-preview":"max-image-preview:large","max-video-preview":"max-video-preview:-1"},"canonical":"https:\/\/patagoniambiental.com.ar\/info\/turismo-para-personas-con-discapacidad-visual\/","og_locale":"es_ES","og_type":"article","og_title":"Turismo accesible en R\u00edo Negro: una mirada inclusiva para personas con discapacidad visual","og_description":"En un mundo donde el turismo se erige como una puerta hacia nuevas experiencias y descubrimientos, la accesibilidad se convierte en un pilar fundamental para garantizar que todos, sin excepci\u00f3n, puedan disfrutar de estas vivencias.","og_url":"https:\/\/patagoniambiental.com.ar\/info\/turismo-para-personas-con-discapacidad-visual\/","og_site_name":"Patagonia Ambiental","article_publisher":"https:\/\/www.facebook.com\/patagonia.ambiental","article_published_time":"2021-12-14T10:00:00+00:00","article_modified_time":"2025-05-08T03:47:34+00:00","og_image":[{"width":600,"height":400,"url":"https:\/\/patagoniambiental.com.ar\/info\/wp-content\/uploads\/2021\/12\/Braille-600x400-1.jpg","type":"image\/jpeg"}],"author":"BRAIAN ESTEVEZ","twitter_card":"summary_large_image","twitter_creator":"@PatAmb","twitter_site":"@PatAmb","schema":{"@context":"https:\/\/schema.org","@graph":[{"@type":"Article","@id":"https:\/\/patagoniambiental.com.ar\/info\/turismo-para-personas-con-discapacidad-visual\/#article","isPartOf":{"@id":"https:\/\/patagoniambiental.com.ar\/info\/turismo-para-personas-con-discapacidad-visual\/"},"author":{"name":"BRAIAN ESTEVEZ","@id":"https:\/\/patagoniambiental.com.ar\/info\/#\/schema\/person\/e5af09d700b2e82cb10c6b8800e0c691"},"headline":"Turismo accesible en R\u00edo Negro: una mirada inclusiva para personas con discapacidad visual","datePublished":"2021-12-14T10:00:00+00:00","dateModified":"2025-05-08T03:47:34+00:00","mainEntityOfPage":{"@id":"https:\/\/patagoniambiental.com.ar\/info\/turismo-para-personas-con-discapacidad-visual\/"},"wordCount":756,"commentCount":0,"publisher":{"@id":"https:\/\/patagoniambiental.com.ar\/info\/#organization"},"image":{"@id":"https:\/\/patagoniambiental.com.ar\/info\/turismo-para-personas-con-discapacidad-visual\/#primaryimage"},"thumbnailUrl":"https:\/\/patagoniambiental.com.ar\/info\/wp-content\/uploads\/2021\/12\/Braille-600x400-1.jpg","articleSection":["Bolet\u00edn","Noticias","Provinciales","R\u00edo Negro","Rotador"],"inLanguage":"es","potentialAction":[{"@type":"CommentAction","name":"Comment","target":["https:\/\/patagoniambiental.com.ar\/info\/turismo-para-personas-con-discapacidad-visual\/#respond"]}]},{"@type":"WebPage","@id":"https:\/\/patagoniambiental.com.ar\/info\/turismo-para-personas-con-discapacidad-visual\/","url":"https:\/\/patagoniambiental.com.ar\/info\/turismo-para-personas-con-discapacidad-visual\/","name":"Turismo accesible en R\u00edo Negro: una mirada inclusiva para personas con discapacidad visual","isPartOf":{"@id":"https:\/\/patagoniambiental.com.ar\/info\/#website"},"primaryImageOfPage":{"@id":"https:\/\/patagoniambiental.com.ar\/info\/turismo-para-personas-con-discapacidad-visual\/#primaryimage"},"image":{"@id":"https:\/\/patagoniambiental.com.ar\/info\/turismo-para-personas-con-discapacidad-visual\/#primaryimage"},"thumbnailUrl":"https:\/\/patagoniambiental.com.ar\/info\/wp-content\/uploads\/2021\/12\/Braille-600x400-1.jpg","datePublished":"2021-12-14T10:00:00+00:00","dateModified":"2025-05-08T03:47:34+00:00","description":"En un mundo donde el turismo se erige como una puerta hacia nuevas experiencias y descubrimientos, la accesibilidad se convierte en un pilar fundamental para garantizar que todos, sin excepci\u00f3n, puedan disfrutar de estas vivencias.","breadcrumb":{"@id":"https:\/\/patagoniambiental.com.ar\/info\/turismo-para-personas-con-discapacidad-visual\/#breadcrumb"},"inLanguage":"es","potentialAction":[{"@type":"ReadAction","target":["https:\/\/patagoniambiental.com.ar\/info\/turismo-para-personas-con-discapacidad-visual\/"]}]},{"@type":"ImageObject","inLanguage":"es","@id":"https:\/\/patagoniambiental.com.ar\/info\/turismo-para-personas-con-discapacidad-visual\/#primaryimage","url":"https:\/\/patagoniambiental.com.ar\/info\/wp-content\/uploads\/2021\/12\/Braille-600x400-1.jpg","contentUrl":"https:\/\/patagoniambiental.com.ar\/info\/wp-content\/uploads\/2021\/12\/Braille-600x400-1.jpg","width":600,"height":400},{"@type":"BreadcrumbList","@id":"https:\/\/patagoniambiental.com.ar\/info\/turismo-para-personas-con-discapacidad-visual\/#breadcrumb","itemListElement":[{"@type":"ListItem","position":1,"name":"Inicio","item":"https:\/\/patagoniambiental.com.ar\/info\/"},{"@type":"ListItem","position":2,"name":"Turismo accesible en R\u00edo Negro: una mirada inclusiva para personas con discapacidad visual"}]},{"@type":"WebSite","@id":"https:\/\/patagoniambiental.com.ar\/info\/#website","url":"https:\/\/patagoniambiental.com.ar\/info\/","name":"Patagonia Ambiental","description":"Monitoreo y an\u00e1lisis de la situaci\u00f3n geopol\u00edtica en el mundo y su implicancia en la Patagonia","publisher":{"@id":"https:\/\/patagoniambiental.com.ar\/info\/#organization"},"potentialAction":[{"@type":"SearchAction","target":{"@type":"EntryPoint","urlTemplate":"https:\/\/patagoniambiental.com.ar\/info\/?s={search_term_string}"},"query-input":{"@type":"PropertyValueSpecification","valueRequired":true,"valueName":"search_term_string"}}],"inLanguage":"es"},{"@type":"Organization","@id":"https:\/\/patagoniambiental.com.ar\/info\/#organization","name":"Patagonia Ambiental","url":"https:\/\/patagoniambiental.com.ar\/info\/","logo":{"@type":"ImageObject","inLanguage":"es","@id":"https:\/\/patagoniambiental.com.ar\/info\/#\/schema\/logo\/image\/","url":"https:\/\/patagoniambiental.com.ar\/info\/wp-content\/uploads\/2025\/05\/LOGO-PATAGONIA-AMBIENTAL.png","contentUrl":"https:\/\/patagoniambiental.com.ar\/info\/wp-content\/uploads\/2025\/05\/LOGO-PATAGONIA-AMBIENTAL.png","width":433,"height":250,"caption":"Patagonia Ambiental"},"image":{"@id":"https:\/\/patagoniambiental.com.ar\/info\/#\/schema\/logo\/image\/"},"sameAs":["https:\/\/www.facebook.com\/patagonia.ambiental","https:\/\/x.com\/PatAmb"]},{"@type":"Person","@id":"https:\/\/patagoniambiental.com.ar\/info\/#\/schema\/person\/e5af09d700b2e82cb10c6b8800e0c691","name":"BRAIAN ESTEVEZ","sameAs":["http:\/\/www.patagoniambiental.com.ar"]}]}},"_links":{"self":[{"href":"https:\/\/patagoniambiental.com.ar\/info\/wp-json\/wp\/v2\/posts\/74789","targetHints":{"allow":["GET"]}}],"collection":[{"href":"https:\/\/patagoniambiental.com.ar\/info\/wp-json\/wp\/v2\/posts"}],"about":[{"href":"https:\/\/patagoniambiental.com.ar\/info\/wp-json\/wp\/v2\/types\/post"}],"author":[{"embeddable":true,"href":"https:\/\/patagoniambiental.com.ar\/info\/wp-json\/wp\/v2\/users\/6"}],"replies":[{"embeddable":true,"href":"https:\/\/patagoniambiental.com.ar\/info\/wp-json\/wp\/v2\/comments?post=74789"}],"version-history":[{"count":0,"href":"https:\/\/patagoniambiental.com.ar\/info\/wp-json\/wp\/v2\/posts\/74789\/revisions"}],"wp:featuredmedia":[{"embeddable":true,"href":"https:\/\/patagoniambiental.com.ar\/info\/wp-json\/wp\/v2\/media\/74790"}],"wp:attachment":[{"href":"https:\/\/patagoniambiental.com.ar\/info\/wp-json\/wp\/v2\/media?parent=74789"}],"wp:term":[{"taxonomy":"category","embeddable":true,"href":"https:\/\/patagoniambiental.com.ar\/info\/wp-json\/wp\/v2\/categories?post=74789"},{"taxonomy":"post_tag","embeddable":true,"href":"https:\/\/patagoniambiental.com.ar\/info\/wp-json\/wp\/v2\/tags?post=74789"}],"curies":[{"name":"wp","href":"https:\/\/api.w.org\/{rel}","templated":true}]}}