{"id":74809,"date":"2021-12-14T19:00:00","date_gmt":"2021-12-14T22:00:00","guid":{"rendered":"http:\/\/patagoniambiental.com.ar\/info\/?p=74809"},"modified":"2021-12-15T11:07:52","modified_gmt":"2021-12-15T14:07:52","slug":"alarma-en-las-grutas-por-otro-enorme-derrumbe-de-un-acantilado","status":"publish","type":"post","link":"https:\/\/patagoniambiental.com.ar\/info\/alarma-en-las-grutas-por-otro-enorme-derrumbe-de-un-acantilado\/","title":{"rendered":"Alarma en Las Grutas por otro enorme derrumbe de un acantilado"},"content":{"rendered":"\n<!--more-->\n\n\n\n<h2 class=\"wp-block-heading\">El desmoronamiento, de gran magnitud, ocurri\u00f3 en la zona de la bajada Los Acantilados, al norte de la villa balnearia. Se vuelven a encender las alarmas ante una nueva temporada veraniega.<\/h2>\n\n\n\n<ul class=\"wp-block-list\"><li><\/li><li><\/li><li><\/li><li><\/li><\/ul>\n\n\n\n<figure class=\"wp-block-image\"><img decoding=\"async\" src=\"https:\/\/media.lmneuquen.com\/p\/83e88e37507b830c071d46dd0691f4df\/adjuntos\/198\/imagenes\/006\/967\/0006967841\/770x0\/smart\/derrumbe-1png.png\" alt=\"Alarma en Las Grutas por otro enorme derrumbe de un acantilado\" title=\"Alarma en Las Grutas por otro enorme derrumbe de un acantilado | LM Neuquen\"\/><\/figure>\n\n\n\n<p>Otro gigantesco bloque del&nbsp;<strong><a href=\"https:\/\/www.lmneuquen.com\/acantilado-a12554\">acantilado<\/a><\/strong>&nbsp;cay\u00f3 a la playa de&nbsp;<strong><a href=\"https:\/\/www.lmneuquen.com\/las-grutas-a1418\">Las Grutas<\/a><\/strong>. El evento, que vuelve a poner de relieve la fragilidad del accidente costero, se produjo el \u00faltimo domingo en la zona de la bajada de Los Acantilados, al norte de la villa tur\u00edstica, donde se han registrado en los \u00faltimos a\u00f1os desmoronamientos de gran magnitud.<\/p>\n\n\n\n<p>Teddy Neumivakin, un guardavidas de muchos a\u00f1os en actividad y apasionado del paisaje marino, destac\u00f3 que es uno de los desprendimientos m\u00e1s grandes que han ocurrido. Record\u00f3 que es peligroso acampar al pie del barranco en cualquier parte de la extensi\u00f3n. Una sugerencia que es ignorada a pesar de que hay carteles que lo advierten.<\/p>\n\n\n\n<p>En toda el \u00e1rea quedaron diseminados trozos de roca, algunos del tama\u00f1o de un veh\u00edculo. Una cinta que envolvi\u00f3 el contorno alertaba sobre la peligrosidad.<\/p>\n\n\n\n<p>La fortuna quiso que no se registraran personas heridas, pues el \u00e1rea donde sucedi\u00f3 no es visitada como en el sector que va de la Bajada Cero a la S\u00e9ptima.<\/p>\n\n\n\n<p>Sobre todo fue un alivio porque durante el fin de semana hubo un buen n\u00famero de turistas, debido a que se lanz\u00f3 una nueva temporada veraniega.<\/p>\n\n\n\n<figure class=\"wp-block-image\"><img decoding=\"async\" src=\"https:\/\/media.lmcipolletti.com\/p\/dd64ecf12d67cae1a1222e09816de5dd\/adjuntos\/198\/imagenes\/006\/967\/0006967843\/770x0\/smart\/derrumbe-3png.png\" alt=\"\"\/><\/figure>\n\n\n\n<p>La peligrosidad est\u00e1 latente en todo el frente costero rocoso. Lo confirman distintos estudios cient\u00edficos y publicaciones que arrojaron el mismo diagn\u00f3stico.<\/p>\n\n\n\n<p>En febrero del a\u00f1o pasado el municipio de San Antonio realiz\u00f3 derrumbes controlados en las partes que se observaban fisuras, y con riesgo a cayeran de un momento.<\/p>\n\n\n\n<p>El trabajo \u2013t\u00e9cnicamente denominado \u201ctojeo\u201d- se realiz\u00f3 con la colaboraci\u00f3n de Bomberos Voluntarios de la villa tur\u00edstica, t\u00e9cnicos de la Secretar\u00eda de Planificaci\u00f3n y Desarrollo Urbano, y la colaboraci\u00f3n del equipo de Guardavidas, que hab\u00eda se\u00f1alado en un informe los sectores m\u00e1s alarmantes.<\/p>\n\n\n\n<p>Las tareas correspondieron al Plan de Manejo del Frente Costero grutense que inclu\u00eda el tramo desde Los Acantilados hasta la denominada \u201c4\u00b0 Bajada\u201d, completando un total de 3.000m.<\/p>\n\n\n\n<figure class=\"wp-block-image\"><img decoding=\"async\" src=\"https:\/\/media.lmcipolletti.com\/p\/0cccbbf18e8bd4b4810c58d47d8ef909\/adjuntos\/198\/imagenes\/006\/967\/0006967842\/770x0\/smart\/derrumbe-2png.png\" alt=\"\"\/><\/figure>\n\n\n\n<p>El trabajo adem\u00e1s plante\u00f3 \u201cAcciones a largo plazo\u201d y establecer \u201clos lineamientos para desarrollar un Plan o Programa de Manejo Integral del Frente Costero que establezca criterios y desarrolle acciones para la conservaci\u00f3n y protecci\u00f3n de los acantilados\u201d.<\/p>\n\n\n\n<p>\u201cEste plan \u2013agrega el documento- deber\u00e1 abarcar aspectos no solo relacionados con las tareas de estabilizaci\u00f3n, sino adem\u00e1s evaluar e investigar la influencia de otros aspectos de naturaleza antr\u00f3pica como las redes de drenaje en el sector, el origen de los aportes hidr\u00e1ulicos, el impacto de las vibraciones originadas por el tr\u00e1nsito y el efecto de las cargas existentes debido a la urbanizaci\u00f3n de la villa balnearia, etc\u201d.<\/p>\n\n\n\n<p>La propuesta inclu\u00eda generar concientizaci\u00f3n entre los visitantes, con campa\u00f1as en los medios radiales y televisivos, como tambi\u00e9n la articulaci\u00f3n con la Oficina de Turismo Municipal, la entrega de folleter\u00eda informativa a los veraneantes. Se desarrollar\u00e1n informes peri\u00f3dicos identificando y monitoreando puntos cr\u00edticos a intervenir para evaluar su evoluci\u00f3n, dejando asentado con soporte fotogr\u00e1fico cualquier observaci\u00f3n de utilidad\u201d.<\/p>\n\n\n\n<p>Fuente: https:\/\/www.lmneuquen.com\/alarma-las-grutas-otro-enorme-derrumbe-un-acantilado-n869528?utm_source=thinkindot&amp;utm_medium=listado&amp;utm_content=newsletter&amp;utm_campaign=newsletteropenlmn&amp;noredirect=1<\/p>\n","protected":false},"excerpt":{"rendered":"","protected":false},"author":6,"featured_media":74810,"comment_status":"open","ping_status":"open","sticky":false,"template":"","format":"standard","meta":{"site-sidebar-layout":"default","site-content-layout":"","ast-site-content-layout":"default","site-content-style":"default","site-sidebar-style":"default","ast-global-header-display":"","ast-banner-title-visibility":"","ast-main-header-display":"","ast-hfb-above-header-display":"","ast-hfb-below-header-display":"","ast-hfb-mobile-header-display":"","site-post-title":"","ast-breadcrumbs-content":"","ast-featured-img":"","footer-sml-layout":"","ast-disable-related-posts":"","theme-transparent-header-meta":"","adv-header-id-meta":"","stick-header-meta":"","header-above-stick-meta":"","header-main-stick-meta":"","header-below-stick-meta":"","astra-migrate-meta-layouts":"default","ast-page-background-enabled":"default","ast-page-background-meta":{"desktop":{"background-color":"var(--ast-global-color-5)","background-image":"","background-repeat":"repeat","background-position":"center center","background-size":"auto","background-attachment":"scroll","background-type":"","background-media":"","overlay-type":"","overlay-color":"","overlay-opacity":"","overlay-gradient":""},"tablet":{"background-color":"","background-image":"","background-repeat":"repeat","background-position":"center center","background-size":"auto","background-attachment":"scroll","background-type":"","background-media":"","overlay-type":"","overlay-color":"","overlay-opacity":"","overlay-gradient":""},"mobile":{"background-color":"","background-image":"","background-repeat":"repeat","background-position":"center center","background-size":"auto","background-attachment":"scroll","background-type":"","background-media":"","overlay-type":"","overlay-color":"","overlay-opacity":"","overlay-gradient":""}},"ast-content-background-meta":{"desktop":{"background-color":"var(--ast-global-color-4)","background-image":"","background-repeat":"repeat","background-position":"center center","background-size":"auto","background-attachment":"scroll","background-type":"","background-media":"","overlay-type":"","overlay-color":"","overlay-opacity":"","overlay-gradient":""},"tablet":{"background-color":"var(--ast-global-color-4)","background-image":"","background-repeat":"repeat","background-position":"center center","background-size":"auto","background-attachment":"scroll","background-type":"","background-media":"","overlay-type":"","overlay-color":"","overlay-opacity":"","overlay-gradient":""},"mobile":{"background-color":"var(--ast-global-color-4)","background-image":"","background-repeat":"repeat","background-position":"center center","background-size":"auto","background-attachment":"scroll","background-type":"","background-media":"","overlay-type":"","overlay-color":"","overlay-opacity":"","overlay-gradient":""}},"footnotes":""},"categories":[1,13,14],"tags":[],"class_list":["post-74809","post","type-post","status-publish","format-standard","has-post-thumbnail","hentry","category-noticias","category-provinciales","category-rio-negro"],"yoast_head":"<!-- This site is optimized with the Yoast SEO Premium plugin v23.0 (Yoast SEO v27.5) - https:\/\/yoast.com\/product\/yoast-seo-premium-wordpress\/ -->\n<title>Alarma en Las Grutas por otro enorme derrumbe de un acantilado<\/title>\n<meta name=\"robots\" content=\"index, follow, max-snippet:-1, max-image-preview:large, max-video-preview:-1\" \/>\n<link rel=\"canonical\" href=\"https:\/\/patagoniambiental.com.ar\/info\/alarma-en-las-grutas-por-otro-enorme-derrumbe-de-un-acantilado\/\" \/>\n<meta property=\"og:locale\" content=\"es_ES\" \/>\n<meta property=\"og:type\" content=\"article\" \/>\n<meta property=\"og:title\" content=\"Alarma en Las Grutas por otro enorme derrumbe de un acantilado\" \/>\n<meta property=\"og:url\" content=\"https:\/\/patagoniambiental.com.ar\/info\/alarma-en-las-grutas-por-otro-enorme-derrumbe-de-un-acantilado\/\" \/>\n<meta property=\"og:site_name\" content=\"Patagonia Ambiental\" \/>\n<meta property=\"article:publisher\" content=\"https:\/\/www.facebook.com\/patagonia.ambiental\" \/>\n<meta property=\"article:published_time\" content=\"2021-12-14T22:00:00+00:00\" \/>\n<meta property=\"article:modified_time\" content=\"2021-12-15T14:07:52+00:00\" \/>\n<meta property=\"og:image\" content=\"https:\/\/patagoniambiental.com.ar\/info\/wp-content\/uploads\/2021\/12\/derrumbe-1png.png\" \/>\n\t<meta property=\"og:image:width\" content=\"770\" \/>\n\t<meta property=\"og:image:height\" content=\"449\" \/>\n\t<meta property=\"og:image:type\" content=\"image\/png\" \/>\n<meta name=\"author\" content=\"BRAIAN ESTEVEZ\" \/>\n<meta name=\"twitter:card\" content=\"summary_large_image\" \/>\n<meta name=\"twitter:creator\" content=\"@PatAmb\" \/>\n<meta name=\"twitter:site\" content=\"@PatAmb\" \/>\n<script type=\"application\/ld+json\" class=\"yoast-schema-graph\">{\"@context\":\"https:\\\/\\\/schema.org\",\"@graph\":[{\"@type\":\"Article\",\"@id\":\"https:\\\/\\\/patagoniambiental.com.ar\\\/info\\\/alarma-en-las-grutas-por-otro-enorme-derrumbe-de-un-acantilado\\\/#article\",\"isPartOf\":{\"@id\":\"https:\\\/\\\/patagoniambiental.com.ar\\\/info\\\/alarma-en-las-grutas-por-otro-enorme-derrumbe-de-un-acantilado\\\/\"},\"author\":{\"name\":\"BRAIAN ESTEVEZ\",\"@id\":\"https:\\\/\\\/patagoniambiental.com.ar\\\/info\\\/#\\\/schema\\\/person\\\/e5af09d700b2e82cb10c6b8800e0c691\"},\"headline\":\"Alarma en Las Grutas por otro enorme derrumbe de un acantilado\",\"datePublished\":\"2021-12-14T22:00:00+00:00\",\"dateModified\":\"2021-12-15T14:07:52+00:00\",\"mainEntityOfPage\":{\"@id\":\"https:\\\/\\\/patagoniambiental.com.ar\\\/info\\\/alarma-en-las-grutas-por-otro-enorme-derrumbe-de-un-acantilado\\\/\"},\"wordCount\":590,\"commentCount\":0,\"publisher\":{\"@id\":\"https:\\\/\\\/patagoniambiental.com.ar\\\/info\\\/#organization\"},\"image\":{\"@id\":\"https:\\\/\\\/patagoniambiental.com.ar\\\/info\\\/alarma-en-las-grutas-por-otro-enorme-derrumbe-de-un-acantilado\\\/#primaryimage\"},\"thumbnailUrl\":\"https:\\\/\\\/patagoniambiental.com.ar\\\/info\\\/wp-content\\\/uploads\\\/2021\\\/12\\\/derrumbe-1png.png\",\"articleSection\":[\"Noticias\",\"Provinciales\",\"R\u00edo Negro\"],\"inLanguage\":\"es\",\"potentialAction\":[{\"@type\":\"CommentAction\",\"name\":\"Comment\",\"target\":[\"https:\\\/\\\/patagoniambiental.com.ar\\\/info\\\/alarma-en-las-grutas-por-otro-enorme-derrumbe-de-un-acantilado\\\/#respond\"]}]},{\"@type\":\"WebPage\",\"@id\":\"https:\\\/\\\/patagoniambiental.com.ar\\\/info\\\/alarma-en-las-grutas-por-otro-enorme-derrumbe-de-un-acantilado\\\/\",\"url\":\"https:\\\/\\\/patagoniambiental.com.ar\\\/info\\\/alarma-en-las-grutas-por-otro-enorme-derrumbe-de-un-acantilado\\\/\",\"name\":\"Alarma en Las Grutas por otro enorme derrumbe de un acantilado\",\"isPartOf\":{\"@id\":\"https:\\\/\\\/patagoniambiental.com.ar\\\/info\\\/#website\"},\"primaryImageOfPage\":{\"@id\":\"https:\\\/\\\/patagoniambiental.com.ar\\\/info\\\/alarma-en-las-grutas-por-otro-enorme-derrumbe-de-un-acantilado\\\/#primaryimage\"},\"image\":{\"@id\":\"https:\\\/\\\/patagoniambiental.com.ar\\\/info\\\/alarma-en-las-grutas-por-otro-enorme-derrumbe-de-un-acantilado\\\/#primaryimage\"},\"thumbnailUrl\":\"https:\\\/\\\/patagoniambiental.com.ar\\\/info\\\/wp-content\\\/uploads\\\/2021\\\/12\\\/derrumbe-1png.png\",\"datePublished\":\"2021-12-14T22:00:00+00:00\",\"dateModified\":\"2021-12-15T14:07:52+00:00\",\"breadcrumb\":{\"@id\":\"https:\\\/\\\/patagoniambiental.com.ar\\\/info\\\/alarma-en-las-grutas-por-otro-enorme-derrumbe-de-un-acantilado\\\/#breadcrumb\"},\"inLanguage\":\"es\",\"potentialAction\":[{\"@type\":\"ReadAction\",\"target\":[\"https:\\\/\\\/patagoniambiental.com.ar\\\/info\\\/alarma-en-las-grutas-por-otro-enorme-derrumbe-de-un-acantilado\\\/\"]}]},{\"@type\":\"ImageObject\",\"inLanguage\":\"es\",\"@id\":\"https:\\\/\\\/patagoniambiental.com.ar\\\/info\\\/alarma-en-las-grutas-por-otro-enorme-derrumbe-de-un-acantilado\\\/#primaryimage\",\"url\":\"https:\\\/\\\/patagoniambiental.com.ar\\\/info\\\/wp-content\\\/uploads\\\/2021\\\/12\\\/derrumbe-1png.png\",\"contentUrl\":\"https:\\\/\\\/patagoniambiental.com.ar\\\/info\\\/wp-content\\\/uploads\\\/2021\\\/12\\\/derrumbe-1png.png\",\"width\":770,\"height\":449},{\"@type\":\"BreadcrumbList\",\"@id\":\"https:\\\/\\\/patagoniambiental.com.ar\\\/info\\\/alarma-en-las-grutas-por-otro-enorme-derrumbe-de-un-acantilado\\\/#breadcrumb\",\"itemListElement\":[{\"@type\":\"ListItem\",\"position\":1,\"name\":\"Inicio\",\"item\":\"https:\\\/\\\/patagoniambiental.com.ar\\\/info\\\/\"},{\"@type\":\"ListItem\",\"position\":2,\"name\":\"Alarma en Las Grutas por otro enorme derrumbe de un acantilado\"}]},{\"@type\":\"WebSite\",\"@id\":\"https:\\\/\\\/patagoniambiental.com.ar\\\/info\\\/#website\",\"url\":\"https:\\\/\\\/patagoniambiental.com.ar\\\/info\\\/\",\"name\":\"Patagonia Ambiental\",\"description\":\"Monitoreo y an\u00e1lisis de la situaci\u00f3n geopol\u00edtica en el mundo y su implicancia en la Patagonia\",\"publisher\":{\"@id\":\"https:\\\/\\\/patagoniambiental.com.ar\\\/info\\\/#organization\"},\"potentialAction\":[{\"@type\":\"SearchAction\",\"target\":{\"@type\":\"EntryPoint\",\"urlTemplate\":\"https:\\\/\\\/patagoniambiental.com.ar\\\/info\\\/?s={search_term_string}\"},\"query-input\":{\"@type\":\"PropertyValueSpecification\",\"valueRequired\":true,\"valueName\":\"search_term_string\"}}],\"inLanguage\":\"es\"},{\"@type\":\"Organization\",\"@id\":\"https:\\\/\\\/patagoniambiental.com.ar\\\/info\\\/#organization\",\"name\":\"Patagonia Ambiental\",\"url\":\"https:\\\/\\\/patagoniambiental.com.ar\\\/info\\\/\",\"logo\":{\"@type\":\"ImageObject\",\"inLanguage\":\"es\",\"@id\":\"https:\\\/\\\/patagoniambiental.com.ar\\\/info\\\/#\\\/schema\\\/logo\\\/image\\\/\",\"url\":\"https:\\\/\\\/patagoniambiental.com.ar\\\/info\\\/wp-content\\\/uploads\\\/2025\\\/05\\\/LOGO-PATAGONIA-AMBIENTAL.png\",\"contentUrl\":\"https:\\\/\\\/patagoniambiental.com.ar\\\/info\\\/wp-content\\\/uploads\\\/2025\\\/05\\\/LOGO-PATAGONIA-AMBIENTAL.png\",\"width\":433,\"height\":250,\"caption\":\"Patagonia Ambiental\"},\"image\":{\"@id\":\"https:\\\/\\\/patagoniambiental.com.ar\\\/info\\\/#\\\/schema\\\/logo\\\/image\\\/\"},\"sameAs\":[\"https:\\\/\\\/www.facebook.com\\\/patagonia.ambiental\",\"https:\\\/\\\/x.com\\\/PatAmb\"]},{\"@type\":\"Person\",\"@id\":\"https:\\\/\\\/patagoniambiental.com.ar\\\/info\\\/#\\\/schema\\\/person\\\/e5af09d700b2e82cb10c6b8800e0c691\",\"name\":\"BRAIAN ESTEVEZ\",\"sameAs\":[\"http:\\\/\\\/www.patagoniambiental.com.ar\"]}]}<\/script>\n<!-- \/ Yoast SEO Premium plugin. -->","yoast_head_json":{"title":"Alarma en Las Grutas por otro enorme derrumbe de un acantilado","robots":{"index":"index","follow":"follow","max-snippet":"max-snippet:-1","max-image-preview":"max-image-preview:large","max-video-preview":"max-video-preview:-1"},"canonical":"https:\/\/patagoniambiental.com.ar\/info\/alarma-en-las-grutas-por-otro-enorme-derrumbe-de-un-acantilado\/","og_locale":"es_ES","og_type":"article","og_title":"Alarma en Las Grutas por otro enorme derrumbe de un acantilado","og_url":"https:\/\/patagoniambiental.com.ar\/info\/alarma-en-las-grutas-por-otro-enorme-derrumbe-de-un-acantilado\/","og_site_name":"Patagonia Ambiental","article_publisher":"https:\/\/www.facebook.com\/patagonia.ambiental","article_published_time":"2021-12-14T22:00:00+00:00","article_modified_time":"2021-12-15T14:07:52+00:00","og_image":[{"width":770,"height":449,"url":"https:\/\/patagoniambiental.com.ar\/info\/wp-content\/uploads\/2021\/12\/derrumbe-1png.png","type":"image\/png"}],"author":"BRAIAN ESTEVEZ","twitter_card":"summary_large_image","twitter_creator":"@PatAmb","twitter_site":"@PatAmb","schema":{"@context":"https:\/\/schema.org","@graph":[{"@type":"Article","@id":"https:\/\/patagoniambiental.com.ar\/info\/alarma-en-las-grutas-por-otro-enorme-derrumbe-de-un-acantilado\/#article","isPartOf":{"@id":"https:\/\/patagoniambiental.com.ar\/info\/alarma-en-las-grutas-por-otro-enorme-derrumbe-de-un-acantilado\/"},"author":{"name":"BRAIAN ESTEVEZ","@id":"https:\/\/patagoniambiental.com.ar\/info\/#\/schema\/person\/e5af09d700b2e82cb10c6b8800e0c691"},"headline":"Alarma en Las Grutas por otro enorme derrumbe de un acantilado","datePublished":"2021-12-14T22:00:00+00:00","dateModified":"2021-12-15T14:07:52+00:00","mainEntityOfPage":{"@id":"https:\/\/patagoniambiental.com.ar\/info\/alarma-en-las-grutas-por-otro-enorme-derrumbe-de-un-acantilado\/"},"wordCount":590,"commentCount":0,"publisher":{"@id":"https:\/\/patagoniambiental.com.ar\/info\/#organization"},"image":{"@id":"https:\/\/patagoniambiental.com.ar\/info\/alarma-en-las-grutas-por-otro-enorme-derrumbe-de-un-acantilado\/#primaryimage"},"thumbnailUrl":"https:\/\/patagoniambiental.com.ar\/info\/wp-content\/uploads\/2021\/12\/derrumbe-1png.png","articleSection":["Noticias","Provinciales","R\u00edo Negro"],"inLanguage":"es","potentialAction":[{"@type":"CommentAction","name":"Comment","target":["https:\/\/patagoniambiental.com.ar\/info\/alarma-en-las-grutas-por-otro-enorme-derrumbe-de-un-acantilado\/#respond"]}]},{"@type":"WebPage","@id":"https:\/\/patagoniambiental.com.ar\/info\/alarma-en-las-grutas-por-otro-enorme-derrumbe-de-un-acantilado\/","url":"https:\/\/patagoniambiental.com.ar\/info\/alarma-en-las-grutas-por-otro-enorme-derrumbe-de-un-acantilado\/","name":"Alarma en Las Grutas por otro enorme derrumbe de un acantilado","isPartOf":{"@id":"https:\/\/patagoniambiental.com.ar\/info\/#website"},"primaryImageOfPage":{"@id":"https:\/\/patagoniambiental.com.ar\/info\/alarma-en-las-grutas-por-otro-enorme-derrumbe-de-un-acantilado\/#primaryimage"},"image":{"@id":"https:\/\/patagoniambiental.com.ar\/info\/alarma-en-las-grutas-por-otro-enorme-derrumbe-de-un-acantilado\/#primaryimage"},"thumbnailUrl":"https:\/\/patagoniambiental.com.ar\/info\/wp-content\/uploads\/2021\/12\/derrumbe-1png.png","datePublished":"2021-12-14T22:00:00+00:00","dateModified":"2021-12-15T14:07:52+00:00","breadcrumb":{"@id":"https:\/\/patagoniambiental.com.ar\/info\/alarma-en-las-grutas-por-otro-enorme-derrumbe-de-un-acantilado\/#breadcrumb"},"inLanguage":"es","potentialAction":[{"@type":"ReadAction","target":["https:\/\/patagoniambiental.com.ar\/info\/alarma-en-las-grutas-por-otro-enorme-derrumbe-de-un-acantilado\/"]}]},{"@type":"ImageObject","inLanguage":"es","@id":"https:\/\/patagoniambiental.com.ar\/info\/alarma-en-las-grutas-por-otro-enorme-derrumbe-de-un-acantilado\/#primaryimage","url":"https:\/\/patagoniambiental.com.ar\/info\/wp-content\/uploads\/2021\/12\/derrumbe-1png.png","contentUrl":"https:\/\/patagoniambiental.com.ar\/info\/wp-content\/uploads\/2021\/12\/derrumbe-1png.png","width":770,"height":449},{"@type":"BreadcrumbList","@id":"https:\/\/patagoniambiental.com.ar\/info\/alarma-en-las-grutas-por-otro-enorme-derrumbe-de-un-acantilado\/#breadcrumb","itemListElement":[{"@type":"ListItem","position":1,"name":"Inicio","item":"https:\/\/patagoniambiental.com.ar\/info\/"},{"@type":"ListItem","position":2,"name":"Alarma en Las Grutas por otro enorme derrumbe de un acantilado"}]},{"@type":"WebSite","@id":"https:\/\/patagoniambiental.com.ar\/info\/#website","url":"https:\/\/patagoniambiental.com.ar\/info\/","name":"Patagonia Ambiental","description":"Monitoreo y an\u00e1lisis de la situaci\u00f3n geopol\u00edtica en el mundo y su implicancia en la Patagonia","publisher":{"@id":"https:\/\/patagoniambiental.com.ar\/info\/#organization"},"potentialAction":[{"@type":"SearchAction","target":{"@type":"EntryPoint","urlTemplate":"https:\/\/patagoniambiental.com.ar\/info\/?s={search_term_string}"},"query-input":{"@type":"PropertyValueSpecification","valueRequired":true,"valueName":"search_term_string"}}],"inLanguage":"es"},{"@type":"Organization","@id":"https:\/\/patagoniambiental.com.ar\/info\/#organization","name":"Patagonia Ambiental","url":"https:\/\/patagoniambiental.com.ar\/info\/","logo":{"@type":"ImageObject","inLanguage":"es","@id":"https:\/\/patagoniambiental.com.ar\/info\/#\/schema\/logo\/image\/","url":"https:\/\/patagoniambiental.com.ar\/info\/wp-content\/uploads\/2025\/05\/LOGO-PATAGONIA-AMBIENTAL.png","contentUrl":"https:\/\/patagoniambiental.com.ar\/info\/wp-content\/uploads\/2025\/05\/LOGO-PATAGONIA-AMBIENTAL.png","width":433,"height":250,"caption":"Patagonia Ambiental"},"image":{"@id":"https:\/\/patagoniambiental.com.ar\/info\/#\/schema\/logo\/image\/"},"sameAs":["https:\/\/www.facebook.com\/patagonia.ambiental","https:\/\/x.com\/PatAmb"]},{"@type":"Person","@id":"https:\/\/patagoniambiental.com.ar\/info\/#\/schema\/person\/e5af09d700b2e82cb10c6b8800e0c691","name":"BRAIAN ESTEVEZ","sameAs":["http:\/\/www.patagoniambiental.com.ar"]}]}},"_links":{"self":[{"href":"https:\/\/patagoniambiental.com.ar\/info\/wp-json\/wp\/v2\/posts\/74809","targetHints":{"allow":["GET"]}}],"collection":[{"href":"https:\/\/patagoniambiental.com.ar\/info\/wp-json\/wp\/v2\/posts"}],"about":[{"href":"https:\/\/patagoniambiental.com.ar\/info\/wp-json\/wp\/v2\/types\/post"}],"author":[{"embeddable":true,"href":"https:\/\/patagoniambiental.com.ar\/info\/wp-json\/wp\/v2\/users\/6"}],"replies":[{"embeddable":true,"href":"https:\/\/patagoniambiental.com.ar\/info\/wp-json\/wp\/v2\/comments?post=74809"}],"version-history":[{"count":0,"href":"https:\/\/patagoniambiental.com.ar\/info\/wp-json\/wp\/v2\/posts\/74809\/revisions"}],"wp:featuredmedia":[{"embeddable":true,"href":"https:\/\/patagoniambiental.com.ar\/info\/wp-json\/wp\/v2\/media\/74810"}],"wp:attachment":[{"href":"https:\/\/patagoniambiental.com.ar\/info\/wp-json\/wp\/v2\/media?parent=74809"}],"wp:term":[{"taxonomy":"category","embeddable":true,"href":"https:\/\/patagoniambiental.com.ar\/info\/wp-json\/wp\/v2\/categories?post=74809"},{"taxonomy":"post_tag","embeddable":true,"href":"https:\/\/patagoniambiental.com.ar\/info\/wp-json\/wp\/v2\/tags?post=74809"}],"curies":[{"name":"wp","href":"https:\/\/api.w.org\/{rel}","templated":true}]}}