{"id":74829,"date":"2021-12-18T07:00:00","date_gmt":"2021-12-18T10:00:00","guid":{"rendered":"http:\/\/patagoniambiental.com.ar\/info\/?p=74829"},"modified":"2021-12-16T23:25:48","modified_gmt":"2021-12-17T02:25:48","slug":"instalaron-carteles-viales-para-el-cuidado-de-animales-en-neuquen","status":"publish","type":"post","link":"https:\/\/patagoniambiental.com.ar\/info\/instalaron-carteles-viales-para-el-cuidado-de-animales-en-neuquen\/","title":{"rendered":"Instalaron carteles viales para el cuidado de animales en Neuqu\u00e9n"},"content":{"rendered":"\n<!--more-->\n\n\n\n<p>Neuqu\u00e9n.-La iniciativa busca que los automovilistas disminuyan la velocidad para el cuidado de los animales que circulen por el sector y para evitar accidentes viales. Es el\u00a0primer Municipio del pa\u00eds en llevar adelante este tipo de carteler\u00eda.<\/p>\n\n\n\n<p><\/p>\n\n\n\n<figure class=\"wp-block-image\"><img decoding=\"async\" src=\"https:\/\/www.telam.com.ar\/thumbs\/bluesteel\/advf\/imagenes\/2021\/12\/61bbafa4bfd10_900.jpg\" alt=\"Telam SE\"\/><\/figure>\n\n\n\n<p>La Municipalidad de&nbsp;<strong>Neuqu\u00e9n&nbsp;<\/strong>instal\u00f3 carteles en uno de los ingresos de la ciudad para que los automovilistas&nbsp;<strong>disminuyan la velocidad para el cuidado de los animales<\/strong>&nbsp;que circulen por el sector y para evitar accidentes viales.<\/p>\n\n\n\n<p>La carteler\u00eda fue inaugurada este jueves en la&nbsp;<strong>Avenida Ra\u00fal Alfons\u00edn<\/strong>, en el ingreso a la ciudad, debido al intenso tr\u00e1nsito que circula a diario por esa arteria.<\/p>\n\n\n\n<p>La secretaria de Ciudadan\u00eda, Luciana De Giovanetti, dijo que \u00abeste cartel refleja la impronta que pidi\u00f3 el intendente Mariano Gaido al inicio de la gesti\u00f3n:&nbsp;<strong>considerar a los animales no humanos como ciudadanos<\/strong>\u00ab.<\/p>\n\n\n\n<p>\u00abEsta iniciativa hace&nbsp;<strong>tomar conciencia<\/strong>&nbsp;de lo que implica un animal como sujeto de derecho, pero tambi\u00e9n estamos tratando de disminuir la siniestralidad en la ciudad\u00bb, se\u00f1al\u00f3 y anticip\u00f3 que carteler\u00eda similar ser\u00e1 colocada en otros sectores de la ciudad.<\/p>\n\n\n\n<p>La coordinadora general de la Secretar\u00eda de Movilidad y Servicios al Ciudadano, Noelia C\u00e1ceres, indic\u00f3 que \u00abhay un alto registro de incidentes viales a causa de frenadas para evitar atropellar animales no humanos y por eso el cartel es una manera de&nbsp;<strong>visibilizar pol\u00edticas que tienen que ver con el cuidado y la prevenci\u00f3n<\/strong>&nbsp;como bajar la velocidad y mantener la distancia entre veh\u00edculos\u00bb.<\/p>\n\n\n\n<p>En tanto, la subsecretaria de Ciudad Saludable, Andrea Ferracioli, expres\u00f3 que \u00abpara nosotros es una iniciativa muy importante, principalmente en esta arteria porque tiene mucho tr\u00e1nsito\u00bb.<\/p>\n\n\n\n<p>Luego precis\u00f3 que \u00abes el\u00a0<strong>primer Municipio del pa\u00eds en llevar adelante este tipo de carteler\u00eda<\/strong>\u00ab, y agreg\u00f3 que \u00abcon esta iniciativa le comunicamos a la ciudadan\u00eda que para la Municipalidad los animales son conciudadanos y sujetos de derechos, por lo tanto, hay que respetarlos en el tr\u00e1nsito\u00bb.<\/p>\n\n\n\n<p>Fuente: https:\/\/www.telam.com.ar\/notas\/202112\/578139-neuquen-carteles-viales-animales.html<\/p>\n","protected":false},"excerpt":{"rendered":"","protected":false},"author":6,"featured_media":74830,"comment_status":"open","ping_status":"open","sticky":false,"template":"","format":"standard","meta":{"site-sidebar-layout":"default","site-content-layout":"","ast-site-content-layout":"default","site-content-style":"default","site-sidebar-style":"default","ast-global-header-display":"","ast-banner-title-visibility":"","ast-main-header-display":"","ast-hfb-above-header-display":"","ast-hfb-below-header-display":"","ast-hfb-mobile-header-display":"","site-post-title":"","ast-breadcrumbs-content":"","ast-featured-img":"","footer-sml-layout":"","ast-disable-related-posts":"","theme-transparent-header-meta":"","adv-header-id-meta":"","stick-header-meta":"","header-above-stick-meta":"","header-main-stick-meta":"","header-below-stick-meta":"","astra-migrate-meta-layouts":"default","ast-page-background-enabled":"default","ast-page-background-meta":{"desktop":{"background-color":"var(--ast-global-color-5)","background-image":"","background-repeat":"repeat","background-position":"center center","background-size":"auto","background-attachment":"scroll","background-type":"","background-media":"","overlay-type":"","overlay-color":"","overlay-opacity":"","overlay-gradient":""},"tablet":{"background-color":"","background-image":"","background-repeat":"repeat","background-position":"center center","background-size":"auto","background-attachment":"scroll","background-type":"","background-media":"","overlay-type":"","overlay-color":"","overlay-opacity":"","overlay-gradient":""},"mobile":{"background-color":"","background-image":"","background-repeat":"repeat","background-position":"center center","background-size":"auto","background-attachment":"scroll","background-type":"","background-media":"","overlay-type":"","overlay-color":"","overlay-opacity":"","overlay-gradient":""}},"ast-content-background-meta":{"desktop":{"background-color":"var(--ast-global-color-4)","background-image":"","background-repeat":"repeat","background-position":"center center","background-size":"auto","background-attachment":"scroll","background-type":"","background-media":"","overlay-type":"","overlay-color":"","overlay-opacity":"","overlay-gradient":""},"tablet":{"background-color":"var(--ast-global-color-4)","background-image":"","background-repeat":"repeat","background-position":"center center","background-size":"auto","background-attachment":"scroll","background-type":"","background-media":"","overlay-type":"","overlay-color":"","overlay-opacity":"","overlay-gradient":""},"mobile":{"background-color":"var(--ast-global-color-4)","background-image":"","background-repeat":"repeat","background-position":"center center","background-size":"auto","background-attachment":"scroll","background-type":"","background-media":"","overlay-type":"","overlay-color":"","overlay-opacity":"","overlay-gradient":""}},"footnotes":""},"categories":[11,18,1,13,10],"tags":[],"class_list":["post-74829","post","type-post","status-publish","format-standard","has-post-thumbnail","hentry","category-boletin","category-neuquen","category-noticias","category-provinciales","category-rotador"],"yoast_head":"<!-- This site is optimized with the Yoast SEO Premium plugin v23.0 (Yoast SEO v27.5) - https:\/\/yoast.com\/product\/yoast-seo-premium-wordpress\/ -->\n<title>Instalaron carteles viales para el cuidado de animales en Neuqu\u00e9n<\/title>\n<meta name=\"robots\" content=\"index, follow, max-snippet:-1, max-image-preview:large, max-video-preview:-1\" \/>\n<link rel=\"canonical\" href=\"https:\/\/patagoniambiental.com.ar\/info\/instalaron-carteles-viales-para-el-cuidado-de-animales-en-neuquen\/\" \/>\n<meta property=\"og:locale\" content=\"es_ES\" \/>\n<meta property=\"og:type\" content=\"article\" \/>\n<meta property=\"og:title\" content=\"Instalaron carteles viales para el cuidado de animales en Neuqu\u00e9n\" \/>\n<meta property=\"og:url\" content=\"https:\/\/patagoniambiental.com.ar\/info\/instalaron-carteles-viales-para-el-cuidado-de-animales-en-neuquen\/\" \/>\n<meta property=\"og:site_name\" content=\"Patagonia Ambiental\" \/>\n<meta property=\"article:publisher\" content=\"https:\/\/www.facebook.com\/patagonia.ambiental\" \/>\n<meta property=\"article:published_time\" content=\"2021-12-18T10:00:00+00:00\" \/>\n<meta property=\"og:image\" content=\"https:\/\/patagoniambiental.com.ar\/info\/wp-content\/uploads\/2021\/12\/61bbafa4bfd10_900.jpg\" \/>\n\t<meta property=\"og:image:width\" content=\"900\" \/>\n\t<meta property=\"og:image:height\" content=\"506\" \/>\n\t<meta property=\"og:image:type\" content=\"image\/jpeg\" \/>\n<meta name=\"author\" content=\"BRAIAN ESTEVEZ\" \/>\n<meta name=\"twitter:card\" content=\"summary_large_image\" \/>\n<meta name=\"twitter:creator\" content=\"@PatAmb\" \/>\n<meta name=\"twitter:site\" content=\"@PatAmb\" \/>\n<script type=\"application\/ld+json\" class=\"yoast-schema-graph\">{\"@context\":\"https:\\\/\\\/schema.org\",\"@graph\":[{\"@type\":\"Article\",\"@id\":\"https:\\\/\\\/patagoniambiental.com.ar\\\/info\\\/instalaron-carteles-viales-para-el-cuidado-de-animales-en-neuquen\\\/#article\",\"isPartOf\":{\"@id\":\"https:\\\/\\\/patagoniambiental.com.ar\\\/info\\\/instalaron-carteles-viales-para-el-cuidado-de-animales-en-neuquen\\\/\"},\"author\":{\"name\":\"BRAIAN ESTEVEZ\",\"@id\":\"https:\\\/\\\/patagoniambiental.com.ar\\\/info\\\/#\\\/schema\\\/person\\\/e5af09d700b2e82cb10c6b8800e0c691\"},\"headline\":\"Instalaron carteles viales para el cuidado de animales en Neuqu\u00e9n\",\"datePublished\":\"2021-12-18T10:00:00+00:00\",\"mainEntityOfPage\":{\"@id\":\"https:\\\/\\\/patagoniambiental.com.ar\\\/info\\\/instalaron-carteles-viales-para-el-cuidado-de-animales-en-neuquen\\\/\"},\"wordCount\":368,\"commentCount\":0,\"publisher\":{\"@id\":\"https:\\\/\\\/patagoniambiental.com.ar\\\/info\\\/#organization\"},\"image\":{\"@id\":\"https:\\\/\\\/patagoniambiental.com.ar\\\/info\\\/instalaron-carteles-viales-para-el-cuidado-de-animales-en-neuquen\\\/#primaryimage\"},\"thumbnailUrl\":\"https:\\\/\\\/patagoniambiental.com.ar\\\/info\\\/wp-content\\\/uploads\\\/2021\\\/12\\\/61bbafa4bfd10_900.jpg\",\"articleSection\":[\"Bolet\u00edn\",\"Neuqu\u00e9n\",\"Noticias\",\"Provinciales\",\"Rotador\"],\"inLanguage\":\"es\",\"potentialAction\":[{\"@type\":\"CommentAction\",\"name\":\"Comment\",\"target\":[\"https:\\\/\\\/patagoniambiental.com.ar\\\/info\\\/instalaron-carteles-viales-para-el-cuidado-de-animales-en-neuquen\\\/#respond\"]}]},{\"@type\":\"WebPage\",\"@id\":\"https:\\\/\\\/patagoniambiental.com.ar\\\/info\\\/instalaron-carteles-viales-para-el-cuidado-de-animales-en-neuquen\\\/\",\"url\":\"https:\\\/\\\/patagoniambiental.com.ar\\\/info\\\/instalaron-carteles-viales-para-el-cuidado-de-animales-en-neuquen\\\/\",\"name\":\"Instalaron carteles viales para el cuidado de animales en Neuqu\u00e9n\",\"isPartOf\":{\"@id\":\"https:\\\/\\\/patagoniambiental.com.ar\\\/info\\\/#website\"},\"primaryImageOfPage\":{\"@id\":\"https:\\\/\\\/patagoniambiental.com.ar\\\/info\\\/instalaron-carteles-viales-para-el-cuidado-de-animales-en-neuquen\\\/#primaryimage\"},\"image\":{\"@id\":\"https:\\\/\\\/patagoniambiental.com.ar\\\/info\\\/instalaron-carteles-viales-para-el-cuidado-de-animales-en-neuquen\\\/#primaryimage\"},\"thumbnailUrl\":\"https:\\\/\\\/patagoniambiental.com.ar\\\/info\\\/wp-content\\\/uploads\\\/2021\\\/12\\\/61bbafa4bfd10_900.jpg\",\"datePublished\":\"2021-12-18T10:00:00+00:00\",\"breadcrumb\":{\"@id\":\"https:\\\/\\\/patagoniambiental.com.ar\\\/info\\\/instalaron-carteles-viales-para-el-cuidado-de-animales-en-neuquen\\\/#breadcrumb\"},\"inLanguage\":\"es\",\"potentialAction\":[{\"@type\":\"ReadAction\",\"target\":[\"https:\\\/\\\/patagoniambiental.com.ar\\\/info\\\/instalaron-carteles-viales-para-el-cuidado-de-animales-en-neuquen\\\/\"]}]},{\"@type\":\"ImageObject\",\"inLanguage\":\"es\",\"@id\":\"https:\\\/\\\/patagoniambiental.com.ar\\\/info\\\/instalaron-carteles-viales-para-el-cuidado-de-animales-en-neuquen\\\/#primaryimage\",\"url\":\"https:\\\/\\\/patagoniambiental.com.ar\\\/info\\\/wp-content\\\/uploads\\\/2021\\\/12\\\/61bbafa4bfd10_900.jpg\",\"contentUrl\":\"https:\\\/\\\/patagoniambiental.com.ar\\\/info\\\/wp-content\\\/uploads\\\/2021\\\/12\\\/61bbafa4bfd10_900.jpg\",\"width\":900,\"height\":506},{\"@type\":\"BreadcrumbList\",\"@id\":\"https:\\\/\\\/patagoniambiental.com.ar\\\/info\\\/instalaron-carteles-viales-para-el-cuidado-de-animales-en-neuquen\\\/#breadcrumb\",\"itemListElement\":[{\"@type\":\"ListItem\",\"position\":1,\"name\":\"Inicio\",\"item\":\"https:\\\/\\\/patagoniambiental.com.ar\\\/info\\\/\"},{\"@type\":\"ListItem\",\"position\":2,\"name\":\"Instalaron carteles viales para el cuidado de animales en Neuqu\u00e9n\"}]},{\"@type\":\"WebSite\",\"@id\":\"https:\\\/\\\/patagoniambiental.com.ar\\\/info\\\/#website\",\"url\":\"https:\\\/\\\/patagoniambiental.com.ar\\\/info\\\/\",\"name\":\"Patagonia Ambiental\",\"description\":\"Monitoreo y an\u00e1lisis de la situaci\u00f3n geopol\u00edtica en el mundo y su implicancia en la Patagonia\",\"publisher\":{\"@id\":\"https:\\\/\\\/patagoniambiental.com.ar\\\/info\\\/#organization\"},\"potentialAction\":[{\"@type\":\"SearchAction\",\"target\":{\"@type\":\"EntryPoint\",\"urlTemplate\":\"https:\\\/\\\/patagoniambiental.com.ar\\\/info\\\/?s={search_term_string}\"},\"query-input\":{\"@type\":\"PropertyValueSpecification\",\"valueRequired\":true,\"valueName\":\"search_term_string\"}}],\"inLanguage\":\"es\"},{\"@type\":\"Organization\",\"@id\":\"https:\\\/\\\/patagoniambiental.com.ar\\\/info\\\/#organization\",\"name\":\"Patagonia Ambiental\",\"url\":\"https:\\\/\\\/patagoniambiental.com.ar\\\/info\\\/\",\"logo\":{\"@type\":\"ImageObject\",\"inLanguage\":\"es\",\"@id\":\"https:\\\/\\\/patagoniambiental.com.ar\\\/info\\\/#\\\/schema\\\/logo\\\/image\\\/\",\"url\":\"https:\\\/\\\/patagoniambiental.com.ar\\\/info\\\/wp-content\\\/uploads\\\/2025\\\/05\\\/LOGO-PATAGONIA-AMBIENTAL.png\",\"contentUrl\":\"https:\\\/\\\/patagoniambiental.com.ar\\\/info\\\/wp-content\\\/uploads\\\/2025\\\/05\\\/LOGO-PATAGONIA-AMBIENTAL.png\",\"width\":433,\"height\":250,\"caption\":\"Patagonia Ambiental\"},\"image\":{\"@id\":\"https:\\\/\\\/patagoniambiental.com.ar\\\/info\\\/#\\\/schema\\\/logo\\\/image\\\/\"},\"sameAs\":[\"https:\\\/\\\/www.facebook.com\\\/patagonia.ambiental\",\"https:\\\/\\\/x.com\\\/PatAmb\"]},{\"@type\":\"Person\",\"@id\":\"https:\\\/\\\/patagoniambiental.com.ar\\\/info\\\/#\\\/schema\\\/person\\\/e5af09d700b2e82cb10c6b8800e0c691\",\"name\":\"BRAIAN ESTEVEZ\",\"sameAs\":[\"http:\\\/\\\/www.patagoniambiental.com.ar\"]}]}<\/script>\n<!-- \/ Yoast SEO Premium plugin. -->","yoast_head_json":{"title":"Instalaron carteles viales para el cuidado de animales en Neuqu\u00e9n","robots":{"index":"index","follow":"follow","max-snippet":"max-snippet:-1","max-image-preview":"max-image-preview:large","max-video-preview":"max-video-preview:-1"},"canonical":"https:\/\/patagoniambiental.com.ar\/info\/instalaron-carteles-viales-para-el-cuidado-de-animales-en-neuquen\/","og_locale":"es_ES","og_type":"article","og_title":"Instalaron carteles viales para el cuidado de animales en Neuqu\u00e9n","og_url":"https:\/\/patagoniambiental.com.ar\/info\/instalaron-carteles-viales-para-el-cuidado-de-animales-en-neuquen\/","og_site_name":"Patagonia Ambiental","article_publisher":"https:\/\/www.facebook.com\/patagonia.ambiental","article_published_time":"2021-12-18T10:00:00+00:00","og_image":[{"width":900,"height":506,"url":"https:\/\/patagoniambiental.com.ar\/info\/wp-content\/uploads\/2021\/12\/61bbafa4bfd10_900.jpg","type":"image\/jpeg"}],"author":"BRAIAN ESTEVEZ","twitter_card":"summary_large_image","twitter_creator":"@PatAmb","twitter_site":"@PatAmb","schema":{"@context":"https:\/\/schema.org","@graph":[{"@type":"Article","@id":"https:\/\/patagoniambiental.com.ar\/info\/instalaron-carteles-viales-para-el-cuidado-de-animales-en-neuquen\/#article","isPartOf":{"@id":"https:\/\/patagoniambiental.com.ar\/info\/instalaron-carteles-viales-para-el-cuidado-de-animales-en-neuquen\/"},"author":{"name":"BRAIAN ESTEVEZ","@id":"https:\/\/patagoniambiental.com.ar\/info\/#\/schema\/person\/e5af09d700b2e82cb10c6b8800e0c691"},"headline":"Instalaron carteles viales para el cuidado de animales en Neuqu\u00e9n","datePublished":"2021-12-18T10:00:00+00:00","mainEntityOfPage":{"@id":"https:\/\/patagoniambiental.com.ar\/info\/instalaron-carteles-viales-para-el-cuidado-de-animales-en-neuquen\/"},"wordCount":368,"commentCount":0,"publisher":{"@id":"https:\/\/patagoniambiental.com.ar\/info\/#organization"},"image":{"@id":"https:\/\/patagoniambiental.com.ar\/info\/instalaron-carteles-viales-para-el-cuidado-de-animales-en-neuquen\/#primaryimage"},"thumbnailUrl":"https:\/\/patagoniambiental.com.ar\/info\/wp-content\/uploads\/2021\/12\/61bbafa4bfd10_900.jpg","articleSection":["Bolet\u00edn","Neuqu\u00e9n","Noticias","Provinciales","Rotador"],"inLanguage":"es","potentialAction":[{"@type":"CommentAction","name":"Comment","target":["https:\/\/patagoniambiental.com.ar\/info\/instalaron-carteles-viales-para-el-cuidado-de-animales-en-neuquen\/#respond"]}]},{"@type":"WebPage","@id":"https:\/\/patagoniambiental.com.ar\/info\/instalaron-carteles-viales-para-el-cuidado-de-animales-en-neuquen\/","url":"https:\/\/patagoniambiental.com.ar\/info\/instalaron-carteles-viales-para-el-cuidado-de-animales-en-neuquen\/","name":"Instalaron carteles viales para el cuidado de animales en Neuqu\u00e9n","isPartOf":{"@id":"https:\/\/patagoniambiental.com.ar\/info\/#website"},"primaryImageOfPage":{"@id":"https:\/\/patagoniambiental.com.ar\/info\/instalaron-carteles-viales-para-el-cuidado-de-animales-en-neuquen\/#primaryimage"},"image":{"@id":"https:\/\/patagoniambiental.com.ar\/info\/instalaron-carteles-viales-para-el-cuidado-de-animales-en-neuquen\/#primaryimage"},"thumbnailUrl":"https:\/\/patagoniambiental.com.ar\/info\/wp-content\/uploads\/2021\/12\/61bbafa4bfd10_900.jpg","datePublished":"2021-12-18T10:00:00+00:00","breadcrumb":{"@id":"https:\/\/patagoniambiental.com.ar\/info\/instalaron-carteles-viales-para-el-cuidado-de-animales-en-neuquen\/#breadcrumb"},"inLanguage":"es","potentialAction":[{"@type":"ReadAction","target":["https:\/\/patagoniambiental.com.ar\/info\/instalaron-carteles-viales-para-el-cuidado-de-animales-en-neuquen\/"]}]},{"@type":"ImageObject","inLanguage":"es","@id":"https:\/\/patagoniambiental.com.ar\/info\/instalaron-carteles-viales-para-el-cuidado-de-animales-en-neuquen\/#primaryimage","url":"https:\/\/patagoniambiental.com.ar\/info\/wp-content\/uploads\/2021\/12\/61bbafa4bfd10_900.jpg","contentUrl":"https:\/\/patagoniambiental.com.ar\/info\/wp-content\/uploads\/2021\/12\/61bbafa4bfd10_900.jpg","width":900,"height":506},{"@type":"BreadcrumbList","@id":"https:\/\/patagoniambiental.com.ar\/info\/instalaron-carteles-viales-para-el-cuidado-de-animales-en-neuquen\/#breadcrumb","itemListElement":[{"@type":"ListItem","position":1,"name":"Inicio","item":"https:\/\/patagoniambiental.com.ar\/info\/"},{"@type":"ListItem","position":2,"name":"Instalaron carteles viales para el cuidado de animales en Neuqu\u00e9n"}]},{"@type":"WebSite","@id":"https:\/\/patagoniambiental.com.ar\/info\/#website","url":"https:\/\/patagoniambiental.com.ar\/info\/","name":"Patagonia Ambiental","description":"Monitoreo y an\u00e1lisis de la situaci\u00f3n geopol\u00edtica en el mundo y su implicancia en la Patagonia","publisher":{"@id":"https:\/\/patagoniambiental.com.ar\/info\/#organization"},"potentialAction":[{"@type":"SearchAction","target":{"@type":"EntryPoint","urlTemplate":"https:\/\/patagoniambiental.com.ar\/info\/?s={search_term_string}"},"query-input":{"@type":"PropertyValueSpecification","valueRequired":true,"valueName":"search_term_string"}}],"inLanguage":"es"},{"@type":"Organization","@id":"https:\/\/patagoniambiental.com.ar\/info\/#organization","name":"Patagonia Ambiental","url":"https:\/\/patagoniambiental.com.ar\/info\/","logo":{"@type":"ImageObject","inLanguage":"es","@id":"https:\/\/patagoniambiental.com.ar\/info\/#\/schema\/logo\/image\/","url":"https:\/\/patagoniambiental.com.ar\/info\/wp-content\/uploads\/2025\/05\/LOGO-PATAGONIA-AMBIENTAL.png","contentUrl":"https:\/\/patagoniambiental.com.ar\/info\/wp-content\/uploads\/2025\/05\/LOGO-PATAGONIA-AMBIENTAL.png","width":433,"height":250,"caption":"Patagonia Ambiental"},"image":{"@id":"https:\/\/patagoniambiental.com.ar\/info\/#\/schema\/logo\/image\/"},"sameAs":["https:\/\/www.facebook.com\/patagonia.ambiental","https:\/\/x.com\/PatAmb"]},{"@type":"Person","@id":"https:\/\/patagoniambiental.com.ar\/info\/#\/schema\/person\/e5af09d700b2e82cb10c6b8800e0c691","name":"BRAIAN ESTEVEZ","sameAs":["http:\/\/www.patagoniambiental.com.ar"]}]}},"_links":{"self":[{"href":"https:\/\/patagoniambiental.com.ar\/info\/wp-json\/wp\/v2\/posts\/74829","targetHints":{"allow":["GET"]}}],"collection":[{"href":"https:\/\/patagoniambiental.com.ar\/info\/wp-json\/wp\/v2\/posts"}],"about":[{"href":"https:\/\/patagoniambiental.com.ar\/info\/wp-json\/wp\/v2\/types\/post"}],"author":[{"embeddable":true,"href":"https:\/\/patagoniambiental.com.ar\/info\/wp-json\/wp\/v2\/users\/6"}],"replies":[{"embeddable":true,"href":"https:\/\/patagoniambiental.com.ar\/info\/wp-json\/wp\/v2\/comments?post=74829"}],"version-history":[{"count":0,"href":"https:\/\/patagoniambiental.com.ar\/info\/wp-json\/wp\/v2\/posts\/74829\/revisions"}],"wp:featuredmedia":[{"embeddable":true,"href":"https:\/\/patagoniambiental.com.ar\/info\/wp-json\/wp\/v2\/media\/74830"}],"wp:attachment":[{"href":"https:\/\/patagoniambiental.com.ar\/info\/wp-json\/wp\/v2\/media?parent=74829"}],"wp:term":[{"taxonomy":"category","embeddable":true,"href":"https:\/\/patagoniambiental.com.ar\/info\/wp-json\/wp\/v2\/categories?post=74829"},{"taxonomy":"post_tag","embeddable":true,"href":"https:\/\/patagoniambiental.com.ar\/info\/wp-json\/wp\/v2\/tags?post=74829"}],"curies":[{"name":"wp","href":"https:\/\/api.w.org\/{rel}","templated":true}]}}