{"id":74847,"date":"2021-12-20T07:00:00","date_gmt":"2021-12-20T10:00:00","guid":{"rendered":"http:\/\/patagoniambiental.com.ar\/info\/?p=74847"},"modified":"2021-12-17T20:45:40","modified_gmt":"2021-12-17T23:45:40","slug":"la-secretaria-de-ambiente-de-tierra-del-fuego-recomienda-extremar-los-cuidados-este-verano","status":"publish","type":"post","link":"https:\/\/patagoniambiental.com.ar\/info\/la-secretaria-de-ambiente-de-tierra-del-fuego-recomienda-extremar-los-cuidados-este-verano\/","title":{"rendered":"La Secretar\u00eda de Ambiente de Tierra del Fuego recomienda extremar los cuidados este verano"},"content":{"rendered":"\n<!--more-->\n\n\n\n<p>Tierra del Fuego, AIAS.-Se pronostican altas temperaturas y fuertes vientos durante el fin de semana y el resto de la temporada.<\/p>\n\n\n\n<figure class=\"wp-block-image\"><a href=\"https:\/\/www.delfuegonoticias.com.ar\/public\/images\/noticias\/36327-la-secretaria-de-ambiente-recomienda-extremar-los-cuidados-este-verano.jpg\"><img decoding=\"async\" src=\"https:\/\/www.delfuegonoticias.com.ar\/public\/images\/noticias\/x36327-la-secretaria-de-ambiente-recomienda-extremar-los-cuidados-este-verano.jpg.pagespeed.ic.slDUuCyi6N.webp\" alt=\"La Secretar\u00eda de Ambiente recomienda extremar los cuidados este verano\"\/><\/a><figcaption>La Secretar\u00eda de Ambiente recomienda extremar los cuidados este verano<\/figcaption><\/figure>\n\n\n\n<p><strong>TIERRA DEL FUEGO.-<\/strong>&nbsp;De acuerdo al informe de evaluaci\u00f3n de peligro de incendios realizado por la Direcci\u00f3n Provincial de Manejo del Fuego y en combinaci\u00f3n con la informaci\u00f3n aportada por el Servicio Nacional para este fin de semana, se esperan altas temperaturas, fuertes vientos y baja probabilidad de lluvia. Estas condiciones, propician la sequedad del suelo y agravan las condiciones de propagaci\u00f3n de un posible foco de incendio.<\/p>\n\n\n\n<p>Al respecto, el Director Provincial de Manejo del Fuego, Carlos Pereslindo detall\u00f3 que \u201cla principal causa de ocurrencia de incendios forestales en nuestra provincia est\u00e1 relacionada a la actividad humana, por eso durante esta temporada, instamos a la poblaci\u00f3n a extremar sus cuidados a la hora de salir al campo, consultar el \u00edndice diario de riesgo de incendios, y atender a los consejos y recomendaciones de brigadistas y guardaparques\u201d.<\/p>\n\n\n\n<p>\u201cEs importante no hacer fuego sobre el suelo, no tirar colillas de cigarrillos ni f\u00f3sforos, y evitar encender fuego ante la presencia de fuertes vientos; respetando las indicaciones, podremos contribuir a una temporada libre de incendios\u201d expres\u00f3.<\/p>\n\n\n\n<p>Recordamos los \u00fanicos sitios habilitados para hacer fuego:<\/p>\n\n\n\n<p>ZONA NORTE<br>1. Camping Norte (Sobre Ruta Nacional N\u00ba 3 conforme a condiciones de acceso del concesionario).<br>2. Puente Justicia (Sector del ex-destacamento policial).<br>3. Lago Yehuin (Zona de ex Hoster\u00eda).<br>4. Cabo San Pablo (Zona de ex Hoster\u00eda)<\/p>\n\n\n\n<p>ZONA CENTRO<br>5. Coraz\u00f3n de la Isla: Naciente del R\u00edo Indio (Zona de la Ensenada).<br>6. Coraz\u00f3n de la Isla: Laguna Yakush.<br>7. Camping Laguna del Indio.<br>8. Camping La India<br>9. Camping Ea. La Correntina (Sobre Ruta Provincial N\u00ba 23).<br>10. Laguna Margarita (Cabecera norte, sector con fogones).<br>11. Laguna Bombilla (Sector con fogones).<br>12. Laguna Palacio (Club Caza y Pesca de Ushuaia, conforme a condiciones de acceso del club).<br>13. Lago Escondido (Zona antena, sector con fogones).<br>14. R\u00edo Subiabre (Ex rancho del Pata, sector con fogones).<\/p>\n\n\n\n<p>ZONA SUR<br>15. Camping Laguna Victoria (Ruta Provincial N\u00ba 33 (J) Km. 10)<br>16. Sector de acampe sobre Ruta Provincial N\u00ba 33 (J) Km. 13,5<br>17. Sector de acampe sobre Ruta Provincial N\u00ba 33 (J) Km. 13,7<br>18. Sector de acampe sobre Ruta Provincial N\u00ba 33 (J) Km. 15,9<br>19. Camping del R\u00edo Tristen (Sobre Ruta Nacional N\u00ba 3, sector con fogones).<br>20. Camping del R\u00edo Olivia (Ruta Nacional N\u00ba 3, sector con fogones).<br>21. Reserva Natural y Cultural Playa Larga (sector con fogones).<br>22. Camping Kawi Yoppen. (En el acceso a la senda del salto velo de novia)<br>23. Parque Nacional Tierra del Fuego (conforme normativa interna).<br>24. Sendero del Fin del Mundo (Sector con Fogones)<\/p>\n\n\n\n<p>El \u00edndice de riesgo de incendio forestal es difundido diariamente a trav\u00e9s de las redes del Ministerio de Producci\u00f3n y Ambiente: facebook.com\/MPyAtdf y en la app Ambiente TDF, disponible para Android.<\/p>\n\n\n\n<p>Ante la detecci\u00f3n de una columna de humo o un principio de incendio, dar aviso inmediato a las autoridades a trav\u00e9s del N\u00famero 103 y 105. Cualquier demora en el aviso puede causar la expansi\u00f3n del incendio y hacerlo incontrolable en poco tiempo.<br>\u00a0Fuente: https:\/\/www.delfuegonoticias.com.ar\/noticias\/provinciales-6\/la-secretaria-de-ambiente-recomienda-extremar-los-cuidados-este-verano-36327<\/p>\n","protected":false},"excerpt":{"rendered":"","protected":false},"author":6,"featured_media":74849,"comment_status":"open","ping_status":"open","sticky":false,"template":"","format":"standard","meta":{"site-sidebar-layout":"default","site-content-layout":"","ast-site-content-layout":"default","site-content-style":"default","site-sidebar-style":"default","ast-global-header-display":"","ast-banner-title-visibility":"","ast-main-header-display":"","ast-hfb-above-header-display":"","ast-hfb-below-header-display":"","ast-hfb-mobile-header-display":"","site-post-title":"","ast-breadcrumbs-content":"","ast-featured-img":"","footer-sml-layout":"","ast-disable-related-posts":"","theme-transparent-header-meta":"","adv-header-id-meta":"","stick-header-meta":"","header-above-stick-meta":"","header-main-stick-meta":"","header-below-stick-meta":"","astra-migrate-meta-layouts":"default","ast-page-background-enabled":"default","ast-page-background-meta":{"desktop":{"background-color":"var(--ast-global-color-5)","background-image":"","background-repeat":"repeat","background-position":"center center","background-size":"auto","background-attachment":"scroll","background-type":"","background-media":"","overlay-type":"","overlay-color":"","overlay-opacity":"","overlay-gradient":""},"tablet":{"background-color":"","background-image":"","background-repeat":"repeat","background-position":"center center","background-size":"auto","background-attachment":"scroll","background-type":"","background-media":"","overlay-type":"","overlay-color":"","overlay-opacity":"","overlay-gradient":""},"mobile":{"background-color":"","background-image":"","background-repeat":"repeat","background-position":"center center","background-size":"auto","background-attachment":"scroll","background-type":"","background-media":"","overlay-type":"","overlay-color":"","overlay-opacity":"","overlay-gradient":""}},"ast-content-background-meta":{"desktop":{"background-color":"var(--ast-global-color-4)","background-image":"","background-repeat":"repeat","background-position":"center center","background-size":"auto","background-attachment":"scroll","background-type":"","background-media":"","overlay-type":"","overlay-color":"","overlay-opacity":"","overlay-gradient":""},"tablet":{"background-color":"var(--ast-global-color-4)","background-image":"","background-repeat":"repeat","background-position":"center center","background-size":"auto","background-attachment":"scroll","background-type":"","background-media":"","overlay-type":"","overlay-color":"","overlay-opacity":"","overlay-gradient":""},"mobile":{"background-color":"var(--ast-global-color-4)","background-image":"","background-repeat":"repeat","background-position":"center center","background-size":"auto","background-attachment":"scroll","background-type":"","background-media":"","overlay-type":"","overlay-color":"","overlay-opacity":"","overlay-gradient":""}},"footnotes":""},"categories":[1,13,25],"tags":[],"class_list":["post-74847","post","type-post","status-publish","format-standard","has-post-thumbnail","hentry","category-noticias","category-provinciales","category-tierra-del-fuego"],"yoast_head":"<!-- This site is optimized with the Yoast SEO Premium plugin v23.0 (Yoast SEO v27.5) - https:\/\/yoast.com\/product\/yoast-seo-premium-wordpress\/ -->\n<title>La Secretar\u00eda de Ambiente de Tierra del Fuego recomienda extremar los cuidados este verano<\/title>\n<meta name=\"robots\" content=\"index, follow, max-snippet:-1, max-image-preview:large, max-video-preview:-1\" \/>\n<link rel=\"canonical\" href=\"https:\/\/patagoniambiental.com.ar\/info\/la-secretaria-de-ambiente-de-tierra-del-fuego-recomienda-extremar-los-cuidados-este-verano\/\" \/>\n<meta property=\"og:locale\" content=\"es_ES\" \/>\n<meta property=\"og:type\" content=\"article\" \/>\n<meta property=\"og:title\" content=\"La Secretar\u00eda de Ambiente de Tierra del Fuego recomienda extremar los cuidados este verano\" \/>\n<meta property=\"og:url\" content=\"https:\/\/patagoniambiental.com.ar\/info\/la-secretaria-de-ambiente-de-tierra-del-fuego-recomienda-extremar-los-cuidados-este-verano\/\" \/>\n<meta property=\"og:site_name\" content=\"Patagonia Ambiental\" \/>\n<meta property=\"article:publisher\" content=\"https:\/\/www.facebook.com\/patagonia.ambiental\" \/>\n<meta property=\"article:published_time\" content=\"2021-12-20T10:00:00+00:00\" \/>\n<meta property=\"og:image\" content=\"https:\/\/patagoniambiental.com.ar\/info\/wp-content\/uploads\/2021\/12\/Sin-titulo-4.jpg\" \/>\n\t<meta property=\"og:image:width\" content=\"900\" \/>\n\t<meta property=\"og:image:height\" content=\"421\" \/>\n\t<meta property=\"og:image:type\" content=\"image\/jpeg\" \/>\n<meta name=\"author\" content=\"BRAIAN ESTEVEZ\" \/>\n<meta name=\"twitter:card\" content=\"summary_large_image\" \/>\n<meta name=\"twitter:creator\" content=\"@PatAmb\" \/>\n<meta name=\"twitter:site\" content=\"@PatAmb\" \/>\n<script type=\"application\/ld+json\" class=\"yoast-schema-graph\">{\"@context\":\"https:\\\/\\\/schema.org\",\"@graph\":[{\"@type\":\"Article\",\"@id\":\"https:\\\/\\\/patagoniambiental.com.ar\\\/info\\\/la-secretaria-de-ambiente-de-tierra-del-fuego-recomienda-extremar-los-cuidados-este-verano\\\/#article\",\"isPartOf\":{\"@id\":\"https:\\\/\\\/patagoniambiental.com.ar\\\/info\\\/la-secretaria-de-ambiente-de-tierra-del-fuego-recomienda-extremar-los-cuidados-este-verano\\\/\"},\"author\":{\"name\":\"BRAIAN ESTEVEZ\",\"@id\":\"https:\\\/\\\/patagoniambiental.com.ar\\\/info\\\/#\\\/schema\\\/person\\\/e5af09d700b2e82cb10c6b8800e0c691\"},\"headline\":\"La Secretar\u00eda de Ambiente de Tierra del Fuego recomienda extremar los cuidados este verano\",\"datePublished\":\"2021-12-20T10:00:00+00:00\",\"mainEntityOfPage\":{\"@id\":\"https:\\\/\\\/patagoniambiental.com.ar\\\/info\\\/la-secretaria-de-ambiente-de-tierra-del-fuego-recomienda-extremar-los-cuidados-este-verano\\\/\"},\"wordCount\":545,\"commentCount\":0,\"publisher\":{\"@id\":\"https:\\\/\\\/patagoniambiental.com.ar\\\/info\\\/#organization\"},\"image\":{\"@id\":\"https:\\\/\\\/patagoniambiental.com.ar\\\/info\\\/la-secretaria-de-ambiente-de-tierra-del-fuego-recomienda-extremar-los-cuidados-este-verano\\\/#primaryimage\"},\"thumbnailUrl\":\"https:\\\/\\\/patagoniambiental.com.ar\\\/info\\\/wp-content\\\/uploads\\\/2021\\\/12\\\/Sin-titulo-4.jpg\",\"articleSection\":[\"Noticias\",\"Provinciales\",\"Tierra del Fuego\"],\"inLanguage\":\"es\",\"potentialAction\":[{\"@type\":\"CommentAction\",\"name\":\"Comment\",\"target\":[\"https:\\\/\\\/patagoniambiental.com.ar\\\/info\\\/la-secretaria-de-ambiente-de-tierra-del-fuego-recomienda-extremar-los-cuidados-este-verano\\\/#respond\"]}]},{\"@type\":\"WebPage\",\"@id\":\"https:\\\/\\\/patagoniambiental.com.ar\\\/info\\\/la-secretaria-de-ambiente-de-tierra-del-fuego-recomienda-extremar-los-cuidados-este-verano\\\/\",\"url\":\"https:\\\/\\\/patagoniambiental.com.ar\\\/info\\\/la-secretaria-de-ambiente-de-tierra-del-fuego-recomienda-extremar-los-cuidados-este-verano\\\/\",\"name\":\"La Secretar\u00eda de Ambiente de Tierra del Fuego recomienda extremar los cuidados este verano\",\"isPartOf\":{\"@id\":\"https:\\\/\\\/patagoniambiental.com.ar\\\/info\\\/#website\"},\"primaryImageOfPage\":{\"@id\":\"https:\\\/\\\/patagoniambiental.com.ar\\\/info\\\/la-secretaria-de-ambiente-de-tierra-del-fuego-recomienda-extremar-los-cuidados-este-verano\\\/#primaryimage\"},\"image\":{\"@id\":\"https:\\\/\\\/patagoniambiental.com.ar\\\/info\\\/la-secretaria-de-ambiente-de-tierra-del-fuego-recomienda-extremar-los-cuidados-este-verano\\\/#primaryimage\"},\"thumbnailUrl\":\"https:\\\/\\\/patagoniambiental.com.ar\\\/info\\\/wp-content\\\/uploads\\\/2021\\\/12\\\/Sin-titulo-4.jpg\",\"datePublished\":\"2021-12-20T10:00:00+00:00\",\"breadcrumb\":{\"@id\":\"https:\\\/\\\/patagoniambiental.com.ar\\\/info\\\/la-secretaria-de-ambiente-de-tierra-del-fuego-recomienda-extremar-los-cuidados-este-verano\\\/#breadcrumb\"},\"inLanguage\":\"es\",\"potentialAction\":[{\"@type\":\"ReadAction\",\"target\":[\"https:\\\/\\\/patagoniambiental.com.ar\\\/info\\\/la-secretaria-de-ambiente-de-tierra-del-fuego-recomienda-extremar-los-cuidados-este-verano\\\/\"]}]},{\"@type\":\"ImageObject\",\"inLanguage\":\"es\",\"@id\":\"https:\\\/\\\/patagoniambiental.com.ar\\\/info\\\/la-secretaria-de-ambiente-de-tierra-del-fuego-recomienda-extremar-los-cuidados-este-verano\\\/#primaryimage\",\"url\":\"https:\\\/\\\/patagoniambiental.com.ar\\\/info\\\/wp-content\\\/uploads\\\/2021\\\/12\\\/Sin-titulo-4.jpg\",\"contentUrl\":\"https:\\\/\\\/patagoniambiental.com.ar\\\/info\\\/wp-content\\\/uploads\\\/2021\\\/12\\\/Sin-titulo-4.jpg\",\"width\":900,\"height\":421},{\"@type\":\"BreadcrumbList\",\"@id\":\"https:\\\/\\\/patagoniambiental.com.ar\\\/info\\\/la-secretaria-de-ambiente-de-tierra-del-fuego-recomienda-extremar-los-cuidados-este-verano\\\/#breadcrumb\",\"itemListElement\":[{\"@type\":\"ListItem\",\"position\":1,\"name\":\"Inicio\",\"item\":\"https:\\\/\\\/patagoniambiental.com.ar\\\/info\\\/\"},{\"@type\":\"ListItem\",\"position\":2,\"name\":\"La Secretar\u00eda de Ambiente de Tierra del Fuego recomienda extremar los cuidados este verano\"}]},{\"@type\":\"WebSite\",\"@id\":\"https:\\\/\\\/patagoniambiental.com.ar\\\/info\\\/#website\",\"url\":\"https:\\\/\\\/patagoniambiental.com.ar\\\/info\\\/\",\"name\":\"Patagonia Ambiental\",\"description\":\"Monitoreo y an\u00e1lisis de la situaci\u00f3n geopol\u00edtica en el mundo y su implicancia en la Patagonia\",\"publisher\":{\"@id\":\"https:\\\/\\\/patagoniambiental.com.ar\\\/info\\\/#organization\"},\"potentialAction\":[{\"@type\":\"SearchAction\",\"target\":{\"@type\":\"EntryPoint\",\"urlTemplate\":\"https:\\\/\\\/patagoniambiental.com.ar\\\/info\\\/?s={search_term_string}\"},\"query-input\":{\"@type\":\"PropertyValueSpecification\",\"valueRequired\":true,\"valueName\":\"search_term_string\"}}],\"inLanguage\":\"es\"},{\"@type\":\"Organization\",\"@id\":\"https:\\\/\\\/patagoniambiental.com.ar\\\/info\\\/#organization\",\"name\":\"Patagonia Ambiental\",\"url\":\"https:\\\/\\\/patagoniambiental.com.ar\\\/info\\\/\",\"logo\":{\"@type\":\"ImageObject\",\"inLanguage\":\"es\",\"@id\":\"https:\\\/\\\/patagoniambiental.com.ar\\\/info\\\/#\\\/schema\\\/logo\\\/image\\\/\",\"url\":\"https:\\\/\\\/patagoniambiental.com.ar\\\/info\\\/wp-content\\\/uploads\\\/2025\\\/05\\\/LOGO-PATAGONIA-AMBIENTAL.png\",\"contentUrl\":\"https:\\\/\\\/patagoniambiental.com.ar\\\/info\\\/wp-content\\\/uploads\\\/2025\\\/05\\\/LOGO-PATAGONIA-AMBIENTAL.png\",\"width\":433,\"height\":250,\"caption\":\"Patagonia Ambiental\"},\"image\":{\"@id\":\"https:\\\/\\\/patagoniambiental.com.ar\\\/info\\\/#\\\/schema\\\/logo\\\/image\\\/\"},\"sameAs\":[\"https:\\\/\\\/www.facebook.com\\\/patagonia.ambiental\",\"https:\\\/\\\/x.com\\\/PatAmb\"]},{\"@type\":\"Person\",\"@id\":\"https:\\\/\\\/patagoniambiental.com.ar\\\/info\\\/#\\\/schema\\\/person\\\/e5af09d700b2e82cb10c6b8800e0c691\",\"name\":\"BRAIAN ESTEVEZ\",\"sameAs\":[\"http:\\\/\\\/www.patagoniambiental.com.ar\"]}]}<\/script>\n<!-- \/ Yoast SEO Premium plugin. -->","yoast_head_json":{"title":"La Secretar\u00eda de Ambiente de Tierra del Fuego recomienda extremar los cuidados este verano","robots":{"index":"index","follow":"follow","max-snippet":"max-snippet:-1","max-image-preview":"max-image-preview:large","max-video-preview":"max-video-preview:-1"},"canonical":"https:\/\/patagoniambiental.com.ar\/info\/la-secretaria-de-ambiente-de-tierra-del-fuego-recomienda-extremar-los-cuidados-este-verano\/","og_locale":"es_ES","og_type":"article","og_title":"La Secretar\u00eda de Ambiente de Tierra del Fuego recomienda extremar los cuidados este verano","og_url":"https:\/\/patagoniambiental.com.ar\/info\/la-secretaria-de-ambiente-de-tierra-del-fuego-recomienda-extremar-los-cuidados-este-verano\/","og_site_name":"Patagonia Ambiental","article_publisher":"https:\/\/www.facebook.com\/patagonia.ambiental","article_published_time":"2021-12-20T10:00:00+00:00","og_image":[{"width":900,"height":421,"url":"https:\/\/patagoniambiental.com.ar\/info\/wp-content\/uploads\/2021\/12\/Sin-titulo-4.jpg","type":"image\/jpeg"}],"author":"BRAIAN ESTEVEZ","twitter_card":"summary_large_image","twitter_creator":"@PatAmb","twitter_site":"@PatAmb","schema":{"@context":"https:\/\/schema.org","@graph":[{"@type":"Article","@id":"https:\/\/patagoniambiental.com.ar\/info\/la-secretaria-de-ambiente-de-tierra-del-fuego-recomienda-extremar-los-cuidados-este-verano\/#article","isPartOf":{"@id":"https:\/\/patagoniambiental.com.ar\/info\/la-secretaria-de-ambiente-de-tierra-del-fuego-recomienda-extremar-los-cuidados-este-verano\/"},"author":{"name":"BRAIAN ESTEVEZ","@id":"https:\/\/patagoniambiental.com.ar\/info\/#\/schema\/person\/e5af09d700b2e82cb10c6b8800e0c691"},"headline":"La Secretar\u00eda de Ambiente de Tierra del Fuego recomienda extremar los cuidados este verano","datePublished":"2021-12-20T10:00:00+00:00","mainEntityOfPage":{"@id":"https:\/\/patagoniambiental.com.ar\/info\/la-secretaria-de-ambiente-de-tierra-del-fuego-recomienda-extremar-los-cuidados-este-verano\/"},"wordCount":545,"commentCount":0,"publisher":{"@id":"https:\/\/patagoniambiental.com.ar\/info\/#organization"},"image":{"@id":"https:\/\/patagoniambiental.com.ar\/info\/la-secretaria-de-ambiente-de-tierra-del-fuego-recomienda-extremar-los-cuidados-este-verano\/#primaryimage"},"thumbnailUrl":"https:\/\/patagoniambiental.com.ar\/info\/wp-content\/uploads\/2021\/12\/Sin-titulo-4.jpg","articleSection":["Noticias","Provinciales","Tierra del Fuego"],"inLanguage":"es","potentialAction":[{"@type":"CommentAction","name":"Comment","target":["https:\/\/patagoniambiental.com.ar\/info\/la-secretaria-de-ambiente-de-tierra-del-fuego-recomienda-extremar-los-cuidados-este-verano\/#respond"]}]},{"@type":"WebPage","@id":"https:\/\/patagoniambiental.com.ar\/info\/la-secretaria-de-ambiente-de-tierra-del-fuego-recomienda-extremar-los-cuidados-este-verano\/","url":"https:\/\/patagoniambiental.com.ar\/info\/la-secretaria-de-ambiente-de-tierra-del-fuego-recomienda-extremar-los-cuidados-este-verano\/","name":"La Secretar\u00eda de Ambiente de Tierra del Fuego recomienda extremar los cuidados este verano","isPartOf":{"@id":"https:\/\/patagoniambiental.com.ar\/info\/#website"},"primaryImageOfPage":{"@id":"https:\/\/patagoniambiental.com.ar\/info\/la-secretaria-de-ambiente-de-tierra-del-fuego-recomienda-extremar-los-cuidados-este-verano\/#primaryimage"},"image":{"@id":"https:\/\/patagoniambiental.com.ar\/info\/la-secretaria-de-ambiente-de-tierra-del-fuego-recomienda-extremar-los-cuidados-este-verano\/#primaryimage"},"thumbnailUrl":"https:\/\/patagoniambiental.com.ar\/info\/wp-content\/uploads\/2021\/12\/Sin-titulo-4.jpg","datePublished":"2021-12-20T10:00:00+00:00","breadcrumb":{"@id":"https:\/\/patagoniambiental.com.ar\/info\/la-secretaria-de-ambiente-de-tierra-del-fuego-recomienda-extremar-los-cuidados-este-verano\/#breadcrumb"},"inLanguage":"es","potentialAction":[{"@type":"ReadAction","target":["https:\/\/patagoniambiental.com.ar\/info\/la-secretaria-de-ambiente-de-tierra-del-fuego-recomienda-extremar-los-cuidados-este-verano\/"]}]},{"@type":"ImageObject","inLanguage":"es","@id":"https:\/\/patagoniambiental.com.ar\/info\/la-secretaria-de-ambiente-de-tierra-del-fuego-recomienda-extremar-los-cuidados-este-verano\/#primaryimage","url":"https:\/\/patagoniambiental.com.ar\/info\/wp-content\/uploads\/2021\/12\/Sin-titulo-4.jpg","contentUrl":"https:\/\/patagoniambiental.com.ar\/info\/wp-content\/uploads\/2021\/12\/Sin-titulo-4.jpg","width":900,"height":421},{"@type":"BreadcrumbList","@id":"https:\/\/patagoniambiental.com.ar\/info\/la-secretaria-de-ambiente-de-tierra-del-fuego-recomienda-extremar-los-cuidados-este-verano\/#breadcrumb","itemListElement":[{"@type":"ListItem","position":1,"name":"Inicio","item":"https:\/\/patagoniambiental.com.ar\/info\/"},{"@type":"ListItem","position":2,"name":"La Secretar\u00eda de Ambiente de Tierra del Fuego recomienda extremar los cuidados este verano"}]},{"@type":"WebSite","@id":"https:\/\/patagoniambiental.com.ar\/info\/#website","url":"https:\/\/patagoniambiental.com.ar\/info\/","name":"Patagonia Ambiental","description":"Monitoreo y an\u00e1lisis de la situaci\u00f3n geopol\u00edtica en el mundo y su implicancia en la Patagonia","publisher":{"@id":"https:\/\/patagoniambiental.com.ar\/info\/#organization"},"potentialAction":[{"@type":"SearchAction","target":{"@type":"EntryPoint","urlTemplate":"https:\/\/patagoniambiental.com.ar\/info\/?s={search_term_string}"},"query-input":{"@type":"PropertyValueSpecification","valueRequired":true,"valueName":"search_term_string"}}],"inLanguage":"es"},{"@type":"Organization","@id":"https:\/\/patagoniambiental.com.ar\/info\/#organization","name":"Patagonia Ambiental","url":"https:\/\/patagoniambiental.com.ar\/info\/","logo":{"@type":"ImageObject","inLanguage":"es","@id":"https:\/\/patagoniambiental.com.ar\/info\/#\/schema\/logo\/image\/","url":"https:\/\/patagoniambiental.com.ar\/info\/wp-content\/uploads\/2025\/05\/LOGO-PATAGONIA-AMBIENTAL.png","contentUrl":"https:\/\/patagoniambiental.com.ar\/info\/wp-content\/uploads\/2025\/05\/LOGO-PATAGONIA-AMBIENTAL.png","width":433,"height":250,"caption":"Patagonia Ambiental"},"image":{"@id":"https:\/\/patagoniambiental.com.ar\/info\/#\/schema\/logo\/image\/"},"sameAs":["https:\/\/www.facebook.com\/patagonia.ambiental","https:\/\/x.com\/PatAmb"]},{"@type":"Person","@id":"https:\/\/patagoniambiental.com.ar\/info\/#\/schema\/person\/e5af09d700b2e82cb10c6b8800e0c691","name":"BRAIAN ESTEVEZ","sameAs":["http:\/\/www.patagoniambiental.com.ar"]}]}},"_links":{"self":[{"href":"https:\/\/patagoniambiental.com.ar\/info\/wp-json\/wp\/v2\/posts\/74847","targetHints":{"allow":["GET"]}}],"collection":[{"href":"https:\/\/patagoniambiental.com.ar\/info\/wp-json\/wp\/v2\/posts"}],"about":[{"href":"https:\/\/patagoniambiental.com.ar\/info\/wp-json\/wp\/v2\/types\/post"}],"author":[{"embeddable":true,"href":"https:\/\/patagoniambiental.com.ar\/info\/wp-json\/wp\/v2\/users\/6"}],"replies":[{"embeddable":true,"href":"https:\/\/patagoniambiental.com.ar\/info\/wp-json\/wp\/v2\/comments?post=74847"}],"version-history":[{"count":0,"href":"https:\/\/patagoniambiental.com.ar\/info\/wp-json\/wp\/v2\/posts\/74847\/revisions"}],"wp:featuredmedia":[{"embeddable":true,"href":"https:\/\/patagoniambiental.com.ar\/info\/wp-json\/wp\/v2\/media\/74849"}],"wp:attachment":[{"href":"https:\/\/patagoniambiental.com.ar\/info\/wp-json\/wp\/v2\/media?parent=74847"}],"wp:term":[{"taxonomy":"category","embeddable":true,"href":"https:\/\/patagoniambiental.com.ar\/info\/wp-json\/wp\/v2\/categories?post=74847"},{"taxonomy":"post_tag","embeddable":true,"href":"https:\/\/patagoniambiental.com.ar\/info\/wp-json\/wp\/v2\/tags?post=74847"}],"curies":[{"name":"wp","href":"https:\/\/api.w.org\/{rel}","templated":true}]}}